{"id":19506,"date":"2024-07-19T08:31:20","date_gmt":"2024-07-19T11:31:20","guid":{"rendered":"https:\/\/apuntesdesanluis.com\/?p=19506"},"modified":"2024-07-19T08:31:20","modified_gmt":"2024-07-19T11:31:20","slug":"confeso-un-amigo-de-catalina-gutierrez-la-influencer-asesinada-en-cordoba-era-el-amor-de-mi-vida","status":"publish","type":"post","link":"https:\/\/apuntesdesanluis.com\/index.php\/2024\/07\/19\/confeso-un-amigo-de-catalina-gutierrez-la-influencer-asesinada-en-cordoba-era-el-amor-de-mi-vida\/","title":{"rendered":"CONFES\u00d3 UN AMIGO DE CATALINA GUTI\u00c9RREZ, LA INFLUENCER ASESINADA EN C\u00d3RDOBA: \u201cERA EL AMOR DE MI VIDA\u201d"},"content":{"rendered":"<h3>Uno de los amigos de <strong>Catalina Guti\u00e9rrez<\/strong>, la influencer de 21 a\u00f1os que fue asesinada en C\u00f3rdoba, se present\u00f3 ante la Justicia a declarar como conocido de la v\u00edctima y termin\u00f3 por confesar el crimen. \u201cEra el amor de mi vida\u201d, indic\u00f3.<\/h3>\n<h3>Se trata de <strong>N\u00e9stor Soto<\/strong>, tambi\u00e9n de 21 a\u00f1os y oriundo de Bariloche, provincia de R\u00edo Negro. Era un supuesto amigo y compa\u00f1ero de estudios de la v\u00edctima: ambos cursaban la carrera de arquitectura en la Universidad Nacional de C\u00f3rdoba (UNC). De hecho, el joven se acerc\u00f3 hasta la Unidad Judicial para declarar en calidad de amigo de la v\u00edctima.<\/h3>\n<h3>El joven tuvo varias inconsistencias hasta que termin\u00f3 por quebrarse y confirmar que fue \u00e9l quien la mat\u00f3, seg\u00fan pudo conocer el medio local ElDoce.TV. Soto aleg\u00f3 que cometi\u00f3 el crimen porque \u201cera el amor de su vida\u201d, pero no manten\u00eda una relaci\u00f3n amorosa con Guti\u00e9rrez, puesto que la joven estaba en pareja con otra persona.<\/h3>\n<h3>De forma inmediata, el estudiante fue detenido e imputado por el delito de homicidio simple. Sin embargo, la car\u00e1tula de la causa podr\u00eda llegar a sumar el agravante por contexto de g\u00e9nero, en el caso de que se compruebe. Ahora, se espera su indagatoria formal en la causa.<\/h3>\n<h3>El cuerpo de Catalina fue encontrado durante la madrugada del jueves en un descampado de la capital cordobesa. Estaba dentro de un Renault Clio estacionado en la calle Pedro Echag\u00fce 3900, en el barrio Ampliaci\u00f3n Kennedy. Hasta all\u00ed, llegaron gracias a la ubicaci\u00f3n de su celular.<\/h3>\n<p><img fetchpriority=\"high\" decoding=\"async\" class=\"wp-image-19508 aligncenter\" src=\"https:\/\/apuntesdesanluis.com\/wp-content\/uploads\/2024\/07\/CLIO-300x184.png\" alt=\"\" width=\"576\" height=\"353\" srcset=\"https:\/\/apuntesdesanluis.com\/wp-content\/uploads\/2024\/07\/CLIO-300x184.png 300w, https:\/\/apuntesdesanluis.com\/wp-content\/uploads\/2024\/07\/CLIO.png 600w\" sizes=\"(max-width: 576px) 100vw, 576px\" \/><\/p>\n<h3>Las autoridades, junto con las amigas de la v\u00edctima, acudieron al lugar y encontraron el cuerpo sin vida dentro del veh\u00edculo con rastros de haber querido ser incinerado. \u201cEl cad\u00e1ver estaba en el asiento posterior\u201d, indicaron fuentes del caso al diario La Voz.<\/h3>\n<h3>Su desaparici\u00f3n hab\u00eda sido reportada el mi\u00e9rcoles cerca de las 21 horas. Lo \u00faltimo que se supo es que le hab\u00eda pedido el auto a su madre para verse con amigas en el Patio Olmos, pero nunca lleg\u00f3 a la reuni\u00f3n, seg\u00fan indicaron desde Cadena 3.<\/h3>\n<h3>En este contexto, la principal hip\u00f3tesis de la Justicia es que el joven le habr\u00eda pedido que pasara por su casa, pero a\u00fan se desconoce c\u00f3mo sucedi\u00f3 todo. La causa qued\u00f3 en manos de Fiscal\u00eda de Instrucci\u00f3n Capital, Distrito 3, a cargo de Jos\u00e9 Alberto Mana, que orden\u00f3 que la Divisi\u00f3n de Homicidios de la polic\u00eda cordobesa realice las pericias correspondientes en el lugar donde fue encontrado el cad\u00e1ver.<\/h3>\n<h3>Con respecto al v\u00ednculo que ten\u00eda la joven con Soto, el padre de la v\u00edctima, Marcelo Guti\u00e9rrez, cont\u00f3 que ambos integraban el mismo grupo de amigos de la universidad. \u201cHa venido a estar con ella, mi hija lo ha invitado a cenar, a ver partidos, compartieron momentos de la facultad como amigos\u201d, mencion\u00f3 en un di\u00e1logo con El Doce.<\/h3>\n<p><img decoding=\"async\" class=\"wp-image-19509 aligncenter\" src=\"https:\/\/apuntesdesanluis.com\/wp-content\/uploads\/2024\/07\/influencer-300x210.png\" alt=\"\" width=\"617\" height=\"432\" srcset=\"https:\/\/apuntesdesanluis.com\/wp-content\/uploads\/2024\/07\/influencer-300x210.png 300w, https:\/\/apuntesdesanluis.com\/wp-content\/uploads\/2024\/07\/influencer.png 762w\" sizes=\"(max-width: 617px) 100vw, 617px\" \/><\/p>\n<h3>A su vez, el hombre sostuvo que su hija nunca le coment\u00f3 que Soto tuviera comportamientos extra\u00f1os con ella y pidi\u00f3 justicia. \u201cQue se pudra toda su vida en la c\u00e1rcel porque no se merece vivir en esta sociedad\u201d, manifest\u00f3.<\/h3>\n<h3><strong>AUTOPSIA<\/strong><\/h3>\n<h3>Apenas unas horas despu\u00e9s, se conocieron los primeros datos sobre las circunstancias en las que muri\u00f3 la joven. Seg\u00fan indica el informe \u2014al que tuvo acceso Perfil C\u00f3rdoba y que replicaron otros medios locales\u2014, la joven muri\u00f3 de asfixia por estrangulamiento tras ser brutalmente golpeada por el asesino.<\/h3>\n<h3>Dado que se trat\u00f3 de incendiar el veh\u00edculo, el cuerpo presentaba tambi\u00e9n varias quemaduras, que fueron provocadas luego del deceso. De esta manera, la Justicia descart\u00f3 la hip\u00f3tesis de que Guti\u00e9rrez haya muerto por inhalaci\u00f3n de mon\u00f3xido de carbono. A su vez, las pericias descartaron que el ataque est\u00e9 relacionado con un intento de abuso sexual.<\/h3>\n<h3><strong>QUI\u00c9N ERA CATALINA GUTI\u00c9RREZ<\/strong><\/h3>\n<h3>La joven viv\u00eda en el barrio Inaudi y era hija de Marcelo Guti\u00e9rrez, el arquitecto cordob\u00e9s que estuvo a cargo el nuevo Concejo Deliberante inaugurado hace semanas. Sus estudios secundarios los curs\u00f3 en el Colegio 25 de Mayo, de orientaci\u00f3n religiosa y ubicado en el centro de la capital provincial.<\/h3>\n<p><img decoding=\"async\" class=\"wp-image-19488 aligncenter\" src=\"https:\/\/apuntesdesanluis.com\/wp-content\/uploads\/2024\/07\/catlina-z-3-300x173.png\" alt=\"\" width=\"621\" height=\"358\" srcset=\"https:\/\/apuntesdesanluis.com\/wp-content\/uploads\/2024\/07\/catlina-z-3-300x173.png 300w, https:\/\/apuntesdesanluis.com\/wp-content\/uploads\/2024\/07\/catlina-z-3.png 700w\" sizes=\"(max-width: 621px) 100vw, 621px\" \/><\/p>\n<h3>Tras finalizar la escuela, la influencer decidi\u00f3 seguir los pasos de su pap\u00e1 y a sus 21 a\u00f1os se encontraba estudiando Arquitectura en la UNC. Adem\u00e1s, ten\u00eda un perfil activo en redes sociales. En Instagram contaba con m\u00e1s de 84 mil seguidores en la cuenta que utilizaba para mostrar im\u00e1genes de viajes a la Ciudad de Buenos Aires, Rosario y dentro de C\u00f3rdoba, as\u00ed como promocionar productos. En TikTok contaba con m\u00e1s de 30 mil seguidores y lo usaba para compartir videos propios.<\/h3>\n<p>&nbsp;<\/p>\n<p>&nbsp;<\/p>\n<p>&nbsp;<\/p>\n<p>&nbsp;<\/p>\n<p>&nbsp;<\/p>\n<p>&nbsp;<\/p>\n","protected":false},"excerpt":{"rendered":"<p>Uno de los amigos de Catalina Guti\u00e9rrez, la influencer de 21 a\u00f1os que fue asesinada&#8230;<\/p>\n","protected":false},"author":1,"featured_media":19507,"comment_status":"closed","ping_status":"closed","sticky":false,"template":"","format":"standard","meta":{"footnotes":""},"categories":[5],"tags":[],"class_list":["post-19506","post","type-post","status-publish","format-standard","has-post-thumbnail","hentry","category-nacionales-internacionales"],"yoast_head":"<!-- This site is optimized with the Yoast SEO plugin v26.1.1 - https:\/\/yoast.com\/wordpress\/plugins\/seo\/ -->\n<title>CONFES\u00d3 UN AMIGO DE CATALINA GUTI\u00c9RREZ, LA INFLUENCER ASESINADA EN C\u00d3RDOBA: \u201cERA EL AMOR DE MI VIDA\u201d - Apuntes de San Luis<\/title>\n<meta name=\"robots\" content=\"index, follow, max-snippet:-1, max-image-preview:large, max-video-preview:-1\" \/>\n<link rel=\"canonical\" href=\"https:\/\/apuntesdesanluis.com\/index.php\/2024\/07\/19\/confeso-un-amigo-de-catalina-gutierrez-la-influencer-asesinada-en-cordoba-era-el-amor-de-mi-vida\/\" \/>\n<meta property=\"og:locale\" content=\"es_ES\" \/>\n<meta property=\"og:type\" content=\"article\" \/>\n<meta property=\"og:title\" content=\"CONFES\u00d3 UN AMIGO DE CATALINA GUTI\u00c9RREZ, LA INFLUENCER ASESINADA EN C\u00d3RDOBA: \u201cERA EL AMOR DE MI VIDA\u201d - Apuntes de San Luis\" \/>\n<meta property=\"og:description\" content=\"Uno de los amigos de Catalina Guti\u00e9rrez, la influencer de 21 a\u00f1os que fue asesinada...\" \/>\n<meta property=\"og:url\" content=\"https:\/\/apuntesdesanluis.com\/index.php\/2024\/07\/19\/confeso-un-amigo-de-catalina-gutierrez-la-influencer-asesinada-en-cordoba-era-el-amor-de-mi-vida\/\" \/>\n<meta property=\"og:site_name\" content=\"Apuntes de San Luis\" \/>\n<meta property=\"article:published_time\" content=\"2024-07-19T11:31:20+00:00\" \/>\n<meta property=\"og:image\" content=\"https:\/\/apuntesdesanluis.com\/wp-content\/uploads\/2024\/07\/NESTOR-SOTO-Y-CATALINA.png\" \/>\n\t<meta property=\"og:image:width\" content=\"745\" \/>\n\t<meta property=\"og:image:height\" content=\"361\" \/>\n\t<meta property=\"og:image:type\" content=\"image\/png\" \/>\n<meta name=\"author\" content=\"apuntesdesanluis.com\" \/>\n<meta name=\"twitter:card\" content=\"summary_large_image\" \/>\n<meta name=\"twitter:label1\" content=\"Escrito por\" \/>\n\t<meta name=\"twitter:data1\" content=\"apuntesdesanluis.com\" \/>\n\t<meta name=\"twitter:label2\" content=\"Tiempo de lectura\" \/>\n\t<meta name=\"twitter:data2\" content=\"5 minutos\" \/>\n<script type=\"application\/ld+json\" class=\"yoast-schema-graph\">{\"@context\":\"https:\/\/schema.org\",\"@graph\":[{\"@type\":\"Article\",\"@id\":\"https:\/\/apuntesdesanluis.com\/index.php\/2024\/07\/19\/confeso-un-amigo-de-catalina-gutierrez-la-influencer-asesinada-en-cordoba-era-el-amor-de-mi-vida\/#article\",\"isPartOf\":{\"@id\":\"https:\/\/apuntesdesanluis.com\/index.php\/2024\/07\/19\/confeso-un-amigo-de-catalina-gutierrez-la-influencer-asesinada-en-cordoba-era-el-amor-de-mi-vida\/\"},\"author\":{\"name\":\"apuntesdesanluis.com\",\"@id\":\"https:\/\/apuntesdesanluis.com\/#\/schema\/person\/b55151d52296fcce64d1a72538a70b90\"},\"headline\":\"CONFES\u00d3 UN AMIGO DE CATALINA GUTI\u00c9RREZ, LA INFLUENCER ASESINADA EN C\u00d3RDOBA: \u201cERA EL AMOR DE MI VIDA\u201d\",\"datePublished\":\"2024-07-19T11:31:20+00:00\",\"mainEntityOfPage\":{\"@id\":\"https:\/\/apuntesdesanluis.com\/index.php\/2024\/07\/19\/confeso-un-amigo-de-catalina-gutierrez-la-influencer-asesinada-en-cordoba-era-el-amor-de-mi-vida\/\"},\"wordCount\":836,\"publisher\":{\"@id\":\"https:\/\/apuntesdesanluis.com\/#\/schema\/person\/b55151d52296fcce64d1a72538a70b90\"},\"image\":{\"@id\":\"https:\/\/apuntesdesanluis.com\/index.php\/2024\/07\/19\/confeso-un-amigo-de-catalina-gutierrez-la-influencer-asesinada-en-cordoba-era-el-amor-de-mi-vida\/#primaryimage\"},\"thumbnailUrl\":\"https:\/\/apuntesdesanluis.com\/wp-content\/uploads\/2024\/07\/NESTOR-SOTO-Y-CATALINA.png\",\"articleSection\":[\"Nacionales\/Internacionales\"],\"inLanguage\":\"es-AR\"},{\"@type\":\"WebPage\",\"@id\":\"https:\/\/apuntesdesanluis.com\/index.php\/2024\/07\/19\/confeso-un-amigo-de-catalina-gutierrez-la-influencer-asesinada-en-cordoba-era-el-amor-de-mi-vida\/\",\"url\":\"https:\/\/apuntesdesanluis.com\/index.php\/2024\/07\/19\/confeso-un-amigo-de-catalina-gutierrez-la-influencer-asesinada-en-cordoba-era-el-amor-de-mi-vida\/\",\"name\":\"CONFES\u00d3 UN AMIGO DE CATALINA GUTI\u00c9RREZ, LA INFLUENCER ASESINADA EN C\u00d3RDOBA: \u201cERA EL AMOR DE MI VIDA\u201d - Apuntes de San Luis\",\"isPartOf\":{\"@id\":\"https:\/\/apuntesdesanluis.com\/#website\"},\"primaryImageOfPage\":{\"@id\":\"https:\/\/apuntesdesanluis.com\/index.php\/2024\/07\/19\/confeso-un-amigo-de-catalina-gutierrez-la-influencer-asesinada-en-cordoba-era-el-amor-de-mi-vida\/#primaryimage\"},\"image\":{\"@id\":\"https:\/\/apuntesdesanluis.com\/index.php\/2024\/07\/19\/confeso-un-amigo-de-catalina-gutierrez-la-influencer-asesinada-en-cordoba-era-el-amor-de-mi-vida\/#primaryimage\"},\"thumbnailUrl\":\"https:\/\/apuntesdesanluis.com\/wp-content\/uploads\/2024\/07\/NESTOR-SOTO-Y-CATALINA.png\",\"datePublished\":\"2024-07-19T11:31:20+00:00\",\"breadcrumb\":{\"@id\":\"https:\/\/apuntesdesanluis.com\/index.php\/2024\/07\/19\/confeso-un-amigo-de-catalina-gutierrez-la-influencer-asesinada-en-cordoba-era-el-amor-de-mi-vida\/#breadcrumb\"},\"inLanguage\":\"es-AR\",\"potentialAction\":[{\"@type\":\"ReadAction\",\"target\":[\"https:\/\/apuntesdesanluis.com\/index.php\/2024\/07\/19\/confeso-un-amigo-de-catalina-gutierrez-la-influencer-asesinada-en-cordoba-era-el-amor-de-mi-vida\/\"]}]},{\"@type\":\"ImageObject\",\"inLanguage\":\"es-AR\",\"@id\":\"https:\/\/apuntesdesanluis.com\/index.php\/2024\/07\/19\/confeso-un-amigo-de-catalina-gutierrez-la-influencer-asesinada-en-cordoba-era-el-amor-de-mi-vida\/#primaryimage\",\"url\":\"https:\/\/apuntesdesanluis.com\/wp-content\/uploads\/2024\/07\/NESTOR-SOTO-Y-CATALINA.png\",\"contentUrl\":\"https:\/\/apuntesdesanluis.com\/wp-content\/uploads\/2024\/07\/NESTOR-SOTO-Y-CATALINA.png\",\"width\":745,\"height\":361},{\"@type\":\"BreadcrumbList\",\"@id\":\"https:\/\/apuntesdesanluis.com\/index.php\/2024\/07\/19\/confeso-un-amigo-de-catalina-gutierrez-la-influencer-asesinada-en-cordoba-era-el-amor-de-mi-vida\/#breadcrumb\",\"itemListElement\":[{\"@type\":\"ListItem\",\"position\":1,\"name\":\"Inicio\",\"item\":\"https:\/\/apuntesdesanluis.com\/\"},{\"@type\":\"ListItem\",\"position\":2,\"name\":\"CONFES\u00d3 UN AMIGO DE CATALINA GUTI\u00c9RREZ, LA INFLUENCER ASESINADA EN C\u00d3RDOBA: \u201cERA EL AMOR DE MI VIDA\u201d\"}]},{\"@type\":\"WebSite\",\"@id\":\"https:\/\/apuntesdesanluis.com\/#website\",\"url\":\"https:\/\/apuntesdesanluis.com\/\",\"name\":\"Apuntes de San Luis\",\"description\":\"\",\"publisher\":{\"@id\":\"https:\/\/apuntesdesanluis.com\/#\/schema\/person\/b55151d52296fcce64d1a72538a70b90\"},\"potentialAction\":[{\"@type\":\"SearchAction\",\"target\":{\"@type\":\"EntryPoint\",\"urlTemplate\":\"https:\/\/apuntesdesanluis.com\/?s={search_term_string}\"},\"query-input\":{\"@type\":\"PropertyValueSpecification\",\"valueRequired\":true,\"valueName\":\"search_term_string\"}}],\"inLanguage\":\"es-AR\"},{\"@type\":[\"Person\",\"Organization\"],\"@id\":\"https:\/\/apuntesdesanluis.com\/#\/schema\/person\/b55151d52296fcce64d1a72538a70b90\",\"name\":\"apuntesdesanluis.com\",\"image\":{\"@type\":\"ImageObject\",\"inLanguage\":\"es-AR\",\"@id\":\"https:\/\/apuntesdesanluis.com\/#\/schema\/person\/image\/\",\"url\":\"https:\/\/apuntesdesanluis.com\/wp-content\/uploads\/2023\/07\/cropped-apuntesdesanluis.png\",\"contentUrl\":\"https:\/\/apuntesdesanluis.com\/wp-content\/uploads\/2023\/07\/cropped-apuntesdesanluis.png\",\"width\":450,\"height\":112,\"caption\":\"apuntesdesanluis.com\"},\"logo\":{\"@id\":\"https:\/\/apuntesdesanluis.com\/#\/schema\/person\/image\/\"},\"sameAs\":[\"https:\/\/apuntesdesanluis.com\"],\"url\":\"https:\/\/apuntesdesanluis.com\/index.php\/author\/apuntesdesanluis-com\/\"}]}<\/script>\n<!-- \/ Yoast SEO plugin. -->","yoast_head_json":{"title":"CONFES\u00d3 UN AMIGO DE CATALINA GUTI\u00c9RREZ, LA INFLUENCER ASESINADA EN C\u00d3RDOBA: \u201cERA EL AMOR DE MI VIDA\u201d - Apuntes de San Luis","robots":{"index":"index","follow":"follow","max-snippet":"max-snippet:-1","max-image-preview":"max-image-preview:large","max-video-preview":"max-video-preview:-1"},"canonical":"https:\/\/apuntesdesanluis.com\/index.php\/2024\/07\/19\/confeso-un-amigo-de-catalina-gutierrez-la-influencer-asesinada-en-cordoba-era-el-amor-de-mi-vida\/","og_locale":"es_ES","og_type":"article","og_title":"CONFES\u00d3 UN AMIGO DE CATALINA GUTI\u00c9RREZ, LA INFLUENCER ASESINADA EN C\u00d3RDOBA: \u201cERA EL AMOR DE MI VIDA\u201d - Apuntes de San Luis","og_description":"Uno de los amigos de Catalina Guti\u00e9rrez, la influencer de 21 a\u00f1os que fue asesinada...","og_url":"https:\/\/apuntesdesanluis.com\/index.php\/2024\/07\/19\/confeso-un-amigo-de-catalina-gutierrez-la-influencer-asesinada-en-cordoba-era-el-amor-de-mi-vida\/","og_site_name":"Apuntes de San Luis","article_published_time":"2024-07-19T11:31:20+00:00","og_image":[{"width":745,"height":361,"url":"https:\/\/apuntesdesanluis.com\/wp-content\/uploads\/2024\/07\/NESTOR-SOTO-Y-CATALINA.png","type":"image\/png"}],"author":"apuntesdesanluis.com","twitter_card":"summary_large_image","twitter_misc":{"Escrito por":"apuntesdesanluis.com","Tiempo de lectura":"5 minutos"},"schema":{"@context":"https:\/\/schema.org","@graph":[{"@type":"Article","@id":"https:\/\/apuntesdesanluis.com\/index.php\/2024\/07\/19\/confeso-un-amigo-de-catalina-gutierrez-la-influencer-asesinada-en-cordoba-era-el-amor-de-mi-vida\/#article","isPartOf":{"@id":"https:\/\/apuntesdesanluis.com\/index.php\/2024\/07\/19\/confeso-un-amigo-de-catalina-gutierrez-la-influencer-asesinada-en-cordoba-era-el-amor-de-mi-vida\/"},"author":{"name":"apuntesdesanluis.com","@id":"https:\/\/apuntesdesanluis.com\/#\/schema\/person\/b55151d52296fcce64d1a72538a70b90"},"headline":"CONFES\u00d3 UN AMIGO DE CATALINA GUTI\u00c9RREZ, LA INFLUENCER ASESINADA EN C\u00d3RDOBA: \u201cERA EL AMOR DE MI VIDA\u201d","datePublished":"2024-07-19T11:31:20+00:00","mainEntityOfPage":{"@id":"https:\/\/apuntesdesanluis.com\/index.php\/2024\/07\/19\/confeso-un-amigo-de-catalina-gutierrez-la-influencer-asesinada-en-cordoba-era-el-amor-de-mi-vida\/"},"wordCount":836,"publisher":{"@id":"https:\/\/apuntesdesanluis.com\/#\/schema\/person\/b55151d52296fcce64d1a72538a70b90"},"image":{"@id":"https:\/\/apuntesdesanluis.com\/index.php\/2024\/07\/19\/confeso-un-amigo-de-catalina-gutierrez-la-influencer-asesinada-en-cordoba-era-el-amor-de-mi-vida\/#primaryimage"},"thumbnailUrl":"https:\/\/apuntesdesanluis.com\/wp-content\/uploads\/2024\/07\/NESTOR-SOTO-Y-CATALINA.png","articleSection":["Nacionales\/Internacionales"],"inLanguage":"es-AR"},{"@type":"WebPage","@id":"https:\/\/apuntesdesanluis.com\/index.php\/2024\/07\/19\/confeso-un-amigo-de-catalina-gutierrez-la-influencer-asesinada-en-cordoba-era-el-amor-de-mi-vida\/","url":"https:\/\/apuntesdesanluis.com\/index.php\/2024\/07\/19\/confeso-un-amigo-de-catalina-gutierrez-la-influencer-asesinada-en-cordoba-era-el-amor-de-mi-vida\/","name":"CONFES\u00d3 UN AMIGO DE CATALINA GUTI\u00c9RREZ, LA INFLUENCER ASESINADA EN C\u00d3RDOBA: \u201cERA EL AMOR DE MI VIDA\u201d - Apuntes de San Luis","isPartOf":{"@id":"https:\/\/apuntesdesanluis.com\/#website"},"primaryImageOfPage":{"@id":"https:\/\/apuntesdesanluis.com\/index.php\/2024\/07\/19\/confeso-un-amigo-de-catalina-gutierrez-la-influencer-asesinada-en-cordoba-era-el-amor-de-mi-vida\/#primaryimage"},"image":{"@id":"https:\/\/apuntesdesanluis.com\/index.php\/2024\/07\/19\/confeso-un-amigo-de-catalina-gutierrez-la-influencer-asesinada-en-cordoba-era-el-amor-de-mi-vida\/#primaryimage"},"thumbnailUrl":"https:\/\/apuntesdesanluis.com\/wp-content\/uploads\/2024\/07\/NESTOR-SOTO-Y-CATALINA.png","datePublished":"2024-07-19T11:31:20+00:00","breadcrumb":{"@id":"https:\/\/apuntesdesanluis.com\/index.php\/2024\/07\/19\/confeso-un-amigo-de-catalina-gutierrez-la-influencer-asesinada-en-cordoba-era-el-amor-de-mi-vida\/#breadcrumb"},"inLanguage":"es-AR","potentialAction":[{"@type":"ReadAction","target":["https:\/\/apuntesdesanluis.com\/index.php\/2024\/07\/19\/confeso-un-amigo-de-catalina-gutierrez-la-influencer-asesinada-en-cordoba-era-el-amor-de-mi-vida\/"]}]},{"@type":"ImageObject","inLanguage":"es-AR","@id":"https:\/\/apuntesdesanluis.com\/index.php\/2024\/07\/19\/confeso-un-amigo-de-catalina-gutierrez-la-influencer-asesinada-en-cordoba-era-el-amor-de-mi-vida\/#primaryimage","url":"https:\/\/apuntesdesanluis.com\/wp-content\/uploads\/2024\/07\/NESTOR-SOTO-Y-CATALINA.png","contentUrl":"https:\/\/apuntesdesanluis.com\/wp-content\/uploads\/2024\/07\/NESTOR-SOTO-Y-CATALINA.png","width":745,"height":361},{"@type":"BreadcrumbList","@id":"https:\/\/apuntesdesanluis.com\/index.php\/2024\/07\/19\/confeso-un-amigo-de-catalina-gutierrez-la-influencer-asesinada-en-cordoba-era-el-amor-de-mi-vida\/#breadcrumb","itemListElement":[{"@type":"ListItem","position":1,"name":"Inicio","item":"https:\/\/apuntesdesanluis.com\/"},{"@type":"ListItem","position":2,"name":"CONFES\u00d3 UN AMIGO DE CATALINA GUTI\u00c9RREZ, LA INFLUENCER ASESINADA EN C\u00d3RDOBA: \u201cERA EL AMOR DE MI VIDA\u201d"}]},{"@type":"WebSite","@id":"https:\/\/apuntesdesanluis.com\/#website","url":"https:\/\/apuntesdesanluis.com\/","name":"Apuntes de San Luis","description":"","publisher":{"@id":"https:\/\/apuntesdesanluis.com\/#\/schema\/person\/b55151d52296fcce64d1a72538a70b90"},"potentialAction":[{"@type":"SearchAction","target":{"@type":"EntryPoint","urlTemplate":"https:\/\/apuntesdesanluis.com\/?s={search_term_string}"},"query-input":{"@type":"PropertyValueSpecification","valueRequired":true,"valueName":"search_term_string"}}],"inLanguage":"es-AR"},{"@type":["Person","Organization"],"@id":"https:\/\/apuntesdesanluis.com\/#\/schema\/person\/b55151d52296fcce64d1a72538a70b90","name":"apuntesdesanluis.com","image":{"@type":"ImageObject","inLanguage":"es-AR","@id":"https:\/\/apuntesdesanluis.com\/#\/schema\/person\/image\/","url":"https:\/\/apuntesdesanluis.com\/wp-content\/uploads\/2023\/07\/cropped-apuntesdesanluis.png","contentUrl":"https:\/\/apuntesdesanluis.com\/wp-content\/uploads\/2023\/07\/cropped-apuntesdesanluis.png","width":450,"height":112,"caption":"apuntesdesanluis.com"},"logo":{"@id":"https:\/\/apuntesdesanluis.com\/#\/schema\/person\/image\/"},"sameAs":["https:\/\/apuntesdesanluis.com"],"url":"https:\/\/apuntesdesanluis.com\/index.php\/author\/apuntesdesanluis-com\/"}]}},"featured_image_urls":{"full":["https:\/\/apuntesdesanluis.com\/wp-content\/uploads\/2024\/07\/NESTOR-SOTO-Y-CATALINA.png",745,361,false],"thumbnail":["https:\/\/apuntesdesanluis.com\/wp-content\/uploads\/2024\/07\/NESTOR-SOTO-Y-CATALINA-150x150.png",150,150,true],"medium":["https:\/\/apuntesdesanluis.com\/wp-content\/uploads\/2024\/07\/NESTOR-SOTO-Y-CATALINA-300x145.png",300,145,true],"medium_large":["https:\/\/apuntesdesanluis.com\/wp-content\/uploads\/2024\/07\/NESTOR-SOTO-Y-CATALINA.png",640,310,false],"large":["https:\/\/apuntesdesanluis.com\/wp-content\/uploads\/2024\/07\/NESTOR-SOTO-Y-CATALINA.png",640,310,false],"1536x1536":["https:\/\/apuntesdesanluis.com\/wp-content\/uploads\/2024\/07\/NESTOR-SOTO-Y-CATALINA.png",745,361,false],"2048x2048":["https:\/\/apuntesdesanluis.com\/wp-content\/uploads\/2024\/07\/NESTOR-SOTO-Y-CATALINA.png",745,361,false],"newsever-slider-full":["https:\/\/apuntesdesanluis.com\/wp-content\/uploads\/2024\/07\/NESTOR-SOTO-Y-CATALINA.png",745,361,false],"newsever-featured":["https:\/\/apuntesdesanluis.com\/wp-content\/uploads\/2024\/07\/NESTOR-SOTO-Y-CATALINA.png",745,361,false],"newsever-medium":["https:\/\/apuntesdesanluis.com\/wp-content\/uploads\/2024\/07\/NESTOR-SOTO-Y-CATALINA-720x361.png",720,361,true]},"author_info":{"display_name":"apuntesdesanluis.com","author_link":"https:\/\/apuntesdesanluis.com\/index.php\/author\/apuntesdesanluis-com\/"},"category_info":"<a href=\"https:\/\/apuntesdesanluis.com\/index.php\/category\/nacionales-internacionales\/\" rel=\"category tag\">Nacionales\/Internacionales<\/a>","tag_info":"Nacionales\/Internacionales","comment_count":"0","_links":{"self":[{"href":"https:\/\/apuntesdesanluis.com\/index.php\/wp-json\/wp\/v2\/posts\/19506","targetHints":{"allow":["GET"]}}],"collection":[{"href":"https:\/\/apuntesdesanluis.com\/index.php\/wp-json\/wp\/v2\/posts"}],"about":[{"href":"https:\/\/apuntesdesanluis.com\/index.php\/wp-json\/wp\/v2\/types\/post"}],"author":[{"embeddable":true,"href":"https:\/\/apuntesdesanluis.com\/index.php\/wp-json\/wp\/v2\/users\/1"}],"replies":[{"embeddable":true,"href":"https:\/\/apuntesdesanluis.com\/index.php\/wp-json\/wp\/v2\/comments?post=19506"}],"version-history":[{"count":1,"href":"https:\/\/apuntesdesanluis.com\/index.php\/wp-json\/wp\/v2\/posts\/19506\/revisions"}],"predecessor-version":[{"id":19510,"href":"https:\/\/apuntesdesanluis.com\/index.php\/wp-json\/wp\/v2\/posts\/19506\/revisions\/19510"}],"wp:featuredmedia":[{"embeddable":true,"href":"https:\/\/apuntesdesanluis.com\/index.php\/wp-json\/wp\/v2\/media\/19507"}],"wp:attachment":[{"href":"https:\/\/apuntesdesanluis.com\/index.php\/wp-json\/wp\/v2\/media?parent=19506"}],"wp:term":[{"taxonomy":"category","embeddable":true,"href":"https:\/\/apuntesdesanluis.com\/index.php\/wp-json\/wp\/v2\/categories?post=19506"},{"taxonomy":"post_tag","embeddable":true,"href":"https:\/\/apuntesdesanluis.com\/index.php\/wp-json\/wp\/v2\/tags?post=19506"}],"curies":[{"name":"wp","href":"https:\/\/api.w.org\/{rel}","templated":true}]}}