{"id":19527,"date":"2024-07-19T20:47:08","date_gmt":"2024-07-19T23:47:08","guid":{"rendered":"https:\/\/apuntesdesanluis.com\/?p=19527"},"modified":"2024-07-19T20:47:08","modified_gmt":"2024-07-19T23:47:08","slug":"merlo-alcanzo-el-75-de-ocupacion-en-las-vacaciones-de-invierno","status":"publish","type":"post","link":"https:\/\/apuntesdesanluis.com\/index.php\/2024\/07\/19\/merlo-alcanzo-el-75-de-ocupacion-en-las-vacaciones-de-invierno\/","title":{"rendered":"MERLO ALCANZ\u00d3 EL 75% DE OCUPACI\u00d3N EN LAS VACACIONES DE INVIERNO"},"content":{"rendered":"<h3>Conocido por ser el destino perfecto para quienes desean relajarse en la naturaleza y disfrutar de la mejor gastronom\u00eda local y propuestas culturales, una vez m\u00e1s, la villa tur\u00edstica fue el destino m\u00e1s elegido en nuestra provincia.<\/h3>\n<h3>El Municipio, a trav\u00e9s de la Secretar\u00eda de Turismo, tiene el agrado de informar a la comunidad merlina que durante estas vacaciones de invierno 2024 se ha alcanzado un <strong>75% de ocupaci\u00f3n, generando 12,000 visitantes diarios <\/strong>con un consumo promedio diario por persona de $57,000. Esto equivale a <strong>$684,000,000 diarios<\/strong>, generando un impacto positivo en la econom\u00eda local.<\/h3>\n<h3>Que esta ciudad se encuentre entre los destinos m\u00e1s elegidos es el resultado de la gran promoci\u00f3n que se realiza a nivel nacional de la Villa de Merlo a trav\u00e9s de la campa\u00f1a <em>&#8220;Aromas, Sabores y Aventura&#8221;<\/em>, as\u00ed como del trabajo diario para mantener la localidad limpia y en condiciones. Adem\u00e1s, la variedad de propuestas culturales y la gran oferta comercial y gastron\u00f3mica en Merlo contribuyen significativamente a este \u00e9xito.<\/h3>\n<p><img fetchpriority=\"high\" decoding=\"async\" class=\"wp-image-19529 aligncenter\" src=\"https:\/\/apuntesdesanluis.com\/wp-content\/uploads\/2024\/07\/merlo.-gente-caminando-300x190.jpg\" alt=\"\" width=\"638\" height=\"404\" srcset=\"https:\/\/apuntesdesanluis.com\/wp-content\/uploads\/2024\/07\/merlo.-gente-caminando-300x190.jpg 300w, https:\/\/apuntesdesanluis.com\/wp-content\/uploads\/2024\/07\/merlo.-gente-caminando.jpg 600w\" sizes=\"(max-width: 638px) 100vw, 638px\" \/><\/p>\n<h3>Pero las vacaciones a\u00fan no finalizan, y el municipio comparti\u00f3 la programaci\u00f3n de actividades que toda la familia puede disfrutar durante la semana.<\/h3>\n<h3><strong>Casa Museo Palmira Scrosoppi: <\/strong>Conoce la vida y obra de la artista pl\u00e1stica Palmira Scrosoppi. Exposici\u00f3n permanente en Av. del Sol 872. Tel: (02656) 476620. Horarios: lunes a s\u00e1bados de 8 a 20 hs. Entrada gratuita.<\/h3>\n<h3><strong>Museo Regional Lolma: <\/strong>Descubre la historia de nuestro pueblo y sus costumbres en Av. Ferm\u00edn Romero S\/N, Piedra Blanca Abajo. Horarios: lunes a viernes de 8 a 20 hs; s\u00e1bados de 10 a 13 hs y 15 a 18 hs. Entrada gratuita.<\/h3>\n<h3><strong>Casa del Bicentenario Piedra Blanca: <\/strong>Ubicada en Pasaje El Molino S\/N. Horarios: lunes a s\u00e1bados de 8 a 20 hs. Entrada gratuita.<\/h3>\n<h3><strong>Museo Kurteff: <\/strong>Museo de metalopl\u00e1stica, \u00a1\u00fanico en nuestro pa\u00eds! Av. de los C\u00e9sares 2370. Tel: (02656) 478600. Horarios: lunes a domingos de 10 a 17 hs.<\/h3>\n<h3><strong>Casa del Poeta: <\/strong>Historia de la vida y obras del poeta Antonio Esteban Ag\u00fcero. Horarios: todos los d\u00edas de 8:30 a 13:30 hs y de 15 a 20 hs. Ubicada en Poeta Ag\u00fcero 380. Entrada gratuita.<\/h3>\n<h3><strong>Paseo Municipal de Artesanos y Productores: <\/strong>Todos los d\u00edas 16.30 a 21 hs. en Presb\u00edtero Becerra a metros de la Plaza Sobremonte.<\/h3>\n<h3><img decoding=\"async\" class=\"wp-image-19530 aligncenter\" src=\"https:\/\/apuntesdesanluis.com\/wp-content\/uploads\/2024\/07\/Merlo.-gente-300x183.jpg\" alt=\"\" width=\"608\" height=\"371\" srcset=\"https:\/\/apuntesdesanluis.com\/wp-content\/uploads\/2024\/07\/Merlo.-gente-300x183.jpg 300w, https:\/\/apuntesdesanluis.com\/wp-content\/uploads\/2024\/07\/Merlo.-gente.jpg 600w\" sizes=\"(max-width: 608px) 100vw, 608px\" \/><\/h3>\n<h3><strong>Eventos Folcl\u00f3ricos: <\/strong>La Villa de Merlo se viste de tradici\u00f3n y cultura con una serie de eventos folcl\u00f3ricos imperdibles.<\/h3>\n<ul>\n<li>\n<h3><strong>Viernes 26 &#8211; 21:30 hs: <\/strong>Germ\u00e1n Marco en Pe\u00f1a Del Tatita. Tel: 2664507109.<\/h3>\n<\/li>\n<li>\n<h3><strong>Mi\u00e9rcoles y viernes: <\/strong>Pe\u00f1a Bailable en Resto Pe\u00f1a El Puesto. Tel: 2665115636.<\/h3>\n<\/li>\n<\/ul>\n<ul>\n<li>\n<h3><strong>Todos los d\u00edas al mediod\u00eda: <\/strong>Almuerzo Show Folcl\u00f3rico en Parrilla Restaurante Lo De Fran. Tel: 02656-479350 \/ 2665294436.<\/h3>\n<\/li>\n<\/ul>\n<h3><strong>Programaci\u00f3n Musical Diversa: <\/strong>Ofrecemos una variada agenda musical que incluye Rock, Boleros, M\u00fasica Nacional y Ritmos Varios (80&#8217;s y Jazz):<\/h3>\n<ul>\n<li>\n<h3><strong>Viernes 19 &#8211; 22 hs: <\/strong>Soft &#8211; Lyra y Orfeo en Cervecer\u00eda Conde Negro. Tel: 2664270518.<\/h3>\n<\/li>\n<li>\n<h3><strong>S\u00e1bado 20 &#8211; 23 hs: <\/strong>La Risa de Lotte (Rock Nacional) en Cervecer\u00eda Dos Venados. Tel: 2664018774.<\/h3>\n<\/li>\n<li>\n<h3><strong>S\u00e1bado 20 &#8211; 14 hs: <\/strong>Lyra y Orfeo (Rock Nacional Vintage) en El Patio &#8211; Food Truck.<\/h3>\n<\/li>\n<\/ul>\n<ul>\n<li>\n<h3><strong>Viernes 26 &#8211; 22 hs: <\/strong>Dimensi\u00f3n Stereo (Tributo a Soda Stereo) en Teatro Las Blancas. Tel: 3584830951.<\/h3>\n<\/li>\n<li>\n<h3><strong>Domingos a jueves de 22 a 1 hs: <\/strong>Ritmos Varios Show en Vivo en Casino<\/h3>\n<\/li>\n<\/ul>\n<h3>Flamingo. Tel: 2656478450.<\/h3>\n<ul>\n<li>\n<h3><strong>Viernes y s\u00e1bados de 23 a 1:30 hs: <\/strong>Ritmos Varios Show en Vivo en Casino Flamingo. Tel: 2656478450.<\/h3>\n<\/li>\n<li>\n<h3><strong>Viernes 19 &#8211; 21 hs: <\/strong>M\u00fasica 80&#8217;s Karaoke Night en Resto Mundial. Tel: 2664405303 . Gratis.<\/h3>\n<\/li>\n<\/ul>\n<h3><strong>Disfruta de shows de teatro, tango y milonga:<\/strong><\/h3>\n<ul>\n<li>\n<h3><strong>Todos los d\u00edas &#8211; 23 hs: <\/strong>Esto es Variet\u00e9 y Recargados de Risa en Viejo Variet\u00e9. Tel: 1138330185.<\/h3>\n<\/li>\n<\/ul>\n<ul>\n<li>\n<h3><strong>Viernes 19 a las 00:30 hs: <\/strong>Show en Teatro Las Blancas. Tel: 3584830951.<\/h3>\n<\/li>\n<li>\n<h3><strong>Hasta el 20 de julio &#8211; 22:30hs: <\/strong>Zapping &#8211; Brav\u00edsimo en Teatro Las Blancas. Tel: 3584830951.<\/h3>\n<\/li>\n<li>\n<h3><strong>Todos los jueves &#8211; 22 hs: <\/strong>La Milonga de Normi en La Vieja Estaci\u00f3n. Tel: 2665020177.<\/h3>\n<\/li>\n<\/ul>\n<h3><strong>Tambi\u00e9n proponemos una divertida agenda para toda la familia:<\/strong><\/h3>\n<ul>\n<li>\n<h3><strong>Todos los d\u00edas a las 19 hs: <\/strong>Planetario de Merlo (La Granadilla 1000 &#8211; Cerro de Oro). Tel: 2664770250.<\/h3>\n<\/li>\n<li>\n<h3><strong>Lunes a viernes de 10 a 17:30 hs: <\/strong>Parque Tem\u00e1tico Yucat (Laurel 398 Cerro de Oro). Tel: 2656477611.<\/h3>\n<\/li>\n<li>\n<h3><strong>Mi\u00e9rcoles a domingo a las 11 y 15 hs: <\/strong>Reserva Natural Privada Tierra de Oro (RP1 Cerro de Oro). Tel: 2664811224.<\/h3>\n<\/li>\n<li>\n<h3><strong>Todos los d\u00edas de 10 a 18 hs: <\/strong>Laberinto &#8220;Mirador Cabeza del Indio&#8221; en Pasos Malos. Tel: 2664304222.<\/h3>\n<\/li>\n<\/ul>\n<h3>Durante la \u00faltima semana de las vacaciones de invierno, habr\u00e1 <strong>proyecciones de pel\u00edculas infantiles gratuitas: Martes 23 \u2013 16:00 hs: \u201cEncanto\u201d y Jueves 25 \u2013 16:00 hs: \u201cIntensa-mente\u201d. <\/strong>Adem\u00e1s este 20 de julio habr\u00e1 Calesita Gratuita en el Barrio 207 de 11 a 17 hs.<\/h3>\n<h3>La Secretar\u00eda de Turismo organiza actividades con inscripci\u00f3n previa, cada evento es una invitaci\u00f3n a descubrir la riqueza cultural de Merlo:<\/h3>\n<ul>\n<li>\n<h3><strong>Guiada de circuito casco hist\u00f3rico: <\/strong>Lunes y viernes a las 10:30 hs y 17 hs.<\/h3>\n<\/li>\n<\/ul>\n<h3><a href=\"https:\/\/docs.google.com\/forms\/d\/e\/1FAIpQLSekguXracFvtZvNSksB5BOb0iQjiiOUTXrNDuJi2hDsEDuJOw\/viewform\">Inscripciones.<\/a><\/h3>\n<ul>\n<li>\n<h3><strong>Ballets: <\/strong>Lunes, mi\u00e9rcoles y viernes a las 11 hs.<\/h3>\n<\/li>\n<li>\n<h3><strong>Mirador del Tala &#8211; M\u00fasica al atardecer: <\/strong>Jueves y s\u00e1bado a las 16 hs.<\/h3>\n<\/li>\n<li>\n<h3><strong>Visitas a Bagues: <\/strong>Martes y jueves a las 9:15 hs.<\/h3>\n<\/li>\n<\/ul>\n<p>&nbsp;<\/p>\n<p>&nbsp;<\/p>\n<p>&nbsp;<\/p>\n<p>&nbsp;<\/p>\n","protected":false},"excerpt":{"rendered":"<p>Conocido por ser el destino perfecto para quienes desean relajarse en la naturaleza y disfrutar&#8230;<\/p>\n","protected":false},"author":1,"featured_media":19528,"comment_status":"closed","ping_status":"closed","sticky":false,"template":"","format":"standard","meta":{"footnotes":""},"categories":[6],"tags":[],"class_list":["post-19527","post","type-post","status-publish","format-standard","has-post-thumbnail","hentry","category-ciudad-provincia"],"yoast_head":"<!-- This site is optimized with the Yoast SEO plugin v26.1.1 - https:\/\/yoast.com\/wordpress\/plugins\/seo\/ -->\n<title>MERLO ALCANZ\u00d3 EL 75% DE OCUPACI\u00d3N EN LAS VACACIONES DE INVIERNO - Apuntes de San Luis<\/title>\n<meta name=\"robots\" content=\"index, follow, max-snippet:-1, max-image-preview:large, max-video-preview:-1\" \/>\n<link rel=\"canonical\" href=\"https:\/\/apuntesdesanluis.com\/index.php\/2024\/07\/19\/merlo-alcanzo-el-75-de-ocupacion-en-las-vacaciones-de-invierno\/\" \/>\n<meta property=\"og:locale\" content=\"es_ES\" \/>\n<meta property=\"og:type\" content=\"article\" \/>\n<meta property=\"og:title\" content=\"MERLO ALCANZ\u00d3 EL 75% DE OCUPACI\u00d3N EN LAS VACACIONES DE INVIERNO - Apuntes de San Luis\" \/>\n<meta property=\"og:description\" content=\"Conocido por ser el destino perfecto para quienes desean relajarse en la naturaleza y disfrutar...\" \/>\n<meta property=\"og:url\" content=\"https:\/\/apuntesdesanluis.com\/index.php\/2024\/07\/19\/merlo-alcanzo-el-75-de-ocupacion-en-las-vacaciones-de-invierno\/\" \/>\n<meta property=\"og:site_name\" content=\"Apuntes de San Luis\" \/>\n<meta property=\"article:published_time\" content=\"2024-07-19T23:47:08+00:00\" \/>\n<meta property=\"og:image\" content=\"https:\/\/apuntesdesanluis.com\/wp-content\/uploads\/2024\/07\/villa-de-merlo.jpg\" \/>\n\t<meta property=\"og:image:width\" content=\"596\" \/>\n\t<meta property=\"og:image:height\" content=\"371\" \/>\n\t<meta property=\"og:image:type\" content=\"image\/jpeg\" \/>\n<meta name=\"author\" content=\"apuntesdesanluis.com\" \/>\n<meta name=\"twitter:card\" content=\"summary_large_image\" \/>\n<meta name=\"twitter:label1\" content=\"Escrito por\" \/>\n\t<meta name=\"twitter:data1\" content=\"apuntesdesanluis.com\" \/>\n\t<meta name=\"twitter:label2\" content=\"Tiempo de lectura\" \/>\n\t<meta name=\"twitter:data2\" content=\"5 minutos\" \/>\n<script type=\"application\/ld+json\" class=\"yoast-schema-graph\">{\"@context\":\"https:\/\/schema.org\",\"@graph\":[{\"@type\":\"Article\",\"@id\":\"https:\/\/apuntesdesanluis.com\/index.php\/2024\/07\/19\/merlo-alcanzo-el-75-de-ocupacion-en-las-vacaciones-de-invierno\/#article\",\"isPartOf\":{\"@id\":\"https:\/\/apuntesdesanluis.com\/index.php\/2024\/07\/19\/merlo-alcanzo-el-75-de-ocupacion-en-las-vacaciones-de-invierno\/\"},\"author\":{\"name\":\"apuntesdesanluis.com\",\"@id\":\"https:\/\/apuntesdesanluis.com\/#\/schema\/person\/b55151d52296fcce64d1a72538a70b90\"},\"headline\":\"MERLO ALCANZ\u00d3 EL 75% DE OCUPACI\u00d3N EN LAS VACACIONES DE INVIERNO\",\"datePublished\":\"2024-07-19T23:47:08+00:00\",\"mainEntityOfPage\":{\"@id\":\"https:\/\/apuntesdesanluis.com\/index.php\/2024\/07\/19\/merlo-alcanzo-el-75-de-ocupacion-en-las-vacaciones-de-invierno\/\"},\"wordCount\":834,\"publisher\":{\"@id\":\"https:\/\/apuntesdesanluis.com\/#\/schema\/person\/b55151d52296fcce64d1a72538a70b90\"},\"image\":{\"@id\":\"https:\/\/apuntesdesanluis.com\/index.php\/2024\/07\/19\/merlo-alcanzo-el-75-de-ocupacion-en-las-vacaciones-de-invierno\/#primaryimage\"},\"thumbnailUrl\":\"https:\/\/apuntesdesanluis.com\/wp-content\/uploads\/2024\/07\/villa-de-merlo.jpg\",\"articleSection\":[\"Ciudad\/Provincia\"],\"inLanguage\":\"es-AR\"},{\"@type\":\"WebPage\",\"@id\":\"https:\/\/apuntesdesanluis.com\/index.php\/2024\/07\/19\/merlo-alcanzo-el-75-de-ocupacion-en-las-vacaciones-de-invierno\/\",\"url\":\"https:\/\/apuntesdesanluis.com\/index.php\/2024\/07\/19\/merlo-alcanzo-el-75-de-ocupacion-en-las-vacaciones-de-invierno\/\",\"name\":\"MERLO ALCANZ\u00d3 EL 75% DE OCUPACI\u00d3N EN LAS VACACIONES DE INVIERNO - Apuntes de San Luis\",\"isPartOf\":{\"@id\":\"https:\/\/apuntesdesanluis.com\/#website\"},\"primaryImageOfPage\":{\"@id\":\"https:\/\/apuntesdesanluis.com\/index.php\/2024\/07\/19\/merlo-alcanzo-el-75-de-ocupacion-en-las-vacaciones-de-invierno\/#primaryimage\"},\"image\":{\"@id\":\"https:\/\/apuntesdesanluis.com\/index.php\/2024\/07\/19\/merlo-alcanzo-el-75-de-ocupacion-en-las-vacaciones-de-invierno\/#primaryimage\"},\"thumbnailUrl\":\"https:\/\/apuntesdesanluis.com\/wp-content\/uploads\/2024\/07\/villa-de-merlo.jpg\",\"datePublished\":\"2024-07-19T23:47:08+00:00\",\"breadcrumb\":{\"@id\":\"https:\/\/apuntesdesanluis.com\/index.php\/2024\/07\/19\/merlo-alcanzo-el-75-de-ocupacion-en-las-vacaciones-de-invierno\/#breadcrumb\"},\"inLanguage\":\"es-AR\",\"potentialAction\":[{\"@type\":\"ReadAction\",\"target\":[\"https:\/\/apuntesdesanluis.com\/index.php\/2024\/07\/19\/merlo-alcanzo-el-75-de-ocupacion-en-las-vacaciones-de-invierno\/\"]}]},{\"@type\":\"ImageObject\",\"inLanguage\":\"es-AR\",\"@id\":\"https:\/\/apuntesdesanluis.com\/index.php\/2024\/07\/19\/merlo-alcanzo-el-75-de-ocupacion-en-las-vacaciones-de-invierno\/#primaryimage\",\"url\":\"https:\/\/apuntesdesanluis.com\/wp-content\/uploads\/2024\/07\/villa-de-merlo.jpg\",\"contentUrl\":\"https:\/\/apuntesdesanluis.com\/wp-content\/uploads\/2024\/07\/villa-de-merlo.jpg\",\"width\":596,\"height\":371},{\"@type\":\"BreadcrumbList\",\"@id\":\"https:\/\/apuntesdesanluis.com\/index.php\/2024\/07\/19\/merlo-alcanzo-el-75-de-ocupacion-en-las-vacaciones-de-invierno\/#breadcrumb\",\"itemListElement\":[{\"@type\":\"ListItem\",\"position\":1,\"name\":\"Inicio\",\"item\":\"https:\/\/apuntesdesanluis.com\/\"},{\"@type\":\"ListItem\",\"position\":2,\"name\":\"MERLO ALCANZ\u00d3 EL 75% DE OCUPACI\u00d3N EN LAS VACACIONES DE INVIERNO\"}]},{\"@type\":\"WebSite\",\"@id\":\"https:\/\/apuntesdesanluis.com\/#website\",\"url\":\"https:\/\/apuntesdesanluis.com\/\",\"name\":\"Apuntes de San Luis\",\"description\":\"\",\"publisher\":{\"@id\":\"https:\/\/apuntesdesanluis.com\/#\/schema\/person\/b55151d52296fcce64d1a72538a70b90\"},\"potentialAction\":[{\"@type\":\"SearchAction\",\"target\":{\"@type\":\"EntryPoint\",\"urlTemplate\":\"https:\/\/apuntesdesanluis.com\/?s={search_term_string}\"},\"query-input\":{\"@type\":\"PropertyValueSpecification\",\"valueRequired\":true,\"valueName\":\"search_term_string\"}}],\"inLanguage\":\"es-AR\"},{\"@type\":[\"Person\",\"Organization\"],\"@id\":\"https:\/\/apuntesdesanluis.com\/#\/schema\/person\/b55151d52296fcce64d1a72538a70b90\",\"name\":\"apuntesdesanluis.com\",\"image\":{\"@type\":\"ImageObject\",\"inLanguage\":\"es-AR\",\"@id\":\"https:\/\/apuntesdesanluis.com\/#\/schema\/person\/image\/\",\"url\":\"https:\/\/apuntesdesanluis.com\/wp-content\/uploads\/2023\/07\/cropped-apuntesdesanluis.png\",\"contentUrl\":\"https:\/\/apuntesdesanluis.com\/wp-content\/uploads\/2023\/07\/cropped-apuntesdesanluis.png\",\"width\":450,\"height\":112,\"caption\":\"apuntesdesanluis.com\"},\"logo\":{\"@id\":\"https:\/\/apuntesdesanluis.com\/#\/schema\/person\/image\/\"},\"sameAs\":[\"https:\/\/apuntesdesanluis.com\"],\"url\":\"https:\/\/apuntesdesanluis.com\/index.php\/author\/apuntesdesanluis-com\/\"}]}<\/script>\n<!-- \/ Yoast SEO plugin. -->","yoast_head_json":{"title":"MERLO ALCANZ\u00d3 EL 75% DE OCUPACI\u00d3N EN LAS VACACIONES DE INVIERNO - Apuntes de San Luis","robots":{"index":"index","follow":"follow","max-snippet":"max-snippet:-1","max-image-preview":"max-image-preview:large","max-video-preview":"max-video-preview:-1"},"canonical":"https:\/\/apuntesdesanluis.com\/index.php\/2024\/07\/19\/merlo-alcanzo-el-75-de-ocupacion-en-las-vacaciones-de-invierno\/","og_locale":"es_ES","og_type":"article","og_title":"MERLO ALCANZ\u00d3 EL 75% DE OCUPACI\u00d3N EN LAS VACACIONES DE INVIERNO - Apuntes de San Luis","og_description":"Conocido por ser el destino perfecto para quienes desean relajarse en la naturaleza y disfrutar...","og_url":"https:\/\/apuntesdesanluis.com\/index.php\/2024\/07\/19\/merlo-alcanzo-el-75-de-ocupacion-en-las-vacaciones-de-invierno\/","og_site_name":"Apuntes de San Luis","article_published_time":"2024-07-19T23:47:08+00:00","og_image":[{"width":596,"height":371,"url":"https:\/\/apuntesdesanluis.com\/wp-content\/uploads\/2024\/07\/villa-de-merlo.jpg","type":"image\/jpeg"}],"author":"apuntesdesanluis.com","twitter_card":"summary_large_image","twitter_misc":{"Escrito por":"apuntesdesanluis.com","Tiempo de lectura":"5 minutos"},"schema":{"@context":"https:\/\/schema.org","@graph":[{"@type":"Article","@id":"https:\/\/apuntesdesanluis.com\/index.php\/2024\/07\/19\/merlo-alcanzo-el-75-de-ocupacion-en-las-vacaciones-de-invierno\/#article","isPartOf":{"@id":"https:\/\/apuntesdesanluis.com\/index.php\/2024\/07\/19\/merlo-alcanzo-el-75-de-ocupacion-en-las-vacaciones-de-invierno\/"},"author":{"name":"apuntesdesanluis.com","@id":"https:\/\/apuntesdesanluis.com\/#\/schema\/person\/b55151d52296fcce64d1a72538a70b90"},"headline":"MERLO ALCANZ\u00d3 EL 75% DE OCUPACI\u00d3N EN LAS VACACIONES DE INVIERNO","datePublished":"2024-07-19T23:47:08+00:00","mainEntityOfPage":{"@id":"https:\/\/apuntesdesanluis.com\/index.php\/2024\/07\/19\/merlo-alcanzo-el-75-de-ocupacion-en-las-vacaciones-de-invierno\/"},"wordCount":834,"publisher":{"@id":"https:\/\/apuntesdesanluis.com\/#\/schema\/person\/b55151d52296fcce64d1a72538a70b90"},"image":{"@id":"https:\/\/apuntesdesanluis.com\/index.php\/2024\/07\/19\/merlo-alcanzo-el-75-de-ocupacion-en-las-vacaciones-de-invierno\/#primaryimage"},"thumbnailUrl":"https:\/\/apuntesdesanluis.com\/wp-content\/uploads\/2024\/07\/villa-de-merlo.jpg","articleSection":["Ciudad\/Provincia"],"inLanguage":"es-AR"},{"@type":"WebPage","@id":"https:\/\/apuntesdesanluis.com\/index.php\/2024\/07\/19\/merlo-alcanzo-el-75-de-ocupacion-en-las-vacaciones-de-invierno\/","url":"https:\/\/apuntesdesanluis.com\/index.php\/2024\/07\/19\/merlo-alcanzo-el-75-de-ocupacion-en-las-vacaciones-de-invierno\/","name":"MERLO ALCANZ\u00d3 EL 75% DE OCUPACI\u00d3N EN LAS VACACIONES DE INVIERNO - Apuntes de San Luis","isPartOf":{"@id":"https:\/\/apuntesdesanluis.com\/#website"},"primaryImageOfPage":{"@id":"https:\/\/apuntesdesanluis.com\/index.php\/2024\/07\/19\/merlo-alcanzo-el-75-de-ocupacion-en-las-vacaciones-de-invierno\/#primaryimage"},"image":{"@id":"https:\/\/apuntesdesanluis.com\/index.php\/2024\/07\/19\/merlo-alcanzo-el-75-de-ocupacion-en-las-vacaciones-de-invierno\/#primaryimage"},"thumbnailUrl":"https:\/\/apuntesdesanluis.com\/wp-content\/uploads\/2024\/07\/villa-de-merlo.jpg","datePublished":"2024-07-19T23:47:08+00:00","breadcrumb":{"@id":"https:\/\/apuntesdesanluis.com\/index.php\/2024\/07\/19\/merlo-alcanzo-el-75-de-ocupacion-en-las-vacaciones-de-invierno\/#breadcrumb"},"inLanguage":"es-AR","potentialAction":[{"@type":"ReadAction","target":["https:\/\/apuntesdesanluis.com\/index.php\/2024\/07\/19\/merlo-alcanzo-el-75-de-ocupacion-en-las-vacaciones-de-invierno\/"]}]},{"@type":"ImageObject","inLanguage":"es-AR","@id":"https:\/\/apuntesdesanluis.com\/index.php\/2024\/07\/19\/merlo-alcanzo-el-75-de-ocupacion-en-las-vacaciones-de-invierno\/#primaryimage","url":"https:\/\/apuntesdesanluis.com\/wp-content\/uploads\/2024\/07\/villa-de-merlo.jpg","contentUrl":"https:\/\/apuntesdesanluis.com\/wp-content\/uploads\/2024\/07\/villa-de-merlo.jpg","width":596,"height":371},{"@type":"BreadcrumbList","@id":"https:\/\/apuntesdesanluis.com\/index.php\/2024\/07\/19\/merlo-alcanzo-el-75-de-ocupacion-en-las-vacaciones-de-invierno\/#breadcrumb","itemListElement":[{"@type":"ListItem","position":1,"name":"Inicio","item":"https:\/\/apuntesdesanluis.com\/"},{"@type":"ListItem","position":2,"name":"MERLO ALCANZ\u00d3 EL 75% DE OCUPACI\u00d3N EN LAS VACACIONES DE INVIERNO"}]},{"@type":"WebSite","@id":"https:\/\/apuntesdesanluis.com\/#website","url":"https:\/\/apuntesdesanluis.com\/","name":"Apuntes de San Luis","description":"","publisher":{"@id":"https:\/\/apuntesdesanluis.com\/#\/schema\/person\/b55151d52296fcce64d1a72538a70b90"},"potentialAction":[{"@type":"SearchAction","target":{"@type":"EntryPoint","urlTemplate":"https:\/\/apuntesdesanluis.com\/?s={search_term_string}"},"query-input":{"@type":"PropertyValueSpecification","valueRequired":true,"valueName":"search_term_string"}}],"inLanguage":"es-AR"},{"@type":["Person","Organization"],"@id":"https:\/\/apuntesdesanluis.com\/#\/schema\/person\/b55151d52296fcce64d1a72538a70b90","name":"apuntesdesanluis.com","image":{"@type":"ImageObject","inLanguage":"es-AR","@id":"https:\/\/apuntesdesanluis.com\/#\/schema\/person\/image\/","url":"https:\/\/apuntesdesanluis.com\/wp-content\/uploads\/2023\/07\/cropped-apuntesdesanluis.png","contentUrl":"https:\/\/apuntesdesanluis.com\/wp-content\/uploads\/2023\/07\/cropped-apuntesdesanluis.png","width":450,"height":112,"caption":"apuntesdesanluis.com"},"logo":{"@id":"https:\/\/apuntesdesanluis.com\/#\/schema\/person\/image\/"},"sameAs":["https:\/\/apuntesdesanluis.com"],"url":"https:\/\/apuntesdesanluis.com\/index.php\/author\/apuntesdesanluis-com\/"}]}},"featured_image_urls":{"full":["https:\/\/apuntesdesanluis.com\/wp-content\/uploads\/2024\/07\/villa-de-merlo.jpg",596,371,false],"thumbnail":["https:\/\/apuntesdesanluis.com\/wp-content\/uploads\/2024\/07\/villa-de-merlo-150x150.jpg",150,150,true],"medium":["https:\/\/apuntesdesanluis.com\/wp-content\/uploads\/2024\/07\/villa-de-merlo-300x187.jpg",300,187,true],"medium_large":["https:\/\/apuntesdesanluis.com\/wp-content\/uploads\/2024\/07\/villa-de-merlo.jpg",596,371,false],"large":["https:\/\/apuntesdesanluis.com\/wp-content\/uploads\/2024\/07\/villa-de-merlo.jpg",596,371,false],"1536x1536":["https:\/\/apuntesdesanluis.com\/wp-content\/uploads\/2024\/07\/villa-de-merlo.jpg",596,371,false],"2048x2048":["https:\/\/apuntesdesanluis.com\/wp-content\/uploads\/2024\/07\/villa-de-merlo.jpg",596,371,false],"newsever-slider-full":["https:\/\/apuntesdesanluis.com\/wp-content\/uploads\/2024\/07\/villa-de-merlo.jpg",596,371,false],"newsever-featured":["https:\/\/apuntesdesanluis.com\/wp-content\/uploads\/2024\/07\/villa-de-merlo.jpg",596,371,false],"newsever-medium":["https:\/\/apuntesdesanluis.com\/wp-content\/uploads\/2024\/07\/villa-de-merlo.jpg",596,371,false]},"author_info":{"display_name":"apuntesdesanluis.com","author_link":"https:\/\/apuntesdesanluis.com\/index.php\/author\/apuntesdesanluis-com\/"},"category_info":"<a href=\"https:\/\/apuntesdesanluis.com\/index.php\/category\/ciudad-provincia\/\" rel=\"category tag\">Ciudad\/Provincia<\/a>","tag_info":"Ciudad\/Provincia","comment_count":"0","_links":{"self":[{"href":"https:\/\/apuntesdesanluis.com\/index.php\/wp-json\/wp\/v2\/posts\/19527","targetHints":{"allow":["GET"]}}],"collection":[{"href":"https:\/\/apuntesdesanluis.com\/index.php\/wp-json\/wp\/v2\/posts"}],"about":[{"href":"https:\/\/apuntesdesanluis.com\/index.php\/wp-json\/wp\/v2\/types\/post"}],"author":[{"embeddable":true,"href":"https:\/\/apuntesdesanluis.com\/index.php\/wp-json\/wp\/v2\/users\/1"}],"replies":[{"embeddable":true,"href":"https:\/\/apuntesdesanluis.com\/index.php\/wp-json\/wp\/v2\/comments?post=19527"}],"version-history":[{"count":1,"href":"https:\/\/apuntesdesanluis.com\/index.php\/wp-json\/wp\/v2\/posts\/19527\/revisions"}],"predecessor-version":[{"id":19531,"href":"https:\/\/apuntesdesanluis.com\/index.php\/wp-json\/wp\/v2\/posts\/19527\/revisions\/19531"}],"wp:featuredmedia":[{"embeddable":true,"href":"https:\/\/apuntesdesanluis.com\/index.php\/wp-json\/wp\/v2\/media\/19528"}],"wp:attachment":[{"href":"https:\/\/apuntesdesanluis.com\/index.php\/wp-json\/wp\/v2\/media?parent=19527"}],"wp:term":[{"taxonomy":"category","embeddable":true,"href":"https:\/\/apuntesdesanluis.com\/index.php\/wp-json\/wp\/v2\/categories?post=19527"},{"taxonomy":"post_tag","embeddable":true,"href":"https:\/\/apuntesdesanluis.com\/index.php\/wp-json\/wp\/v2\/tags?post=19527"}],"curies":[{"name":"wp","href":"https:\/\/api.w.org\/{rel}","templated":true}]}}