{"id":19536,"date":"2024-07-19T21:40:18","date_gmt":"2024-07-20T00:40:18","guid":{"rendered":"https:\/\/apuntesdesanluis.com\/?p=19536"},"modified":"2024-07-19T21:40:18","modified_gmt":"2024-07-20T00:40:18","slug":"adorni-se-distancio-de-villarruel-por-sus-dichos-contra-francia-fue-un-desafortunado-comentario","status":"publish","type":"post","link":"https:\/\/apuntesdesanluis.com\/index.php\/2024\/07\/19\/adorni-se-distancio-de-villarruel-por-sus-dichos-contra-francia-fue-un-desafortunado-comentario\/","title":{"rendered":"ADORNI SE DISTANCI\u00d3 DE VILLARRUEL POR SUS DICHOS CONTRA FRANCIA: &#8220;FUE UN DESAFORTUNADO COMENTARIO&#8221;"},"content":{"rendered":"<h3>El vocero presidencial, <strong>Manuel Adorni<\/strong>, se distanci\u00f3 hoy de los pol\u00e9micos dichos de la vicepresidenta <strong>Victoria Villarruel<\/strong> luego de que acusara a Francia de \u201ccolonizadora\u201d, y calific\u00f3 el comentario de la funcionaria como &#8220;desafortunado&#8221;.<\/h3>\n<h3>\u201cLo que dijo la Vicepresidente de la Naci\u00f3n son palabras de la Vice y no es la postura del Gobierno\u201d, asegur\u00f3 en la habitual conferencia de prensa.<\/h3>\n<h3>En la misma l\u00ednea, el funcionario revel\u00f3 que la secretaria General de la Presidencia, <strong>Karina Milei<\/strong>, debi\u00f3 asistir a la Embajada de Francia a \u201cexplicar el desafortunado comentario ocurrido en la redes fue a t\u00edtulo personal y que no era la posici\u00f3n del Gobierno entremezclar cuestiones de pasiones deportivas con cuestiones diplom\u00e1ticas\u201d<\/h3>\n<h3>\u201cLas relaciones con Francia est\u00e1n intactas\u201d, prometi\u00f3 luego de que la titular del Senado opinara sobre la pol\u00e9mica con la Federaci\u00f3n Francesa de F\u00fatbol (FFF) por la difusi\u00f3n de un video con c\u00e1nticos racistas publicados por el futbolista de la Selecci\u00f3n argentina, Enzo Fern\u00e1ndez, tras la obtenci\u00f3n de la Copa Am\u00e9rica.<\/h3>\n<h3>&#8220;Ning\u00fan pa\u00eds colonialista nos va a amedrentar por una canci\u00f3n de cancha ni por decir las verdades que no se quieren admitir&#8221;, indic\u00f3 en un mensaje cargado de nacionalismo en su cuenta de la red social &#8220;X&#8221;.<\/h3>\n<h3>Lo cierto es que en el Poder Ejecutivo la frase de la titular del Senado no cay\u00f3 bien, a pesar de que en un primer momento reconocidos twiteros libertarios de cercan\u00eda como Gordo Dan abalaron sus palabras v\u00eda redes.<\/h3>\n<h3>Por los pasillos de Balcarce 50 explicaron a la agencia Noticias Argentinas que fue la secretaria General de la Presidencia y mano derecha del presidente Javier Milei la designada para mermar la tensi\u00f3n con las autoridades francesas y no la canciller Diana Mondino ya que &#8220;era un tema que deb\u00edan solucionar las altas esferas del Gobierno\u201d.<\/h3>\n<h3>En otro pasaje de la conferencia, el vocero presidencial habl\u00f3 de los diputados del bloque de La Libertad Avanza que visitaron al militar Alfredo Astiz: \u201cEs un tema personal de cada diputado. No representan la totalidad del bloque ni del Poder Ejecutivo\u201d.<\/h3>\n<h3>\u201cSer\u00e1 un tema que deber\u00e1 resolver el Poder Legislativo. Es un tema que nos excede\u201d, se deslig\u00f3 Adorni.<\/h3>\n<h3>Por \u00faltimo, si bien evit\u00f3 tomar cuestionar el accionar de los seis libertarios, plante\u00f3 que el Gobierno condena \u201ctodo lo que est\u00e1 en contra de la ley\u201d, pero no se inmiscuye \u201cen la agenda de cada diputado\u201d.<\/h3>\n<p>&nbsp;<\/p>\n<p>&nbsp;<\/p>\n","protected":false},"excerpt":{"rendered":"<p>El vocero presidencial, Manuel Adorni, se distanci\u00f3 hoy de los pol\u00e9micos dichos de la vicepresidenta&#8230;<\/p>\n","protected":false},"author":1,"featured_media":15925,"comment_status":"closed","ping_status":"closed","sticky":false,"template":"","format":"standard","meta":{"footnotes":""},"categories":[5],"tags":[],"class_list":["post-19536","post","type-post","status-publish","format-standard","has-post-thumbnail","hentry","category-nacionales-internacionales"],"yoast_head":"<!-- This site is optimized with the Yoast SEO plugin v26.1.1 - https:\/\/yoast.com\/wordpress\/plugins\/seo\/ -->\n<title>ADORNI SE DISTANCI\u00d3 DE VILLARRUEL POR SUS DICHOS CONTRA FRANCIA: &quot;FUE UN DESAFORTUNADO COMENTARIO&quot; - Apuntes de San Luis<\/title>\n<meta name=\"robots\" content=\"index, follow, max-snippet:-1, max-image-preview:large, max-video-preview:-1\" \/>\n<link rel=\"canonical\" href=\"https:\/\/apuntesdesanluis.com\/index.php\/2024\/07\/19\/adorni-se-distancio-de-villarruel-por-sus-dichos-contra-francia-fue-un-desafortunado-comentario\/\" \/>\n<meta property=\"og:locale\" content=\"es_ES\" \/>\n<meta property=\"og:type\" content=\"article\" \/>\n<meta property=\"og:title\" content=\"ADORNI SE DISTANCI\u00d3 DE VILLARRUEL POR SUS DICHOS CONTRA FRANCIA: &quot;FUE UN DESAFORTUNADO COMENTARIO&quot; - Apuntes de San Luis\" \/>\n<meta property=\"og:description\" content=\"El vocero presidencial, Manuel Adorni, se distanci\u00f3 hoy de los pol\u00e9micos dichos de la vicepresidenta...\" \/>\n<meta property=\"og:url\" content=\"https:\/\/apuntesdesanluis.com\/index.php\/2024\/07\/19\/adorni-se-distancio-de-villarruel-por-sus-dichos-contra-francia-fue-un-desafortunado-comentario\/\" \/>\n<meta property=\"og:site_name\" content=\"Apuntes de San Luis\" \/>\n<meta property=\"article:published_time\" content=\"2024-07-20T00:40:18+00:00\" \/>\n<meta property=\"og:image\" content=\"https:\/\/apuntesdesanluis.com\/wp-content\/uploads\/2024\/05\/ADORNI.png\" \/>\n\t<meta property=\"og:image:width\" content=\"600\" \/>\n\t<meta property=\"og:image:height\" content=\"350\" \/>\n\t<meta property=\"og:image:type\" content=\"image\/png\" \/>\n<meta name=\"author\" content=\"apuntesdesanluis.com\" \/>\n<meta name=\"twitter:card\" content=\"summary_large_image\" \/>\n<meta name=\"twitter:label1\" content=\"Escrito por\" \/>\n\t<meta name=\"twitter:data1\" content=\"apuntesdesanluis.com\" \/>\n\t<meta name=\"twitter:label2\" content=\"Tiempo de lectura\" \/>\n\t<meta name=\"twitter:data2\" content=\"3 minutos\" \/>\n<script type=\"application\/ld+json\" class=\"yoast-schema-graph\">{\"@context\":\"https:\/\/schema.org\",\"@graph\":[{\"@type\":\"Article\",\"@id\":\"https:\/\/apuntesdesanluis.com\/index.php\/2024\/07\/19\/adorni-se-distancio-de-villarruel-por-sus-dichos-contra-francia-fue-un-desafortunado-comentario\/#article\",\"isPartOf\":{\"@id\":\"https:\/\/apuntesdesanluis.com\/index.php\/2024\/07\/19\/adorni-se-distancio-de-villarruel-por-sus-dichos-contra-francia-fue-un-desafortunado-comentario\/\"},\"author\":{\"name\":\"apuntesdesanluis.com\",\"@id\":\"https:\/\/apuntesdesanluis.com\/#\/schema\/person\/b55151d52296fcce64d1a72538a70b90\"},\"headline\":\"ADORNI SE DISTANCI\u00d3 DE VILLARRUEL POR SUS DICHOS CONTRA FRANCIA: &#8220;FUE UN DESAFORTUNADO COMENTARIO&#8221;\",\"datePublished\":\"2024-07-20T00:40:18+00:00\",\"mainEntityOfPage\":{\"@id\":\"https:\/\/apuntesdesanluis.com\/index.php\/2024\/07\/19\/adorni-se-distancio-de-villarruel-por-sus-dichos-contra-francia-fue-un-desafortunado-comentario\/\"},\"wordCount\":431,\"publisher\":{\"@id\":\"https:\/\/apuntesdesanluis.com\/#\/schema\/person\/b55151d52296fcce64d1a72538a70b90\"},\"image\":{\"@id\":\"https:\/\/apuntesdesanluis.com\/index.php\/2024\/07\/19\/adorni-se-distancio-de-villarruel-por-sus-dichos-contra-francia-fue-un-desafortunado-comentario\/#primaryimage\"},\"thumbnailUrl\":\"https:\/\/apuntesdesanluis.com\/wp-content\/uploads\/2024\/05\/ADORNI.png\",\"articleSection\":[\"Nacionales\/Internacionales\"],\"inLanguage\":\"es-AR\"},{\"@type\":\"WebPage\",\"@id\":\"https:\/\/apuntesdesanluis.com\/index.php\/2024\/07\/19\/adorni-se-distancio-de-villarruel-por-sus-dichos-contra-francia-fue-un-desafortunado-comentario\/\",\"url\":\"https:\/\/apuntesdesanluis.com\/index.php\/2024\/07\/19\/adorni-se-distancio-de-villarruel-por-sus-dichos-contra-francia-fue-un-desafortunado-comentario\/\",\"name\":\"ADORNI SE DISTANCI\u00d3 DE VILLARRUEL POR SUS DICHOS CONTRA FRANCIA: \\\"FUE UN DESAFORTUNADO COMENTARIO\\\" - Apuntes de San Luis\",\"isPartOf\":{\"@id\":\"https:\/\/apuntesdesanluis.com\/#website\"},\"primaryImageOfPage\":{\"@id\":\"https:\/\/apuntesdesanluis.com\/index.php\/2024\/07\/19\/adorni-se-distancio-de-villarruel-por-sus-dichos-contra-francia-fue-un-desafortunado-comentario\/#primaryimage\"},\"image\":{\"@id\":\"https:\/\/apuntesdesanluis.com\/index.php\/2024\/07\/19\/adorni-se-distancio-de-villarruel-por-sus-dichos-contra-francia-fue-un-desafortunado-comentario\/#primaryimage\"},\"thumbnailUrl\":\"https:\/\/apuntesdesanluis.com\/wp-content\/uploads\/2024\/05\/ADORNI.png\",\"datePublished\":\"2024-07-20T00:40:18+00:00\",\"breadcrumb\":{\"@id\":\"https:\/\/apuntesdesanluis.com\/index.php\/2024\/07\/19\/adorni-se-distancio-de-villarruel-por-sus-dichos-contra-francia-fue-un-desafortunado-comentario\/#breadcrumb\"},\"inLanguage\":\"es-AR\",\"potentialAction\":[{\"@type\":\"ReadAction\",\"target\":[\"https:\/\/apuntesdesanluis.com\/index.php\/2024\/07\/19\/adorni-se-distancio-de-villarruel-por-sus-dichos-contra-francia-fue-un-desafortunado-comentario\/\"]}]},{\"@type\":\"ImageObject\",\"inLanguage\":\"es-AR\",\"@id\":\"https:\/\/apuntesdesanluis.com\/index.php\/2024\/07\/19\/adorni-se-distancio-de-villarruel-por-sus-dichos-contra-francia-fue-un-desafortunado-comentario\/#primaryimage\",\"url\":\"https:\/\/apuntesdesanluis.com\/wp-content\/uploads\/2024\/05\/ADORNI.png\",\"contentUrl\":\"https:\/\/apuntesdesanluis.com\/wp-content\/uploads\/2024\/05\/ADORNI.png\",\"width\":600,\"height\":350},{\"@type\":\"BreadcrumbList\",\"@id\":\"https:\/\/apuntesdesanluis.com\/index.php\/2024\/07\/19\/adorni-se-distancio-de-villarruel-por-sus-dichos-contra-francia-fue-un-desafortunado-comentario\/#breadcrumb\",\"itemListElement\":[{\"@type\":\"ListItem\",\"position\":1,\"name\":\"Inicio\",\"item\":\"https:\/\/apuntesdesanluis.com\/\"},{\"@type\":\"ListItem\",\"position\":2,\"name\":\"ADORNI SE DISTANCI\u00d3 DE VILLARRUEL POR SUS DICHOS CONTRA FRANCIA: &#8220;FUE UN DESAFORTUNADO COMENTARIO&#8221;\"}]},{\"@type\":\"WebSite\",\"@id\":\"https:\/\/apuntesdesanluis.com\/#website\",\"url\":\"https:\/\/apuntesdesanluis.com\/\",\"name\":\"Apuntes de San Luis\",\"description\":\"\",\"publisher\":{\"@id\":\"https:\/\/apuntesdesanluis.com\/#\/schema\/person\/b55151d52296fcce64d1a72538a70b90\"},\"potentialAction\":[{\"@type\":\"SearchAction\",\"target\":{\"@type\":\"EntryPoint\",\"urlTemplate\":\"https:\/\/apuntesdesanluis.com\/?s={search_term_string}\"},\"query-input\":{\"@type\":\"PropertyValueSpecification\",\"valueRequired\":true,\"valueName\":\"search_term_string\"}}],\"inLanguage\":\"es-AR\"},{\"@type\":[\"Person\",\"Organization\"],\"@id\":\"https:\/\/apuntesdesanluis.com\/#\/schema\/person\/b55151d52296fcce64d1a72538a70b90\",\"name\":\"apuntesdesanluis.com\",\"image\":{\"@type\":\"ImageObject\",\"inLanguage\":\"es-AR\",\"@id\":\"https:\/\/apuntesdesanluis.com\/#\/schema\/person\/image\/\",\"url\":\"https:\/\/apuntesdesanluis.com\/wp-content\/uploads\/2023\/07\/cropped-apuntesdesanluis.png\",\"contentUrl\":\"https:\/\/apuntesdesanluis.com\/wp-content\/uploads\/2023\/07\/cropped-apuntesdesanluis.png\",\"width\":450,\"height\":112,\"caption\":\"apuntesdesanluis.com\"},\"logo\":{\"@id\":\"https:\/\/apuntesdesanluis.com\/#\/schema\/person\/image\/\"},\"sameAs\":[\"https:\/\/apuntesdesanluis.com\"],\"url\":\"https:\/\/apuntesdesanluis.com\/index.php\/author\/apuntesdesanluis-com\/\"}]}<\/script>\n<!-- \/ Yoast SEO plugin. -->","yoast_head_json":{"title":"ADORNI SE DISTANCI\u00d3 DE VILLARRUEL POR SUS DICHOS CONTRA FRANCIA: \"FUE UN DESAFORTUNADO COMENTARIO\" - Apuntes de San Luis","robots":{"index":"index","follow":"follow","max-snippet":"max-snippet:-1","max-image-preview":"max-image-preview:large","max-video-preview":"max-video-preview:-1"},"canonical":"https:\/\/apuntesdesanluis.com\/index.php\/2024\/07\/19\/adorni-se-distancio-de-villarruel-por-sus-dichos-contra-francia-fue-un-desafortunado-comentario\/","og_locale":"es_ES","og_type":"article","og_title":"ADORNI SE DISTANCI\u00d3 DE VILLARRUEL POR SUS DICHOS CONTRA FRANCIA: \"FUE UN DESAFORTUNADO COMENTARIO\" - Apuntes de San Luis","og_description":"El vocero presidencial, Manuel Adorni, se distanci\u00f3 hoy de los pol\u00e9micos dichos de la vicepresidenta...","og_url":"https:\/\/apuntesdesanluis.com\/index.php\/2024\/07\/19\/adorni-se-distancio-de-villarruel-por-sus-dichos-contra-francia-fue-un-desafortunado-comentario\/","og_site_name":"Apuntes de San Luis","article_published_time":"2024-07-20T00:40:18+00:00","og_image":[{"width":600,"height":350,"url":"https:\/\/apuntesdesanluis.com\/wp-content\/uploads\/2024\/05\/ADORNI.png","type":"image\/png"}],"author":"apuntesdesanluis.com","twitter_card":"summary_large_image","twitter_misc":{"Escrito por":"apuntesdesanluis.com","Tiempo de lectura":"3 minutos"},"schema":{"@context":"https:\/\/schema.org","@graph":[{"@type":"Article","@id":"https:\/\/apuntesdesanluis.com\/index.php\/2024\/07\/19\/adorni-se-distancio-de-villarruel-por-sus-dichos-contra-francia-fue-un-desafortunado-comentario\/#article","isPartOf":{"@id":"https:\/\/apuntesdesanluis.com\/index.php\/2024\/07\/19\/adorni-se-distancio-de-villarruel-por-sus-dichos-contra-francia-fue-un-desafortunado-comentario\/"},"author":{"name":"apuntesdesanluis.com","@id":"https:\/\/apuntesdesanluis.com\/#\/schema\/person\/b55151d52296fcce64d1a72538a70b90"},"headline":"ADORNI SE DISTANCI\u00d3 DE VILLARRUEL POR SUS DICHOS CONTRA FRANCIA: &#8220;FUE UN DESAFORTUNADO COMENTARIO&#8221;","datePublished":"2024-07-20T00:40:18+00:00","mainEntityOfPage":{"@id":"https:\/\/apuntesdesanluis.com\/index.php\/2024\/07\/19\/adorni-se-distancio-de-villarruel-por-sus-dichos-contra-francia-fue-un-desafortunado-comentario\/"},"wordCount":431,"publisher":{"@id":"https:\/\/apuntesdesanluis.com\/#\/schema\/person\/b55151d52296fcce64d1a72538a70b90"},"image":{"@id":"https:\/\/apuntesdesanluis.com\/index.php\/2024\/07\/19\/adorni-se-distancio-de-villarruel-por-sus-dichos-contra-francia-fue-un-desafortunado-comentario\/#primaryimage"},"thumbnailUrl":"https:\/\/apuntesdesanluis.com\/wp-content\/uploads\/2024\/05\/ADORNI.png","articleSection":["Nacionales\/Internacionales"],"inLanguage":"es-AR"},{"@type":"WebPage","@id":"https:\/\/apuntesdesanluis.com\/index.php\/2024\/07\/19\/adorni-se-distancio-de-villarruel-por-sus-dichos-contra-francia-fue-un-desafortunado-comentario\/","url":"https:\/\/apuntesdesanluis.com\/index.php\/2024\/07\/19\/adorni-se-distancio-de-villarruel-por-sus-dichos-contra-francia-fue-un-desafortunado-comentario\/","name":"ADORNI SE DISTANCI\u00d3 DE VILLARRUEL POR SUS DICHOS CONTRA FRANCIA: \"FUE UN DESAFORTUNADO COMENTARIO\" - Apuntes de San Luis","isPartOf":{"@id":"https:\/\/apuntesdesanluis.com\/#website"},"primaryImageOfPage":{"@id":"https:\/\/apuntesdesanluis.com\/index.php\/2024\/07\/19\/adorni-se-distancio-de-villarruel-por-sus-dichos-contra-francia-fue-un-desafortunado-comentario\/#primaryimage"},"image":{"@id":"https:\/\/apuntesdesanluis.com\/index.php\/2024\/07\/19\/adorni-se-distancio-de-villarruel-por-sus-dichos-contra-francia-fue-un-desafortunado-comentario\/#primaryimage"},"thumbnailUrl":"https:\/\/apuntesdesanluis.com\/wp-content\/uploads\/2024\/05\/ADORNI.png","datePublished":"2024-07-20T00:40:18+00:00","breadcrumb":{"@id":"https:\/\/apuntesdesanluis.com\/index.php\/2024\/07\/19\/adorni-se-distancio-de-villarruel-por-sus-dichos-contra-francia-fue-un-desafortunado-comentario\/#breadcrumb"},"inLanguage":"es-AR","potentialAction":[{"@type":"ReadAction","target":["https:\/\/apuntesdesanluis.com\/index.php\/2024\/07\/19\/adorni-se-distancio-de-villarruel-por-sus-dichos-contra-francia-fue-un-desafortunado-comentario\/"]}]},{"@type":"ImageObject","inLanguage":"es-AR","@id":"https:\/\/apuntesdesanluis.com\/index.php\/2024\/07\/19\/adorni-se-distancio-de-villarruel-por-sus-dichos-contra-francia-fue-un-desafortunado-comentario\/#primaryimage","url":"https:\/\/apuntesdesanluis.com\/wp-content\/uploads\/2024\/05\/ADORNI.png","contentUrl":"https:\/\/apuntesdesanluis.com\/wp-content\/uploads\/2024\/05\/ADORNI.png","width":600,"height":350},{"@type":"BreadcrumbList","@id":"https:\/\/apuntesdesanluis.com\/index.php\/2024\/07\/19\/adorni-se-distancio-de-villarruel-por-sus-dichos-contra-francia-fue-un-desafortunado-comentario\/#breadcrumb","itemListElement":[{"@type":"ListItem","position":1,"name":"Inicio","item":"https:\/\/apuntesdesanluis.com\/"},{"@type":"ListItem","position":2,"name":"ADORNI SE DISTANCI\u00d3 DE VILLARRUEL POR SUS DICHOS CONTRA FRANCIA: &#8220;FUE UN DESAFORTUNADO COMENTARIO&#8221;"}]},{"@type":"WebSite","@id":"https:\/\/apuntesdesanluis.com\/#website","url":"https:\/\/apuntesdesanluis.com\/","name":"Apuntes de San Luis","description":"","publisher":{"@id":"https:\/\/apuntesdesanluis.com\/#\/schema\/person\/b55151d52296fcce64d1a72538a70b90"},"potentialAction":[{"@type":"SearchAction","target":{"@type":"EntryPoint","urlTemplate":"https:\/\/apuntesdesanluis.com\/?s={search_term_string}"},"query-input":{"@type":"PropertyValueSpecification","valueRequired":true,"valueName":"search_term_string"}}],"inLanguage":"es-AR"},{"@type":["Person","Organization"],"@id":"https:\/\/apuntesdesanluis.com\/#\/schema\/person\/b55151d52296fcce64d1a72538a70b90","name":"apuntesdesanluis.com","image":{"@type":"ImageObject","inLanguage":"es-AR","@id":"https:\/\/apuntesdesanluis.com\/#\/schema\/person\/image\/","url":"https:\/\/apuntesdesanluis.com\/wp-content\/uploads\/2023\/07\/cropped-apuntesdesanluis.png","contentUrl":"https:\/\/apuntesdesanluis.com\/wp-content\/uploads\/2023\/07\/cropped-apuntesdesanluis.png","width":450,"height":112,"caption":"apuntesdesanluis.com"},"logo":{"@id":"https:\/\/apuntesdesanluis.com\/#\/schema\/person\/image\/"},"sameAs":["https:\/\/apuntesdesanluis.com"],"url":"https:\/\/apuntesdesanluis.com\/index.php\/author\/apuntesdesanluis-com\/"}]}},"featured_image_urls":{"full":["https:\/\/apuntesdesanluis.com\/wp-content\/uploads\/2024\/05\/ADORNI.png",600,350,false],"thumbnail":["https:\/\/apuntesdesanluis.com\/wp-content\/uploads\/2024\/05\/ADORNI-150x150.png",150,150,true],"medium":["https:\/\/apuntesdesanluis.com\/wp-content\/uploads\/2024\/05\/ADORNI-300x175.png",300,175,true],"medium_large":["https:\/\/apuntesdesanluis.com\/wp-content\/uploads\/2024\/05\/ADORNI.png",600,350,false],"large":["https:\/\/apuntesdesanluis.com\/wp-content\/uploads\/2024\/05\/ADORNI.png",600,350,false],"1536x1536":["https:\/\/apuntesdesanluis.com\/wp-content\/uploads\/2024\/05\/ADORNI.png",600,350,false],"2048x2048":["https:\/\/apuntesdesanluis.com\/wp-content\/uploads\/2024\/05\/ADORNI.png",600,350,false],"newsever-slider-full":["https:\/\/apuntesdesanluis.com\/wp-content\/uploads\/2024\/05\/ADORNI.png",600,350,false],"newsever-featured":["https:\/\/apuntesdesanluis.com\/wp-content\/uploads\/2024\/05\/ADORNI.png",600,350,false],"newsever-medium":["https:\/\/apuntesdesanluis.com\/wp-content\/uploads\/2024\/05\/ADORNI.png",600,350,false]},"author_info":{"display_name":"apuntesdesanluis.com","author_link":"https:\/\/apuntesdesanluis.com\/index.php\/author\/apuntesdesanluis-com\/"},"category_info":"<a href=\"https:\/\/apuntesdesanluis.com\/index.php\/category\/nacionales-internacionales\/\" rel=\"category tag\">Nacionales\/Internacionales<\/a>","tag_info":"Nacionales\/Internacionales","comment_count":"0","_links":{"self":[{"href":"https:\/\/apuntesdesanluis.com\/index.php\/wp-json\/wp\/v2\/posts\/19536","targetHints":{"allow":["GET"]}}],"collection":[{"href":"https:\/\/apuntesdesanluis.com\/index.php\/wp-json\/wp\/v2\/posts"}],"about":[{"href":"https:\/\/apuntesdesanluis.com\/index.php\/wp-json\/wp\/v2\/types\/post"}],"author":[{"embeddable":true,"href":"https:\/\/apuntesdesanluis.com\/index.php\/wp-json\/wp\/v2\/users\/1"}],"replies":[{"embeddable":true,"href":"https:\/\/apuntesdesanluis.com\/index.php\/wp-json\/wp\/v2\/comments?post=19536"}],"version-history":[{"count":1,"href":"https:\/\/apuntesdesanluis.com\/index.php\/wp-json\/wp\/v2\/posts\/19536\/revisions"}],"predecessor-version":[{"id":19537,"href":"https:\/\/apuntesdesanluis.com\/index.php\/wp-json\/wp\/v2\/posts\/19536\/revisions\/19537"}],"wp:featuredmedia":[{"embeddable":true,"href":"https:\/\/apuntesdesanluis.com\/index.php\/wp-json\/wp\/v2\/media\/15925"}],"wp:attachment":[{"href":"https:\/\/apuntesdesanluis.com\/index.php\/wp-json\/wp\/v2\/media?parent=19536"}],"wp:term":[{"taxonomy":"category","embeddable":true,"href":"https:\/\/apuntesdesanluis.com\/index.php\/wp-json\/wp\/v2\/categories?post=19536"},{"taxonomy":"post_tag","embeddable":true,"href":"https:\/\/apuntesdesanluis.com\/index.php\/wp-json\/wp\/v2\/tags?post=19536"}],"curies":[{"name":"wp","href":"https:\/\/api.w.org\/{rel}","templated":true}]}}