{"id":19538,"date":"2024-07-19T21:46:08","date_gmt":"2024-07-20T00:46:08","guid":{"rendered":"https:\/\/apuntesdesanluis.com\/?p=19538"},"modified":"2024-07-19T21:46:08","modified_gmt":"2024-07-20T00:46:08","slug":"cristina-kirchner-cruzo-a-caputo-mas-perdidos-que-turco-en-la-neblina","status":"publish","type":"post","link":"https:\/\/apuntesdesanluis.com\/index.php\/2024\/07\/19\/cristina-kirchner-cruzo-a-caputo-mas-perdidos-que-turco-en-la-neblina\/","title":{"rendered":"CRISTINA KIRCHNER CRUZ\u00d3 A CAPUTO: &#8220;M\u00c1S PERDIDOS QUE TURCO EN LA NEBLINA&#8221;"},"content":{"rendered":"<h3>As\u00ed lo expres\u00f3 la ex presidente en su cuenta de X, tras citar una frase del ministro de Econom\u00eda de <strong>Javier Milei<\/strong>.<\/h3>\n<h3>La ex presidenta <strong>Cristina Kirchner<\/strong> cruz\u00f3 al ministro de Econom\u00eda, <strong>Luis Caputo<\/strong>, con una iron\u00eda, luego de que el titular de la cartera sostuviera que &#8220;la gente va a tener que vender d\u00f3lares para pagar impuestos&#8221; y que &#8220;el peso va a ser la moneda fuerte&#8221;.<\/h3>\n<h3>&#8220;\u00bfNo era que los impuestos eran un robo del Estado, el peso un excremento y el d\u00f3lar, la moneda que le iban a dar a los argentinos\u2026?&#8221;, lanz\u00f3 la ex mandataria en la red social X, en la que cita un art\u00edculo period\u00edstico que tiene como titular la frase de Caputo.<\/h3>\n<h3><\/h3>\n<h3>Para finalizar, remat\u00f3: &#8220;M\u00e1s perdidos que turco en la neblina&#8221;. Esta ma\u00f1ana, adem\u00e1s de la frase que utiliz\u00f3 Cristina Kirchner, Caputo reiter\u00f3 que en septiembre reducir\u00e1 el impuesto Pa\u00eds y en diciembre quedar\u00e1 eliminado, lo cual espera que ayude a profundizar el proceso de desinflaci\u00f3n.<\/h3>\n<h3>Tambi\u00e9n le adelant\u00f3 al campo que no espere un anuncio de baja de retenciones durante la pr\u00f3xima inauguraci\u00f3n de la Exposici\u00f3n Rural, aunque anticip\u00f3 que se est\u00e1n estudiando algunas medidas.<\/h3>\n<h3>Asimismo, confirm\u00f3 que las reservas de oro fueron sacadas del pa\u00eds en invertido en otras plazas con el objetivo de obtener un rendimiento adicional. En otro orden, destac\u00f3 el rebote de la actividad econ\u00f3mica que inform\u00f3 el INDEC y que la inflaci\u00f3n sigue bajando.<\/h3>\n<p>&nbsp;<\/p>\n<p>&nbsp;<\/p>\n<p>&nbsp;<\/p>\n<p>&nbsp;<\/p>\n","protected":false},"excerpt":{"rendered":"<p>As\u00ed lo expres\u00f3 la ex presidente en su cuenta de X, tras citar una frase&#8230;<\/p>\n","protected":false},"author":1,"featured_media":19539,"comment_status":"closed","ping_status":"closed","sticky":false,"template":"","format":"standard","meta":{"footnotes":""},"categories":[5],"tags":[],"class_list":["post-19538","post","type-post","status-publish","format-standard","has-post-thumbnail","hentry","category-nacionales-internacionales"],"yoast_head":"<!-- This site is optimized with the Yoast SEO plugin v26.1.1 - https:\/\/yoast.com\/wordpress\/plugins\/seo\/ -->\n<title>CRISTINA KIRCHNER CRUZ\u00d3 A CAPUTO: &quot;M\u00c1S PERDIDOS QUE TURCO EN LA NEBLINA&quot; - Apuntes de San Luis<\/title>\n<meta name=\"robots\" content=\"index, follow, max-snippet:-1, max-image-preview:large, max-video-preview:-1\" \/>\n<link rel=\"canonical\" href=\"https:\/\/apuntesdesanluis.com\/index.php\/2024\/07\/19\/cristina-kirchner-cruzo-a-caputo-mas-perdidos-que-turco-en-la-neblina\/\" \/>\n<meta property=\"og:locale\" content=\"es_ES\" \/>\n<meta property=\"og:type\" content=\"article\" \/>\n<meta property=\"og:title\" content=\"CRISTINA KIRCHNER CRUZ\u00d3 A CAPUTO: &quot;M\u00c1S PERDIDOS QUE TURCO EN LA NEBLINA&quot; - Apuntes de San Luis\" \/>\n<meta property=\"og:description\" content=\"As\u00ed lo expres\u00f3 la ex presidente en su cuenta de X, tras citar una frase...\" \/>\n<meta property=\"og:url\" content=\"https:\/\/apuntesdesanluis.com\/index.php\/2024\/07\/19\/cristina-kirchner-cruzo-a-caputo-mas-perdidos-que-turco-en-la-neblina\/\" \/>\n<meta property=\"og:site_name\" content=\"Apuntes de San Luis\" \/>\n<meta property=\"article:published_time\" content=\"2024-07-20T00:46:08+00:00\" \/>\n<meta property=\"og:image\" content=\"https:\/\/apuntesdesanluis.com\/wp-content\/uploads\/2024\/07\/CRISTINA.png\" \/>\n\t<meta property=\"og:image:width\" content=\"717\" \/>\n\t<meta property=\"og:image:height\" content=\"410\" \/>\n\t<meta property=\"og:image:type\" content=\"image\/png\" \/>\n<meta name=\"author\" content=\"apuntesdesanluis.com\" \/>\n<meta name=\"twitter:card\" content=\"summary_large_image\" \/>\n<meta name=\"twitter:label1\" content=\"Escrito por\" \/>\n\t<meta name=\"twitter:data1\" content=\"apuntesdesanluis.com\" \/>\n\t<meta name=\"twitter:label2\" content=\"Tiempo de lectura\" \/>\n\t<meta name=\"twitter:data2\" content=\"2 minutos\" \/>\n<script type=\"application\/ld+json\" class=\"yoast-schema-graph\">{\"@context\":\"https:\/\/schema.org\",\"@graph\":[{\"@type\":\"Article\",\"@id\":\"https:\/\/apuntesdesanluis.com\/index.php\/2024\/07\/19\/cristina-kirchner-cruzo-a-caputo-mas-perdidos-que-turco-en-la-neblina\/#article\",\"isPartOf\":{\"@id\":\"https:\/\/apuntesdesanluis.com\/index.php\/2024\/07\/19\/cristina-kirchner-cruzo-a-caputo-mas-perdidos-que-turco-en-la-neblina\/\"},\"author\":{\"name\":\"apuntesdesanluis.com\",\"@id\":\"https:\/\/apuntesdesanluis.com\/#\/schema\/person\/b55151d52296fcce64d1a72538a70b90\"},\"headline\":\"CRISTINA KIRCHNER CRUZ\u00d3 A CAPUTO: &#8220;M\u00c1S PERDIDOS QUE TURCO EN LA NEBLINA&#8221;\",\"datePublished\":\"2024-07-20T00:46:08+00:00\",\"mainEntityOfPage\":{\"@id\":\"https:\/\/apuntesdesanluis.com\/index.php\/2024\/07\/19\/cristina-kirchner-cruzo-a-caputo-mas-perdidos-que-turco-en-la-neblina\/\"},\"wordCount\":275,\"publisher\":{\"@id\":\"https:\/\/apuntesdesanluis.com\/#\/schema\/person\/b55151d52296fcce64d1a72538a70b90\"},\"image\":{\"@id\":\"https:\/\/apuntesdesanluis.com\/index.php\/2024\/07\/19\/cristina-kirchner-cruzo-a-caputo-mas-perdidos-que-turco-en-la-neblina\/#primaryimage\"},\"thumbnailUrl\":\"https:\/\/apuntesdesanluis.com\/wp-content\/uploads\/2024\/07\/CRISTINA.png\",\"articleSection\":[\"Nacionales\/Internacionales\"],\"inLanguage\":\"es-AR\"},{\"@type\":\"WebPage\",\"@id\":\"https:\/\/apuntesdesanluis.com\/index.php\/2024\/07\/19\/cristina-kirchner-cruzo-a-caputo-mas-perdidos-que-turco-en-la-neblina\/\",\"url\":\"https:\/\/apuntesdesanluis.com\/index.php\/2024\/07\/19\/cristina-kirchner-cruzo-a-caputo-mas-perdidos-que-turco-en-la-neblina\/\",\"name\":\"CRISTINA KIRCHNER CRUZ\u00d3 A CAPUTO: \\\"M\u00c1S PERDIDOS QUE TURCO EN LA NEBLINA\\\" - Apuntes de San Luis\",\"isPartOf\":{\"@id\":\"https:\/\/apuntesdesanluis.com\/#website\"},\"primaryImageOfPage\":{\"@id\":\"https:\/\/apuntesdesanluis.com\/index.php\/2024\/07\/19\/cristina-kirchner-cruzo-a-caputo-mas-perdidos-que-turco-en-la-neblina\/#primaryimage\"},\"image\":{\"@id\":\"https:\/\/apuntesdesanluis.com\/index.php\/2024\/07\/19\/cristina-kirchner-cruzo-a-caputo-mas-perdidos-que-turco-en-la-neblina\/#primaryimage\"},\"thumbnailUrl\":\"https:\/\/apuntesdesanluis.com\/wp-content\/uploads\/2024\/07\/CRISTINA.png\",\"datePublished\":\"2024-07-20T00:46:08+00:00\",\"breadcrumb\":{\"@id\":\"https:\/\/apuntesdesanluis.com\/index.php\/2024\/07\/19\/cristina-kirchner-cruzo-a-caputo-mas-perdidos-que-turco-en-la-neblina\/#breadcrumb\"},\"inLanguage\":\"es-AR\",\"potentialAction\":[{\"@type\":\"ReadAction\",\"target\":[\"https:\/\/apuntesdesanluis.com\/index.php\/2024\/07\/19\/cristina-kirchner-cruzo-a-caputo-mas-perdidos-que-turco-en-la-neblina\/\"]}]},{\"@type\":\"ImageObject\",\"inLanguage\":\"es-AR\",\"@id\":\"https:\/\/apuntesdesanluis.com\/index.php\/2024\/07\/19\/cristina-kirchner-cruzo-a-caputo-mas-perdidos-que-turco-en-la-neblina\/#primaryimage\",\"url\":\"https:\/\/apuntesdesanluis.com\/wp-content\/uploads\/2024\/07\/CRISTINA.png\",\"contentUrl\":\"https:\/\/apuntesdesanluis.com\/wp-content\/uploads\/2024\/07\/CRISTINA.png\",\"width\":717,\"height\":410},{\"@type\":\"BreadcrumbList\",\"@id\":\"https:\/\/apuntesdesanluis.com\/index.php\/2024\/07\/19\/cristina-kirchner-cruzo-a-caputo-mas-perdidos-que-turco-en-la-neblina\/#breadcrumb\",\"itemListElement\":[{\"@type\":\"ListItem\",\"position\":1,\"name\":\"Inicio\",\"item\":\"https:\/\/apuntesdesanluis.com\/\"},{\"@type\":\"ListItem\",\"position\":2,\"name\":\"CRISTINA KIRCHNER CRUZ\u00d3 A CAPUTO: &#8220;M\u00c1S PERDIDOS QUE TURCO EN LA NEBLINA&#8221;\"}]},{\"@type\":\"WebSite\",\"@id\":\"https:\/\/apuntesdesanluis.com\/#website\",\"url\":\"https:\/\/apuntesdesanluis.com\/\",\"name\":\"Apuntes de San Luis\",\"description\":\"\",\"publisher\":{\"@id\":\"https:\/\/apuntesdesanluis.com\/#\/schema\/person\/b55151d52296fcce64d1a72538a70b90\"},\"potentialAction\":[{\"@type\":\"SearchAction\",\"target\":{\"@type\":\"EntryPoint\",\"urlTemplate\":\"https:\/\/apuntesdesanluis.com\/?s={search_term_string}\"},\"query-input\":{\"@type\":\"PropertyValueSpecification\",\"valueRequired\":true,\"valueName\":\"search_term_string\"}}],\"inLanguage\":\"es-AR\"},{\"@type\":[\"Person\",\"Organization\"],\"@id\":\"https:\/\/apuntesdesanluis.com\/#\/schema\/person\/b55151d52296fcce64d1a72538a70b90\",\"name\":\"apuntesdesanluis.com\",\"image\":{\"@type\":\"ImageObject\",\"inLanguage\":\"es-AR\",\"@id\":\"https:\/\/apuntesdesanluis.com\/#\/schema\/person\/image\/\",\"url\":\"https:\/\/apuntesdesanluis.com\/wp-content\/uploads\/2023\/07\/cropped-apuntesdesanluis.png\",\"contentUrl\":\"https:\/\/apuntesdesanluis.com\/wp-content\/uploads\/2023\/07\/cropped-apuntesdesanluis.png\",\"width\":450,\"height\":112,\"caption\":\"apuntesdesanluis.com\"},\"logo\":{\"@id\":\"https:\/\/apuntesdesanluis.com\/#\/schema\/person\/image\/\"},\"sameAs\":[\"https:\/\/apuntesdesanluis.com\"],\"url\":\"https:\/\/apuntesdesanluis.com\/index.php\/author\/apuntesdesanluis-com\/\"}]}<\/script>\n<!-- \/ Yoast SEO plugin. -->","yoast_head_json":{"title":"CRISTINA KIRCHNER CRUZ\u00d3 A CAPUTO: \"M\u00c1S PERDIDOS QUE TURCO EN LA NEBLINA\" - Apuntes de San Luis","robots":{"index":"index","follow":"follow","max-snippet":"max-snippet:-1","max-image-preview":"max-image-preview:large","max-video-preview":"max-video-preview:-1"},"canonical":"https:\/\/apuntesdesanluis.com\/index.php\/2024\/07\/19\/cristina-kirchner-cruzo-a-caputo-mas-perdidos-que-turco-en-la-neblina\/","og_locale":"es_ES","og_type":"article","og_title":"CRISTINA KIRCHNER CRUZ\u00d3 A CAPUTO: \"M\u00c1S PERDIDOS QUE TURCO EN LA NEBLINA\" - Apuntes de San Luis","og_description":"As\u00ed lo expres\u00f3 la ex presidente en su cuenta de X, tras citar una frase...","og_url":"https:\/\/apuntesdesanluis.com\/index.php\/2024\/07\/19\/cristina-kirchner-cruzo-a-caputo-mas-perdidos-que-turco-en-la-neblina\/","og_site_name":"Apuntes de San Luis","article_published_time":"2024-07-20T00:46:08+00:00","og_image":[{"width":717,"height":410,"url":"https:\/\/apuntesdesanluis.com\/wp-content\/uploads\/2024\/07\/CRISTINA.png","type":"image\/png"}],"author":"apuntesdesanluis.com","twitter_card":"summary_large_image","twitter_misc":{"Escrito por":"apuntesdesanluis.com","Tiempo de lectura":"2 minutos"},"schema":{"@context":"https:\/\/schema.org","@graph":[{"@type":"Article","@id":"https:\/\/apuntesdesanluis.com\/index.php\/2024\/07\/19\/cristina-kirchner-cruzo-a-caputo-mas-perdidos-que-turco-en-la-neblina\/#article","isPartOf":{"@id":"https:\/\/apuntesdesanluis.com\/index.php\/2024\/07\/19\/cristina-kirchner-cruzo-a-caputo-mas-perdidos-que-turco-en-la-neblina\/"},"author":{"name":"apuntesdesanluis.com","@id":"https:\/\/apuntesdesanluis.com\/#\/schema\/person\/b55151d52296fcce64d1a72538a70b90"},"headline":"CRISTINA KIRCHNER CRUZ\u00d3 A CAPUTO: &#8220;M\u00c1S PERDIDOS QUE TURCO EN LA NEBLINA&#8221;","datePublished":"2024-07-20T00:46:08+00:00","mainEntityOfPage":{"@id":"https:\/\/apuntesdesanluis.com\/index.php\/2024\/07\/19\/cristina-kirchner-cruzo-a-caputo-mas-perdidos-que-turco-en-la-neblina\/"},"wordCount":275,"publisher":{"@id":"https:\/\/apuntesdesanluis.com\/#\/schema\/person\/b55151d52296fcce64d1a72538a70b90"},"image":{"@id":"https:\/\/apuntesdesanluis.com\/index.php\/2024\/07\/19\/cristina-kirchner-cruzo-a-caputo-mas-perdidos-que-turco-en-la-neblina\/#primaryimage"},"thumbnailUrl":"https:\/\/apuntesdesanluis.com\/wp-content\/uploads\/2024\/07\/CRISTINA.png","articleSection":["Nacionales\/Internacionales"],"inLanguage":"es-AR"},{"@type":"WebPage","@id":"https:\/\/apuntesdesanluis.com\/index.php\/2024\/07\/19\/cristina-kirchner-cruzo-a-caputo-mas-perdidos-que-turco-en-la-neblina\/","url":"https:\/\/apuntesdesanluis.com\/index.php\/2024\/07\/19\/cristina-kirchner-cruzo-a-caputo-mas-perdidos-que-turco-en-la-neblina\/","name":"CRISTINA KIRCHNER CRUZ\u00d3 A CAPUTO: \"M\u00c1S PERDIDOS QUE TURCO EN LA NEBLINA\" - Apuntes de San Luis","isPartOf":{"@id":"https:\/\/apuntesdesanluis.com\/#website"},"primaryImageOfPage":{"@id":"https:\/\/apuntesdesanluis.com\/index.php\/2024\/07\/19\/cristina-kirchner-cruzo-a-caputo-mas-perdidos-que-turco-en-la-neblina\/#primaryimage"},"image":{"@id":"https:\/\/apuntesdesanluis.com\/index.php\/2024\/07\/19\/cristina-kirchner-cruzo-a-caputo-mas-perdidos-que-turco-en-la-neblina\/#primaryimage"},"thumbnailUrl":"https:\/\/apuntesdesanluis.com\/wp-content\/uploads\/2024\/07\/CRISTINA.png","datePublished":"2024-07-20T00:46:08+00:00","breadcrumb":{"@id":"https:\/\/apuntesdesanluis.com\/index.php\/2024\/07\/19\/cristina-kirchner-cruzo-a-caputo-mas-perdidos-que-turco-en-la-neblina\/#breadcrumb"},"inLanguage":"es-AR","potentialAction":[{"@type":"ReadAction","target":["https:\/\/apuntesdesanluis.com\/index.php\/2024\/07\/19\/cristina-kirchner-cruzo-a-caputo-mas-perdidos-que-turco-en-la-neblina\/"]}]},{"@type":"ImageObject","inLanguage":"es-AR","@id":"https:\/\/apuntesdesanluis.com\/index.php\/2024\/07\/19\/cristina-kirchner-cruzo-a-caputo-mas-perdidos-que-turco-en-la-neblina\/#primaryimage","url":"https:\/\/apuntesdesanluis.com\/wp-content\/uploads\/2024\/07\/CRISTINA.png","contentUrl":"https:\/\/apuntesdesanluis.com\/wp-content\/uploads\/2024\/07\/CRISTINA.png","width":717,"height":410},{"@type":"BreadcrumbList","@id":"https:\/\/apuntesdesanluis.com\/index.php\/2024\/07\/19\/cristina-kirchner-cruzo-a-caputo-mas-perdidos-que-turco-en-la-neblina\/#breadcrumb","itemListElement":[{"@type":"ListItem","position":1,"name":"Inicio","item":"https:\/\/apuntesdesanluis.com\/"},{"@type":"ListItem","position":2,"name":"CRISTINA KIRCHNER CRUZ\u00d3 A CAPUTO: &#8220;M\u00c1S PERDIDOS QUE TURCO EN LA NEBLINA&#8221;"}]},{"@type":"WebSite","@id":"https:\/\/apuntesdesanluis.com\/#website","url":"https:\/\/apuntesdesanluis.com\/","name":"Apuntes de San Luis","description":"","publisher":{"@id":"https:\/\/apuntesdesanluis.com\/#\/schema\/person\/b55151d52296fcce64d1a72538a70b90"},"potentialAction":[{"@type":"SearchAction","target":{"@type":"EntryPoint","urlTemplate":"https:\/\/apuntesdesanluis.com\/?s={search_term_string}"},"query-input":{"@type":"PropertyValueSpecification","valueRequired":true,"valueName":"search_term_string"}}],"inLanguage":"es-AR"},{"@type":["Person","Organization"],"@id":"https:\/\/apuntesdesanluis.com\/#\/schema\/person\/b55151d52296fcce64d1a72538a70b90","name":"apuntesdesanluis.com","image":{"@type":"ImageObject","inLanguage":"es-AR","@id":"https:\/\/apuntesdesanluis.com\/#\/schema\/person\/image\/","url":"https:\/\/apuntesdesanluis.com\/wp-content\/uploads\/2023\/07\/cropped-apuntesdesanluis.png","contentUrl":"https:\/\/apuntesdesanluis.com\/wp-content\/uploads\/2023\/07\/cropped-apuntesdesanluis.png","width":450,"height":112,"caption":"apuntesdesanluis.com"},"logo":{"@id":"https:\/\/apuntesdesanluis.com\/#\/schema\/person\/image\/"},"sameAs":["https:\/\/apuntesdesanluis.com"],"url":"https:\/\/apuntesdesanluis.com\/index.php\/author\/apuntesdesanluis-com\/"}]}},"featured_image_urls":{"full":["https:\/\/apuntesdesanluis.com\/wp-content\/uploads\/2024\/07\/CRISTINA.png",717,410,false],"thumbnail":["https:\/\/apuntesdesanluis.com\/wp-content\/uploads\/2024\/07\/CRISTINA-150x150.png",150,150,true],"medium":["https:\/\/apuntesdesanluis.com\/wp-content\/uploads\/2024\/07\/CRISTINA-300x172.png",300,172,true],"medium_large":["https:\/\/apuntesdesanluis.com\/wp-content\/uploads\/2024\/07\/CRISTINA.png",640,366,false],"large":["https:\/\/apuntesdesanluis.com\/wp-content\/uploads\/2024\/07\/CRISTINA.png",640,366,false],"1536x1536":["https:\/\/apuntesdesanluis.com\/wp-content\/uploads\/2024\/07\/CRISTINA.png",717,410,false],"2048x2048":["https:\/\/apuntesdesanluis.com\/wp-content\/uploads\/2024\/07\/CRISTINA.png",717,410,false],"newsever-slider-full":["https:\/\/apuntesdesanluis.com\/wp-content\/uploads\/2024\/07\/CRISTINA.png",717,410,false],"newsever-featured":["https:\/\/apuntesdesanluis.com\/wp-content\/uploads\/2024\/07\/CRISTINA.png",717,410,false],"newsever-medium":["https:\/\/apuntesdesanluis.com\/wp-content\/uploads\/2024\/07\/CRISTINA.png",717,410,false]},"author_info":{"display_name":"apuntesdesanluis.com","author_link":"https:\/\/apuntesdesanluis.com\/index.php\/author\/apuntesdesanluis-com\/"},"category_info":"<a href=\"https:\/\/apuntesdesanluis.com\/index.php\/category\/nacionales-internacionales\/\" rel=\"category tag\">Nacionales\/Internacionales<\/a>","tag_info":"Nacionales\/Internacionales","comment_count":"0","_links":{"self":[{"href":"https:\/\/apuntesdesanluis.com\/index.php\/wp-json\/wp\/v2\/posts\/19538","targetHints":{"allow":["GET"]}}],"collection":[{"href":"https:\/\/apuntesdesanluis.com\/index.php\/wp-json\/wp\/v2\/posts"}],"about":[{"href":"https:\/\/apuntesdesanluis.com\/index.php\/wp-json\/wp\/v2\/types\/post"}],"author":[{"embeddable":true,"href":"https:\/\/apuntesdesanluis.com\/index.php\/wp-json\/wp\/v2\/users\/1"}],"replies":[{"embeddable":true,"href":"https:\/\/apuntesdesanluis.com\/index.php\/wp-json\/wp\/v2\/comments?post=19538"}],"version-history":[{"count":1,"href":"https:\/\/apuntesdesanluis.com\/index.php\/wp-json\/wp\/v2\/posts\/19538\/revisions"}],"predecessor-version":[{"id":19540,"href":"https:\/\/apuntesdesanluis.com\/index.php\/wp-json\/wp\/v2\/posts\/19538\/revisions\/19540"}],"wp:featuredmedia":[{"embeddable":true,"href":"https:\/\/apuntesdesanluis.com\/index.php\/wp-json\/wp\/v2\/media\/19539"}],"wp:attachment":[{"href":"https:\/\/apuntesdesanluis.com\/index.php\/wp-json\/wp\/v2\/media?parent=19538"}],"wp:term":[{"taxonomy":"category","embeddable":true,"href":"https:\/\/apuntesdesanluis.com\/index.php\/wp-json\/wp\/v2\/categories?post=19538"},{"taxonomy":"post_tag","embeddable":true,"href":"https:\/\/apuntesdesanluis.com\/index.php\/wp-json\/wp\/v2\/tags?post=19538"}],"curies":[{"name":"wp","href":"https:\/\/api.w.org\/{rel}","templated":true}]}}