{"id":19541,"date":"2024-07-19T22:03:33","date_gmt":"2024-07-20T01:03:33","guid":{"rendered":"https:\/\/apuntesdesanluis.com\/?p=19541"},"modified":"2024-07-19T22:03:33","modified_gmt":"2024-07-20T01:03:33","slug":"denuncian-un-esquema-de-corrupcion-en-la-agencia-nacional-de-discapacidad-por-usd-3-400-millones","status":"publish","type":"post","link":"https:\/\/apuntesdesanluis.com\/index.php\/2024\/07\/19\/denuncian-un-esquema-de-corrupcion-en-la-agencia-nacional-de-discapacidad-por-usd-3-400-millones\/","title":{"rendered":"DENUNCIAN UN ESQUEMA DE CORRUPCI\u00d3N EN LA AGENCIA NACIONAL DE DISCAPACIDAD POR USD 3.400 MILLONES"},"content":{"rendered":"<h3>El Gobierno nacional, a trav\u00e9s del vocero <strong>Manuel Adorni<\/strong>, denunci\u00f3 \u201cun esquema de corrupci\u00f3n y desv\u00edo de fondos a trav\u00e9s de la facturaci\u00f3n de prestaciones m\u00e9dicas truchas\u201d en la <strong>Agencia Nacional de Discapacidad<\/strong> (ANDIS) que podr\u00eda ascender un total de 3.400 millones de d\u00f3lares.<\/h3>\n<h3>Las nuevas autoridades del \u00e1rea, que pas\u00f3 a depender de la Jefatura de Gabinete al Ministerio de Salud, estima que el \u201cel desv\u00edo de fondos fue de un 40% sobre el monto anual destinado a pensiones no contributivas por discapacidad\u201d. Las irregularidades derivaron en una denuncia penal -que ser\u00e1 ampliada- fue realizada por el director ejecutivo del organismo, <strong>Diego Spagnuolo<\/strong>, y es investigada por el fiscal federal <strong>Guillermo Marijuan<\/strong>.<\/h3>\n<h3>Seg\u00fan el primer corte de auditor\u00eda realizado por los funcionarios de La Libertad Avanza, solo \u201cel 7% de las pensiones por invalidez laboral cumplen con los requisitos establecidos\u201d. La documentaci\u00f3n que alimenta el expediente judicial, al que tuvo acceso Infobae tiene aristas que rozan lo inveros\u00edmil: en un expediente se aport\u00f3 como prueba de incapacidad laboral una radiograf\u00eda de un perro. \u201cLo que descubrimos es escandaloso\u201d, calificaron desde la ANDIS al ser consultados por este medio. Y no es para menos.<\/h3>\n<p><iframe title=\"Conferencia de prensa del vocero presidencial, Manuel Adorni (19\/07\/2024)\" width=\"640\" height=\"360\" src=\"https:\/\/www.youtube.com\/embed\/v94WqdlmOVE?start=63&#038;feature=oembed\" frameborder=\"0\" allow=\"accelerometer; autoplay; clipboard-write; encrypted-media; gyroscope; picture-in-picture; web-share\" referrerpolicy=\"strict-origin-when-cross-origin\" allowfullscreen><\/iframe><\/p>\n<h3>\u201cTenemos la radiograf\u00eda de un hombro mismo hombro roto en 157 expediente. Tenemos radiograf\u00edas bajadas directamente de Google. Tambi\u00e9n tenemos constancias de an\u00e1lisis de laboratorios repetidos y hasta un certificado m\u00e9dico que acredita la supuesta dolencia del paciente que en teor\u00eda no pod\u00eda trabajar por una incapacidad grave, que, en vez de describir la dolencia de la persona, reprodujo un poema de Arias Uriburu titulado \u2018la Herida\u2019. Ese es el diagn\u00f3stico m\u00e9dico que justificaba la documentaci\u00f3n m\u00e9dica que justificaba el pedido de la pensi\u00f3n por invalidez\u201d, describe el funcionario de La Libertad Avanza. \u201cNo hab\u00eda controles m\u00e9dicos en la ANDIS. Se aprobaban los expedientes sin una auditor\u00eda m\u00e9dica\u201d, recalca.<\/h3>\n<h3>\u201cEstamos seguro que entre el 30 y el 50 por ciento de las pensiones otorgadas durante los gobiernos kirchneristas van a ser dadas de baja despu\u00e9s de una exhaustiva auditor\u00eda que abarca a todo el pa\u00eds\u201d, afirman las autoridades de la ANDIS. Y enfatizan: \u201cSe encontr\u00f3 con un sistema de pensiones por invalidez laboral poco transparente, complejo de auditar y muy susceptible al fraude. Durante las gestiones anteriores, las pensiones fueron utilizadas como moneda de cambio para favores pol\u00edticos, otorg\u00e1ndolas a personas que no cumpl\u00edan con los requisitos de invalidez laboral o discapacidad\u201d.<\/h3>\n<h3>\u201cSobre los 2.559 casos auditados m\u00e9dicamente hasta el momento, solo el 7% (185) cumplen con los requisitos establecidos\u201d, destaca la denuncia judicial. Esas pensiones \u201ctruchas ya fueron dadas de baja\u201d. \u201cEl gobierno de Alberto Fern\u00e1ndez armaba operativos para otorgar pensiones. Es escandaloso\u201d, opinan los funcionarios y agregan que hay gente que llama a la Agencia denunciado que es titular de una pensi\u00f3n y nunca la gestion\u00f3.<\/h3>\n<h3><img fetchpriority=\"high\" decoding=\"async\" class=\"wp-image-19543 aligncenter\" src=\"https:\/\/apuntesdesanluis.com\/wp-content\/uploads\/2024\/07\/infografia-156x300.png\" alt=\"\" width=\"476\" height=\"915\" srcset=\"https:\/\/apuntesdesanluis.com\/wp-content\/uploads\/2024\/07\/infografia-156x300.png 156w, https:\/\/apuntesdesanluis.com\/wp-content\/uploads\/2024\/07\/infografia.png 434w\" sizes=\"(max-width: 476px) 100vw, 476px\" \/><\/h3>\n<h3>Adem\u00e1s de las pensiones mal otorgadas Spagnuolo encontr\u00f3 otras irregularidades que poco tiene que ver con la asistencia a personas con discapacidad. Como la contrataci\u00f3n de artistas como Ignacio Copani. Gastos por m\u00e1s de 35 millones de pesos en \u201cagasajos\u201d e instalaci\u00f3n de un gazebo y 20 remeras remeras para la marcha LGTV+ del a\u00f1o pasado por lo cual se abon\u00f3 $900.000.<\/h3>\n<h3>El vocero presidencial, Manuel Adorni, brind\u00f3 detalles desde la Casa Rosada sobre la pesquisa iniciada en la ANDIS y que ya tiene su correlato en los tribunales de Comodoro Py.<\/h3>\n<h3>Seg\u00fan los datos oficiales, entre 2003 y 2015, es decir los gobiernos de N\u00e9stor Kirchner y Cristina Fern\u00e1ndez de Kirchner la cantidad de Pensiones no Contributivas por Invalidez Laboral pas\u00f3 de 80.000 a 1.050.000, \u201cun n\u00famero sin precedentes incluso en pa\u00edses que han sufrido guerras mundiales\u201d, opinan desde la Casa Rosada. El valor actual de la pensi\u00f3n es de $203.100. Durante el gobierno de Mauricio Macri la cifra se mantuvo constante -ver gr\u00e1fico- pero durante la presidencia de Alberto Fern\u00e1ndez, la cifra de beneficiarios volvi\u00f3 a ascender hasta las 1.250.000 pensiones al 10 de diciembre de 2023.<\/h3>\n<p><img decoding=\"async\" class=\"wp-image-19544 aligncenter\" src=\"https:\/\/apuntesdesanluis.com\/wp-content\/uploads\/2024\/07\/pensione-x-invalidez-300x255.png\" alt=\"\" width=\"647\" height=\"550\" srcset=\"https:\/\/apuntesdesanluis.com\/wp-content\/uploads\/2024\/07\/pensione-x-invalidez-300x255.png 300w, https:\/\/apuntesdesanluis.com\/wp-content\/uploads\/2024\/07\/pensione-x-invalidez.png 700w\" sizes=\"(max-width: 647px) 100vw, 647px\" \/><\/p>\n<h3>Sobre este tema, el fiscal Mariju\u00e1n afirm\u00f3 que: \u201cTal incremento habr\u00eda sido consecuencia de un proceso de articulaci\u00f3n de decretos y resoluciones por medio de los cuales se habr\u00edan flexibilizado los criterios originalmente establecidos para el otorgamiento de tales pensiones, y por la puesta en marcha de un circuito de tramitaci\u00f3n de dichos beneficios especialmente destinado a cuestiones pol\u00edticas de favores con gobernadores e intendentes, en lo que las pensiones eran moneda de cambio aprobados en tiempos reducidos de tres meses que se entregar\u00edan a personas que no solo no ten\u00edan la condici\u00f3n de invalidez laboral, sino que en muchos casos ni siquiera ten\u00edan una condici\u00f3n m\u00e9dica de discapacidad, que habr\u00eda funcionado en forma paralela al circuito formal en el que la tramitaci\u00f3n para el otorgamiento de tal prestaci\u00f3n demoraba entre 2 y 3 a\u00f1os\u201d.<\/h3>\n<h3>Es m\u00e1s, Marijuan recuerda que \u201cla Resoluci\u00f3n 8\/2020, publicada el 30 de enero de 2020, aval\u00f3 el inicio del tr\u00e1mite para acceder al beneficio en cuesti\u00f3n aun cuando no se acompa\u00f1e el Certificado M\u00e9dico Oficial -constancia principal de an\u00e1lisis para el otorgamiento o denegatoria de la pensi\u00f3n puesto que se trata de un documento de car\u00e1cter obligatorio que, junto al alta de tr\u00e1mite en ANSES, permite dar inicio al proceso de evaluaci\u00f3n de la solicitud de la pensi\u00f3n-, y modific\u00f3 los par\u00e1metros para la determinaci\u00f3n del estado socio-econ\u00f3mico y de vulnerabilidad de las peticiones atinentes para el otorgamiento, denegaci\u00f3n, suspensi\u00f3n y caducidad de las pensiones se\u00f1aladas\u201d.<\/h3>\n<h3>La denuncia penal presentada por Spagnuolo aporta pruebas sobre casos de personas que cobraban pensiones sin tener invalidez laboral o discapacidad, incluyendo personas con bienes como aviones, embarcaciones, m\u00e1s de un auto y hasta 59 inmuebles, as\u00ed como personas que trabajaban.<\/h3>\n<h3>Hasta ahora, las nuevas autoridades de la ANDIS, a cargo del abogado Spagnuolo, certificaron que \u201calrededor del 35% de las pensiones otorgadas presentar\u00edan incompatibilidades, siendo el 5% del total (casi 60.000 pensiones) en condiciones de incompatibilidad por poseer bienes y trabajo, mientras que el 30% restante presenta incompatibilidades en las condiciones m\u00e9dicas\u201d.<\/h3>\n<h3>Para los funcionarios: \u201cEste mecanismo perverso ha vulnerado gravemente los derechos de las personas con discapacidad ya que el dinero destinado a este sector tan vulnerable de la sociedad ha sido utilizado para arreglos pol\u00edticos y beneficios de unos pocos\u201d.<\/h3>\n<h3><strong>EL IMPACTO DEL FRAUDE<\/strong><\/h3>\n<h3>La investigaci\u00f3n sobre las pensiones otorgadas de manera irregular tambi\u00e9n permiti\u00f3 observar el uso indebido del Programa Nacional Incluir Salud creado para brindar cobertura m\u00e9dico-asistencial a todas aquellas personas titulares de pensiones nacionales no contributivas.<\/h3>\n<h3>Ese programa era el encargado de pagar a los prestadores conveniados. La sospecha es que los involucrados en la presunta estafa contra el Estado, facturaban servicios a instituciones, centros m\u00e9dicos, cl\u00ednicas y transportes que en realidad no se brindaban, generando una sumatoria adicional de fondos desviados. Seg\u00fan los funcionarios de la ANDIS \u201cla estafa estaba asociada al gasto asociada a la funci\u00f3n. Ya sabemos quienes estaban involucrados\u201d, advirtieron.<\/h3>\n<h3>La investigaci\u00f3n se inici\u00f3 luego de que Spagnuolo notara una alarmante discrepancia en los datos de asignaci\u00f3n de pensiones: mientras en 2003 hab\u00eda 79.581 pensiones no contributivas por invalidez, para 2023 esta cifra se hab\u00eda disparado a 1.222.882.<\/h3>\n<h3>La auditor\u00eda tambi\u00e9n revel\u00f3 que \u201cexist\u00edan canales paralelos en la gesti\u00f3n y una demora tal que hac\u00eda que muchos solicitantes mor\u00edan esperando su pensi\u00f3n\u201d, mientras que otros, que no ten\u00edan ninguna dolencia, accedieran al beneficio en cuesti\u00f3n de meses.<\/h3>\n<h3>La denuncia judicial de la ANDIS afirma que: \u201cA partir de 2020 comenzaron una catarata de Resoluciones y Decretos flexibilizando el otorgamiento de las pensiones. Por ejemplo, en enero de 2023 eliminaron la condici\u00f3n de invalidez laboral y lo reemplazaron por algo muy subjetivo. Mientras que, en octubre de ese a\u00f1o, pocos d\u00edas antes de dejar el poder, se public\u00f3 un decreto que directamente quitaba el requisito de incapacidad para trabajar a una persona inv\u00e1lida, y el requisito de acreditar 76% de invalidez, creyendo que, de esta manera, se cubr\u00edan de todas las pensiones otorgadas irregularmente en su gesti\u00f3n\u201d.<\/h3>\n<h3><img decoding=\"async\" class=\"wp-image-19545 aligncenter\" src=\"https:\/\/apuntesdesanluis.com\/wp-content\/uploads\/2024\/07\/marijuan-300x192.png\" alt=\"\" width=\"675\" height=\"432\" srcset=\"https:\/\/apuntesdesanluis.com\/wp-content\/uploads\/2024\/07\/marijuan-300x192.png 300w, https:\/\/apuntesdesanluis.com\/wp-content\/uploads\/2024\/07\/marijuan.png 700w\" sizes=\"(max-width: 675px) 100vw, 675px\" \/><\/h3>\n<h4 style=\"text-align: center;\"><em>El fiscal Guillermo Mariju\u00e1n investiga las irregularidades en la ANDIS.<\/em><\/h4>\n<h3>Para las autoridades de la ANDIS: \u201cCon este mecanismo perverso accedieron a la pensi\u00f3n por invalidez laboral personas sin invalidez laboral, e inclusive sin condici\u00f3n m\u00e9dica alguna -pero que les entregaron la pensi\u00f3n por su condici\u00f3n de pobreza- y personas que pose\u00edan alguna condici\u00f3n m\u00e9dica pero que no eran invalidante y que trabajaban, o que ten\u00edan obra social o prepaga y pose\u00edan ingresos ellos y\/o su grupo familiar de hasta 1.5 millones de pesos. Es decir, escondieron pobres en las pensiones por invalidez, y usaron el dinero destinado a esta noble causa para arreglados pol\u00edticos con sus gobernadores e intendentes amigos\u201d.<\/h3>\n<h3>A esto se suman casos individuales como los que se descubrieron, por ejemplo, en la provincia de Chaco, donde con una misma radiograf\u00eda entregaron m\u00e1s de 100 pensiones por invalidez. En la misma provincia, en noviembre pasado -antes de finalizar el gobierno de Alberto Fern\u00e1ndez-, se sumaron 22 mil nuevos pensionados por discapacidad\u201d.<\/h3>\n<h3><strong>LOS N\u00daMEROS DE LA DISCAPACIDAD LABORAL<\/strong><\/h3>\n<h3>Seg\u00fan el relevamiento realizado por las autoridades de la ANDIS, hoy en d\u00eda existen 1.250.000 pensiones no contributivas por invalidez laboral. dentro de ellas se encontr\u00f3:<\/h3>\n<h3>&#8211; 100.000 ni\u00f1os cobrando la pensi\u00f3n.<\/h3>\n<h3>&#8211; 25.000 personas que trabajan.<\/h3>\n<h3>&#8211; 60.000 con incompatibilidad de requisitos, entre los que encontramos beneficiarios con m\u00e1s de un auto, m\u00e1s de una casa, due\u00f1os de embarcaciones y hasta avi\u00f3n.<\/h3>\n<h3>&#8211; 30.000 extranjeros de los que se desconoce su condici\u00f3n de residencia y radicaci\u00f3n.<\/h3>\n<h3>\u201cTodo esto, adem\u00e1s de ser otro curro m\u00e1s de la casta, vulnera gravemente los derechos de las personas con discapacidad y es injusto con los ciudadanos de bien que pagan sus impuestos pensando que \u00e9stos van destinados a la ayuda de quienes lo necesitan y en realidad son usados para el negociado pol\u00edtico y el beneficio de unos pocos, rompiendo la igualdad ante la ley\u201d, dijeron desde Casa Rosada.<\/h3>\n<p>&nbsp;<\/p>\n<p>&nbsp;<\/p>\n<p>&nbsp;<\/p>\n<p>&nbsp;<\/p>\n<p>&nbsp;<\/p>\n<p>&nbsp;<\/p>\n<p>&nbsp;<\/p>\n<p>&nbsp;<\/p>\n<p>&nbsp;<\/p>\n","protected":false},"excerpt":{"rendered":"<p>El Gobierno nacional, a trav\u00e9s del vocero Manuel Adorni, denunci\u00f3 \u201cun esquema de corrupci\u00f3n y&#8230;<\/p>\n","protected":false},"author":1,"featured_media":19542,"comment_status":"closed","ping_status":"closed","sticky":false,"template":"","format":"standard","meta":{"footnotes":""},"categories":[5],"tags":[],"class_list":["post-19541","post","type-post","status-publish","format-standard","has-post-thumbnail","hentry","category-nacionales-internacionales"],"yoast_head":"<!-- This site is optimized with the Yoast SEO plugin v26.1.1 - https:\/\/yoast.com\/wordpress\/plugins\/seo\/ -->\n<title>DENUNCIAN UN ESQUEMA DE CORRUPCI\u00d3N EN LA AGENCIA NACIONAL DE DISCAPACIDAD POR USD 3.400 MILLONES - Apuntes de San Luis<\/title>\n<meta name=\"robots\" content=\"index, follow, max-snippet:-1, max-image-preview:large, max-video-preview:-1\" \/>\n<link rel=\"canonical\" href=\"https:\/\/apuntesdesanluis.com\/index.php\/2024\/07\/19\/denuncian-un-esquema-de-corrupcion-en-la-agencia-nacional-de-discapacidad-por-usd-3-400-millones\/\" \/>\n<meta property=\"og:locale\" content=\"es_ES\" \/>\n<meta property=\"og:type\" content=\"article\" \/>\n<meta property=\"og:title\" content=\"DENUNCIAN UN ESQUEMA DE CORRUPCI\u00d3N EN LA AGENCIA NACIONAL DE DISCAPACIDAD POR USD 3.400 MILLONES - Apuntes de San Luis\" \/>\n<meta property=\"og:description\" content=\"El Gobierno nacional, a trav\u00e9s del vocero Manuel Adorni, denunci\u00f3 \u201cun esquema de corrupci\u00f3n y...\" \/>\n<meta property=\"og:url\" content=\"https:\/\/apuntesdesanluis.com\/index.php\/2024\/07\/19\/denuncian-un-esquema-de-corrupcion-en-la-agencia-nacional-de-discapacidad-por-usd-3-400-millones\/\" \/>\n<meta property=\"og:site_name\" content=\"Apuntes de San Luis\" \/>\n<meta property=\"article:published_time\" content=\"2024-07-20T01:03:33+00:00\" \/>\n<meta property=\"og:image\" content=\"https:\/\/apuntesdesanluis.com\/wp-content\/uploads\/2024\/07\/adorni-1.png\" \/>\n\t<meta property=\"og:image:width\" content=\"700\" \/>\n\t<meta property=\"og:image:height\" content=\"468\" \/>\n\t<meta property=\"og:image:type\" content=\"image\/png\" \/>\n<meta name=\"author\" content=\"apuntesdesanluis.com\" \/>\n<meta name=\"twitter:card\" content=\"summary_large_image\" \/>\n<meta name=\"twitter:label1\" content=\"Escrito por\" \/>\n\t<meta name=\"twitter:data1\" content=\"apuntesdesanluis.com\" \/>\n\t<meta name=\"twitter:label2\" content=\"Tiempo de lectura\" \/>\n\t<meta name=\"twitter:data2\" content=\"9 minutos\" \/>\n<script type=\"application\/ld+json\" class=\"yoast-schema-graph\">{\"@context\":\"https:\/\/schema.org\",\"@graph\":[{\"@type\":\"Article\",\"@id\":\"https:\/\/apuntesdesanluis.com\/index.php\/2024\/07\/19\/denuncian-un-esquema-de-corrupcion-en-la-agencia-nacional-de-discapacidad-por-usd-3-400-millones\/#article\",\"isPartOf\":{\"@id\":\"https:\/\/apuntesdesanluis.com\/index.php\/2024\/07\/19\/denuncian-un-esquema-de-corrupcion-en-la-agencia-nacional-de-discapacidad-por-usd-3-400-millones\/\"},\"author\":{\"name\":\"apuntesdesanluis.com\",\"@id\":\"https:\/\/apuntesdesanluis.com\/#\/schema\/person\/b55151d52296fcce64d1a72538a70b90\"},\"headline\":\"DENUNCIAN UN ESQUEMA DE CORRUPCI\u00d3N EN LA AGENCIA NACIONAL DE DISCAPACIDAD POR USD 3.400 MILLONES\",\"datePublished\":\"2024-07-20T01:03:33+00:00\",\"mainEntityOfPage\":{\"@id\":\"https:\/\/apuntesdesanluis.com\/index.php\/2024\/07\/19\/denuncian-un-esquema-de-corrupcion-en-la-agencia-nacional-de-discapacidad-por-usd-3-400-millones\/\"},\"wordCount\":1757,\"publisher\":{\"@id\":\"https:\/\/apuntesdesanluis.com\/#\/schema\/person\/b55151d52296fcce64d1a72538a70b90\"},\"image\":{\"@id\":\"https:\/\/apuntesdesanluis.com\/index.php\/2024\/07\/19\/denuncian-un-esquema-de-corrupcion-en-la-agencia-nacional-de-discapacidad-por-usd-3-400-millones\/#primaryimage\"},\"thumbnailUrl\":\"https:\/\/apuntesdesanluis.com\/wp-content\/uploads\/2024\/07\/adorni-1.png\",\"articleSection\":[\"Nacionales\/Internacionales\"],\"inLanguage\":\"es-AR\"},{\"@type\":\"WebPage\",\"@id\":\"https:\/\/apuntesdesanluis.com\/index.php\/2024\/07\/19\/denuncian-un-esquema-de-corrupcion-en-la-agencia-nacional-de-discapacidad-por-usd-3-400-millones\/\",\"url\":\"https:\/\/apuntesdesanluis.com\/index.php\/2024\/07\/19\/denuncian-un-esquema-de-corrupcion-en-la-agencia-nacional-de-discapacidad-por-usd-3-400-millones\/\",\"name\":\"DENUNCIAN UN ESQUEMA DE CORRUPCI\u00d3N EN LA AGENCIA NACIONAL DE DISCAPACIDAD POR USD 3.400 MILLONES - Apuntes de San Luis\",\"isPartOf\":{\"@id\":\"https:\/\/apuntesdesanluis.com\/#website\"},\"primaryImageOfPage\":{\"@id\":\"https:\/\/apuntesdesanluis.com\/index.php\/2024\/07\/19\/denuncian-un-esquema-de-corrupcion-en-la-agencia-nacional-de-discapacidad-por-usd-3-400-millones\/#primaryimage\"},\"image\":{\"@id\":\"https:\/\/apuntesdesanluis.com\/index.php\/2024\/07\/19\/denuncian-un-esquema-de-corrupcion-en-la-agencia-nacional-de-discapacidad-por-usd-3-400-millones\/#primaryimage\"},\"thumbnailUrl\":\"https:\/\/apuntesdesanluis.com\/wp-content\/uploads\/2024\/07\/adorni-1.png\",\"datePublished\":\"2024-07-20T01:03:33+00:00\",\"breadcrumb\":{\"@id\":\"https:\/\/apuntesdesanluis.com\/index.php\/2024\/07\/19\/denuncian-un-esquema-de-corrupcion-en-la-agencia-nacional-de-discapacidad-por-usd-3-400-millones\/#breadcrumb\"},\"inLanguage\":\"es-AR\",\"potentialAction\":[{\"@type\":\"ReadAction\",\"target\":[\"https:\/\/apuntesdesanluis.com\/index.php\/2024\/07\/19\/denuncian-un-esquema-de-corrupcion-en-la-agencia-nacional-de-discapacidad-por-usd-3-400-millones\/\"]}]},{\"@type\":\"ImageObject\",\"inLanguage\":\"es-AR\",\"@id\":\"https:\/\/apuntesdesanluis.com\/index.php\/2024\/07\/19\/denuncian-un-esquema-de-corrupcion-en-la-agencia-nacional-de-discapacidad-por-usd-3-400-millones\/#primaryimage\",\"url\":\"https:\/\/apuntesdesanluis.com\/wp-content\/uploads\/2024\/07\/adorni-1.png\",\"contentUrl\":\"https:\/\/apuntesdesanluis.com\/wp-content\/uploads\/2024\/07\/adorni-1.png\",\"width\":700,\"height\":468},{\"@type\":\"BreadcrumbList\",\"@id\":\"https:\/\/apuntesdesanluis.com\/index.php\/2024\/07\/19\/denuncian-un-esquema-de-corrupcion-en-la-agencia-nacional-de-discapacidad-por-usd-3-400-millones\/#breadcrumb\",\"itemListElement\":[{\"@type\":\"ListItem\",\"position\":1,\"name\":\"Inicio\",\"item\":\"https:\/\/apuntesdesanluis.com\/\"},{\"@type\":\"ListItem\",\"position\":2,\"name\":\"DENUNCIAN UN ESQUEMA DE CORRUPCI\u00d3N EN LA AGENCIA NACIONAL DE DISCAPACIDAD POR USD 3.400 MILLONES\"}]},{\"@type\":\"WebSite\",\"@id\":\"https:\/\/apuntesdesanluis.com\/#website\",\"url\":\"https:\/\/apuntesdesanluis.com\/\",\"name\":\"Apuntes de San Luis\",\"description\":\"\",\"publisher\":{\"@id\":\"https:\/\/apuntesdesanluis.com\/#\/schema\/person\/b55151d52296fcce64d1a72538a70b90\"},\"potentialAction\":[{\"@type\":\"SearchAction\",\"target\":{\"@type\":\"EntryPoint\",\"urlTemplate\":\"https:\/\/apuntesdesanluis.com\/?s={search_term_string}\"},\"query-input\":{\"@type\":\"PropertyValueSpecification\",\"valueRequired\":true,\"valueName\":\"search_term_string\"}}],\"inLanguage\":\"es-AR\"},{\"@type\":[\"Person\",\"Organization\"],\"@id\":\"https:\/\/apuntesdesanluis.com\/#\/schema\/person\/b55151d52296fcce64d1a72538a70b90\",\"name\":\"apuntesdesanluis.com\",\"image\":{\"@type\":\"ImageObject\",\"inLanguage\":\"es-AR\",\"@id\":\"https:\/\/apuntesdesanluis.com\/#\/schema\/person\/image\/\",\"url\":\"https:\/\/apuntesdesanluis.com\/wp-content\/uploads\/2023\/07\/cropped-apuntesdesanluis.png\",\"contentUrl\":\"https:\/\/apuntesdesanluis.com\/wp-content\/uploads\/2023\/07\/cropped-apuntesdesanluis.png\",\"width\":450,\"height\":112,\"caption\":\"apuntesdesanluis.com\"},\"logo\":{\"@id\":\"https:\/\/apuntesdesanluis.com\/#\/schema\/person\/image\/\"},\"sameAs\":[\"https:\/\/apuntesdesanluis.com\"],\"url\":\"https:\/\/apuntesdesanluis.com\/index.php\/author\/apuntesdesanluis-com\/\"}]}<\/script>\n<!-- \/ Yoast SEO plugin. -->","yoast_head_json":{"title":"DENUNCIAN UN ESQUEMA DE CORRUPCI\u00d3N EN LA AGENCIA NACIONAL DE DISCAPACIDAD POR USD 3.400 MILLONES - Apuntes de San Luis","robots":{"index":"index","follow":"follow","max-snippet":"max-snippet:-1","max-image-preview":"max-image-preview:large","max-video-preview":"max-video-preview:-1"},"canonical":"https:\/\/apuntesdesanluis.com\/index.php\/2024\/07\/19\/denuncian-un-esquema-de-corrupcion-en-la-agencia-nacional-de-discapacidad-por-usd-3-400-millones\/","og_locale":"es_ES","og_type":"article","og_title":"DENUNCIAN UN ESQUEMA DE CORRUPCI\u00d3N EN LA AGENCIA NACIONAL DE DISCAPACIDAD POR USD 3.400 MILLONES - Apuntes de San Luis","og_description":"El Gobierno nacional, a trav\u00e9s del vocero Manuel Adorni, denunci\u00f3 \u201cun esquema de corrupci\u00f3n y...","og_url":"https:\/\/apuntesdesanluis.com\/index.php\/2024\/07\/19\/denuncian-un-esquema-de-corrupcion-en-la-agencia-nacional-de-discapacidad-por-usd-3-400-millones\/","og_site_name":"Apuntes de San Luis","article_published_time":"2024-07-20T01:03:33+00:00","og_image":[{"width":700,"height":468,"url":"https:\/\/apuntesdesanluis.com\/wp-content\/uploads\/2024\/07\/adorni-1.png","type":"image\/png"}],"author":"apuntesdesanluis.com","twitter_card":"summary_large_image","twitter_misc":{"Escrito por":"apuntesdesanluis.com","Tiempo de lectura":"9 minutos"},"schema":{"@context":"https:\/\/schema.org","@graph":[{"@type":"Article","@id":"https:\/\/apuntesdesanluis.com\/index.php\/2024\/07\/19\/denuncian-un-esquema-de-corrupcion-en-la-agencia-nacional-de-discapacidad-por-usd-3-400-millones\/#article","isPartOf":{"@id":"https:\/\/apuntesdesanluis.com\/index.php\/2024\/07\/19\/denuncian-un-esquema-de-corrupcion-en-la-agencia-nacional-de-discapacidad-por-usd-3-400-millones\/"},"author":{"name":"apuntesdesanluis.com","@id":"https:\/\/apuntesdesanluis.com\/#\/schema\/person\/b55151d52296fcce64d1a72538a70b90"},"headline":"DENUNCIAN UN ESQUEMA DE CORRUPCI\u00d3N EN LA AGENCIA NACIONAL DE DISCAPACIDAD POR USD 3.400 MILLONES","datePublished":"2024-07-20T01:03:33+00:00","mainEntityOfPage":{"@id":"https:\/\/apuntesdesanluis.com\/index.php\/2024\/07\/19\/denuncian-un-esquema-de-corrupcion-en-la-agencia-nacional-de-discapacidad-por-usd-3-400-millones\/"},"wordCount":1757,"publisher":{"@id":"https:\/\/apuntesdesanluis.com\/#\/schema\/person\/b55151d52296fcce64d1a72538a70b90"},"image":{"@id":"https:\/\/apuntesdesanluis.com\/index.php\/2024\/07\/19\/denuncian-un-esquema-de-corrupcion-en-la-agencia-nacional-de-discapacidad-por-usd-3-400-millones\/#primaryimage"},"thumbnailUrl":"https:\/\/apuntesdesanluis.com\/wp-content\/uploads\/2024\/07\/adorni-1.png","articleSection":["Nacionales\/Internacionales"],"inLanguage":"es-AR"},{"@type":"WebPage","@id":"https:\/\/apuntesdesanluis.com\/index.php\/2024\/07\/19\/denuncian-un-esquema-de-corrupcion-en-la-agencia-nacional-de-discapacidad-por-usd-3-400-millones\/","url":"https:\/\/apuntesdesanluis.com\/index.php\/2024\/07\/19\/denuncian-un-esquema-de-corrupcion-en-la-agencia-nacional-de-discapacidad-por-usd-3-400-millones\/","name":"DENUNCIAN UN ESQUEMA DE CORRUPCI\u00d3N EN LA AGENCIA NACIONAL DE DISCAPACIDAD POR USD 3.400 MILLONES - Apuntes de San Luis","isPartOf":{"@id":"https:\/\/apuntesdesanluis.com\/#website"},"primaryImageOfPage":{"@id":"https:\/\/apuntesdesanluis.com\/index.php\/2024\/07\/19\/denuncian-un-esquema-de-corrupcion-en-la-agencia-nacional-de-discapacidad-por-usd-3-400-millones\/#primaryimage"},"image":{"@id":"https:\/\/apuntesdesanluis.com\/index.php\/2024\/07\/19\/denuncian-un-esquema-de-corrupcion-en-la-agencia-nacional-de-discapacidad-por-usd-3-400-millones\/#primaryimage"},"thumbnailUrl":"https:\/\/apuntesdesanluis.com\/wp-content\/uploads\/2024\/07\/adorni-1.png","datePublished":"2024-07-20T01:03:33+00:00","breadcrumb":{"@id":"https:\/\/apuntesdesanluis.com\/index.php\/2024\/07\/19\/denuncian-un-esquema-de-corrupcion-en-la-agencia-nacional-de-discapacidad-por-usd-3-400-millones\/#breadcrumb"},"inLanguage":"es-AR","potentialAction":[{"@type":"ReadAction","target":["https:\/\/apuntesdesanluis.com\/index.php\/2024\/07\/19\/denuncian-un-esquema-de-corrupcion-en-la-agencia-nacional-de-discapacidad-por-usd-3-400-millones\/"]}]},{"@type":"ImageObject","inLanguage":"es-AR","@id":"https:\/\/apuntesdesanluis.com\/index.php\/2024\/07\/19\/denuncian-un-esquema-de-corrupcion-en-la-agencia-nacional-de-discapacidad-por-usd-3-400-millones\/#primaryimage","url":"https:\/\/apuntesdesanluis.com\/wp-content\/uploads\/2024\/07\/adorni-1.png","contentUrl":"https:\/\/apuntesdesanluis.com\/wp-content\/uploads\/2024\/07\/adorni-1.png","width":700,"height":468},{"@type":"BreadcrumbList","@id":"https:\/\/apuntesdesanluis.com\/index.php\/2024\/07\/19\/denuncian-un-esquema-de-corrupcion-en-la-agencia-nacional-de-discapacidad-por-usd-3-400-millones\/#breadcrumb","itemListElement":[{"@type":"ListItem","position":1,"name":"Inicio","item":"https:\/\/apuntesdesanluis.com\/"},{"@type":"ListItem","position":2,"name":"DENUNCIAN UN ESQUEMA DE CORRUPCI\u00d3N EN LA AGENCIA NACIONAL DE DISCAPACIDAD POR USD 3.400 MILLONES"}]},{"@type":"WebSite","@id":"https:\/\/apuntesdesanluis.com\/#website","url":"https:\/\/apuntesdesanluis.com\/","name":"Apuntes de San Luis","description":"","publisher":{"@id":"https:\/\/apuntesdesanluis.com\/#\/schema\/person\/b55151d52296fcce64d1a72538a70b90"},"potentialAction":[{"@type":"SearchAction","target":{"@type":"EntryPoint","urlTemplate":"https:\/\/apuntesdesanluis.com\/?s={search_term_string}"},"query-input":{"@type":"PropertyValueSpecification","valueRequired":true,"valueName":"search_term_string"}}],"inLanguage":"es-AR"},{"@type":["Person","Organization"],"@id":"https:\/\/apuntesdesanluis.com\/#\/schema\/person\/b55151d52296fcce64d1a72538a70b90","name":"apuntesdesanluis.com","image":{"@type":"ImageObject","inLanguage":"es-AR","@id":"https:\/\/apuntesdesanluis.com\/#\/schema\/person\/image\/","url":"https:\/\/apuntesdesanluis.com\/wp-content\/uploads\/2023\/07\/cropped-apuntesdesanluis.png","contentUrl":"https:\/\/apuntesdesanluis.com\/wp-content\/uploads\/2023\/07\/cropped-apuntesdesanluis.png","width":450,"height":112,"caption":"apuntesdesanluis.com"},"logo":{"@id":"https:\/\/apuntesdesanluis.com\/#\/schema\/person\/image\/"},"sameAs":["https:\/\/apuntesdesanluis.com"],"url":"https:\/\/apuntesdesanluis.com\/index.php\/author\/apuntesdesanluis-com\/"}]}},"featured_image_urls":{"full":["https:\/\/apuntesdesanluis.com\/wp-content\/uploads\/2024\/07\/adorni-1.png",700,468,false],"thumbnail":["https:\/\/apuntesdesanluis.com\/wp-content\/uploads\/2024\/07\/adorni-1-150x150.png",150,150,true],"medium":["https:\/\/apuntesdesanluis.com\/wp-content\/uploads\/2024\/07\/adorni-1-300x201.png",300,201,true],"medium_large":["https:\/\/apuntesdesanluis.com\/wp-content\/uploads\/2024\/07\/adorni-1.png",640,428,false],"large":["https:\/\/apuntesdesanluis.com\/wp-content\/uploads\/2024\/07\/adorni-1.png",640,428,false],"1536x1536":["https:\/\/apuntesdesanluis.com\/wp-content\/uploads\/2024\/07\/adorni-1.png",700,468,false],"2048x2048":["https:\/\/apuntesdesanluis.com\/wp-content\/uploads\/2024\/07\/adorni-1.png",700,468,false],"newsever-slider-full":["https:\/\/apuntesdesanluis.com\/wp-content\/uploads\/2024\/07\/adorni-1.png",700,468,false],"newsever-featured":["https:\/\/apuntesdesanluis.com\/wp-content\/uploads\/2024\/07\/adorni-1.png",700,468,false],"newsever-medium":["https:\/\/apuntesdesanluis.com\/wp-content\/uploads\/2024\/07\/adorni-1.png",700,468,false]},"author_info":{"display_name":"apuntesdesanluis.com","author_link":"https:\/\/apuntesdesanluis.com\/index.php\/author\/apuntesdesanluis-com\/"},"category_info":"<a href=\"https:\/\/apuntesdesanluis.com\/index.php\/category\/nacionales-internacionales\/\" rel=\"category tag\">Nacionales\/Internacionales<\/a>","tag_info":"Nacionales\/Internacionales","comment_count":"0","_links":{"self":[{"href":"https:\/\/apuntesdesanluis.com\/index.php\/wp-json\/wp\/v2\/posts\/19541","targetHints":{"allow":["GET"]}}],"collection":[{"href":"https:\/\/apuntesdesanluis.com\/index.php\/wp-json\/wp\/v2\/posts"}],"about":[{"href":"https:\/\/apuntesdesanluis.com\/index.php\/wp-json\/wp\/v2\/types\/post"}],"author":[{"embeddable":true,"href":"https:\/\/apuntesdesanluis.com\/index.php\/wp-json\/wp\/v2\/users\/1"}],"replies":[{"embeddable":true,"href":"https:\/\/apuntesdesanluis.com\/index.php\/wp-json\/wp\/v2\/comments?post=19541"}],"version-history":[{"count":1,"href":"https:\/\/apuntesdesanluis.com\/index.php\/wp-json\/wp\/v2\/posts\/19541\/revisions"}],"predecessor-version":[{"id":19546,"href":"https:\/\/apuntesdesanluis.com\/index.php\/wp-json\/wp\/v2\/posts\/19541\/revisions\/19546"}],"wp:featuredmedia":[{"embeddable":true,"href":"https:\/\/apuntesdesanluis.com\/index.php\/wp-json\/wp\/v2\/media\/19542"}],"wp:attachment":[{"href":"https:\/\/apuntesdesanluis.com\/index.php\/wp-json\/wp\/v2\/media?parent=19541"}],"wp:term":[{"taxonomy":"category","embeddable":true,"href":"https:\/\/apuntesdesanluis.com\/index.php\/wp-json\/wp\/v2\/categories?post=19541"},{"taxonomy":"post_tag","embeddable":true,"href":"https:\/\/apuntesdesanluis.com\/index.php\/wp-json\/wp\/v2\/tags?post=19541"}],"curies":[{"name":"wp","href":"https:\/\/api.w.org\/{rel}","templated":true}]}}