{"id":19557,"date":"2024-07-19T22:06:45","date_gmt":"2024-07-20T01:06:45","guid":{"rendered":"https:\/\/apuntesdesanluis.com\/?p=19557"},"modified":"2024-07-20T22:16:12","modified_gmt":"2024-07-21T01:16:12","slug":"clinica-de-la-alimentacion-resisten-el-cierre-de-guardia-e-internacion","status":"publish","type":"post","link":"https:\/\/apuntesdesanluis.com\/index.php\/2024\/07\/19\/clinica-de-la-alimentacion-resisten-el-cierre-de-guardia-e-internacion\/","title":{"rendered":"CL\u00cdNICA DE LA ALIMENTACI\u00d3N: RESISTEN EL CIERRE DE GUARDIA E INTERNACI\u00d3N"},"content":{"rendered":"<h3>Este viernes m\u00e1s de cien trabajadores se reunieron para llevar a cabo un emotivo abrazo simb\u00f3lico en defensa de la C<strong>l\u00ednica del Sindicato de Trabajadores de Industrias de la Alimentaci\u00f3n<\/strong> (STIA), en Villa Mercedes, que est\u00e1 amenazada con el cierre de su servicio de internado y guardia.<\/h3>\n<h3>La protesta se organiz\u00f3 en respuesta a la decisi\u00f3n unilateral de las autoridades del gremio en la provincia, quienes pretenden implementar esta medida. Los manifestantes se congregaron para expresar su preocupaci\u00f3n y exigir que se reconsiderara la determinaci\u00f3n adoptada.<\/h3>\n<h3>Los afiliados, en su mayor\u00eda provenientes de empresas como Bagley y Arcor, subrayaron que la cl\u00ednica ha sido un recurso fundamental durante d\u00e9cadas y expresaron su temor a perder este servicio esencial de un momento a otro. Adalberto Bustamente, uno de los delegados, enfatiz\u00f3 que la intenci\u00f3n de la protesta era pac\u00edfica y apol\u00edtica, centrada \u00fanicamente en la defensa de un beneficio largamente valorado por los trabajadores.<\/h3>\n<h3>Recordaron que la instituci\u00f3n se cre\u00f3 con el aporte de los afiliados, que sin embargo nunca fueron consultados sobre el cierre de estos servicios, sino que se les comunic\u00f3 una decisi\u00f3n que ya habr\u00eda tomado unilateralmente la actual conducci\u00f3n del gremio.<\/h3>\n<h3>En relaci\u00f3n con la situaci\u00f3n actual, los trabajadores informaron que no existe un acuerdo formal sobre c\u00f3mo funcionar\u00edan los servicios de internaci\u00f3n y guardia en caso de que se efectuara el cierre.<\/h3>\n<h3>Las discusiones sobre tercerizaci\u00f3n con otros centros m\u00e9dicos han sido comunicadas de manera verbal, generando incertidumbre entre los afectados, quienes sostienen que el policonsultorio es el \u00e1rea con mayores problemas econ\u00f3micos, no la internaci\u00f3n que se pretende cerrar.<\/h3>\n<h3>Durante el abrazo simb\u00f3lico, los participantes hicieron hincapi\u00e9 en que la gesti\u00f3n actual del gremio deber\u00eda priorizar la salud de los trabajadores y evitar que la cl\u00ednica, conocida popularmente como la cl\u00ednica de la alimentaci\u00f3n, se vea privada de brindar servicios de internaci\u00f3n que han estado disponibles durante aproximadamente tres d\u00e9cadas.<\/h3>\n<h3>Natalia Rossi, delegada de Bagley, resalt\u00f3 la necesidad de actuar ante el descontento generalizado generado por la medida, enfatizando que la cl\u00ednica es un patrimonio com\u00fan para el cual todos han contribuido. Asegur\u00f3 que se han tomado precauciones para evitar que la situaci\u00f3n se politice, enfoc\u00e1ndose en mantener los servicios esenciales para los trabajadores afiliados al STIA.<\/h3>\n<p>&nbsp;<\/p>\n<p>&nbsp;<\/p>\n<p>&nbsp;<\/p>\n","protected":false},"excerpt":{"rendered":"<p>Este viernes m\u00e1s de cien trabajadores se reunieron para llevar a cabo un emotivo abrazo&#8230;<\/p>\n","protected":false},"author":1,"featured_media":19558,"comment_status":"closed","ping_status":"closed","sticky":false,"template":"","format":"standard","meta":{"footnotes":""},"categories":[6],"tags":[],"class_list":["post-19557","post","type-post","status-publish","format-standard","has-post-thumbnail","hentry","category-ciudad-provincia"],"yoast_head":"<!-- This site is optimized with the Yoast SEO plugin v26.1.1 - https:\/\/yoast.com\/wordpress\/plugins\/seo\/ -->\n<title>CL\u00cdNICA DE LA ALIMENTACI\u00d3N: RESISTEN EL CIERRE DE GUARDIA E INTERNACI\u00d3N - Apuntes de San Luis<\/title>\n<meta name=\"robots\" content=\"index, follow, max-snippet:-1, max-image-preview:large, max-video-preview:-1\" \/>\n<link rel=\"canonical\" href=\"https:\/\/apuntesdesanluis.com\/index.php\/2024\/07\/19\/clinica-de-la-alimentacion-resisten-el-cierre-de-guardia-e-internacion\/\" \/>\n<meta property=\"og:locale\" content=\"es_ES\" \/>\n<meta property=\"og:type\" content=\"article\" \/>\n<meta property=\"og:title\" content=\"CL\u00cdNICA DE LA ALIMENTACI\u00d3N: RESISTEN EL CIERRE DE GUARDIA E INTERNACI\u00d3N - Apuntes de San Luis\" \/>\n<meta property=\"og:description\" content=\"Este viernes m\u00e1s de cien trabajadores se reunieron para llevar a cabo un emotivo abrazo...\" \/>\n<meta property=\"og:url\" content=\"https:\/\/apuntesdesanluis.com\/index.php\/2024\/07\/19\/clinica-de-la-alimentacion-resisten-el-cierre-de-guardia-e-internacion\/\" \/>\n<meta property=\"og:site_name\" content=\"Apuntes de San Luis\" \/>\n<meta property=\"article:published_time\" content=\"2024-07-20T01:06:45+00:00\" \/>\n<meta property=\"article:modified_time\" content=\"2024-07-21T01:16:12+00:00\" \/>\n<meta property=\"og:image\" content=\"https:\/\/apuntesdesanluis.com\/wp-content\/uploads\/2024\/07\/clinica-stia.png\" \/>\n\t<meta property=\"og:image:width\" content=\"700\" \/>\n\t<meta property=\"og:image:height\" content=\"409\" \/>\n\t<meta property=\"og:image:type\" content=\"image\/png\" \/>\n<meta name=\"author\" content=\"apuntesdesanluis.com\" \/>\n<meta name=\"twitter:card\" content=\"summary_large_image\" \/>\n<meta name=\"twitter:label1\" content=\"Escrito por\" \/>\n\t<meta name=\"twitter:data1\" content=\"apuntesdesanluis.com\" \/>\n\t<meta name=\"twitter:label2\" content=\"Tiempo de lectura\" \/>\n\t<meta name=\"twitter:data2\" content=\"2 minutos\" \/>\n<script type=\"application\/ld+json\" class=\"yoast-schema-graph\">{\"@context\":\"https:\/\/schema.org\",\"@graph\":[{\"@type\":\"Article\",\"@id\":\"https:\/\/apuntesdesanluis.com\/index.php\/2024\/07\/19\/clinica-de-la-alimentacion-resisten-el-cierre-de-guardia-e-internacion\/#article\",\"isPartOf\":{\"@id\":\"https:\/\/apuntesdesanluis.com\/index.php\/2024\/07\/19\/clinica-de-la-alimentacion-resisten-el-cierre-de-guardia-e-internacion\/\"},\"author\":{\"name\":\"apuntesdesanluis.com\",\"@id\":\"https:\/\/apuntesdesanluis.com\/#\/schema\/person\/b55151d52296fcce64d1a72538a70b90\"},\"headline\":\"CL\u00cdNICA DE LA ALIMENTACI\u00d3N: RESISTEN EL CIERRE DE GUARDIA E INTERNACI\u00d3N\",\"datePublished\":\"2024-07-20T01:06:45+00:00\",\"dateModified\":\"2024-07-21T01:16:12+00:00\",\"mainEntityOfPage\":{\"@id\":\"https:\/\/apuntesdesanluis.com\/index.php\/2024\/07\/19\/clinica-de-la-alimentacion-resisten-el-cierre-de-guardia-e-internacion\/\"},\"wordCount\":427,\"publisher\":{\"@id\":\"https:\/\/apuntesdesanluis.com\/#\/schema\/person\/b55151d52296fcce64d1a72538a70b90\"},\"image\":{\"@id\":\"https:\/\/apuntesdesanluis.com\/index.php\/2024\/07\/19\/clinica-de-la-alimentacion-resisten-el-cierre-de-guardia-e-internacion\/#primaryimage\"},\"thumbnailUrl\":\"https:\/\/apuntesdesanluis.com\/wp-content\/uploads\/2024\/07\/clinica-stia.png\",\"articleSection\":[\"Ciudad\/Provincia\"],\"inLanguage\":\"es-AR\"},{\"@type\":\"WebPage\",\"@id\":\"https:\/\/apuntesdesanluis.com\/index.php\/2024\/07\/19\/clinica-de-la-alimentacion-resisten-el-cierre-de-guardia-e-internacion\/\",\"url\":\"https:\/\/apuntesdesanluis.com\/index.php\/2024\/07\/19\/clinica-de-la-alimentacion-resisten-el-cierre-de-guardia-e-internacion\/\",\"name\":\"CL\u00cdNICA DE LA ALIMENTACI\u00d3N: RESISTEN EL CIERRE DE GUARDIA E INTERNACI\u00d3N - Apuntes de San Luis\",\"isPartOf\":{\"@id\":\"https:\/\/apuntesdesanluis.com\/#website\"},\"primaryImageOfPage\":{\"@id\":\"https:\/\/apuntesdesanluis.com\/index.php\/2024\/07\/19\/clinica-de-la-alimentacion-resisten-el-cierre-de-guardia-e-internacion\/#primaryimage\"},\"image\":{\"@id\":\"https:\/\/apuntesdesanluis.com\/index.php\/2024\/07\/19\/clinica-de-la-alimentacion-resisten-el-cierre-de-guardia-e-internacion\/#primaryimage\"},\"thumbnailUrl\":\"https:\/\/apuntesdesanluis.com\/wp-content\/uploads\/2024\/07\/clinica-stia.png\",\"datePublished\":\"2024-07-20T01:06:45+00:00\",\"dateModified\":\"2024-07-21T01:16:12+00:00\",\"breadcrumb\":{\"@id\":\"https:\/\/apuntesdesanluis.com\/index.php\/2024\/07\/19\/clinica-de-la-alimentacion-resisten-el-cierre-de-guardia-e-internacion\/#breadcrumb\"},\"inLanguage\":\"es-AR\",\"potentialAction\":[{\"@type\":\"ReadAction\",\"target\":[\"https:\/\/apuntesdesanluis.com\/index.php\/2024\/07\/19\/clinica-de-la-alimentacion-resisten-el-cierre-de-guardia-e-internacion\/\"]}]},{\"@type\":\"ImageObject\",\"inLanguage\":\"es-AR\",\"@id\":\"https:\/\/apuntesdesanluis.com\/index.php\/2024\/07\/19\/clinica-de-la-alimentacion-resisten-el-cierre-de-guardia-e-internacion\/#primaryimage\",\"url\":\"https:\/\/apuntesdesanluis.com\/wp-content\/uploads\/2024\/07\/clinica-stia.png\",\"contentUrl\":\"https:\/\/apuntesdesanluis.com\/wp-content\/uploads\/2024\/07\/clinica-stia.png\",\"width\":700,\"height\":409},{\"@type\":\"BreadcrumbList\",\"@id\":\"https:\/\/apuntesdesanluis.com\/index.php\/2024\/07\/19\/clinica-de-la-alimentacion-resisten-el-cierre-de-guardia-e-internacion\/#breadcrumb\",\"itemListElement\":[{\"@type\":\"ListItem\",\"position\":1,\"name\":\"Inicio\",\"item\":\"https:\/\/apuntesdesanluis.com\/\"},{\"@type\":\"ListItem\",\"position\":2,\"name\":\"CL\u00cdNICA DE LA ALIMENTACI\u00d3N: RESISTEN EL CIERRE DE GUARDIA E INTERNACI\u00d3N\"}]},{\"@type\":\"WebSite\",\"@id\":\"https:\/\/apuntesdesanluis.com\/#website\",\"url\":\"https:\/\/apuntesdesanluis.com\/\",\"name\":\"Apuntes de San Luis\",\"description\":\"\",\"publisher\":{\"@id\":\"https:\/\/apuntesdesanluis.com\/#\/schema\/person\/b55151d52296fcce64d1a72538a70b90\"},\"potentialAction\":[{\"@type\":\"SearchAction\",\"target\":{\"@type\":\"EntryPoint\",\"urlTemplate\":\"https:\/\/apuntesdesanluis.com\/?s={search_term_string}\"},\"query-input\":{\"@type\":\"PropertyValueSpecification\",\"valueRequired\":true,\"valueName\":\"search_term_string\"}}],\"inLanguage\":\"es-AR\"},{\"@type\":[\"Person\",\"Organization\"],\"@id\":\"https:\/\/apuntesdesanluis.com\/#\/schema\/person\/b55151d52296fcce64d1a72538a70b90\",\"name\":\"apuntesdesanluis.com\",\"image\":{\"@type\":\"ImageObject\",\"inLanguage\":\"es-AR\",\"@id\":\"https:\/\/apuntesdesanluis.com\/#\/schema\/person\/image\/\",\"url\":\"https:\/\/apuntesdesanluis.com\/wp-content\/uploads\/2023\/07\/cropped-apuntesdesanluis.png\",\"contentUrl\":\"https:\/\/apuntesdesanluis.com\/wp-content\/uploads\/2023\/07\/cropped-apuntesdesanluis.png\",\"width\":450,\"height\":112,\"caption\":\"apuntesdesanluis.com\"},\"logo\":{\"@id\":\"https:\/\/apuntesdesanluis.com\/#\/schema\/person\/image\/\"},\"sameAs\":[\"https:\/\/apuntesdesanluis.com\"],\"url\":\"https:\/\/apuntesdesanluis.com\/index.php\/author\/apuntesdesanluis-com\/\"}]}<\/script>\n<!-- \/ Yoast SEO plugin. -->","yoast_head_json":{"title":"CL\u00cdNICA DE LA ALIMENTACI\u00d3N: RESISTEN EL CIERRE DE GUARDIA E INTERNACI\u00d3N - Apuntes de San Luis","robots":{"index":"index","follow":"follow","max-snippet":"max-snippet:-1","max-image-preview":"max-image-preview:large","max-video-preview":"max-video-preview:-1"},"canonical":"https:\/\/apuntesdesanluis.com\/index.php\/2024\/07\/19\/clinica-de-la-alimentacion-resisten-el-cierre-de-guardia-e-internacion\/","og_locale":"es_ES","og_type":"article","og_title":"CL\u00cdNICA DE LA ALIMENTACI\u00d3N: RESISTEN EL CIERRE DE GUARDIA E INTERNACI\u00d3N - Apuntes de San Luis","og_description":"Este viernes m\u00e1s de cien trabajadores se reunieron para llevar a cabo un emotivo abrazo...","og_url":"https:\/\/apuntesdesanluis.com\/index.php\/2024\/07\/19\/clinica-de-la-alimentacion-resisten-el-cierre-de-guardia-e-internacion\/","og_site_name":"Apuntes de San Luis","article_published_time":"2024-07-20T01:06:45+00:00","article_modified_time":"2024-07-21T01:16:12+00:00","og_image":[{"width":700,"height":409,"url":"https:\/\/apuntesdesanluis.com\/wp-content\/uploads\/2024\/07\/clinica-stia.png","type":"image\/png"}],"author":"apuntesdesanluis.com","twitter_card":"summary_large_image","twitter_misc":{"Escrito por":"apuntesdesanluis.com","Tiempo de lectura":"2 minutos"},"schema":{"@context":"https:\/\/schema.org","@graph":[{"@type":"Article","@id":"https:\/\/apuntesdesanluis.com\/index.php\/2024\/07\/19\/clinica-de-la-alimentacion-resisten-el-cierre-de-guardia-e-internacion\/#article","isPartOf":{"@id":"https:\/\/apuntesdesanluis.com\/index.php\/2024\/07\/19\/clinica-de-la-alimentacion-resisten-el-cierre-de-guardia-e-internacion\/"},"author":{"name":"apuntesdesanluis.com","@id":"https:\/\/apuntesdesanluis.com\/#\/schema\/person\/b55151d52296fcce64d1a72538a70b90"},"headline":"CL\u00cdNICA DE LA ALIMENTACI\u00d3N: RESISTEN EL CIERRE DE GUARDIA E INTERNACI\u00d3N","datePublished":"2024-07-20T01:06:45+00:00","dateModified":"2024-07-21T01:16:12+00:00","mainEntityOfPage":{"@id":"https:\/\/apuntesdesanluis.com\/index.php\/2024\/07\/19\/clinica-de-la-alimentacion-resisten-el-cierre-de-guardia-e-internacion\/"},"wordCount":427,"publisher":{"@id":"https:\/\/apuntesdesanluis.com\/#\/schema\/person\/b55151d52296fcce64d1a72538a70b90"},"image":{"@id":"https:\/\/apuntesdesanluis.com\/index.php\/2024\/07\/19\/clinica-de-la-alimentacion-resisten-el-cierre-de-guardia-e-internacion\/#primaryimage"},"thumbnailUrl":"https:\/\/apuntesdesanluis.com\/wp-content\/uploads\/2024\/07\/clinica-stia.png","articleSection":["Ciudad\/Provincia"],"inLanguage":"es-AR"},{"@type":"WebPage","@id":"https:\/\/apuntesdesanluis.com\/index.php\/2024\/07\/19\/clinica-de-la-alimentacion-resisten-el-cierre-de-guardia-e-internacion\/","url":"https:\/\/apuntesdesanluis.com\/index.php\/2024\/07\/19\/clinica-de-la-alimentacion-resisten-el-cierre-de-guardia-e-internacion\/","name":"CL\u00cdNICA DE LA ALIMENTACI\u00d3N: RESISTEN EL CIERRE DE GUARDIA E INTERNACI\u00d3N - Apuntes de San Luis","isPartOf":{"@id":"https:\/\/apuntesdesanluis.com\/#website"},"primaryImageOfPage":{"@id":"https:\/\/apuntesdesanluis.com\/index.php\/2024\/07\/19\/clinica-de-la-alimentacion-resisten-el-cierre-de-guardia-e-internacion\/#primaryimage"},"image":{"@id":"https:\/\/apuntesdesanluis.com\/index.php\/2024\/07\/19\/clinica-de-la-alimentacion-resisten-el-cierre-de-guardia-e-internacion\/#primaryimage"},"thumbnailUrl":"https:\/\/apuntesdesanluis.com\/wp-content\/uploads\/2024\/07\/clinica-stia.png","datePublished":"2024-07-20T01:06:45+00:00","dateModified":"2024-07-21T01:16:12+00:00","breadcrumb":{"@id":"https:\/\/apuntesdesanluis.com\/index.php\/2024\/07\/19\/clinica-de-la-alimentacion-resisten-el-cierre-de-guardia-e-internacion\/#breadcrumb"},"inLanguage":"es-AR","potentialAction":[{"@type":"ReadAction","target":["https:\/\/apuntesdesanluis.com\/index.php\/2024\/07\/19\/clinica-de-la-alimentacion-resisten-el-cierre-de-guardia-e-internacion\/"]}]},{"@type":"ImageObject","inLanguage":"es-AR","@id":"https:\/\/apuntesdesanluis.com\/index.php\/2024\/07\/19\/clinica-de-la-alimentacion-resisten-el-cierre-de-guardia-e-internacion\/#primaryimage","url":"https:\/\/apuntesdesanluis.com\/wp-content\/uploads\/2024\/07\/clinica-stia.png","contentUrl":"https:\/\/apuntesdesanluis.com\/wp-content\/uploads\/2024\/07\/clinica-stia.png","width":700,"height":409},{"@type":"BreadcrumbList","@id":"https:\/\/apuntesdesanluis.com\/index.php\/2024\/07\/19\/clinica-de-la-alimentacion-resisten-el-cierre-de-guardia-e-internacion\/#breadcrumb","itemListElement":[{"@type":"ListItem","position":1,"name":"Inicio","item":"https:\/\/apuntesdesanluis.com\/"},{"@type":"ListItem","position":2,"name":"CL\u00cdNICA DE LA ALIMENTACI\u00d3N: RESISTEN EL CIERRE DE GUARDIA E INTERNACI\u00d3N"}]},{"@type":"WebSite","@id":"https:\/\/apuntesdesanluis.com\/#website","url":"https:\/\/apuntesdesanluis.com\/","name":"Apuntes de San Luis","description":"","publisher":{"@id":"https:\/\/apuntesdesanluis.com\/#\/schema\/person\/b55151d52296fcce64d1a72538a70b90"},"potentialAction":[{"@type":"SearchAction","target":{"@type":"EntryPoint","urlTemplate":"https:\/\/apuntesdesanluis.com\/?s={search_term_string}"},"query-input":{"@type":"PropertyValueSpecification","valueRequired":true,"valueName":"search_term_string"}}],"inLanguage":"es-AR"},{"@type":["Person","Organization"],"@id":"https:\/\/apuntesdesanluis.com\/#\/schema\/person\/b55151d52296fcce64d1a72538a70b90","name":"apuntesdesanluis.com","image":{"@type":"ImageObject","inLanguage":"es-AR","@id":"https:\/\/apuntesdesanluis.com\/#\/schema\/person\/image\/","url":"https:\/\/apuntesdesanluis.com\/wp-content\/uploads\/2023\/07\/cropped-apuntesdesanluis.png","contentUrl":"https:\/\/apuntesdesanluis.com\/wp-content\/uploads\/2023\/07\/cropped-apuntesdesanluis.png","width":450,"height":112,"caption":"apuntesdesanluis.com"},"logo":{"@id":"https:\/\/apuntesdesanluis.com\/#\/schema\/person\/image\/"},"sameAs":["https:\/\/apuntesdesanluis.com"],"url":"https:\/\/apuntesdesanluis.com\/index.php\/author\/apuntesdesanluis-com\/"}]}},"featured_image_urls":{"full":["https:\/\/apuntesdesanluis.com\/wp-content\/uploads\/2024\/07\/clinica-stia.png",700,409,false],"thumbnail":["https:\/\/apuntesdesanluis.com\/wp-content\/uploads\/2024\/07\/clinica-stia-150x150.png",150,150,true],"medium":["https:\/\/apuntesdesanluis.com\/wp-content\/uploads\/2024\/07\/clinica-stia-300x175.png",300,175,true],"medium_large":["https:\/\/apuntesdesanluis.com\/wp-content\/uploads\/2024\/07\/clinica-stia.png",640,374,false],"large":["https:\/\/apuntesdesanluis.com\/wp-content\/uploads\/2024\/07\/clinica-stia.png",640,374,false],"1536x1536":["https:\/\/apuntesdesanluis.com\/wp-content\/uploads\/2024\/07\/clinica-stia.png",700,409,false],"2048x2048":["https:\/\/apuntesdesanluis.com\/wp-content\/uploads\/2024\/07\/clinica-stia.png",700,409,false],"newsever-slider-full":["https:\/\/apuntesdesanluis.com\/wp-content\/uploads\/2024\/07\/clinica-stia.png",700,409,false],"newsever-featured":["https:\/\/apuntesdesanluis.com\/wp-content\/uploads\/2024\/07\/clinica-stia.png",700,409,false],"newsever-medium":["https:\/\/apuntesdesanluis.com\/wp-content\/uploads\/2024\/07\/clinica-stia.png",700,409,false]},"author_info":{"display_name":"apuntesdesanluis.com","author_link":"https:\/\/apuntesdesanluis.com\/index.php\/author\/apuntesdesanluis-com\/"},"category_info":"<a href=\"https:\/\/apuntesdesanluis.com\/index.php\/category\/ciudad-provincia\/\" rel=\"category tag\">Ciudad\/Provincia<\/a>","tag_info":"Ciudad\/Provincia","comment_count":"0","_links":{"self":[{"href":"https:\/\/apuntesdesanluis.com\/index.php\/wp-json\/wp\/v2\/posts\/19557","targetHints":{"allow":["GET"]}}],"collection":[{"href":"https:\/\/apuntesdesanluis.com\/index.php\/wp-json\/wp\/v2\/posts"}],"about":[{"href":"https:\/\/apuntesdesanluis.com\/index.php\/wp-json\/wp\/v2\/types\/post"}],"author":[{"embeddable":true,"href":"https:\/\/apuntesdesanluis.com\/index.php\/wp-json\/wp\/v2\/users\/1"}],"replies":[{"embeddable":true,"href":"https:\/\/apuntesdesanluis.com\/index.php\/wp-json\/wp\/v2\/comments?post=19557"}],"version-history":[{"count":1,"href":"https:\/\/apuntesdesanluis.com\/index.php\/wp-json\/wp\/v2\/posts\/19557\/revisions"}],"predecessor-version":[{"id":19559,"href":"https:\/\/apuntesdesanluis.com\/index.php\/wp-json\/wp\/v2\/posts\/19557\/revisions\/19559"}],"wp:featuredmedia":[{"embeddable":true,"href":"https:\/\/apuntesdesanluis.com\/index.php\/wp-json\/wp\/v2\/media\/19558"}],"wp:attachment":[{"href":"https:\/\/apuntesdesanluis.com\/index.php\/wp-json\/wp\/v2\/media?parent=19557"}],"wp:term":[{"taxonomy":"category","embeddable":true,"href":"https:\/\/apuntesdesanluis.com\/index.php\/wp-json\/wp\/v2\/categories?post=19557"},{"taxonomy":"post_tag","embeddable":true,"href":"https:\/\/apuntesdesanluis.com\/index.php\/wp-json\/wp\/v2\/tags?post=19557"}],"curies":[{"name":"wp","href":"https:\/\/api.w.org\/{rel}","templated":true}]}}