{"id":19563,"date":"2024-07-20T19:05:54","date_gmt":"2024-07-20T22:05:54","guid":{"rendered":"https:\/\/apuntesdesanluis.com\/?p=19563"},"modified":"2024-07-21T19:07:28","modified_gmt":"2024-07-21T22:07:28","slug":"el-ministerio-de-desarrollo-productivo-le-cedera-un-predio-a-una-fabrica","status":"publish","type":"post","link":"https:\/\/apuntesdesanluis.com\/index.php\/2024\/07\/20\/el-ministerio-de-desarrollo-productivo-le-cedera-un-predio-a-una-fabrica\/","title":{"rendered":"EL MINISTERIO DE DESARROLLO PRODUCTIVO LE CEDER\u00c1 UN PREDIO A UNA F\u00c1BRICA"},"content":{"rendered":"<h3><strong>Federico Trombotto<\/strong> expres\u00f3 que impulsar las peque\u00f1as, medianas y grandes empresas es una de las pol\u00edticas de Estado m\u00e1s fuerte que conduce esta gesti\u00f3n.<\/h3>\n<h3>Por eso el ministerio de Desarrollo Productivo firm\u00f3 un convenio con los fundadores de la empresa Pol\u00edmero San Luis para que puedan expandir la producci\u00f3n de la empresa, que se dedica a la creaci\u00f3n de bolsas de polietileno y tuber\u00edas de pl\u00e1stico.<\/h3>\n<h3>Este viernes, el ministro se reuni\u00f3 con los fundadores de la empresa Pol\u00edmero San Luis para firmar un convenio y otorgarles un predio abandonado en el Parque Industrial Sur. De esta manera, la firma podr\u00e1 expandir la producci\u00f3n.<\/h3>\n<h3>Jos\u00e9 Rivera, uno de los fundadores de la empresa, cont\u00f3 que es un emprendimiento familiar y se dedican a fabricar bolsas de polietileno y tuber\u00edas pl\u00e1sticas. \u201cNosotros inicialmente hab\u00edamos presentado un proyecto para poder ampliar la parte productiva. Nunca tuvimos respuestas del Gobierno anterior en cuanto a darnos ese acompa\u00f1amiento que necesit\u00e1bamos\u201d, explic\u00f3 Rivera.<\/h3>\n<h3>En enero, los empresarios se comunicaron con autoridades del Parque Industrial para que los visiten y sepan la labor que realizan. Desde ese momento, Rivera junto con sus compa\u00f1eros pudieron pensar en el crecimiento que se ven\u00eda para la empresa.<\/h3>\n<h3>\u201cLuego de contactarnos nuevamente con Industria, vimos que hab\u00eda una nave en el Parque Industrial Sur que estaba en desuso, donde hab\u00eda una f\u00e1brica que cerr\u00f3 hace m\u00e1s de 15 a\u00f1os, y planteamos poder reactivarnos nosotros ah\u00ed \u201c, se\u00f1al\u00f3 el empresario a la salida de la reuni\u00f3n.<\/h3>\n<h3>Por \u00faltimo, Rivera le coment\u00f3 al ministro sobre el proyecto a desarrollar. \u201cNuestra idea es ampliar la producci\u00f3n con una l\u00ednea m\u00e1s, y a la vez estamos en contacto con la gente de Campo Limpio para recuperar los envases fitosanitarios para darle un tratamiento adecuado a su trazabilidad, en funci\u00f3n de utilizarlo en un producto que sea apto para ese tipo de materia prima que va a quedar\u201d, cerr\u00f3.<\/h3>\n<p>&nbsp;<\/p>\n<p>&nbsp;<\/p>\n<p>&nbsp;<\/p>\n","protected":false},"excerpt":{"rendered":"<p>Federico Trombotto expres\u00f3 que impulsar las peque\u00f1as, medianas y grandes empresas es una de las&#8230;<\/p>\n","protected":false},"author":1,"featured_media":19564,"comment_status":"closed","ping_status":"closed","sticky":false,"template":"","format":"standard","meta":{"footnotes":""},"categories":[6],"tags":[],"class_list":["post-19563","post","type-post","status-publish","format-standard","has-post-thumbnail","hentry","category-ciudad-provincia"],"yoast_head":"<!-- This site is optimized with the Yoast SEO plugin v26.1.1 - https:\/\/yoast.com\/wordpress\/plugins\/seo\/ -->\n<title>EL MINISTERIO DE DESARROLLO PRODUCTIVO LE CEDER\u00c1 UN PREDIO A UNA F\u00c1BRICA - Apuntes de San Luis<\/title>\n<meta name=\"robots\" content=\"index, follow, max-snippet:-1, max-image-preview:large, max-video-preview:-1\" \/>\n<link rel=\"canonical\" href=\"https:\/\/apuntesdesanluis.com\/index.php\/2024\/07\/20\/el-ministerio-de-desarrollo-productivo-le-cedera-un-predio-a-una-fabrica\/\" \/>\n<meta property=\"og:locale\" content=\"es_ES\" \/>\n<meta property=\"og:type\" content=\"article\" \/>\n<meta property=\"og:title\" content=\"EL MINISTERIO DE DESARROLLO PRODUCTIVO LE CEDER\u00c1 UN PREDIO A UNA F\u00c1BRICA - Apuntes de San Luis\" \/>\n<meta property=\"og:description\" content=\"Federico Trombotto expres\u00f3 que impulsar las peque\u00f1as, medianas y grandes empresas es una de las...\" \/>\n<meta property=\"og:url\" content=\"https:\/\/apuntesdesanluis.com\/index.php\/2024\/07\/20\/el-ministerio-de-desarrollo-productivo-le-cedera-un-predio-a-una-fabrica\/\" \/>\n<meta property=\"og:site_name\" content=\"Apuntes de San Luis\" \/>\n<meta property=\"article:published_time\" content=\"2024-07-20T22:05:54+00:00\" \/>\n<meta property=\"article:modified_time\" content=\"2024-07-21T22:07:28+00:00\" \/>\n<meta property=\"og:image\" content=\"https:\/\/apuntesdesanluis.com\/wp-content\/uploads\/2024\/07\/trombotto.png\" \/>\n\t<meta property=\"og:image:width\" content=\"600\" \/>\n\t<meta property=\"og:image:height\" content=\"332\" \/>\n\t<meta property=\"og:image:type\" content=\"image\/png\" \/>\n<meta name=\"author\" content=\"apuntesdesanluis.com\" \/>\n<meta name=\"twitter:card\" content=\"summary_large_image\" \/>\n<meta name=\"twitter:label1\" content=\"Escrito por\" \/>\n\t<meta name=\"twitter:data1\" content=\"apuntesdesanluis.com\" \/>\n\t<meta name=\"twitter:label2\" content=\"Tiempo de lectura\" \/>\n\t<meta name=\"twitter:data2\" content=\"2 minutos\" \/>\n<script type=\"application\/ld+json\" class=\"yoast-schema-graph\">{\"@context\":\"https:\/\/schema.org\",\"@graph\":[{\"@type\":\"Article\",\"@id\":\"https:\/\/apuntesdesanluis.com\/index.php\/2024\/07\/20\/el-ministerio-de-desarrollo-productivo-le-cedera-un-predio-a-una-fabrica\/#article\",\"isPartOf\":{\"@id\":\"https:\/\/apuntesdesanluis.com\/index.php\/2024\/07\/20\/el-ministerio-de-desarrollo-productivo-le-cedera-un-predio-a-una-fabrica\/\"},\"author\":{\"name\":\"apuntesdesanluis.com\",\"@id\":\"https:\/\/apuntesdesanluis.com\/#\/schema\/person\/b55151d52296fcce64d1a72538a70b90\"},\"headline\":\"EL MINISTERIO DE DESARROLLO PRODUCTIVO LE CEDER\u00c1 UN PREDIO A UNA F\u00c1BRICA\",\"datePublished\":\"2024-07-20T22:05:54+00:00\",\"dateModified\":\"2024-07-21T22:07:28+00:00\",\"mainEntityOfPage\":{\"@id\":\"https:\/\/apuntesdesanluis.com\/index.php\/2024\/07\/20\/el-ministerio-de-desarrollo-productivo-le-cedera-un-predio-a-una-fabrica\/\"},\"wordCount\":357,\"publisher\":{\"@id\":\"https:\/\/apuntesdesanluis.com\/#\/schema\/person\/b55151d52296fcce64d1a72538a70b90\"},\"image\":{\"@id\":\"https:\/\/apuntesdesanluis.com\/index.php\/2024\/07\/20\/el-ministerio-de-desarrollo-productivo-le-cedera-un-predio-a-una-fabrica\/#primaryimage\"},\"thumbnailUrl\":\"https:\/\/apuntesdesanluis.com\/wp-content\/uploads\/2024\/07\/trombotto.png\",\"articleSection\":[\"Ciudad\/Provincia\"],\"inLanguage\":\"es-AR\"},{\"@type\":\"WebPage\",\"@id\":\"https:\/\/apuntesdesanluis.com\/index.php\/2024\/07\/20\/el-ministerio-de-desarrollo-productivo-le-cedera-un-predio-a-una-fabrica\/\",\"url\":\"https:\/\/apuntesdesanluis.com\/index.php\/2024\/07\/20\/el-ministerio-de-desarrollo-productivo-le-cedera-un-predio-a-una-fabrica\/\",\"name\":\"EL MINISTERIO DE DESARROLLO PRODUCTIVO LE CEDER\u00c1 UN PREDIO A UNA F\u00c1BRICA - Apuntes de San Luis\",\"isPartOf\":{\"@id\":\"https:\/\/apuntesdesanluis.com\/#website\"},\"primaryImageOfPage\":{\"@id\":\"https:\/\/apuntesdesanluis.com\/index.php\/2024\/07\/20\/el-ministerio-de-desarrollo-productivo-le-cedera-un-predio-a-una-fabrica\/#primaryimage\"},\"image\":{\"@id\":\"https:\/\/apuntesdesanluis.com\/index.php\/2024\/07\/20\/el-ministerio-de-desarrollo-productivo-le-cedera-un-predio-a-una-fabrica\/#primaryimage\"},\"thumbnailUrl\":\"https:\/\/apuntesdesanluis.com\/wp-content\/uploads\/2024\/07\/trombotto.png\",\"datePublished\":\"2024-07-20T22:05:54+00:00\",\"dateModified\":\"2024-07-21T22:07:28+00:00\",\"breadcrumb\":{\"@id\":\"https:\/\/apuntesdesanluis.com\/index.php\/2024\/07\/20\/el-ministerio-de-desarrollo-productivo-le-cedera-un-predio-a-una-fabrica\/#breadcrumb\"},\"inLanguage\":\"es-AR\",\"potentialAction\":[{\"@type\":\"ReadAction\",\"target\":[\"https:\/\/apuntesdesanluis.com\/index.php\/2024\/07\/20\/el-ministerio-de-desarrollo-productivo-le-cedera-un-predio-a-una-fabrica\/\"]}]},{\"@type\":\"ImageObject\",\"inLanguage\":\"es-AR\",\"@id\":\"https:\/\/apuntesdesanluis.com\/index.php\/2024\/07\/20\/el-ministerio-de-desarrollo-productivo-le-cedera-un-predio-a-una-fabrica\/#primaryimage\",\"url\":\"https:\/\/apuntesdesanluis.com\/wp-content\/uploads\/2024\/07\/trombotto.png\",\"contentUrl\":\"https:\/\/apuntesdesanluis.com\/wp-content\/uploads\/2024\/07\/trombotto.png\",\"width\":600,\"height\":332},{\"@type\":\"BreadcrumbList\",\"@id\":\"https:\/\/apuntesdesanluis.com\/index.php\/2024\/07\/20\/el-ministerio-de-desarrollo-productivo-le-cedera-un-predio-a-una-fabrica\/#breadcrumb\",\"itemListElement\":[{\"@type\":\"ListItem\",\"position\":1,\"name\":\"Inicio\",\"item\":\"https:\/\/apuntesdesanluis.com\/\"},{\"@type\":\"ListItem\",\"position\":2,\"name\":\"EL MINISTERIO DE DESARROLLO PRODUCTIVO LE CEDER\u00c1 UN PREDIO A UNA F\u00c1BRICA\"}]},{\"@type\":\"WebSite\",\"@id\":\"https:\/\/apuntesdesanluis.com\/#website\",\"url\":\"https:\/\/apuntesdesanluis.com\/\",\"name\":\"Apuntes de San Luis\",\"description\":\"\",\"publisher\":{\"@id\":\"https:\/\/apuntesdesanluis.com\/#\/schema\/person\/b55151d52296fcce64d1a72538a70b90\"},\"potentialAction\":[{\"@type\":\"SearchAction\",\"target\":{\"@type\":\"EntryPoint\",\"urlTemplate\":\"https:\/\/apuntesdesanluis.com\/?s={search_term_string}\"},\"query-input\":{\"@type\":\"PropertyValueSpecification\",\"valueRequired\":true,\"valueName\":\"search_term_string\"}}],\"inLanguage\":\"es-AR\"},{\"@type\":[\"Person\",\"Organization\"],\"@id\":\"https:\/\/apuntesdesanluis.com\/#\/schema\/person\/b55151d52296fcce64d1a72538a70b90\",\"name\":\"apuntesdesanluis.com\",\"image\":{\"@type\":\"ImageObject\",\"inLanguage\":\"es-AR\",\"@id\":\"https:\/\/apuntesdesanluis.com\/#\/schema\/person\/image\/\",\"url\":\"https:\/\/apuntesdesanluis.com\/wp-content\/uploads\/2023\/07\/cropped-apuntesdesanluis.png\",\"contentUrl\":\"https:\/\/apuntesdesanluis.com\/wp-content\/uploads\/2023\/07\/cropped-apuntesdesanluis.png\",\"width\":450,\"height\":112,\"caption\":\"apuntesdesanluis.com\"},\"logo\":{\"@id\":\"https:\/\/apuntesdesanluis.com\/#\/schema\/person\/image\/\"},\"sameAs\":[\"https:\/\/apuntesdesanluis.com\"],\"url\":\"https:\/\/apuntesdesanluis.com\/index.php\/author\/apuntesdesanluis-com\/\"}]}<\/script>\n<!-- \/ Yoast SEO plugin. -->","yoast_head_json":{"title":"EL MINISTERIO DE DESARROLLO PRODUCTIVO LE CEDER\u00c1 UN PREDIO A UNA F\u00c1BRICA - Apuntes de San Luis","robots":{"index":"index","follow":"follow","max-snippet":"max-snippet:-1","max-image-preview":"max-image-preview:large","max-video-preview":"max-video-preview:-1"},"canonical":"https:\/\/apuntesdesanluis.com\/index.php\/2024\/07\/20\/el-ministerio-de-desarrollo-productivo-le-cedera-un-predio-a-una-fabrica\/","og_locale":"es_ES","og_type":"article","og_title":"EL MINISTERIO DE DESARROLLO PRODUCTIVO LE CEDER\u00c1 UN PREDIO A UNA F\u00c1BRICA - Apuntes de San Luis","og_description":"Federico Trombotto expres\u00f3 que impulsar las peque\u00f1as, medianas y grandes empresas es una de las...","og_url":"https:\/\/apuntesdesanluis.com\/index.php\/2024\/07\/20\/el-ministerio-de-desarrollo-productivo-le-cedera-un-predio-a-una-fabrica\/","og_site_name":"Apuntes de San Luis","article_published_time":"2024-07-20T22:05:54+00:00","article_modified_time":"2024-07-21T22:07:28+00:00","og_image":[{"width":600,"height":332,"url":"https:\/\/apuntesdesanluis.com\/wp-content\/uploads\/2024\/07\/trombotto.png","type":"image\/png"}],"author":"apuntesdesanluis.com","twitter_card":"summary_large_image","twitter_misc":{"Escrito por":"apuntesdesanluis.com","Tiempo de lectura":"2 minutos"},"schema":{"@context":"https:\/\/schema.org","@graph":[{"@type":"Article","@id":"https:\/\/apuntesdesanluis.com\/index.php\/2024\/07\/20\/el-ministerio-de-desarrollo-productivo-le-cedera-un-predio-a-una-fabrica\/#article","isPartOf":{"@id":"https:\/\/apuntesdesanluis.com\/index.php\/2024\/07\/20\/el-ministerio-de-desarrollo-productivo-le-cedera-un-predio-a-una-fabrica\/"},"author":{"name":"apuntesdesanluis.com","@id":"https:\/\/apuntesdesanluis.com\/#\/schema\/person\/b55151d52296fcce64d1a72538a70b90"},"headline":"EL MINISTERIO DE DESARROLLO PRODUCTIVO LE CEDER\u00c1 UN PREDIO A UNA F\u00c1BRICA","datePublished":"2024-07-20T22:05:54+00:00","dateModified":"2024-07-21T22:07:28+00:00","mainEntityOfPage":{"@id":"https:\/\/apuntesdesanluis.com\/index.php\/2024\/07\/20\/el-ministerio-de-desarrollo-productivo-le-cedera-un-predio-a-una-fabrica\/"},"wordCount":357,"publisher":{"@id":"https:\/\/apuntesdesanluis.com\/#\/schema\/person\/b55151d52296fcce64d1a72538a70b90"},"image":{"@id":"https:\/\/apuntesdesanluis.com\/index.php\/2024\/07\/20\/el-ministerio-de-desarrollo-productivo-le-cedera-un-predio-a-una-fabrica\/#primaryimage"},"thumbnailUrl":"https:\/\/apuntesdesanluis.com\/wp-content\/uploads\/2024\/07\/trombotto.png","articleSection":["Ciudad\/Provincia"],"inLanguage":"es-AR"},{"@type":"WebPage","@id":"https:\/\/apuntesdesanluis.com\/index.php\/2024\/07\/20\/el-ministerio-de-desarrollo-productivo-le-cedera-un-predio-a-una-fabrica\/","url":"https:\/\/apuntesdesanluis.com\/index.php\/2024\/07\/20\/el-ministerio-de-desarrollo-productivo-le-cedera-un-predio-a-una-fabrica\/","name":"EL MINISTERIO DE DESARROLLO PRODUCTIVO LE CEDER\u00c1 UN PREDIO A UNA F\u00c1BRICA - Apuntes de San Luis","isPartOf":{"@id":"https:\/\/apuntesdesanluis.com\/#website"},"primaryImageOfPage":{"@id":"https:\/\/apuntesdesanluis.com\/index.php\/2024\/07\/20\/el-ministerio-de-desarrollo-productivo-le-cedera-un-predio-a-una-fabrica\/#primaryimage"},"image":{"@id":"https:\/\/apuntesdesanluis.com\/index.php\/2024\/07\/20\/el-ministerio-de-desarrollo-productivo-le-cedera-un-predio-a-una-fabrica\/#primaryimage"},"thumbnailUrl":"https:\/\/apuntesdesanluis.com\/wp-content\/uploads\/2024\/07\/trombotto.png","datePublished":"2024-07-20T22:05:54+00:00","dateModified":"2024-07-21T22:07:28+00:00","breadcrumb":{"@id":"https:\/\/apuntesdesanluis.com\/index.php\/2024\/07\/20\/el-ministerio-de-desarrollo-productivo-le-cedera-un-predio-a-una-fabrica\/#breadcrumb"},"inLanguage":"es-AR","potentialAction":[{"@type":"ReadAction","target":["https:\/\/apuntesdesanluis.com\/index.php\/2024\/07\/20\/el-ministerio-de-desarrollo-productivo-le-cedera-un-predio-a-una-fabrica\/"]}]},{"@type":"ImageObject","inLanguage":"es-AR","@id":"https:\/\/apuntesdesanluis.com\/index.php\/2024\/07\/20\/el-ministerio-de-desarrollo-productivo-le-cedera-un-predio-a-una-fabrica\/#primaryimage","url":"https:\/\/apuntesdesanluis.com\/wp-content\/uploads\/2024\/07\/trombotto.png","contentUrl":"https:\/\/apuntesdesanluis.com\/wp-content\/uploads\/2024\/07\/trombotto.png","width":600,"height":332},{"@type":"BreadcrumbList","@id":"https:\/\/apuntesdesanluis.com\/index.php\/2024\/07\/20\/el-ministerio-de-desarrollo-productivo-le-cedera-un-predio-a-una-fabrica\/#breadcrumb","itemListElement":[{"@type":"ListItem","position":1,"name":"Inicio","item":"https:\/\/apuntesdesanluis.com\/"},{"@type":"ListItem","position":2,"name":"EL MINISTERIO DE DESARROLLO PRODUCTIVO LE CEDER\u00c1 UN PREDIO A UNA F\u00c1BRICA"}]},{"@type":"WebSite","@id":"https:\/\/apuntesdesanluis.com\/#website","url":"https:\/\/apuntesdesanluis.com\/","name":"Apuntes de San Luis","description":"","publisher":{"@id":"https:\/\/apuntesdesanluis.com\/#\/schema\/person\/b55151d52296fcce64d1a72538a70b90"},"potentialAction":[{"@type":"SearchAction","target":{"@type":"EntryPoint","urlTemplate":"https:\/\/apuntesdesanluis.com\/?s={search_term_string}"},"query-input":{"@type":"PropertyValueSpecification","valueRequired":true,"valueName":"search_term_string"}}],"inLanguage":"es-AR"},{"@type":["Person","Organization"],"@id":"https:\/\/apuntesdesanluis.com\/#\/schema\/person\/b55151d52296fcce64d1a72538a70b90","name":"apuntesdesanluis.com","image":{"@type":"ImageObject","inLanguage":"es-AR","@id":"https:\/\/apuntesdesanluis.com\/#\/schema\/person\/image\/","url":"https:\/\/apuntesdesanluis.com\/wp-content\/uploads\/2023\/07\/cropped-apuntesdesanluis.png","contentUrl":"https:\/\/apuntesdesanluis.com\/wp-content\/uploads\/2023\/07\/cropped-apuntesdesanluis.png","width":450,"height":112,"caption":"apuntesdesanluis.com"},"logo":{"@id":"https:\/\/apuntesdesanluis.com\/#\/schema\/person\/image\/"},"sameAs":["https:\/\/apuntesdesanluis.com"],"url":"https:\/\/apuntesdesanluis.com\/index.php\/author\/apuntesdesanluis-com\/"}]}},"featured_image_urls":{"full":["https:\/\/apuntesdesanluis.com\/wp-content\/uploads\/2024\/07\/trombotto.png",600,332,false],"thumbnail":["https:\/\/apuntesdesanluis.com\/wp-content\/uploads\/2024\/07\/trombotto-150x150.png",150,150,true],"medium":["https:\/\/apuntesdesanluis.com\/wp-content\/uploads\/2024\/07\/trombotto-300x166.png",300,166,true],"medium_large":["https:\/\/apuntesdesanluis.com\/wp-content\/uploads\/2024\/07\/trombotto.png",600,332,false],"large":["https:\/\/apuntesdesanluis.com\/wp-content\/uploads\/2024\/07\/trombotto.png",600,332,false],"1536x1536":["https:\/\/apuntesdesanluis.com\/wp-content\/uploads\/2024\/07\/trombotto.png",600,332,false],"2048x2048":["https:\/\/apuntesdesanluis.com\/wp-content\/uploads\/2024\/07\/trombotto.png",600,332,false],"newsever-slider-full":["https:\/\/apuntesdesanluis.com\/wp-content\/uploads\/2024\/07\/trombotto.png",600,332,false],"newsever-featured":["https:\/\/apuntesdesanluis.com\/wp-content\/uploads\/2024\/07\/trombotto.png",600,332,false],"newsever-medium":["https:\/\/apuntesdesanluis.com\/wp-content\/uploads\/2024\/07\/trombotto.png",600,332,false]},"author_info":{"display_name":"apuntesdesanluis.com","author_link":"https:\/\/apuntesdesanluis.com\/index.php\/author\/apuntesdesanluis-com\/"},"category_info":"<a href=\"https:\/\/apuntesdesanluis.com\/index.php\/category\/ciudad-provincia\/\" rel=\"category tag\">Ciudad\/Provincia<\/a>","tag_info":"Ciudad\/Provincia","comment_count":"0","_links":{"self":[{"href":"https:\/\/apuntesdesanluis.com\/index.php\/wp-json\/wp\/v2\/posts\/19563","targetHints":{"allow":["GET"]}}],"collection":[{"href":"https:\/\/apuntesdesanluis.com\/index.php\/wp-json\/wp\/v2\/posts"}],"about":[{"href":"https:\/\/apuntesdesanluis.com\/index.php\/wp-json\/wp\/v2\/types\/post"}],"author":[{"embeddable":true,"href":"https:\/\/apuntesdesanluis.com\/index.php\/wp-json\/wp\/v2\/users\/1"}],"replies":[{"embeddable":true,"href":"https:\/\/apuntesdesanluis.com\/index.php\/wp-json\/wp\/v2\/comments?post=19563"}],"version-history":[{"count":1,"href":"https:\/\/apuntesdesanluis.com\/index.php\/wp-json\/wp\/v2\/posts\/19563\/revisions"}],"predecessor-version":[{"id":19565,"href":"https:\/\/apuntesdesanluis.com\/index.php\/wp-json\/wp\/v2\/posts\/19563\/revisions\/19565"}],"wp:featuredmedia":[{"embeddable":true,"href":"https:\/\/apuntesdesanluis.com\/index.php\/wp-json\/wp\/v2\/media\/19564"}],"wp:attachment":[{"href":"https:\/\/apuntesdesanluis.com\/index.php\/wp-json\/wp\/v2\/media?parent=19563"}],"wp:term":[{"taxonomy":"category","embeddable":true,"href":"https:\/\/apuntesdesanluis.com\/index.php\/wp-json\/wp\/v2\/categories?post=19563"},{"taxonomy":"post_tag","embeddable":true,"href":"https:\/\/apuntesdesanluis.com\/index.php\/wp-json\/wp\/v2\/tags?post=19563"}],"curies":[{"name":"wp","href":"https:\/\/api.w.org\/{rel}","templated":true}]}}