{"id":19605,"date":"2024-07-21T22:03:31","date_gmt":"2024-07-22T01:03:31","guid":{"rendered":"https:\/\/apuntesdesanluis.com\/?p=19605"},"modified":"2024-07-21T22:04:19","modified_gmt":"2024-07-22T01:04:19","slug":"el-stia-ratifico-que-se-cierra-guardia-e-internacion-de-la-clinica-de-la-alimentacion","status":"publish","type":"post","link":"https:\/\/apuntesdesanluis.com\/index.php\/2024\/07\/21\/el-stia-ratifico-que-se-cierra-guardia-e-internacion-de-la-clinica-de-la-alimentacion\/","title":{"rendered":"EL STIA RATIFIC\u00d3 QUE SE CIERRA GUARDIA E INTERNACI\u00d3N DE LA CL\u00cdNICA DE LA ALIMENTACI\u00d3N"},"content":{"rendered":"<h3>La conducci\u00f3n del <strong>Sindicato de Trabajadores de Industrias de la Alimentaci\u00f3n<\/strong> (STIA) emiti\u00f3 un extenso comunicado, aclarando las razones por las cuales se resolvi\u00f3 el cierre de los servicios de guardia e internaci\u00f3n de la instituci\u00f3n ubicada en .<\/h3>\n<h3>Como se recordar\u00e1, el viernes pasado hubo un abrazo simb\u00f3lico a la cl\u00ednica, por parte de afiliados que resisten la medida (<a href=\"https:\/\/apuntesdesanluis.com\/index.php\/2024\/07\/19\/clinica-de-la-alimentacion-resisten-el-cierre-de-guardia-e-internacion\/\" target=\"_blank\" rel=\"noopener\"><span style=\"color: #3366ff;\"><strong>Ver nota relacionada<\/strong><\/span><\/a>).<\/h3>\n<h3>El gremio de la alimentaci\u00f3n fundamenta que en los \u00faltimos a\u00f1os se ha reducido la cantidad de trabajadores del sector, y por lo tanto los ingresos de la entidad gremial, por lo que se vieron obligados a tomar la medida para preservar las finanzas de la instituci\u00f3n.<\/h3>\n<h3>Tambi\u00e9n informa que antes de tomar esta decisi\u00f3n se inform\u00f3 a todos los delegados gremiales e incluso se visitaron las plantas para informar documentadamente esta situaci\u00f3n.<\/h3>\n<h3>Por otro lado, lleva tranquilidad a sus afiliados informando que continuar\u00e1n los policonsultorios, como tambi\u00e9n la sala de enfermer\u00eda y habr\u00e1 dos camas a disposici\u00f3n para quienes requieran traslados.<\/h3>\n<h3><img fetchpriority=\"high\" decoding=\"async\" class=\"wp-image-19609 aligncenter\" src=\"https:\/\/apuntesdesanluis.com\/wp-content\/uploads\/2024\/07\/Comunicado-stia-240x300.jpg\" alt=\"\" width=\"562\" height=\"703\" srcset=\"https:\/\/apuntesdesanluis.com\/wp-content\/uploads\/2024\/07\/Comunicado-stia-240x300.jpg 240w, https:\/\/apuntesdesanluis.com\/wp-content\/uploads\/2024\/07\/Comunicado-stia.jpg 700w\" sizes=\"(max-width: 562px) 100vw, 562px\" \/><\/h3>\n<h3><strong>NOTICIA RELACIONADA:<\/strong><\/h3>\n<p><a href=\"https:\/\/apuntesdesanluis.com\/index.php\/2024\/07\/19\/clinica-de-la-alimentacion-resisten-el-cierre-de-guardia-e-internacion\/\" target=\"_blank\" rel=\"noopener\"><img decoding=\"async\" class=\"alignnone wp-image-19607\" src=\"https:\/\/apuntesdesanluis.com\/wp-content\/uploads\/2024\/07\/posteo-6-300x234.png\" alt=\"\" width=\"576\" height=\"449\" srcset=\"https:\/\/apuntesdesanluis.com\/wp-content\/uploads\/2024\/07\/posteo-6-300x234.png 300w, https:\/\/apuntesdesanluis.com\/wp-content\/uploads\/2024\/07\/posteo-6.png 600w\" sizes=\"(max-width: 576px) 100vw, 576px\" \/><\/a><\/p>\n<p>&nbsp;<\/p>\n<p>&nbsp;<\/p>\n<p>&nbsp;<\/p>\n","protected":false},"excerpt":{"rendered":"<p>La conducci\u00f3n del Sindicato de Trabajadores de Industrias de la Alimentaci\u00f3n (STIA) emiti\u00f3 un extenso&#8230;<\/p>\n","protected":false},"author":1,"featured_media":19606,"comment_status":"closed","ping_status":"closed","sticky":false,"template":"","format":"standard","meta":{"footnotes":""},"categories":[6],"tags":[],"class_list":["post-19605","post","type-post","status-publish","format-standard","has-post-thumbnail","hentry","category-ciudad-provincia"],"yoast_head":"<!-- This site is optimized with the Yoast SEO plugin v26.1.1 - https:\/\/yoast.com\/wordpress\/plugins\/seo\/ -->\n<title>EL STIA RATIFIC\u00d3 QUE SE CIERRA GUARDIA E INTERNACI\u00d3N DE LA CL\u00cdNICA DE LA ALIMENTACI\u00d3N - Apuntes de San Luis<\/title>\n<meta name=\"robots\" content=\"index, follow, max-snippet:-1, max-image-preview:large, max-video-preview:-1\" \/>\n<link rel=\"canonical\" href=\"https:\/\/apuntesdesanluis.com\/index.php\/2024\/07\/21\/el-stia-ratifico-que-se-cierra-guardia-e-internacion-de-la-clinica-de-la-alimentacion\/\" \/>\n<meta property=\"og:locale\" content=\"es_ES\" \/>\n<meta property=\"og:type\" content=\"article\" \/>\n<meta property=\"og:title\" content=\"EL STIA RATIFIC\u00d3 QUE SE CIERRA GUARDIA E INTERNACI\u00d3N DE LA CL\u00cdNICA DE LA ALIMENTACI\u00d3N - Apuntes de San Luis\" \/>\n<meta property=\"og:description\" content=\"La conducci\u00f3n del Sindicato de Trabajadores de Industrias de la Alimentaci\u00f3n (STIA) emiti\u00f3 un extenso...\" \/>\n<meta property=\"og:url\" content=\"https:\/\/apuntesdesanluis.com\/index.php\/2024\/07\/21\/el-stia-ratifico-que-se-cierra-guardia-e-internacion-de-la-clinica-de-la-alimentacion\/\" \/>\n<meta property=\"og:site_name\" content=\"Apuntes de San Luis\" \/>\n<meta property=\"article:published_time\" content=\"2024-07-22T01:03:31+00:00\" \/>\n<meta property=\"article:modified_time\" content=\"2024-07-22T01:04:19+00:00\" \/>\n<meta property=\"og:image\" content=\"https:\/\/apuntesdesanluis.com\/wp-content\/uploads\/2024\/07\/clinica-de-la-alimentacion.png\" \/>\n\t<meta property=\"og:image:width\" content=\"615\" \/>\n\t<meta property=\"og:image:height\" content=\"359\" \/>\n\t<meta property=\"og:image:type\" content=\"image\/png\" \/>\n<meta name=\"author\" content=\"apuntesdesanluis.com\" \/>\n<meta name=\"twitter:card\" content=\"summary_large_image\" \/>\n<meta name=\"twitter:label1\" content=\"Escrito por\" \/>\n\t<meta name=\"twitter:data1\" content=\"apuntesdesanluis.com\" \/>\n\t<meta name=\"twitter:label2\" content=\"Tiempo de lectura\" \/>\n\t<meta name=\"twitter:data2\" content=\"2 minutos\" \/>\n<script type=\"application\/ld+json\" class=\"yoast-schema-graph\">{\"@context\":\"https:\/\/schema.org\",\"@graph\":[{\"@type\":\"Article\",\"@id\":\"https:\/\/apuntesdesanluis.com\/index.php\/2024\/07\/21\/el-stia-ratifico-que-se-cierra-guardia-e-internacion-de-la-clinica-de-la-alimentacion\/#article\",\"isPartOf\":{\"@id\":\"https:\/\/apuntesdesanluis.com\/index.php\/2024\/07\/21\/el-stia-ratifico-que-se-cierra-guardia-e-internacion-de-la-clinica-de-la-alimentacion\/\"},\"author\":{\"name\":\"apuntesdesanluis.com\",\"@id\":\"https:\/\/apuntesdesanluis.com\/#\/schema\/person\/b55151d52296fcce64d1a72538a70b90\"},\"headline\":\"EL STIA RATIFIC\u00d3 QUE SE CIERRA GUARDIA E INTERNACI\u00d3N DE LA CL\u00cdNICA DE LA ALIMENTACI\u00d3N\",\"datePublished\":\"2024-07-22T01:03:31+00:00\",\"dateModified\":\"2024-07-22T01:04:19+00:00\",\"mainEntityOfPage\":{\"@id\":\"https:\/\/apuntesdesanluis.com\/index.php\/2024\/07\/21\/el-stia-ratifico-que-se-cierra-guardia-e-internacion-de-la-clinica-de-la-alimentacion\/\"},\"wordCount\":203,\"publisher\":{\"@id\":\"https:\/\/apuntesdesanluis.com\/#\/schema\/person\/b55151d52296fcce64d1a72538a70b90\"},\"image\":{\"@id\":\"https:\/\/apuntesdesanluis.com\/index.php\/2024\/07\/21\/el-stia-ratifico-que-se-cierra-guardia-e-internacion-de-la-clinica-de-la-alimentacion\/#primaryimage\"},\"thumbnailUrl\":\"https:\/\/apuntesdesanluis.com\/wp-content\/uploads\/2024\/07\/clinica-de-la-alimentacion.png\",\"articleSection\":[\"Ciudad\/Provincia\"],\"inLanguage\":\"es-AR\"},{\"@type\":\"WebPage\",\"@id\":\"https:\/\/apuntesdesanluis.com\/index.php\/2024\/07\/21\/el-stia-ratifico-que-se-cierra-guardia-e-internacion-de-la-clinica-de-la-alimentacion\/\",\"url\":\"https:\/\/apuntesdesanluis.com\/index.php\/2024\/07\/21\/el-stia-ratifico-que-se-cierra-guardia-e-internacion-de-la-clinica-de-la-alimentacion\/\",\"name\":\"EL STIA RATIFIC\u00d3 QUE SE CIERRA GUARDIA E INTERNACI\u00d3N DE LA CL\u00cdNICA DE LA ALIMENTACI\u00d3N - Apuntes de San Luis\",\"isPartOf\":{\"@id\":\"https:\/\/apuntesdesanluis.com\/#website\"},\"primaryImageOfPage\":{\"@id\":\"https:\/\/apuntesdesanluis.com\/index.php\/2024\/07\/21\/el-stia-ratifico-que-se-cierra-guardia-e-internacion-de-la-clinica-de-la-alimentacion\/#primaryimage\"},\"image\":{\"@id\":\"https:\/\/apuntesdesanluis.com\/index.php\/2024\/07\/21\/el-stia-ratifico-que-se-cierra-guardia-e-internacion-de-la-clinica-de-la-alimentacion\/#primaryimage\"},\"thumbnailUrl\":\"https:\/\/apuntesdesanluis.com\/wp-content\/uploads\/2024\/07\/clinica-de-la-alimentacion.png\",\"datePublished\":\"2024-07-22T01:03:31+00:00\",\"dateModified\":\"2024-07-22T01:04:19+00:00\",\"breadcrumb\":{\"@id\":\"https:\/\/apuntesdesanluis.com\/index.php\/2024\/07\/21\/el-stia-ratifico-que-se-cierra-guardia-e-internacion-de-la-clinica-de-la-alimentacion\/#breadcrumb\"},\"inLanguage\":\"es-AR\",\"potentialAction\":[{\"@type\":\"ReadAction\",\"target\":[\"https:\/\/apuntesdesanluis.com\/index.php\/2024\/07\/21\/el-stia-ratifico-que-se-cierra-guardia-e-internacion-de-la-clinica-de-la-alimentacion\/\"]}]},{\"@type\":\"ImageObject\",\"inLanguage\":\"es-AR\",\"@id\":\"https:\/\/apuntesdesanluis.com\/index.php\/2024\/07\/21\/el-stia-ratifico-que-se-cierra-guardia-e-internacion-de-la-clinica-de-la-alimentacion\/#primaryimage\",\"url\":\"https:\/\/apuntesdesanluis.com\/wp-content\/uploads\/2024\/07\/clinica-de-la-alimentacion.png\",\"contentUrl\":\"https:\/\/apuntesdesanluis.com\/wp-content\/uploads\/2024\/07\/clinica-de-la-alimentacion.png\",\"width\":615,\"height\":359},{\"@type\":\"BreadcrumbList\",\"@id\":\"https:\/\/apuntesdesanluis.com\/index.php\/2024\/07\/21\/el-stia-ratifico-que-se-cierra-guardia-e-internacion-de-la-clinica-de-la-alimentacion\/#breadcrumb\",\"itemListElement\":[{\"@type\":\"ListItem\",\"position\":1,\"name\":\"Inicio\",\"item\":\"https:\/\/apuntesdesanluis.com\/\"},{\"@type\":\"ListItem\",\"position\":2,\"name\":\"EL STIA RATIFIC\u00d3 QUE SE CIERRA GUARDIA E INTERNACI\u00d3N DE LA CL\u00cdNICA DE LA ALIMENTACI\u00d3N\"}]},{\"@type\":\"WebSite\",\"@id\":\"https:\/\/apuntesdesanluis.com\/#website\",\"url\":\"https:\/\/apuntesdesanluis.com\/\",\"name\":\"Apuntes de San Luis\",\"description\":\"\",\"publisher\":{\"@id\":\"https:\/\/apuntesdesanluis.com\/#\/schema\/person\/b55151d52296fcce64d1a72538a70b90\"},\"potentialAction\":[{\"@type\":\"SearchAction\",\"target\":{\"@type\":\"EntryPoint\",\"urlTemplate\":\"https:\/\/apuntesdesanluis.com\/?s={search_term_string}\"},\"query-input\":{\"@type\":\"PropertyValueSpecification\",\"valueRequired\":true,\"valueName\":\"search_term_string\"}}],\"inLanguage\":\"es-AR\"},{\"@type\":[\"Person\",\"Organization\"],\"@id\":\"https:\/\/apuntesdesanluis.com\/#\/schema\/person\/b55151d52296fcce64d1a72538a70b90\",\"name\":\"apuntesdesanluis.com\",\"image\":{\"@type\":\"ImageObject\",\"inLanguage\":\"es-AR\",\"@id\":\"https:\/\/apuntesdesanluis.com\/#\/schema\/person\/image\/\",\"url\":\"https:\/\/apuntesdesanluis.com\/wp-content\/uploads\/2023\/07\/cropped-apuntesdesanluis.png\",\"contentUrl\":\"https:\/\/apuntesdesanluis.com\/wp-content\/uploads\/2023\/07\/cropped-apuntesdesanluis.png\",\"width\":450,\"height\":112,\"caption\":\"apuntesdesanluis.com\"},\"logo\":{\"@id\":\"https:\/\/apuntesdesanluis.com\/#\/schema\/person\/image\/\"},\"sameAs\":[\"https:\/\/apuntesdesanluis.com\"],\"url\":\"https:\/\/apuntesdesanluis.com\/index.php\/author\/apuntesdesanluis-com\/\"}]}<\/script>\n<!-- \/ Yoast SEO plugin. -->","yoast_head_json":{"title":"EL STIA RATIFIC\u00d3 QUE SE CIERRA GUARDIA E INTERNACI\u00d3N DE LA CL\u00cdNICA DE LA ALIMENTACI\u00d3N - Apuntes de San Luis","robots":{"index":"index","follow":"follow","max-snippet":"max-snippet:-1","max-image-preview":"max-image-preview:large","max-video-preview":"max-video-preview:-1"},"canonical":"https:\/\/apuntesdesanluis.com\/index.php\/2024\/07\/21\/el-stia-ratifico-que-se-cierra-guardia-e-internacion-de-la-clinica-de-la-alimentacion\/","og_locale":"es_ES","og_type":"article","og_title":"EL STIA RATIFIC\u00d3 QUE SE CIERRA GUARDIA E INTERNACI\u00d3N DE LA CL\u00cdNICA DE LA ALIMENTACI\u00d3N - Apuntes de San Luis","og_description":"La conducci\u00f3n del Sindicato de Trabajadores de Industrias de la Alimentaci\u00f3n (STIA) emiti\u00f3 un extenso...","og_url":"https:\/\/apuntesdesanluis.com\/index.php\/2024\/07\/21\/el-stia-ratifico-que-se-cierra-guardia-e-internacion-de-la-clinica-de-la-alimentacion\/","og_site_name":"Apuntes de San Luis","article_published_time":"2024-07-22T01:03:31+00:00","article_modified_time":"2024-07-22T01:04:19+00:00","og_image":[{"width":615,"height":359,"url":"https:\/\/apuntesdesanluis.com\/wp-content\/uploads\/2024\/07\/clinica-de-la-alimentacion.png","type":"image\/png"}],"author":"apuntesdesanluis.com","twitter_card":"summary_large_image","twitter_misc":{"Escrito por":"apuntesdesanluis.com","Tiempo de lectura":"2 minutos"},"schema":{"@context":"https:\/\/schema.org","@graph":[{"@type":"Article","@id":"https:\/\/apuntesdesanluis.com\/index.php\/2024\/07\/21\/el-stia-ratifico-que-se-cierra-guardia-e-internacion-de-la-clinica-de-la-alimentacion\/#article","isPartOf":{"@id":"https:\/\/apuntesdesanluis.com\/index.php\/2024\/07\/21\/el-stia-ratifico-que-se-cierra-guardia-e-internacion-de-la-clinica-de-la-alimentacion\/"},"author":{"name":"apuntesdesanluis.com","@id":"https:\/\/apuntesdesanluis.com\/#\/schema\/person\/b55151d52296fcce64d1a72538a70b90"},"headline":"EL STIA RATIFIC\u00d3 QUE SE CIERRA GUARDIA E INTERNACI\u00d3N DE LA CL\u00cdNICA DE LA ALIMENTACI\u00d3N","datePublished":"2024-07-22T01:03:31+00:00","dateModified":"2024-07-22T01:04:19+00:00","mainEntityOfPage":{"@id":"https:\/\/apuntesdesanluis.com\/index.php\/2024\/07\/21\/el-stia-ratifico-que-se-cierra-guardia-e-internacion-de-la-clinica-de-la-alimentacion\/"},"wordCount":203,"publisher":{"@id":"https:\/\/apuntesdesanluis.com\/#\/schema\/person\/b55151d52296fcce64d1a72538a70b90"},"image":{"@id":"https:\/\/apuntesdesanluis.com\/index.php\/2024\/07\/21\/el-stia-ratifico-que-se-cierra-guardia-e-internacion-de-la-clinica-de-la-alimentacion\/#primaryimage"},"thumbnailUrl":"https:\/\/apuntesdesanluis.com\/wp-content\/uploads\/2024\/07\/clinica-de-la-alimentacion.png","articleSection":["Ciudad\/Provincia"],"inLanguage":"es-AR"},{"@type":"WebPage","@id":"https:\/\/apuntesdesanluis.com\/index.php\/2024\/07\/21\/el-stia-ratifico-que-se-cierra-guardia-e-internacion-de-la-clinica-de-la-alimentacion\/","url":"https:\/\/apuntesdesanluis.com\/index.php\/2024\/07\/21\/el-stia-ratifico-que-se-cierra-guardia-e-internacion-de-la-clinica-de-la-alimentacion\/","name":"EL STIA RATIFIC\u00d3 QUE SE CIERRA GUARDIA E INTERNACI\u00d3N DE LA CL\u00cdNICA DE LA ALIMENTACI\u00d3N - Apuntes de San Luis","isPartOf":{"@id":"https:\/\/apuntesdesanluis.com\/#website"},"primaryImageOfPage":{"@id":"https:\/\/apuntesdesanluis.com\/index.php\/2024\/07\/21\/el-stia-ratifico-que-se-cierra-guardia-e-internacion-de-la-clinica-de-la-alimentacion\/#primaryimage"},"image":{"@id":"https:\/\/apuntesdesanluis.com\/index.php\/2024\/07\/21\/el-stia-ratifico-que-se-cierra-guardia-e-internacion-de-la-clinica-de-la-alimentacion\/#primaryimage"},"thumbnailUrl":"https:\/\/apuntesdesanluis.com\/wp-content\/uploads\/2024\/07\/clinica-de-la-alimentacion.png","datePublished":"2024-07-22T01:03:31+00:00","dateModified":"2024-07-22T01:04:19+00:00","breadcrumb":{"@id":"https:\/\/apuntesdesanluis.com\/index.php\/2024\/07\/21\/el-stia-ratifico-que-se-cierra-guardia-e-internacion-de-la-clinica-de-la-alimentacion\/#breadcrumb"},"inLanguage":"es-AR","potentialAction":[{"@type":"ReadAction","target":["https:\/\/apuntesdesanluis.com\/index.php\/2024\/07\/21\/el-stia-ratifico-que-se-cierra-guardia-e-internacion-de-la-clinica-de-la-alimentacion\/"]}]},{"@type":"ImageObject","inLanguage":"es-AR","@id":"https:\/\/apuntesdesanluis.com\/index.php\/2024\/07\/21\/el-stia-ratifico-que-se-cierra-guardia-e-internacion-de-la-clinica-de-la-alimentacion\/#primaryimage","url":"https:\/\/apuntesdesanluis.com\/wp-content\/uploads\/2024\/07\/clinica-de-la-alimentacion.png","contentUrl":"https:\/\/apuntesdesanluis.com\/wp-content\/uploads\/2024\/07\/clinica-de-la-alimentacion.png","width":615,"height":359},{"@type":"BreadcrumbList","@id":"https:\/\/apuntesdesanluis.com\/index.php\/2024\/07\/21\/el-stia-ratifico-que-se-cierra-guardia-e-internacion-de-la-clinica-de-la-alimentacion\/#breadcrumb","itemListElement":[{"@type":"ListItem","position":1,"name":"Inicio","item":"https:\/\/apuntesdesanluis.com\/"},{"@type":"ListItem","position":2,"name":"EL STIA RATIFIC\u00d3 QUE SE CIERRA GUARDIA E INTERNACI\u00d3N DE LA CL\u00cdNICA DE LA ALIMENTACI\u00d3N"}]},{"@type":"WebSite","@id":"https:\/\/apuntesdesanluis.com\/#website","url":"https:\/\/apuntesdesanluis.com\/","name":"Apuntes de San Luis","description":"","publisher":{"@id":"https:\/\/apuntesdesanluis.com\/#\/schema\/person\/b55151d52296fcce64d1a72538a70b90"},"potentialAction":[{"@type":"SearchAction","target":{"@type":"EntryPoint","urlTemplate":"https:\/\/apuntesdesanluis.com\/?s={search_term_string}"},"query-input":{"@type":"PropertyValueSpecification","valueRequired":true,"valueName":"search_term_string"}}],"inLanguage":"es-AR"},{"@type":["Person","Organization"],"@id":"https:\/\/apuntesdesanluis.com\/#\/schema\/person\/b55151d52296fcce64d1a72538a70b90","name":"apuntesdesanluis.com","image":{"@type":"ImageObject","inLanguage":"es-AR","@id":"https:\/\/apuntesdesanluis.com\/#\/schema\/person\/image\/","url":"https:\/\/apuntesdesanluis.com\/wp-content\/uploads\/2023\/07\/cropped-apuntesdesanluis.png","contentUrl":"https:\/\/apuntesdesanluis.com\/wp-content\/uploads\/2023\/07\/cropped-apuntesdesanluis.png","width":450,"height":112,"caption":"apuntesdesanluis.com"},"logo":{"@id":"https:\/\/apuntesdesanluis.com\/#\/schema\/person\/image\/"},"sameAs":["https:\/\/apuntesdesanluis.com"],"url":"https:\/\/apuntesdesanluis.com\/index.php\/author\/apuntesdesanluis-com\/"}]}},"featured_image_urls":{"full":["https:\/\/apuntesdesanluis.com\/wp-content\/uploads\/2024\/07\/clinica-de-la-alimentacion.png",615,359,false],"thumbnail":["https:\/\/apuntesdesanluis.com\/wp-content\/uploads\/2024\/07\/clinica-de-la-alimentacion-150x150.png",150,150,true],"medium":["https:\/\/apuntesdesanluis.com\/wp-content\/uploads\/2024\/07\/clinica-de-la-alimentacion-300x175.png",300,175,true],"medium_large":["https:\/\/apuntesdesanluis.com\/wp-content\/uploads\/2024\/07\/clinica-de-la-alimentacion.png",615,359,false],"large":["https:\/\/apuntesdesanluis.com\/wp-content\/uploads\/2024\/07\/clinica-de-la-alimentacion.png",615,359,false],"1536x1536":["https:\/\/apuntesdesanluis.com\/wp-content\/uploads\/2024\/07\/clinica-de-la-alimentacion.png",615,359,false],"2048x2048":["https:\/\/apuntesdesanluis.com\/wp-content\/uploads\/2024\/07\/clinica-de-la-alimentacion.png",615,359,false],"newsever-slider-full":["https:\/\/apuntesdesanluis.com\/wp-content\/uploads\/2024\/07\/clinica-de-la-alimentacion.png",615,359,false],"newsever-featured":["https:\/\/apuntesdesanluis.com\/wp-content\/uploads\/2024\/07\/clinica-de-la-alimentacion.png",615,359,false],"newsever-medium":["https:\/\/apuntesdesanluis.com\/wp-content\/uploads\/2024\/07\/clinica-de-la-alimentacion.png",615,359,false]},"author_info":{"display_name":"apuntesdesanluis.com","author_link":"https:\/\/apuntesdesanluis.com\/index.php\/author\/apuntesdesanluis-com\/"},"category_info":"<a href=\"https:\/\/apuntesdesanluis.com\/index.php\/category\/ciudad-provincia\/\" rel=\"category tag\">Ciudad\/Provincia<\/a>","tag_info":"Ciudad\/Provincia","comment_count":"0","_links":{"self":[{"href":"https:\/\/apuntesdesanluis.com\/index.php\/wp-json\/wp\/v2\/posts\/19605","targetHints":{"allow":["GET"]}}],"collection":[{"href":"https:\/\/apuntesdesanluis.com\/index.php\/wp-json\/wp\/v2\/posts"}],"about":[{"href":"https:\/\/apuntesdesanluis.com\/index.php\/wp-json\/wp\/v2\/types\/post"}],"author":[{"embeddable":true,"href":"https:\/\/apuntesdesanluis.com\/index.php\/wp-json\/wp\/v2\/users\/1"}],"replies":[{"embeddable":true,"href":"https:\/\/apuntesdesanluis.com\/index.php\/wp-json\/wp\/v2\/comments?post=19605"}],"version-history":[{"count":2,"href":"https:\/\/apuntesdesanluis.com\/index.php\/wp-json\/wp\/v2\/posts\/19605\/revisions"}],"predecessor-version":[{"id":19610,"href":"https:\/\/apuntesdesanluis.com\/index.php\/wp-json\/wp\/v2\/posts\/19605\/revisions\/19610"}],"wp:featuredmedia":[{"embeddable":true,"href":"https:\/\/apuntesdesanluis.com\/index.php\/wp-json\/wp\/v2\/media\/19606"}],"wp:attachment":[{"href":"https:\/\/apuntesdesanluis.com\/index.php\/wp-json\/wp\/v2\/media?parent=19605"}],"wp:term":[{"taxonomy":"category","embeddable":true,"href":"https:\/\/apuntesdesanluis.com\/index.php\/wp-json\/wp\/v2\/categories?post=19605"},{"taxonomy":"post_tag","embeddable":true,"href":"https:\/\/apuntesdesanluis.com\/index.php\/wp-json\/wp\/v2\/tags?post=19605"}],"curies":[{"name":"wp","href":"https:\/\/api.w.org\/{rel}","templated":true}]}}