{"id":19614,"date":"2024-07-21T22:27:34","date_gmt":"2024-07-22T01:27:34","guid":{"rendered":"https:\/\/apuntesdesanluis.com\/?p=19614"},"modified":"2024-07-21T22:27:34","modified_gmt":"2024-07-22T01:27:34","slug":"joe-biden-comunico-que-se-baja-de-la-pelea-presidencial","status":"publish","type":"post","link":"https:\/\/apuntesdesanluis.com\/index.php\/2024\/07\/21\/joe-biden-comunico-que-se-baja-de-la-pelea-presidencial\/","title":{"rendered":"JOE BIDEN COMUNIC\u00d3 QUE SE BAJA DE LA PELEA PRESIDENCIAL"},"content":{"rendered":"<h3>El jefe de la Casa Blanca finalmente desisti\u00f3 de presentarse a las pr\u00f3ximas elecciones para concentrarse en lo que le queda de mandato.<\/h3>\n<h3>El presidente de Estados Unidos, <strong>Joe Biden<\/strong>, retir\u00f3 su candidatura para las pr\u00f3ximas elecciones del pr\u00f3ximo 5 de noviembre. A\u00fan no se confirm\u00f3 quien lo reemplazar\u00e1, aunque la actual vice y elegida de Biden, Kamala Harris, que tambi\u00e9n recibi\u00f3 el apoyo expl\u00edcito de Bill y Hillary Clinton, emerge como la candidata dem\u00f3crata m\u00e1s probable, en un escenario en el que se agigant\u00f3 la figura de Donald Trump, el ya oficializado candidato republicano.<\/h3>\n<h3>\u00a0\u201cCreo que lo mejor para mi partido y el pa\u00eds es que me retire y me concentre \u00fanicamente en cumplir con mis deberes como presidente durante el resto de mi mandato\u201d, se\u00f1al\u00f3 Biden en un comunicado y resalt\u00f3 que durante su gesti\u00f3n se realizaron \u201cinversiones hist\u00f3ricas en la reconstrucci\u00f3n de nuestro pa\u00eds, en la reducci\u00f3n de los costos de medicamentos recetados para los ancianos y en la expansi\u00f3n del cuidado de salud asequible a un n\u00famero r\u00e9cord de estadounidenses\u201d.<\/h3>\n<h3>Tambi\u00e9n record\u00f3 otras iniciativas legislativas para afirmar finalmente que \u201cEstados Unidos nunca ha estado mejor posicionado para liderar que hoy\u201d.<\/h3>\n<h3><strong>AGRADECIMIENTO<\/strong><\/h3>\n<h3>El presidente del pa\u00eds norteamericano exres\u00f3 su agradecimiento al pueblo estadounidense por su apoyo y resalt\u00f3 la importancia de continuar trabajando para cumplir con sus deberes hasta el final de su mandato.<\/h3>\n<h3>&#8220;Ha sido el mayor honor de mi vida servir como su Presidente. Y aunque ha sido mi intenci\u00f3n postularme para la reelecci\u00f3n, creo que es en el mejor inter\u00e9s de mi partido y del pa\u00eds que me retire&#8221;, afirm\u00f3.<\/h3>\n<h3>El mandatario adelant\u00f3 que brindar\u00e1 m\u00e1s detalles sobre su decisi\u00f3n en un discurso a la naci\u00f3n a finales de esta semana.<\/h3>\n<h3>Biden tambi\u00e9n agradeci\u00f3 a la vicepresidenta Kamala Harris por su colaboraci\u00f3n y compromiso en estos a\u00f1os de gesti\u00f3n.<\/h3>\n<p><img fetchpriority=\"high\" decoding=\"async\" class=\"wp-image-19616 aligncenter\" src=\"https:\/\/apuntesdesanluis.com\/wp-content\/uploads\/2024\/07\/KAMALA-HARRIS-300x194.png\" alt=\"\" width=\"608\" height=\"393\" srcset=\"https:\/\/apuntesdesanluis.com\/wp-content\/uploads\/2024\/07\/KAMALA-HARRIS-300x194.png 300w, https:\/\/apuntesdesanluis.com\/wp-content\/uploads\/2024\/07\/KAMALA-HARRIS.png 600w\" sizes=\"(max-width: 608px) 100vw, 608px\" \/><\/p>\n<h3>&#8220;Hoy creo lo que siempre he cre\u00eddo: que no hay nada que Estados Unidos no pueda hacer, cuando lo hacemos juntos. Solo tenemos que recordar que somos los Estados Unidos de Am\u00e9rica&#8221;, se\u00f1al\u00f3.<\/h3>\n<h3>Biden, quien ha superado una pandemia y una crisis econ\u00f3mica, enfatiz\u00f3 la necesidad de seguir protegiendo la democracia y fortaleciendo las alianzas internacionales.<\/h3>\n<h3>Su decisi\u00f3n abre un nuevo cap\u00edtulo en la pol\u00edtica estadounidense de cara a las elecciones de 2024.<\/h3>\n<h3><strong>KAMALA HARRIS<\/strong><\/h3>\n<h3>La actual vicepresidenta de los Estados Unidos, Kamala Harris, es por estas horas quien tiene las mayores probabilidades de quedarse con la candidatura presidencial dem\u00f3crata para competir con el republicano Donald Trump.<\/h3>\n<h3>Luego de anunciar que desist\u00eda de competir por su reelecci\u00f3n, Biden dijo que su preferencia estaba con Harris.<\/h3>\n<h3>&#8220;Mi primera decisi\u00f3n como candidato del partido en 2020 fue elegir a Kamala Harris como mi vicepresidenta. Y ha sido la mejor decisi\u00f3n que he tomado. Hoy quiero ofrecer todo mi apoyo y respaldo para que Kamala sea la candidata de nuestro partido este a\u00f1o&#8221;, fue el mensaje de Biden.<\/h3>\n<h3>Teniendo en cuenta que el presidente norteamericano tiene el control de casi la mayor\u00eda de los delegados de la Convenci\u00f3n del Partido Dem\u00f3crata, la postulaci\u00f3n de Harris podr\u00eda tener el camino allanado para la competencia.<\/h3>\n<h3>El mes pr\u00f3ximo se realizar\u00e1 el encuentro de los dem\u00f3cratas, a quienes este domingo Biden exhort\u00f3 a trabajar unidos para vencer a Trump.<\/h3>\n<h3>Harris, de 59 a\u00f1os, es la primera mujer en la historia de los Estados Unidos que lleg\u00f3 al cargo de vicepresidenta.<\/h3>\n<h3>Adem\u00e1s, fue la primera mujer negra y sudasi\u00e1tica que fue seleccionada para ocupar un cargo nacional en el partido.<\/h3>\n<h3>Antes de ser compa\u00f1era de f\u00f3rmula de Biden en 2020 fue senadora por California, su lugar de nacimiento.<\/h3>\n<h3>Estudi\u00f3 Ciencias Pol\u00edticas y Econom\u00eda en la Universidad de Howard, y tambi\u00e9n Derecho en Hastings.<\/h3>\n<h3>Sus padres eran inmigrantes jamaicanos e indios, por lo que creci\u00f3 asistiendo a una iglesia bautista negra y a un templo hind\u00fa.<\/h3>\n<h3>Fue fiscal general de California, senadora y aspirante presidencial por un breve lapso de tiempo, hasta que el 11 de agosto de 2020 Biden lo nombr\u00f3 como su compa\u00f1era de f\u00f3rmula.<\/h3>\n<h3>El 7 de noviembre de 2020 Harris fue elegida vicepresidenta, cargo que ocupa hasta la actualidad.<\/h3>\n<p>&nbsp;<\/p>\n<p>&nbsp;<\/p>\n<p>&nbsp;<\/p>\n<h3><\/h3>\n<h3><\/h3>\n<h3><\/h3>\n","protected":false},"excerpt":{"rendered":"<p>El jefe de la Casa Blanca finalmente desisti\u00f3 de presentarse a las pr\u00f3ximas elecciones para&#8230;<\/p>\n","protected":false},"author":1,"featured_media":19615,"comment_status":"closed","ping_status":"closed","sticky":false,"template":"","format":"standard","meta":{"footnotes":""},"categories":[5],"tags":[],"class_list":["post-19614","post","type-post","status-publish","format-standard","has-post-thumbnail","hentry","category-nacionales-internacionales"],"yoast_head":"<!-- This site is optimized with the Yoast SEO plugin v26.1.1 - https:\/\/yoast.com\/wordpress\/plugins\/seo\/ -->\n<title>JOE BIDEN COMUNIC\u00d3 QUE SE BAJA DE LA PELEA PRESIDENCIAL - Apuntes de San Luis<\/title>\n<meta name=\"robots\" content=\"index, follow, max-snippet:-1, max-image-preview:large, max-video-preview:-1\" \/>\n<link rel=\"canonical\" href=\"https:\/\/apuntesdesanluis.com\/index.php\/2024\/07\/21\/joe-biden-comunico-que-se-baja-de-la-pelea-presidencial\/\" \/>\n<meta property=\"og:locale\" content=\"es_ES\" \/>\n<meta property=\"og:type\" content=\"article\" \/>\n<meta property=\"og:title\" content=\"JOE BIDEN COMUNIC\u00d3 QUE SE BAJA DE LA PELEA PRESIDENCIAL - Apuntes de San Luis\" \/>\n<meta property=\"og:description\" content=\"El jefe de la Casa Blanca finalmente desisti\u00f3 de presentarse a las pr\u00f3ximas elecciones para...\" \/>\n<meta property=\"og:url\" content=\"https:\/\/apuntesdesanluis.com\/index.php\/2024\/07\/21\/joe-biden-comunico-que-se-baja-de-la-pelea-presidencial\/\" \/>\n<meta property=\"og:site_name\" content=\"Apuntes de San Luis\" \/>\n<meta property=\"article:published_time\" content=\"2024-07-22T01:27:34+00:00\" \/>\n<meta property=\"og:image\" content=\"https:\/\/apuntesdesanluis.com\/wp-content\/uploads\/2024\/07\/BIDEN-1.png\" \/>\n\t<meta property=\"og:image:width\" content=\"700\" \/>\n\t<meta property=\"og:image:height\" content=\"466\" \/>\n\t<meta property=\"og:image:type\" content=\"image\/png\" \/>\n<meta name=\"author\" content=\"apuntesdesanluis.com\" \/>\n<meta name=\"twitter:card\" content=\"summary_large_image\" \/>\n<meta name=\"twitter:label1\" content=\"Escrito por\" \/>\n\t<meta name=\"twitter:data1\" content=\"apuntesdesanluis.com\" \/>\n\t<meta name=\"twitter:label2\" content=\"Tiempo de lectura\" \/>\n\t<meta name=\"twitter:data2\" content=\"4 minutos\" \/>\n<script type=\"application\/ld+json\" class=\"yoast-schema-graph\">{\"@context\":\"https:\/\/schema.org\",\"@graph\":[{\"@type\":\"Article\",\"@id\":\"https:\/\/apuntesdesanluis.com\/index.php\/2024\/07\/21\/joe-biden-comunico-que-se-baja-de-la-pelea-presidencial\/#article\",\"isPartOf\":{\"@id\":\"https:\/\/apuntesdesanluis.com\/index.php\/2024\/07\/21\/joe-biden-comunico-que-se-baja-de-la-pelea-presidencial\/\"},\"author\":{\"name\":\"apuntesdesanluis.com\",\"@id\":\"https:\/\/apuntesdesanluis.com\/#\/schema\/person\/b55151d52296fcce64d1a72538a70b90\"},\"headline\":\"JOE BIDEN COMUNIC\u00d3 QUE SE BAJA DE LA PELEA PRESIDENCIAL\",\"datePublished\":\"2024-07-22T01:27:34+00:00\",\"mainEntityOfPage\":{\"@id\":\"https:\/\/apuntesdesanluis.com\/index.php\/2024\/07\/21\/joe-biden-comunico-que-se-baja-de-la-pelea-presidencial\/\"},\"wordCount\":745,\"publisher\":{\"@id\":\"https:\/\/apuntesdesanluis.com\/#\/schema\/person\/b55151d52296fcce64d1a72538a70b90\"},\"image\":{\"@id\":\"https:\/\/apuntesdesanluis.com\/index.php\/2024\/07\/21\/joe-biden-comunico-que-se-baja-de-la-pelea-presidencial\/#primaryimage\"},\"thumbnailUrl\":\"https:\/\/apuntesdesanluis.com\/wp-content\/uploads\/2024\/07\/BIDEN-1.png\",\"articleSection\":[\"Nacionales\/Internacionales\"],\"inLanguage\":\"es-AR\"},{\"@type\":\"WebPage\",\"@id\":\"https:\/\/apuntesdesanluis.com\/index.php\/2024\/07\/21\/joe-biden-comunico-que-se-baja-de-la-pelea-presidencial\/\",\"url\":\"https:\/\/apuntesdesanluis.com\/index.php\/2024\/07\/21\/joe-biden-comunico-que-se-baja-de-la-pelea-presidencial\/\",\"name\":\"JOE BIDEN COMUNIC\u00d3 QUE SE BAJA DE LA PELEA PRESIDENCIAL - Apuntes de San Luis\",\"isPartOf\":{\"@id\":\"https:\/\/apuntesdesanluis.com\/#website\"},\"primaryImageOfPage\":{\"@id\":\"https:\/\/apuntesdesanluis.com\/index.php\/2024\/07\/21\/joe-biden-comunico-que-se-baja-de-la-pelea-presidencial\/#primaryimage\"},\"image\":{\"@id\":\"https:\/\/apuntesdesanluis.com\/index.php\/2024\/07\/21\/joe-biden-comunico-que-se-baja-de-la-pelea-presidencial\/#primaryimage\"},\"thumbnailUrl\":\"https:\/\/apuntesdesanluis.com\/wp-content\/uploads\/2024\/07\/BIDEN-1.png\",\"datePublished\":\"2024-07-22T01:27:34+00:00\",\"breadcrumb\":{\"@id\":\"https:\/\/apuntesdesanluis.com\/index.php\/2024\/07\/21\/joe-biden-comunico-que-se-baja-de-la-pelea-presidencial\/#breadcrumb\"},\"inLanguage\":\"es-AR\",\"potentialAction\":[{\"@type\":\"ReadAction\",\"target\":[\"https:\/\/apuntesdesanluis.com\/index.php\/2024\/07\/21\/joe-biden-comunico-que-se-baja-de-la-pelea-presidencial\/\"]}]},{\"@type\":\"ImageObject\",\"inLanguage\":\"es-AR\",\"@id\":\"https:\/\/apuntesdesanluis.com\/index.php\/2024\/07\/21\/joe-biden-comunico-que-se-baja-de-la-pelea-presidencial\/#primaryimage\",\"url\":\"https:\/\/apuntesdesanluis.com\/wp-content\/uploads\/2024\/07\/BIDEN-1.png\",\"contentUrl\":\"https:\/\/apuntesdesanluis.com\/wp-content\/uploads\/2024\/07\/BIDEN-1.png\",\"width\":700,\"height\":466},{\"@type\":\"BreadcrumbList\",\"@id\":\"https:\/\/apuntesdesanluis.com\/index.php\/2024\/07\/21\/joe-biden-comunico-que-se-baja-de-la-pelea-presidencial\/#breadcrumb\",\"itemListElement\":[{\"@type\":\"ListItem\",\"position\":1,\"name\":\"Inicio\",\"item\":\"https:\/\/apuntesdesanluis.com\/\"},{\"@type\":\"ListItem\",\"position\":2,\"name\":\"JOE BIDEN COMUNIC\u00d3 QUE SE BAJA DE LA PELEA PRESIDENCIAL\"}]},{\"@type\":\"WebSite\",\"@id\":\"https:\/\/apuntesdesanluis.com\/#website\",\"url\":\"https:\/\/apuntesdesanluis.com\/\",\"name\":\"Apuntes de San Luis\",\"description\":\"\",\"publisher\":{\"@id\":\"https:\/\/apuntesdesanluis.com\/#\/schema\/person\/b55151d52296fcce64d1a72538a70b90\"},\"potentialAction\":[{\"@type\":\"SearchAction\",\"target\":{\"@type\":\"EntryPoint\",\"urlTemplate\":\"https:\/\/apuntesdesanluis.com\/?s={search_term_string}\"},\"query-input\":{\"@type\":\"PropertyValueSpecification\",\"valueRequired\":true,\"valueName\":\"search_term_string\"}}],\"inLanguage\":\"es-AR\"},{\"@type\":[\"Person\",\"Organization\"],\"@id\":\"https:\/\/apuntesdesanluis.com\/#\/schema\/person\/b55151d52296fcce64d1a72538a70b90\",\"name\":\"apuntesdesanluis.com\",\"image\":{\"@type\":\"ImageObject\",\"inLanguage\":\"es-AR\",\"@id\":\"https:\/\/apuntesdesanluis.com\/#\/schema\/person\/image\/\",\"url\":\"https:\/\/apuntesdesanluis.com\/wp-content\/uploads\/2023\/07\/cropped-apuntesdesanluis.png\",\"contentUrl\":\"https:\/\/apuntesdesanluis.com\/wp-content\/uploads\/2023\/07\/cropped-apuntesdesanluis.png\",\"width\":450,\"height\":112,\"caption\":\"apuntesdesanluis.com\"},\"logo\":{\"@id\":\"https:\/\/apuntesdesanluis.com\/#\/schema\/person\/image\/\"},\"sameAs\":[\"https:\/\/apuntesdesanluis.com\"],\"url\":\"https:\/\/apuntesdesanluis.com\/index.php\/author\/apuntesdesanluis-com\/\"}]}<\/script>\n<!-- \/ Yoast SEO plugin. -->","yoast_head_json":{"title":"JOE BIDEN COMUNIC\u00d3 QUE SE BAJA DE LA PELEA PRESIDENCIAL - Apuntes de San Luis","robots":{"index":"index","follow":"follow","max-snippet":"max-snippet:-1","max-image-preview":"max-image-preview:large","max-video-preview":"max-video-preview:-1"},"canonical":"https:\/\/apuntesdesanluis.com\/index.php\/2024\/07\/21\/joe-biden-comunico-que-se-baja-de-la-pelea-presidencial\/","og_locale":"es_ES","og_type":"article","og_title":"JOE BIDEN COMUNIC\u00d3 QUE SE BAJA DE LA PELEA PRESIDENCIAL - Apuntes de San Luis","og_description":"El jefe de la Casa Blanca finalmente desisti\u00f3 de presentarse a las pr\u00f3ximas elecciones para...","og_url":"https:\/\/apuntesdesanluis.com\/index.php\/2024\/07\/21\/joe-biden-comunico-que-se-baja-de-la-pelea-presidencial\/","og_site_name":"Apuntes de San Luis","article_published_time":"2024-07-22T01:27:34+00:00","og_image":[{"width":700,"height":466,"url":"https:\/\/apuntesdesanluis.com\/wp-content\/uploads\/2024\/07\/BIDEN-1.png","type":"image\/png"}],"author":"apuntesdesanluis.com","twitter_card":"summary_large_image","twitter_misc":{"Escrito por":"apuntesdesanluis.com","Tiempo de lectura":"4 minutos"},"schema":{"@context":"https:\/\/schema.org","@graph":[{"@type":"Article","@id":"https:\/\/apuntesdesanluis.com\/index.php\/2024\/07\/21\/joe-biden-comunico-que-se-baja-de-la-pelea-presidencial\/#article","isPartOf":{"@id":"https:\/\/apuntesdesanluis.com\/index.php\/2024\/07\/21\/joe-biden-comunico-que-se-baja-de-la-pelea-presidencial\/"},"author":{"name":"apuntesdesanluis.com","@id":"https:\/\/apuntesdesanluis.com\/#\/schema\/person\/b55151d52296fcce64d1a72538a70b90"},"headline":"JOE BIDEN COMUNIC\u00d3 QUE SE BAJA DE LA PELEA PRESIDENCIAL","datePublished":"2024-07-22T01:27:34+00:00","mainEntityOfPage":{"@id":"https:\/\/apuntesdesanluis.com\/index.php\/2024\/07\/21\/joe-biden-comunico-que-se-baja-de-la-pelea-presidencial\/"},"wordCount":745,"publisher":{"@id":"https:\/\/apuntesdesanluis.com\/#\/schema\/person\/b55151d52296fcce64d1a72538a70b90"},"image":{"@id":"https:\/\/apuntesdesanluis.com\/index.php\/2024\/07\/21\/joe-biden-comunico-que-se-baja-de-la-pelea-presidencial\/#primaryimage"},"thumbnailUrl":"https:\/\/apuntesdesanluis.com\/wp-content\/uploads\/2024\/07\/BIDEN-1.png","articleSection":["Nacionales\/Internacionales"],"inLanguage":"es-AR"},{"@type":"WebPage","@id":"https:\/\/apuntesdesanluis.com\/index.php\/2024\/07\/21\/joe-biden-comunico-que-se-baja-de-la-pelea-presidencial\/","url":"https:\/\/apuntesdesanluis.com\/index.php\/2024\/07\/21\/joe-biden-comunico-que-se-baja-de-la-pelea-presidencial\/","name":"JOE BIDEN COMUNIC\u00d3 QUE SE BAJA DE LA PELEA PRESIDENCIAL - Apuntes de San Luis","isPartOf":{"@id":"https:\/\/apuntesdesanluis.com\/#website"},"primaryImageOfPage":{"@id":"https:\/\/apuntesdesanluis.com\/index.php\/2024\/07\/21\/joe-biden-comunico-que-se-baja-de-la-pelea-presidencial\/#primaryimage"},"image":{"@id":"https:\/\/apuntesdesanluis.com\/index.php\/2024\/07\/21\/joe-biden-comunico-que-se-baja-de-la-pelea-presidencial\/#primaryimage"},"thumbnailUrl":"https:\/\/apuntesdesanluis.com\/wp-content\/uploads\/2024\/07\/BIDEN-1.png","datePublished":"2024-07-22T01:27:34+00:00","breadcrumb":{"@id":"https:\/\/apuntesdesanluis.com\/index.php\/2024\/07\/21\/joe-biden-comunico-que-se-baja-de-la-pelea-presidencial\/#breadcrumb"},"inLanguage":"es-AR","potentialAction":[{"@type":"ReadAction","target":["https:\/\/apuntesdesanluis.com\/index.php\/2024\/07\/21\/joe-biden-comunico-que-se-baja-de-la-pelea-presidencial\/"]}]},{"@type":"ImageObject","inLanguage":"es-AR","@id":"https:\/\/apuntesdesanluis.com\/index.php\/2024\/07\/21\/joe-biden-comunico-que-se-baja-de-la-pelea-presidencial\/#primaryimage","url":"https:\/\/apuntesdesanluis.com\/wp-content\/uploads\/2024\/07\/BIDEN-1.png","contentUrl":"https:\/\/apuntesdesanluis.com\/wp-content\/uploads\/2024\/07\/BIDEN-1.png","width":700,"height":466},{"@type":"BreadcrumbList","@id":"https:\/\/apuntesdesanluis.com\/index.php\/2024\/07\/21\/joe-biden-comunico-que-se-baja-de-la-pelea-presidencial\/#breadcrumb","itemListElement":[{"@type":"ListItem","position":1,"name":"Inicio","item":"https:\/\/apuntesdesanluis.com\/"},{"@type":"ListItem","position":2,"name":"JOE BIDEN COMUNIC\u00d3 QUE SE BAJA DE LA PELEA PRESIDENCIAL"}]},{"@type":"WebSite","@id":"https:\/\/apuntesdesanluis.com\/#website","url":"https:\/\/apuntesdesanluis.com\/","name":"Apuntes de San Luis","description":"","publisher":{"@id":"https:\/\/apuntesdesanluis.com\/#\/schema\/person\/b55151d52296fcce64d1a72538a70b90"},"potentialAction":[{"@type":"SearchAction","target":{"@type":"EntryPoint","urlTemplate":"https:\/\/apuntesdesanluis.com\/?s={search_term_string}"},"query-input":{"@type":"PropertyValueSpecification","valueRequired":true,"valueName":"search_term_string"}}],"inLanguage":"es-AR"},{"@type":["Person","Organization"],"@id":"https:\/\/apuntesdesanluis.com\/#\/schema\/person\/b55151d52296fcce64d1a72538a70b90","name":"apuntesdesanluis.com","image":{"@type":"ImageObject","inLanguage":"es-AR","@id":"https:\/\/apuntesdesanluis.com\/#\/schema\/person\/image\/","url":"https:\/\/apuntesdesanluis.com\/wp-content\/uploads\/2023\/07\/cropped-apuntesdesanluis.png","contentUrl":"https:\/\/apuntesdesanluis.com\/wp-content\/uploads\/2023\/07\/cropped-apuntesdesanluis.png","width":450,"height":112,"caption":"apuntesdesanluis.com"},"logo":{"@id":"https:\/\/apuntesdesanluis.com\/#\/schema\/person\/image\/"},"sameAs":["https:\/\/apuntesdesanluis.com"],"url":"https:\/\/apuntesdesanluis.com\/index.php\/author\/apuntesdesanluis-com\/"}]}},"featured_image_urls":{"full":["https:\/\/apuntesdesanluis.com\/wp-content\/uploads\/2024\/07\/BIDEN-1.png",700,466,false],"thumbnail":["https:\/\/apuntesdesanluis.com\/wp-content\/uploads\/2024\/07\/BIDEN-1-150x150.png",150,150,true],"medium":["https:\/\/apuntesdesanluis.com\/wp-content\/uploads\/2024\/07\/BIDEN-1-300x200.png",300,200,true],"medium_large":["https:\/\/apuntesdesanluis.com\/wp-content\/uploads\/2024\/07\/BIDEN-1.png",640,426,false],"large":["https:\/\/apuntesdesanluis.com\/wp-content\/uploads\/2024\/07\/BIDEN-1.png",640,426,false],"1536x1536":["https:\/\/apuntesdesanluis.com\/wp-content\/uploads\/2024\/07\/BIDEN-1.png",700,466,false],"2048x2048":["https:\/\/apuntesdesanluis.com\/wp-content\/uploads\/2024\/07\/BIDEN-1.png",700,466,false],"newsever-slider-full":["https:\/\/apuntesdesanluis.com\/wp-content\/uploads\/2024\/07\/BIDEN-1.png",700,466,false],"newsever-featured":["https:\/\/apuntesdesanluis.com\/wp-content\/uploads\/2024\/07\/BIDEN-1.png",700,466,false],"newsever-medium":["https:\/\/apuntesdesanluis.com\/wp-content\/uploads\/2024\/07\/BIDEN-1.png",700,466,false]},"author_info":{"display_name":"apuntesdesanluis.com","author_link":"https:\/\/apuntesdesanluis.com\/index.php\/author\/apuntesdesanluis-com\/"},"category_info":"<a href=\"https:\/\/apuntesdesanluis.com\/index.php\/category\/nacionales-internacionales\/\" rel=\"category tag\">Nacionales\/Internacionales<\/a>","tag_info":"Nacionales\/Internacionales","comment_count":"0","_links":{"self":[{"href":"https:\/\/apuntesdesanluis.com\/index.php\/wp-json\/wp\/v2\/posts\/19614","targetHints":{"allow":["GET"]}}],"collection":[{"href":"https:\/\/apuntesdesanluis.com\/index.php\/wp-json\/wp\/v2\/posts"}],"about":[{"href":"https:\/\/apuntesdesanluis.com\/index.php\/wp-json\/wp\/v2\/types\/post"}],"author":[{"embeddable":true,"href":"https:\/\/apuntesdesanluis.com\/index.php\/wp-json\/wp\/v2\/users\/1"}],"replies":[{"embeddable":true,"href":"https:\/\/apuntesdesanluis.com\/index.php\/wp-json\/wp\/v2\/comments?post=19614"}],"version-history":[{"count":1,"href":"https:\/\/apuntesdesanluis.com\/index.php\/wp-json\/wp\/v2\/posts\/19614\/revisions"}],"predecessor-version":[{"id":19617,"href":"https:\/\/apuntesdesanluis.com\/index.php\/wp-json\/wp\/v2\/posts\/19614\/revisions\/19617"}],"wp:featuredmedia":[{"embeddable":true,"href":"https:\/\/apuntesdesanluis.com\/index.php\/wp-json\/wp\/v2\/media\/19615"}],"wp:attachment":[{"href":"https:\/\/apuntesdesanluis.com\/index.php\/wp-json\/wp\/v2\/media?parent=19614"}],"wp:term":[{"taxonomy":"category","embeddable":true,"href":"https:\/\/apuntesdesanluis.com\/index.php\/wp-json\/wp\/v2\/categories?post=19614"},{"taxonomy":"post_tag","embeddable":true,"href":"https:\/\/apuntesdesanluis.com\/index.php\/wp-json\/wp\/v2\/tags?post=19614"}],"curies":[{"name":"wp","href":"https:\/\/api.w.org\/{rel}","templated":true}]}}