{"id":19620,"date":"2024-07-21T10:26:02","date_gmt":"2024-07-21T13:26:02","guid":{"rendered":"https:\/\/apuntesdesanluis.com\/?p=19620"},"modified":"2024-07-22T12:42:55","modified_gmt":"2024-07-22T15:42:55","slug":"exitoso-primer-encuentro-de-buceo-adaptado-en-villa-mercedes","status":"publish","type":"post","link":"https:\/\/apuntesdesanluis.com\/index.php\/2024\/07\/21\/exitoso-primer-encuentro-de-buceo-adaptado-en-villa-mercedes\/","title":{"rendered":"EXITOSO PRIMER ENCUENTRO DE BUCEO ADAPTADO EN VILLA MERCEDES"},"content":{"rendered":"<h3>M\u00e1s de 100 personas de toda la provincia participaron en un hist\u00f3rico evento de buceo adaptado en Villa Mercedes, dirigido por profesionales y asistentes especializados.<\/h3>\n<h3>La jornada, organizada por la escuela <strong>\u2018Mercedes Buceo\u2019<\/strong> y la <strong>Secretar\u00eda de Personas con Discapacidad<\/strong> en colaboraci\u00f3n con la direcci\u00f3n del <strong>Parque La Pedrera<\/strong>, atrajo a participantes de localidades como Naschel, Fraga, Justo Daract y San Luis.<\/h3>\n<h3><\/h3>\n<h3>Desde las 10:00 hasta las 18:00, los participantes tuvieron la oportunidad de experimentar el buceo, muchos de ellos por primera vez, bajo la gu\u00eda experta de instructores provenientes de diversas provincias: La Pampa, Buenos Aires, San Juan, C\u00f3rdoba y San Luis. Este evento no solo ofreci\u00f3 la experiencia \u00fanica de la respiraci\u00f3n subacu\u00e1tica y la ingravidez, tambi\u00e9n se destac\u00f3 por su impacto transformador en todos los presentes.<\/h3>\n<h3><strong>Arneli Winter<\/strong>, jefa de la sub\u00e1rea de Deporte y Recreaci\u00f3n, hizo historia al sumergirse por primera vez en una experiencia de buceo. A pesar de haber participado en numerosos deportes extremos, como nadar en aguas abiertas y lanzarse en paraca\u00eddas, Winter nunca hab\u00eda experimentado el buceo hasta ahora. Su participaci\u00f3n fue un hito personal y un ejemplo inspirador de superaci\u00f3n y determinaci\u00f3n. No ocult\u00f3 su alegr\u00eda y satisfacci\u00f3n por esta oportunidad \u00fanica.<\/h3>\n<h3><img fetchpriority=\"high\" decoding=\"async\" class=\"wp-image-19622 aligncenter\" src=\"https:\/\/apuntesdesanluis.com\/wp-content\/uploads\/2024\/07\/1er-buceo-adaptado-20-07-2024_03-scaled-1-300x200.jpg\" alt=\"\" width=\"575\" height=\"383\" srcset=\"https:\/\/apuntesdesanluis.com\/wp-content\/uploads\/2024\/07\/1er-buceo-adaptado-20-07-2024_03-scaled-1-300x200.jpg 300w, https:\/\/apuntesdesanluis.com\/wp-content\/uploads\/2024\/07\/1er-buceo-adaptado-20-07-2024_03-scaled-1.jpg 600w\" sizes=\"(max-width: 575px) 100vw, 575px\" \/><\/h3>\n<h3>Entre los participantes se encontraban personas con discapacidades motoras, sensoriales y trastornos del desarrollo, quienes fueron acompa\u00f1ados por instructores y asistentes que facilitaron su experiencia acu\u00e1tica. Todos los asistentes recibieron un diploma en reconocimiento a su valiente bautismo de buceo.<\/h3>\n<h3>Anita, integrante del seleccionado argentino de f\u00fatbol PC, expres\u00f3 su disfrute por esta oportunidad \u00fanica. Otros participantes, entre ellos Jerem\u00edas de Valduvieco y Walter, quien venci\u00f3 su inicial reticencia, tambi\u00e9n destacaron la jornada como una experiencia inolvidable.<\/h3>\n<h3>El evento cont\u00f3 con el apoyo crucial del Club de Salvamento Acu\u00e1tico de Villa Mercedes, la Escuela de Guardavidas \u2018AMIGAA\u2019, DUAR bomberos de C\u00f3rdoba y las ambulancias de Sempro, demostrando un esfuerzo conjunto por hacer del buceo inclusivo una realidad accesible para todos.<\/h3>\n<h3><img decoding=\"async\" class=\"wp-image-19623 aligncenter\" src=\"https:\/\/apuntesdesanluis.com\/wp-content\/uploads\/2024\/07\/1er-buceo-adaptado-20-07-2024_06-scaled-1-300x200.jpg\" alt=\"\" width=\"587\" height=\"391\" srcset=\"https:\/\/apuntesdesanluis.com\/wp-content\/uploads\/2024\/07\/1er-buceo-adaptado-20-07-2024_06-scaled-1-300x200.jpg 300w, https:\/\/apuntesdesanluis.com\/wp-content\/uploads\/2024\/07\/1er-buceo-adaptado-20-07-2024_06-scaled-1.jpg 600w\" sizes=\"(max-width: 587px) 100vw, 587px\" \/><\/h3>\n<h3>Uno de los centros que recibi\u00f3 ovaciones y aplausos fue el CIAT de la ciudad de San Luis, representado por Valent\u00edn, Marcos y Jaqueline. \u2018Brillitos de luz\u2019 tambi\u00e9n estuvo presente junto a su referente, Mercedes, quienes viajaron en remis desde Naschel y quedaron fascinados con el evento, al igual que los ni\u00f1os a su cargo.<\/h3>\n<h3>El diputado nacional Carlos Alberto Gonz\u00e1lez D\u2019Alessandro present\u00f3 un proyecto para declarar de inter\u00e9s de la Honorable C\u00e1mara de Diputados este primer Encuentro de Buceo Inclusivo, resaltando su importancia como ejemplo de integraci\u00f3n y accesibilidad.<\/h3>\n<h3>El secretario de Personas con Discapacidad, <strong>Luis Giraudo<\/strong>, y la directora del Parque La Pedrera, <strong>Fernanda Sosa<\/strong>, celebraron la excelente organizaci\u00f3n del evento, subrayando el impacto positivo que tuvo en la comunidad.<\/h3>\n<h3><img decoding=\"async\" class=\"wp-image-19624 aligncenter\" src=\"https:\/\/apuntesdesanluis.com\/wp-content\/uploads\/2024\/07\/1er-buceo-adaptado-20-07-2024_09-scaled-1-300x200.jpg\" alt=\"\" width=\"584\" height=\"389\" srcset=\"https:\/\/apuntesdesanluis.com\/wp-content\/uploads\/2024\/07\/1er-buceo-adaptado-20-07-2024_09-scaled-1-300x200.jpg 300w, https:\/\/apuntesdesanluis.com\/wp-content\/uploads\/2024\/07\/1er-buceo-adaptado-20-07-2024_09-scaled-1.jpg 600w\" sizes=\"(max-width: 584px) 100vw, 584px\" \/><\/h3>\n<h3>El encuentro no solo promovi\u00f3 la inclusi\u00f3n y el deporte adaptado, adem\u00e1s dej\u00f3 una marca profunda en todos los que participaron, destac\u00e1ndose como un modelo a seguir en iniciativas de integraci\u00f3n social en Argentina.<\/h3>\n<p>&nbsp;<\/p>\n<p>&nbsp;<\/p>\n<p>&nbsp;<\/p>\n<p>&nbsp;<\/p>\n<p>&nbsp;<\/p>\n","protected":false},"excerpt":{"rendered":"<p>M\u00e1s de 100 personas de toda la provincia participaron en un hist\u00f3rico evento de buceo&#8230;<\/p>\n","protected":false},"author":1,"featured_media":19621,"comment_status":"closed","ping_status":"closed","sticky":false,"template":"","format":"standard","meta":{"footnotes":""},"categories":[6],"tags":[],"class_list":["post-19620","post","type-post","status-publish","format-standard","has-post-thumbnail","hentry","category-ciudad-provincia"],"yoast_head":"<!-- This site is optimized with the Yoast SEO plugin v26.1.1 - https:\/\/yoast.com\/wordpress\/plugins\/seo\/ -->\n<title>EXITOSO PRIMER ENCUENTRO DE BUCEO ADAPTADO EN VILLA MERCEDES - Apuntes de San Luis<\/title>\n<meta name=\"robots\" content=\"index, follow, max-snippet:-1, max-image-preview:large, max-video-preview:-1\" \/>\n<link rel=\"canonical\" href=\"https:\/\/apuntesdesanluis.com\/index.php\/2024\/07\/21\/exitoso-primer-encuentro-de-buceo-adaptado-en-villa-mercedes\/\" \/>\n<meta property=\"og:locale\" content=\"es_ES\" \/>\n<meta property=\"og:type\" content=\"article\" \/>\n<meta property=\"og:title\" content=\"EXITOSO PRIMER ENCUENTRO DE BUCEO ADAPTADO EN VILLA MERCEDES - Apuntes de San Luis\" \/>\n<meta property=\"og:description\" content=\"M\u00e1s de 100 personas de toda la provincia participaron en un hist\u00f3rico evento de buceo...\" \/>\n<meta property=\"og:url\" content=\"https:\/\/apuntesdesanluis.com\/index.php\/2024\/07\/21\/exitoso-primer-encuentro-de-buceo-adaptado-en-villa-mercedes\/\" \/>\n<meta property=\"og:site_name\" content=\"Apuntes de San Luis\" \/>\n<meta property=\"article:published_time\" content=\"2024-07-21T13:26:02+00:00\" \/>\n<meta property=\"article:modified_time\" content=\"2024-07-22T15:42:55+00:00\" \/>\n<meta property=\"og:image\" content=\"https:\/\/apuntesdesanluis.com\/wp-content\/uploads\/2024\/07\/1er-buceo-adaptado-20-07-2024_01-2048x1365-1.jpg\" \/>\n\t<meta property=\"og:image:width\" content=\"600\" \/>\n\t<meta property=\"og:image:height\" content=\"365\" \/>\n\t<meta property=\"og:image:type\" content=\"image\/jpeg\" \/>\n<meta name=\"author\" content=\"apuntesdesanluis.com\" \/>\n<meta name=\"twitter:card\" content=\"summary_large_image\" \/>\n<meta name=\"twitter:label1\" content=\"Escrito por\" \/>\n\t<meta name=\"twitter:data1\" content=\"apuntesdesanluis.com\" \/>\n\t<meta name=\"twitter:label2\" content=\"Tiempo de lectura\" \/>\n\t<meta name=\"twitter:data2\" content=\"3 minutos\" \/>\n<script type=\"application\/ld+json\" class=\"yoast-schema-graph\">{\"@context\":\"https:\/\/schema.org\",\"@graph\":[{\"@type\":\"Article\",\"@id\":\"https:\/\/apuntesdesanluis.com\/index.php\/2024\/07\/21\/exitoso-primer-encuentro-de-buceo-adaptado-en-villa-mercedes\/#article\",\"isPartOf\":{\"@id\":\"https:\/\/apuntesdesanluis.com\/index.php\/2024\/07\/21\/exitoso-primer-encuentro-de-buceo-adaptado-en-villa-mercedes\/\"},\"author\":{\"name\":\"apuntesdesanluis.com\",\"@id\":\"https:\/\/apuntesdesanluis.com\/#\/schema\/person\/b55151d52296fcce64d1a72538a70b90\"},\"headline\":\"EXITOSO PRIMER ENCUENTRO DE BUCEO ADAPTADO EN VILLA MERCEDES\",\"datePublished\":\"2024-07-21T13:26:02+00:00\",\"dateModified\":\"2024-07-22T15:42:55+00:00\",\"mainEntityOfPage\":{\"@id\":\"https:\/\/apuntesdesanluis.com\/index.php\/2024\/07\/21\/exitoso-primer-encuentro-de-buceo-adaptado-en-villa-mercedes\/\"},\"wordCount\":527,\"publisher\":{\"@id\":\"https:\/\/apuntesdesanluis.com\/#\/schema\/person\/b55151d52296fcce64d1a72538a70b90\"},\"image\":{\"@id\":\"https:\/\/apuntesdesanluis.com\/index.php\/2024\/07\/21\/exitoso-primer-encuentro-de-buceo-adaptado-en-villa-mercedes\/#primaryimage\"},\"thumbnailUrl\":\"https:\/\/apuntesdesanluis.com\/wp-content\/uploads\/2024\/07\/1er-buceo-adaptado-20-07-2024_01-2048x1365-1.jpg\",\"articleSection\":[\"Ciudad\/Provincia\"],\"inLanguage\":\"es-AR\"},{\"@type\":\"WebPage\",\"@id\":\"https:\/\/apuntesdesanluis.com\/index.php\/2024\/07\/21\/exitoso-primer-encuentro-de-buceo-adaptado-en-villa-mercedes\/\",\"url\":\"https:\/\/apuntesdesanluis.com\/index.php\/2024\/07\/21\/exitoso-primer-encuentro-de-buceo-adaptado-en-villa-mercedes\/\",\"name\":\"EXITOSO PRIMER ENCUENTRO DE BUCEO ADAPTADO EN VILLA MERCEDES - Apuntes de San Luis\",\"isPartOf\":{\"@id\":\"https:\/\/apuntesdesanluis.com\/#website\"},\"primaryImageOfPage\":{\"@id\":\"https:\/\/apuntesdesanluis.com\/index.php\/2024\/07\/21\/exitoso-primer-encuentro-de-buceo-adaptado-en-villa-mercedes\/#primaryimage\"},\"image\":{\"@id\":\"https:\/\/apuntesdesanluis.com\/index.php\/2024\/07\/21\/exitoso-primer-encuentro-de-buceo-adaptado-en-villa-mercedes\/#primaryimage\"},\"thumbnailUrl\":\"https:\/\/apuntesdesanluis.com\/wp-content\/uploads\/2024\/07\/1er-buceo-adaptado-20-07-2024_01-2048x1365-1.jpg\",\"datePublished\":\"2024-07-21T13:26:02+00:00\",\"dateModified\":\"2024-07-22T15:42:55+00:00\",\"breadcrumb\":{\"@id\":\"https:\/\/apuntesdesanluis.com\/index.php\/2024\/07\/21\/exitoso-primer-encuentro-de-buceo-adaptado-en-villa-mercedes\/#breadcrumb\"},\"inLanguage\":\"es-AR\",\"potentialAction\":[{\"@type\":\"ReadAction\",\"target\":[\"https:\/\/apuntesdesanluis.com\/index.php\/2024\/07\/21\/exitoso-primer-encuentro-de-buceo-adaptado-en-villa-mercedes\/\"]}]},{\"@type\":\"ImageObject\",\"inLanguage\":\"es-AR\",\"@id\":\"https:\/\/apuntesdesanluis.com\/index.php\/2024\/07\/21\/exitoso-primer-encuentro-de-buceo-adaptado-en-villa-mercedes\/#primaryimage\",\"url\":\"https:\/\/apuntesdesanluis.com\/wp-content\/uploads\/2024\/07\/1er-buceo-adaptado-20-07-2024_01-2048x1365-1.jpg\",\"contentUrl\":\"https:\/\/apuntesdesanluis.com\/wp-content\/uploads\/2024\/07\/1er-buceo-adaptado-20-07-2024_01-2048x1365-1.jpg\",\"width\":600,\"height\":365},{\"@type\":\"BreadcrumbList\",\"@id\":\"https:\/\/apuntesdesanluis.com\/index.php\/2024\/07\/21\/exitoso-primer-encuentro-de-buceo-adaptado-en-villa-mercedes\/#breadcrumb\",\"itemListElement\":[{\"@type\":\"ListItem\",\"position\":1,\"name\":\"Inicio\",\"item\":\"https:\/\/apuntesdesanluis.com\/\"},{\"@type\":\"ListItem\",\"position\":2,\"name\":\"EXITOSO PRIMER ENCUENTRO DE BUCEO ADAPTADO EN VILLA MERCEDES\"}]},{\"@type\":\"WebSite\",\"@id\":\"https:\/\/apuntesdesanluis.com\/#website\",\"url\":\"https:\/\/apuntesdesanluis.com\/\",\"name\":\"Apuntes de San Luis\",\"description\":\"\",\"publisher\":{\"@id\":\"https:\/\/apuntesdesanluis.com\/#\/schema\/person\/b55151d52296fcce64d1a72538a70b90\"},\"potentialAction\":[{\"@type\":\"SearchAction\",\"target\":{\"@type\":\"EntryPoint\",\"urlTemplate\":\"https:\/\/apuntesdesanluis.com\/?s={search_term_string}\"},\"query-input\":{\"@type\":\"PropertyValueSpecification\",\"valueRequired\":true,\"valueName\":\"search_term_string\"}}],\"inLanguage\":\"es-AR\"},{\"@type\":[\"Person\",\"Organization\"],\"@id\":\"https:\/\/apuntesdesanluis.com\/#\/schema\/person\/b55151d52296fcce64d1a72538a70b90\",\"name\":\"apuntesdesanluis.com\",\"image\":{\"@type\":\"ImageObject\",\"inLanguage\":\"es-AR\",\"@id\":\"https:\/\/apuntesdesanluis.com\/#\/schema\/person\/image\/\",\"url\":\"https:\/\/apuntesdesanluis.com\/wp-content\/uploads\/2023\/07\/cropped-apuntesdesanluis.png\",\"contentUrl\":\"https:\/\/apuntesdesanluis.com\/wp-content\/uploads\/2023\/07\/cropped-apuntesdesanluis.png\",\"width\":450,\"height\":112,\"caption\":\"apuntesdesanluis.com\"},\"logo\":{\"@id\":\"https:\/\/apuntesdesanluis.com\/#\/schema\/person\/image\/\"},\"sameAs\":[\"https:\/\/apuntesdesanluis.com\"],\"url\":\"https:\/\/apuntesdesanluis.com\/index.php\/author\/apuntesdesanluis-com\/\"}]}<\/script>\n<!-- \/ Yoast SEO plugin. -->","yoast_head_json":{"title":"EXITOSO PRIMER ENCUENTRO DE BUCEO ADAPTADO EN VILLA MERCEDES - Apuntes de San Luis","robots":{"index":"index","follow":"follow","max-snippet":"max-snippet:-1","max-image-preview":"max-image-preview:large","max-video-preview":"max-video-preview:-1"},"canonical":"https:\/\/apuntesdesanluis.com\/index.php\/2024\/07\/21\/exitoso-primer-encuentro-de-buceo-adaptado-en-villa-mercedes\/","og_locale":"es_ES","og_type":"article","og_title":"EXITOSO PRIMER ENCUENTRO DE BUCEO ADAPTADO EN VILLA MERCEDES - Apuntes de San Luis","og_description":"M\u00e1s de 100 personas de toda la provincia participaron en un hist\u00f3rico evento de buceo...","og_url":"https:\/\/apuntesdesanluis.com\/index.php\/2024\/07\/21\/exitoso-primer-encuentro-de-buceo-adaptado-en-villa-mercedes\/","og_site_name":"Apuntes de San Luis","article_published_time":"2024-07-21T13:26:02+00:00","article_modified_time":"2024-07-22T15:42:55+00:00","og_image":[{"width":600,"height":365,"url":"https:\/\/apuntesdesanluis.com\/wp-content\/uploads\/2024\/07\/1er-buceo-adaptado-20-07-2024_01-2048x1365-1.jpg","type":"image\/jpeg"}],"author":"apuntesdesanluis.com","twitter_card":"summary_large_image","twitter_misc":{"Escrito por":"apuntesdesanluis.com","Tiempo de lectura":"3 minutos"},"schema":{"@context":"https:\/\/schema.org","@graph":[{"@type":"Article","@id":"https:\/\/apuntesdesanluis.com\/index.php\/2024\/07\/21\/exitoso-primer-encuentro-de-buceo-adaptado-en-villa-mercedes\/#article","isPartOf":{"@id":"https:\/\/apuntesdesanluis.com\/index.php\/2024\/07\/21\/exitoso-primer-encuentro-de-buceo-adaptado-en-villa-mercedes\/"},"author":{"name":"apuntesdesanluis.com","@id":"https:\/\/apuntesdesanluis.com\/#\/schema\/person\/b55151d52296fcce64d1a72538a70b90"},"headline":"EXITOSO PRIMER ENCUENTRO DE BUCEO ADAPTADO EN VILLA MERCEDES","datePublished":"2024-07-21T13:26:02+00:00","dateModified":"2024-07-22T15:42:55+00:00","mainEntityOfPage":{"@id":"https:\/\/apuntesdesanluis.com\/index.php\/2024\/07\/21\/exitoso-primer-encuentro-de-buceo-adaptado-en-villa-mercedes\/"},"wordCount":527,"publisher":{"@id":"https:\/\/apuntesdesanluis.com\/#\/schema\/person\/b55151d52296fcce64d1a72538a70b90"},"image":{"@id":"https:\/\/apuntesdesanluis.com\/index.php\/2024\/07\/21\/exitoso-primer-encuentro-de-buceo-adaptado-en-villa-mercedes\/#primaryimage"},"thumbnailUrl":"https:\/\/apuntesdesanluis.com\/wp-content\/uploads\/2024\/07\/1er-buceo-adaptado-20-07-2024_01-2048x1365-1.jpg","articleSection":["Ciudad\/Provincia"],"inLanguage":"es-AR"},{"@type":"WebPage","@id":"https:\/\/apuntesdesanluis.com\/index.php\/2024\/07\/21\/exitoso-primer-encuentro-de-buceo-adaptado-en-villa-mercedes\/","url":"https:\/\/apuntesdesanluis.com\/index.php\/2024\/07\/21\/exitoso-primer-encuentro-de-buceo-adaptado-en-villa-mercedes\/","name":"EXITOSO PRIMER ENCUENTRO DE BUCEO ADAPTADO EN VILLA MERCEDES - Apuntes de San Luis","isPartOf":{"@id":"https:\/\/apuntesdesanluis.com\/#website"},"primaryImageOfPage":{"@id":"https:\/\/apuntesdesanluis.com\/index.php\/2024\/07\/21\/exitoso-primer-encuentro-de-buceo-adaptado-en-villa-mercedes\/#primaryimage"},"image":{"@id":"https:\/\/apuntesdesanluis.com\/index.php\/2024\/07\/21\/exitoso-primer-encuentro-de-buceo-adaptado-en-villa-mercedes\/#primaryimage"},"thumbnailUrl":"https:\/\/apuntesdesanluis.com\/wp-content\/uploads\/2024\/07\/1er-buceo-adaptado-20-07-2024_01-2048x1365-1.jpg","datePublished":"2024-07-21T13:26:02+00:00","dateModified":"2024-07-22T15:42:55+00:00","breadcrumb":{"@id":"https:\/\/apuntesdesanluis.com\/index.php\/2024\/07\/21\/exitoso-primer-encuentro-de-buceo-adaptado-en-villa-mercedes\/#breadcrumb"},"inLanguage":"es-AR","potentialAction":[{"@type":"ReadAction","target":["https:\/\/apuntesdesanluis.com\/index.php\/2024\/07\/21\/exitoso-primer-encuentro-de-buceo-adaptado-en-villa-mercedes\/"]}]},{"@type":"ImageObject","inLanguage":"es-AR","@id":"https:\/\/apuntesdesanluis.com\/index.php\/2024\/07\/21\/exitoso-primer-encuentro-de-buceo-adaptado-en-villa-mercedes\/#primaryimage","url":"https:\/\/apuntesdesanluis.com\/wp-content\/uploads\/2024\/07\/1er-buceo-adaptado-20-07-2024_01-2048x1365-1.jpg","contentUrl":"https:\/\/apuntesdesanluis.com\/wp-content\/uploads\/2024\/07\/1er-buceo-adaptado-20-07-2024_01-2048x1365-1.jpg","width":600,"height":365},{"@type":"BreadcrumbList","@id":"https:\/\/apuntesdesanluis.com\/index.php\/2024\/07\/21\/exitoso-primer-encuentro-de-buceo-adaptado-en-villa-mercedes\/#breadcrumb","itemListElement":[{"@type":"ListItem","position":1,"name":"Inicio","item":"https:\/\/apuntesdesanluis.com\/"},{"@type":"ListItem","position":2,"name":"EXITOSO PRIMER ENCUENTRO DE BUCEO ADAPTADO EN VILLA MERCEDES"}]},{"@type":"WebSite","@id":"https:\/\/apuntesdesanluis.com\/#website","url":"https:\/\/apuntesdesanluis.com\/","name":"Apuntes de San Luis","description":"","publisher":{"@id":"https:\/\/apuntesdesanluis.com\/#\/schema\/person\/b55151d52296fcce64d1a72538a70b90"},"potentialAction":[{"@type":"SearchAction","target":{"@type":"EntryPoint","urlTemplate":"https:\/\/apuntesdesanluis.com\/?s={search_term_string}"},"query-input":{"@type":"PropertyValueSpecification","valueRequired":true,"valueName":"search_term_string"}}],"inLanguage":"es-AR"},{"@type":["Person","Organization"],"@id":"https:\/\/apuntesdesanluis.com\/#\/schema\/person\/b55151d52296fcce64d1a72538a70b90","name":"apuntesdesanluis.com","image":{"@type":"ImageObject","inLanguage":"es-AR","@id":"https:\/\/apuntesdesanluis.com\/#\/schema\/person\/image\/","url":"https:\/\/apuntesdesanluis.com\/wp-content\/uploads\/2023\/07\/cropped-apuntesdesanluis.png","contentUrl":"https:\/\/apuntesdesanluis.com\/wp-content\/uploads\/2023\/07\/cropped-apuntesdesanluis.png","width":450,"height":112,"caption":"apuntesdesanluis.com"},"logo":{"@id":"https:\/\/apuntesdesanluis.com\/#\/schema\/person\/image\/"},"sameAs":["https:\/\/apuntesdesanluis.com"],"url":"https:\/\/apuntesdesanluis.com\/index.php\/author\/apuntesdesanluis-com\/"}]}},"featured_image_urls":{"full":["https:\/\/apuntesdesanluis.com\/wp-content\/uploads\/2024\/07\/1er-buceo-adaptado-20-07-2024_01-2048x1365-1.jpg",600,365,false],"thumbnail":["https:\/\/apuntesdesanluis.com\/wp-content\/uploads\/2024\/07\/1er-buceo-adaptado-20-07-2024_01-2048x1365-1-150x150.jpg",150,150,true],"medium":["https:\/\/apuntesdesanluis.com\/wp-content\/uploads\/2024\/07\/1er-buceo-adaptado-20-07-2024_01-2048x1365-1-300x183.jpg",300,183,true],"medium_large":["https:\/\/apuntesdesanluis.com\/wp-content\/uploads\/2024\/07\/1er-buceo-adaptado-20-07-2024_01-2048x1365-1.jpg",600,365,false],"large":["https:\/\/apuntesdesanluis.com\/wp-content\/uploads\/2024\/07\/1er-buceo-adaptado-20-07-2024_01-2048x1365-1.jpg",600,365,false],"1536x1536":["https:\/\/apuntesdesanluis.com\/wp-content\/uploads\/2024\/07\/1er-buceo-adaptado-20-07-2024_01-2048x1365-1.jpg",600,365,false],"2048x2048":["https:\/\/apuntesdesanluis.com\/wp-content\/uploads\/2024\/07\/1er-buceo-adaptado-20-07-2024_01-2048x1365-1.jpg",600,365,false],"newsever-slider-full":["https:\/\/apuntesdesanluis.com\/wp-content\/uploads\/2024\/07\/1er-buceo-adaptado-20-07-2024_01-2048x1365-1.jpg",600,365,false],"newsever-featured":["https:\/\/apuntesdesanluis.com\/wp-content\/uploads\/2024\/07\/1er-buceo-adaptado-20-07-2024_01-2048x1365-1.jpg",600,365,false],"newsever-medium":["https:\/\/apuntesdesanluis.com\/wp-content\/uploads\/2024\/07\/1er-buceo-adaptado-20-07-2024_01-2048x1365-1.jpg",600,365,false]},"author_info":{"display_name":"apuntesdesanluis.com","author_link":"https:\/\/apuntesdesanluis.com\/index.php\/author\/apuntesdesanluis-com\/"},"category_info":"<a href=\"https:\/\/apuntesdesanluis.com\/index.php\/category\/ciudad-provincia\/\" rel=\"category tag\">Ciudad\/Provincia<\/a>","tag_info":"Ciudad\/Provincia","comment_count":"0","_links":{"self":[{"href":"https:\/\/apuntesdesanluis.com\/index.php\/wp-json\/wp\/v2\/posts\/19620","targetHints":{"allow":["GET"]}}],"collection":[{"href":"https:\/\/apuntesdesanluis.com\/index.php\/wp-json\/wp\/v2\/posts"}],"about":[{"href":"https:\/\/apuntesdesanluis.com\/index.php\/wp-json\/wp\/v2\/types\/post"}],"author":[{"embeddable":true,"href":"https:\/\/apuntesdesanluis.com\/index.php\/wp-json\/wp\/v2\/users\/1"}],"replies":[{"embeddable":true,"href":"https:\/\/apuntesdesanluis.com\/index.php\/wp-json\/wp\/v2\/comments?post=19620"}],"version-history":[{"count":1,"href":"https:\/\/apuntesdesanluis.com\/index.php\/wp-json\/wp\/v2\/posts\/19620\/revisions"}],"predecessor-version":[{"id":19625,"href":"https:\/\/apuntesdesanluis.com\/index.php\/wp-json\/wp\/v2\/posts\/19620\/revisions\/19625"}],"wp:featuredmedia":[{"embeddable":true,"href":"https:\/\/apuntesdesanluis.com\/index.php\/wp-json\/wp\/v2\/media\/19621"}],"wp:attachment":[{"href":"https:\/\/apuntesdesanluis.com\/index.php\/wp-json\/wp\/v2\/media?parent=19620"}],"wp:term":[{"taxonomy":"category","embeddable":true,"href":"https:\/\/apuntesdesanluis.com\/index.php\/wp-json\/wp\/v2\/categories?post=19620"},{"taxonomy":"post_tag","embeddable":true,"href":"https:\/\/apuntesdesanluis.com\/index.php\/wp-json\/wp\/v2\/tags?post=19620"}],"curies":[{"name":"wp","href":"https:\/\/api.w.org\/{rel}","templated":true}]}}