{"id":19629,"date":"2024-07-22T14:14:07","date_gmt":"2024-07-22T17:14:07","guid":{"rendered":"https:\/\/apuntesdesanluis.com\/?p=19629"},"modified":"2024-07-22T14:14:07","modified_gmt":"2024-07-22T17:14:07","slug":"caso-johana-galdeano-comenzaron-a-juzgar-a-juan-carlos-solalinde","status":"publish","type":"post","link":"https:\/\/apuntesdesanluis.com\/index.php\/2024\/07\/22\/caso-johana-galdeano-comenzaron-a-juzgar-a-juan-carlos-solalinde\/","title":{"rendered":"CASO JOHANA GALDEANO: COMENZARON A JUZGAR A JUAN CARLOS SOLALINDE"},"content":{"rendered":"<h3>El \u00fanico acusado ser\u00e1 juzgado por la muerte de <strong>Johana Galdeano<\/strong> ocurrida el 26 de mayo de 2021 en Villa Mercedes.<\/h3>\n<h3>Este lunes, el tribunal integrado por la Dra. Daniela Estrada y los Dres. Mauro D\u00b4Agata Henr\u00edquez\u00a0 y Sebasti\u00e1n Cadelago Filippi comenz\u00f3 a juzgar a <strong>Juan Carlos Solalinde<\/strong> por homicidio doblemente calificado por haber mantenido una relaci\u00f3n de pareja y por violencia de g\u00e9nero en perjuicio de Johana Galdeano.<\/h3>\n<p><img fetchpriority=\"high\" decoding=\"async\" class=\"wp-image-19632 aligncenter\" src=\"https:\/\/apuntesdesanluis.com\/wp-content\/uploads\/2024\/07\/solalinde-galdeano-300x181.png\" alt=\"\" width=\"492\" height=\"297\" srcset=\"https:\/\/apuntesdesanluis.com\/wp-content\/uploads\/2024\/07\/solalinde-galdeano-300x181.png 300w, https:\/\/apuntesdesanluis.com\/wp-content\/uploads\/2024\/07\/solalinde-galdeano.png 600w\" sizes=\"(max-width: 492px) 100vw, 492px\" \/><\/p>\n<h3>La primera audiencia de este debate oral se desarroll\u00f3 en la Sala de Juicios N\u00ba 1 del edificio judicial mercedino.<\/h3>\n<h3>El hecho investigado ocurri\u00f3 el 26 de mayo del 2021. El cuerpo de la v\u00edctima fue encontrado en el domicilio en el que viv\u00eda el acusado. La joven, quien hab\u00eda tenido una relaci\u00f3n de pareja con Solalinde, recibi\u00f3 cinco impactos de bala que le provocaron la muerte.<\/h3>\n<h3><strong>ALEGATOS DE APERTURA<\/strong><\/h3>\n<h3>En la primera audiencia se desarrollaron los alegatos de apertura.<\/h3>\n<h3>El Fiscal de Juicio, Dr. Ernesto Lutens expres\u00f3 que durante el debate se demostrar\u00e1 la autor\u00eda del acusado respecto a los delitos endilgados de homicidio doblemente calificado por mediar una relaci\u00f3n de pareja y por femicidio.<\/h3>\n<h3>El Fiscal asever\u00f3 que entre el acusado y la v\u00edctima existi\u00f3 una relaci\u00f3n de pareja y que tuvieron un hijo. Asimismo, realiz\u00f3 un relato de los hechos y describi\u00f3 que el pasado 26 de mayo de 2021 entre las 15:00 hs y 15:30 hs, Johana se dirigi\u00f3 hasta el domicilio del acusado. Una vez all\u00ed, la v\u00edctima recibi\u00f3 5 disparos con arma de fuego (4 afuera de la casa y uno en el interior).<\/h3>\n<h3>Lutens explic\u00f3 que el imputado adulter\u00f3 la escena del crimen, corri\u00f3 el cuerpo de donde se encontraba originariamente y plant\u00f3 un cuchillo para simular una escena de leg\u00edtima defensa. Luego se dirigi\u00f3 la comisaria para entregarse.<\/h3>\n<h3>El representante de la fiscal\u00eda mencion\u00f3 la prueba de la que se va a valer durante el debate.<\/h3>\n<h3>La representante de la querella, Dra. Mikaela Eguinoa en su alegato explic\u00f3 que se va a demostrar que Johana y el acusado mantuvieron una relaci\u00f3n de pareja de 6 a\u00f1os y que se comprobar\u00e1 que se cometi\u00f3 un femicidio.<\/h3>\n<h3>Agreg\u00f3 que a trav\u00e9s de testimonios, pruebas y pericias inform\u00e1ticas se demostrar\u00e1 que existi\u00f3 por parte del acusado una obsesi\u00f3n y un control sobre la v\u00edctima, \u201cla humill\u00f3, la denigr\u00f3, la violent\u00f3 f\u00edsicamente, \u00edntimamente, psicol\u00f3gicamente y econ\u00f3micamente\u201d dijo Eguinoa.<\/h3>\n<h3>\u00a0Expres\u00f3 que el d\u00eda del hecho el acusado sigui\u00f3 a la v\u00edctima, premedit\u00f3 la escena del crimen, carg\u00f3 el arma y extrajo un cuchillo.<\/h3>\n<h3>Describi\u00f3 el hecho y relat\u00f3 que el primer disparo que recibi\u00f3 Johana fue apenas baj\u00f3 del auto, luego otros 3 disparos que impactaron en la caja tor\u00e1cica. Y expres\u00f3 que en un acto de crueldad y frialdad, arrastr\u00f3 el cuerpo hacia el interior de la morada para propinarle el \u00faltimo disparo.<\/h3>\n<h3>Por otro lado, hizo referencia a la manipulaci\u00f3n de la escena que const\u00f3 en la colocaci\u00f3n de un cuchillo en la mano de la v\u00edctima.<\/h3>\n<h3>Para concluir, la representante de la querella manifest\u00f3 que lograr\u00e1 acreditar la responsabilidad penal por homicidio doblemente calificado por mediar una relaci\u00f3n de pareja y por femicidio en contra de Johana Galdeano y requerir\u00e1 la pena de prisi\u00f3n perpetua sin beneficios.<\/h3>\n<h3>Por su parte, la defensa del acusado representada por los Dres. Marcos Juarez y Ramiro Rubio dijo que van a discutir que existen y existieron causas extraordinarias de atenuaci\u00f3n enmarcadas en la leg\u00edtima defensa en exceso, una historia signada por la violencia y maltrato de la v\u00edctima hacia el imputado y la emoci\u00f3n violenta generada por factores externos a la voluntad del imputado.<\/h3>\n<p><img decoding=\"async\" class=\"wp-image-19631 aligncenter\" src=\"https:\/\/apuntesdesanluis.com\/wp-content\/uploads\/2024\/07\/DEFENSA-DE-SOLALINDE-300x195.png\" alt=\"\" width=\"542\" height=\"352\" srcset=\"https:\/\/apuntesdesanluis.com\/wp-content\/uploads\/2024\/07\/DEFENSA-DE-SOLALINDE-300x195.png 300w, https:\/\/apuntesdesanluis.com\/wp-content\/uploads\/2024\/07\/DEFENSA-DE-SOLALINDE.png 621w\" sizes=\"(max-width: 542px) 100vw, 542px\" \/><\/p>\n<h3>El Dr. Ju\u00e1rez manifest\u00f3 que el agravante del femicidio no se puede aplicar cuando la v\u00edctima mujer ha ejercido actos previos de violencia hacia su agresor, cuando hubo violencia sistem\u00e1tica y constante.<\/h3>\n<h3>Vamos a demostrar que hubo violencia f\u00edsica, ps\u00edquica y material en contra de Solalinde.<\/h3>\n<h3>El tribunal declar\u00f3 la apertura de la etapa probatoria, hoy declararon cuatro testigos y para ma\u00f1ana est\u00e1n previstas las declaraciones de ocho personas.<\/h3>\n<p>&nbsp;<\/p>\n<p>&nbsp;<\/p>\n<p>&nbsp;<\/p>\n<p>&nbsp;<\/p>\n<p>&nbsp;<\/p>\n<p>&nbsp;<\/p>\n<p>&nbsp;<\/p>\n","protected":false},"excerpt":{"rendered":"<p>El \u00fanico acusado ser\u00e1 juzgado por la muerte de Johana Galdeano ocurrida el 26 de&#8230;<\/p>\n","protected":false},"author":1,"featured_media":19630,"comment_status":"closed","ping_status":"closed","sticky":false,"template":"","format":"standard","meta":{"footnotes":""},"categories":[6],"tags":[],"class_list":["post-19629","post","type-post","status-publish","format-standard","has-post-thumbnail","hentry","category-ciudad-provincia"],"yoast_head":"<!-- This site is optimized with the Yoast SEO plugin v26.1.1 - https:\/\/yoast.com\/wordpress\/plugins\/seo\/ -->\n<title>CASO JOHANA GALDEANO: COMENZARON A JUZGAR A JUAN CARLOS SOLALINDE - Apuntes de San Luis<\/title>\n<meta name=\"robots\" content=\"index, follow, max-snippet:-1, max-image-preview:large, max-video-preview:-1\" \/>\n<link rel=\"canonical\" href=\"https:\/\/apuntesdesanluis.com\/index.php\/2024\/07\/22\/caso-johana-galdeano-comenzaron-a-juzgar-a-juan-carlos-solalinde\/\" \/>\n<meta property=\"og:locale\" content=\"es_ES\" \/>\n<meta property=\"og:type\" content=\"article\" \/>\n<meta property=\"og:title\" content=\"CASO JOHANA GALDEANO: COMENZARON A JUZGAR A JUAN CARLOS SOLALINDE - Apuntes de San Luis\" \/>\n<meta property=\"og:description\" content=\"El \u00fanico acusado ser\u00e1 juzgado por la muerte de Johana Galdeano ocurrida el 26 de...\" \/>\n<meta property=\"og:url\" content=\"https:\/\/apuntesdesanluis.com\/index.php\/2024\/07\/22\/caso-johana-galdeano-comenzaron-a-juzgar-a-juan-carlos-solalinde\/\" \/>\n<meta property=\"og:site_name\" content=\"Apuntes de San Luis\" \/>\n<meta property=\"article:published_time\" content=\"2024-07-22T17:14:07+00:00\" \/>\n<meta property=\"og:image\" content=\"https:\/\/apuntesdesanluis.com\/wp-content\/uploads\/2024\/07\/tribunal-1.png\" \/>\n\t<meta property=\"og:image:width\" content=\"600\" \/>\n\t<meta property=\"og:image:height\" content=\"328\" \/>\n\t<meta property=\"og:image:type\" content=\"image\/png\" \/>\n<meta name=\"author\" content=\"apuntesdesanluis.com\" \/>\n<meta name=\"twitter:card\" content=\"summary_large_image\" \/>\n<meta name=\"twitter:label1\" content=\"Escrito por\" \/>\n\t<meta name=\"twitter:data1\" content=\"apuntesdesanluis.com\" \/>\n\t<meta name=\"twitter:label2\" content=\"Tiempo de lectura\" \/>\n\t<meta name=\"twitter:data2\" content=\"4 minutos\" \/>\n<script type=\"application\/ld+json\" class=\"yoast-schema-graph\">{\"@context\":\"https:\/\/schema.org\",\"@graph\":[{\"@type\":\"Article\",\"@id\":\"https:\/\/apuntesdesanluis.com\/index.php\/2024\/07\/22\/caso-johana-galdeano-comenzaron-a-juzgar-a-juan-carlos-solalinde\/#article\",\"isPartOf\":{\"@id\":\"https:\/\/apuntesdesanluis.com\/index.php\/2024\/07\/22\/caso-johana-galdeano-comenzaron-a-juzgar-a-juan-carlos-solalinde\/\"},\"author\":{\"name\":\"apuntesdesanluis.com\",\"@id\":\"https:\/\/apuntesdesanluis.com\/#\/schema\/person\/b55151d52296fcce64d1a72538a70b90\"},\"headline\":\"CASO JOHANA GALDEANO: COMENZARON A JUZGAR A JUAN CARLOS SOLALINDE\",\"datePublished\":\"2024-07-22T17:14:07+00:00\",\"mainEntityOfPage\":{\"@id\":\"https:\/\/apuntesdesanluis.com\/index.php\/2024\/07\/22\/caso-johana-galdeano-comenzaron-a-juzgar-a-juan-carlos-solalinde\/\"},\"wordCount\":712,\"publisher\":{\"@id\":\"https:\/\/apuntesdesanluis.com\/#\/schema\/person\/b55151d52296fcce64d1a72538a70b90\"},\"image\":{\"@id\":\"https:\/\/apuntesdesanluis.com\/index.php\/2024\/07\/22\/caso-johana-galdeano-comenzaron-a-juzgar-a-juan-carlos-solalinde\/#primaryimage\"},\"thumbnailUrl\":\"https:\/\/apuntesdesanluis.com\/wp-content\/uploads\/2024\/07\/tribunal-1.png\",\"articleSection\":[\"Ciudad\/Provincia\"],\"inLanguage\":\"es-AR\"},{\"@type\":\"WebPage\",\"@id\":\"https:\/\/apuntesdesanluis.com\/index.php\/2024\/07\/22\/caso-johana-galdeano-comenzaron-a-juzgar-a-juan-carlos-solalinde\/\",\"url\":\"https:\/\/apuntesdesanluis.com\/index.php\/2024\/07\/22\/caso-johana-galdeano-comenzaron-a-juzgar-a-juan-carlos-solalinde\/\",\"name\":\"CASO JOHANA GALDEANO: COMENZARON A JUZGAR A JUAN CARLOS SOLALINDE - Apuntes de San Luis\",\"isPartOf\":{\"@id\":\"https:\/\/apuntesdesanluis.com\/#website\"},\"primaryImageOfPage\":{\"@id\":\"https:\/\/apuntesdesanluis.com\/index.php\/2024\/07\/22\/caso-johana-galdeano-comenzaron-a-juzgar-a-juan-carlos-solalinde\/#primaryimage\"},\"image\":{\"@id\":\"https:\/\/apuntesdesanluis.com\/index.php\/2024\/07\/22\/caso-johana-galdeano-comenzaron-a-juzgar-a-juan-carlos-solalinde\/#primaryimage\"},\"thumbnailUrl\":\"https:\/\/apuntesdesanluis.com\/wp-content\/uploads\/2024\/07\/tribunal-1.png\",\"datePublished\":\"2024-07-22T17:14:07+00:00\",\"breadcrumb\":{\"@id\":\"https:\/\/apuntesdesanluis.com\/index.php\/2024\/07\/22\/caso-johana-galdeano-comenzaron-a-juzgar-a-juan-carlos-solalinde\/#breadcrumb\"},\"inLanguage\":\"es-AR\",\"potentialAction\":[{\"@type\":\"ReadAction\",\"target\":[\"https:\/\/apuntesdesanluis.com\/index.php\/2024\/07\/22\/caso-johana-galdeano-comenzaron-a-juzgar-a-juan-carlos-solalinde\/\"]}]},{\"@type\":\"ImageObject\",\"inLanguage\":\"es-AR\",\"@id\":\"https:\/\/apuntesdesanluis.com\/index.php\/2024\/07\/22\/caso-johana-galdeano-comenzaron-a-juzgar-a-juan-carlos-solalinde\/#primaryimage\",\"url\":\"https:\/\/apuntesdesanluis.com\/wp-content\/uploads\/2024\/07\/tribunal-1.png\",\"contentUrl\":\"https:\/\/apuntesdesanluis.com\/wp-content\/uploads\/2024\/07\/tribunal-1.png\",\"width\":600,\"height\":328},{\"@type\":\"BreadcrumbList\",\"@id\":\"https:\/\/apuntesdesanluis.com\/index.php\/2024\/07\/22\/caso-johana-galdeano-comenzaron-a-juzgar-a-juan-carlos-solalinde\/#breadcrumb\",\"itemListElement\":[{\"@type\":\"ListItem\",\"position\":1,\"name\":\"Inicio\",\"item\":\"https:\/\/apuntesdesanluis.com\/\"},{\"@type\":\"ListItem\",\"position\":2,\"name\":\"CASO JOHANA GALDEANO: COMENZARON A JUZGAR A JUAN CARLOS SOLALINDE\"}]},{\"@type\":\"WebSite\",\"@id\":\"https:\/\/apuntesdesanluis.com\/#website\",\"url\":\"https:\/\/apuntesdesanluis.com\/\",\"name\":\"Apuntes de San Luis\",\"description\":\"\",\"publisher\":{\"@id\":\"https:\/\/apuntesdesanluis.com\/#\/schema\/person\/b55151d52296fcce64d1a72538a70b90\"},\"potentialAction\":[{\"@type\":\"SearchAction\",\"target\":{\"@type\":\"EntryPoint\",\"urlTemplate\":\"https:\/\/apuntesdesanluis.com\/?s={search_term_string}\"},\"query-input\":{\"@type\":\"PropertyValueSpecification\",\"valueRequired\":true,\"valueName\":\"search_term_string\"}}],\"inLanguage\":\"es-AR\"},{\"@type\":[\"Person\",\"Organization\"],\"@id\":\"https:\/\/apuntesdesanluis.com\/#\/schema\/person\/b55151d52296fcce64d1a72538a70b90\",\"name\":\"apuntesdesanluis.com\",\"image\":{\"@type\":\"ImageObject\",\"inLanguage\":\"es-AR\",\"@id\":\"https:\/\/apuntesdesanluis.com\/#\/schema\/person\/image\/\",\"url\":\"https:\/\/apuntesdesanluis.com\/wp-content\/uploads\/2023\/07\/cropped-apuntesdesanluis.png\",\"contentUrl\":\"https:\/\/apuntesdesanluis.com\/wp-content\/uploads\/2023\/07\/cropped-apuntesdesanluis.png\",\"width\":450,\"height\":112,\"caption\":\"apuntesdesanluis.com\"},\"logo\":{\"@id\":\"https:\/\/apuntesdesanluis.com\/#\/schema\/person\/image\/\"},\"sameAs\":[\"https:\/\/apuntesdesanluis.com\"],\"url\":\"https:\/\/apuntesdesanluis.com\/index.php\/author\/apuntesdesanluis-com\/\"}]}<\/script>\n<!-- \/ Yoast SEO plugin. -->","yoast_head_json":{"title":"CASO JOHANA GALDEANO: COMENZARON A JUZGAR A JUAN CARLOS SOLALINDE - Apuntes de San Luis","robots":{"index":"index","follow":"follow","max-snippet":"max-snippet:-1","max-image-preview":"max-image-preview:large","max-video-preview":"max-video-preview:-1"},"canonical":"https:\/\/apuntesdesanluis.com\/index.php\/2024\/07\/22\/caso-johana-galdeano-comenzaron-a-juzgar-a-juan-carlos-solalinde\/","og_locale":"es_ES","og_type":"article","og_title":"CASO JOHANA GALDEANO: COMENZARON A JUZGAR A JUAN CARLOS SOLALINDE - Apuntes de San Luis","og_description":"El \u00fanico acusado ser\u00e1 juzgado por la muerte de Johana Galdeano ocurrida el 26 de...","og_url":"https:\/\/apuntesdesanluis.com\/index.php\/2024\/07\/22\/caso-johana-galdeano-comenzaron-a-juzgar-a-juan-carlos-solalinde\/","og_site_name":"Apuntes de San Luis","article_published_time":"2024-07-22T17:14:07+00:00","og_image":[{"width":600,"height":328,"url":"https:\/\/apuntesdesanluis.com\/wp-content\/uploads\/2024\/07\/tribunal-1.png","type":"image\/png"}],"author":"apuntesdesanluis.com","twitter_card":"summary_large_image","twitter_misc":{"Escrito por":"apuntesdesanluis.com","Tiempo de lectura":"4 minutos"},"schema":{"@context":"https:\/\/schema.org","@graph":[{"@type":"Article","@id":"https:\/\/apuntesdesanluis.com\/index.php\/2024\/07\/22\/caso-johana-galdeano-comenzaron-a-juzgar-a-juan-carlos-solalinde\/#article","isPartOf":{"@id":"https:\/\/apuntesdesanluis.com\/index.php\/2024\/07\/22\/caso-johana-galdeano-comenzaron-a-juzgar-a-juan-carlos-solalinde\/"},"author":{"name":"apuntesdesanluis.com","@id":"https:\/\/apuntesdesanluis.com\/#\/schema\/person\/b55151d52296fcce64d1a72538a70b90"},"headline":"CASO JOHANA GALDEANO: COMENZARON A JUZGAR A JUAN CARLOS SOLALINDE","datePublished":"2024-07-22T17:14:07+00:00","mainEntityOfPage":{"@id":"https:\/\/apuntesdesanluis.com\/index.php\/2024\/07\/22\/caso-johana-galdeano-comenzaron-a-juzgar-a-juan-carlos-solalinde\/"},"wordCount":712,"publisher":{"@id":"https:\/\/apuntesdesanluis.com\/#\/schema\/person\/b55151d52296fcce64d1a72538a70b90"},"image":{"@id":"https:\/\/apuntesdesanluis.com\/index.php\/2024\/07\/22\/caso-johana-galdeano-comenzaron-a-juzgar-a-juan-carlos-solalinde\/#primaryimage"},"thumbnailUrl":"https:\/\/apuntesdesanluis.com\/wp-content\/uploads\/2024\/07\/tribunal-1.png","articleSection":["Ciudad\/Provincia"],"inLanguage":"es-AR"},{"@type":"WebPage","@id":"https:\/\/apuntesdesanluis.com\/index.php\/2024\/07\/22\/caso-johana-galdeano-comenzaron-a-juzgar-a-juan-carlos-solalinde\/","url":"https:\/\/apuntesdesanluis.com\/index.php\/2024\/07\/22\/caso-johana-galdeano-comenzaron-a-juzgar-a-juan-carlos-solalinde\/","name":"CASO JOHANA GALDEANO: COMENZARON A JUZGAR A JUAN CARLOS SOLALINDE - Apuntes de San Luis","isPartOf":{"@id":"https:\/\/apuntesdesanluis.com\/#website"},"primaryImageOfPage":{"@id":"https:\/\/apuntesdesanluis.com\/index.php\/2024\/07\/22\/caso-johana-galdeano-comenzaron-a-juzgar-a-juan-carlos-solalinde\/#primaryimage"},"image":{"@id":"https:\/\/apuntesdesanluis.com\/index.php\/2024\/07\/22\/caso-johana-galdeano-comenzaron-a-juzgar-a-juan-carlos-solalinde\/#primaryimage"},"thumbnailUrl":"https:\/\/apuntesdesanluis.com\/wp-content\/uploads\/2024\/07\/tribunal-1.png","datePublished":"2024-07-22T17:14:07+00:00","breadcrumb":{"@id":"https:\/\/apuntesdesanluis.com\/index.php\/2024\/07\/22\/caso-johana-galdeano-comenzaron-a-juzgar-a-juan-carlos-solalinde\/#breadcrumb"},"inLanguage":"es-AR","potentialAction":[{"@type":"ReadAction","target":["https:\/\/apuntesdesanluis.com\/index.php\/2024\/07\/22\/caso-johana-galdeano-comenzaron-a-juzgar-a-juan-carlos-solalinde\/"]}]},{"@type":"ImageObject","inLanguage":"es-AR","@id":"https:\/\/apuntesdesanluis.com\/index.php\/2024\/07\/22\/caso-johana-galdeano-comenzaron-a-juzgar-a-juan-carlos-solalinde\/#primaryimage","url":"https:\/\/apuntesdesanluis.com\/wp-content\/uploads\/2024\/07\/tribunal-1.png","contentUrl":"https:\/\/apuntesdesanluis.com\/wp-content\/uploads\/2024\/07\/tribunal-1.png","width":600,"height":328},{"@type":"BreadcrumbList","@id":"https:\/\/apuntesdesanluis.com\/index.php\/2024\/07\/22\/caso-johana-galdeano-comenzaron-a-juzgar-a-juan-carlos-solalinde\/#breadcrumb","itemListElement":[{"@type":"ListItem","position":1,"name":"Inicio","item":"https:\/\/apuntesdesanluis.com\/"},{"@type":"ListItem","position":2,"name":"CASO JOHANA GALDEANO: COMENZARON A JUZGAR A JUAN CARLOS SOLALINDE"}]},{"@type":"WebSite","@id":"https:\/\/apuntesdesanluis.com\/#website","url":"https:\/\/apuntesdesanluis.com\/","name":"Apuntes de San Luis","description":"","publisher":{"@id":"https:\/\/apuntesdesanluis.com\/#\/schema\/person\/b55151d52296fcce64d1a72538a70b90"},"potentialAction":[{"@type":"SearchAction","target":{"@type":"EntryPoint","urlTemplate":"https:\/\/apuntesdesanluis.com\/?s={search_term_string}"},"query-input":{"@type":"PropertyValueSpecification","valueRequired":true,"valueName":"search_term_string"}}],"inLanguage":"es-AR"},{"@type":["Person","Organization"],"@id":"https:\/\/apuntesdesanluis.com\/#\/schema\/person\/b55151d52296fcce64d1a72538a70b90","name":"apuntesdesanluis.com","image":{"@type":"ImageObject","inLanguage":"es-AR","@id":"https:\/\/apuntesdesanluis.com\/#\/schema\/person\/image\/","url":"https:\/\/apuntesdesanluis.com\/wp-content\/uploads\/2023\/07\/cropped-apuntesdesanluis.png","contentUrl":"https:\/\/apuntesdesanluis.com\/wp-content\/uploads\/2023\/07\/cropped-apuntesdesanluis.png","width":450,"height":112,"caption":"apuntesdesanluis.com"},"logo":{"@id":"https:\/\/apuntesdesanluis.com\/#\/schema\/person\/image\/"},"sameAs":["https:\/\/apuntesdesanluis.com"],"url":"https:\/\/apuntesdesanluis.com\/index.php\/author\/apuntesdesanluis-com\/"}]}},"featured_image_urls":{"full":["https:\/\/apuntesdesanluis.com\/wp-content\/uploads\/2024\/07\/tribunal-1.png",600,328,false],"thumbnail":["https:\/\/apuntesdesanluis.com\/wp-content\/uploads\/2024\/07\/tribunal-1-150x150.png",150,150,true],"medium":["https:\/\/apuntesdesanluis.com\/wp-content\/uploads\/2024\/07\/tribunal-1-300x164.png",300,164,true],"medium_large":["https:\/\/apuntesdesanluis.com\/wp-content\/uploads\/2024\/07\/tribunal-1.png",600,328,false],"large":["https:\/\/apuntesdesanluis.com\/wp-content\/uploads\/2024\/07\/tribunal-1.png",600,328,false],"1536x1536":["https:\/\/apuntesdesanluis.com\/wp-content\/uploads\/2024\/07\/tribunal-1.png",600,328,false],"2048x2048":["https:\/\/apuntesdesanluis.com\/wp-content\/uploads\/2024\/07\/tribunal-1.png",600,328,false],"newsever-slider-full":["https:\/\/apuntesdesanluis.com\/wp-content\/uploads\/2024\/07\/tribunal-1.png",600,328,false],"newsever-featured":["https:\/\/apuntesdesanluis.com\/wp-content\/uploads\/2024\/07\/tribunal-1.png",600,328,false],"newsever-medium":["https:\/\/apuntesdesanluis.com\/wp-content\/uploads\/2024\/07\/tribunal-1.png",600,328,false]},"author_info":{"display_name":"apuntesdesanluis.com","author_link":"https:\/\/apuntesdesanluis.com\/index.php\/author\/apuntesdesanluis-com\/"},"category_info":"<a href=\"https:\/\/apuntesdesanluis.com\/index.php\/category\/ciudad-provincia\/\" rel=\"category tag\">Ciudad\/Provincia<\/a>","tag_info":"Ciudad\/Provincia","comment_count":"0","_links":{"self":[{"href":"https:\/\/apuntesdesanluis.com\/index.php\/wp-json\/wp\/v2\/posts\/19629","targetHints":{"allow":["GET"]}}],"collection":[{"href":"https:\/\/apuntesdesanluis.com\/index.php\/wp-json\/wp\/v2\/posts"}],"about":[{"href":"https:\/\/apuntesdesanluis.com\/index.php\/wp-json\/wp\/v2\/types\/post"}],"author":[{"embeddable":true,"href":"https:\/\/apuntesdesanluis.com\/index.php\/wp-json\/wp\/v2\/users\/1"}],"replies":[{"embeddable":true,"href":"https:\/\/apuntesdesanluis.com\/index.php\/wp-json\/wp\/v2\/comments?post=19629"}],"version-history":[{"count":1,"href":"https:\/\/apuntesdesanluis.com\/index.php\/wp-json\/wp\/v2\/posts\/19629\/revisions"}],"predecessor-version":[{"id":19633,"href":"https:\/\/apuntesdesanluis.com\/index.php\/wp-json\/wp\/v2\/posts\/19629\/revisions\/19633"}],"wp:featuredmedia":[{"embeddable":true,"href":"https:\/\/apuntesdesanluis.com\/index.php\/wp-json\/wp\/v2\/media\/19630"}],"wp:attachment":[{"href":"https:\/\/apuntesdesanluis.com\/index.php\/wp-json\/wp\/v2\/media?parent=19629"}],"wp:term":[{"taxonomy":"category","embeddable":true,"href":"https:\/\/apuntesdesanluis.com\/index.php\/wp-json\/wp\/v2\/categories?post=19629"},{"taxonomy":"post_tag","embeddable":true,"href":"https:\/\/apuntesdesanluis.com\/index.php\/wp-json\/wp\/v2\/tags?post=19629"}],"curies":[{"name":"wp","href":"https:\/\/api.w.org\/{rel}","templated":true}]}}