{"id":19635,"date":"2024-07-22T21:51:13","date_gmt":"2024-07-23T00:51:13","guid":{"rendered":"https:\/\/apuntesdesanluis.com\/?p=19635"},"modified":"2024-07-22T21:52:44","modified_gmt":"2024-07-23T00:52:44","slug":"el-gobierno-construira-una-nueva-escuela-en-el-barrio-n272-viviendas-en-merlo","status":"publish","type":"post","link":"https:\/\/apuntesdesanluis.com\/index.php\/2024\/07\/22\/el-gobierno-construira-una-nueva-escuela-en-el-barrio-n272-viviendas-en-merlo\/","title":{"rendered":"EL GOBIERNO CONSTRUIR\u00c1 UNA NUEVA ESCUELA EN EL BARRIO N\u00b0 272 VIVIENDAS EN MERLO"},"content":{"rendered":"<h3>Los vecinos del B<strong>arrio N\u00b0 272 Viviendas de Villa de Merlo<\/strong> ya observan c\u00f3mo avanza el edificio escolar que les ofrecer\u00e1 un servicio muy ansiado. El Gobierno provincial tiene en marcha la importante obra, que marcar\u00e1 un antes y un despu\u00e9s para ese sector de la ciudad tur\u00edstica.<\/h3>\n<h3>La direcci\u00f3n de Obras de Arquitectura y Viviendas detall\u00f3 que el edificio se proyecta con dos halls de acceso, que contar\u00e1n con recepci\u00f3n, oficinas administrativas y directivas. El edificio estar\u00e1 compuesto por tres amplias \u00e1reas. Al sur, en planta baja, presentar\u00e1 un cuerpo central de dos pisos donde se ubican las aulas. Al suroeste, adem\u00e1s del sector administrativo mencionado, tendr\u00e1 un gran sal\u00f3n para el desarrollo de las actividades escolares y un sector central con los sanitarios.<\/h3>\n<p><img fetchpriority=\"high\" decoding=\"async\" class=\"wp-image-19637 aligncenter\" src=\"https:\/\/apuntesdesanluis.com\/wp-content\/uploads\/2024\/07\/escuela-proyecto-merlo-300x160.png\" alt=\"\" width=\"624\" height=\"333\" srcset=\"https:\/\/apuntesdesanluis.com\/wp-content\/uploads\/2024\/07\/escuela-proyecto-merlo-300x160.png 300w, https:\/\/apuntesdesanluis.com\/wp-content\/uploads\/2024\/07\/escuela-proyecto-merlo.png 700w\" sizes=\"(max-width: 624px) 100vw, 624px\" \/><\/p>\n<h3>Tambi\u00e9n contar\u00e1 con dos grandes naves, una de dos niveles y otra de doble altura, que a su vez integran dos m\u00f3dulos internos destinados a secretar\u00eda y direcci\u00f3n. Sobre la nave Este se ubica el sal\u00f3n de usos m\u00faltiples con bater\u00edas de sanitarios, cocina y dep\u00f3sito. Desde este sal\u00f3n se accede por una escalera interna a un ambiente de estudio que se encuentra en planta alta.<\/h3>\n<h3>En la nave Oeste se desarrollan en planta baja aulas y un laboratorio. La circulaci\u00f3n frente a las aulas se conecta con los dem\u00e1s sectores del edificio y tiene salida directa al patio por medio de grandes ventanales. Adem\u00e1s, posee un \u00e1rea para docentes con cocina y un ba\u00f1o individual.<\/h3>\n<h3>Para las actividades deportivas y de recreaci\u00f3n se establecer\u00e1n dos playones semicubiertos y un patio central con un play\u00f3n deportivo que podr\u00e1 ser demarcado para diversas disciplinas. De este modo, el Gobierno provincial desarrolla una obra con todas las comodidades y los recursos para cubrir los requerimientos educativos del barrio. <span style=\"color: #3366ff;\">(ANSL)<\/span><\/h3>\n<p>&nbsp;<\/p>\n<p>&nbsp;<\/p>\n<p>&nbsp;<\/p>\n<p>&nbsp;<\/p>\n<p>&nbsp;<\/p>\n<p>&nbsp;<\/p>\n","protected":false},"excerpt":{"rendered":"<p>Los vecinos del Barrio N\u00b0 272 Viviendas de Villa de Merlo ya observan c\u00f3mo avanza&#8230;<\/p>\n","protected":false},"author":1,"featured_media":19636,"comment_status":"closed","ping_status":"closed","sticky":false,"template":"","format":"standard","meta":{"footnotes":""},"categories":[6],"tags":[],"class_list":["post-19635","post","type-post","status-publish","format-standard","has-post-thumbnail","hentry","category-ciudad-provincia"],"yoast_head":"<!-- This site is optimized with the Yoast SEO plugin v26.1.1 - https:\/\/yoast.com\/wordpress\/plugins\/seo\/ -->\n<title>EL GOBIERNO CONSTRUIR\u00c1 UNA NUEVA ESCUELA EN EL BARRIO N\u00b0 272 VIVIENDAS EN MERLO - Apuntes de San Luis<\/title>\n<meta name=\"robots\" content=\"index, follow, max-snippet:-1, max-image-preview:large, max-video-preview:-1\" \/>\n<link rel=\"canonical\" href=\"https:\/\/apuntesdesanluis.com\/index.php\/2024\/07\/22\/el-gobierno-construira-una-nueva-escuela-en-el-barrio-n272-viviendas-en-merlo\/\" \/>\n<meta property=\"og:locale\" content=\"es_ES\" \/>\n<meta property=\"og:type\" content=\"article\" \/>\n<meta property=\"og:title\" content=\"EL GOBIERNO CONSTRUIR\u00c1 UNA NUEVA ESCUELA EN EL BARRIO N\u00b0 272 VIVIENDAS EN MERLO - Apuntes de San Luis\" \/>\n<meta property=\"og:description\" content=\"Los vecinos del Barrio N\u00b0 272 Viviendas de Villa de Merlo ya observan c\u00f3mo avanza...\" \/>\n<meta property=\"og:url\" content=\"https:\/\/apuntesdesanluis.com\/index.php\/2024\/07\/22\/el-gobierno-construira-una-nueva-escuela-en-el-barrio-n272-viviendas-en-merlo\/\" \/>\n<meta property=\"og:site_name\" content=\"Apuntes de San Luis\" \/>\n<meta property=\"article:published_time\" content=\"2024-07-23T00:51:13+00:00\" \/>\n<meta property=\"article:modified_time\" content=\"2024-07-23T00:52:44+00:00\" \/>\n<meta property=\"og:image\" content=\"https:\/\/apuntesdesanluis.com\/wp-content\/uploads\/2024\/07\/escuela-merlo.png\" \/>\n\t<meta property=\"og:image:width\" content=\"700\" \/>\n\t<meta property=\"og:image:height\" content=\"370\" \/>\n\t<meta property=\"og:image:type\" content=\"image\/png\" \/>\n<meta name=\"author\" content=\"apuntesdesanluis.com\" \/>\n<meta name=\"twitter:card\" content=\"summary_large_image\" \/>\n<meta name=\"twitter:label1\" content=\"Escrito por\" \/>\n\t<meta name=\"twitter:data1\" content=\"apuntesdesanluis.com\" \/>\n\t<meta name=\"twitter:label2\" content=\"Tiempo de lectura\" \/>\n\t<meta name=\"twitter:data2\" content=\"2 minutos\" \/>\n<script type=\"application\/ld+json\" class=\"yoast-schema-graph\">{\"@context\":\"https:\/\/schema.org\",\"@graph\":[{\"@type\":\"Article\",\"@id\":\"https:\/\/apuntesdesanluis.com\/index.php\/2024\/07\/22\/el-gobierno-construira-una-nueva-escuela-en-el-barrio-n272-viviendas-en-merlo\/#article\",\"isPartOf\":{\"@id\":\"https:\/\/apuntesdesanluis.com\/index.php\/2024\/07\/22\/el-gobierno-construira-una-nueva-escuela-en-el-barrio-n272-viviendas-en-merlo\/\"},\"author\":{\"name\":\"apuntesdesanluis.com\",\"@id\":\"https:\/\/apuntesdesanluis.com\/#\/schema\/person\/b55151d52296fcce64d1a72538a70b90\"},\"headline\":\"EL GOBIERNO CONSTRUIR\u00c1 UNA NUEVA ESCUELA EN EL BARRIO N\u00b0 272 VIVIENDAS EN MERLO\",\"datePublished\":\"2024-07-23T00:51:13+00:00\",\"dateModified\":\"2024-07-23T00:52:44+00:00\",\"mainEntityOfPage\":{\"@id\":\"https:\/\/apuntesdesanluis.com\/index.php\/2024\/07\/22\/el-gobierno-construira-una-nueva-escuela-en-el-barrio-n272-viviendas-en-merlo\/\"},\"wordCount\":334,\"publisher\":{\"@id\":\"https:\/\/apuntesdesanluis.com\/#\/schema\/person\/b55151d52296fcce64d1a72538a70b90\"},\"image\":{\"@id\":\"https:\/\/apuntesdesanluis.com\/index.php\/2024\/07\/22\/el-gobierno-construira-una-nueva-escuela-en-el-barrio-n272-viviendas-en-merlo\/#primaryimage\"},\"thumbnailUrl\":\"https:\/\/apuntesdesanluis.com\/wp-content\/uploads\/2024\/07\/escuela-merlo.png\",\"articleSection\":[\"Ciudad\/Provincia\"],\"inLanguage\":\"es-AR\"},{\"@type\":\"WebPage\",\"@id\":\"https:\/\/apuntesdesanluis.com\/index.php\/2024\/07\/22\/el-gobierno-construira-una-nueva-escuela-en-el-barrio-n272-viviendas-en-merlo\/\",\"url\":\"https:\/\/apuntesdesanluis.com\/index.php\/2024\/07\/22\/el-gobierno-construira-una-nueva-escuela-en-el-barrio-n272-viviendas-en-merlo\/\",\"name\":\"EL GOBIERNO CONSTRUIR\u00c1 UNA NUEVA ESCUELA EN EL BARRIO N\u00b0 272 VIVIENDAS EN MERLO - Apuntes de San Luis\",\"isPartOf\":{\"@id\":\"https:\/\/apuntesdesanluis.com\/#website\"},\"primaryImageOfPage\":{\"@id\":\"https:\/\/apuntesdesanluis.com\/index.php\/2024\/07\/22\/el-gobierno-construira-una-nueva-escuela-en-el-barrio-n272-viviendas-en-merlo\/#primaryimage\"},\"image\":{\"@id\":\"https:\/\/apuntesdesanluis.com\/index.php\/2024\/07\/22\/el-gobierno-construira-una-nueva-escuela-en-el-barrio-n272-viviendas-en-merlo\/#primaryimage\"},\"thumbnailUrl\":\"https:\/\/apuntesdesanluis.com\/wp-content\/uploads\/2024\/07\/escuela-merlo.png\",\"datePublished\":\"2024-07-23T00:51:13+00:00\",\"dateModified\":\"2024-07-23T00:52:44+00:00\",\"breadcrumb\":{\"@id\":\"https:\/\/apuntesdesanluis.com\/index.php\/2024\/07\/22\/el-gobierno-construira-una-nueva-escuela-en-el-barrio-n272-viviendas-en-merlo\/#breadcrumb\"},\"inLanguage\":\"es-AR\",\"potentialAction\":[{\"@type\":\"ReadAction\",\"target\":[\"https:\/\/apuntesdesanluis.com\/index.php\/2024\/07\/22\/el-gobierno-construira-una-nueva-escuela-en-el-barrio-n272-viviendas-en-merlo\/\"]}]},{\"@type\":\"ImageObject\",\"inLanguage\":\"es-AR\",\"@id\":\"https:\/\/apuntesdesanluis.com\/index.php\/2024\/07\/22\/el-gobierno-construira-una-nueva-escuela-en-el-barrio-n272-viviendas-en-merlo\/#primaryimage\",\"url\":\"https:\/\/apuntesdesanluis.com\/wp-content\/uploads\/2024\/07\/escuela-merlo.png\",\"contentUrl\":\"https:\/\/apuntesdesanluis.com\/wp-content\/uploads\/2024\/07\/escuela-merlo.png\",\"width\":700,\"height\":370},{\"@type\":\"BreadcrumbList\",\"@id\":\"https:\/\/apuntesdesanluis.com\/index.php\/2024\/07\/22\/el-gobierno-construira-una-nueva-escuela-en-el-barrio-n272-viviendas-en-merlo\/#breadcrumb\",\"itemListElement\":[{\"@type\":\"ListItem\",\"position\":1,\"name\":\"Inicio\",\"item\":\"https:\/\/apuntesdesanluis.com\/\"},{\"@type\":\"ListItem\",\"position\":2,\"name\":\"EL GOBIERNO CONSTRUIR\u00c1 UNA NUEVA ESCUELA EN EL BARRIO N\u00b0 272 VIVIENDAS EN MERLO\"}]},{\"@type\":\"WebSite\",\"@id\":\"https:\/\/apuntesdesanluis.com\/#website\",\"url\":\"https:\/\/apuntesdesanluis.com\/\",\"name\":\"Apuntes de San Luis\",\"description\":\"\",\"publisher\":{\"@id\":\"https:\/\/apuntesdesanluis.com\/#\/schema\/person\/b55151d52296fcce64d1a72538a70b90\"},\"potentialAction\":[{\"@type\":\"SearchAction\",\"target\":{\"@type\":\"EntryPoint\",\"urlTemplate\":\"https:\/\/apuntesdesanluis.com\/?s={search_term_string}\"},\"query-input\":{\"@type\":\"PropertyValueSpecification\",\"valueRequired\":true,\"valueName\":\"search_term_string\"}}],\"inLanguage\":\"es-AR\"},{\"@type\":[\"Person\",\"Organization\"],\"@id\":\"https:\/\/apuntesdesanluis.com\/#\/schema\/person\/b55151d52296fcce64d1a72538a70b90\",\"name\":\"apuntesdesanluis.com\",\"image\":{\"@type\":\"ImageObject\",\"inLanguage\":\"es-AR\",\"@id\":\"https:\/\/apuntesdesanluis.com\/#\/schema\/person\/image\/\",\"url\":\"https:\/\/apuntesdesanluis.com\/wp-content\/uploads\/2023\/07\/cropped-apuntesdesanluis.png\",\"contentUrl\":\"https:\/\/apuntesdesanluis.com\/wp-content\/uploads\/2023\/07\/cropped-apuntesdesanluis.png\",\"width\":450,\"height\":112,\"caption\":\"apuntesdesanluis.com\"},\"logo\":{\"@id\":\"https:\/\/apuntesdesanluis.com\/#\/schema\/person\/image\/\"},\"sameAs\":[\"https:\/\/apuntesdesanluis.com\"],\"url\":\"https:\/\/apuntesdesanluis.com\/index.php\/author\/apuntesdesanluis-com\/\"}]}<\/script>\n<!-- \/ Yoast SEO plugin. -->","yoast_head_json":{"title":"EL GOBIERNO CONSTRUIR\u00c1 UNA NUEVA ESCUELA EN EL BARRIO N\u00b0 272 VIVIENDAS EN MERLO - Apuntes de San Luis","robots":{"index":"index","follow":"follow","max-snippet":"max-snippet:-1","max-image-preview":"max-image-preview:large","max-video-preview":"max-video-preview:-1"},"canonical":"https:\/\/apuntesdesanluis.com\/index.php\/2024\/07\/22\/el-gobierno-construira-una-nueva-escuela-en-el-barrio-n272-viviendas-en-merlo\/","og_locale":"es_ES","og_type":"article","og_title":"EL GOBIERNO CONSTRUIR\u00c1 UNA NUEVA ESCUELA EN EL BARRIO N\u00b0 272 VIVIENDAS EN MERLO - Apuntes de San Luis","og_description":"Los vecinos del Barrio N\u00b0 272 Viviendas de Villa de Merlo ya observan c\u00f3mo avanza...","og_url":"https:\/\/apuntesdesanluis.com\/index.php\/2024\/07\/22\/el-gobierno-construira-una-nueva-escuela-en-el-barrio-n272-viviendas-en-merlo\/","og_site_name":"Apuntes de San Luis","article_published_time":"2024-07-23T00:51:13+00:00","article_modified_time":"2024-07-23T00:52:44+00:00","og_image":[{"width":700,"height":370,"url":"https:\/\/apuntesdesanluis.com\/wp-content\/uploads\/2024\/07\/escuela-merlo.png","type":"image\/png"}],"author":"apuntesdesanluis.com","twitter_card":"summary_large_image","twitter_misc":{"Escrito por":"apuntesdesanluis.com","Tiempo de lectura":"2 minutos"},"schema":{"@context":"https:\/\/schema.org","@graph":[{"@type":"Article","@id":"https:\/\/apuntesdesanluis.com\/index.php\/2024\/07\/22\/el-gobierno-construira-una-nueva-escuela-en-el-barrio-n272-viviendas-en-merlo\/#article","isPartOf":{"@id":"https:\/\/apuntesdesanluis.com\/index.php\/2024\/07\/22\/el-gobierno-construira-una-nueva-escuela-en-el-barrio-n272-viviendas-en-merlo\/"},"author":{"name":"apuntesdesanluis.com","@id":"https:\/\/apuntesdesanluis.com\/#\/schema\/person\/b55151d52296fcce64d1a72538a70b90"},"headline":"EL GOBIERNO CONSTRUIR\u00c1 UNA NUEVA ESCUELA EN EL BARRIO N\u00b0 272 VIVIENDAS EN MERLO","datePublished":"2024-07-23T00:51:13+00:00","dateModified":"2024-07-23T00:52:44+00:00","mainEntityOfPage":{"@id":"https:\/\/apuntesdesanluis.com\/index.php\/2024\/07\/22\/el-gobierno-construira-una-nueva-escuela-en-el-barrio-n272-viviendas-en-merlo\/"},"wordCount":334,"publisher":{"@id":"https:\/\/apuntesdesanluis.com\/#\/schema\/person\/b55151d52296fcce64d1a72538a70b90"},"image":{"@id":"https:\/\/apuntesdesanluis.com\/index.php\/2024\/07\/22\/el-gobierno-construira-una-nueva-escuela-en-el-barrio-n272-viviendas-en-merlo\/#primaryimage"},"thumbnailUrl":"https:\/\/apuntesdesanluis.com\/wp-content\/uploads\/2024\/07\/escuela-merlo.png","articleSection":["Ciudad\/Provincia"],"inLanguage":"es-AR"},{"@type":"WebPage","@id":"https:\/\/apuntesdesanluis.com\/index.php\/2024\/07\/22\/el-gobierno-construira-una-nueva-escuela-en-el-barrio-n272-viviendas-en-merlo\/","url":"https:\/\/apuntesdesanluis.com\/index.php\/2024\/07\/22\/el-gobierno-construira-una-nueva-escuela-en-el-barrio-n272-viviendas-en-merlo\/","name":"EL GOBIERNO CONSTRUIR\u00c1 UNA NUEVA ESCUELA EN EL BARRIO N\u00b0 272 VIVIENDAS EN MERLO - Apuntes de San Luis","isPartOf":{"@id":"https:\/\/apuntesdesanluis.com\/#website"},"primaryImageOfPage":{"@id":"https:\/\/apuntesdesanluis.com\/index.php\/2024\/07\/22\/el-gobierno-construira-una-nueva-escuela-en-el-barrio-n272-viviendas-en-merlo\/#primaryimage"},"image":{"@id":"https:\/\/apuntesdesanluis.com\/index.php\/2024\/07\/22\/el-gobierno-construira-una-nueva-escuela-en-el-barrio-n272-viviendas-en-merlo\/#primaryimage"},"thumbnailUrl":"https:\/\/apuntesdesanluis.com\/wp-content\/uploads\/2024\/07\/escuela-merlo.png","datePublished":"2024-07-23T00:51:13+00:00","dateModified":"2024-07-23T00:52:44+00:00","breadcrumb":{"@id":"https:\/\/apuntesdesanluis.com\/index.php\/2024\/07\/22\/el-gobierno-construira-una-nueva-escuela-en-el-barrio-n272-viviendas-en-merlo\/#breadcrumb"},"inLanguage":"es-AR","potentialAction":[{"@type":"ReadAction","target":["https:\/\/apuntesdesanluis.com\/index.php\/2024\/07\/22\/el-gobierno-construira-una-nueva-escuela-en-el-barrio-n272-viviendas-en-merlo\/"]}]},{"@type":"ImageObject","inLanguage":"es-AR","@id":"https:\/\/apuntesdesanluis.com\/index.php\/2024\/07\/22\/el-gobierno-construira-una-nueva-escuela-en-el-barrio-n272-viviendas-en-merlo\/#primaryimage","url":"https:\/\/apuntesdesanluis.com\/wp-content\/uploads\/2024\/07\/escuela-merlo.png","contentUrl":"https:\/\/apuntesdesanluis.com\/wp-content\/uploads\/2024\/07\/escuela-merlo.png","width":700,"height":370},{"@type":"BreadcrumbList","@id":"https:\/\/apuntesdesanluis.com\/index.php\/2024\/07\/22\/el-gobierno-construira-una-nueva-escuela-en-el-barrio-n272-viviendas-en-merlo\/#breadcrumb","itemListElement":[{"@type":"ListItem","position":1,"name":"Inicio","item":"https:\/\/apuntesdesanluis.com\/"},{"@type":"ListItem","position":2,"name":"EL GOBIERNO CONSTRUIR\u00c1 UNA NUEVA ESCUELA EN EL BARRIO N\u00b0 272 VIVIENDAS EN MERLO"}]},{"@type":"WebSite","@id":"https:\/\/apuntesdesanluis.com\/#website","url":"https:\/\/apuntesdesanluis.com\/","name":"Apuntes de San Luis","description":"","publisher":{"@id":"https:\/\/apuntesdesanluis.com\/#\/schema\/person\/b55151d52296fcce64d1a72538a70b90"},"potentialAction":[{"@type":"SearchAction","target":{"@type":"EntryPoint","urlTemplate":"https:\/\/apuntesdesanluis.com\/?s={search_term_string}"},"query-input":{"@type":"PropertyValueSpecification","valueRequired":true,"valueName":"search_term_string"}}],"inLanguage":"es-AR"},{"@type":["Person","Organization"],"@id":"https:\/\/apuntesdesanluis.com\/#\/schema\/person\/b55151d52296fcce64d1a72538a70b90","name":"apuntesdesanluis.com","image":{"@type":"ImageObject","inLanguage":"es-AR","@id":"https:\/\/apuntesdesanluis.com\/#\/schema\/person\/image\/","url":"https:\/\/apuntesdesanluis.com\/wp-content\/uploads\/2023\/07\/cropped-apuntesdesanluis.png","contentUrl":"https:\/\/apuntesdesanluis.com\/wp-content\/uploads\/2023\/07\/cropped-apuntesdesanluis.png","width":450,"height":112,"caption":"apuntesdesanluis.com"},"logo":{"@id":"https:\/\/apuntesdesanluis.com\/#\/schema\/person\/image\/"},"sameAs":["https:\/\/apuntesdesanluis.com"],"url":"https:\/\/apuntesdesanluis.com\/index.php\/author\/apuntesdesanluis-com\/"}]}},"featured_image_urls":{"full":["https:\/\/apuntesdesanluis.com\/wp-content\/uploads\/2024\/07\/escuela-merlo.png",700,370,false],"thumbnail":["https:\/\/apuntesdesanluis.com\/wp-content\/uploads\/2024\/07\/escuela-merlo-150x150.png",150,150,true],"medium":["https:\/\/apuntesdesanluis.com\/wp-content\/uploads\/2024\/07\/escuela-merlo-300x159.png",300,159,true],"medium_large":["https:\/\/apuntesdesanluis.com\/wp-content\/uploads\/2024\/07\/escuela-merlo.png",640,338,false],"large":["https:\/\/apuntesdesanluis.com\/wp-content\/uploads\/2024\/07\/escuela-merlo.png",640,338,false],"1536x1536":["https:\/\/apuntesdesanluis.com\/wp-content\/uploads\/2024\/07\/escuela-merlo.png",700,370,false],"2048x2048":["https:\/\/apuntesdesanluis.com\/wp-content\/uploads\/2024\/07\/escuela-merlo.png",700,370,false],"newsever-slider-full":["https:\/\/apuntesdesanluis.com\/wp-content\/uploads\/2024\/07\/escuela-merlo.png",700,370,false],"newsever-featured":["https:\/\/apuntesdesanluis.com\/wp-content\/uploads\/2024\/07\/escuela-merlo.png",700,370,false],"newsever-medium":["https:\/\/apuntesdesanluis.com\/wp-content\/uploads\/2024\/07\/escuela-merlo.png",700,370,false]},"author_info":{"display_name":"apuntesdesanluis.com","author_link":"https:\/\/apuntesdesanluis.com\/index.php\/author\/apuntesdesanluis-com\/"},"category_info":"<a href=\"https:\/\/apuntesdesanluis.com\/index.php\/category\/ciudad-provincia\/\" rel=\"category tag\">Ciudad\/Provincia<\/a>","tag_info":"Ciudad\/Provincia","comment_count":"0","_links":{"self":[{"href":"https:\/\/apuntesdesanluis.com\/index.php\/wp-json\/wp\/v2\/posts\/19635","targetHints":{"allow":["GET"]}}],"collection":[{"href":"https:\/\/apuntesdesanluis.com\/index.php\/wp-json\/wp\/v2\/posts"}],"about":[{"href":"https:\/\/apuntesdesanluis.com\/index.php\/wp-json\/wp\/v2\/types\/post"}],"author":[{"embeddable":true,"href":"https:\/\/apuntesdesanluis.com\/index.php\/wp-json\/wp\/v2\/users\/1"}],"replies":[{"embeddable":true,"href":"https:\/\/apuntesdesanluis.com\/index.php\/wp-json\/wp\/v2\/comments?post=19635"}],"version-history":[{"count":4,"href":"https:\/\/apuntesdesanluis.com\/index.php\/wp-json\/wp\/v2\/posts\/19635\/revisions"}],"predecessor-version":[{"id":19641,"href":"https:\/\/apuntesdesanluis.com\/index.php\/wp-json\/wp\/v2\/posts\/19635\/revisions\/19641"}],"wp:featuredmedia":[{"embeddable":true,"href":"https:\/\/apuntesdesanluis.com\/index.php\/wp-json\/wp\/v2\/media\/19636"}],"wp:attachment":[{"href":"https:\/\/apuntesdesanluis.com\/index.php\/wp-json\/wp\/v2\/media?parent=19635"}],"wp:term":[{"taxonomy":"category","embeddable":true,"href":"https:\/\/apuntesdesanluis.com\/index.php\/wp-json\/wp\/v2\/categories?post=19635"},{"taxonomy":"post_tag","embeddable":true,"href":"https:\/\/apuntesdesanluis.com\/index.php\/wp-json\/wp\/v2\/tags?post=19635"}],"curies":[{"name":"wp","href":"https:\/\/api.w.org\/{rel}","templated":true}]}}