{"id":19663,"date":"2024-07-22T23:07:09","date_gmt":"2024-07-23T02:07:09","guid":{"rendered":"https:\/\/apuntesdesanluis.com\/?p=19663"},"modified":"2024-07-22T23:08:02","modified_gmt":"2024-07-23T02:08:02","slug":"milei-se-reunira-con-macron-el-viernes-en-paris-en-el-inicio-de-los-juegos-olimpicos","status":"publish","type":"post","link":"https:\/\/apuntesdesanluis.com\/index.php\/2024\/07\/22\/milei-se-reunira-con-macron-el-viernes-en-paris-en-el-inicio-de-los-juegos-olimpicos\/","title":{"rendered":"MILEI SE REUNIR\u00c1 CON MACRON EL VIERNES EN PAR\u00cdS EN EL INICIO DE LOS JUEGOS OL\u00cdMPICOS"},"content":{"rendered":"<h3>El presidente <strong>Javier Milei<\/strong> se reunir\u00e1 este viernes en Par\u00eds con su par de Francia, <strong>Emmanuel Macron<\/strong>, quien lo invit\u00f3 a formar parte de las actividades en torno a la ceremonia de inauguraci\u00f3n de los Juegos Ol\u00edmpicos.<\/h3>\n<h3>En las \u00faltimas horas, fuentes del Gobierno confirmaron lo que Milei hab\u00eda anunciado semanas atr\u00e1s, cuando durante una entrevista televisiva anticip\u00f3 que su par franc\u00e9s lo invit\u00f3 a asistir a la fiesta inaugural de la m\u00e1xima cita deportiva que alojar\u00e1 Par\u00eds a partir del viernes.<\/h3>\n<h3>Adem\u00e1s de la bilateral con Macron, que se llevar\u00e1 a cabo en el Palacio del El\u00edseo, Milei tendr\u00e1 m\u00e1s actividades en la capital francesa pero no se hab\u00edan informado a\u00fan, trascendi\u00f3.<\/h3>\n<h3>El mandatario argentino partir\u00e1 este mi\u00e9rcoles a Francia y regresar\u00e1 a Buenos Aires el viernes a la noche para poder asistir el domingo al acto de inauguraci\u00f3n de la exposici\u00f3n de la Sociedad Rural Argentina.<\/h3>\n<h3>Milei concretar\u00e1 as\u00ed su duod\u00e9cimo viaje al exterior desde su asunci\u00f3n y en Par\u00eds lo esperar\u00e1 el secretario de Ambiente, Turismo y Deporte, Daniel Scioli.<\/h3>\n<h3>El viaje se llevar\u00e1 a cabo luego de la pol\u00e9mica que encendi\u00f3 d\u00edas atr\u00e1s la vicepresidenta <strong>Victoria Villarruel<\/strong>, al tildar a Francia &#8220;pa\u00eds colonialista&#8221; en su defensa del jugador de la Selecci\u00f3n argentina Enzo Fern\u00e1ndez, muy criticado tras los c\u00e1nticos contra el equipo galo.<\/h3>\n<h3>El tuit de Villarruel no cay\u00f3 bien en las filas libertarias y poco despu\u00e9s la secretaria General de la Presidencia, <strong>Karina Milei<\/strong>, se reuni\u00f3 con el embajador franc\u00e9s para evitar que la pol\u00e9mica se acrecentara.<\/h3>\n<h3>Ambos mandatarios ten\u00edan un encuentro en junio pasado, que luego el presidente argentino cancel\u00f3 al reprogramar su agenda, y poco despu\u00e9s tuvieron un breve contacto durante la reuni\u00f3n del G20 en Italia.<\/h3>\n<h3><\/h3>\n<h3><\/h3>\n<h3><\/h3>\n","protected":false},"excerpt":{"rendered":"<p>El presidente Javier Milei se reunir\u00e1 este viernes en Par\u00eds con su par de Francia,&#8230;<\/p>\n","protected":false},"author":1,"featured_media":19664,"comment_status":"closed","ping_status":"closed","sticky":false,"template":"","format":"standard","meta":{"footnotes":""},"categories":[5],"tags":[],"class_list":["post-19663","post","type-post","status-publish","format-standard","has-post-thumbnail","hentry","category-nacionales-internacionales"],"yoast_head":"<!-- This site is optimized with the Yoast SEO plugin v26.1.1 - https:\/\/yoast.com\/wordpress\/plugins\/seo\/ -->\n<title>MILEI SE REUNIR\u00c1 CON MACRON EL VIERNES EN PAR\u00cdS EN EL INICIO DE LOS JUEGOS OL\u00cdMPICOS - Apuntes de San Luis<\/title>\n<meta name=\"robots\" content=\"index, follow, max-snippet:-1, max-image-preview:large, max-video-preview:-1\" \/>\n<link rel=\"canonical\" href=\"https:\/\/apuntesdesanluis.com\/index.php\/2024\/07\/22\/milei-se-reunira-con-macron-el-viernes-en-paris-en-el-inicio-de-los-juegos-olimpicos\/\" \/>\n<meta property=\"og:locale\" content=\"es_ES\" \/>\n<meta property=\"og:type\" content=\"article\" \/>\n<meta property=\"og:title\" content=\"MILEI SE REUNIR\u00c1 CON MACRON EL VIERNES EN PAR\u00cdS EN EL INICIO DE LOS JUEGOS OL\u00cdMPICOS - Apuntes de San Luis\" \/>\n<meta property=\"og:description\" content=\"El presidente Javier Milei se reunir\u00e1 este viernes en Par\u00eds con su par de Francia,...\" \/>\n<meta property=\"og:url\" content=\"https:\/\/apuntesdesanluis.com\/index.php\/2024\/07\/22\/milei-se-reunira-con-macron-el-viernes-en-paris-en-el-inicio-de-los-juegos-olimpicos\/\" \/>\n<meta property=\"og:site_name\" content=\"Apuntes de San Luis\" \/>\n<meta property=\"article:published_time\" content=\"2024-07-23T02:07:09+00:00\" \/>\n<meta property=\"article:modified_time\" content=\"2024-07-23T02:08:02+00:00\" \/>\n<meta property=\"og:image\" content=\"https:\/\/apuntesdesanluis.com\/wp-content\/uploads\/2024\/07\/milei-y-macron.png\" \/>\n\t<meta property=\"og:image:width\" content=\"704\" \/>\n\t<meta property=\"og:image:height\" content=\"435\" \/>\n\t<meta property=\"og:image:type\" content=\"image\/png\" \/>\n<meta name=\"author\" content=\"apuntesdesanluis.com\" \/>\n<meta name=\"twitter:card\" content=\"summary_large_image\" \/>\n<meta name=\"twitter:label1\" content=\"Escrito por\" \/>\n\t<meta name=\"twitter:data1\" content=\"apuntesdesanluis.com\" \/>\n\t<meta name=\"twitter:label2\" content=\"Tiempo de lectura\" \/>\n\t<meta name=\"twitter:data2\" content=\"2 minutos\" \/>\n<script type=\"application\/ld+json\" class=\"yoast-schema-graph\">{\"@context\":\"https:\/\/schema.org\",\"@graph\":[{\"@type\":\"Article\",\"@id\":\"https:\/\/apuntesdesanluis.com\/index.php\/2024\/07\/22\/milei-se-reunira-con-macron-el-viernes-en-paris-en-el-inicio-de-los-juegos-olimpicos\/#article\",\"isPartOf\":{\"@id\":\"https:\/\/apuntesdesanluis.com\/index.php\/2024\/07\/22\/milei-se-reunira-con-macron-el-viernes-en-paris-en-el-inicio-de-los-juegos-olimpicos\/\"},\"author\":{\"name\":\"apuntesdesanluis.com\",\"@id\":\"https:\/\/apuntesdesanluis.com\/#\/schema\/person\/b55151d52296fcce64d1a72538a70b90\"},\"headline\":\"MILEI SE REUNIR\u00c1 CON MACRON EL VIERNES EN PAR\u00cdS EN EL INICIO DE LOS JUEGOS OL\u00cdMPICOS\",\"datePublished\":\"2024-07-23T02:07:09+00:00\",\"dateModified\":\"2024-07-23T02:08:02+00:00\",\"mainEntityOfPage\":{\"@id\":\"https:\/\/apuntesdesanluis.com\/index.php\/2024\/07\/22\/milei-se-reunira-con-macron-el-viernes-en-paris-en-el-inicio-de-los-juegos-olimpicos\/\"},\"wordCount\":334,\"publisher\":{\"@id\":\"https:\/\/apuntesdesanluis.com\/#\/schema\/person\/b55151d52296fcce64d1a72538a70b90\"},\"image\":{\"@id\":\"https:\/\/apuntesdesanluis.com\/index.php\/2024\/07\/22\/milei-se-reunira-con-macron-el-viernes-en-paris-en-el-inicio-de-los-juegos-olimpicos\/#primaryimage\"},\"thumbnailUrl\":\"https:\/\/apuntesdesanluis.com\/wp-content\/uploads\/2024\/07\/milei-y-macron.png\",\"articleSection\":[\"Nacionales\/Internacionales\"],\"inLanguage\":\"es-AR\"},{\"@type\":\"WebPage\",\"@id\":\"https:\/\/apuntesdesanluis.com\/index.php\/2024\/07\/22\/milei-se-reunira-con-macron-el-viernes-en-paris-en-el-inicio-de-los-juegos-olimpicos\/\",\"url\":\"https:\/\/apuntesdesanluis.com\/index.php\/2024\/07\/22\/milei-se-reunira-con-macron-el-viernes-en-paris-en-el-inicio-de-los-juegos-olimpicos\/\",\"name\":\"MILEI SE REUNIR\u00c1 CON MACRON EL VIERNES EN PAR\u00cdS EN EL INICIO DE LOS JUEGOS OL\u00cdMPICOS - Apuntes de San Luis\",\"isPartOf\":{\"@id\":\"https:\/\/apuntesdesanluis.com\/#website\"},\"primaryImageOfPage\":{\"@id\":\"https:\/\/apuntesdesanluis.com\/index.php\/2024\/07\/22\/milei-se-reunira-con-macron-el-viernes-en-paris-en-el-inicio-de-los-juegos-olimpicos\/#primaryimage\"},\"image\":{\"@id\":\"https:\/\/apuntesdesanluis.com\/index.php\/2024\/07\/22\/milei-se-reunira-con-macron-el-viernes-en-paris-en-el-inicio-de-los-juegos-olimpicos\/#primaryimage\"},\"thumbnailUrl\":\"https:\/\/apuntesdesanluis.com\/wp-content\/uploads\/2024\/07\/milei-y-macron.png\",\"datePublished\":\"2024-07-23T02:07:09+00:00\",\"dateModified\":\"2024-07-23T02:08:02+00:00\",\"breadcrumb\":{\"@id\":\"https:\/\/apuntesdesanluis.com\/index.php\/2024\/07\/22\/milei-se-reunira-con-macron-el-viernes-en-paris-en-el-inicio-de-los-juegos-olimpicos\/#breadcrumb\"},\"inLanguage\":\"es-AR\",\"potentialAction\":[{\"@type\":\"ReadAction\",\"target\":[\"https:\/\/apuntesdesanluis.com\/index.php\/2024\/07\/22\/milei-se-reunira-con-macron-el-viernes-en-paris-en-el-inicio-de-los-juegos-olimpicos\/\"]}]},{\"@type\":\"ImageObject\",\"inLanguage\":\"es-AR\",\"@id\":\"https:\/\/apuntesdesanluis.com\/index.php\/2024\/07\/22\/milei-se-reunira-con-macron-el-viernes-en-paris-en-el-inicio-de-los-juegos-olimpicos\/#primaryimage\",\"url\":\"https:\/\/apuntesdesanluis.com\/wp-content\/uploads\/2024\/07\/milei-y-macron.png\",\"contentUrl\":\"https:\/\/apuntesdesanluis.com\/wp-content\/uploads\/2024\/07\/milei-y-macron.png\",\"width\":704,\"height\":435},{\"@type\":\"BreadcrumbList\",\"@id\":\"https:\/\/apuntesdesanluis.com\/index.php\/2024\/07\/22\/milei-se-reunira-con-macron-el-viernes-en-paris-en-el-inicio-de-los-juegos-olimpicos\/#breadcrumb\",\"itemListElement\":[{\"@type\":\"ListItem\",\"position\":1,\"name\":\"Inicio\",\"item\":\"https:\/\/apuntesdesanluis.com\/\"},{\"@type\":\"ListItem\",\"position\":2,\"name\":\"MILEI SE REUNIR\u00c1 CON MACRON EL VIERNES EN PAR\u00cdS EN EL INICIO DE LOS JUEGOS OL\u00cdMPICOS\"}]},{\"@type\":\"WebSite\",\"@id\":\"https:\/\/apuntesdesanluis.com\/#website\",\"url\":\"https:\/\/apuntesdesanluis.com\/\",\"name\":\"Apuntes de San Luis\",\"description\":\"\",\"publisher\":{\"@id\":\"https:\/\/apuntesdesanluis.com\/#\/schema\/person\/b55151d52296fcce64d1a72538a70b90\"},\"potentialAction\":[{\"@type\":\"SearchAction\",\"target\":{\"@type\":\"EntryPoint\",\"urlTemplate\":\"https:\/\/apuntesdesanluis.com\/?s={search_term_string}\"},\"query-input\":{\"@type\":\"PropertyValueSpecification\",\"valueRequired\":true,\"valueName\":\"search_term_string\"}}],\"inLanguage\":\"es-AR\"},{\"@type\":[\"Person\",\"Organization\"],\"@id\":\"https:\/\/apuntesdesanluis.com\/#\/schema\/person\/b55151d52296fcce64d1a72538a70b90\",\"name\":\"apuntesdesanluis.com\",\"image\":{\"@type\":\"ImageObject\",\"inLanguage\":\"es-AR\",\"@id\":\"https:\/\/apuntesdesanluis.com\/#\/schema\/person\/image\/\",\"url\":\"https:\/\/apuntesdesanluis.com\/wp-content\/uploads\/2023\/07\/cropped-apuntesdesanluis.png\",\"contentUrl\":\"https:\/\/apuntesdesanluis.com\/wp-content\/uploads\/2023\/07\/cropped-apuntesdesanluis.png\",\"width\":450,\"height\":112,\"caption\":\"apuntesdesanluis.com\"},\"logo\":{\"@id\":\"https:\/\/apuntesdesanluis.com\/#\/schema\/person\/image\/\"},\"sameAs\":[\"https:\/\/apuntesdesanluis.com\"],\"url\":\"https:\/\/apuntesdesanluis.com\/index.php\/author\/apuntesdesanluis-com\/\"}]}<\/script>\n<!-- \/ Yoast SEO plugin. -->","yoast_head_json":{"title":"MILEI SE REUNIR\u00c1 CON MACRON EL VIERNES EN PAR\u00cdS EN EL INICIO DE LOS JUEGOS OL\u00cdMPICOS - Apuntes de San Luis","robots":{"index":"index","follow":"follow","max-snippet":"max-snippet:-1","max-image-preview":"max-image-preview:large","max-video-preview":"max-video-preview:-1"},"canonical":"https:\/\/apuntesdesanluis.com\/index.php\/2024\/07\/22\/milei-se-reunira-con-macron-el-viernes-en-paris-en-el-inicio-de-los-juegos-olimpicos\/","og_locale":"es_ES","og_type":"article","og_title":"MILEI SE REUNIR\u00c1 CON MACRON EL VIERNES EN PAR\u00cdS EN EL INICIO DE LOS JUEGOS OL\u00cdMPICOS - Apuntes de San Luis","og_description":"El presidente Javier Milei se reunir\u00e1 este viernes en Par\u00eds con su par de Francia,...","og_url":"https:\/\/apuntesdesanluis.com\/index.php\/2024\/07\/22\/milei-se-reunira-con-macron-el-viernes-en-paris-en-el-inicio-de-los-juegos-olimpicos\/","og_site_name":"Apuntes de San Luis","article_published_time":"2024-07-23T02:07:09+00:00","article_modified_time":"2024-07-23T02:08:02+00:00","og_image":[{"width":704,"height":435,"url":"https:\/\/apuntesdesanluis.com\/wp-content\/uploads\/2024\/07\/milei-y-macron.png","type":"image\/png"}],"author":"apuntesdesanluis.com","twitter_card":"summary_large_image","twitter_misc":{"Escrito por":"apuntesdesanluis.com","Tiempo de lectura":"2 minutos"},"schema":{"@context":"https:\/\/schema.org","@graph":[{"@type":"Article","@id":"https:\/\/apuntesdesanluis.com\/index.php\/2024\/07\/22\/milei-se-reunira-con-macron-el-viernes-en-paris-en-el-inicio-de-los-juegos-olimpicos\/#article","isPartOf":{"@id":"https:\/\/apuntesdesanluis.com\/index.php\/2024\/07\/22\/milei-se-reunira-con-macron-el-viernes-en-paris-en-el-inicio-de-los-juegos-olimpicos\/"},"author":{"name":"apuntesdesanluis.com","@id":"https:\/\/apuntesdesanluis.com\/#\/schema\/person\/b55151d52296fcce64d1a72538a70b90"},"headline":"MILEI SE REUNIR\u00c1 CON MACRON EL VIERNES EN PAR\u00cdS EN EL INICIO DE LOS JUEGOS OL\u00cdMPICOS","datePublished":"2024-07-23T02:07:09+00:00","dateModified":"2024-07-23T02:08:02+00:00","mainEntityOfPage":{"@id":"https:\/\/apuntesdesanluis.com\/index.php\/2024\/07\/22\/milei-se-reunira-con-macron-el-viernes-en-paris-en-el-inicio-de-los-juegos-olimpicos\/"},"wordCount":334,"publisher":{"@id":"https:\/\/apuntesdesanluis.com\/#\/schema\/person\/b55151d52296fcce64d1a72538a70b90"},"image":{"@id":"https:\/\/apuntesdesanluis.com\/index.php\/2024\/07\/22\/milei-se-reunira-con-macron-el-viernes-en-paris-en-el-inicio-de-los-juegos-olimpicos\/#primaryimage"},"thumbnailUrl":"https:\/\/apuntesdesanluis.com\/wp-content\/uploads\/2024\/07\/milei-y-macron.png","articleSection":["Nacionales\/Internacionales"],"inLanguage":"es-AR"},{"@type":"WebPage","@id":"https:\/\/apuntesdesanluis.com\/index.php\/2024\/07\/22\/milei-se-reunira-con-macron-el-viernes-en-paris-en-el-inicio-de-los-juegos-olimpicos\/","url":"https:\/\/apuntesdesanluis.com\/index.php\/2024\/07\/22\/milei-se-reunira-con-macron-el-viernes-en-paris-en-el-inicio-de-los-juegos-olimpicos\/","name":"MILEI SE REUNIR\u00c1 CON MACRON EL VIERNES EN PAR\u00cdS EN EL INICIO DE LOS JUEGOS OL\u00cdMPICOS - Apuntes de San Luis","isPartOf":{"@id":"https:\/\/apuntesdesanluis.com\/#website"},"primaryImageOfPage":{"@id":"https:\/\/apuntesdesanluis.com\/index.php\/2024\/07\/22\/milei-se-reunira-con-macron-el-viernes-en-paris-en-el-inicio-de-los-juegos-olimpicos\/#primaryimage"},"image":{"@id":"https:\/\/apuntesdesanluis.com\/index.php\/2024\/07\/22\/milei-se-reunira-con-macron-el-viernes-en-paris-en-el-inicio-de-los-juegos-olimpicos\/#primaryimage"},"thumbnailUrl":"https:\/\/apuntesdesanluis.com\/wp-content\/uploads\/2024\/07\/milei-y-macron.png","datePublished":"2024-07-23T02:07:09+00:00","dateModified":"2024-07-23T02:08:02+00:00","breadcrumb":{"@id":"https:\/\/apuntesdesanluis.com\/index.php\/2024\/07\/22\/milei-se-reunira-con-macron-el-viernes-en-paris-en-el-inicio-de-los-juegos-olimpicos\/#breadcrumb"},"inLanguage":"es-AR","potentialAction":[{"@type":"ReadAction","target":["https:\/\/apuntesdesanluis.com\/index.php\/2024\/07\/22\/milei-se-reunira-con-macron-el-viernes-en-paris-en-el-inicio-de-los-juegos-olimpicos\/"]}]},{"@type":"ImageObject","inLanguage":"es-AR","@id":"https:\/\/apuntesdesanluis.com\/index.php\/2024\/07\/22\/milei-se-reunira-con-macron-el-viernes-en-paris-en-el-inicio-de-los-juegos-olimpicos\/#primaryimage","url":"https:\/\/apuntesdesanluis.com\/wp-content\/uploads\/2024\/07\/milei-y-macron.png","contentUrl":"https:\/\/apuntesdesanluis.com\/wp-content\/uploads\/2024\/07\/milei-y-macron.png","width":704,"height":435},{"@type":"BreadcrumbList","@id":"https:\/\/apuntesdesanluis.com\/index.php\/2024\/07\/22\/milei-se-reunira-con-macron-el-viernes-en-paris-en-el-inicio-de-los-juegos-olimpicos\/#breadcrumb","itemListElement":[{"@type":"ListItem","position":1,"name":"Inicio","item":"https:\/\/apuntesdesanluis.com\/"},{"@type":"ListItem","position":2,"name":"MILEI SE REUNIR\u00c1 CON MACRON EL VIERNES EN PAR\u00cdS EN EL INICIO DE LOS JUEGOS OL\u00cdMPICOS"}]},{"@type":"WebSite","@id":"https:\/\/apuntesdesanluis.com\/#website","url":"https:\/\/apuntesdesanluis.com\/","name":"Apuntes de San Luis","description":"","publisher":{"@id":"https:\/\/apuntesdesanluis.com\/#\/schema\/person\/b55151d52296fcce64d1a72538a70b90"},"potentialAction":[{"@type":"SearchAction","target":{"@type":"EntryPoint","urlTemplate":"https:\/\/apuntesdesanluis.com\/?s={search_term_string}"},"query-input":{"@type":"PropertyValueSpecification","valueRequired":true,"valueName":"search_term_string"}}],"inLanguage":"es-AR"},{"@type":["Person","Organization"],"@id":"https:\/\/apuntesdesanluis.com\/#\/schema\/person\/b55151d52296fcce64d1a72538a70b90","name":"apuntesdesanluis.com","image":{"@type":"ImageObject","inLanguage":"es-AR","@id":"https:\/\/apuntesdesanluis.com\/#\/schema\/person\/image\/","url":"https:\/\/apuntesdesanluis.com\/wp-content\/uploads\/2023\/07\/cropped-apuntesdesanluis.png","contentUrl":"https:\/\/apuntesdesanluis.com\/wp-content\/uploads\/2023\/07\/cropped-apuntesdesanluis.png","width":450,"height":112,"caption":"apuntesdesanluis.com"},"logo":{"@id":"https:\/\/apuntesdesanluis.com\/#\/schema\/person\/image\/"},"sameAs":["https:\/\/apuntesdesanluis.com"],"url":"https:\/\/apuntesdesanluis.com\/index.php\/author\/apuntesdesanluis-com\/"}]}},"featured_image_urls":{"full":["https:\/\/apuntesdesanluis.com\/wp-content\/uploads\/2024\/07\/milei-y-macron.png",704,435,false],"thumbnail":["https:\/\/apuntesdesanluis.com\/wp-content\/uploads\/2024\/07\/milei-y-macron-150x150.png",150,150,true],"medium":["https:\/\/apuntesdesanluis.com\/wp-content\/uploads\/2024\/07\/milei-y-macron-300x185.png",300,185,true],"medium_large":["https:\/\/apuntesdesanluis.com\/wp-content\/uploads\/2024\/07\/milei-y-macron.png",640,395,false],"large":["https:\/\/apuntesdesanluis.com\/wp-content\/uploads\/2024\/07\/milei-y-macron.png",640,395,false],"1536x1536":["https:\/\/apuntesdesanluis.com\/wp-content\/uploads\/2024\/07\/milei-y-macron.png",704,435,false],"2048x2048":["https:\/\/apuntesdesanluis.com\/wp-content\/uploads\/2024\/07\/milei-y-macron.png",704,435,false],"newsever-slider-full":["https:\/\/apuntesdesanluis.com\/wp-content\/uploads\/2024\/07\/milei-y-macron.png",704,435,false],"newsever-featured":["https:\/\/apuntesdesanluis.com\/wp-content\/uploads\/2024\/07\/milei-y-macron.png",704,435,false],"newsever-medium":["https:\/\/apuntesdesanluis.com\/wp-content\/uploads\/2024\/07\/milei-y-macron.png",704,435,false]},"author_info":{"display_name":"apuntesdesanluis.com","author_link":"https:\/\/apuntesdesanluis.com\/index.php\/author\/apuntesdesanluis-com\/"},"category_info":"<a href=\"https:\/\/apuntesdesanluis.com\/index.php\/category\/nacionales-internacionales\/\" rel=\"category tag\">Nacionales\/Internacionales<\/a>","tag_info":"Nacionales\/Internacionales","comment_count":"0","_links":{"self":[{"href":"https:\/\/apuntesdesanluis.com\/index.php\/wp-json\/wp\/v2\/posts\/19663","targetHints":{"allow":["GET"]}}],"collection":[{"href":"https:\/\/apuntesdesanluis.com\/index.php\/wp-json\/wp\/v2\/posts"}],"about":[{"href":"https:\/\/apuntesdesanluis.com\/index.php\/wp-json\/wp\/v2\/types\/post"}],"author":[{"embeddable":true,"href":"https:\/\/apuntesdesanluis.com\/index.php\/wp-json\/wp\/v2\/users\/1"}],"replies":[{"embeddable":true,"href":"https:\/\/apuntesdesanluis.com\/index.php\/wp-json\/wp\/v2\/comments?post=19663"}],"version-history":[{"count":1,"href":"https:\/\/apuntesdesanluis.com\/index.php\/wp-json\/wp\/v2\/posts\/19663\/revisions"}],"predecessor-version":[{"id":19665,"href":"https:\/\/apuntesdesanluis.com\/index.php\/wp-json\/wp\/v2\/posts\/19663\/revisions\/19665"}],"wp:featuredmedia":[{"embeddable":true,"href":"https:\/\/apuntesdesanluis.com\/index.php\/wp-json\/wp\/v2\/media\/19664"}],"wp:attachment":[{"href":"https:\/\/apuntesdesanluis.com\/index.php\/wp-json\/wp\/v2\/media?parent=19663"}],"wp:term":[{"taxonomy":"category","embeddable":true,"href":"https:\/\/apuntesdesanluis.com\/index.php\/wp-json\/wp\/v2\/categories?post=19663"},{"taxonomy":"post_tag","embeddable":true,"href":"https:\/\/apuntesdesanluis.com\/index.php\/wp-json\/wp\/v2\/tags?post=19663"}],"curies":[{"name":"wp","href":"https:\/\/api.w.org\/{rel}","templated":true}]}}