{"id":19666,"date":"2024-07-22T23:44:07","date_gmt":"2024-07-23T02:44:07","guid":{"rendered":"https:\/\/apuntesdesanluis.com\/?p=19666"},"modified":"2024-07-22T23:44:07","modified_gmt":"2024-07-23T02:44:07","slug":"villarruel-organiza-visitas-a-las-provincias-para-diferenciarse-que-milei-siga-viajando-al-exterior","status":"publish","type":"post","link":"https:\/\/apuntesdesanluis.com\/index.php\/2024\/07\/22\/villarruel-organiza-visitas-a-las-provincias-para-diferenciarse-que-milei-siga-viajando-al-exterior\/","title":{"rendered":"VILLARRUEL ORGANIZA VISITAS A LAS PROVINCIAS PARA DIFERENCIARSE: &#8220;QUE MILEI SIGA VIAJANDO AL EXTERIOR&#8221;"},"content":{"rendered":"<h3>La vicepresidenta <strong>Victoria Villarruel<\/strong> recorre las provincias y busca proyectarse como una l\u00edder federal, ante el vac\u00edo que le hace <strong>Javier Milei<\/strong> al interior.<\/h3>\n<h3>Con su viaje a la inauguraci\u00f3n de los juegos ol\u00edmpicos en Par\u00eds, el presidente habr\u00e1 acumulado 12 salidas al exterior en lo que va del a\u00f1o. Es una frecuencia sensiblemente mayor a la de sus viajes al interior de la Argentina, que se pueden contar con los dedos de una mano.<\/h3>\n<h3>La vicepresidenta busca explotar esa situaci\u00f3n y acumula viajes a las provincias de manera semanal. La \u00faltima fue a Catamarca, adonde se reuni\u00f3 con el gobernador peronista<strong> Ra\u00fal Jalil<\/strong>, convertido en un aliado de la Casa Rosada.<\/h3>\n<h3>Villarruel falt\u00f3 a las \u00faltimas reuniones de gabinete, luego del encontronazo con los hermanos Milei por el caso <strong>Enzo Fern\u00e1ndez<\/strong>, que le vali\u00f3 un reproche de Adorni, y el s\u00e1bado ir\u00e1 a la exposici\u00f3n de La Rural en Palermo un d\u00eda antes que Milei.<\/h3>\n<h3>&#8220;Es indudable que el eje Karina-Santiago Caputo no tiene miedo en estar enfrentados. Pero ella tampoco&#8221;, dijeron a LPO allegados a la vicepresidenta. &#8220;Es muy torpe lo que hacen con ella. En vez de tenerla como una espada, la a\u00edslan por miedo a su vida propia y cada vez que pueden le pegan&#8221;, se quejan en el Senado.<\/h3>\n<h3>&#8220;Que sigan viajando por el mundo, ella no tiene problema en moverse por la Argentina, haciendo pol\u00edtica&#8221;, advirtieron.<\/h3>\n<h3>La propia Villarruel sali\u00f3 a blanquear ese juego en sus redes. En Twittter dijo que estaba enamorada de la Argentina junto a un video de su recorrido en Catamarca y en Instagram le respondi\u00f3 a un usuario que la cuestionaba por hacer campa\u00f1a con sus viajes.<\/h3>\n<h3>&#8220;Estos comentarios francamente son muy ingratos. Primero porque presido el Senado que es la Casa de las Provincias y desde que asum\u00ed me propuse recorrer el pa\u00eds completo como muestra a cada argentino de que en el Senado lo tenemos presente. Segundo Francia&#8221;, chicane\u00f3 Villarruel.<\/h3>\n<h3>De ese modo volvi\u00f3 a cargar a los franceses luego de los cruces con los hermanos Milei por el caso Enzo. Karina fue a disculparse con el embajador de Francia por el tuit que public\u00f3 la vicepresidenta en la que, para defender al futbolista, acus\u00f3 a los franceses de colonialistas.<\/h3>\n<h3><img fetchpriority=\"high\" decoding=\"async\" class=\"wp-image-19667 aligncenter\" src=\"https:\/\/apuntesdesanluis.com\/wp-content\/uploads\/2024\/07\/villarruel-300x189.png\" alt=\"\" width=\"595\" height=\"375\" srcset=\"https:\/\/apuntesdesanluis.com\/wp-content\/uploads\/2024\/07\/villarruel-300x189.png 300w, https:\/\/apuntesdesanluis.com\/wp-content\/uploads\/2024\/07\/villarruel.png 704w\" sizes=\"(max-width: 595px) 100vw, 595px\" \/><\/h3>\n<h4 style=\"text-align: center;\"><em>Villarruel en Catamarca.<\/em><\/h4>\n<h3>&#8220;Y tercero proyectan en m\u00ed sus ideas. Yo no hago campa\u00f1a, estoy muy agradecida con los argentinos por elegirme vicepresidente y honro mi cargo laburando como una m\u00e1quina incluidos los fines de semana&#8221;, dijo Villarruel, en una critica velada a los hermanos.<\/h3>\n<h3>Como adelant\u00f3 LPO, a la vicepresidenta la escucharon decir en el Senado que se identifica como peronista. Hasta en la intimidad la vicepresidenta se cuida de mencionar a Milei, pero no duda en cargar las tintas a Karina.<\/h3>\n<h3>\u00a0<a href=\"https:\/\/x.com\/VickyVillarruel\/status\/1815510348515987628?ref_src=twsrc%5Etfw%7Ctwcamp%5Etweetembed%7Ctwterm%5E1815510348515987628%7Ctwgr%5Ecb4a2504517deaccd6be8d3999e4f1133e98ad62%7Ctwcon%5Es1_&amp;ref_url=https%3A%2F%2Fwww.lapoliticaonline.com%2Fpolitica%2Fvillarruel-busca-proyectarse-como-una-lider-federal-frente-a-milei%2F\" target=\"_blank\" rel=\"noopener\"><img decoding=\"async\" class=\"wp-image-19669 aligncenter\" src=\"https:\/\/apuntesdesanluis.com\/wp-content\/uploads\/2024\/07\/posteo-8-227x300.png\" alt=\"\" width=\"565\" height=\"747\" srcset=\"https:\/\/apuntesdesanluis.com\/wp-content\/uploads\/2024\/07\/posteo-8-227x300.png 227w, https:\/\/apuntesdesanluis.com\/wp-content\/uploads\/2024\/07\/posteo-8.png 637w\" sizes=\"(max-width: 565px) 100vw, 565px\" \/><\/a><\/h3>\n<h3>Este lunes hubo otra muestra de que empez\u00f3 a abroquelarse contra la secretaria general de la presidencia. El senador formose\u00f1o <strong>Francisco Paoltroni<\/strong> sali\u00f3 a defender a Villarruel de las cr\u00edticas de la Rosada.\u00a0 &#8220;Est\u00e1 mal desautorizar a una vicepresidenta&#8221;, dijo Paoltroni a Futurock. <strong>(LPO)<\/strong><\/h3>\n<p>&nbsp;<\/p>\n<p>&nbsp;<\/p>\n<p>&nbsp;<\/p>\n","protected":false},"excerpt":{"rendered":"<p>La vicepresidenta Victoria Villarruel recorre las provincias y busca proyectarse como una l\u00edder federal, ante&#8230;<\/p>\n","protected":false},"author":1,"featured_media":19668,"comment_status":"closed","ping_status":"closed","sticky":false,"template":"","format":"standard","meta":{"footnotes":""},"categories":[5],"tags":[],"class_list":["post-19666","post","type-post","status-publish","format-standard","has-post-thumbnail","hentry","category-nacionales-internacionales"],"yoast_head":"<!-- This site is optimized with the Yoast SEO plugin v26.1.1 - https:\/\/yoast.com\/wordpress\/plugins\/seo\/ -->\n<title>VILLARRUEL ORGANIZA VISITAS A LAS PROVINCIAS PARA DIFERENCIARSE: &quot;QUE MILEI SIGA VIAJANDO AL EXTERIOR&quot; - Apuntes de San Luis<\/title>\n<meta name=\"robots\" content=\"index, follow, max-snippet:-1, max-image-preview:large, max-video-preview:-1\" \/>\n<link rel=\"canonical\" href=\"https:\/\/apuntesdesanluis.com\/index.php\/2024\/07\/22\/villarruel-organiza-visitas-a-las-provincias-para-diferenciarse-que-milei-siga-viajando-al-exterior\/\" \/>\n<meta property=\"og:locale\" content=\"es_ES\" \/>\n<meta property=\"og:type\" content=\"article\" \/>\n<meta property=\"og:title\" content=\"VILLARRUEL ORGANIZA VISITAS A LAS PROVINCIAS PARA DIFERENCIARSE: &quot;QUE MILEI SIGA VIAJANDO AL EXTERIOR&quot; - Apuntes de San Luis\" \/>\n<meta property=\"og:description\" content=\"La vicepresidenta Victoria Villarruel recorre las provincias y busca proyectarse como una l\u00edder federal, ante...\" \/>\n<meta property=\"og:url\" content=\"https:\/\/apuntesdesanluis.com\/index.php\/2024\/07\/22\/villarruel-organiza-visitas-a-las-provincias-para-diferenciarse-que-milei-siga-viajando-al-exterior\/\" \/>\n<meta property=\"og:site_name\" content=\"Apuntes de San Luis\" \/>\n<meta property=\"article:published_time\" content=\"2024-07-23T02:44:07+00:00\" \/>\n<meta property=\"og:image\" content=\"https:\/\/apuntesdesanluis.com\/wp-content\/uploads\/2024\/07\/villarruel-en-aa.png\" \/>\n\t<meta property=\"og:image:width\" content=\"700\" \/>\n\t<meta property=\"og:image:height\" content=\"458\" \/>\n\t<meta property=\"og:image:type\" content=\"image\/png\" \/>\n<meta name=\"author\" content=\"apuntesdesanluis.com\" \/>\n<meta name=\"twitter:card\" content=\"summary_large_image\" \/>\n<meta name=\"twitter:label1\" content=\"Escrito por\" \/>\n\t<meta name=\"twitter:data1\" content=\"apuntesdesanluis.com\" \/>\n\t<meta name=\"twitter:label2\" content=\"Tiempo de lectura\" \/>\n\t<meta name=\"twitter:data2\" content=\"3 minutos\" \/>\n<script type=\"application\/ld+json\" class=\"yoast-schema-graph\">{\"@context\":\"https:\/\/schema.org\",\"@graph\":[{\"@type\":\"Article\",\"@id\":\"https:\/\/apuntesdesanluis.com\/index.php\/2024\/07\/22\/villarruel-organiza-visitas-a-las-provincias-para-diferenciarse-que-milei-siga-viajando-al-exterior\/#article\",\"isPartOf\":{\"@id\":\"https:\/\/apuntesdesanluis.com\/index.php\/2024\/07\/22\/villarruel-organiza-visitas-a-las-provincias-para-diferenciarse-que-milei-siga-viajando-al-exterior\/\"},\"author\":{\"name\":\"apuntesdesanluis.com\",\"@id\":\"https:\/\/apuntesdesanluis.com\/#\/schema\/person\/b55151d52296fcce64d1a72538a70b90\"},\"headline\":\"VILLARRUEL ORGANIZA VISITAS A LAS PROVINCIAS PARA DIFERENCIARSE: &#8220;QUE MILEI SIGA VIAJANDO AL EXTERIOR&#8221;\",\"datePublished\":\"2024-07-23T02:44:07+00:00\",\"mainEntityOfPage\":{\"@id\":\"https:\/\/apuntesdesanluis.com\/index.php\/2024\/07\/22\/villarruel-organiza-visitas-a-las-provincias-para-diferenciarse-que-milei-siga-viajando-al-exterior\/\"},\"wordCount\":536,\"publisher\":{\"@id\":\"https:\/\/apuntesdesanluis.com\/#\/schema\/person\/b55151d52296fcce64d1a72538a70b90\"},\"image\":{\"@id\":\"https:\/\/apuntesdesanluis.com\/index.php\/2024\/07\/22\/villarruel-organiza-visitas-a-las-provincias-para-diferenciarse-que-milei-siga-viajando-al-exterior\/#primaryimage\"},\"thumbnailUrl\":\"https:\/\/apuntesdesanluis.com\/wp-content\/uploads\/2024\/07\/villarruel-en-aa.png\",\"articleSection\":[\"Nacionales\/Internacionales\"],\"inLanguage\":\"es-AR\"},{\"@type\":\"WebPage\",\"@id\":\"https:\/\/apuntesdesanluis.com\/index.php\/2024\/07\/22\/villarruel-organiza-visitas-a-las-provincias-para-diferenciarse-que-milei-siga-viajando-al-exterior\/\",\"url\":\"https:\/\/apuntesdesanluis.com\/index.php\/2024\/07\/22\/villarruel-organiza-visitas-a-las-provincias-para-diferenciarse-que-milei-siga-viajando-al-exterior\/\",\"name\":\"VILLARRUEL ORGANIZA VISITAS A LAS PROVINCIAS PARA DIFERENCIARSE: \\\"QUE MILEI SIGA VIAJANDO AL EXTERIOR\\\" - Apuntes de San Luis\",\"isPartOf\":{\"@id\":\"https:\/\/apuntesdesanluis.com\/#website\"},\"primaryImageOfPage\":{\"@id\":\"https:\/\/apuntesdesanluis.com\/index.php\/2024\/07\/22\/villarruel-organiza-visitas-a-las-provincias-para-diferenciarse-que-milei-siga-viajando-al-exterior\/#primaryimage\"},\"image\":{\"@id\":\"https:\/\/apuntesdesanluis.com\/index.php\/2024\/07\/22\/villarruel-organiza-visitas-a-las-provincias-para-diferenciarse-que-milei-siga-viajando-al-exterior\/#primaryimage\"},\"thumbnailUrl\":\"https:\/\/apuntesdesanluis.com\/wp-content\/uploads\/2024\/07\/villarruel-en-aa.png\",\"datePublished\":\"2024-07-23T02:44:07+00:00\",\"breadcrumb\":{\"@id\":\"https:\/\/apuntesdesanluis.com\/index.php\/2024\/07\/22\/villarruel-organiza-visitas-a-las-provincias-para-diferenciarse-que-milei-siga-viajando-al-exterior\/#breadcrumb\"},\"inLanguage\":\"es-AR\",\"potentialAction\":[{\"@type\":\"ReadAction\",\"target\":[\"https:\/\/apuntesdesanluis.com\/index.php\/2024\/07\/22\/villarruel-organiza-visitas-a-las-provincias-para-diferenciarse-que-milei-siga-viajando-al-exterior\/\"]}]},{\"@type\":\"ImageObject\",\"inLanguage\":\"es-AR\",\"@id\":\"https:\/\/apuntesdesanluis.com\/index.php\/2024\/07\/22\/villarruel-organiza-visitas-a-las-provincias-para-diferenciarse-que-milei-siga-viajando-al-exterior\/#primaryimage\",\"url\":\"https:\/\/apuntesdesanluis.com\/wp-content\/uploads\/2024\/07\/villarruel-en-aa.png\",\"contentUrl\":\"https:\/\/apuntesdesanluis.com\/wp-content\/uploads\/2024\/07\/villarruel-en-aa.png\",\"width\":700,\"height\":458},{\"@type\":\"BreadcrumbList\",\"@id\":\"https:\/\/apuntesdesanluis.com\/index.php\/2024\/07\/22\/villarruel-organiza-visitas-a-las-provincias-para-diferenciarse-que-milei-siga-viajando-al-exterior\/#breadcrumb\",\"itemListElement\":[{\"@type\":\"ListItem\",\"position\":1,\"name\":\"Inicio\",\"item\":\"https:\/\/apuntesdesanluis.com\/\"},{\"@type\":\"ListItem\",\"position\":2,\"name\":\"VILLARRUEL ORGANIZA VISITAS A LAS PROVINCIAS PARA DIFERENCIARSE: &#8220;QUE MILEI SIGA VIAJANDO AL EXTERIOR&#8221;\"}]},{\"@type\":\"WebSite\",\"@id\":\"https:\/\/apuntesdesanluis.com\/#website\",\"url\":\"https:\/\/apuntesdesanluis.com\/\",\"name\":\"Apuntes de San Luis\",\"description\":\"\",\"publisher\":{\"@id\":\"https:\/\/apuntesdesanluis.com\/#\/schema\/person\/b55151d52296fcce64d1a72538a70b90\"},\"potentialAction\":[{\"@type\":\"SearchAction\",\"target\":{\"@type\":\"EntryPoint\",\"urlTemplate\":\"https:\/\/apuntesdesanluis.com\/?s={search_term_string}\"},\"query-input\":{\"@type\":\"PropertyValueSpecification\",\"valueRequired\":true,\"valueName\":\"search_term_string\"}}],\"inLanguage\":\"es-AR\"},{\"@type\":[\"Person\",\"Organization\"],\"@id\":\"https:\/\/apuntesdesanluis.com\/#\/schema\/person\/b55151d52296fcce64d1a72538a70b90\",\"name\":\"apuntesdesanluis.com\",\"image\":{\"@type\":\"ImageObject\",\"inLanguage\":\"es-AR\",\"@id\":\"https:\/\/apuntesdesanluis.com\/#\/schema\/person\/image\/\",\"url\":\"https:\/\/apuntesdesanluis.com\/wp-content\/uploads\/2023\/07\/cropped-apuntesdesanluis.png\",\"contentUrl\":\"https:\/\/apuntesdesanluis.com\/wp-content\/uploads\/2023\/07\/cropped-apuntesdesanluis.png\",\"width\":450,\"height\":112,\"caption\":\"apuntesdesanluis.com\"},\"logo\":{\"@id\":\"https:\/\/apuntesdesanluis.com\/#\/schema\/person\/image\/\"},\"sameAs\":[\"https:\/\/apuntesdesanluis.com\"],\"url\":\"https:\/\/apuntesdesanluis.com\/index.php\/author\/apuntesdesanluis-com\/\"}]}<\/script>\n<!-- \/ Yoast SEO plugin. -->","yoast_head_json":{"title":"VILLARRUEL ORGANIZA VISITAS A LAS PROVINCIAS PARA DIFERENCIARSE: \"QUE MILEI SIGA VIAJANDO AL EXTERIOR\" - Apuntes de San Luis","robots":{"index":"index","follow":"follow","max-snippet":"max-snippet:-1","max-image-preview":"max-image-preview:large","max-video-preview":"max-video-preview:-1"},"canonical":"https:\/\/apuntesdesanluis.com\/index.php\/2024\/07\/22\/villarruel-organiza-visitas-a-las-provincias-para-diferenciarse-que-milei-siga-viajando-al-exterior\/","og_locale":"es_ES","og_type":"article","og_title":"VILLARRUEL ORGANIZA VISITAS A LAS PROVINCIAS PARA DIFERENCIARSE: \"QUE MILEI SIGA VIAJANDO AL EXTERIOR\" - Apuntes de San Luis","og_description":"La vicepresidenta Victoria Villarruel recorre las provincias y busca proyectarse como una l\u00edder federal, ante...","og_url":"https:\/\/apuntesdesanluis.com\/index.php\/2024\/07\/22\/villarruel-organiza-visitas-a-las-provincias-para-diferenciarse-que-milei-siga-viajando-al-exterior\/","og_site_name":"Apuntes de San Luis","article_published_time":"2024-07-23T02:44:07+00:00","og_image":[{"width":700,"height":458,"url":"https:\/\/apuntesdesanluis.com\/wp-content\/uploads\/2024\/07\/villarruel-en-aa.png","type":"image\/png"}],"author":"apuntesdesanluis.com","twitter_card":"summary_large_image","twitter_misc":{"Escrito por":"apuntesdesanluis.com","Tiempo de lectura":"3 minutos"},"schema":{"@context":"https:\/\/schema.org","@graph":[{"@type":"Article","@id":"https:\/\/apuntesdesanluis.com\/index.php\/2024\/07\/22\/villarruel-organiza-visitas-a-las-provincias-para-diferenciarse-que-milei-siga-viajando-al-exterior\/#article","isPartOf":{"@id":"https:\/\/apuntesdesanluis.com\/index.php\/2024\/07\/22\/villarruel-organiza-visitas-a-las-provincias-para-diferenciarse-que-milei-siga-viajando-al-exterior\/"},"author":{"name":"apuntesdesanluis.com","@id":"https:\/\/apuntesdesanluis.com\/#\/schema\/person\/b55151d52296fcce64d1a72538a70b90"},"headline":"VILLARRUEL ORGANIZA VISITAS A LAS PROVINCIAS PARA DIFERENCIARSE: &#8220;QUE MILEI SIGA VIAJANDO AL EXTERIOR&#8221;","datePublished":"2024-07-23T02:44:07+00:00","mainEntityOfPage":{"@id":"https:\/\/apuntesdesanluis.com\/index.php\/2024\/07\/22\/villarruel-organiza-visitas-a-las-provincias-para-diferenciarse-que-milei-siga-viajando-al-exterior\/"},"wordCount":536,"publisher":{"@id":"https:\/\/apuntesdesanluis.com\/#\/schema\/person\/b55151d52296fcce64d1a72538a70b90"},"image":{"@id":"https:\/\/apuntesdesanluis.com\/index.php\/2024\/07\/22\/villarruel-organiza-visitas-a-las-provincias-para-diferenciarse-que-milei-siga-viajando-al-exterior\/#primaryimage"},"thumbnailUrl":"https:\/\/apuntesdesanluis.com\/wp-content\/uploads\/2024\/07\/villarruel-en-aa.png","articleSection":["Nacionales\/Internacionales"],"inLanguage":"es-AR"},{"@type":"WebPage","@id":"https:\/\/apuntesdesanluis.com\/index.php\/2024\/07\/22\/villarruel-organiza-visitas-a-las-provincias-para-diferenciarse-que-milei-siga-viajando-al-exterior\/","url":"https:\/\/apuntesdesanluis.com\/index.php\/2024\/07\/22\/villarruel-organiza-visitas-a-las-provincias-para-diferenciarse-que-milei-siga-viajando-al-exterior\/","name":"VILLARRUEL ORGANIZA VISITAS A LAS PROVINCIAS PARA DIFERENCIARSE: \"QUE MILEI SIGA VIAJANDO AL EXTERIOR\" - Apuntes de San Luis","isPartOf":{"@id":"https:\/\/apuntesdesanluis.com\/#website"},"primaryImageOfPage":{"@id":"https:\/\/apuntesdesanluis.com\/index.php\/2024\/07\/22\/villarruel-organiza-visitas-a-las-provincias-para-diferenciarse-que-milei-siga-viajando-al-exterior\/#primaryimage"},"image":{"@id":"https:\/\/apuntesdesanluis.com\/index.php\/2024\/07\/22\/villarruel-organiza-visitas-a-las-provincias-para-diferenciarse-que-milei-siga-viajando-al-exterior\/#primaryimage"},"thumbnailUrl":"https:\/\/apuntesdesanluis.com\/wp-content\/uploads\/2024\/07\/villarruel-en-aa.png","datePublished":"2024-07-23T02:44:07+00:00","breadcrumb":{"@id":"https:\/\/apuntesdesanluis.com\/index.php\/2024\/07\/22\/villarruel-organiza-visitas-a-las-provincias-para-diferenciarse-que-milei-siga-viajando-al-exterior\/#breadcrumb"},"inLanguage":"es-AR","potentialAction":[{"@type":"ReadAction","target":["https:\/\/apuntesdesanluis.com\/index.php\/2024\/07\/22\/villarruel-organiza-visitas-a-las-provincias-para-diferenciarse-que-milei-siga-viajando-al-exterior\/"]}]},{"@type":"ImageObject","inLanguage":"es-AR","@id":"https:\/\/apuntesdesanluis.com\/index.php\/2024\/07\/22\/villarruel-organiza-visitas-a-las-provincias-para-diferenciarse-que-milei-siga-viajando-al-exterior\/#primaryimage","url":"https:\/\/apuntesdesanluis.com\/wp-content\/uploads\/2024\/07\/villarruel-en-aa.png","contentUrl":"https:\/\/apuntesdesanluis.com\/wp-content\/uploads\/2024\/07\/villarruel-en-aa.png","width":700,"height":458},{"@type":"BreadcrumbList","@id":"https:\/\/apuntesdesanluis.com\/index.php\/2024\/07\/22\/villarruel-organiza-visitas-a-las-provincias-para-diferenciarse-que-milei-siga-viajando-al-exterior\/#breadcrumb","itemListElement":[{"@type":"ListItem","position":1,"name":"Inicio","item":"https:\/\/apuntesdesanluis.com\/"},{"@type":"ListItem","position":2,"name":"VILLARRUEL ORGANIZA VISITAS A LAS PROVINCIAS PARA DIFERENCIARSE: &#8220;QUE MILEI SIGA VIAJANDO AL EXTERIOR&#8221;"}]},{"@type":"WebSite","@id":"https:\/\/apuntesdesanluis.com\/#website","url":"https:\/\/apuntesdesanluis.com\/","name":"Apuntes de San Luis","description":"","publisher":{"@id":"https:\/\/apuntesdesanluis.com\/#\/schema\/person\/b55151d52296fcce64d1a72538a70b90"},"potentialAction":[{"@type":"SearchAction","target":{"@type":"EntryPoint","urlTemplate":"https:\/\/apuntesdesanluis.com\/?s={search_term_string}"},"query-input":{"@type":"PropertyValueSpecification","valueRequired":true,"valueName":"search_term_string"}}],"inLanguage":"es-AR"},{"@type":["Person","Organization"],"@id":"https:\/\/apuntesdesanluis.com\/#\/schema\/person\/b55151d52296fcce64d1a72538a70b90","name":"apuntesdesanluis.com","image":{"@type":"ImageObject","inLanguage":"es-AR","@id":"https:\/\/apuntesdesanluis.com\/#\/schema\/person\/image\/","url":"https:\/\/apuntesdesanluis.com\/wp-content\/uploads\/2023\/07\/cropped-apuntesdesanluis.png","contentUrl":"https:\/\/apuntesdesanluis.com\/wp-content\/uploads\/2023\/07\/cropped-apuntesdesanluis.png","width":450,"height":112,"caption":"apuntesdesanluis.com"},"logo":{"@id":"https:\/\/apuntesdesanluis.com\/#\/schema\/person\/image\/"},"sameAs":["https:\/\/apuntesdesanluis.com"],"url":"https:\/\/apuntesdesanluis.com\/index.php\/author\/apuntesdesanluis-com\/"}]}},"featured_image_urls":{"full":["https:\/\/apuntesdesanluis.com\/wp-content\/uploads\/2024\/07\/villarruel-en-aa.png",700,458,false],"thumbnail":["https:\/\/apuntesdesanluis.com\/wp-content\/uploads\/2024\/07\/villarruel-en-aa-150x150.png",150,150,true],"medium":["https:\/\/apuntesdesanluis.com\/wp-content\/uploads\/2024\/07\/villarruel-en-aa-300x196.png",300,196,true],"medium_large":["https:\/\/apuntesdesanluis.com\/wp-content\/uploads\/2024\/07\/villarruel-en-aa.png",640,419,false],"large":["https:\/\/apuntesdesanluis.com\/wp-content\/uploads\/2024\/07\/villarruel-en-aa.png",640,419,false],"1536x1536":["https:\/\/apuntesdesanluis.com\/wp-content\/uploads\/2024\/07\/villarruel-en-aa.png",700,458,false],"2048x2048":["https:\/\/apuntesdesanluis.com\/wp-content\/uploads\/2024\/07\/villarruel-en-aa.png",700,458,false],"newsever-slider-full":["https:\/\/apuntesdesanluis.com\/wp-content\/uploads\/2024\/07\/villarruel-en-aa.png",700,458,false],"newsever-featured":["https:\/\/apuntesdesanluis.com\/wp-content\/uploads\/2024\/07\/villarruel-en-aa.png",700,458,false],"newsever-medium":["https:\/\/apuntesdesanluis.com\/wp-content\/uploads\/2024\/07\/villarruel-en-aa.png",700,458,false]},"author_info":{"display_name":"apuntesdesanluis.com","author_link":"https:\/\/apuntesdesanluis.com\/index.php\/author\/apuntesdesanluis-com\/"},"category_info":"<a href=\"https:\/\/apuntesdesanluis.com\/index.php\/category\/nacionales-internacionales\/\" rel=\"category tag\">Nacionales\/Internacionales<\/a>","tag_info":"Nacionales\/Internacionales","comment_count":"0","_links":{"self":[{"href":"https:\/\/apuntesdesanluis.com\/index.php\/wp-json\/wp\/v2\/posts\/19666","targetHints":{"allow":["GET"]}}],"collection":[{"href":"https:\/\/apuntesdesanluis.com\/index.php\/wp-json\/wp\/v2\/posts"}],"about":[{"href":"https:\/\/apuntesdesanluis.com\/index.php\/wp-json\/wp\/v2\/types\/post"}],"author":[{"embeddable":true,"href":"https:\/\/apuntesdesanluis.com\/index.php\/wp-json\/wp\/v2\/users\/1"}],"replies":[{"embeddable":true,"href":"https:\/\/apuntesdesanluis.com\/index.php\/wp-json\/wp\/v2\/comments?post=19666"}],"version-history":[{"count":1,"href":"https:\/\/apuntesdesanluis.com\/index.php\/wp-json\/wp\/v2\/posts\/19666\/revisions"}],"predecessor-version":[{"id":19670,"href":"https:\/\/apuntesdesanluis.com\/index.php\/wp-json\/wp\/v2\/posts\/19666\/revisions\/19670"}],"wp:featuredmedia":[{"embeddable":true,"href":"https:\/\/apuntesdesanluis.com\/index.php\/wp-json\/wp\/v2\/media\/19668"}],"wp:attachment":[{"href":"https:\/\/apuntesdesanluis.com\/index.php\/wp-json\/wp\/v2\/media?parent=19666"}],"wp:term":[{"taxonomy":"category","embeddable":true,"href":"https:\/\/apuntesdesanluis.com\/index.php\/wp-json\/wp\/v2\/categories?post=19666"},{"taxonomy":"post_tag","embeddable":true,"href":"https:\/\/apuntesdesanluis.com\/index.php\/wp-json\/wp\/v2\/tags?post=19666"}],"curies":[{"name":"wp","href":"https:\/\/api.w.org\/{rel}","templated":true}]}}