{"id":19671,"date":"2024-07-23T00:15:18","date_gmt":"2024-07-23T03:15:18","guid":{"rendered":"https:\/\/apuntesdesanluis.com\/?p=19671"},"modified":"2024-07-23T00:18:06","modified_gmt":"2024-07-23T03:18:06","slug":"caputo-rechazo-las-criticas-por-tener-su-plata-en-el-exterior-y-aseguro-que-la-reporto-como-corresponde","status":"publish","type":"post","link":"https:\/\/apuntesdesanluis.com\/index.php\/2024\/07\/23\/caputo-rechazo-las-criticas-por-tener-su-plata-en-el-exterior-y-aseguro-que-la-reporto-como-corresponde\/","title":{"rendered":"CAPUTO RECHAZ\u00d3 LAS CR\u00cdTICAS POR TENER SU PLATA EN EL EXTERIOR Y ASEGUR\u00d3 QUE \u201cLA REPORT\u00d3 COMO CORRESPONDE\u201d"},"content":{"rendered":"<h3>El ministro de Econom\u00eda, <strong>Luis Caputo<\/strong>, sali\u00f3 al cruce de los se\u00f1alamientos por tener plata en cuentas bancarias en el exterior asegurando que es fruto del trabajo en el sector privado y que la tiene declarada debidamente.<\/h3>\n<h3>Las cr\u00edticas al titular del Palacio de Hacienda sobre las cuentas en d\u00f3lares que declar\u00f3 tener fuera del pa\u00eds se multiplicaron luego de que el ministro afirmara que &#8220;en breve la gente va a tener que vender d\u00f3lares para pagar impuestos&#8221;.<\/h3>\n<h3>Al responder a las acusaciones sobre el destino de sus ahorros, el funcionario nacional se expres\u00f3 mediante su cuenta de X enumerando una serie de explicaciones para desestimar el planteo del periodista<strong> Ari Lijalad<\/strong>.<\/h3>\n<h3>En primer lugar sostuvo que \u201cmi plata me la gan\u00e9 trabajando en el sector privado rompi\u00e9ndome el alma y la reporto como corresponde\u201d, mientras que en segunda instancia aclar\u00f3 que \u201cno hago nada con mis ahorros, porque si hago algo y sale bien, tipejos como vos van a decir que gan\u00e9 porque ten\u00eda informaci\u00f3n\u201d.<\/h3>\n<h3>Al referirse a sus declaraciones sobre que pronto la gente tendr\u00e1 que vender d\u00f3lares para pagar los impuestos, especific\u00f3, en tercer orden, que \u201cno pido a nadie que haga nada\u201d, indicando que \u201csolo explico lo que estamos haciendo, para que la gente entienda y tome las decisiones que quiera, pero con mayor informaci\u00f3n\u201d.<\/h3>\n<h3>En tanto que en cuarta instancia reivindic\u00f3 su tarea en el Gobierno expresando que \u201cdej\u00e9 el sector privado para que ustedes no vuelvan nunca m\u00e1s en la vida a gobernar este pa\u00eds, para que el sector p\u00fablico deje de ser un negocio y pase a ser un servicio a la sociedad y para que volvamos a ser el pa\u00eds que los argentinos de bien se merecen\u201d.<\/h3>\n<h3>Asimismo, apuntando contra el mencionado comunicador asever\u00f3 que lo dicho de su funci\u00f3n sea \u201cseguramente todo lo opuesto a los que vos quer\u00e9s\u201d.<\/h3>\n<h3>Lijalad hab\u00eda compartido a trav\u00e9s de la misma red social una copia de la declaraci\u00f3n jurada de Caputo se\u00f1alando que el ministro \u201cdeclar\u00f3 todas sus cuentas bancarias en d\u00f3lares y en el exterior, pero te pide a vos que vendas tus ahorros para pagar la luz\u201d.<\/h3>\n<p><a href=\"https:\/\/x.com\/arilijalad\/status\/1814654222752755866?ref_src=twsrc%5Etfw%7Ctwcamp%5Etweetembed%7Ctwterm%5E1815416464746443007%7Ctwgr%5E47ed806246d237c5f97e52d00a380efa8c4b3590%7Ctwcon%5Es3_&amp;ref_url=https%3A%2F%2Fd-33617923552907744305.ampproject.net%2F2406131415000%2Fframe.html\" target=\"_blank\" rel=\"noopener\"><img fetchpriority=\"high\" decoding=\"async\" class=\"wp-image-19672 aligncenter\" src=\"https:\/\/apuntesdesanluis.com\/wp-content\/uploads\/2024\/07\/POSTEO-DE-ARI-LIJALAD-300x288.png\" alt=\"\" width=\"553\" height=\"531\" srcset=\"https:\/\/apuntesdesanluis.com\/wp-content\/uploads\/2024\/07\/POSTEO-DE-ARI-LIJALAD-300x288.png 300w, https:\/\/apuntesdesanluis.com\/wp-content\/uploads\/2024\/07\/POSTEO-DE-ARI-LIJALAD.png 700w\" sizes=\"(max-width: 553px) 100vw, 553px\" \/><\/a><\/p>\n<h4 style=\"text-align: center;\"><span style=\"color: #3366ff;\"><em>(Hacer click sobre la imagen para ir al posteo original)<\/em><\/span><\/h4>\n<h3><\/h3>\n<h3><strong>CUANDO ESCRIBI\u00d3 LO QUE DICE QUE NO DIJO<\/strong><\/h3>\n<h3>El viernes pasado, Caputo reiter\u00f3 que &#8220;el peso ser\u00e1 la moneda fuerte&#8221; y reiter\u00f3 que quien hoy compre d\u00f3lares tendr\u00e1 que venderlos &#8220;para pagar los impuestos&#8221;.<\/h3>\n<h3>De esta manera, ratific\u00f3 lo que hab\u00eda escrito el jueves por la noche en la red social X y que levant\u00f3 pol\u00e9mica. &#8220;Los pesos emitidos son por compras en el MULC (Mercado \u00danico y Libre de Cambios, como se llama al mercado mayorista oficial). El objetivo siempre fue secar la plaza de pesos&#8221;, sostuvo el ministro de Econom\u00eda.<\/h3>\n<h3>Y resalt\u00f3: &#8220;Lo digo desde la primera entrevista, pero bueno, todav\u00eda algunos no se convencen. \u00a1La realidad probar\u00e1 que en breve la gente va a tener que vender d\u00f3lares para pagar impuestos y el peso va a ser la moneda fuerte!&#8221;.<\/h3>\n<p><iframe title=\"Caputo desaconsej\u00f3 la compra de d\u00f3lares: \u201cVan a tener que venderlos\u201d\" width=\"640\" height=\"360\" src=\"https:\/\/www.youtube.com\/embed\/vhfoWiFzUzU?feature=oembed\" frameborder=\"0\" allow=\"accelerometer; autoplay; clipboard-write; encrypted-media; gyroscope; picture-in-picture; web-share\" referrerpolicy=\"strict-origin-when-cross-origin\" allowfullscreen><\/iframe><\/p>\n<h3>En una entrevista en LN+, Caputo reiter\u00f3 que, en una competencia de monedas, &#8220;la moneda fuerte ser\u00e1 el peso&#8221;. Y recomend\u00f3 no comprar d\u00f3lares: &#8220;Los que hoy est\u00e1n comprando d\u00f3lares pensando que puede ser una buena inversi\u00f3n, los estoy previniendo que no va a pasar. Dado que los impuestos se pagan en pesos, si vos ten\u00e9s ahorros en pesos hoy y los dolariz\u00e1s, despu\u00e9s vas a tener que volver a venderlos para pagar dichos impuestos. Es bien simple el tema&#8221;.<\/h3>\n<h3>Y, en ese sentido, reiter\u00f3 que no se emitir\u00e1 m\u00e1s: &#8220;Van a faltar los pesos en la Argentina porque no se emite m\u00e1s y porque por el super\u00e1vit primario estamos contrayendo a raz\u00f3n de un bill\u00f3n o un bill\u00f3n y medio de pesos por mes. Inevitablemente, el mercado de pesos se va a equilibrar y, en la competencia de monedas, el peso va a ser la moneda fuerte&#8221;.<\/h3>\n<p>&nbsp;<\/p>\n<p>&nbsp;<\/p>\n<p>&nbsp;<\/p>\n<p>&nbsp;<\/p>\n<p>&nbsp;<\/p>\n<p>&nbsp;<\/p>\n<p>&nbsp;<\/p>\n<p>&nbsp;<\/p>\n<p>&nbsp;<\/p>\n","protected":false},"excerpt":{"rendered":"<p>El ministro de Econom\u00eda, Luis Caputo, sali\u00f3 al cruce de los se\u00f1alamientos por tener plata&#8230;<\/p>\n","protected":false},"author":1,"featured_media":19673,"comment_status":"closed","ping_status":"closed","sticky":false,"template":"","format":"standard","meta":{"footnotes":""},"categories":[5],"tags":[],"class_list":["post-19671","post","type-post","status-publish","format-standard","has-post-thumbnail","hentry","category-nacionales-internacionales"],"yoast_head":"<!-- This site is optimized with the Yoast SEO plugin v26.1.1 - https:\/\/yoast.com\/wordpress\/plugins\/seo\/ -->\n<title>CAPUTO RECHAZ\u00d3 LAS CR\u00cdTICAS POR TENER SU PLATA EN EL EXTERIOR Y ASEGUR\u00d3 QUE \u201cLA REPORT\u00d3 COMO CORRESPONDE\u201d - Apuntes de San Luis<\/title>\n<meta name=\"robots\" content=\"index, follow, max-snippet:-1, max-image-preview:large, max-video-preview:-1\" \/>\n<link rel=\"canonical\" href=\"https:\/\/apuntesdesanluis.com\/index.php\/2024\/07\/23\/caputo-rechazo-las-criticas-por-tener-su-plata-en-el-exterior-y-aseguro-que-la-reporto-como-corresponde\/\" \/>\n<meta property=\"og:locale\" content=\"es_ES\" \/>\n<meta property=\"og:type\" content=\"article\" \/>\n<meta property=\"og:title\" content=\"CAPUTO RECHAZ\u00d3 LAS CR\u00cdTICAS POR TENER SU PLATA EN EL EXTERIOR Y ASEGUR\u00d3 QUE \u201cLA REPORT\u00d3 COMO CORRESPONDE\u201d - Apuntes de San Luis\" \/>\n<meta property=\"og:description\" content=\"El ministro de Econom\u00eda, Luis Caputo, sali\u00f3 al cruce de los se\u00f1alamientos por tener plata...\" \/>\n<meta property=\"og:url\" content=\"https:\/\/apuntesdesanluis.com\/index.php\/2024\/07\/23\/caputo-rechazo-las-criticas-por-tener-su-plata-en-el-exterior-y-aseguro-que-la-reporto-como-corresponde\/\" \/>\n<meta property=\"og:site_name\" content=\"Apuntes de San Luis\" \/>\n<meta property=\"article:published_time\" content=\"2024-07-23T03:15:18+00:00\" \/>\n<meta property=\"article:modified_time\" content=\"2024-07-23T03:18:06+00:00\" \/>\n<meta property=\"og:image\" content=\"https:\/\/apuntesdesanluis.com\/wp-content\/uploads\/2024\/07\/chanta-de-caputo.png\" \/>\n\t<meta property=\"og:image:width\" content=\"700\" \/>\n\t<meta property=\"og:image:height\" content=\"389\" \/>\n\t<meta property=\"og:image:type\" content=\"image\/png\" \/>\n<meta name=\"author\" content=\"apuntesdesanluis.com\" \/>\n<meta name=\"twitter:card\" content=\"summary_large_image\" \/>\n<meta name=\"twitter:label1\" content=\"Escrito por\" \/>\n\t<meta name=\"twitter:data1\" content=\"apuntesdesanluis.com\" \/>\n\t<meta name=\"twitter:label2\" content=\"Tiempo de lectura\" \/>\n\t<meta name=\"twitter:data2\" content=\"4 minutos\" \/>\n<script type=\"application\/ld+json\" class=\"yoast-schema-graph\">{\"@context\":\"https:\/\/schema.org\",\"@graph\":[{\"@type\":\"Article\",\"@id\":\"https:\/\/apuntesdesanluis.com\/index.php\/2024\/07\/23\/caputo-rechazo-las-criticas-por-tener-su-plata-en-el-exterior-y-aseguro-que-la-reporto-como-corresponde\/#article\",\"isPartOf\":{\"@id\":\"https:\/\/apuntesdesanluis.com\/index.php\/2024\/07\/23\/caputo-rechazo-las-criticas-por-tener-su-plata-en-el-exterior-y-aseguro-que-la-reporto-como-corresponde\/\"},\"author\":{\"name\":\"apuntesdesanluis.com\",\"@id\":\"https:\/\/apuntesdesanluis.com\/#\/schema\/person\/b55151d52296fcce64d1a72538a70b90\"},\"headline\":\"CAPUTO RECHAZ\u00d3 LAS CR\u00cdTICAS POR TENER SU PLATA EN EL EXTERIOR Y ASEGUR\u00d3 QUE \u201cLA REPORT\u00d3 COMO CORRESPONDE\u201d\",\"datePublished\":\"2024-07-23T03:15:18+00:00\",\"dateModified\":\"2024-07-23T03:18:06+00:00\",\"mainEntityOfPage\":{\"@id\":\"https:\/\/apuntesdesanluis.com\/index.php\/2024\/07\/23\/caputo-rechazo-las-criticas-por-tener-su-plata-en-el-exterior-y-aseguro-que-la-reporto-como-corresponde\/\"},\"wordCount\":720,\"publisher\":{\"@id\":\"https:\/\/apuntesdesanluis.com\/#\/schema\/person\/b55151d52296fcce64d1a72538a70b90\"},\"image\":{\"@id\":\"https:\/\/apuntesdesanluis.com\/index.php\/2024\/07\/23\/caputo-rechazo-las-criticas-por-tener-su-plata-en-el-exterior-y-aseguro-que-la-reporto-como-corresponde\/#primaryimage\"},\"thumbnailUrl\":\"https:\/\/apuntesdesanluis.com\/wp-content\/uploads\/2024\/07\/chanta-de-caputo.png\",\"articleSection\":[\"Nacionales\/Internacionales\"],\"inLanguage\":\"es-AR\"},{\"@type\":\"WebPage\",\"@id\":\"https:\/\/apuntesdesanluis.com\/index.php\/2024\/07\/23\/caputo-rechazo-las-criticas-por-tener-su-plata-en-el-exterior-y-aseguro-que-la-reporto-como-corresponde\/\",\"url\":\"https:\/\/apuntesdesanluis.com\/index.php\/2024\/07\/23\/caputo-rechazo-las-criticas-por-tener-su-plata-en-el-exterior-y-aseguro-que-la-reporto-como-corresponde\/\",\"name\":\"CAPUTO RECHAZ\u00d3 LAS CR\u00cdTICAS POR TENER SU PLATA EN EL EXTERIOR Y ASEGUR\u00d3 QUE \u201cLA REPORT\u00d3 COMO CORRESPONDE\u201d - Apuntes de San Luis\",\"isPartOf\":{\"@id\":\"https:\/\/apuntesdesanluis.com\/#website\"},\"primaryImageOfPage\":{\"@id\":\"https:\/\/apuntesdesanluis.com\/index.php\/2024\/07\/23\/caputo-rechazo-las-criticas-por-tener-su-plata-en-el-exterior-y-aseguro-que-la-reporto-como-corresponde\/#primaryimage\"},\"image\":{\"@id\":\"https:\/\/apuntesdesanluis.com\/index.php\/2024\/07\/23\/caputo-rechazo-las-criticas-por-tener-su-plata-en-el-exterior-y-aseguro-que-la-reporto-como-corresponde\/#primaryimage\"},\"thumbnailUrl\":\"https:\/\/apuntesdesanluis.com\/wp-content\/uploads\/2024\/07\/chanta-de-caputo.png\",\"datePublished\":\"2024-07-23T03:15:18+00:00\",\"dateModified\":\"2024-07-23T03:18:06+00:00\",\"breadcrumb\":{\"@id\":\"https:\/\/apuntesdesanluis.com\/index.php\/2024\/07\/23\/caputo-rechazo-las-criticas-por-tener-su-plata-en-el-exterior-y-aseguro-que-la-reporto-como-corresponde\/#breadcrumb\"},\"inLanguage\":\"es-AR\",\"potentialAction\":[{\"@type\":\"ReadAction\",\"target\":[\"https:\/\/apuntesdesanluis.com\/index.php\/2024\/07\/23\/caputo-rechazo-las-criticas-por-tener-su-plata-en-el-exterior-y-aseguro-que-la-reporto-como-corresponde\/\"]}]},{\"@type\":\"ImageObject\",\"inLanguage\":\"es-AR\",\"@id\":\"https:\/\/apuntesdesanluis.com\/index.php\/2024\/07\/23\/caputo-rechazo-las-criticas-por-tener-su-plata-en-el-exterior-y-aseguro-que-la-reporto-como-corresponde\/#primaryimage\",\"url\":\"https:\/\/apuntesdesanluis.com\/wp-content\/uploads\/2024\/07\/chanta-de-caputo.png\",\"contentUrl\":\"https:\/\/apuntesdesanluis.com\/wp-content\/uploads\/2024\/07\/chanta-de-caputo.png\",\"width\":700,\"height\":389},{\"@type\":\"BreadcrumbList\",\"@id\":\"https:\/\/apuntesdesanluis.com\/index.php\/2024\/07\/23\/caputo-rechazo-las-criticas-por-tener-su-plata-en-el-exterior-y-aseguro-que-la-reporto-como-corresponde\/#breadcrumb\",\"itemListElement\":[{\"@type\":\"ListItem\",\"position\":1,\"name\":\"Inicio\",\"item\":\"https:\/\/apuntesdesanluis.com\/\"},{\"@type\":\"ListItem\",\"position\":2,\"name\":\"CAPUTO RECHAZ\u00d3 LAS CR\u00cdTICAS POR TENER SU PLATA EN EL EXTERIOR Y ASEGUR\u00d3 QUE \u201cLA REPORT\u00d3 COMO CORRESPONDE\u201d\"}]},{\"@type\":\"WebSite\",\"@id\":\"https:\/\/apuntesdesanluis.com\/#website\",\"url\":\"https:\/\/apuntesdesanluis.com\/\",\"name\":\"Apuntes de San Luis\",\"description\":\"\",\"publisher\":{\"@id\":\"https:\/\/apuntesdesanluis.com\/#\/schema\/person\/b55151d52296fcce64d1a72538a70b90\"},\"potentialAction\":[{\"@type\":\"SearchAction\",\"target\":{\"@type\":\"EntryPoint\",\"urlTemplate\":\"https:\/\/apuntesdesanluis.com\/?s={search_term_string}\"},\"query-input\":{\"@type\":\"PropertyValueSpecification\",\"valueRequired\":true,\"valueName\":\"search_term_string\"}}],\"inLanguage\":\"es-AR\"},{\"@type\":[\"Person\",\"Organization\"],\"@id\":\"https:\/\/apuntesdesanluis.com\/#\/schema\/person\/b55151d52296fcce64d1a72538a70b90\",\"name\":\"apuntesdesanluis.com\",\"image\":{\"@type\":\"ImageObject\",\"inLanguage\":\"es-AR\",\"@id\":\"https:\/\/apuntesdesanluis.com\/#\/schema\/person\/image\/\",\"url\":\"https:\/\/apuntesdesanluis.com\/wp-content\/uploads\/2023\/07\/cropped-apuntesdesanluis.png\",\"contentUrl\":\"https:\/\/apuntesdesanluis.com\/wp-content\/uploads\/2023\/07\/cropped-apuntesdesanluis.png\",\"width\":450,\"height\":112,\"caption\":\"apuntesdesanluis.com\"},\"logo\":{\"@id\":\"https:\/\/apuntesdesanluis.com\/#\/schema\/person\/image\/\"},\"sameAs\":[\"https:\/\/apuntesdesanluis.com\"],\"url\":\"https:\/\/apuntesdesanluis.com\/index.php\/author\/apuntesdesanluis-com\/\"}]}<\/script>\n<!-- \/ Yoast SEO plugin. -->","yoast_head_json":{"title":"CAPUTO RECHAZ\u00d3 LAS CR\u00cdTICAS POR TENER SU PLATA EN EL EXTERIOR Y ASEGUR\u00d3 QUE \u201cLA REPORT\u00d3 COMO CORRESPONDE\u201d - Apuntes de San Luis","robots":{"index":"index","follow":"follow","max-snippet":"max-snippet:-1","max-image-preview":"max-image-preview:large","max-video-preview":"max-video-preview:-1"},"canonical":"https:\/\/apuntesdesanluis.com\/index.php\/2024\/07\/23\/caputo-rechazo-las-criticas-por-tener-su-plata-en-el-exterior-y-aseguro-que-la-reporto-como-corresponde\/","og_locale":"es_ES","og_type":"article","og_title":"CAPUTO RECHAZ\u00d3 LAS CR\u00cdTICAS POR TENER SU PLATA EN EL EXTERIOR Y ASEGUR\u00d3 QUE \u201cLA REPORT\u00d3 COMO CORRESPONDE\u201d - Apuntes de San Luis","og_description":"El ministro de Econom\u00eda, Luis Caputo, sali\u00f3 al cruce de los se\u00f1alamientos por tener plata...","og_url":"https:\/\/apuntesdesanluis.com\/index.php\/2024\/07\/23\/caputo-rechazo-las-criticas-por-tener-su-plata-en-el-exterior-y-aseguro-que-la-reporto-como-corresponde\/","og_site_name":"Apuntes de San Luis","article_published_time":"2024-07-23T03:15:18+00:00","article_modified_time":"2024-07-23T03:18:06+00:00","og_image":[{"width":700,"height":389,"url":"https:\/\/apuntesdesanluis.com\/wp-content\/uploads\/2024\/07\/chanta-de-caputo.png","type":"image\/png"}],"author":"apuntesdesanluis.com","twitter_card":"summary_large_image","twitter_misc":{"Escrito por":"apuntesdesanluis.com","Tiempo de lectura":"4 minutos"},"schema":{"@context":"https:\/\/schema.org","@graph":[{"@type":"Article","@id":"https:\/\/apuntesdesanluis.com\/index.php\/2024\/07\/23\/caputo-rechazo-las-criticas-por-tener-su-plata-en-el-exterior-y-aseguro-que-la-reporto-como-corresponde\/#article","isPartOf":{"@id":"https:\/\/apuntesdesanluis.com\/index.php\/2024\/07\/23\/caputo-rechazo-las-criticas-por-tener-su-plata-en-el-exterior-y-aseguro-que-la-reporto-como-corresponde\/"},"author":{"name":"apuntesdesanluis.com","@id":"https:\/\/apuntesdesanluis.com\/#\/schema\/person\/b55151d52296fcce64d1a72538a70b90"},"headline":"CAPUTO RECHAZ\u00d3 LAS CR\u00cdTICAS POR TENER SU PLATA EN EL EXTERIOR Y ASEGUR\u00d3 QUE \u201cLA REPORT\u00d3 COMO CORRESPONDE\u201d","datePublished":"2024-07-23T03:15:18+00:00","dateModified":"2024-07-23T03:18:06+00:00","mainEntityOfPage":{"@id":"https:\/\/apuntesdesanluis.com\/index.php\/2024\/07\/23\/caputo-rechazo-las-criticas-por-tener-su-plata-en-el-exterior-y-aseguro-que-la-reporto-como-corresponde\/"},"wordCount":720,"publisher":{"@id":"https:\/\/apuntesdesanluis.com\/#\/schema\/person\/b55151d52296fcce64d1a72538a70b90"},"image":{"@id":"https:\/\/apuntesdesanluis.com\/index.php\/2024\/07\/23\/caputo-rechazo-las-criticas-por-tener-su-plata-en-el-exterior-y-aseguro-que-la-reporto-como-corresponde\/#primaryimage"},"thumbnailUrl":"https:\/\/apuntesdesanluis.com\/wp-content\/uploads\/2024\/07\/chanta-de-caputo.png","articleSection":["Nacionales\/Internacionales"],"inLanguage":"es-AR"},{"@type":"WebPage","@id":"https:\/\/apuntesdesanluis.com\/index.php\/2024\/07\/23\/caputo-rechazo-las-criticas-por-tener-su-plata-en-el-exterior-y-aseguro-que-la-reporto-como-corresponde\/","url":"https:\/\/apuntesdesanluis.com\/index.php\/2024\/07\/23\/caputo-rechazo-las-criticas-por-tener-su-plata-en-el-exterior-y-aseguro-que-la-reporto-como-corresponde\/","name":"CAPUTO RECHAZ\u00d3 LAS CR\u00cdTICAS POR TENER SU PLATA EN EL EXTERIOR Y ASEGUR\u00d3 QUE \u201cLA REPORT\u00d3 COMO CORRESPONDE\u201d - Apuntes de San Luis","isPartOf":{"@id":"https:\/\/apuntesdesanluis.com\/#website"},"primaryImageOfPage":{"@id":"https:\/\/apuntesdesanluis.com\/index.php\/2024\/07\/23\/caputo-rechazo-las-criticas-por-tener-su-plata-en-el-exterior-y-aseguro-que-la-reporto-como-corresponde\/#primaryimage"},"image":{"@id":"https:\/\/apuntesdesanluis.com\/index.php\/2024\/07\/23\/caputo-rechazo-las-criticas-por-tener-su-plata-en-el-exterior-y-aseguro-que-la-reporto-como-corresponde\/#primaryimage"},"thumbnailUrl":"https:\/\/apuntesdesanluis.com\/wp-content\/uploads\/2024\/07\/chanta-de-caputo.png","datePublished":"2024-07-23T03:15:18+00:00","dateModified":"2024-07-23T03:18:06+00:00","breadcrumb":{"@id":"https:\/\/apuntesdesanluis.com\/index.php\/2024\/07\/23\/caputo-rechazo-las-criticas-por-tener-su-plata-en-el-exterior-y-aseguro-que-la-reporto-como-corresponde\/#breadcrumb"},"inLanguage":"es-AR","potentialAction":[{"@type":"ReadAction","target":["https:\/\/apuntesdesanluis.com\/index.php\/2024\/07\/23\/caputo-rechazo-las-criticas-por-tener-su-plata-en-el-exterior-y-aseguro-que-la-reporto-como-corresponde\/"]}]},{"@type":"ImageObject","inLanguage":"es-AR","@id":"https:\/\/apuntesdesanluis.com\/index.php\/2024\/07\/23\/caputo-rechazo-las-criticas-por-tener-su-plata-en-el-exterior-y-aseguro-que-la-reporto-como-corresponde\/#primaryimage","url":"https:\/\/apuntesdesanluis.com\/wp-content\/uploads\/2024\/07\/chanta-de-caputo.png","contentUrl":"https:\/\/apuntesdesanluis.com\/wp-content\/uploads\/2024\/07\/chanta-de-caputo.png","width":700,"height":389},{"@type":"BreadcrumbList","@id":"https:\/\/apuntesdesanluis.com\/index.php\/2024\/07\/23\/caputo-rechazo-las-criticas-por-tener-su-plata-en-el-exterior-y-aseguro-que-la-reporto-como-corresponde\/#breadcrumb","itemListElement":[{"@type":"ListItem","position":1,"name":"Inicio","item":"https:\/\/apuntesdesanluis.com\/"},{"@type":"ListItem","position":2,"name":"CAPUTO RECHAZ\u00d3 LAS CR\u00cdTICAS POR TENER SU PLATA EN EL EXTERIOR Y ASEGUR\u00d3 QUE \u201cLA REPORT\u00d3 COMO CORRESPONDE\u201d"}]},{"@type":"WebSite","@id":"https:\/\/apuntesdesanluis.com\/#website","url":"https:\/\/apuntesdesanluis.com\/","name":"Apuntes de San Luis","description":"","publisher":{"@id":"https:\/\/apuntesdesanluis.com\/#\/schema\/person\/b55151d52296fcce64d1a72538a70b90"},"potentialAction":[{"@type":"SearchAction","target":{"@type":"EntryPoint","urlTemplate":"https:\/\/apuntesdesanluis.com\/?s={search_term_string}"},"query-input":{"@type":"PropertyValueSpecification","valueRequired":true,"valueName":"search_term_string"}}],"inLanguage":"es-AR"},{"@type":["Person","Organization"],"@id":"https:\/\/apuntesdesanluis.com\/#\/schema\/person\/b55151d52296fcce64d1a72538a70b90","name":"apuntesdesanluis.com","image":{"@type":"ImageObject","inLanguage":"es-AR","@id":"https:\/\/apuntesdesanluis.com\/#\/schema\/person\/image\/","url":"https:\/\/apuntesdesanluis.com\/wp-content\/uploads\/2023\/07\/cropped-apuntesdesanluis.png","contentUrl":"https:\/\/apuntesdesanluis.com\/wp-content\/uploads\/2023\/07\/cropped-apuntesdesanluis.png","width":450,"height":112,"caption":"apuntesdesanluis.com"},"logo":{"@id":"https:\/\/apuntesdesanluis.com\/#\/schema\/person\/image\/"},"sameAs":["https:\/\/apuntesdesanluis.com"],"url":"https:\/\/apuntesdesanluis.com\/index.php\/author\/apuntesdesanluis-com\/"}]}},"featured_image_urls":{"full":["https:\/\/apuntesdesanluis.com\/wp-content\/uploads\/2024\/07\/chanta-de-caputo.png",700,389,false],"thumbnail":["https:\/\/apuntesdesanluis.com\/wp-content\/uploads\/2024\/07\/chanta-de-caputo-150x150.png",150,150,true],"medium":["https:\/\/apuntesdesanluis.com\/wp-content\/uploads\/2024\/07\/chanta-de-caputo-300x167.png",300,167,true],"medium_large":["https:\/\/apuntesdesanluis.com\/wp-content\/uploads\/2024\/07\/chanta-de-caputo.png",640,356,false],"large":["https:\/\/apuntesdesanluis.com\/wp-content\/uploads\/2024\/07\/chanta-de-caputo.png",640,356,false],"1536x1536":["https:\/\/apuntesdesanluis.com\/wp-content\/uploads\/2024\/07\/chanta-de-caputo.png",700,389,false],"2048x2048":["https:\/\/apuntesdesanluis.com\/wp-content\/uploads\/2024\/07\/chanta-de-caputo.png",700,389,false],"newsever-slider-full":["https:\/\/apuntesdesanluis.com\/wp-content\/uploads\/2024\/07\/chanta-de-caputo.png",700,389,false],"newsever-featured":["https:\/\/apuntesdesanluis.com\/wp-content\/uploads\/2024\/07\/chanta-de-caputo.png",700,389,false],"newsever-medium":["https:\/\/apuntesdesanluis.com\/wp-content\/uploads\/2024\/07\/chanta-de-caputo.png",700,389,false]},"author_info":{"display_name":"apuntesdesanluis.com","author_link":"https:\/\/apuntesdesanluis.com\/index.php\/author\/apuntesdesanluis-com\/"},"category_info":"<a href=\"https:\/\/apuntesdesanluis.com\/index.php\/category\/nacionales-internacionales\/\" rel=\"category tag\">Nacionales\/Internacionales<\/a>","tag_info":"Nacionales\/Internacionales","comment_count":"0","_links":{"self":[{"href":"https:\/\/apuntesdesanluis.com\/index.php\/wp-json\/wp\/v2\/posts\/19671","targetHints":{"allow":["GET"]}}],"collection":[{"href":"https:\/\/apuntesdesanluis.com\/index.php\/wp-json\/wp\/v2\/posts"}],"about":[{"href":"https:\/\/apuntesdesanluis.com\/index.php\/wp-json\/wp\/v2\/types\/post"}],"author":[{"embeddable":true,"href":"https:\/\/apuntesdesanluis.com\/index.php\/wp-json\/wp\/v2\/users\/1"}],"replies":[{"embeddable":true,"href":"https:\/\/apuntesdesanluis.com\/index.php\/wp-json\/wp\/v2\/comments?post=19671"}],"version-history":[{"count":5,"href":"https:\/\/apuntesdesanluis.com\/index.php\/wp-json\/wp\/v2\/posts\/19671\/revisions"}],"predecessor-version":[{"id":19678,"href":"https:\/\/apuntesdesanluis.com\/index.php\/wp-json\/wp\/v2\/posts\/19671\/revisions\/19678"}],"wp:featuredmedia":[{"embeddable":true,"href":"https:\/\/apuntesdesanluis.com\/index.php\/wp-json\/wp\/v2\/media\/19673"}],"wp:attachment":[{"href":"https:\/\/apuntesdesanluis.com\/index.php\/wp-json\/wp\/v2\/media?parent=19671"}],"wp:term":[{"taxonomy":"category","embeddable":true,"href":"https:\/\/apuntesdesanluis.com\/index.php\/wp-json\/wp\/v2\/categories?post=19671"},{"taxonomy":"post_tag","embeddable":true,"href":"https:\/\/apuntesdesanluis.com\/index.php\/wp-json\/wp\/v2\/tags?post=19671"}],"curies":[{"name":"wp","href":"https:\/\/api.w.org\/{rel}","templated":true}]}}