{"id":1969,"date":"2023-08-23T12:34:42","date_gmt":"2023-08-23T15:34:42","guid":{"rendered":"https:\/\/apuntesdesanluis.com\/?p=1969"},"modified":"2023-08-23T12:34:42","modified_gmt":"2023-08-23T15:34:42","slug":"patricia-bullrich-si-se-pierde-el-control-el-gobierno-tiene-que-pedir-el-estado-de-sitio","status":"publish","type":"post","link":"https:\/\/apuntesdesanluis.com\/index.php\/2023\/08\/23\/patricia-bullrich-si-se-pierde-el-control-el-gobierno-tiene-que-pedir-el-estado-de-sitio\/","title":{"rendered":"PATRICIA BULLRICH: &#8220;SI SE PIERDE EL CONTROL, EL GOBIERNO TIENE QUE PEDIR EL ESTADO DE SITIO&#8221;"},"content":{"rendered":"<h3>La candidata presidencial de Juntos por el Cambio (JxC), <strong>Patricia Bullrich<\/strong>, consider\u00f3 que \u201csi se pierde el control\u201d, el Gobierno \u201ctiene que pedir el estado de sitio\u201d, luego de que se llevaran a cabo varios saqueos en todo el pa\u00eds durante las \u00faltimas horas.<\/h3>\n<h3>\u201cNo debe tomarse esto de manera electoralista, como el tuit de Milei\u201d, remarc\u00f3 la referente del PRO, al mismo tiempo que agreg\u00f3: \u201cNo es momento de pensar en c\u00f3mo uno se para frente a la elecci\u00f3n sino en c\u00f3mo uno da la soluci\u00f3n, que es el orden\u201d.<\/h3>\n<h3>\u201cEl Gobierno tiene que ordenarse y si necesita algo m\u00e1s porque si esto se desborda tendr\u00e1 que llamar al Congreso y pedir medidas m\u00e1s dr\u00e1sticas frente a esta situaci\u00f3n. Esperemos que esto no suceda\u201d, dese\u00f3.<\/h3>\n<h3>\u201cSi se pierde total y absolutamente el control y el Gobierno tiene que llamar a pedir el estado de sitio, lo tiene que hacer. Hoy no lo sabemos, pero debe tener todas las hip\u00f3tesis\u201d, asegur\u00f3 Bullrich en TN.<\/h3>\n<p><iframe title=\"Patricia Bullrich sali\u00f3 a pedir el estado de Sitio ,Por los Saqueos en distintas partes del pais\" width=\"640\" height=\"360\" src=\"https:\/\/www.youtube.com\/embed\/g2IC5Z9jUiY?feature=oembed\" frameborder=\"0\" allow=\"accelerometer; autoplay; clipboard-write; encrypted-media; gyroscope; picture-in-picture; web-share\" referrerpolicy=\"strict-origin-when-cross-origin\" allowfullscreen><\/iframe><\/p>\n<h3>&#8220;Cuando arranca el incendio uno piensa que es peque\u00f1o, pero de golpe toma cientos de miles de hect\u00e1reas, es envolvente, aparece por cualquier lado y nadie sabe c\u00f3mo pararlo, porque no tienen un mecanismo organizado para hacerlo. Frente a ese incendio uno tiene que utilizar todos los mecanismos de emergencia que est\u00e9n cerca del lugar para apagarlo y calmar a la sociedad. Para eso tiene que haber autoridad, porque sin autoridad es la ley de la selva&#8221;, consider\u00f3.<\/h3>\n<h3>Por otro lado, le aconsej\u00f3 al Gobierno que implemente \u201cun comit\u00e9 de crisis\u201d de manera inmediata para prevenir \u201cque el pa\u00eds no entre en una situaci\u00f3n de caos\u201d.<\/h3>\n<h3>&#8220;Necesitamos orden y llegar a las elecciones y que haya un cambio de gobierno normal, y no terminar en una situaci\u00f3n como la que se est\u00e1 terminando\u201d, remarc\u00f3.<\/h3>\n<h3>Y cerr\u00f3: &#8220;Falta autoridad y orden. La noci\u00f3n del orden es muy contradictoria con este gobierno y por eso terminamos en esta situaci\u00f3n de caos absoluto&#8221;.<\/h3>\n","protected":false},"excerpt":{"rendered":"<p>La candidata presidencial de Juntos por el Cambio (JxC), Patricia Bullrich, consider\u00f3 que \u201csi se&#8230;<\/p>\n","protected":false},"author":1,"featured_media":1970,"comment_status":"closed","ping_status":"closed","sticky":false,"template":"","format":"standard","meta":{"footnotes":""},"categories":[5],"tags":[],"class_list":["post-1969","post","type-post","status-publish","format-standard","has-post-thumbnail","hentry","category-nacionales-internacionales"],"yoast_head":"<!-- This site is optimized with the Yoast SEO plugin v26.1.1 - https:\/\/yoast.com\/wordpress\/plugins\/seo\/ -->\n<title>PATRICIA BULLRICH: &quot;SI SE PIERDE EL CONTROL, EL GOBIERNO TIENE QUE PEDIR EL ESTADO DE SITIO&quot; - Apuntes de San Luis<\/title>\n<meta name=\"robots\" content=\"index, follow, max-snippet:-1, max-image-preview:large, max-video-preview:-1\" \/>\n<link rel=\"canonical\" href=\"https:\/\/apuntesdesanluis.com\/index.php\/2023\/08\/23\/patricia-bullrich-si-se-pierde-el-control-el-gobierno-tiene-que-pedir-el-estado-de-sitio\/\" \/>\n<meta property=\"og:locale\" content=\"es_ES\" \/>\n<meta property=\"og:type\" content=\"article\" \/>\n<meta property=\"og:title\" content=\"PATRICIA BULLRICH: &quot;SI SE PIERDE EL CONTROL, EL GOBIERNO TIENE QUE PEDIR EL ESTADO DE SITIO&quot; - Apuntes de San Luis\" \/>\n<meta property=\"og:description\" content=\"La candidata presidencial de Juntos por el Cambio (JxC), Patricia Bullrich, consider\u00f3 que \u201csi se...\" \/>\n<meta property=\"og:url\" content=\"https:\/\/apuntesdesanluis.com\/index.php\/2023\/08\/23\/patricia-bullrich-si-se-pierde-el-control-el-gobierno-tiene-que-pedir-el-estado-de-sitio\/\" \/>\n<meta property=\"og:site_name\" content=\"Apuntes de San Luis\" \/>\n<meta property=\"article:published_time\" content=\"2023-08-23T15:34:42+00:00\" \/>\n<meta property=\"og:image\" content=\"https:\/\/apuntesdesanluis.com\/wp-content\/uploads\/2023\/08\/bullrich-5.png\" \/>\n\t<meta property=\"og:image:width\" content=\"693\" \/>\n\t<meta property=\"og:image:height\" content=\"435\" \/>\n\t<meta property=\"og:image:type\" content=\"image\/png\" \/>\n<meta name=\"author\" content=\"apuntesdesanluis.com\" \/>\n<meta name=\"twitter:card\" content=\"summary_large_image\" \/>\n<meta name=\"twitter:label1\" content=\"Escrito por\" \/>\n\t<meta name=\"twitter:data1\" content=\"apuntesdesanluis.com\" \/>\n\t<meta name=\"twitter:label2\" content=\"Tiempo de lectura\" \/>\n\t<meta name=\"twitter:data2\" content=\"2 minutos\" \/>\n<script type=\"application\/ld+json\" class=\"yoast-schema-graph\">{\"@context\":\"https:\/\/schema.org\",\"@graph\":[{\"@type\":\"Article\",\"@id\":\"https:\/\/apuntesdesanluis.com\/index.php\/2023\/08\/23\/patricia-bullrich-si-se-pierde-el-control-el-gobierno-tiene-que-pedir-el-estado-de-sitio\/#article\",\"isPartOf\":{\"@id\":\"https:\/\/apuntesdesanluis.com\/index.php\/2023\/08\/23\/patricia-bullrich-si-se-pierde-el-control-el-gobierno-tiene-que-pedir-el-estado-de-sitio\/\"},\"author\":{\"name\":\"apuntesdesanluis.com\",\"@id\":\"https:\/\/apuntesdesanluis.com\/#\/schema\/person\/b55151d52296fcce64d1a72538a70b90\"},\"headline\":\"PATRICIA BULLRICH: &#8220;SI SE PIERDE EL CONTROL, EL GOBIERNO TIENE QUE PEDIR EL ESTADO DE SITIO&#8221;\",\"datePublished\":\"2023-08-23T15:34:42+00:00\",\"mainEntityOfPage\":{\"@id\":\"https:\/\/apuntesdesanluis.com\/index.php\/2023\/08\/23\/patricia-bullrich-si-se-pierde-el-control-el-gobierno-tiene-que-pedir-el-estado-de-sitio\/\"},\"wordCount\":371,\"publisher\":{\"@id\":\"https:\/\/apuntesdesanluis.com\/#\/schema\/person\/b55151d52296fcce64d1a72538a70b90\"},\"image\":{\"@id\":\"https:\/\/apuntesdesanluis.com\/index.php\/2023\/08\/23\/patricia-bullrich-si-se-pierde-el-control-el-gobierno-tiene-que-pedir-el-estado-de-sitio\/#primaryimage\"},\"thumbnailUrl\":\"https:\/\/apuntesdesanluis.com\/wp-content\/uploads\/2023\/08\/bullrich-5.png\",\"articleSection\":[\"Nacionales\/Internacionales\"],\"inLanguage\":\"es-AR\"},{\"@type\":\"WebPage\",\"@id\":\"https:\/\/apuntesdesanluis.com\/index.php\/2023\/08\/23\/patricia-bullrich-si-se-pierde-el-control-el-gobierno-tiene-que-pedir-el-estado-de-sitio\/\",\"url\":\"https:\/\/apuntesdesanluis.com\/index.php\/2023\/08\/23\/patricia-bullrich-si-se-pierde-el-control-el-gobierno-tiene-que-pedir-el-estado-de-sitio\/\",\"name\":\"PATRICIA BULLRICH: \\\"SI SE PIERDE EL CONTROL, EL GOBIERNO TIENE QUE PEDIR EL ESTADO DE SITIO\\\" - Apuntes de San Luis\",\"isPartOf\":{\"@id\":\"https:\/\/apuntesdesanluis.com\/#website\"},\"primaryImageOfPage\":{\"@id\":\"https:\/\/apuntesdesanluis.com\/index.php\/2023\/08\/23\/patricia-bullrich-si-se-pierde-el-control-el-gobierno-tiene-que-pedir-el-estado-de-sitio\/#primaryimage\"},\"image\":{\"@id\":\"https:\/\/apuntesdesanluis.com\/index.php\/2023\/08\/23\/patricia-bullrich-si-se-pierde-el-control-el-gobierno-tiene-que-pedir-el-estado-de-sitio\/#primaryimage\"},\"thumbnailUrl\":\"https:\/\/apuntesdesanluis.com\/wp-content\/uploads\/2023\/08\/bullrich-5.png\",\"datePublished\":\"2023-08-23T15:34:42+00:00\",\"breadcrumb\":{\"@id\":\"https:\/\/apuntesdesanluis.com\/index.php\/2023\/08\/23\/patricia-bullrich-si-se-pierde-el-control-el-gobierno-tiene-que-pedir-el-estado-de-sitio\/#breadcrumb\"},\"inLanguage\":\"es-AR\",\"potentialAction\":[{\"@type\":\"ReadAction\",\"target\":[\"https:\/\/apuntesdesanluis.com\/index.php\/2023\/08\/23\/patricia-bullrich-si-se-pierde-el-control-el-gobierno-tiene-que-pedir-el-estado-de-sitio\/\"]}]},{\"@type\":\"ImageObject\",\"inLanguage\":\"es-AR\",\"@id\":\"https:\/\/apuntesdesanluis.com\/index.php\/2023\/08\/23\/patricia-bullrich-si-se-pierde-el-control-el-gobierno-tiene-que-pedir-el-estado-de-sitio\/#primaryimage\",\"url\":\"https:\/\/apuntesdesanluis.com\/wp-content\/uploads\/2023\/08\/bullrich-5.png\",\"contentUrl\":\"https:\/\/apuntesdesanluis.com\/wp-content\/uploads\/2023\/08\/bullrich-5.png\",\"width\":693,\"height\":435},{\"@type\":\"BreadcrumbList\",\"@id\":\"https:\/\/apuntesdesanluis.com\/index.php\/2023\/08\/23\/patricia-bullrich-si-se-pierde-el-control-el-gobierno-tiene-que-pedir-el-estado-de-sitio\/#breadcrumb\",\"itemListElement\":[{\"@type\":\"ListItem\",\"position\":1,\"name\":\"Inicio\",\"item\":\"https:\/\/apuntesdesanluis.com\/\"},{\"@type\":\"ListItem\",\"position\":2,\"name\":\"PATRICIA BULLRICH: &#8220;SI SE PIERDE EL CONTROL, EL GOBIERNO TIENE QUE PEDIR EL ESTADO DE SITIO&#8221;\"}]},{\"@type\":\"WebSite\",\"@id\":\"https:\/\/apuntesdesanluis.com\/#website\",\"url\":\"https:\/\/apuntesdesanluis.com\/\",\"name\":\"Apuntes de San Luis\",\"description\":\"\",\"publisher\":{\"@id\":\"https:\/\/apuntesdesanluis.com\/#\/schema\/person\/b55151d52296fcce64d1a72538a70b90\"},\"potentialAction\":[{\"@type\":\"SearchAction\",\"target\":{\"@type\":\"EntryPoint\",\"urlTemplate\":\"https:\/\/apuntesdesanluis.com\/?s={search_term_string}\"},\"query-input\":{\"@type\":\"PropertyValueSpecification\",\"valueRequired\":true,\"valueName\":\"search_term_string\"}}],\"inLanguage\":\"es-AR\"},{\"@type\":[\"Person\",\"Organization\"],\"@id\":\"https:\/\/apuntesdesanluis.com\/#\/schema\/person\/b55151d52296fcce64d1a72538a70b90\",\"name\":\"apuntesdesanluis.com\",\"image\":{\"@type\":\"ImageObject\",\"inLanguage\":\"es-AR\",\"@id\":\"https:\/\/apuntesdesanluis.com\/#\/schema\/person\/image\/\",\"url\":\"https:\/\/apuntesdesanluis.com\/wp-content\/uploads\/2023\/07\/cropped-apuntesdesanluis.png\",\"contentUrl\":\"https:\/\/apuntesdesanluis.com\/wp-content\/uploads\/2023\/07\/cropped-apuntesdesanluis.png\",\"width\":450,\"height\":112,\"caption\":\"apuntesdesanluis.com\"},\"logo\":{\"@id\":\"https:\/\/apuntesdesanluis.com\/#\/schema\/person\/image\/\"},\"sameAs\":[\"https:\/\/apuntesdesanluis.com\"],\"url\":\"https:\/\/apuntesdesanluis.com\/index.php\/author\/apuntesdesanluis-com\/\"}]}<\/script>\n<!-- \/ Yoast SEO plugin. -->","yoast_head_json":{"title":"PATRICIA BULLRICH: \"SI SE PIERDE EL CONTROL, EL GOBIERNO TIENE QUE PEDIR EL ESTADO DE SITIO\" - Apuntes de San Luis","robots":{"index":"index","follow":"follow","max-snippet":"max-snippet:-1","max-image-preview":"max-image-preview:large","max-video-preview":"max-video-preview:-1"},"canonical":"https:\/\/apuntesdesanluis.com\/index.php\/2023\/08\/23\/patricia-bullrich-si-se-pierde-el-control-el-gobierno-tiene-que-pedir-el-estado-de-sitio\/","og_locale":"es_ES","og_type":"article","og_title":"PATRICIA BULLRICH: \"SI SE PIERDE EL CONTROL, EL GOBIERNO TIENE QUE PEDIR EL ESTADO DE SITIO\" - Apuntes de San Luis","og_description":"La candidata presidencial de Juntos por el Cambio (JxC), Patricia Bullrich, consider\u00f3 que \u201csi se...","og_url":"https:\/\/apuntesdesanluis.com\/index.php\/2023\/08\/23\/patricia-bullrich-si-se-pierde-el-control-el-gobierno-tiene-que-pedir-el-estado-de-sitio\/","og_site_name":"Apuntes de San Luis","article_published_time":"2023-08-23T15:34:42+00:00","og_image":[{"width":693,"height":435,"url":"https:\/\/apuntesdesanluis.com\/wp-content\/uploads\/2023\/08\/bullrich-5.png","type":"image\/png"}],"author":"apuntesdesanluis.com","twitter_card":"summary_large_image","twitter_misc":{"Escrito por":"apuntesdesanluis.com","Tiempo de lectura":"2 minutos"},"schema":{"@context":"https:\/\/schema.org","@graph":[{"@type":"Article","@id":"https:\/\/apuntesdesanluis.com\/index.php\/2023\/08\/23\/patricia-bullrich-si-se-pierde-el-control-el-gobierno-tiene-que-pedir-el-estado-de-sitio\/#article","isPartOf":{"@id":"https:\/\/apuntesdesanluis.com\/index.php\/2023\/08\/23\/patricia-bullrich-si-se-pierde-el-control-el-gobierno-tiene-que-pedir-el-estado-de-sitio\/"},"author":{"name":"apuntesdesanluis.com","@id":"https:\/\/apuntesdesanluis.com\/#\/schema\/person\/b55151d52296fcce64d1a72538a70b90"},"headline":"PATRICIA BULLRICH: &#8220;SI SE PIERDE EL CONTROL, EL GOBIERNO TIENE QUE PEDIR EL ESTADO DE SITIO&#8221;","datePublished":"2023-08-23T15:34:42+00:00","mainEntityOfPage":{"@id":"https:\/\/apuntesdesanluis.com\/index.php\/2023\/08\/23\/patricia-bullrich-si-se-pierde-el-control-el-gobierno-tiene-que-pedir-el-estado-de-sitio\/"},"wordCount":371,"publisher":{"@id":"https:\/\/apuntesdesanluis.com\/#\/schema\/person\/b55151d52296fcce64d1a72538a70b90"},"image":{"@id":"https:\/\/apuntesdesanluis.com\/index.php\/2023\/08\/23\/patricia-bullrich-si-se-pierde-el-control-el-gobierno-tiene-que-pedir-el-estado-de-sitio\/#primaryimage"},"thumbnailUrl":"https:\/\/apuntesdesanluis.com\/wp-content\/uploads\/2023\/08\/bullrich-5.png","articleSection":["Nacionales\/Internacionales"],"inLanguage":"es-AR"},{"@type":"WebPage","@id":"https:\/\/apuntesdesanluis.com\/index.php\/2023\/08\/23\/patricia-bullrich-si-se-pierde-el-control-el-gobierno-tiene-que-pedir-el-estado-de-sitio\/","url":"https:\/\/apuntesdesanluis.com\/index.php\/2023\/08\/23\/patricia-bullrich-si-se-pierde-el-control-el-gobierno-tiene-que-pedir-el-estado-de-sitio\/","name":"PATRICIA BULLRICH: \"SI SE PIERDE EL CONTROL, EL GOBIERNO TIENE QUE PEDIR EL ESTADO DE SITIO\" - Apuntes de San Luis","isPartOf":{"@id":"https:\/\/apuntesdesanluis.com\/#website"},"primaryImageOfPage":{"@id":"https:\/\/apuntesdesanluis.com\/index.php\/2023\/08\/23\/patricia-bullrich-si-se-pierde-el-control-el-gobierno-tiene-que-pedir-el-estado-de-sitio\/#primaryimage"},"image":{"@id":"https:\/\/apuntesdesanluis.com\/index.php\/2023\/08\/23\/patricia-bullrich-si-se-pierde-el-control-el-gobierno-tiene-que-pedir-el-estado-de-sitio\/#primaryimage"},"thumbnailUrl":"https:\/\/apuntesdesanluis.com\/wp-content\/uploads\/2023\/08\/bullrich-5.png","datePublished":"2023-08-23T15:34:42+00:00","breadcrumb":{"@id":"https:\/\/apuntesdesanluis.com\/index.php\/2023\/08\/23\/patricia-bullrich-si-se-pierde-el-control-el-gobierno-tiene-que-pedir-el-estado-de-sitio\/#breadcrumb"},"inLanguage":"es-AR","potentialAction":[{"@type":"ReadAction","target":["https:\/\/apuntesdesanluis.com\/index.php\/2023\/08\/23\/patricia-bullrich-si-se-pierde-el-control-el-gobierno-tiene-que-pedir-el-estado-de-sitio\/"]}]},{"@type":"ImageObject","inLanguage":"es-AR","@id":"https:\/\/apuntesdesanluis.com\/index.php\/2023\/08\/23\/patricia-bullrich-si-se-pierde-el-control-el-gobierno-tiene-que-pedir-el-estado-de-sitio\/#primaryimage","url":"https:\/\/apuntesdesanluis.com\/wp-content\/uploads\/2023\/08\/bullrich-5.png","contentUrl":"https:\/\/apuntesdesanluis.com\/wp-content\/uploads\/2023\/08\/bullrich-5.png","width":693,"height":435},{"@type":"BreadcrumbList","@id":"https:\/\/apuntesdesanluis.com\/index.php\/2023\/08\/23\/patricia-bullrich-si-se-pierde-el-control-el-gobierno-tiene-que-pedir-el-estado-de-sitio\/#breadcrumb","itemListElement":[{"@type":"ListItem","position":1,"name":"Inicio","item":"https:\/\/apuntesdesanluis.com\/"},{"@type":"ListItem","position":2,"name":"PATRICIA BULLRICH: &#8220;SI SE PIERDE EL CONTROL, EL GOBIERNO TIENE QUE PEDIR EL ESTADO DE SITIO&#8221;"}]},{"@type":"WebSite","@id":"https:\/\/apuntesdesanluis.com\/#website","url":"https:\/\/apuntesdesanluis.com\/","name":"Apuntes de San Luis","description":"","publisher":{"@id":"https:\/\/apuntesdesanluis.com\/#\/schema\/person\/b55151d52296fcce64d1a72538a70b90"},"potentialAction":[{"@type":"SearchAction","target":{"@type":"EntryPoint","urlTemplate":"https:\/\/apuntesdesanluis.com\/?s={search_term_string}"},"query-input":{"@type":"PropertyValueSpecification","valueRequired":true,"valueName":"search_term_string"}}],"inLanguage":"es-AR"},{"@type":["Person","Organization"],"@id":"https:\/\/apuntesdesanluis.com\/#\/schema\/person\/b55151d52296fcce64d1a72538a70b90","name":"apuntesdesanluis.com","image":{"@type":"ImageObject","inLanguage":"es-AR","@id":"https:\/\/apuntesdesanluis.com\/#\/schema\/person\/image\/","url":"https:\/\/apuntesdesanluis.com\/wp-content\/uploads\/2023\/07\/cropped-apuntesdesanluis.png","contentUrl":"https:\/\/apuntesdesanluis.com\/wp-content\/uploads\/2023\/07\/cropped-apuntesdesanluis.png","width":450,"height":112,"caption":"apuntesdesanluis.com"},"logo":{"@id":"https:\/\/apuntesdesanluis.com\/#\/schema\/person\/image\/"},"sameAs":["https:\/\/apuntesdesanluis.com"],"url":"https:\/\/apuntesdesanluis.com\/index.php\/author\/apuntesdesanluis-com\/"}]}},"featured_image_urls":{"full":["https:\/\/apuntesdesanluis.com\/wp-content\/uploads\/2023\/08\/bullrich-5.png",693,435,false],"thumbnail":["https:\/\/apuntesdesanluis.com\/wp-content\/uploads\/2023\/08\/bullrich-5-150x150.png",150,150,true],"medium":["https:\/\/apuntesdesanluis.com\/wp-content\/uploads\/2023\/08\/bullrich-5-300x188.png",300,188,true],"medium_large":["https:\/\/apuntesdesanluis.com\/wp-content\/uploads\/2023\/08\/bullrich-5.png",640,402,false],"large":["https:\/\/apuntesdesanluis.com\/wp-content\/uploads\/2023\/08\/bullrich-5.png",640,402,false],"1536x1536":["https:\/\/apuntesdesanluis.com\/wp-content\/uploads\/2023\/08\/bullrich-5.png",693,435,false],"2048x2048":["https:\/\/apuntesdesanluis.com\/wp-content\/uploads\/2023\/08\/bullrich-5.png",693,435,false],"newsever-slider-full":["https:\/\/apuntesdesanluis.com\/wp-content\/uploads\/2023\/08\/bullrich-5.png",693,435,false],"newsever-featured":["https:\/\/apuntesdesanluis.com\/wp-content\/uploads\/2023\/08\/bullrich-5.png",693,435,false],"newsever-medium":["https:\/\/apuntesdesanluis.com\/wp-content\/uploads\/2023\/08\/bullrich-5.png",693,435,false]},"author_info":{"display_name":"apuntesdesanluis.com","author_link":"https:\/\/apuntesdesanluis.com\/index.php\/author\/apuntesdesanluis-com\/"},"category_info":"<a href=\"https:\/\/apuntesdesanluis.com\/index.php\/category\/nacionales-internacionales\/\" rel=\"category tag\">Nacionales\/Internacionales<\/a>","tag_info":"Nacionales\/Internacionales","comment_count":"0","_links":{"self":[{"href":"https:\/\/apuntesdesanluis.com\/index.php\/wp-json\/wp\/v2\/posts\/1969","targetHints":{"allow":["GET"]}}],"collection":[{"href":"https:\/\/apuntesdesanluis.com\/index.php\/wp-json\/wp\/v2\/posts"}],"about":[{"href":"https:\/\/apuntesdesanluis.com\/index.php\/wp-json\/wp\/v2\/types\/post"}],"author":[{"embeddable":true,"href":"https:\/\/apuntesdesanluis.com\/index.php\/wp-json\/wp\/v2\/users\/1"}],"replies":[{"embeddable":true,"href":"https:\/\/apuntesdesanluis.com\/index.php\/wp-json\/wp\/v2\/comments?post=1969"}],"version-history":[{"count":1,"href":"https:\/\/apuntesdesanluis.com\/index.php\/wp-json\/wp\/v2\/posts\/1969\/revisions"}],"predecessor-version":[{"id":1971,"href":"https:\/\/apuntesdesanluis.com\/index.php\/wp-json\/wp\/v2\/posts\/1969\/revisions\/1971"}],"wp:featuredmedia":[{"embeddable":true,"href":"https:\/\/apuntesdesanluis.com\/index.php\/wp-json\/wp\/v2\/media\/1970"}],"wp:attachment":[{"href":"https:\/\/apuntesdesanluis.com\/index.php\/wp-json\/wp\/v2\/media?parent=1969"}],"wp:term":[{"taxonomy":"category","embeddable":true,"href":"https:\/\/apuntesdesanluis.com\/index.php\/wp-json\/wp\/v2\/categories?post=1969"},{"taxonomy":"post_tag","embeddable":true,"href":"https:\/\/apuntesdesanluis.com\/index.php\/wp-json\/wp\/v2\/tags?post=1969"}],"curies":[{"name":"wp","href":"https:\/\/api.w.org\/{rel}","templated":true}]}}