{"id":19698,"date":"2024-07-23T13:57:55","date_gmt":"2024-07-23T16:57:55","guid":{"rendered":"https:\/\/apuntesdesanluis.com\/?p=19698"},"modified":"2024-07-23T13:57:55","modified_gmt":"2024-07-23T16:57:55","slug":"comenzo-a-circular-un-nuevo-servicio-de-colectivos-entre-union-y-san-luis-capital","status":"publish","type":"post","link":"https:\/\/apuntesdesanluis.com\/index.php\/2024\/07\/23\/comenzo-a-circular-un-nuevo-servicio-de-colectivos-entre-union-y-san-luis-capital\/","title":{"rendered":"COMENZ\u00d3 A CIRCULAR UN NUEVO SERVICIO DE COLECTIVOS ENTRE UNI\u00d3N Y SAN LUIS CAPITAL"},"content":{"rendered":"<h3>El gobierno asegur\u00f3 que las frecuencias del departamento Dupuy crecieron un 30% desde el inicio de la nueva gesti\u00f3n, que busca conectar m\u00e1s puntos del interior con la ciudad de San Luis.<\/h3>\n<h3>El subdirector de Gesti\u00f3n, Supervisi\u00f3n y Control del Sistema de Transporte No Regular, <strong>Gabriel Busto<\/strong>, inform\u00f3 que aplicaron mejoras en el servicio de transporte del departamento Dupuy, en el sur de San Luis. La empresa \u2018Blanca Paloma\u2019 estipul\u00f3 una frecuencia de lunes a viernes que parte desde la ciudad de Uni\u00f3n a las 3:00, llega a la capital puntana a las 8:00 y regresa a las 17:30.<\/h3>\n<p><iframe title=\"Gabriel Busto,  Subdirector de Gesti\u00f3n, Supervisi\u00f3n y Control del Sistema de Transporte No Regular\" width=\"640\" height=\"360\" src=\"https:\/\/www.youtube.com\/embed\/ToMqwI2MZ9E?feature=oembed\" frameborder=\"0\" allow=\"accelerometer; autoplay; clipboard-write; encrypted-media; gyroscope; picture-in-picture; web-share\" referrerpolicy=\"strict-origin-when-cross-origin\" allowfullscreen><\/iframe><\/p>\n<h3>\u201cEn este corredor hemos tenido muy buenas mejoras. En comparaci\u00f3n con la gesti\u00f3n anterior, se ha aumentado la frecuencia en un 30%, lo cual resulta muy bueno para los usuarios del departamento de Dupuy\u201d, afirm\u00f3 Busto. Tambi\u00e9n precis\u00f3 que se duplic\u00f3 la compra de boletos, que tienen un costo de $12.800.<\/h3>\n<h3>El funcionario tambi\u00e9n revel\u00f3 que los usuarios manifestaron estar conformes con las unidades de transporte, que son cero kil\u00f3metro e incluyen butacas reclinables y calefacci\u00f3n.<\/h3>\n<h3>La Secretar\u00eda se encuentra en la labor de interconectar las localidades del interior con la ciudad de San Luis: \u201cEl \u00fanico lugar con el que no ten\u00edamos enlace era el departamento Dupuy. Hoy, el transporte est\u00e1 conectado de norte a sur y de este a oeste, en todos los l\u00edmites\u201d. Adem\u00e1s, el Subdirector adelant\u00f3 que la frecuencia puede extenderse a los fines de semana por demanda.<\/h3>\n<p>&nbsp;<\/p>\n<p>&nbsp;<\/p>\n<p>&nbsp;<\/p>\n<p>&nbsp;<\/p>\n<p>&nbsp;<\/p>\n<p>&nbsp;<\/p>\n<p>&nbsp;<\/p>\n","protected":false},"excerpt":{"rendered":"<p>El gobierno asegur\u00f3 que las frecuencias del departamento Dupuy crecieron un 30% desde el inicio&#8230;<\/p>\n","protected":false},"author":1,"featured_media":19699,"comment_status":"closed","ping_status":"closed","sticky":false,"template":"","format":"standard","meta":{"footnotes":""},"categories":[6],"tags":[],"class_list":["post-19698","post","type-post","status-publish","format-standard","has-post-thumbnail","hentry","category-ciudad-provincia"],"yoast_head":"<!-- This site is optimized with the Yoast SEO plugin v26.1.1 - https:\/\/yoast.com\/wordpress\/plugins\/seo\/ -->\n<title>COMENZ\u00d3 A CIRCULAR UN NUEVO SERVICIO DE COLECTIVOS ENTRE UNI\u00d3N Y SAN LUIS CAPITAL - Apuntes de San Luis<\/title>\n<meta name=\"robots\" content=\"index, follow, max-snippet:-1, max-image-preview:large, max-video-preview:-1\" \/>\n<link rel=\"canonical\" href=\"https:\/\/apuntesdesanluis.com\/index.php\/2024\/07\/23\/comenzo-a-circular-un-nuevo-servicio-de-colectivos-entre-union-y-san-luis-capital\/\" \/>\n<meta property=\"og:locale\" content=\"es_ES\" \/>\n<meta property=\"og:type\" content=\"article\" \/>\n<meta property=\"og:title\" content=\"COMENZ\u00d3 A CIRCULAR UN NUEVO SERVICIO DE COLECTIVOS ENTRE UNI\u00d3N Y SAN LUIS CAPITAL - Apuntes de San Luis\" \/>\n<meta property=\"og:description\" content=\"El gobierno asegur\u00f3 que las frecuencias del departamento Dupuy crecieron un 30% desde el inicio...\" \/>\n<meta property=\"og:url\" content=\"https:\/\/apuntesdesanluis.com\/index.php\/2024\/07\/23\/comenzo-a-circular-un-nuevo-servicio-de-colectivos-entre-union-y-san-luis-capital\/\" \/>\n<meta property=\"og:site_name\" content=\"Apuntes de San Luis\" \/>\n<meta property=\"article:published_time\" content=\"2024-07-23T16:57:55+00:00\" \/>\n<meta property=\"og:image\" content=\"https:\/\/apuntesdesanluis.com\/wp-content\/uploads\/2024\/07\/blanca-paloma.png\" \/>\n\t<meta property=\"og:image:width\" content=\"700\" \/>\n\t<meta property=\"og:image:height\" content=\"414\" \/>\n\t<meta property=\"og:image:type\" content=\"image\/png\" \/>\n<meta name=\"author\" content=\"apuntesdesanluis.com\" \/>\n<meta name=\"twitter:card\" content=\"summary_large_image\" \/>\n<meta name=\"twitter:label1\" content=\"Escrito por\" \/>\n\t<meta name=\"twitter:data1\" content=\"apuntesdesanluis.com\" \/>\n\t<meta name=\"twitter:label2\" content=\"Tiempo de lectura\" \/>\n\t<meta name=\"twitter:data2\" content=\"2 minutos\" \/>\n<script type=\"application\/ld+json\" class=\"yoast-schema-graph\">{\"@context\":\"https:\/\/schema.org\",\"@graph\":[{\"@type\":\"Article\",\"@id\":\"https:\/\/apuntesdesanluis.com\/index.php\/2024\/07\/23\/comenzo-a-circular-un-nuevo-servicio-de-colectivos-entre-union-y-san-luis-capital\/#article\",\"isPartOf\":{\"@id\":\"https:\/\/apuntesdesanluis.com\/index.php\/2024\/07\/23\/comenzo-a-circular-un-nuevo-servicio-de-colectivos-entre-union-y-san-luis-capital\/\"},\"author\":{\"name\":\"apuntesdesanluis.com\",\"@id\":\"https:\/\/apuntesdesanluis.com\/#\/schema\/person\/b55151d52296fcce64d1a72538a70b90\"},\"headline\":\"COMENZ\u00d3 A CIRCULAR UN NUEVO SERVICIO DE COLECTIVOS ENTRE UNI\u00d3N Y SAN LUIS CAPITAL\",\"datePublished\":\"2024-07-23T16:57:55+00:00\",\"mainEntityOfPage\":{\"@id\":\"https:\/\/apuntesdesanluis.com\/index.php\/2024\/07\/23\/comenzo-a-circular-un-nuevo-servicio-de-colectivos-entre-union-y-san-luis-capital\/\"},\"wordCount\":280,\"publisher\":{\"@id\":\"https:\/\/apuntesdesanluis.com\/#\/schema\/person\/b55151d52296fcce64d1a72538a70b90\"},\"image\":{\"@id\":\"https:\/\/apuntesdesanluis.com\/index.php\/2024\/07\/23\/comenzo-a-circular-un-nuevo-servicio-de-colectivos-entre-union-y-san-luis-capital\/#primaryimage\"},\"thumbnailUrl\":\"https:\/\/apuntesdesanluis.com\/wp-content\/uploads\/2024\/07\/blanca-paloma.png\",\"articleSection\":[\"Ciudad\/Provincia\"],\"inLanguage\":\"es-AR\"},{\"@type\":\"WebPage\",\"@id\":\"https:\/\/apuntesdesanluis.com\/index.php\/2024\/07\/23\/comenzo-a-circular-un-nuevo-servicio-de-colectivos-entre-union-y-san-luis-capital\/\",\"url\":\"https:\/\/apuntesdesanluis.com\/index.php\/2024\/07\/23\/comenzo-a-circular-un-nuevo-servicio-de-colectivos-entre-union-y-san-luis-capital\/\",\"name\":\"COMENZ\u00d3 A CIRCULAR UN NUEVO SERVICIO DE COLECTIVOS ENTRE UNI\u00d3N Y SAN LUIS CAPITAL - Apuntes de San Luis\",\"isPartOf\":{\"@id\":\"https:\/\/apuntesdesanluis.com\/#website\"},\"primaryImageOfPage\":{\"@id\":\"https:\/\/apuntesdesanluis.com\/index.php\/2024\/07\/23\/comenzo-a-circular-un-nuevo-servicio-de-colectivos-entre-union-y-san-luis-capital\/#primaryimage\"},\"image\":{\"@id\":\"https:\/\/apuntesdesanluis.com\/index.php\/2024\/07\/23\/comenzo-a-circular-un-nuevo-servicio-de-colectivos-entre-union-y-san-luis-capital\/#primaryimage\"},\"thumbnailUrl\":\"https:\/\/apuntesdesanluis.com\/wp-content\/uploads\/2024\/07\/blanca-paloma.png\",\"datePublished\":\"2024-07-23T16:57:55+00:00\",\"breadcrumb\":{\"@id\":\"https:\/\/apuntesdesanluis.com\/index.php\/2024\/07\/23\/comenzo-a-circular-un-nuevo-servicio-de-colectivos-entre-union-y-san-luis-capital\/#breadcrumb\"},\"inLanguage\":\"es-AR\",\"potentialAction\":[{\"@type\":\"ReadAction\",\"target\":[\"https:\/\/apuntesdesanluis.com\/index.php\/2024\/07\/23\/comenzo-a-circular-un-nuevo-servicio-de-colectivos-entre-union-y-san-luis-capital\/\"]}]},{\"@type\":\"ImageObject\",\"inLanguage\":\"es-AR\",\"@id\":\"https:\/\/apuntesdesanluis.com\/index.php\/2024\/07\/23\/comenzo-a-circular-un-nuevo-servicio-de-colectivos-entre-union-y-san-luis-capital\/#primaryimage\",\"url\":\"https:\/\/apuntesdesanluis.com\/wp-content\/uploads\/2024\/07\/blanca-paloma.png\",\"contentUrl\":\"https:\/\/apuntesdesanluis.com\/wp-content\/uploads\/2024\/07\/blanca-paloma.png\",\"width\":700,\"height\":414},{\"@type\":\"BreadcrumbList\",\"@id\":\"https:\/\/apuntesdesanluis.com\/index.php\/2024\/07\/23\/comenzo-a-circular-un-nuevo-servicio-de-colectivos-entre-union-y-san-luis-capital\/#breadcrumb\",\"itemListElement\":[{\"@type\":\"ListItem\",\"position\":1,\"name\":\"Inicio\",\"item\":\"https:\/\/apuntesdesanluis.com\/\"},{\"@type\":\"ListItem\",\"position\":2,\"name\":\"COMENZ\u00d3 A CIRCULAR UN NUEVO SERVICIO DE COLECTIVOS ENTRE UNI\u00d3N Y SAN LUIS CAPITAL\"}]},{\"@type\":\"WebSite\",\"@id\":\"https:\/\/apuntesdesanluis.com\/#website\",\"url\":\"https:\/\/apuntesdesanluis.com\/\",\"name\":\"Apuntes de San Luis\",\"description\":\"\",\"publisher\":{\"@id\":\"https:\/\/apuntesdesanluis.com\/#\/schema\/person\/b55151d52296fcce64d1a72538a70b90\"},\"potentialAction\":[{\"@type\":\"SearchAction\",\"target\":{\"@type\":\"EntryPoint\",\"urlTemplate\":\"https:\/\/apuntesdesanluis.com\/?s={search_term_string}\"},\"query-input\":{\"@type\":\"PropertyValueSpecification\",\"valueRequired\":true,\"valueName\":\"search_term_string\"}}],\"inLanguage\":\"es-AR\"},{\"@type\":[\"Person\",\"Organization\"],\"@id\":\"https:\/\/apuntesdesanluis.com\/#\/schema\/person\/b55151d52296fcce64d1a72538a70b90\",\"name\":\"apuntesdesanluis.com\",\"image\":{\"@type\":\"ImageObject\",\"inLanguage\":\"es-AR\",\"@id\":\"https:\/\/apuntesdesanluis.com\/#\/schema\/person\/image\/\",\"url\":\"https:\/\/apuntesdesanluis.com\/wp-content\/uploads\/2023\/07\/cropped-apuntesdesanluis.png\",\"contentUrl\":\"https:\/\/apuntesdesanluis.com\/wp-content\/uploads\/2023\/07\/cropped-apuntesdesanluis.png\",\"width\":450,\"height\":112,\"caption\":\"apuntesdesanluis.com\"},\"logo\":{\"@id\":\"https:\/\/apuntesdesanluis.com\/#\/schema\/person\/image\/\"},\"sameAs\":[\"https:\/\/apuntesdesanluis.com\"],\"url\":\"https:\/\/apuntesdesanluis.com\/index.php\/author\/apuntesdesanluis-com\/\"}]}<\/script>\n<!-- \/ Yoast SEO plugin. -->","yoast_head_json":{"title":"COMENZ\u00d3 A CIRCULAR UN NUEVO SERVICIO DE COLECTIVOS ENTRE UNI\u00d3N Y SAN LUIS CAPITAL - Apuntes de San Luis","robots":{"index":"index","follow":"follow","max-snippet":"max-snippet:-1","max-image-preview":"max-image-preview:large","max-video-preview":"max-video-preview:-1"},"canonical":"https:\/\/apuntesdesanluis.com\/index.php\/2024\/07\/23\/comenzo-a-circular-un-nuevo-servicio-de-colectivos-entre-union-y-san-luis-capital\/","og_locale":"es_ES","og_type":"article","og_title":"COMENZ\u00d3 A CIRCULAR UN NUEVO SERVICIO DE COLECTIVOS ENTRE UNI\u00d3N Y SAN LUIS CAPITAL - Apuntes de San Luis","og_description":"El gobierno asegur\u00f3 que las frecuencias del departamento Dupuy crecieron un 30% desde el inicio...","og_url":"https:\/\/apuntesdesanluis.com\/index.php\/2024\/07\/23\/comenzo-a-circular-un-nuevo-servicio-de-colectivos-entre-union-y-san-luis-capital\/","og_site_name":"Apuntes de San Luis","article_published_time":"2024-07-23T16:57:55+00:00","og_image":[{"width":700,"height":414,"url":"https:\/\/apuntesdesanluis.com\/wp-content\/uploads\/2024\/07\/blanca-paloma.png","type":"image\/png"}],"author":"apuntesdesanluis.com","twitter_card":"summary_large_image","twitter_misc":{"Escrito por":"apuntesdesanluis.com","Tiempo de lectura":"2 minutos"},"schema":{"@context":"https:\/\/schema.org","@graph":[{"@type":"Article","@id":"https:\/\/apuntesdesanluis.com\/index.php\/2024\/07\/23\/comenzo-a-circular-un-nuevo-servicio-de-colectivos-entre-union-y-san-luis-capital\/#article","isPartOf":{"@id":"https:\/\/apuntesdesanluis.com\/index.php\/2024\/07\/23\/comenzo-a-circular-un-nuevo-servicio-de-colectivos-entre-union-y-san-luis-capital\/"},"author":{"name":"apuntesdesanluis.com","@id":"https:\/\/apuntesdesanluis.com\/#\/schema\/person\/b55151d52296fcce64d1a72538a70b90"},"headline":"COMENZ\u00d3 A CIRCULAR UN NUEVO SERVICIO DE COLECTIVOS ENTRE UNI\u00d3N Y SAN LUIS CAPITAL","datePublished":"2024-07-23T16:57:55+00:00","mainEntityOfPage":{"@id":"https:\/\/apuntesdesanluis.com\/index.php\/2024\/07\/23\/comenzo-a-circular-un-nuevo-servicio-de-colectivos-entre-union-y-san-luis-capital\/"},"wordCount":280,"publisher":{"@id":"https:\/\/apuntesdesanluis.com\/#\/schema\/person\/b55151d52296fcce64d1a72538a70b90"},"image":{"@id":"https:\/\/apuntesdesanluis.com\/index.php\/2024\/07\/23\/comenzo-a-circular-un-nuevo-servicio-de-colectivos-entre-union-y-san-luis-capital\/#primaryimage"},"thumbnailUrl":"https:\/\/apuntesdesanluis.com\/wp-content\/uploads\/2024\/07\/blanca-paloma.png","articleSection":["Ciudad\/Provincia"],"inLanguage":"es-AR"},{"@type":"WebPage","@id":"https:\/\/apuntesdesanluis.com\/index.php\/2024\/07\/23\/comenzo-a-circular-un-nuevo-servicio-de-colectivos-entre-union-y-san-luis-capital\/","url":"https:\/\/apuntesdesanluis.com\/index.php\/2024\/07\/23\/comenzo-a-circular-un-nuevo-servicio-de-colectivos-entre-union-y-san-luis-capital\/","name":"COMENZ\u00d3 A CIRCULAR UN NUEVO SERVICIO DE COLECTIVOS ENTRE UNI\u00d3N Y SAN LUIS CAPITAL - Apuntes de San Luis","isPartOf":{"@id":"https:\/\/apuntesdesanluis.com\/#website"},"primaryImageOfPage":{"@id":"https:\/\/apuntesdesanluis.com\/index.php\/2024\/07\/23\/comenzo-a-circular-un-nuevo-servicio-de-colectivos-entre-union-y-san-luis-capital\/#primaryimage"},"image":{"@id":"https:\/\/apuntesdesanluis.com\/index.php\/2024\/07\/23\/comenzo-a-circular-un-nuevo-servicio-de-colectivos-entre-union-y-san-luis-capital\/#primaryimage"},"thumbnailUrl":"https:\/\/apuntesdesanluis.com\/wp-content\/uploads\/2024\/07\/blanca-paloma.png","datePublished":"2024-07-23T16:57:55+00:00","breadcrumb":{"@id":"https:\/\/apuntesdesanluis.com\/index.php\/2024\/07\/23\/comenzo-a-circular-un-nuevo-servicio-de-colectivos-entre-union-y-san-luis-capital\/#breadcrumb"},"inLanguage":"es-AR","potentialAction":[{"@type":"ReadAction","target":["https:\/\/apuntesdesanluis.com\/index.php\/2024\/07\/23\/comenzo-a-circular-un-nuevo-servicio-de-colectivos-entre-union-y-san-luis-capital\/"]}]},{"@type":"ImageObject","inLanguage":"es-AR","@id":"https:\/\/apuntesdesanluis.com\/index.php\/2024\/07\/23\/comenzo-a-circular-un-nuevo-servicio-de-colectivos-entre-union-y-san-luis-capital\/#primaryimage","url":"https:\/\/apuntesdesanluis.com\/wp-content\/uploads\/2024\/07\/blanca-paloma.png","contentUrl":"https:\/\/apuntesdesanluis.com\/wp-content\/uploads\/2024\/07\/blanca-paloma.png","width":700,"height":414},{"@type":"BreadcrumbList","@id":"https:\/\/apuntesdesanluis.com\/index.php\/2024\/07\/23\/comenzo-a-circular-un-nuevo-servicio-de-colectivos-entre-union-y-san-luis-capital\/#breadcrumb","itemListElement":[{"@type":"ListItem","position":1,"name":"Inicio","item":"https:\/\/apuntesdesanluis.com\/"},{"@type":"ListItem","position":2,"name":"COMENZ\u00d3 A CIRCULAR UN NUEVO SERVICIO DE COLECTIVOS ENTRE UNI\u00d3N Y SAN LUIS CAPITAL"}]},{"@type":"WebSite","@id":"https:\/\/apuntesdesanluis.com\/#website","url":"https:\/\/apuntesdesanluis.com\/","name":"Apuntes de San Luis","description":"","publisher":{"@id":"https:\/\/apuntesdesanluis.com\/#\/schema\/person\/b55151d52296fcce64d1a72538a70b90"},"potentialAction":[{"@type":"SearchAction","target":{"@type":"EntryPoint","urlTemplate":"https:\/\/apuntesdesanluis.com\/?s={search_term_string}"},"query-input":{"@type":"PropertyValueSpecification","valueRequired":true,"valueName":"search_term_string"}}],"inLanguage":"es-AR"},{"@type":["Person","Organization"],"@id":"https:\/\/apuntesdesanluis.com\/#\/schema\/person\/b55151d52296fcce64d1a72538a70b90","name":"apuntesdesanluis.com","image":{"@type":"ImageObject","inLanguage":"es-AR","@id":"https:\/\/apuntesdesanluis.com\/#\/schema\/person\/image\/","url":"https:\/\/apuntesdesanluis.com\/wp-content\/uploads\/2023\/07\/cropped-apuntesdesanluis.png","contentUrl":"https:\/\/apuntesdesanluis.com\/wp-content\/uploads\/2023\/07\/cropped-apuntesdesanluis.png","width":450,"height":112,"caption":"apuntesdesanluis.com"},"logo":{"@id":"https:\/\/apuntesdesanluis.com\/#\/schema\/person\/image\/"},"sameAs":["https:\/\/apuntesdesanluis.com"],"url":"https:\/\/apuntesdesanluis.com\/index.php\/author\/apuntesdesanluis-com\/"}]}},"featured_image_urls":{"full":["https:\/\/apuntesdesanluis.com\/wp-content\/uploads\/2024\/07\/blanca-paloma.png",700,414,false],"thumbnail":["https:\/\/apuntesdesanluis.com\/wp-content\/uploads\/2024\/07\/blanca-paloma-150x150.png",150,150,true],"medium":["https:\/\/apuntesdesanluis.com\/wp-content\/uploads\/2024\/07\/blanca-paloma-300x177.png",300,177,true],"medium_large":["https:\/\/apuntesdesanluis.com\/wp-content\/uploads\/2024\/07\/blanca-paloma.png",640,379,false],"large":["https:\/\/apuntesdesanluis.com\/wp-content\/uploads\/2024\/07\/blanca-paloma.png",640,379,false],"1536x1536":["https:\/\/apuntesdesanluis.com\/wp-content\/uploads\/2024\/07\/blanca-paloma.png",700,414,false],"2048x2048":["https:\/\/apuntesdesanluis.com\/wp-content\/uploads\/2024\/07\/blanca-paloma.png",700,414,false],"newsever-slider-full":["https:\/\/apuntesdesanluis.com\/wp-content\/uploads\/2024\/07\/blanca-paloma.png",700,414,false],"newsever-featured":["https:\/\/apuntesdesanluis.com\/wp-content\/uploads\/2024\/07\/blanca-paloma.png",700,414,false],"newsever-medium":["https:\/\/apuntesdesanluis.com\/wp-content\/uploads\/2024\/07\/blanca-paloma.png",700,414,false]},"author_info":{"display_name":"apuntesdesanluis.com","author_link":"https:\/\/apuntesdesanluis.com\/index.php\/author\/apuntesdesanluis-com\/"},"category_info":"<a href=\"https:\/\/apuntesdesanluis.com\/index.php\/category\/ciudad-provincia\/\" rel=\"category tag\">Ciudad\/Provincia<\/a>","tag_info":"Ciudad\/Provincia","comment_count":"0","_links":{"self":[{"href":"https:\/\/apuntesdesanluis.com\/index.php\/wp-json\/wp\/v2\/posts\/19698","targetHints":{"allow":["GET"]}}],"collection":[{"href":"https:\/\/apuntesdesanluis.com\/index.php\/wp-json\/wp\/v2\/posts"}],"about":[{"href":"https:\/\/apuntesdesanluis.com\/index.php\/wp-json\/wp\/v2\/types\/post"}],"author":[{"embeddable":true,"href":"https:\/\/apuntesdesanluis.com\/index.php\/wp-json\/wp\/v2\/users\/1"}],"replies":[{"embeddable":true,"href":"https:\/\/apuntesdesanluis.com\/index.php\/wp-json\/wp\/v2\/comments?post=19698"}],"version-history":[{"count":1,"href":"https:\/\/apuntesdesanluis.com\/index.php\/wp-json\/wp\/v2\/posts\/19698\/revisions"}],"predecessor-version":[{"id":19700,"href":"https:\/\/apuntesdesanluis.com\/index.php\/wp-json\/wp\/v2\/posts\/19698\/revisions\/19700"}],"wp:featuredmedia":[{"embeddable":true,"href":"https:\/\/apuntesdesanluis.com\/index.php\/wp-json\/wp\/v2\/media\/19699"}],"wp:attachment":[{"href":"https:\/\/apuntesdesanluis.com\/index.php\/wp-json\/wp\/v2\/media?parent=19698"}],"wp:term":[{"taxonomy":"category","embeddable":true,"href":"https:\/\/apuntesdesanluis.com\/index.php\/wp-json\/wp\/v2\/categories?post=19698"},{"taxonomy":"post_tag","embeddable":true,"href":"https:\/\/apuntesdesanluis.com\/index.php\/wp-json\/wp\/v2\/tags?post=19698"}],"curies":[{"name":"wp","href":"https:\/\/api.w.org\/{rel}","templated":true}]}}