{"id":1972,"date":"2023-08-23T12:41:05","date_gmt":"2023-08-23T15:41:05","guid":{"rendered":"https:\/\/apuntesdesanluis.com\/?p=1972"},"modified":"2023-08-23T12:44:28","modified_gmt":"2023-08-23T15:44:28","slug":"denunciaron-a-raul-castells-por-incitar-a-realizar-saqueos","status":"publish","type":"post","link":"https:\/\/apuntesdesanluis.com\/index.php\/2023\/08\/23\/denunciaron-a-raul-castells-por-incitar-a-realizar-saqueos\/","title":{"rendered":"DENUNCIARON A RA\u00daL CASTELLS POR INCITAR A REALIZAR SAQUEOS"},"content":{"rendered":"<h3>El piquetero <strong>Ra\u00fal Castells<\/strong> fue denunciado hoy ante la Justicia Federal por incitar a cometer saqueos en la provincia de Buenos Aires y otros puntos del pa\u00eds, a partir de un reportaje televisivo en el que reconoci\u00f3 haber hecho la convocatoria.<\/h3>\n<h3>La denuncia la hicieron Yamil Santoro, Juan Mart\u00edn Fazio, Mar\u00eda del Rosario Cisneros y Facundo Sapienza y la misma, por sorteo, recay\u00f3 en el Juzgado Federal 6 de Comodoro Py.<\/h3>\n<h3>Seg\u00fan la presentaci\u00f3n, Castells es acusado por instigar a \u201ccometer robos\u201d luego de que \u00e9l mismo lo dijo en una entrevista televisiva: &#8220;La gente est\u00e1 saliendo a buscar comida y, si no encuentra comida, nosotros, que somos los que estamos convocando a esto, le estamos diciendo que, sin robar plata ni romper nada, que lleven lo que se pueda, aunque sea para canjear por comida&#8221;.<\/h3>\n<p><iframe title=\"Ra\u00fal Castells admiti\u00f3 que incentiv\u00f3 los saqueos: \u201cLes estamos diciendo que se lleven lo que puedan\u201d\" width=\"640\" height=\"360\" src=\"https:\/\/www.youtube.com\/embed\/gCi6k_sg5pY?feature=oembed\" frameborder=\"0\" allow=\"accelerometer; autoplay; clipboard-write; encrypted-media; gyroscope; picture-in-picture; web-share\" referrerpolicy=\"strict-origin-when-cross-origin\" allowfullscreen><\/iframe><\/p>\n<h3>En la denuncia, se lo acusa de violar el art\u00edculo 209 del C\u00f3digo Penal que reprime con prisi\u00f3n de dos a seis a\u00f1os a quien \u201cp\u00fablicamente instigare a cometer un delito determinado contra una persona o instituci\u00f3n\u201d (sic), por el solo hecho de la instigaci\u00f3n, esto es, en el caso de que se produzcan o no, los robos instigados.<\/h3>\n<h3>Los denunciantes acusan que \u201cesa convocatoria general e indiscriminada es apta para provocar los recurrentes sucesos de robo en banda y con armas en comercios de varias ciudades y localidades. Toda vez que el denunciado se expres\u00f3 en plural -como &#8216;nosotros&#8217;-, debe investigarse qu\u00e9 otras personas participaron de la acci\u00f3n t\u00edpica\u201d.<\/h3>\n<h3>Ahora, interviene el juez federal Daniel Rafecas y la fiscal\u00eda de Alejandra Mangano y ser\u00e1 esta \u00faltima la que determine si hay elementos para que se investigue a Castells o no por los saqueos.<\/h3>\n<h3>El piquetero, luego de ser denunciado, continu\u00f3 asumiendo la responsabilidad de convocar a los saqueos.<\/h3>\n<p><iframe title=\"RA\u00daL CASTELLS: &quot;Nosotros somos los responsables pol\u00edticos de esto&quot;\" width=\"640\" height=\"360\" src=\"https:\/\/www.youtube.com\/embed\/92nV-h3jVy0?feature=oembed\" frameborder=\"0\" allow=\"accelerometer; autoplay; clipboard-write; encrypted-media; gyroscope; picture-in-picture; web-share\" referrerpolicy=\"strict-origin-when-cross-origin\" allowfullscreen><\/iframe><\/p>\n","protected":false},"excerpt":{"rendered":"<p>El piquetero Ra\u00fal Castells fue denunciado hoy ante la Justicia Federal por incitar a cometer&#8230;<\/p>\n","protected":false},"author":1,"featured_media":1973,"comment_status":"closed","ping_status":"closed","sticky":false,"template":"","format":"standard","meta":{"footnotes":""},"categories":[5],"tags":[],"class_list":["post-1972","post","type-post","status-publish","format-standard","has-post-thumbnail","hentry","category-nacionales-internacionales"],"yoast_head":"<!-- This site is optimized with the Yoast SEO plugin v26.1.1 - https:\/\/yoast.com\/wordpress\/plugins\/seo\/ -->\n<title>DENUNCIARON A RA\u00daL CASTELLS POR INCITAR A REALIZAR SAQUEOS - Apuntes de San Luis<\/title>\n<meta name=\"robots\" content=\"index, follow, max-snippet:-1, max-image-preview:large, max-video-preview:-1\" \/>\n<link rel=\"canonical\" href=\"https:\/\/apuntesdesanluis.com\/index.php\/2023\/08\/23\/denunciaron-a-raul-castells-por-incitar-a-realizar-saqueos\/\" \/>\n<meta property=\"og:locale\" content=\"es_ES\" \/>\n<meta property=\"og:type\" content=\"article\" \/>\n<meta property=\"og:title\" content=\"DENUNCIARON A RA\u00daL CASTELLS POR INCITAR A REALIZAR SAQUEOS - Apuntes de San Luis\" \/>\n<meta property=\"og:description\" content=\"El piquetero Ra\u00fal Castells fue denunciado hoy ante la Justicia Federal por incitar a cometer...\" \/>\n<meta property=\"og:url\" content=\"https:\/\/apuntesdesanluis.com\/index.php\/2023\/08\/23\/denunciaron-a-raul-castells-por-incitar-a-realizar-saqueos\/\" \/>\n<meta property=\"og:site_name\" content=\"Apuntes de San Luis\" \/>\n<meta property=\"article:published_time\" content=\"2023-08-23T15:41:05+00:00\" \/>\n<meta property=\"article:modified_time\" content=\"2023-08-23T15:44:28+00:00\" \/>\n<meta property=\"og:image\" content=\"https:\/\/apuntesdesanluis.com\/wp-content\/uploads\/2023\/08\/raul-castells-piquetero.png\" \/>\n\t<meta property=\"og:image:width\" content=\"580\" \/>\n\t<meta property=\"og:image:height\" content=\"369\" \/>\n\t<meta property=\"og:image:type\" content=\"image\/png\" \/>\n<meta name=\"author\" content=\"apuntesdesanluis.com\" \/>\n<meta name=\"twitter:card\" content=\"summary_large_image\" \/>\n<meta name=\"twitter:label1\" content=\"Escrito por\" \/>\n\t<meta name=\"twitter:data1\" content=\"apuntesdesanluis.com\" \/>\n\t<meta name=\"twitter:label2\" content=\"Tiempo de lectura\" \/>\n\t<meta name=\"twitter:data2\" content=\"2 minutos\" \/>\n<script type=\"application\/ld+json\" class=\"yoast-schema-graph\">{\"@context\":\"https:\/\/schema.org\",\"@graph\":[{\"@type\":\"Article\",\"@id\":\"https:\/\/apuntesdesanluis.com\/index.php\/2023\/08\/23\/denunciaron-a-raul-castells-por-incitar-a-realizar-saqueos\/#article\",\"isPartOf\":{\"@id\":\"https:\/\/apuntesdesanluis.com\/index.php\/2023\/08\/23\/denunciaron-a-raul-castells-por-incitar-a-realizar-saqueos\/\"},\"author\":{\"name\":\"apuntesdesanluis.com\",\"@id\":\"https:\/\/apuntesdesanluis.com\/#\/schema\/person\/b55151d52296fcce64d1a72538a70b90\"},\"headline\":\"DENUNCIARON A RA\u00daL CASTELLS POR INCITAR A REALIZAR SAQUEOS\",\"datePublished\":\"2023-08-23T15:41:05+00:00\",\"dateModified\":\"2023-08-23T15:44:28+00:00\",\"mainEntityOfPage\":{\"@id\":\"https:\/\/apuntesdesanluis.com\/index.php\/2023\/08\/23\/denunciaron-a-raul-castells-por-incitar-a-realizar-saqueos\/\"},\"wordCount\":341,\"publisher\":{\"@id\":\"https:\/\/apuntesdesanluis.com\/#\/schema\/person\/b55151d52296fcce64d1a72538a70b90\"},\"image\":{\"@id\":\"https:\/\/apuntesdesanluis.com\/index.php\/2023\/08\/23\/denunciaron-a-raul-castells-por-incitar-a-realizar-saqueos\/#primaryimage\"},\"thumbnailUrl\":\"https:\/\/apuntesdesanluis.com\/wp-content\/uploads\/2023\/08\/raul-castells-piquetero.png\",\"articleSection\":[\"Nacionales\/Internacionales\"],\"inLanguage\":\"es-AR\"},{\"@type\":\"WebPage\",\"@id\":\"https:\/\/apuntesdesanluis.com\/index.php\/2023\/08\/23\/denunciaron-a-raul-castells-por-incitar-a-realizar-saqueos\/\",\"url\":\"https:\/\/apuntesdesanluis.com\/index.php\/2023\/08\/23\/denunciaron-a-raul-castells-por-incitar-a-realizar-saqueos\/\",\"name\":\"DENUNCIARON A RA\u00daL CASTELLS POR INCITAR A REALIZAR SAQUEOS - Apuntes de San Luis\",\"isPartOf\":{\"@id\":\"https:\/\/apuntesdesanluis.com\/#website\"},\"primaryImageOfPage\":{\"@id\":\"https:\/\/apuntesdesanluis.com\/index.php\/2023\/08\/23\/denunciaron-a-raul-castells-por-incitar-a-realizar-saqueos\/#primaryimage\"},\"image\":{\"@id\":\"https:\/\/apuntesdesanluis.com\/index.php\/2023\/08\/23\/denunciaron-a-raul-castells-por-incitar-a-realizar-saqueos\/#primaryimage\"},\"thumbnailUrl\":\"https:\/\/apuntesdesanluis.com\/wp-content\/uploads\/2023\/08\/raul-castells-piquetero.png\",\"datePublished\":\"2023-08-23T15:41:05+00:00\",\"dateModified\":\"2023-08-23T15:44:28+00:00\",\"breadcrumb\":{\"@id\":\"https:\/\/apuntesdesanluis.com\/index.php\/2023\/08\/23\/denunciaron-a-raul-castells-por-incitar-a-realizar-saqueos\/#breadcrumb\"},\"inLanguage\":\"es-AR\",\"potentialAction\":[{\"@type\":\"ReadAction\",\"target\":[\"https:\/\/apuntesdesanluis.com\/index.php\/2023\/08\/23\/denunciaron-a-raul-castells-por-incitar-a-realizar-saqueos\/\"]}]},{\"@type\":\"ImageObject\",\"inLanguage\":\"es-AR\",\"@id\":\"https:\/\/apuntesdesanluis.com\/index.php\/2023\/08\/23\/denunciaron-a-raul-castells-por-incitar-a-realizar-saqueos\/#primaryimage\",\"url\":\"https:\/\/apuntesdesanluis.com\/wp-content\/uploads\/2023\/08\/raul-castells-piquetero.png\",\"contentUrl\":\"https:\/\/apuntesdesanluis.com\/wp-content\/uploads\/2023\/08\/raul-castells-piquetero.png\",\"width\":580,\"height\":369},{\"@type\":\"BreadcrumbList\",\"@id\":\"https:\/\/apuntesdesanluis.com\/index.php\/2023\/08\/23\/denunciaron-a-raul-castells-por-incitar-a-realizar-saqueos\/#breadcrumb\",\"itemListElement\":[{\"@type\":\"ListItem\",\"position\":1,\"name\":\"Inicio\",\"item\":\"https:\/\/apuntesdesanluis.com\/\"},{\"@type\":\"ListItem\",\"position\":2,\"name\":\"DENUNCIARON A RA\u00daL CASTELLS POR INCITAR A REALIZAR SAQUEOS\"}]},{\"@type\":\"WebSite\",\"@id\":\"https:\/\/apuntesdesanluis.com\/#website\",\"url\":\"https:\/\/apuntesdesanluis.com\/\",\"name\":\"Apuntes de San Luis\",\"description\":\"\",\"publisher\":{\"@id\":\"https:\/\/apuntesdesanluis.com\/#\/schema\/person\/b55151d52296fcce64d1a72538a70b90\"},\"potentialAction\":[{\"@type\":\"SearchAction\",\"target\":{\"@type\":\"EntryPoint\",\"urlTemplate\":\"https:\/\/apuntesdesanluis.com\/?s={search_term_string}\"},\"query-input\":{\"@type\":\"PropertyValueSpecification\",\"valueRequired\":true,\"valueName\":\"search_term_string\"}}],\"inLanguage\":\"es-AR\"},{\"@type\":[\"Person\",\"Organization\"],\"@id\":\"https:\/\/apuntesdesanluis.com\/#\/schema\/person\/b55151d52296fcce64d1a72538a70b90\",\"name\":\"apuntesdesanluis.com\",\"image\":{\"@type\":\"ImageObject\",\"inLanguage\":\"es-AR\",\"@id\":\"https:\/\/apuntesdesanluis.com\/#\/schema\/person\/image\/\",\"url\":\"https:\/\/apuntesdesanluis.com\/wp-content\/uploads\/2023\/07\/cropped-apuntesdesanluis.png\",\"contentUrl\":\"https:\/\/apuntesdesanluis.com\/wp-content\/uploads\/2023\/07\/cropped-apuntesdesanluis.png\",\"width\":450,\"height\":112,\"caption\":\"apuntesdesanluis.com\"},\"logo\":{\"@id\":\"https:\/\/apuntesdesanluis.com\/#\/schema\/person\/image\/\"},\"sameAs\":[\"https:\/\/apuntesdesanluis.com\"],\"url\":\"https:\/\/apuntesdesanluis.com\/index.php\/author\/apuntesdesanluis-com\/\"}]}<\/script>\n<!-- \/ Yoast SEO plugin. -->","yoast_head_json":{"title":"DENUNCIARON A RA\u00daL CASTELLS POR INCITAR A REALIZAR SAQUEOS - Apuntes de San Luis","robots":{"index":"index","follow":"follow","max-snippet":"max-snippet:-1","max-image-preview":"max-image-preview:large","max-video-preview":"max-video-preview:-1"},"canonical":"https:\/\/apuntesdesanluis.com\/index.php\/2023\/08\/23\/denunciaron-a-raul-castells-por-incitar-a-realizar-saqueos\/","og_locale":"es_ES","og_type":"article","og_title":"DENUNCIARON A RA\u00daL CASTELLS POR INCITAR A REALIZAR SAQUEOS - Apuntes de San Luis","og_description":"El piquetero Ra\u00fal Castells fue denunciado hoy ante la Justicia Federal por incitar a cometer...","og_url":"https:\/\/apuntesdesanluis.com\/index.php\/2023\/08\/23\/denunciaron-a-raul-castells-por-incitar-a-realizar-saqueos\/","og_site_name":"Apuntes de San Luis","article_published_time":"2023-08-23T15:41:05+00:00","article_modified_time":"2023-08-23T15:44:28+00:00","og_image":[{"width":580,"height":369,"url":"https:\/\/apuntesdesanluis.com\/wp-content\/uploads\/2023\/08\/raul-castells-piquetero.png","type":"image\/png"}],"author":"apuntesdesanluis.com","twitter_card":"summary_large_image","twitter_misc":{"Escrito por":"apuntesdesanluis.com","Tiempo de lectura":"2 minutos"},"schema":{"@context":"https:\/\/schema.org","@graph":[{"@type":"Article","@id":"https:\/\/apuntesdesanluis.com\/index.php\/2023\/08\/23\/denunciaron-a-raul-castells-por-incitar-a-realizar-saqueos\/#article","isPartOf":{"@id":"https:\/\/apuntesdesanluis.com\/index.php\/2023\/08\/23\/denunciaron-a-raul-castells-por-incitar-a-realizar-saqueos\/"},"author":{"name":"apuntesdesanluis.com","@id":"https:\/\/apuntesdesanluis.com\/#\/schema\/person\/b55151d52296fcce64d1a72538a70b90"},"headline":"DENUNCIARON A RA\u00daL CASTELLS POR INCITAR A REALIZAR SAQUEOS","datePublished":"2023-08-23T15:41:05+00:00","dateModified":"2023-08-23T15:44:28+00:00","mainEntityOfPage":{"@id":"https:\/\/apuntesdesanluis.com\/index.php\/2023\/08\/23\/denunciaron-a-raul-castells-por-incitar-a-realizar-saqueos\/"},"wordCount":341,"publisher":{"@id":"https:\/\/apuntesdesanluis.com\/#\/schema\/person\/b55151d52296fcce64d1a72538a70b90"},"image":{"@id":"https:\/\/apuntesdesanluis.com\/index.php\/2023\/08\/23\/denunciaron-a-raul-castells-por-incitar-a-realizar-saqueos\/#primaryimage"},"thumbnailUrl":"https:\/\/apuntesdesanluis.com\/wp-content\/uploads\/2023\/08\/raul-castells-piquetero.png","articleSection":["Nacionales\/Internacionales"],"inLanguage":"es-AR"},{"@type":"WebPage","@id":"https:\/\/apuntesdesanluis.com\/index.php\/2023\/08\/23\/denunciaron-a-raul-castells-por-incitar-a-realizar-saqueos\/","url":"https:\/\/apuntesdesanluis.com\/index.php\/2023\/08\/23\/denunciaron-a-raul-castells-por-incitar-a-realizar-saqueos\/","name":"DENUNCIARON A RA\u00daL CASTELLS POR INCITAR A REALIZAR SAQUEOS - Apuntes de San Luis","isPartOf":{"@id":"https:\/\/apuntesdesanluis.com\/#website"},"primaryImageOfPage":{"@id":"https:\/\/apuntesdesanluis.com\/index.php\/2023\/08\/23\/denunciaron-a-raul-castells-por-incitar-a-realizar-saqueos\/#primaryimage"},"image":{"@id":"https:\/\/apuntesdesanluis.com\/index.php\/2023\/08\/23\/denunciaron-a-raul-castells-por-incitar-a-realizar-saqueos\/#primaryimage"},"thumbnailUrl":"https:\/\/apuntesdesanluis.com\/wp-content\/uploads\/2023\/08\/raul-castells-piquetero.png","datePublished":"2023-08-23T15:41:05+00:00","dateModified":"2023-08-23T15:44:28+00:00","breadcrumb":{"@id":"https:\/\/apuntesdesanluis.com\/index.php\/2023\/08\/23\/denunciaron-a-raul-castells-por-incitar-a-realizar-saqueos\/#breadcrumb"},"inLanguage":"es-AR","potentialAction":[{"@type":"ReadAction","target":["https:\/\/apuntesdesanluis.com\/index.php\/2023\/08\/23\/denunciaron-a-raul-castells-por-incitar-a-realizar-saqueos\/"]}]},{"@type":"ImageObject","inLanguage":"es-AR","@id":"https:\/\/apuntesdesanluis.com\/index.php\/2023\/08\/23\/denunciaron-a-raul-castells-por-incitar-a-realizar-saqueos\/#primaryimage","url":"https:\/\/apuntesdesanluis.com\/wp-content\/uploads\/2023\/08\/raul-castells-piquetero.png","contentUrl":"https:\/\/apuntesdesanluis.com\/wp-content\/uploads\/2023\/08\/raul-castells-piquetero.png","width":580,"height":369},{"@type":"BreadcrumbList","@id":"https:\/\/apuntesdesanluis.com\/index.php\/2023\/08\/23\/denunciaron-a-raul-castells-por-incitar-a-realizar-saqueos\/#breadcrumb","itemListElement":[{"@type":"ListItem","position":1,"name":"Inicio","item":"https:\/\/apuntesdesanluis.com\/"},{"@type":"ListItem","position":2,"name":"DENUNCIARON A RA\u00daL CASTELLS POR INCITAR A REALIZAR SAQUEOS"}]},{"@type":"WebSite","@id":"https:\/\/apuntesdesanluis.com\/#website","url":"https:\/\/apuntesdesanluis.com\/","name":"Apuntes de San Luis","description":"","publisher":{"@id":"https:\/\/apuntesdesanluis.com\/#\/schema\/person\/b55151d52296fcce64d1a72538a70b90"},"potentialAction":[{"@type":"SearchAction","target":{"@type":"EntryPoint","urlTemplate":"https:\/\/apuntesdesanluis.com\/?s={search_term_string}"},"query-input":{"@type":"PropertyValueSpecification","valueRequired":true,"valueName":"search_term_string"}}],"inLanguage":"es-AR"},{"@type":["Person","Organization"],"@id":"https:\/\/apuntesdesanluis.com\/#\/schema\/person\/b55151d52296fcce64d1a72538a70b90","name":"apuntesdesanluis.com","image":{"@type":"ImageObject","inLanguage":"es-AR","@id":"https:\/\/apuntesdesanluis.com\/#\/schema\/person\/image\/","url":"https:\/\/apuntesdesanluis.com\/wp-content\/uploads\/2023\/07\/cropped-apuntesdesanluis.png","contentUrl":"https:\/\/apuntesdesanluis.com\/wp-content\/uploads\/2023\/07\/cropped-apuntesdesanluis.png","width":450,"height":112,"caption":"apuntesdesanluis.com"},"logo":{"@id":"https:\/\/apuntesdesanluis.com\/#\/schema\/person\/image\/"},"sameAs":["https:\/\/apuntesdesanluis.com"],"url":"https:\/\/apuntesdesanluis.com\/index.php\/author\/apuntesdesanluis-com\/"}]}},"featured_image_urls":{"full":["https:\/\/apuntesdesanluis.com\/wp-content\/uploads\/2023\/08\/raul-castells-piquetero.png",580,369,false],"thumbnail":["https:\/\/apuntesdesanluis.com\/wp-content\/uploads\/2023\/08\/raul-castells-piquetero-150x150.png",150,150,true],"medium":["https:\/\/apuntesdesanluis.com\/wp-content\/uploads\/2023\/08\/raul-castells-piquetero-300x191.png",300,191,true],"medium_large":["https:\/\/apuntesdesanluis.com\/wp-content\/uploads\/2023\/08\/raul-castells-piquetero.png",580,369,false],"large":["https:\/\/apuntesdesanluis.com\/wp-content\/uploads\/2023\/08\/raul-castells-piquetero.png",580,369,false],"1536x1536":["https:\/\/apuntesdesanluis.com\/wp-content\/uploads\/2023\/08\/raul-castells-piquetero.png",580,369,false],"2048x2048":["https:\/\/apuntesdesanluis.com\/wp-content\/uploads\/2023\/08\/raul-castells-piquetero.png",580,369,false],"newsever-slider-full":["https:\/\/apuntesdesanluis.com\/wp-content\/uploads\/2023\/08\/raul-castells-piquetero.png",580,369,false],"newsever-featured":["https:\/\/apuntesdesanluis.com\/wp-content\/uploads\/2023\/08\/raul-castells-piquetero.png",580,369,false],"newsever-medium":["https:\/\/apuntesdesanluis.com\/wp-content\/uploads\/2023\/08\/raul-castells-piquetero.png",580,369,false]},"author_info":{"display_name":"apuntesdesanluis.com","author_link":"https:\/\/apuntesdesanluis.com\/index.php\/author\/apuntesdesanluis-com\/"},"category_info":"<a href=\"https:\/\/apuntesdesanluis.com\/index.php\/category\/nacionales-internacionales\/\" rel=\"category tag\">Nacionales\/Internacionales<\/a>","tag_info":"Nacionales\/Internacionales","comment_count":"0","_links":{"self":[{"href":"https:\/\/apuntesdesanluis.com\/index.php\/wp-json\/wp\/v2\/posts\/1972","targetHints":{"allow":["GET"]}}],"collection":[{"href":"https:\/\/apuntesdesanluis.com\/index.php\/wp-json\/wp\/v2\/posts"}],"about":[{"href":"https:\/\/apuntesdesanluis.com\/index.php\/wp-json\/wp\/v2\/types\/post"}],"author":[{"embeddable":true,"href":"https:\/\/apuntesdesanluis.com\/index.php\/wp-json\/wp\/v2\/users\/1"}],"replies":[{"embeddable":true,"href":"https:\/\/apuntesdesanluis.com\/index.php\/wp-json\/wp\/v2\/comments?post=1972"}],"version-history":[{"count":3,"href":"https:\/\/apuntesdesanluis.com\/index.php\/wp-json\/wp\/v2\/posts\/1972\/revisions"}],"predecessor-version":[{"id":1976,"href":"https:\/\/apuntesdesanluis.com\/index.php\/wp-json\/wp\/v2\/posts\/1972\/revisions\/1976"}],"wp:featuredmedia":[{"embeddable":true,"href":"https:\/\/apuntesdesanluis.com\/index.php\/wp-json\/wp\/v2\/media\/1973"}],"wp:attachment":[{"href":"https:\/\/apuntesdesanluis.com\/index.php\/wp-json\/wp\/v2\/media?parent=1972"}],"wp:term":[{"taxonomy":"category","embeddable":true,"href":"https:\/\/apuntesdesanluis.com\/index.php\/wp-json\/wp\/v2\/categories?post=1972"},{"taxonomy":"post_tag","embeddable":true,"href":"https:\/\/apuntesdesanluis.com\/index.php\/wp-json\/wp\/v2\/tags?post=1972"}],"curies":[{"name":"wp","href":"https:\/\/api.w.org\/{rel}","templated":true}]}}