{"id":19720,"date":"2024-07-23T18:50:50","date_gmt":"2024-07-23T21:50:50","guid":{"rendered":"https:\/\/apuntesdesanluis.com\/?p=19720"},"modified":"2024-07-23T18:59:15","modified_gmt":"2024-07-23T21:59:15","slug":"invitan-a-celebrar-los-100-anos-del-tanque-de-obras-sanitarias","status":"publish","type":"post","link":"https:\/\/apuntesdesanluis.com\/index.php\/2024\/07\/23\/invitan-a-celebrar-los-100-anos-del-tanque-de-obras-sanitarias\/","title":{"rendered":"INVITAN A CELEBRAR LOS 100 A\u00d1OS DEL TANQUE DE OBRAS SANITARIAS"},"content":{"rendered":"<h3>El ic\u00f3nico tanque ubicado en pleno centro de Villa Mercedes, que recientente fuera limpiado por dentro, cumple su centenario y se yergue vigoroso como uno de los principales s\u00edmbolos de la ciudad y de su historia.<\/h3>\n<h3>El festejo principal ser\u00e1 este <strong>viernes 26<\/strong> en el <strong>Paseo del Tanque<\/strong> (Balcarce 416). A partir de las 16:30 habr\u00e1 una previa con m\u00fasica de DJ en vivo y un paseo de emprendedores. Tambi\u00e9n estar\u00e1 abierta una muestra de planos hist\u00f3ricos.<\/h3>\n<h3>A las 18 dar\u00e1 comienzo al acto oficial. Se ha preparado una grilla con artistas que interpretar\u00e1n canciones de nuestro repertorio folcl\u00f3rico, pero tambi\u00e9n habr\u00e1 algunas sorpresas y hasta un tema in\u00e9dito. Adem\u00e1s, habr\u00e1 danza y algunos reconocimientos.<\/h3>\n<p><img fetchpriority=\"high\" decoding=\"async\" class=\"wp-image-19721 aligncenter\" src=\"https:\/\/apuntesdesanluis.com\/wp-content\/uploads\/2024\/07\/tarjeta-tanque-248x300.png\" alt=\"\" width=\"536\" height=\"648\" srcset=\"https:\/\/apuntesdesanluis.com\/wp-content\/uploads\/2024\/07\/tarjeta-tanque-248x300.png 248w, https:\/\/apuntesdesanluis.com\/wp-content\/uploads\/2024\/07\/tarjeta-tanque.png 649w\" sizes=\"(max-width: 536px) 100vw, 536px\" \/><\/p>\n<h3>Previendo que ser\u00e1 una jornada fr\u00eda, los organizadores han previsto un riqu\u00edsimo chocolate para beber y calentar el cuerpo y, por supuesto. el corte de la torta de \u00a1Feliz Cumplea\u00f1os!<\/h3>\n<h3>Este encuentro es organizado en conjunto por la empresa Obras Sanitarias y el Municipio, a trav\u00e9s del trabajo de la Secretar\u00eda General de Cultura, Turismo y Deporte, la Subsecretar\u00eda de Cultura y la Secretar\u00eda de Producci\u00f3n, Medio Ambiente y Tecnolog\u00eda, entre otras \u00e1reas.<\/h3>\n<h3><span style=\"color: #3366ff;\"><strong>NOTICIA RELACIONADA:<\/strong><\/span><\/h3>\n<p><a href=\"https:\/\/apuntesdesanluis.com\/index.php\/2024\/07\/13\/se-concreto-la-historica-limpieza-del-tanque-de-obras-sanitarias\/\" target=\"_blank\" rel=\"noopener\"><img decoding=\"async\" class=\"alignnone wp-image-19725\" src=\"https:\/\/apuntesdesanluis.com\/wp-content\/uploads\/2024\/07\/POSTEO-9-300x207.png\" alt=\"\" width=\"487\" height=\"336\" srcset=\"https:\/\/apuntesdesanluis.com\/wp-content\/uploads\/2024\/07\/POSTEO-9-300x207.png 300w, https:\/\/apuntesdesanluis.com\/wp-content\/uploads\/2024\/07\/POSTEO-9.png 600w\" sizes=\"(max-width: 487px) 100vw, 487px\" \/><\/a><\/p>\n<p>&nbsp;<\/p>\n<p>&nbsp;<\/p>\n","protected":false},"excerpt":{"rendered":"<p>El ic\u00f3nico tanque ubicado en pleno centro de Villa Mercedes, que recientente fuera limpiado por&#8230;<\/p>\n","protected":false},"author":1,"featured_media":18270,"comment_status":"closed","ping_status":"closed","sticky":false,"template":"","format":"standard","meta":{"footnotes":""},"categories":[6],"tags":[],"class_list":["post-19720","post","type-post","status-publish","format-standard","has-post-thumbnail","hentry","category-ciudad-provincia"],"yoast_head":"<!-- This site is optimized with the Yoast SEO plugin v26.1.1 - https:\/\/yoast.com\/wordpress\/plugins\/seo\/ -->\n<title>INVITAN A CELEBRAR LOS 100 A\u00d1OS DEL TANQUE DE OBRAS SANITARIAS - Apuntes de San Luis<\/title>\n<meta name=\"robots\" content=\"index, follow, max-snippet:-1, max-image-preview:large, max-video-preview:-1\" \/>\n<link rel=\"canonical\" href=\"https:\/\/apuntesdesanluis.com\/index.php\/2024\/07\/23\/invitan-a-celebrar-los-100-anos-del-tanque-de-obras-sanitarias\/\" \/>\n<meta property=\"og:locale\" content=\"es_ES\" \/>\n<meta property=\"og:type\" content=\"article\" \/>\n<meta property=\"og:title\" content=\"INVITAN A CELEBRAR LOS 100 A\u00d1OS DEL TANQUE DE OBRAS SANITARIAS - Apuntes de San Luis\" \/>\n<meta property=\"og:description\" content=\"El ic\u00f3nico tanque ubicado en pleno centro de Villa Mercedes, que recientente fuera limpiado por...\" \/>\n<meta property=\"og:url\" content=\"https:\/\/apuntesdesanluis.com\/index.php\/2024\/07\/23\/invitan-a-celebrar-los-100-anos-del-tanque-de-obras-sanitarias\/\" \/>\n<meta property=\"og:site_name\" content=\"Apuntes de San Luis\" \/>\n<meta property=\"article:published_time\" content=\"2024-07-23T21:50:50+00:00\" \/>\n<meta property=\"article:modified_time\" content=\"2024-07-23T21:59:15+00:00\" \/>\n<meta property=\"og:image\" content=\"https:\/\/apuntesdesanluis.com\/wp-content\/uploads\/2024\/06\/tanque.jpg\" \/>\n\t<meta property=\"og:image:width\" content=\"700\" \/>\n\t<meta property=\"og:image:height\" content=\"396\" \/>\n\t<meta property=\"og:image:type\" content=\"image\/jpeg\" \/>\n<meta name=\"author\" content=\"apuntesdesanluis.com\" \/>\n<meta name=\"twitter:card\" content=\"summary_large_image\" \/>\n<meta name=\"twitter:label1\" content=\"Escrito por\" \/>\n\t<meta name=\"twitter:data1\" content=\"apuntesdesanluis.com\" \/>\n\t<meta name=\"twitter:label2\" content=\"Tiempo de lectura\" \/>\n\t<meta name=\"twitter:data2\" content=\"2 minutos\" \/>\n<script type=\"application\/ld+json\" class=\"yoast-schema-graph\">{\"@context\":\"https:\/\/schema.org\",\"@graph\":[{\"@type\":\"Article\",\"@id\":\"https:\/\/apuntesdesanluis.com\/index.php\/2024\/07\/23\/invitan-a-celebrar-los-100-anos-del-tanque-de-obras-sanitarias\/#article\",\"isPartOf\":{\"@id\":\"https:\/\/apuntesdesanluis.com\/index.php\/2024\/07\/23\/invitan-a-celebrar-los-100-anos-del-tanque-de-obras-sanitarias\/\"},\"author\":{\"name\":\"apuntesdesanluis.com\",\"@id\":\"https:\/\/apuntesdesanluis.com\/#\/schema\/person\/b55151d52296fcce64d1a72538a70b90\"},\"headline\":\"INVITAN A CELEBRAR LOS 100 A\u00d1OS DEL TANQUE DE OBRAS SANITARIAS\",\"datePublished\":\"2024-07-23T21:50:50+00:00\",\"dateModified\":\"2024-07-23T21:59:15+00:00\",\"mainEntityOfPage\":{\"@id\":\"https:\/\/apuntesdesanluis.com\/index.php\/2024\/07\/23\/invitan-a-celebrar-los-100-anos-del-tanque-de-obras-sanitarias\/\"},\"wordCount\":218,\"publisher\":{\"@id\":\"https:\/\/apuntesdesanluis.com\/#\/schema\/person\/b55151d52296fcce64d1a72538a70b90\"},\"image\":{\"@id\":\"https:\/\/apuntesdesanluis.com\/index.php\/2024\/07\/23\/invitan-a-celebrar-los-100-anos-del-tanque-de-obras-sanitarias\/#primaryimage\"},\"thumbnailUrl\":\"https:\/\/apuntesdesanluis.com\/wp-content\/uploads\/2024\/06\/tanque.jpg\",\"articleSection\":[\"Ciudad\/Provincia\"],\"inLanguage\":\"es-AR\"},{\"@type\":\"WebPage\",\"@id\":\"https:\/\/apuntesdesanluis.com\/index.php\/2024\/07\/23\/invitan-a-celebrar-los-100-anos-del-tanque-de-obras-sanitarias\/\",\"url\":\"https:\/\/apuntesdesanluis.com\/index.php\/2024\/07\/23\/invitan-a-celebrar-los-100-anos-del-tanque-de-obras-sanitarias\/\",\"name\":\"INVITAN A CELEBRAR LOS 100 A\u00d1OS DEL TANQUE DE OBRAS SANITARIAS - Apuntes de San Luis\",\"isPartOf\":{\"@id\":\"https:\/\/apuntesdesanluis.com\/#website\"},\"primaryImageOfPage\":{\"@id\":\"https:\/\/apuntesdesanluis.com\/index.php\/2024\/07\/23\/invitan-a-celebrar-los-100-anos-del-tanque-de-obras-sanitarias\/#primaryimage\"},\"image\":{\"@id\":\"https:\/\/apuntesdesanluis.com\/index.php\/2024\/07\/23\/invitan-a-celebrar-los-100-anos-del-tanque-de-obras-sanitarias\/#primaryimage\"},\"thumbnailUrl\":\"https:\/\/apuntesdesanluis.com\/wp-content\/uploads\/2024\/06\/tanque.jpg\",\"datePublished\":\"2024-07-23T21:50:50+00:00\",\"dateModified\":\"2024-07-23T21:59:15+00:00\",\"breadcrumb\":{\"@id\":\"https:\/\/apuntesdesanluis.com\/index.php\/2024\/07\/23\/invitan-a-celebrar-los-100-anos-del-tanque-de-obras-sanitarias\/#breadcrumb\"},\"inLanguage\":\"es-AR\",\"potentialAction\":[{\"@type\":\"ReadAction\",\"target\":[\"https:\/\/apuntesdesanluis.com\/index.php\/2024\/07\/23\/invitan-a-celebrar-los-100-anos-del-tanque-de-obras-sanitarias\/\"]}]},{\"@type\":\"ImageObject\",\"inLanguage\":\"es-AR\",\"@id\":\"https:\/\/apuntesdesanluis.com\/index.php\/2024\/07\/23\/invitan-a-celebrar-los-100-anos-del-tanque-de-obras-sanitarias\/#primaryimage\",\"url\":\"https:\/\/apuntesdesanluis.com\/wp-content\/uploads\/2024\/06\/tanque.jpg\",\"contentUrl\":\"https:\/\/apuntesdesanluis.com\/wp-content\/uploads\/2024\/06\/tanque.jpg\",\"width\":700,\"height\":396},{\"@type\":\"BreadcrumbList\",\"@id\":\"https:\/\/apuntesdesanluis.com\/index.php\/2024\/07\/23\/invitan-a-celebrar-los-100-anos-del-tanque-de-obras-sanitarias\/#breadcrumb\",\"itemListElement\":[{\"@type\":\"ListItem\",\"position\":1,\"name\":\"Inicio\",\"item\":\"https:\/\/apuntesdesanluis.com\/\"},{\"@type\":\"ListItem\",\"position\":2,\"name\":\"INVITAN A CELEBRAR LOS 100 A\u00d1OS DEL TANQUE DE OBRAS SANITARIAS\"}]},{\"@type\":\"WebSite\",\"@id\":\"https:\/\/apuntesdesanluis.com\/#website\",\"url\":\"https:\/\/apuntesdesanluis.com\/\",\"name\":\"Apuntes de San Luis\",\"description\":\"\",\"publisher\":{\"@id\":\"https:\/\/apuntesdesanluis.com\/#\/schema\/person\/b55151d52296fcce64d1a72538a70b90\"},\"potentialAction\":[{\"@type\":\"SearchAction\",\"target\":{\"@type\":\"EntryPoint\",\"urlTemplate\":\"https:\/\/apuntesdesanluis.com\/?s={search_term_string}\"},\"query-input\":{\"@type\":\"PropertyValueSpecification\",\"valueRequired\":true,\"valueName\":\"search_term_string\"}}],\"inLanguage\":\"es-AR\"},{\"@type\":[\"Person\",\"Organization\"],\"@id\":\"https:\/\/apuntesdesanluis.com\/#\/schema\/person\/b55151d52296fcce64d1a72538a70b90\",\"name\":\"apuntesdesanluis.com\",\"image\":{\"@type\":\"ImageObject\",\"inLanguage\":\"es-AR\",\"@id\":\"https:\/\/apuntesdesanluis.com\/#\/schema\/person\/image\/\",\"url\":\"https:\/\/apuntesdesanluis.com\/wp-content\/uploads\/2023\/07\/cropped-apuntesdesanluis.png\",\"contentUrl\":\"https:\/\/apuntesdesanluis.com\/wp-content\/uploads\/2023\/07\/cropped-apuntesdesanluis.png\",\"width\":450,\"height\":112,\"caption\":\"apuntesdesanluis.com\"},\"logo\":{\"@id\":\"https:\/\/apuntesdesanluis.com\/#\/schema\/person\/image\/\"},\"sameAs\":[\"https:\/\/apuntesdesanluis.com\"],\"url\":\"https:\/\/apuntesdesanluis.com\/index.php\/author\/apuntesdesanluis-com\/\"}]}<\/script>\n<!-- \/ Yoast SEO plugin. -->","yoast_head_json":{"title":"INVITAN A CELEBRAR LOS 100 A\u00d1OS DEL TANQUE DE OBRAS SANITARIAS - Apuntes de San Luis","robots":{"index":"index","follow":"follow","max-snippet":"max-snippet:-1","max-image-preview":"max-image-preview:large","max-video-preview":"max-video-preview:-1"},"canonical":"https:\/\/apuntesdesanluis.com\/index.php\/2024\/07\/23\/invitan-a-celebrar-los-100-anos-del-tanque-de-obras-sanitarias\/","og_locale":"es_ES","og_type":"article","og_title":"INVITAN A CELEBRAR LOS 100 A\u00d1OS DEL TANQUE DE OBRAS SANITARIAS - Apuntes de San Luis","og_description":"El ic\u00f3nico tanque ubicado en pleno centro de Villa Mercedes, que recientente fuera limpiado por...","og_url":"https:\/\/apuntesdesanluis.com\/index.php\/2024\/07\/23\/invitan-a-celebrar-los-100-anos-del-tanque-de-obras-sanitarias\/","og_site_name":"Apuntes de San Luis","article_published_time":"2024-07-23T21:50:50+00:00","article_modified_time":"2024-07-23T21:59:15+00:00","og_image":[{"width":700,"height":396,"url":"https:\/\/apuntesdesanluis.com\/wp-content\/uploads\/2024\/06\/tanque.jpg","type":"image\/jpeg"}],"author":"apuntesdesanluis.com","twitter_card":"summary_large_image","twitter_misc":{"Escrito por":"apuntesdesanluis.com","Tiempo de lectura":"2 minutos"},"schema":{"@context":"https:\/\/schema.org","@graph":[{"@type":"Article","@id":"https:\/\/apuntesdesanluis.com\/index.php\/2024\/07\/23\/invitan-a-celebrar-los-100-anos-del-tanque-de-obras-sanitarias\/#article","isPartOf":{"@id":"https:\/\/apuntesdesanluis.com\/index.php\/2024\/07\/23\/invitan-a-celebrar-los-100-anos-del-tanque-de-obras-sanitarias\/"},"author":{"name":"apuntesdesanluis.com","@id":"https:\/\/apuntesdesanluis.com\/#\/schema\/person\/b55151d52296fcce64d1a72538a70b90"},"headline":"INVITAN A CELEBRAR LOS 100 A\u00d1OS DEL TANQUE DE OBRAS SANITARIAS","datePublished":"2024-07-23T21:50:50+00:00","dateModified":"2024-07-23T21:59:15+00:00","mainEntityOfPage":{"@id":"https:\/\/apuntesdesanluis.com\/index.php\/2024\/07\/23\/invitan-a-celebrar-los-100-anos-del-tanque-de-obras-sanitarias\/"},"wordCount":218,"publisher":{"@id":"https:\/\/apuntesdesanluis.com\/#\/schema\/person\/b55151d52296fcce64d1a72538a70b90"},"image":{"@id":"https:\/\/apuntesdesanluis.com\/index.php\/2024\/07\/23\/invitan-a-celebrar-los-100-anos-del-tanque-de-obras-sanitarias\/#primaryimage"},"thumbnailUrl":"https:\/\/apuntesdesanluis.com\/wp-content\/uploads\/2024\/06\/tanque.jpg","articleSection":["Ciudad\/Provincia"],"inLanguage":"es-AR"},{"@type":"WebPage","@id":"https:\/\/apuntesdesanluis.com\/index.php\/2024\/07\/23\/invitan-a-celebrar-los-100-anos-del-tanque-de-obras-sanitarias\/","url":"https:\/\/apuntesdesanluis.com\/index.php\/2024\/07\/23\/invitan-a-celebrar-los-100-anos-del-tanque-de-obras-sanitarias\/","name":"INVITAN A CELEBRAR LOS 100 A\u00d1OS DEL TANQUE DE OBRAS SANITARIAS - Apuntes de San Luis","isPartOf":{"@id":"https:\/\/apuntesdesanluis.com\/#website"},"primaryImageOfPage":{"@id":"https:\/\/apuntesdesanluis.com\/index.php\/2024\/07\/23\/invitan-a-celebrar-los-100-anos-del-tanque-de-obras-sanitarias\/#primaryimage"},"image":{"@id":"https:\/\/apuntesdesanluis.com\/index.php\/2024\/07\/23\/invitan-a-celebrar-los-100-anos-del-tanque-de-obras-sanitarias\/#primaryimage"},"thumbnailUrl":"https:\/\/apuntesdesanluis.com\/wp-content\/uploads\/2024\/06\/tanque.jpg","datePublished":"2024-07-23T21:50:50+00:00","dateModified":"2024-07-23T21:59:15+00:00","breadcrumb":{"@id":"https:\/\/apuntesdesanluis.com\/index.php\/2024\/07\/23\/invitan-a-celebrar-los-100-anos-del-tanque-de-obras-sanitarias\/#breadcrumb"},"inLanguage":"es-AR","potentialAction":[{"@type":"ReadAction","target":["https:\/\/apuntesdesanluis.com\/index.php\/2024\/07\/23\/invitan-a-celebrar-los-100-anos-del-tanque-de-obras-sanitarias\/"]}]},{"@type":"ImageObject","inLanguage":"es-AR","@id":"https:\/\/apuntesdesanluis.com\/index.php\/2024\/07\/23\/invitan-a-celebrar-los-100-anos-del-tanque-de-obras-sanitarias\/#primaryimage","url":"https:\/\/apuntesdesanluis.com\/wp-content\/uploads\/2024\/06\/tanque.jpg","contentUrl":"https:\/\/apuntesdesanluis.com\/wp-content\/uploads\/2024\/06\/tanque.jpg","width":700,"height":396},{"@type":"BreadcrumbList","@id":"https:\/\/apuntesdesanluis.com\/index.php\/2024\/07\/23\/invitan-a-celebrar-los-100-anos-del-tanque-de-obras-sanitarias\/#breadcrumb","itemListElement":[{"@type":"ListItem","position":1,"name":"Inicio","item":"https:\/\/apuntesdesanluis.com\/"},{"@type":"ListItem","position":2,"name":"INVITAN A CELEBRAR LOS 100 A\u00d1OS DEL TANQUE DE OBRAS SANITARIAS"}]},{"@type":"WebSite","@id":"https:\/\/apuntesdesanluis.com\/#website","url":"https:\/\/apuntesdesanluis.com\/","name":"Apuntes de San Luis","description":"","publisher":{"@id":"https:\/\/apuntesdesanluis.com\/#\/schema\/person\/b55151d52296fcce64d1a72538a70b90"},"potentialAction":[{"@type":"SearchAction","target":{"@type":"EntryPoint","urlTemplate":"https:\/\/apuntesdesanluis.com\/?s={search_term_string}"},"query-input":{"@type":"PropertyValueSpecification","valueRequired":true,"valueName":"search_term_string"}}],"inLanguage":"es-AR"},{"@type":["Person","Organization"],"@id":"https:\/\/apuntesdesanluis.com\/#\/schema\/person\/b55151d52296fcce64d1a72538a70b90","name":"apuntesdesanluis.com","image":{"@type":"ImageObject","inLanguage":"es-AR","@id":"https:\/\/apuntesdesanluis.com\/#\/schema\/person\/image\/","url":"https:\/\/apuntesdesanluis.com\/wp-content\/uploads\/2023\/07\/cropped-apuntesdesanluis.png","contentUrl":"https:\/\/apuntesdesanluis.com\/wp-content\/uploads\/2023\/07\/cropped-apuntesdesanluis.png","width":450,"height":112,"caption":"apuntesdesanluis.com"},"logo":{"@id":"https:\/\/apuntesdesanluis.com\/#\/schema\/person\/image\/"},"sameAs":["https:\/\/apuntesdesanluis.com"],"url":"https:\/\/apuntesdesanluis.com\/index.php\/author\/apuntesdesanluis-com\/"}]}},"featured_image_urls":{"full":["https:\/\/apuntesdesanluis.com\/wp-content\/uploads\/2024\/06\/tanque.jpg",700,396,false],"thumbnail":["https:\/\/apuntesdesanluis.com\/wp-content\/uploads\/2024\/06\/tanque-150x150.jpg",150,150,true],"medium":["https:\/\/apuntesdesanluis.com\/wp-content\/uploads\/2024\/06\/tanque-300x170.jpg",300,170,true],"medium_large":["https:\/\/apuntesdesanluis.com\/wp-content\/uploads\/2024\/06\/tanque.jpg",640,362,false],"large":["https:\/\/apuntesdesanluis.com\/wp-content\/uploads\/2024\/06\/tanque.jpg",640,362,false],"1536x1536":["https:\/\/apuntesdesanluis.com\/wp-content\/uploads\/2024\/06\/tanque.jpg",700,396,false],"2048x2048":["https:\/\/apuntesdesanluis.com\/wp-content\/uploads\/2024\/06\/tanque.jpg",700,396,false],"newsever-slider-full":["https:\/\/apuntesdesanluis.com\/wp-content\/uploads\/2024\/06\/tanque.jpg",700,396,false],"newsever-featured":["https:\/\/apuntesdesanluis.com\/wp-content\/uploads\/2024\/06\/tanque.jpg",700,396,false],"newsever-medium":["https:\/\/apuntesdesanluis.com\/wp-content\/uploads\/2024\/06\/tanque.jpg",700,396,false]},"author_info":{"display_name":"apuntesdesanluis.com","author_link":"https:\/\/apuntesdesanluis.com\/index.php\/author\/apuntesdesanluis-com\/"},"category_info":"<a href=\"https:\/\/apuntesdesanluis.com\/index.php\/category\/ciudad-provincia\/\" rel=\"category tag\">Ciudad\/Provincia<\/a>","tag_info":"Ciudad\/Provincia","comment_count":"0","_links":{"self":[{"href":"https:\/\/apuntesdesanluis.com\/index.php\/wp-json\/wp\/v2\/posts\/19720","targetHints":{"allow":["GET"]}}],"collection":[{"href":"https:\/\/apuntesdesanluis.com\/index.php\/wp-json\/wp\/v2\/posts"}],"about":[{"href":"https:\/\/apuntesdesanluis.com\/index.php\/wp-json\/wp\/v2\/types\/post"}],"author":[{"embeddable":true,"href":"https:\/\/apuntesdesanluis.com\/index.php\/wp-json\/wp\/v2\/users\/1"}],"replies":[{"embeddable":true,"href":"https:\/\/apuntesdesanluis.com\/index.php\/wp-json\/wp\/v2\/comments?post=19720"}],"version-history":[{"count":5,"href":"https:\/\/apuntesdesanluis.com\/index.php\/wp-json\/wp\/v2\/posts\/19720\/revisions"}],"predecessor-version":[{"id":19727,"href":"https:\/\/apuntesdesanluis.com\/index.php\/wp-json\/wp\/v2\/posts\/19720\/revisions\/19727"}],"wp:featuredmedia":[{"embeddable":true,"href":"https:\/\/apuntesdesanluis.com\/index.php\/wp-json\/wp\/v2\/media\/18270"}],"wp:attachment":[{"href":"https:\/\/apuntesdesanluis.com\/index.php\/wp-json\/wp\/v2\/media?parent=19720"}],"wp:term":[{"taxonomy":"category","embeddable":true,"href":"https:\/\/apuntesdesanluis.com\/index.php\/wp-json\/wp\/v2\/categories?post=19720"},{"taxonomy":"post_tag","embeddable":true,"href":"https:\/\/apuntesdesanluis.com\/index.php\/wp-json\/wp\/v2\/tags?post=19720"}],"curies":[{"name":"wp","href":"https:\/\/api.w.org\/{rel}","templated":true}]}}