{"id":19731,"date":"2024-07-23T19:50:26","date_gmt":"2024-07-23T22:50:26","guid":{"rendered":"https:\/\/apuntesdesanluis.com\/?p=19731"},"modified":"2024-07-23T20:03:01","modified_gmt":"2024-07-23T23:03:01","slug":"la-nueva-ley-de-blanqueo-de-activos-y-su-impacto-en-la-provincia-de-san-luis","status":"publish","type":"post","link":"https:\/\/apuntesdesanluis.com\/index.php\/2024\/07\/23\/la-nueva-ley-de-blanqueo-de-activos-y-su-impacto-en-la-provincia-de-san-luis\/","title":{"rendered":"LA NUEVA LEY DE BLANQUEO DE ACTIVOS Y SU IMPACTO EN LA PROVINCIA DE SAN LUIS"},"content":{"rendered":"<h3>La Ley 27743, recientemente aprobada por el Congreso de la Naci\u00f3n, marca un hito importante en la esfera fiscal de nuestro pa\u00eds. Como estudio contable e impositivo con a\u00f1os de experiencia en el sector, consideramos que esta ley no solo ofrece una oportunidad crucial para los contribuyentes, sino que tambi\u00e9n tiene el potencial de potenciar la din\u00e1mica econ\u00f3mica de Argentina. En este an\u00e1lisis, exploraremos los aspectos m\u00e1s destacados de esta normativa, su impacto en la provincia de San Luis y las diferencias con los blanqueos anteriores en Argentina.<\/h3>\n<h3>Si bien este tipo\u00a0de amnist\u00edas fiscales pueden considerarse injustas para aquellos contribuyentes cumplidores, son una herramienta com\u00fan en los pa\u00edses que suscriben pactos de intercambio de informaci\u00f3n fiscal, tal es el caso de Argentina, ya que el acuerdo de\u00a0intercambio de informaci\u00f3n fiscal firmado con los Estados Unidos,\u00a0entr\u00f3 en vigencia en el a\u00f1o 2023 y a partir de septiembre de 2024, la AFIP recibir\u00e1 la primera tanda de informaci\u00f3n.<\/h3>\n<h3><strong>UN RESPIRO PARA LOS CONTRIBUYENTES<\/strong><\/h3>\n<h3>El blanqueo fiscal en el marco de la Ley 27743 ofrece una gran oportunidad para muchas personas o empresas residentes en Argentina o en el extranjero, que por diversas razones, tienen bienes y dinero no declarados ante la Administraci\u00f3n Federal de Ingresos P\u00fablicos (AFIP). Este r\u00e9gimen permite a los contribuyentes regularizar su situaci\u00f3n fiscal sin enfrentar las penalidades habituales. La clave est\u00e1 en los beneficios escalonados que ofrece:<\/h3>\n<ul>\n<li>\n<h3>Exenci\u00f3n para montos menores: Los primeros USD 100,000 de activos regularizados est\u00e1n exentos de impuestos. Esta disposici\u00f3n es particularmente atractiva para peque\u00f1os y medianos contribuyentes que buscan poner en orden sus finanzas sin incurrir en costos adicionales.<\/h3>\n<\/li>\n<li>\n<h3>Impuestos progresivos para montos mayores: Para activos superiores a USD 100,000 y con el transcurso de los meses las al\u00edcuotas son progresivas del 5%, 10%, y 15%, por lo que incentivan una r\u00e1pida adhesi\u00f3n al r\u00e9gimen.<\/h3>\n<\/li>\n<\/ul>\n<h3><strong>TRANSPARENCIA Y CONFIANZA<\/strong><\/h3>\n<h3>Uno de los mayores retos en la implementaci\u00f3n de cualquier r\u00e9gimen de regularizaci\u00f3n es la confianza del contribuyente. La Ley 27743 aborda este desaf\u00edo con bastante claridad y transparencia:<\/h3>\n<h3>&#8211; Condiciones claras y beneficios tangibles: Los beneficios de extinci\u00f3n de la acci\u00f3n penal y la exenci\u00f3n de penalidades son claros y espec\u00edficos, lo que reduce la incertidumbre y aumenta la confianza en el proceso.<\/h3>\n<h3>&#8211; Plazos y procedimientos definidos: La ley establece plazos claros para la adhesi\u00f3n y procedimientos transparentes para la valoraci\u00f3n de activos, lo que facilita la planificaci\u00f3n y ejecuci\u00f3n por parte de los contribuyentes.<\/h3>\n<h3>&#8211; Impuesto: El r\u00e9gimen contempla un pago a cuenta del 75% del impuesto especial dentro de las fechas l\u00edmites para manifestar la adhesi\u00f3n. Luego el contribuyente contar\u00e1 con dos meses para presentar la declaraci\u00f3n jurada y abonar el saldo restante del 25%.<\/h3>\n<h3><strong>IMPACTO EN LA PROVINCIA DE SAN LUIS<\/strong><\/h3>\n<h3>En la provincia de San Luis esta ley puede tener un impacto significativo. La regi\u00f3n, conocida por su pujante industria y agricultura, podr\u00eda beneficiarse enormemente de la inyecci\u00f3n de capital regularizado:<\/h3>\n<ul>\n<li>\n<h3>Reactivaci\u00f3n del Mercado Local: Muchos residentes y empresarios de San Luis que tienen dinero u otros bienes no declarados, podr\u00e1n utilizar esta oportunidad para invertir en la econom\u00eda local, especialmente en propiedades e infraestructura. Esto no solo dinamizar\u00e1 el mercado inmobiliario, sino que tambi\u00e9n podr\u00eda generar empleo y crecimiento econ\u00f3mico.<\/h3>\n<\/li>\n<li>\n<h3>Incentivos para la Industria: La posibilidad de regularizar activos permitir\u00e1 a los empresarios locales mejorar sus operaciones y en su caso expandir sus negocios, contribuyendo al desarrollo econ\u00f3mico de la provincia.<\/h3>\n<\/li>\n<\/ul>\n<h3><strong>EXPERIENCIA DE BLANQUEOS ANTERIORES<\/strong><\/h3>\n<h3>Comparando este blanqueo con los anteriores en Argentina, podemos observar varias diferencias claves:<\/h3>\n<h3>&#8211; Blanqueo de 2016: Implementado bajo el gobierno de Mauricio Macri, este programa logr\u00f3 la exteriorizaci\u00f3n de aproximadamente USD 116.700 millones. Una de las principales diferencias fue la posibilidad de blanquear sin ninguna penalidad hasta USD 23,000. En este sentido, es mucho m\u00e1s atractivo el actual r\u00e9gimen.<\/h3>\n<h3>&#8211; Blanqueo de 2009: Este blanqueo, conocido como &#8220;R\u00e9gimen de Regularizaci\u00f3n Impositiva, Promoci\u00f3n y Protecci\u00f3n del Empleo Registrado y Exteriorizaci\u00f3n y Repatriaci\u00f3n de Capitales&#8221;, ofreci\u00f3 menores incentivos y su \u00e9xito fue relativo debido a la desconfianza en las pol\u00edticas fiscales del momento.<\/h3>\n<h3>&#8211; Blanqueo de 2002: Durante la crisis econ\u00f3mica, el &#8220;R\u00e9gimen de Sinceramiento Fiscal&#8221; permiti\u00f3 la regularizaci\u00f3n de activos con condiciones muy laxas, pero la inestabilidad econ\u00f3mica redujo su efectividad.<\/h3>\n<h3>La diferencia principal con la Ley 27743 radica en su enfoque estructurado y progresivo, ofreciendo claras etapas de adhesi\u00f3n y beneficios definidos, lo que podr\u00eda aumentar la confianza y la participaci\u00f3n de los contribuyentes.<\/h3>\n<h3><strong>CONSIDERACIONES FINALES<\/strong><\/h3>\n<h3>Si bien la Ley 27743 presenta una gran oportunidad por los beneficios expuestos, es esencial que los contribuyentes act\u00faen con diligencia y responsabilidad. La asesor\u00eda profesional es crucial para abordar correctamente las complejidades del r\u00e9gimen y maximizar los beneficios disponibles.<\/h3>\n<p>&nbsp;<\/p>\n<h3 style=\"text-align: center;\"><strong>CPN Oscar A. Montero (<\/strong><strong>MP 1161 CPCEPSL).\u00a0<\/strong><\/h3>\n<h3 style=\"text-align: center;\"><em>Responsable Auditoria Pereira y Asoc.<\/em><\/h3>\n<h3 style=\"text-align: center;\"><strong>CPN Fernando Pereira (<\/strong><strong> MP 1111 CPCEPSL).\u00a0<\/strong><\/h3>\n<h3 style=\"text-align: center;\"><em>Director Pereira y Asociados<\/em><\/h3>\n<h3><span style=\"color: #3366ff;\"><strong>BONUS TRACK<\/strong><\/span><\/h3>\n<ul>\n<li>\n<h3><strong>Fechas de cada Etapa del R\u00e9gimen<\/strong><\/h3>\n<\/li>\n<\/ul>\n<p><img fetchpriority=\"high\" decoding=\"async\" class=\"wp-image-19732 aligncenter\" src=\"https:\/\/apuntesdesanluis.com\/wp-content\/uploads\/2024\/07\/FECHA-1-300x122.png\" alt=\"\" width=\"610\" height=\"248\" srcset=\"https:\/\/apuntesdesanluis.com\/wp-content\/uploads\/2024\/07\/FECHA-1-300x122.png 300w, https:\/\/apuntesdesanluis.com\/wp-content\/uploads\/2024\/07\/FECHA-1.png 615w\" sizes=\"(max-width: 610px) 100vw, 610px\" \/><\/p>\n<p><img decoding=\"async\" class=\"wp-image-19733 aligncenter\" src=\"https:\/\/apuntesdesanluis.com\/wp-content\/uploads\/2024\/07\/ETAPAS-300x268.png\" alt=\"\" width=\"608\" height=\"543\" srcset=\"https:\/\/apuntesdesanluis.com\/wp-content\/uploads\/2024\/07\/ETAPAS-300x268.png 300w, https:\/\/apuntesdesanluis.com\/wp-content\/uploads\/2024\/07\/ETAPAS.png 600w\" sizes=\"(max-width: 608px) 100vw, 608px\" \/><\/p>\n<p>&nbsp;<\/p>\n<p><img decoding=\"async\" class=\"wp-image-19736 aligncenter\" src=\"https:\/\/apuntesdesanluis.com\/wp-content\/uploads\/2024\/07\/pereira-y-asociados-300x152.png\" alt=\"\" width=\"513\" height=\"260\" srcset=\"https:\/\/apuntesdesanluis.com\/wp-content\/uploads\/2024\/07\/pereira-y-asociados-300x152.png 300w, https:\/\/apuntesdesanluis.com\/wp-content\/uploads\/2024\/07\/pereira-y-asociados.png 600w\" sizes=\"(max-width: 513px) 100vw, 513px\" \/><\/p>\n<p>&nbsp;<\/p>\n<p>&nbsp;<\/p>\n<p>&nbsp;<\/p>\n<p>&nbsp;<\/p>\n<p>&nbsp;<\/p>\n<p>&nbsp;<\/p>\n","protected":false},"excerpt":{"rendered":"<p>La Ley 27743, recientemente aprobada por el Congreso de la Naci\u00f3n, marca un hito importante&#8230;<\/p>\n","protected":false},"author":1,"featured_media":19734,"comment_status":"closed","ping_status":"closed","sticky":false,"template":"","format":"standard","meta":{"footnotes":""},"categories":[9],"tags":[],"class_list":["post-19731","post","type-post","status-publish","format-standard","has-post-thumbnail","hentry","category-opinion"],"yoast_head":"<!-- This site is optimized with the Yoast SEO plugin v26.1.1 - https:\/\/yoast.com\/wordpress\/plugins\/seo\/ -->\n<title>LA NUEVA LEY DE BLANQUEO DE ACTIVOS Y SU IMPACTO EN LA PROVINCIA DE SAN LUIS - Apuntes de San Luis<\/title>\n<meta name=\"robots\" content=\"index, follow, max-snippet:-1, max-image-preview:large, max-video-preview:-1\" \/>\n<link rel=\"canonical\" href=\"https:\/\/apuntesdesanluis.com\/index.php\/2024\/07\/23\/la-nueva-ley-de-blanqueo-de-activos-y-su-impacto-en-la-provincia-de-san-luis\/\" \/>\n<meta property=\"og:locale\" content=\"es_ES\" \/>\n<meta property=\"og:type\" content=\"article\" \/>\n<meta property=\"og:title\" content=\"LA NUEVA LEY DE BLANQUEO DE ACTIVOS Y SU IMPACTO EN LA PROVINCIA DE SAN LUIS - Apuntes de San Luis\" \/>\n<meta property=\"og:description\" content=\"La Ley 27743, recientemente aprobada por el Congreso de la Naci\u00f3n, marca un hito importante...\" \/>\n<meta property=\"og:url\" content=\"https:\/\/apuntesdesanluis.com\/index.php\/2024\/07\/23\/la-nueva-ley-de-blanqueo-de-activos-y-su-impacto-en-la-provincia-de-san-luis\/\" \/>\n<meta property=\"og:site_name\" content=\"Apuntes de San Luis\" \/>\n<meta property=\"article:published_time\" content=\"2024-07-23T22:50:26+00:00\" \/>\n<meta property=\"article:modified_time\" content=\"2024-07-23T23:03:01+00:00\" \/>\n<meta property=\"og:image\" content=\"https:\/\/apuntesdesanluis.com\/wp-content\/uploads\/2024\/07\/BLANQUEO-DE-ACTIVOS.png\" \/>\n\t<meta property=\"og:image:width\" content=\"700\" \/>\n\t<meta property=\"og:image:height\" content=\"393\" \/>\n\t<meta property=\"og:image:type\" content=\"image\/png\" \/>\n<meta name=\"author\" content=\"apuntesdesanluis.com\" \/>\n<meta name=\"twitter:card\" content=\"summary_large_image\" \/>\n<meta name=\"twitter:label1\" content=\"Escrito por\" \/>\n\t<meta name=\"twitter:data1\" content=\"apuntesdesanluis.com\" \/>\n\t<meta name=\"twitter:label2\" content=\"Tiempo de lectura\" \/>\n\t<meta name=\"twitter:data2\" content=\"5 minutos\" \/>\n<script type=\"application\/ld+json\" class=\"yoast-schema-graph\">{\"@context\":\"https:\/\/schema.org\",\"@graph\":[{\"@type\":\"Article\",\"@id\":\"https:\/\/apuntesdesanluis.com\/index.php\/2024\/07\/23\/la-nueva-ley-de-blanqueo-de-activos-y-su-impacto-en-la-provincia-de-san-luis\/#article\",\"isPartOf\":{\"@id\":\"https:\/\/apuntesdesanluis.com\/index.php\/2024\/07\/23\/la-nueva-ley-de-blanqueo-de-activos-y-su-impacto-en-la-provincia-de-san-luis\/\"},\"author\":{\"name\":\"apuntesdesanluis.com\",\"@id\":\"https:\/\/apuntesdesanluis.com\/#\/schema\/person\/b55151d52296fcce64d1a72538a70b90\"},\"headline\":\"LA NUEVA LEY DE BLANQUEO DE ACTIVOS Y SU IMPACTO EN LA PROVINCIA DE SAN LUIS\",\"datePublished\":\"2024-07-23T22:50:26+00:00\",\"dateModified\":\"2024-07-23T23:03:01+00:00\",\"mainEntityOfPage\":{\"@id\":\"https:\/\/apuntesdesanluis.com\/index.php\/2024\/07\/23\/la-nueva-ley-de-blanqueo-de-activos-y-su-impacto-en-la-provincia-de-san-luis\/\"},\"wordCount\":884,\"publisher\":{\"@id\":\"https:\/\/apuntesdesanluis.com\/#\/schema\/person\/b55151d52296fcce64d1a72538a70b90\"},\"image\":{\"@id\":\"https:\/\/apuntesdesanluis.com\/index.php\/2024\/07\/23\/la-nueva-ley-de-blanqueo-de-activos-y-su-impacto-en-la-provincia-de-san-luis\/#primaryimage\"},\"thumbnailUrl\":\"https:\/\/apuntesdesanluis.com\/wp-content\/uploads\/2024\/07\/BLANQUEO-DE-ACTIVOS.png\",\"articleSection\":[\"Opini\u00f3n\"],\"inLanguage\":\"es-AR\"},{\"@type\":\"WebPage\",\"@id\":\"https:\/\/apuntesdesanluis.com\/index.php\/2024\/07\/23\/la-nueva-ley-de-blanqueo-de-activos-y-su-impacto-en-la-provincia-de-san-luis\/\",\"url\":\"https:\/\/apuntesdesanluis.com\/index.php\/2024\/07\/23\/la-nueva-ley-de-blanqueo-de-activos-y-su-impacto-en-la-provincia-de-san-luis\/\",\"name\":\"LA NUEVA LEY DE BLANQUEO DE ACTIVOS Y SU IMPACTO EN LA PROVINCIA DE SAN LUIS - Apuntes de San Luis\",\"isPartOf\":{\"@id\":\"https:\/\/apuntesdesanluis.com\/#website\"},\"primaryImageOfPage\":{\"@id\":\"https:\/\/apuntesdesanluis.com\/index.php\/2024\/07\/23\/la-nueva-ley-de-blanqueo-de-activos-y-su-impacto-en-la-provincia-de-san-luis\/#primaryimage\"},\"image\":{\"@id\":\"https:\/\/apuntesdesanluis.com\/index.php\/2024\/07\/23\/la-nueva-ley-de-blanqueo-de-activos-y-su-impacto-en-la-provincia-de-san-luis\/#primaryimage\"},\"thumbnailUrl\":\"https:\/\/apuntesdesanluis.com\/wp-content\/uploads\/2024\/07\/BLANQUEO-DE-ACTIVOS.png\",\"datePublished\":\"2024-07-23T22:50:26+00:00\",\"dateModified\":\"2024-07-23T23:03:01+00:00\",\"breadcrumb\":{\"@id\":\"https:\/\/apuntesdesanluis.com\/index.php\/2024\/07\/23\/la-nueva-ley-de-blanqueo-de-activos-y-su-impacto-en-la-provincia-de-san-luis\/#breadcrumb\"},\"inLanguage\":\"es-AR\",\"potentialAction\":[{\"@type\":\"ReadAction\",\"target\":[\"https:\/\/apuntesdesanluis.com\/index.php\/2024\/07\/23\/la-nueva-ley-de-blanqueo-de-activos-y-su-impacto-en-la-provincia-de-san-luis\/\"]}]},{\"@type\":\"ImageObject\",\"inLanguage\":\"es-AR\",\"@id\":\"https:\/\/apuntesdesanluis.com\/index.php\/2024\/07\/23\/la-nueva-ley-de-blanqueo-de-activos-y-su-impacto-en-la-provincia-de-san-luis\/#primaryimage\",\"url\":\"https:\/\/apuntesdesanluis.com\/wp-content\/uploads\/2024\/07\/BLANQUEO-DE-ACTIVOS.png\",\"contentUrl\":\"https:\/\/apuntesdesanluis.com\/wp-content\/uploads\/2024\/07\/BLANQUEO-DE-ACTIVOS.png\",\"width\":700,\"height\":393},{\"@type\":\"BreadcrumbList\",\"@id\":\"https:\/\/apuntesdesanluis.com\/index.php\/2024\/07\/23\/la-nueva-ley-de-blanqueo-de-activos-y-su-impacto-en-la-provincia-de-san-luis\/#breadcrumb\",\"itemListElement\":[{\"@type\":\"ListItem\",\"position\":1,\"name\":\"Inicio\",\"item\":\"https:\/\/apuntesdesanluis.com\/\"},{\"@type\":\"ListItem\",\"position\":2,\"name\":\"LA NUEVA LEY DE BLANQUEO DE ACTIVOS Y SU IMPACTO EN LA PROVINCIA DE SAN LUIS\"}]},{\"@type\":\"WebSite\",\"@id\":\"https:\/\/apuntesdesanluis.com\/#website\",\"url\":\"https:\/\/apuntesdesanluis.com\/\",\"name\":\"Apuntes de San Luis\",\"description\":\"\",\"publisher\":{\"@id\":\"https:\/\/apuntesdesanluis.com\/#\/schema\/person\/b55151d52296fcce64d1a72538a70b90\"},\"potentialAction\":[{\"@type\":\"SearchAction\",\"target\":{\"@type\":\"EntryPoint\",\"urlTemplate\":\"https:\/\/apuntesdesanluis.com\/?s={search_term_string}\"},\"query-input\":{\"@type\":\"PropertyValueSpecification\",\"valueRequired\":true,\"valueName\":\"search_term_string\"}}],\"inLanguage\":\"es-AR\"},{\"@type\":[\"Person\",\"Organization\"],\"@id\":\"https:\/\/apuntesdesanluis.com\/#\/schema\/person\/b55151d52296fcce64d1a72538a70b90\",\"name\":\"apuntesdesanluis.com\",\"image\":{\"@type\":\"ImageObject\",\"inLanguage\":\"es-AR\",\"@id\":\"https:\/\/apuntesdesanluis.com\/#\/schema\/person\/image\/\",\"url\":\"https:\/\/apuntesdesanluis.com\/wp-content\/uploads\/2023\/07\/cropped-apuntesdesanluis.png\",\"contentUrl\":\"https:\/\/apuntesdesanluis.com\/wp-content\/uploads\/2023\/07\/cropped-apuntesdesanluis.png\",\"width\":450,\"height\":112,\"caption\":\"apuntesdesanluis.com\"},\"logo\":{\"@id\":\"https:\/\/apuntesdesanluis.com\/#\/schema\/person\/image\/\"},\"sameAs\":[\"https:\/\/apuntesdesanluis.com\"],\"url\":\"https:\/\/apuntesdesanluis.com\/index.php\/author\/apuntesdesanluis-com\/\"}]}<\/script>\n<!-- \/ Yoast SEO plugin. -->","yoast_head_json":{"title":"LA NUEVA LEY DE BLANQUEO DE ACTIVOS Y SU IMPACTO EN LA PROVINCIA DE SAN LUIS - Apuntes de San Luis","robots":{"index":"index","follow":"follow","max-snippet":"max-snippet:-1","max-image-preview":"max-image-preview:large","max-video-preview":"max-video-preview:-1"},"canonical":"https:\/\/apuntesdesanluis.com\/index.php\/2024\/07\/23\/la-nueva-ley-de-blanqueo-de-activos-y-su-impacto-en-la-provincia-de-san-luis\/","og_locale":"es_ES","og_type":"article","og_title":"LA NUEVA LEY DE BLANQUEO DE ACTIVOS Y SU IMPACTO EN LA PROVINCIA DE SAN LUIS - Apuntes de San Luis","og_description":"La Ley 27743, recientemente aprobada por el Congreso de la Naci\u00f3n, marca un hito importante...","og_url":"https:\/\/apuntesdesanluis.com\/index.php\/2024\/07\/23\/la-nueva-ley-de-blanqueo-de-activos-y-su-impacto-en-la-provincia-de-san-luis\/","og_site_name":"Apuntes de San Luis","article_published_time":"2024-07-23T22:50:26+00:00","article_modified_time":"2024-07-23T23:03:01+00:00","og_image":[{"width":700,"height":393,"url":"https:\/\/apuntesdesanluis.com\/wp-content\/uploads\/2024\/07\/BLANQUEO-DE-ACTIVOS.png","type":"image\/png"}],"author":"apuntesdesanluis.com","twitter_card":"summary_large_image","twitter_misc":{"Escrito por":"apuntesdesanluis.com","Tiempo de lectura":"5 minutos"},"schema":{"@context":"https:\/\/schema.org","@graph":[{"@type":"Article","@id":"https:\/\/apuntesdesanluis.com\/index.php\/2024\/07\/23\/la-nueva-ley-de-blanqueo-de-activos-y-su-impacto-en-la-provincia-de-san-luis\/#article","isPartOf":{"@id":"https:\/\/apuntesdesanluis.com\/index.php\/2024\/07\/23\/la-nueva-ley-de-blanqueo-de-activos-y-su-impacto-en-la-provincia-de-san-luis\/"},"author":{"name":"apuntesdesanluis.com","@id":"https:\/\/apuntesdesanluis.com\/#\/schema\/person\/b55151d52296fcce64d1a72538a70b90"},"headline":"LA NUEVA LEY DE BLANQUEO DE ACTIVOS Y SU IMPACTO EN LA PROVINCIA DE SAN LUIS","datePublished":"2024-07-23T22:50:26+00:00","dateModified":"2024-07-23T23:03:01+00:00","mainEntityOfPage":{"@id":"https:\/\/apuntesdesanluis.com\/index.php\/2024\/07\/23\/la-nueva-ley-de-blanqueo-de-activos-y-su-impacto-en-la-provincia-de-san-luis\/"},"wordCount":884,"publisher":{"@id":"https:\/\/apuntesdesanluis.com\/#\/schema\/person\/b55151d52296fcce64d1a72538a70b90"},"image":{"@id":"https:\/\/apuntesdesanluis.com\/index.php\/2024\/07\/23\/la-nueva-ley-de-blanqueo-de-activos-y-su-impacto-en-la-provincia-de-san-luis\/#primaryimage"},"thumbnailUrl":"https:\/\/apuntesdesanluis.com\/wp-content\/uploads\/2024\/07\/BLANQUEO-DE-ACTIVOS.png","articleSection":["Opini\u00f3n"],"inLanguage":"es-AR"},{"@type":"WebPage","@id":"https:\/\/apuntesdesanluis.com\/index.php\/2024\/07\/23\/la-nueva-ley-de-blanqueo-de-activos-y-su-impacto-en-la-provincia-de-san-luis\/","url":"https:\/\/apuntesdesanluis.com\/index.php\/2024\/07\/23\/la-nueva-ley-de-blanqueo-de-activos-y-su-impacto-en-la-provincia-de-san-luis\/","name":"LA NUEVA LEY DE BLANQUEO DE ACTIVOS Y SU IMPACTO EN LA PROVINCIA DE SAN LUIS - Apuntes de San Luis","isPartOf":{"@id":"https:\/\/apuntesdesanluis.com\/#website"},"primaryImageOfPage":{"@id":"https:\/\/apuntesdesanluis.com\/index.php\/2024\/07\/23\/la-nueva-ley-de-blanqueo-de-activos-y-su-impacto-en-la-provincia-de-san-luis\/#primaryimage"},"image":{"@id":"https:\/\/apuntesdesanluis.com\/index.php\/2024\/07\/23\/la-nueva-ley-de-blanqueo-de-activos-y-su-impacto-en-la-provincia-de-san-luis\/#primaryimage"},"thumbnailUrl":"https:\/\/apuntesdesanluis.com\/wp-content\/uploads\/2024\/07\/BLANQUEO-DE-ACTIVOS.png","datePublished":"2024-07-23T22:50:26+00:00","dateModified":"2024-07-23T23:03:01+00:00","breadcrumb":{"@id":"https:\/\/apuntesdesanluis.com\/index.php\/2024\/07\/23\/la-nueva-ley-de-blanqueo-de-activos-y-su-impacto-en-la-provincia-de-san-luis\/#breadcrumb"},"inLanguage":"es-AR","potentialAction":[{"@type":"ReadAction","target":["https:\/\/apuntesdesanluis.com\/index.php\/2024\/07\/23\/la-nueva-ley-de-blanqueo-de-activos-y-su-impacto-en-la-provincia-de-san-luis\/"]}]},{"@type":"ImageObject","inLanguage":"es-AR","@id":"https:\/\/apuntesdesanluis.com\/index.php\/2024\/07\/23\/la-nueva-ley-de-blanqueo-de-activos-y-su-impacto-en-la-provincia-de-san-luis\/#primaryimage","url":"https:\/\/apuntesdesanluis.com\/wp-content\/uploads\/2024\/07\/BLANQUEO-DE-ACTIVOS.png","contentUrl":"https:\/\/apuntesdesanluis.com\/wp-content\/uploads\/2024\/07\/BLANQUEO-DE-ACTIVOS.png","width":700,"height":393},{"@type":"BreadcrumbList","@id":"https:\/\/apuntesdesanluis.com\/index.php\/2024\/07\/23\/la-nueva-ley-de-blanqueo-de-activos-y-su-impacto-en-la-provincia-de-san-luis\/#breadcrumb","itemListElement":[{"@type":"ListItem","position":1,"name":"Inicio","item":"https:\/\/apuntesdesanluis.com\/"},{"@type":"ListItem","position":2,"name":"LA NUEVA LEY DE BLANQUEO DE ACTIVOS Y SU IMPACTO EN LA PROVINCIA DE SAN LUIS"}]},{"@type":"WebSite","@id":"https:\/\/apuntesdesanluis.com\/#website","url":"https:\/\/apuntesdesanluis.com\/","name":"Apuntes de San Luis","description":"","publisher":{"@id":"https:\/\/apuntesdesanluis.com\/#\/schema\/person\/b55151d52296fcce64d1a72538a70b90"},"potentialAction":[{"@type":"SearchAction","target":{"@type":"EntryPoint","urlTemplate":"https:\/\/apuntesdesanluis.com\/?s={search_term_string}"},"query-input":{"@type":"PropertyValueSpecification","valueRequired":true,"valueName":"search_term_string"}}],"inLanguage":"es-AR"},{"@type":["Person","Organization"],"@id":"https:\/\/apuntesdesanluis.com\/#\/schema\/person\/b55151d52296fcce64d1a72538a70b90","name":"apuntesdesanluis.com","image":{"@type":"ImageObject","inLanguage":"es-AR","@id":"https:\/\/apuntesdesanluis.com\/#\/schema\/person\/image\/","url":"https:\/\/apuntesdesanluis.com\/wp-content\/uploads\/2023\/07\/cropped-apuntesdesanluis.png","contentUrl":"https:\/\/apuntesdesanluis.com\/wp-content\/uploads\/2023\/07\/cropped-apuntesdesanluis.png","width":450,"height":112,"caption":"apuntesdesanluis.com"},"logo":{"@id":"https:\/\/apuntesdesanluis.com\/#\/schema\/person\/image\/"},"sameAs":["https:\/\/apuntesdesanluis.com"],"url":"https:\/\/apuntesdesanluis.com\/index.php\/author\/apuntesdesanluis-com\/"}]}},"featured_image_urls":{"full":["https:\/\/apuntesdesanluis.com\/wp-content\/uploads\/2024\/07\/BLANQUEO-DE-ACTIVOS.png",700,393,false],"thumbnail":["https:\/\/apuntesdesanluis.com\/wp-content\/uploads\/2024\/07\/BLANQUEO-DE-ACTIVOS-150x150.png",150,150,true],"medium":["https:\/\/apuntesdesanluis.com\/wp-content\/uploads\/2024\/07\/BLANQUEO-DE-ACTIVOS-300x168.png",300,168,true],"medium_large":["https:\/\/apuntesdesanluis.com\/wp-content\/uploads\/2024\/07\/BLANQUEO-DE-ACTIVOS.png",640,359,false],"large":["https:\/\/apuntesdesanluis.com\/wp-content\/uploads\/2024\/07\/BLANQUEO-DE-ACTIVOS.png",640,359,false],"1536x1536":["https:\/\/apuntesdesanluis.com\/wp-content\/uploads\/2024\/07\/BLANQUEO-DE-ACTIVOS.png",700,393,false],"2048x2048":["https:\/\/apuntesdesanluis.com\/wp-content\/uploads\/2024\/07\/BLANQUEO-DE-ACTIVOS.png",700,393,false],"newsever-slider-full":["https:\/\/apuntesdesanluis.com\/wp-content\/uploads\/2024\/07\/BLANQUEO-DE-ACTIVOS.png",700,393,false],"newsever-featured":["https:\/\/apuntesdesanluis.com\/wp-content\/uploads\/2024\/07\/BLANQUEO-DE-ACTIVOS.png",700,393,false],"newsever-medium":["https:\/\/apuntesdesanluis.com\/wp-content\/uploads\/2024\/07\/BLANQUEO-DE-ACTIVOS.png",700,393,false]},"author_info":{"display_name":"apuntesdesanluis.com","author_link":"https:\/\/apuntesdesanluis.com\/index.php\/author\/apuntesdesanluis-com\/"},"category_info":"<a href=\"https:\/\/apuntesdesanluis.com\/index.php\/category\/opinion\/\" rel=\"category tag\">Opini\u00f3n<\/a>","tag_info":"Opini\u00f3n","comment_count":"0","_links":{"self":[{"href":"https:\/\/apuntesdesanluis.com\/index.php\/wp-json\/wp\/v2\/posts\/19731","targetHints":{"allow":["GET"]}}],"collection":[{"href":"https:\/\/apuntesdesanluis.com\/index.php\/wp-json\/wp\/v2\/posts"}],"about":[{"href":"https:\/\/apuntesdesanluis.com\/index.php\/wp-json\/wp\/v2\/types\/post"}],"author":[{"embeddable":true,"href":"https:\/\/apuntesdesanluis.com\/index.php\/wp-json\/wp\/v2\/users\/1"}],"replies":[{"embeddable":true,"href":"https:\/\/apuntesdesanluis.com\/index.php\/wp-json\/wp\/v2\/comments?post=19731"}],"version-history":[{"count":4,"href":"https:\/\/apuntesdesanluis.com\/index.php\/wp-json\/wp\/v2\/posts\/19731\/revisions"}],"predecessor-version":[{"id":19739,"href":"https:\/\/apuntesdesanluis.com\/index.php\/wp-json\/wp\/v2\/posts\/19731\/revisions\/19739"}],"wp:featuredmedia":[{"embeddable":true,"href":"https:\/\/apuntesdesanluis.com\/index.php\/wp-json\/wp\/v2\/media\/19734"}],"wp:attachment":[{"href":"https:\/\/apuntesdesanluis.com\/index.php\/wp-json\/wp\/v2\/media?parent=19731"}],"wp:term":[{"taxonomy":"category","embeddable":true,"href":"https:\/\/apuntesdesanluis.com\/index.php\/wp-json\/wp\/v2\/categories?post=19731"},{"taxonomy":"post_tag","embeddable":true,"href":"https:\/\/apuntesdesanluis.com\/index.php\/wp-json\/wp\/v2\/tags?post=19731"}],"curies":[{"name":"wp","href":"https:\/\/api.w.org\/{rel}","templated":true}]}}