{"id":19786,"date":"2024-07-24T12:14:50","date_gmt":"2024-07-24T15:14:50","guid":{"rendered":"https:\/\/apuntesdesanluis.com\/?p=19786"},"modified":"2024-07-24T12:14:50","modified_gmt":"2024-07-24T15:14:50","slug":"unsl-charla-sobre-los-secretos-del-periodismo-parlamentario","status":"publish","type":"post","link":"https:\/\/apuntesdesanluis.com\/index.php\/2024\/07\/24\/unsl-charla-sobre-los-secretos-del-periodismo-parlamentario\/","title":{"rendered":"UNSL: CHARLA SOBRE \u201cLOS SECRETOS DEL PERIODISMO PARLAMENTARIO\u201d"},"content":{"rendered":"<h3>El pr\u00f3ximo viernes 9 de agosto a las 18:00 en la Sala Magna de la Universidad Nacional de San Luis, tendr\u00e1 lugar la <strong>Charla especial sobre Periodismo Parlamentario y sus secretos<\/strong> a cargo del locutor y periodista tucumano <strong>Sergio Guti\u00e9rrez<\/strong>, Corresponsal y Periodista Parlamentario con m\u00e1s de veinte a\u00f1os de trayectoria en el Congreso de la Naci\u00f3n, distinguido con el Premio Parlamentario 2022.<\/h3>\n<h3>El objetivo de esta <strong>Charla especial<\/strong> dedicada a los estudiantes de las carreras de comunicaci\u00f3n, periodismo y afines, es acercarles las herramientas y conocimientos necesarios para iniciar el ejercicio de una especialidad dentro del periodismo. \u00a0La importancia de conocer detalladamente la Constituci\u00f3n Nacional, las autoridades y sus roles,\u00a0 los derechos y garant\u00edas que conforman los poderes del Estado y las bases de los reglamentos que rigen cada legislatura.<\/h3>\n<p><img fetchpriority=\"high\" decoding=\"async\" class=\"wp-image-19787 aligncenter\" src=\"https:\/\/apuntesdesanluis.com\/wp-content\/uploads\/2024\/07\/charla-212x300.jpg\" alt=\"\" width=\"498\" height=\"705\" srcset=\"https:\/\/apuntesdesanluis.com\/wp-content\/uploads\/2024\/07\/charla-212x300.jpg 212w, https:\/\/apuntesdesanluis.com\/wp-content\/uploads\/2024\/07\/charla.jpg 700w\" sizes=\"(max-width: 498px) 100vw, 498px\" \/><\/p>\n<h3>Propone acercar en primera persona c\u00f3mo es el trabajo cotidiano en el Congreso de la Naci\u00f3n y cu\u00e1les son los paralelismos con las legislaturas provinciales y municipales, cu\u00e1les son las diferencias y como adaptarse en cada caso.<\/h3>\n<h3>Desde las destrezas adquiridas en su profesi\u00f3n <strong>Sergio Guti\u00e9rrez<\/strong>, hablar\u00e1 acerca de c\u00f3mo conseguir y preservar las \u201cfuentes de informaci\u00f3n\u201d, el off de record, las primicias o entrevistas exclusivas, coberturas de temas relevantes en la agenda informativa, el rol de la \u00e9tica profesional, el valor de la \u201cagenda\u201d. El tratamiento de las leyes m\u00e1s emblem\u00e1ticas de los \u00faltimos a\u00f1os y como fue la trastienda.<strong>\u00a0<\/strong><\/h3>\n<h3><strong>Temario:<\/strong><\/h3>\n<h3><strong>\u00a0 Definici\u00f3n de Periodismo Parlamentario<\/strong><\/h3>\n<h3>&#8211; Caracter\u00edsticas de esta especialidad period\u00edstica<\/h3>\n<h3>&#8211; Periodismo Legislativo (Nacional, provincial y municipal)<\/h3>\n<h3><strong>\u00a0 Marco Normativo del Periodista Legislativo<\/strong><\/h3>\n<h3>&#8211; Leyes Nacionales e Internacionales sobre Libertad de Expresi\u00f3n<\/h3>\n<h3>&#8211; Asociaci\u00f3n de Periodistas de la Rep\u00fablica Argentina<\/h3>\n<h3><strong>\u00a0 El Tr\u00e1mite Parlamentario<\/strong><\/h3>\n<h3>&#8211; C\u00f3mo est\u00e1 integrado el Congreso de la Naci\u00f3n<\/h3>\n<h3>&#8211; Diferencias de proyectos (Declaraci\u00f3n, Resoluci\u00f3n y de Ley)<\/h3>\n<h3>&#8211; Importancia del Poder Legislativo para la Democracia: B\u00fasqueda de consensos por medio del debate<\/h3>\n<h3><strong>\u00a0 Rol de Periodista Legislativo<\/strong><\/h3>\n<h3>&#8211; Fuentes de Informaci\u00f3n<\/h3>\n<h3>&#8211; Herramientas de Trabajo<\/h3>\n<h3>&#8211; Oficialismo. Oposici\u00f3n. Voceros. Actitudes frente a ellos. Descripci\u00f3n y an\u00e1lisis de cada legislador<\/h3>\n<h3>&#8211; Organismos No Gubernamentales.<\/h3>\n<h3>&#8211; Capacitaci\u00f3n del Periodista Parlamentario<\/h3>\n<h3>&#8211; Cobertura de Sesiones y Comisiones. Caracter\u00edsticas<\/h3>\n<h3>-Trabajo Pr\u00e1ctico de un Periodista Legislativo: TV,\u00a0 radio, Gr\u00e1fica y redes sociales<\/h3>\n<p>&nbsp;<\/p>\n<p>&nbsp;<\/p>\n<p>&nbsp;<\/p>\n","protected":false},"excerpt":{"rendered":"<p>El pr\u00f3ximo viernes 9 de agosto a las 18:00 en la Sala Magna de la&#8230;<\/p>\n","protected":false},"author":1,"featured_media":19788,"comment_status":"closed","ping_status":"closed","sticky":false,"template":"","format":"standard","meta":{"footnotes":""},"categories":[6],"tags":[],"class_list":["post-19786","post","type-post","status-publish","format-standard","has-post-thumbnail","hentry","category-ciudad-provincia"],"yoast_head":"<!-- This site is optimized with the Yoast SEO plugin v26.1.1 - https:\/\/yoast.com\/wordpress\/plugins\/seo\/ -->\n<title>UNSL: CHARLA SOBRE \u201cLOS SECRETOS DEL PERIODISMO PARLAMENTARIO\u201d - Apuntes de San Luis<\/title>\n<meta name=\"robots\" content=\"index, follow, max-snippet:-1, max-image-preview:large, max-video-preview:-1\" \/>\n<link rel=\"canonical\" href=\"https:\/\/apuntesdesanluis.com\/index.php\/2024\/07\/24\/unsl-charla-sobre-los-secretos-del-periodismo-parlamentario\/\" \/>\n<meta property=\"og:locale\" content=\"es_ES\" \/>\n<meta property=\"og:type\" content=\"article\" \/>\n<meta property=\"og:title\" content=\"UNSL: CHARLA SOBRE \u201cLOS SECRETOS DEL PERIODISMO PARLAMENTARIO\u201d - Apuntes de San Luis\" \/>\n<meta property=\"og:description\" content=\"El pr\u00f3ximo viernes 9 de agosto a las 18:00 en la Sala Magna de la...\" \/>\n<meta property=\"og:url\" content=\"https:\/\/apuntesdesanluis.com\/index.php\/2024\/07\/24\/unsl-charla-sobre-los-secretos-del-periodismo-parlamentario\/\" \/>\n<meta property=\"og:site_name\" content=\"Apuntes de San Luis\" \/>\n<meta property=\"article:published_time\" content=\"2024-07-24T15:14:50+00:00\" \/>\n<meta property=\"og:image\" content=\"https:\/\/apuntesdesanluis.com\/wp-content\/uploads\/2024\/07\/sergio-gutierrez.png\" \/>\n\t<meta property=\"og:image:width\" content=\"700\" \/>\n\t<meta property=\"og:image:height\" content=\"432\" \/>\n\t<meta property=\"og:image:type\" content=\"image\/png\" \/>\n<meta name=\"author\" content=\"apuntesdesanluis.com\" \/>\n<meta name=\"twitter:card\" content=\"summary_large_image\" \/>\n<meta name=\"twitter:label1\" content=\"Escrito por\" \/>\n\t<meta name=\"twitter:data1\" content=\"apuntesdesanluis.com\" \/>\n\t<meta name=\"twitter:label2\" content=\"Tiempo de lectura\" \/>\n\t<meta name=\"twitter:data2\" content=\"3 minutos\" \/>\n<script type=\"application\/ld+json\" class=\"yoast-schema-graph\">{\"@context\":\"https:\/\/schema.org\",\"@graph\":[{\"@type\":\"Article\",\"@id\":\"https:\/\/apuntesdesanluis.com\/index.php\/2024\/07\/24\/unsl-charla-sobre-los-secretos-del-periodismo-parlamentario\/#article\",\"isPartOf\":{\"@id\":\"https:\/\/apuntesdesanluis.com\/index.php\/2024\/07\/24\/unsl-charla-sobre-los-secretos-del-periodismo-parlamentario\/\"},\"author\":{\"name\":\"apuntesdesanluis.com\",\"@id\":\"https:\/\/apuntesdesanluis.com\/#\/schema\/person\/b55151d52296fcce64d1a72538a70b90\"},\"headline\":\"UNSL: CHARLA SOBRE \u201cLOS SECRETOS DEL PERIODISMO PARLAMENTARIO\u201d\",\"datePublished\":\"2024-07-24T15:14:50+00:00\",\"mainEntityOfPage\":{\"@id\":\"https:\/\/apuntesdesanluis.com\/index.php\/2024\/07\/24\/unsl-charla-sobre-los-secretos-del-periodismo-parlamentario\/\"},\"wordCount\":409,\"publisher\":{\"@id\":\"https:\/\/apuntesdesanluis.com\/#\/schema\/person\/b55151d52296fcce64d1a72538a70b90\"},\"image\":{\"@id\":\"https:\/\/apuntesdesanluis.com\/index.php\/2024\/07\/24\/unsl-charla-sobre-los-secretos-del-periodismo-parlamentario\/#primaryimage\"},\"thumbnailUrl\":\"https:\/\/apuntesdesanluis.com\/wp-content\/uploads\/2024\/07\/sergio-gutierrez.png\",\"articleSection\":[\"Ciudad\/Provincia\"],\"inLanguage\":\"es-AR\"},{\"@type\":\"WebPage\",\"@id\":\"https:\/\/apuntesdesanluis.com\/index.php\/2024\/07\/24\/unsl-charla-sobre-los-secretos-del-periodismo-parlamentario\/\",\"url\":\"https:\/\/apuntesdesanluis.com\/index.php\/2024\/07\/24\/unsl-charla-sobre-los-secretos-del-periodismo-parlamentario\/\",\"name\":\"UNSL: CHARLA SOBRE \u201cLOS SECRETOS DEL PERIODISMO PARLAMENTARIO\u201d - Apuntes de San Luis\",\"isPartOf\":{\"@id\":\"https:\/\/apuntesdesanluis.com\/#website\"},\"primaryImageOfPage\":{\"@id\":\"https:\/\/apuntesdesanluis.com\/index.php\/2024\/07\/24\/unsl-charla-sobre-los-secretos-del-periodismo-parlamentario\/#primaryimage\"},\"image\":{\"@id\":\"https:\/\/apuntesdesanluis.com\/index.php\/2024\/07\/24\/unsl-charla-sobre-los-secretos-del-periodismo-parlamentario\/#primaryimage\"},\"thumbnailUrl\":\"https:\/\/apuntesdesanluis.com\/wp-content\/uploads\/2024\/07\/sergio-gutierrez.png\",\"datePublished\":\"2024-07-24T15:14:50+00:00\",\"breadcrumb\":{\"@id\":\"https:\/\/apuntesdesanluis.com\/index.php\/2024\/07\/24\/unsl-charla-sobre-los-secretos-del-periodismo-parlamentario\/#breadcrumb\"},\"inLanguage\":\"es-AR\",\"potentialAction\":[{\"@type\":\"ReadAction\",\"target\":[\"https:\/\/apuntesdesanluis.com\/index.php\/2024\/07\/24\/unsl-charla-sobre-los-secretos-del-periodismo-parlamentario\/\"]}]},{\"@type\":\"ImageObject\",\"inLanguage\":\"es-AR\",\"@id\":\"https:\/\/apuntesdesanluis.com\/index.php\/2024\/07\/24\/unsl-charla-sobre-los-secretos-del-periodismo-parlamentario\/#primaryimage\",\"url\":\"https:\/\/apuntesdesanluis.com\/wp-content\/uploads\/2024\/07\/sergio-gutierrez.png\",\"contentUrl\":\"https:\/\/apuntesdesanluis.com\/wp-content\/uploads\/2024\/07\/sergio-gutierrez.png\",\"width\":700,\"height\":432},{\"@type\":\"BreadcrumbList\",\"@id\":\"https:\/\/apuntesdesanluis.com\/index.php\/2024\/07\/24\/unsl-charla-sobre-los-secretos-del-periodismo-parlamentario\/#breadcrumb\",\"itemListElement\":[{\"@type\":\"ListItem\",\"position\":1,\"name\":\"Inicio\",\"item\":\"https:\/\/apuntesdesanluis.com\/\"},{\"@type\":\"ListItem\",\"position\":2,\"name\":\"UNSL: CHARLA SOBRE \u201cLOS SECRETOS DEL PERIODISMO PARLAMENTARIO\u201d\"}]},{\"@type\":\"WebSite\",\"@id\":\"https:\/\/apuntesdesanluis.com\/#website\",\"url\":\"https:\/\/apuntesdesanluis.com\/\",\"name\":\"Apuntes de San Luis\",\"description\":\"\",\"publisher\":{\"@id\":\"https:\/\/apuntesdesanluis.com\/#\/schema\/person\/b55151d52296fcce64d1a72538a70b90\"},\"potentialAction\":[{\"@type\":\"SearchAction\",\"target\":{\"@type\":\"EntryPoint\",\"urlTemplate\":\"https:\/\/apuntesdesanluis.com\/?s={search_term_string}\"},\"query-input\":{\"@type\":\"PropertyValueSpecification\",\"valueRequired\":true,\"valueName\":\"search_term_string\"}}],\"inLanguage\":\"es-AR\"},{\"@type\":[\"Person\",\"Organization\"],\"@id\":\"https:\/\/apuntesdesanluis.com\/#\/schema\/person\/b55151d52296fcce64d1a72538a70b90\",\"name\":\"apuntesdesanluis.com\",\"image\":{\"@type\":\"ImageObject\",\"inLanguage\":\"es-AR\",\"@id\":\"https:\/\/apuntesdesanluis.com\/#\/schema\/person\/image\/\",\"url\":\"https:\/\/apuntesdesanluis.com\/wp-content\/uploads\/2023\/07\/cropped-apuntesdesanluis.png\",\"contentUrl\":\"https:\/\/apuntesdesanluis.com\/wp-content\/uploads\/2023\/07\/cropped-apuntesdesanluis.png\",\"width\":450,\"height\":112,\"caption\":\"apuntesdesanluis.com\"},\"logo\":{\"@id\":\"https:\/\/apuntesdesanluis.com\/#\/schema\/person\/image\/\"},\"sameAs\":[\"https:\/\/apuntesdesanluis.com\"],\"url\":\"https:\/\/apuntesdesanluis.com\/index.php\/author\/apuntesdesanluis-com\/\"}]}<\/script>\n<!-- \/ Yoast SEO plugin. -->","yoast_head_json":{"title":"UNSL: CHARLA SOBRE \u201cLOS SECRETOS DEL PERIODISMO PARLAMENTARIO\u201d - Apuntes de San Luis","robots":{"index":"index","follow":"follow","max-snippet":"max-snippet:-1","max-image-preview":"max-image-preview:large","max-video-preview":"max-video-preview:-1"},"canonical":"https:\/\/apuntesdesanluis.com\/index.php\/2024\/07\/24\/unsl-charla-sobre-los-secretos-del-periodismo-parlamentario\/","og_locale":"es_ES","og_type":"article","og_title":"UNSL: CHARLA SOBRE \u201cLOS SECRETOS DEL PERIODISMO PARLAMENTARIO\u201d - Apuntes de San Luis","og_description":"El pr\u00f3ximo viernes 9 de agosto a las 18:00 en la Sala Magna de la...","og_url":"https:\/\/apuntesdesanluis.com\/index.php\/2024\/07\/24\/unsl-charla-sobre-los-secretos-del-periodismo-parlamentario\/","og_site_name":"Apuntes de San Luis","article_published_time":"2024-07-24T15:14:50+00:00","og_image":[{"width":700,"height":432,"url":"https:\/\/apuntesdesanluis.com\/wp-content\/uploads\/2024\/07\/sergio-gutierrez.png","type":"image\/png"}],"author":"apuntesdesanluis.com","twitter_card":"summary_large_image","twitter_misc":{"Escrito por":"apuntesdesanluis.com","Tiempo de lectura":"3 minutos"},"schema":{"@context":"https:\/\/schema.org","@graph":[{"@type":"Article","@id":"https:\/\/apuntesdesanluis.com\/index.php\/2024\/07\/24\/unsl-charla-sobre-los-secretos-del-periodismo-parlamentario\/#article","isPartOf":{"@id":"https:\/\/apuntesdesanluis.com\/index.php\/2024\/07\/24\/unsl-charla-sobre-los-secretos-del-periodismo-parlamentario\/"},"author":{"name":"apuntesdesanluis.com","@id":"https:\/\/apuntesdesanluis.com\/#\/schema\/person\/b55151d52296fcce64d1a72538a70b90"},"headline":"UNSL: CHARLA SOBRE \u201cLOS SECRETOS DEL PERIODISMO PARLAMENTARIO\u201d","datePublished":"2024-07-24T15:14:50+00:00","mainEntityOfPage":{"@id":"https:\/\/apuntesdesanluis.com\/index.php\/2024\/07\/24\/unsl-charla-sobre-los-secretos-del-periodismo-parlamentario\/"},"wordCount":409,"publisher":{"@id":"https:\/\/apuntesdesanluis.com\/#\/schema\/person\/b55151d52296fcce64d1a72538a70b90"},"image":{"@id":"https:\/\/apuntesdesanluis.com\/index.php\/2024\/07\/24\/unsl-charla-sobre-los-secretos-del-periodismo-parlamentario\/#primaryimage"},"thumbnailUrl":"https:\/\/apuntesdesanluis.com\/wp-content\/uploads\/2024\/07\/sergio-gutierrez.png","articleSection":["Ciudad\/Provincia"],"inLanguage":"es-AR"},{"@type":"WebPage","@id":"https:\/\/apuntesdesanluis.com\/index.php\/2024\/07\/24\/unsl-charla-sobre-los-secretos-del-periodismo-parlamentario\/","url":"https:\/\/apuntesdesanluis.com\/index.php\/2024\/07\/24\/unsl-charla-sobre-los-secretos-del-periodismo-parlamentario\/","name":"UNSL: CHARLA SOBRE \u201cLOS SECRETOS DEL PERIODISMO PARLAMENTARIO\u201d - Apuntes de San Luis","isPartOf":{"@id":"https:\/\/apuntesdesanluis.com\/#website"},"primaryImageOfPage":{"@id":"https:\/\/apuntesdesanluis.com\/index.php\/2024\/07\/24\/unsl-charla-sobre-los-secretos-del-periodismo-parlamentario\/#primaryimage"},"image":{"@id":"https:\/\/apuntesdesanluis.com\/index.php\/2024\/07\/24\/unsl-charla-sobre-los-secretos-del-periodismo-parlamentario\/#primaryimage"},"thumbnailUrl":"https:\/\/apuntesdesanluis.com\/wp-content\/uploads\/2024\/07\/sergio-gutierrez.png","datePublished":"2024-07-24T15:14:50+00:00","breadcrumb":{"@id":"https:\/\/apuntesdesanluis.com\/index.php\/2024\/07\/24\/unsl-charla-sobre-los-secretos-del-periodismo-parlamentario\/#breadcrumb"},"inLanguage":"es-AR","potentialAction":[{"@type":"ReadAction","target":["https:\/\/apuntesdesanluis.com\/index.php\/2024\/07\/24\/unsl-charla-sobre-los-secretos-del-periodismo-parlamentario\/"]}]},{"@type":"ImageObject","inLanguage":"es-AR","@id":"https:\/\/apuntesdesanluis.com\/index.php\/2024\/07\/24\/unsl-charla-sobre-los-secretos-del-periodismo-parlamentario\/#primaryimage","url":"https:\/\/apuntesdesanluis.com\/wp-content\/uploads\/2024\/07\/sergio-gutierrez.png","contentUrl":"https:\/\/apuntesdesanluis.com\/wp-content\/uploads\/2024\/07\/sergio-gutierrez.png","width":700,"height":432},{"@type":"BreadcrumbList","@id":"https:\/\/apuntesdesanluis.com\/index.php\/2024\/07\/24\/unsl-charla-sobre-los-secretos-del-periodismo-parlamentario\/#breadcrumb","itemListElement":[{"@type":"ListItem","position":1,"name":"Inicio","item":"https:\/\/apuntesdesanluis.com\/"},{"@type":"ListItem","position":2,"name":"UNSL: CHARLA SOBRE \u201cLOS SECRETOS DEL PERIODISMO PARLAMENTARIO\u201d"}]},{"@type":"WebSite","@id":"https:\/\/apuntesdesanluis.com\/#website","url":"https:\/\/apuntesdesanluis.com\/","name":"Apuntes de San Luis","description":"","publisher":{"@id":"https:\/\/apuntesdesanluis.com\/#\/schema\/person\/b55151d52296fcce64d1a72538a70b90"},"potentialAction":[{"@type":"SearchAction","target":{"@type":"EntryPoint","urlTemplate":"https:\/\/apuntesdesanluis.com\/?s={search_term_string}"},"query-input":{"@type":"PropertyValueSpecification","valueRequired":true,"valueName":"search_term_string"}}],"inLanguage":"es-AR"},{"@type":["Person","Organization"],"@id":"https:\/\/apuntesdesanluis.com\/#\/schema\/person\/b55151d52296fcce64d1a72538a70b90","name":"apuntesdesanluis.com","image":{"@type":"ImageObject","inLanguage":"es-AR","@id":"https:\/\/apuntesdesanluis.com\/#\/schema\/person\/image\/","url":"https:\/\/apuntesdesanluis.com\/wp-content\/uploads\/2023\/07\/cropped-apuntesdesanluis.png","contentUrl":"https:\/\/apuntesdesanluis.com\/wp-content\/uploads\/2023\/07\/cropped-apuntesdesanluis.png","width":450,"height":112,"caption":"apuntesdesanluis.com"},"logo":{"@id":"https:\/\/apuntesdesanluis.com\/#\/schema\/person\/image\/"},"sameAs":["https:\/\/apuntesdesanluis.com"],"url":"https:\/\/apuntesdesanluis.com\/index.php\/author\/apuntesdesanluis-com\/"}]}},"featured_image_urls":{"full":["https:\/\/apuntesdesanluis.com\/wp-content\/uploads\/2024\/07\/sergio-gutierrez.png",700,432,false],"thumbnail":["https:\/\/apuntesdesanluis.com\/wp-content\/uploads\/2024\/07\/sergio-gutierrez-150x150.png",150,150,true],"medium":["https:\/\/apuntesdesanluis.com\/wp-content\/uploads\/2024\/07\/sergio-gutierrez-300x185.png",300,185,true],"medium_large":["https:\/\/apuntesdesanluis.com\/wp-content\/uploads\/2024\/07\/sergio-gutierrez.png",640,395,false],"large":["https:\/\/apuntesdesanluis.com\/wp-content\/uploads\/2024\/07\/sergio-gutierrez.png",640,395,false],"1536x1536":["https:\/\/apuntesdesanluis.com\/wp-content\/uploads\/2024\/07\/sergio-gutierrez.png",700,432,false],"2048x2048":["https:\/\/apuntesdesanluis.com\/wp-content\/uploads\/2024\/07\/sergio-gutierrez.png",700,432,false],"newsever-slider-full":["https:\/\/apuntesdesanluis.com\/wp-content\/uploads\/2024\/07\/sergio-gutierrez.png",700,432,false],"newsever-featured":["https:\/\/apuntesdesanluis.com\/wp-content\/uploads\/2024\/07\/sergio-gutierrez.png",700,432,false],"newsever-medium":["https:\/\/apuntesdesanluis.com\/wp-content\/uploads\/2024\/07\/sergio-gutierrez.png",700,432,false]},"author_info":{"display_name":"apuntesdesanluis.com","author_link":"https:\/\/apuntesdesanluis.com\/index.php\/author\/apuntesdesanluis-com\/"},"category_info":"<a href=\"https:\/\/apuntesdesanluis.com\/index.php\/category\/ciudad-provincia\/\" rel=\"category tag\">Ciudad\/Provincia<\/a>","tag_info":"Ciudad\/Provincia","comment_count":"0","_links":{"self":[{"href":"https:\/\/apuntesdesanluis.com\/index.php\/wp-json\/wp\/v2\/posts\/19786","targetHints":{"allow":["GET"]}}],"collection":[{"href":"https:\/\/apuntesdesanluis.com\/index.php\/wp-json\/wp\/v2\/posts"}],"about":[{"href":"https:\/\/apuntesdesanluis.com\/index.php\/wp-json\/wp\/v2\/types\/post"}],"author":[{"embeddable":true,"href":"https:\/\/apuntesdesanluis.com\/index.php\/wp-json\/wp\/v2\/users\/1"}],"replies":[{"embeddable":true,"href":"https:\/\/apuntesdesanluis.com\/index.php\/wp-json\/wp\/v2\/comments?post=19786"}],"version-history":[{"count":1,"href":"https:\/\/apuntesdesanluis.com\/index.php\/wp-json\/wp\/v2\/posts\/19786\/revisions"}],"predecessor-version":[{"id":19789,"href":"https:\/\/apuntesdesanluis.com\/index.php\/wp-json\/wp\/v2\/posts\/19786\/revisions\/19789"}],"wp:featuredmedia":[{"embeddable":true,"href":"https:\/\/apuntesdesanluis.com\/index.php\/wp-json\/wp\/v2\/media\/19788"}],"wp:attachment":[{"href":"https:\/\/apuntesdesanluis.com\/index.php\/wp-json\/wp\/v2\/media?parent=19786"}],"wp:term":[{"taxonomy":"category","embeddable":true,"href":"https:\/\/apuntesdesanluis.com\/index.php\/wp-json\/wp\/v2\/categories?post=19786"},{"taxonomy":"post_tag","embeddable":true,"href":"https:\/\/apuntesdesanluis.com\/index.php\/wp-json\/wp\/v2\/tags?post=19786"}],"curies":[{"name":"wp","href":"https:\/\/api.w.org\/{rel}","templated":true}]}}