{"id":19790,"date":"2024-07-24T16:58:57","date_gmt":"2024-07-24T19:58:57","guid":{"rendered":"https:\/\/apuntesdesanluis.com\/?p=19790"},"modified":"2024-07-24T17:07:01","modified_gmt":"2024-07-24T20:07:01","slug":"nuestro-tanque-emblema-del-compromiso-de-los-trabajadores-y-una-comunidad-pujante","status":"publish","type":"post","link":"https:\/\/apuntesdesanluis.com\/index.php\/2024\/07\/24\/nuestro-tanque-emblema-del-compromiso-de-los-trabajadores-y-una-comunidad-pujante\/","title":{"rendered":"NUESTRO TANQUE, EMBLEMA DEL COMPROMISO DE LOS TRABAJADORES Y UNA COMUNIDAD PUJANTE"},"content":{"rendered":"<h3>Por <strong>Jos\u00e9 Ucelay &#8211; Roberto Mu\u00f1oz &#8211; Jorge Villegas * <\/strong><\/h3>\n<p><img fetchpriority=\"high\" decoding=\"async\" class=\"wp-image-19791 aligncenter\" src=\"https:\/\/apuntesdesanluis.com\/wp-content\/uploads\/2024\/07\/ucelay-munoz-villegas-300x272.jpeg\" alt=\"\" width=\"491\" height=\"445\" srcset=\"https:\/\/apuntesdesanluis.com\/wp-content\/uploads\/2024\/07\/ucelay-munoz-villegas-300x272.jpeg 300w, https:\/\/apuntesdesanluis.com\/wp-content\/uploads\/2024\/07\/ucelay-munoz-villegas.jpeg 667w\" sizes=\"(max-width: 491px) 100vw, 491px\" \/><\/p>\n<p>&nbsp;<\/p>\n<h3>Sin dudas, buena parte de la historia de Villa Mercedes se encuentra entrelazada y se explica a partir de nuestro querido tanque de Obras Sanitarias. Y su propia existencia no puede escindirse del compromiso y la tenacidad de los trabajadores y Trabajadoras sanitaristas, esa gran familia que constituimos desde siempre.<\/h3>\n<h3>A lo largo de la historia, el agua y saneamiento tuvieron un rol fundamental en el desarrollo del ser humano y las civilizaciones. Los servicios sanitarios fueron evolucionando junto con el crecimiento de la poblaci\u00f3n, como consecuencia de las epidemias que azotaron a nuestro pa\u00eds. Por cada d\u00f3lar que se invierte en agua y saneamiento, el estado se ahorra nueve d\u00f3lares en salud publica y mejora considerablemente la calidad de vida de los habitantes.<\/h3>\n<h3>No es \u00e9ste un dato menor y conviene enfatizar: fueron los propios trabajadores, con sus manos y los escasos recursos tecnol\u00f3gicos disponibles en la \u00e9poca, los que orgullosamente llevaron adelante el servicio de agua y saneamiento. A a punto de cumplir 100 a\u00f1os, el tanque elevado sigue inc\u00f3lume como una de las m\u00e1s grandes estructuras arquitect\u00f3nicas y de infraestructura de Villa Mercedes y la provincia toda.<\/h3>\n<h3>El imponente Tanque Elevado ubicado en el coraz\u00f3n de nuestra querida ciudad, no solo es una estructura monumental, sino el vivo testimonio del esfuerzo y dedicaci\u00f3n de nuestros trabajadores y trabajadoras y un s\u00edmbolo de progreso y uni\u00f3n comunitaria. Un reconocimiento especial, en este sentido, a los compa\u00f1eros y compa\u00f1eras que hoy est\u00e1n jubilados y especialmente a quienes ya han fallecido.<\/h3>\n<h3>El 31 de julio de 1924, con orgullo y determinaci\u00f3n, se inaugur\u00f3 este gigantesco reservorio, que desde entonces ha sido no solo una fuente vital de agua, sino un punto de referencia en nuestra historia local y en una \u00e9poca, el mayor tanque de agua de Sudam\u00e9rica.<\/h3>\n<h3>En esta rese\u00f1a, no podemos pasar por alto la tenaz lucha que protagonizamos los trabajadores para defender la empresa de la voracidad neoliberal, que en la d\u00e9cada del \u00b490 pretendi\u00f3 privatizar el servicio. No era s\u00f3lo una cuesti\u00f3n ideol\u00f3gica la que nos movilizaba, sino tambi\u00e9n el sentido de pertenencia hacia nuestro patrimonio hist\u00f3rico y cultural, como lo hab\u00eda reconocido en 1989 el Concejo Deliberante de Villa Mercedes.<\/h3>\n<h3>Nos encadenamos, protestamos, cortamos calles. Muchos nos dec\u00edan que era una lucha perdida, que contra la ola privatizadora de Menem no podr\u00edamos. Pon\u00edan como ejemplo el ferrocarril y la telef\u00f3nica, otras empresas nacionales que ya hab\u00edan pasado a manos privadas. Los propios pol\u00edticos, muchos de ellos, se hac\u00edan los distra\u00eddos, rendidos ante una sociedad que aceptaba sumisamente los cantos de sirena de la eficiencia privatista, contra el estado corrupto e ineficiente. Nada muy diferente del discurso actual.<\/h3>\n<h3>Sin embargo, la lucha tuvo su fruto: la empresa sigue siendo p\u00fablica. El agua es un servicio vital, de car\u00e1cter social, y su acceso constituye un derecho humano. As\u00ed lo sentimos los trabajadores, que d\u00eda a d\u00eda demostramos nuestro compromiso y entrega para garantizar la calidad del agua que consumen los 135 mil habitantes de nuestra querida ciudad. Lejos de aquellos 20 mil para los que se proyectaba el tanque.<\/h3>\n<h3>A riesgo de sonar reiterativo, debemos confesar que \u00e9ste es nuestro sentimiento cada d\u00eda que entramos a la empresa: este monumento es m\u00e1s que una estructura f\u00edsica; es un testimonio vivo del esfuerzo y compromiso de generaciones de trabajadores y Trabajadoras sanitaristas que lo han mantenido en funcionamiento a lo largo de los a\u00f1os.<\/h3>\n<h3>Esta misma responsabilidad se puso de manifiesto el pasado s\u00e1bado 13 de julio, d\u00eda en que buena parte de nuestros compa\u00f1eros estuvieron abocados a una limpieza profunda del tanque elevado. Ocasi\u00f3n en que, apropiadamente, no se contrat\u00f3 a una empresa privada, sino que se utilizaron recursos propios como nuestros trabajadores.<\/h3>\n<h3>Hoy, el Tanque de Obras Sanitarias Mercedes no solo engalana nuestro paisaje urbano, sino que tambi\u00e9n representa el trabajo conjunto y la perseverancia que ha caracterizado a nuestra comunidad a lo largo de los a\u00f1os. Es un lugar donde el pasado se funde con el presente, record\u00e1ndonos que cada gota de agua que fluye de este tanque es el resultado del esfuerzo y dedicaci\u00f3n de quienes lo construyeron y quienes lo cuidan d\u00eda a d\u00eda.<\/h3>\n<p>&nbsp;<\/p>\n<h4><span style=\"color: #3366ff;\"><em>* Sec. Gral., Sec. Adjunto y Sec. Gremial del Sindicato de Obras Sanitarias Mercedes .Comisi\u00f3n Directiva.<\/em><\/span><\/h4>\n<p>&nbsp;<\/p>\n<p>&nbsp;<\/p>\n<p>&nbsp;<\/p>\n","protected":false},"excerpt":{"rendered":"<p>Por Jos\u00e9 Ucelay &#8211; Roberto Mu\u00f1oz &#8211; Jorge Villegas * &nbsp; Sin dudas, buena parte&#8230;<\/p>\n","protected":false},"author":1,"featured_media":19792,"comment_status":"closed","ping_status":"closed","sticky":false,"template":"","format":"standard","meta":{"footnotes":""},"categories":[9],"tags":[],"class_list":["post-19790","post","type-post","status-publish","format-standard","has-post-thumbnail","hentry","category-opinion"],"yoast_head":"<!-- This site is optimized with the Yoast SEO plugin v26.1.1 - https:\/\/yoast.com\/wordpress\/plugins\/seo\/ -->\n<title>NUESTRO TANQUE, EMBLEMA DEL COMPROMISO DE LOS TRABAJADORES Y UNA COMUNIDAD PUJANTE - Apuntes de San Luis<\/title>\n<meta name=\"robots\" content=\"index, follow, max-snippet:-1, max-image-preview:large, max-video-preview:-1\" \/>\n<link rel=\"canonical\" href=\"https:\/\/apuntesdesanluis.com\/index.php\/2024\/07\/24\/nuestro-tanque-emblema-del-compromiso-de-los-trabajadores-y-una-comunidad-pujante\/\" \/>\n<meta property=\"og:locale\" content=\"es_ES\" \/>\n<meta property=\"og:type\" content=\"article\" \/>\n<meta property=\"og:title\" content=\"NUESTRO TANQUE, EMBLEMA DEL COMPROMISO DE LOS TRABAJADORES Y UNA COMUNIDAD PUJANTE - Apuntes de San Luis\" \/>\n<meta property=\"og:description\" content=\"Por Jos\u00e9 Ucelay &#8211; Roberto Mu\u00f1oz &#8211; Jorge Villegas * &nbsp; Sin dudas, buena parte...\" \/>\n<meta property=\"og:url\" content=\"https:\/\/apuntesdesanluis.com\/index.php\/2024\/07\/24\/nuestro-tanque-emblema-del-compromiso-de-los-trabajadores-y-una-comunidad-pujante\/\" \/>\n<meta property=\"og:site_name\" content=\"Apuntes de San Luis\" \/>\n<meta property=\"article:published_time\" content=\"2024-07-24T19:58:57+00:00\" \/>\n<meta property=\"article:modified_time\" content=\"2024-07-24T20:07:01+00:00\" \/>\n<meta property=\"og:image\" content=\"https:\/\/apuntesdesanluis.com\/wp-content\/uploads\/2024\/07\/tanque.png\" \/>\n\t<meta property=\"og:image:width\" content=\"700\" \/>\n\t<meta property=\"og:image:height\" content=\"460\" \/>\n\t<meta property=\"og:image:type\" content=\"image\/png\" \/>\n<meta name=\"author\" content=\"apuntesdesanluis.com\" \/>\n<meta name=\"twitter:card\" content=\"summary_large_image\" \/>\n<meta name=\"twitter:label1\" content=\"Escrito por\" \/>\n\t<meta name=\"twitter:data1\" content=\"apuntesdesanluis.com\" \/>\n\t<meta name=\"twitter:label2\" content=\"Tiempo de lectura\" \/>\n\t<meta name=\"twitter:data2\" content=\"4 minutos\" \/>\n<script type=\"application\/ld+json\" class=\"yoast-schema-graph\">{\"@context\":\"https:\/\/schema.org\",\"@graph\":[{\"@type\":\"Article\",\"@id\":\"https:\/\/apuntesdesanluis.com\/index.php\/2024\/07\/24\/nuestro-tanque-emblema-del-compromiso-de-los-trabajadores-y-una-comunidad-pujante\/#article\",\"isPartOf\":{\"@id\":\"https:\/\/apuntesdesanluis.com\/index.php\/2024\/07\/24\/nuestro-tanque-emblema-del-compromiso-de-los-trabajadores-y-una-comunidad-pujante\/\"},\"author\":{\"name\":\"apuntesdesanluis.com\",\"@id\":\"https:\/\/apuntesdesanluis.com\/#\/schema\/person\/b55151d52296fcce64d1a72538a70b90\"},\"headline\":\"NUESTRO TANQUE, EMBLEMA DEL COMPROMISO DE LOS TRABAJADORES Y UNA COMUNIDAD PUJANTE\",\"datePublished\":\"2024-07-24T19:58:57+00:00\",\"dateModified\":\"2024-07-24T20:07:01+00:00\",\"mainEntityOfPage\":{\"@id\":\"https:\/\/apuntesdesanluis.com\/index.php\/2024\/07\/24\/nuestro-tanque-emblema-del-compromiso-de-los-trabajadores-y-una-comunidad-pujante\/\"},\"wordCount\":778,\"publisher\":{\"@id\":\"https:\/\/apuntesdesanluis.com\/#\/schema\/person\/b55151d52296fcce64d1a72538a70b90\"},\"image\":{\"@id\":\"https:\/\/apuntesdesanluis.com\/index.php\/2024\/07\/24\/nuestro-tanque-emblema-del-compromiso-de-los-trabajadores-y-una-comunidad-pujante\/#primaryimage\"},\"thumbnailUrl\":\"https:\/\/apuntesdesanluis.com\/wp-content\/uploads\/2024\/07\/tanque.png\",\"articleSection\":[\"Opini\u00f3n\"],\"inLanguage\":\"es-AR\"},{\"@type\":\"WebPage\",\"@id\":\"https:\/\/apuntesdesanluis.com\/index.php\/2024\/07\/24\/nuestro-tanque-emblema-del-compromiso-de-los-trabajadores-y-una-comunidad-pujante\/\",\"url\":\"https:\/\/apuntesdesanluis.com\/index.php\/2024\/07\/24\/nuestro-tanque-emblema-del-compromiso-de-los-trabajadores-y-una-comunidad-pujante\/\",\"name\":\"NUESTRO TANQUE, EMBLEMA DEL COMPROMISO DE LOS TRABAJADORES Y UNA COMUNIDAD PUJANTE - Apuntes de San Luis\",\"isPartOf\":{\"@id\":\"https:\/\/apuntesdesanluis.com\/#website\"},\"primaryImageOfPage\":{\"@id\":\"https:\/\/apuntesdesanluis.com\/index.php\/2024\/07\/24\/nuestro-tanque-emblema-del-compromiso-de-los-trabajadores-y-una-comunidad-pujante\/#primaryimage\"},\"image\":{\"@id\":\"https:\/\/apuntesdesanluis.com\/index.php\/2024\/07\/24\/nuestro-tanque-emblema-del-compromiso-de-los-trabajadores-y-una-comunidad-pujante\/#primaryimage\"},\"thumbnailUrl\":\"https:\/\/apuntesdesanluis.com\/wp-content\/uploads\/2024\/07\/tanque.png\",\"datePublished\":\"2024-07-24T19:58:57+00:00\",\"dateModified\":\"2024-07-24T20:07:01+00:00\",\"breadcrumb\":{\"@id\":\"https:\/\/apuntesdesanluis.com\/index.php\/2024\/07\/24\/nuestro-tanque-emblema-del-compromiso-de-los-trabajadores-y-una-comunidad-pujante\/#breadcrumb\"},\"inLanguage\":\"es-AR\",\"potentialAction\":[{\"@type\":\"ReadAction\",\"target\":[\"https:\/\/apuntesdesanluis.com\/index.php\/2024\/07\/24\/nuestro-tanque-emblema-del-compromiso-de-los-trabajadores-y-una-comunidad-pujante\/\"]}]},{\"@type\":\"ImageObject\",\"inLanguage\":\"es-AR\",\"@id\":\"https:\/\/apuntesdesanluis.com\/index.php\/2024\/07\/24\/nuestro-tanque-emblema-del-compromiso-de-los-trabajadores-y-una-comunidad-pujante\/#primaryimage\",\"url\":\"https:\/\/apuntesdesanluis.com\/wp-content\/uploads\/2024\/07\/tanque.png\",\"contentUrl\":\"https:\/\/apuntesdesanluis.com\/wp-content\/uploads\/2024\/07\/tanque.png\",\"width\":700,\"height\":460},{\"@type\":\"BreadcrumbList\",\"@id\":\"https:\/\/apuntesdesanluis.com\/index.php\/2024\/07\/24\/nuestro-tanque-emblema-del-compromiso-de-los-trabajadores-y-una-comunidad-pujante\/#breadcrumb\",\"itemListElement\":[{\"@type\":\"ListItem\",\"position\":1,\"name\":\"Inicio\",\"item\":\"https:\/\/apuntesdesanluis.com\/\"},{\"@type\":\"ListItem\",\"position\":2,\"name\":\"NUESTRO TANQUE, EMBLEMA DEL COMPROMISO DE LOS TRABAJADORES Y UNA COMUNIDAD PUJANTE\"}]},{\"@type\":\"WebSite\",\"@id\":\"https:\/\/apuntesdesanluis.com\/#website\",\"url\":\"https:\/\/apuntesdesanluis.com\/\",\"name\":\"Apuntes de San Luis\",\"description\":\"\",\"publisher\":{\"@id\":\"https:\/\/apuntesdesanluis.com\/#\/schema\/person\/b55151d52296fcce64d1a72538a70b90\"},\"potentialAction\":[{\"@type\":\"SearchAction\",\"target\":{\"@type\":\"EntryPoint\",\"urlTemplate\":\"https:\/\/apuntesdesanluis.com\/?s={search_term_string}\"},\"query-input\":{\"@type\":\"PropertyValueSpecification\",\"valueRequired\":true,\"valueName\":\"search_term_string\"}}],\"inLanguage\":\"es-AR\"},{\"@type\":[\"Person\",\"Organization\"],\"@id\":\"https:\/\/apuntesdesanluis.com\/#\/schema\/person\/b55151d52296fcce64d1a72538a70b90\",\"name\":\"apuntesdesanluis.com\",\"image\":{\"@type\":\"ImageObject\",\"inLanguage\":\"es-AR\",\"@id\":\"https:\/\/apuntesdesanluis.com\/#\/schema\/person\/image\/\",\"url\":\"https:\/\/apuntesdesanluis.com\/wp-content\/uploads\/2023\/07\/cropped-apuntesdesanluis.png\",\"contentUrl\":\"https:\/\/apuntesdesanluis.com\/wp-content\/uploads\/2023\/07\/cropped-apuntesdesanluis.png\",\"width\":450,\"height\":112,\"caption\":\"apuntesdesanluis.com\"},\"logo\":{\"@id\":\"https:\/\/apuntesdesanluis.com\/#\/schema\/person\/image\/\"},\"sameAs\":[\"https:\/\/apuntesdesanluis.com\"],\"url\":\"https:\/\/apuntesdesanluis.com\/index.php\/author\/apuntesdesanluis-com\/\"}]}<\/script>\n<!-- \/ Yoast SEO plugin. -->","yoast_head_json":{"title":"NUESTRO TANQUE, EMBLEMA DEL COMPROMISO DE LOS TRABAJADORES Y UNA COMUNIDAD PUJANTE - Apuntes de San Luis","robots":{"index":"index","follow":"follow","max-snippet":"max-snippet:-1","max-image-preview":"max-image-preview:large","max-video-preview":"max-video-preview:-1"},"canonical":"https:\/\/apuntesdesanluis.com\/index.php\/2024\/07\/24\/nuestro-tanque-emblema-del-compromiso-de-los-trabajadores-y-una-comunidad-pujante\/","og_locale":"es_ES","og_type":"article","og_title":"NUESTRO TANQUE, EMBLEMA DEL COMPROMISO DE LOS TRABAJADORES Y UNA COMUNIDAD PUJANTE - Apuntes de San Luis","og_description":"Por Jos\u00e9 Ucelay &#8211; Roberto Mu\u00f1oz &#8211; Jorge Villegas * &nbsp; Sin dudas, buena parte...","og_url":"https:\/\/apuntesdesanluis.com\/index.php\/2024\/07\/24\/nuestro-tanque-emblema-del-compromiso-de-los-trabajadores-y-una-comunidad-pujante\/","og_site_name":"Apuntes de San Luis","article_published_time":"2024-07-24T19:58:57+00:00","article_modified_time":"2024-07-24T20:07:01+00:00","og_image":[{"width":700,"height":460,"url":"https:\/\/apuntesdesanluis.com\/wp-content\/uploads\/2024\/07\/tanque.png","type":"image\/png"}],"author":"apuntesdesanluis.com","twitter_card":"summary_large_image","twitter_misc":{"Escrito por":"apuntesdesanluis.com","Tiempo de lectura":"4 minutos"},"schema":{"@context":"https:\/\/schema.org","@graph":[{"@type":"Article","@id":"https:\/\/apuntesdesanluis.com\/index.php\/2024\/07\/24\/nuestro-tanque-emblema-del-compromiso-de-los-trabajadores-y-una-comunidad-pujante\/#article","isPartOf":{"@id":"https:\/\/apuntesdesanluis.com\/index.php\/2024\/07\/24\/nuestro-tanque-emblema-del-compromiso-de-los-trabajadores-y-una-comunidad-pujante\/"},"author":{"name":"apuntesdesanluis.com","@id":"https:\/\/apuntesdesanluis.com\/#\/schema\/person\/b55151d52296fcce64d1a72538a70b90"},"headline":"NUESTRO TANQUE, EMBLEMA DEL COMPROMISO DE LOS TRABAJADORES Y UNA COMUNIDAD PUJANTE","datePublished":"2024-07-24T19:58:57+00:00","dateModified":"2024-07-24T20:07:01+00:00","mainEntityOfPage":{"@id":"https:\/\/apuntesdesanluis.com\/index.php\/2024\/07\/24\/nuestro-tanque-emblema-del-compromiso-de-los-trabajadores-y-una-comunidad-pujante\/"},"wordCount":778,"publisher":{"@id":"https:\/\/apuntesdesanluis.com\/#\/schema\/person\/b55151d52296fcce64d1a72538a70b90"},"image":{"@id":"https:\/\/apuntesdesanluis.com\/index.php\/2024\/07\/24\/nuestro-tanque-emblema-del-compromiso-de-los-trabajadores-y-una-comunidad-pujante\/#primaryimage"},"thumbnailUrl":"https:\/\/apuntesdesanluis.com\/wp-content\/uploads\/2024\/07\/tanque.png","articleSection":["Opini\u00f3n"],"inLanguage":"es-AR"},{"@type":"WebPage","@id":"https:\/\/apuntesdesanluis.com\/index.php\/2024\/07\/24\/nuestro-tanque-emblema-del-compromiso-de-los-trabajadores-y-una-comunidad-pujante\/","url":"https:\/\/apuntesdesanluis.com\/index.php\/2024\/07\/24\/nuestro-tanque-emblema-del-compromiso-de-los-trabajadores-y-una-comunidad-pujante\/","name":"NUESTRO TANQUE, EMBLEMA DEL COMPROMISO DE LOS TRABAJADORES Y UNA COMUNIDAD PUJANTE - Apuntes de San Luis","isPartOf":{"@id":"https:\/\/apuntesdesanluis.com\/#website"},"primaryImageOfPage":{"@id":"https:\/\/apuntesdesanluis.com\/index.php\/2024\/07\/24\/nuestro-tanque-emblema-del-compromiso-de-los-trabajadores-y-una-comunidad-pujante\/#primaryimage"},"image":{"@id":"https:\/\/apuntesdesanluis.com\/index.php\/2024\/07\/24\/nuestro-tanque-emblema-del-compromiso-de-los-trabajadores-y-una-comunidad-pujante\/#primaryimage"},"thumbnailUrl":"https:\/\/apuntesdesanluis.com\/wp-content\/uploads\/2024\/07\/tanque.png","datePublished":"2024-07-24T19:58:57+00:00","dateModified":"2024-07-24T20:07:01+00:00","breadcrumb":{"@id":"https:\/\/apuntesdesanluis.com\/index.php\/2024\/07\/24\/nuestro-tanque-emblema-del-compromiso-de-los-trabajadores-y-una-comunidad-pujante\/#breadcrumb"},"inLanguage":"es-AR","potentialAction":[{"@type":"ReadAction","target":["https:\/\/apuntesdesanluis.com\/index.php\/2024\/07\/24\/nuestro-tanque-emblema-del-compromiso-de-los-trabajadores-y-una-comunidad-pujante\/"]}]},{"@type":"ImageObject","inLanguage":"es-AR","@id":"https:\/\/apuntesdesanluis.com\/index.php\/2024\/07\/24\/nuestro-tanque-emblema-del-compromiso-de-los-trabajadores-y-una-comunidad-pujante\/#primaryimage","url":"https:\/\/apuntesdesanluis.com\/wp-content\/uploads\/2024\/07\/tanque.png","contentUrl":"https:\/\/apuntesdesanluis.com\/wp-content\/uploads\/2024\/07\/tanque.png","width":700,"height":460},{"@type":"BreadcrumbList","@id":"https:\/\/apuntesdesanluis.com\/index.php\/2024\/07\/24\/nuestro-tanque-emblema-del-compromiso-de-los-trabajadores-y-una-comunidad-pujante\/#breadcrumb","itemListElement":[{"@type":"ListItem","position":1,"name":"Inicio","item":"https:\/\/apuntesdesanluis.com\/"},{"@type":"ListItem","position":2,"name":"NUESTRO TANQUE, EMBLEMA DEL COMPROMISO DE LOS TRABAJADORES Y UNA COMUNIDAD PUJANTE"}]},{"@type":"WebSite","@id":"https:\/\/apuntesdesanluis.com\/#website","url":"https:\/\/apuntesdesanluis.com\/","name":"Apuntes de San Luis","description":"","publisher":{"@id":"https:\/\/apuntesdesanluis.com\/#\/schema\/person\/b55151d52296fcce64d1a72538a70b90"},"potentialAction":[{"@type":"SearchAction","target":{"@type":"EntryPoint","urlTemplate":"https:\/\/apuntesdesanluis.com\/?s={search_term_string}"},"query-input":{"@type":"PropertyValueSpecification","valueRequired":true,"valueName":"search_term_string"}}],"inLanguage":"es-AR"},{"@type":["Person","Organization"],"@id":"https:\/\/apuntesdesanluis.com\/#\/schema\/person\/b55151d52296fcce64d1a72538a70b90","name":"apuntesdesanluis.com","image":{"@type":"ImageObject","inLanguage":"es-AR","@id":"https:\/\/apuntesdesanluis.com\/#\/schema\/person\/image\/","url":"https:\/\/apuntesdesanluis.com\/wp-content\/uploads\/2023\/07\/cropped-apuntesdesanluis.png","contentUrl":"https:\/\/apuntesdesanluis.com\/wp-content\/uploads\/2023\/07\/cropped-apuntesdesanluis.png","width":450,"height":112,"caption":"apuntesdesanluis.com"},"logo":{"@id":"https:\/\/apuntesdesanluis.com\/#\/schema\/person\/image\/"},"sameAs":["https:\/\/apuntesdesanluis.com"],"url":"https:\/\/apuntesdesanluis.com\/index.php\/author\/apuntesdesanluis-com\/"}]}},"featured_image_urls":{"full":["https:\/\/apuntesdesanluis.com\/wp-content\/uploads\/2024\/07\/tanque.png",700,460,false],"thumbnail":["https:\/\/apuntesdesanluis.com\/wp-content\/uploads\/2024\/07\/tanque-150x150.png",150,150,true],"medium":["https:\/\/apuntesdesanluis.com\/wp-content\/uploads\/2024\/07\/tanque-300x197.png",300,197,true],"medium_large":["https:\/\/apuntesdesanluis.com\/wp-content\/uploads\/2024\/07\/tanque.png",640,421,false],"large":["https:\/\/apuntesdesanluis.com\/wp-content\/uploads\/2024\/07\/tanque.png",640,421,false],"1536x1536":["https:\/\/apuntesdesanluis.com\/wp-content\/uploads\/2024\/07\/tanque.png",700,460,false],"2048x2048":["https:\/\/apuntesdesanluis.com\/wp-content\/uploads\/2024\/07\/tanque.png",700,460,false],"newsever-slider-full":["https:\/\/apuntesdesanluis.com\/wp-content\/uploads\/2024\/07\/tanque.png",700,460,false],"newsever-featured":["https:\/\/apuntesdesanluis.com\/wp-content\/uploads\/2024\/07\/tanque.png",700,460,false],"newsever-medium":["https:\/\/apuntesdesanluis.com\/wp-content\/uploads\/2024\/07\/tanque.png",700,460,false]},"author_info":{"display_name":"apuntesdesanluis.com","author_link":"https:\/\/apuntesdesanluis.com\/index.php\/author\/apuntesdesanluis-com\/"},"category_info":"<a href=\"https:\/\/apuntesdesanluis.com\/index.php\/category\/opinion\/\" rel=\"category tag\">Opini\u00f3n<\/a>","tag_info":"Opini\u00f3n","comment_count":"0","_links":{"self":[{"href":"https:\/\/apuntesdesanluis.com\/index.php\/wp-json\/wp\/v2\/posts\/19790","targetHints":{"allow":["GET"]}}],"collection":[{"href":"https:\/\/apuntesdesanluis.com\/index.php\/wp-json\/wp\/v2\/posts"}],"about":[{"href":"https:\/\/apuntesdesanluis.com\/index.php\/wp-json\/wp\/v2\/types\/post"}],"author":[{"embeddable":true,"href":"https:\/\/apuntesdesanluis.com\/index.php\/wp-json\/wp\/v2\/users\/1"}],"replies":[{"embeddable":true,"href":"https:\/\/apuntesdesanluis.com\/index.php\/wp-json\/wp\/v2\/comments?post=19790"}],"version-history":[{"count":4,"href":"https:\/\/apuntesdesanluis.com\/index.php\/wp-json\/wp\/v2\/posts\/19790\/revisions"}],"predecessor-version":[{"id":19796,"href":"https:\/\/apuntesdesanluis.com\/index.php\/wp-json\/wp\/v2\/posts\/19790\/revisions\/19796"}],"wp:featuredmedia":[{"embeddable":true,"href":"https:\/\/apuntesdesanluis.com\/index.php\/wp-json\/wp\/v2\/media\/19792"}],"wp:attachment":[{"href":"https:\/\/apuntesdesanluis.com\/index.php\/wp-json\/wp\/v2\/media?parent=19790"}],"wp:term":[{"taxonomy":"category","embeddable":true,"href":"https:\/\/apuntesdesanluis.com\/index.php\/wp-json\/wp\/v2\/categories?post=19790"},{"taxonomy":"post_tag","embeddable":true,"href":"https:\/\/apuntesdesanluis.com\/index.php\/wp-json\/wp\/v2\/tags?post=19790"}],"curies":[{"name":"wp","href":"https:\/\/api.w.org\/{rel}","templated":true}]}}