{"id":19803,"date":"2024-07-24T17:47:00","date_gmt":"2024-07-24T20:47:00","guid":{"rendered":"https:\/\/apuntesdesanluis.com\/?p=19803"},"modified":"2024-07-24T17:47:00","modified_gmt":"2024-07-24T20:47:00","slug":"piden-15-anos-de-prision-para-un-hombre-acusado-de-atacar-a-dos-hermanos","status":"publish","type":"post","link":"https:\/\/apuntesdesanluis.com\/index.php\/2024\/07\/24\/piden-15-anos-de-prision-para-un-hombre-acusado-de-atacar-a-dos-hermanos\/","title":{"rendered":"PIDEN 15 A\u00d1OS DE PRISI\u00d3N PARA UN HOMBRE ACUSADO DE ATACAR A DOS HERMANOS"},"content":{"rendered":"<h3>El Juzgado de Garant\u00edas N\u00b0 2 de la ciudad de San Luis elev\u00f3 a juicio una causa contra <strong>Marcos Herrera<\/strong> por lesiones y homicidio en grado de tentativa en perjuicio de los hermanos <strong>Joaqu\u00edn<\/strong> y <strong>Agust\u00edn Duvara<\/strong>, a quienes presuntamente golpe\u00f3 el 5 mayo de 2022 en el Barrio Ignacio Vidal de la capital puntana.<\/h3>\n<h3>Seg\u00fan la denuncia, el imputado de 33 a\u00f1os atac\u00f3 con una manopla a uno de los j\u00f3venes y con un tubo de gas de 70 cent\u00edmetros al otro, provoc\u00e1ndole la fractura de maxilar y la p\u00e9rdida del ojo derecho.<\/h3>\n<h3>La audiencia por requerimiento de apertura a debate se realiz\u00f3 este mi\u00e9rcoles a la ma\u00f1ana. En su acusaci\u00f3n, el fiscal de Instrucci\u00f3n N\u00b0 3, Esteban Roche, solicit\u00f3 petici\u00f3n punitiva provisoria de 15 a\u00f1os de prisi\u00f3n por homicidio en grado de tentativa en concurso real con lesiones leves por dos hechos.<\/h3>\n<h3>El acusado, representado por el abogado Hugo Scarzo, continuar\u00e1 alojado en el Servicio Penitenciario Provincial bajo prisi\u00f3n preventiva.<\/h3>\n<h3><strong>DETENCI\u00d3N EN UN PASO FRONTERIZO<\/strong><\/h3>\n<h3>Tres semanas despu\u00e9s del hecho, en mayo de 2022, cuando la Fiscal\u00eda formaliz\u00f3 la detenci\u00f3n de Herrera, el imputado no se encontraba en su vivienda.<\/h3>\n<h3>A partir de ese momento, el Ministerio P\u00fablico Fiscal orden\u00f3 intervenir las comunicaciones de sus contactos cercanos y, a partir de la informaci\u00f3n que obtuvieron de esas escuchas y del trabajo en redes sociales que realiz\u00f3 en el Departamento Delitos Complejos, detectaron un perfil a nombre de Herrera que hab\u00eda tenido actividad entre el 28 de diciembre de 2022 y el 9 de enero de 2023, en Brasil.<\/h3>\n<h3>Fue detenido por Gendarmer\u00eda Nacional cuando cruzaba el paso fronterizo de Paso de los Libres, desde Brasil hacia Argentina.<\/h3>\n<p>&nbsp;<\/p>\n<p>&nbsp;<\/p>\n<p>&nbsp;<\/p>\n<p>&nbsp;<\/p>\n<p>&nbsp;<\/p>\n<p>&nbsp;<\/p>\n","protected":false},"excerpt":{"rendered":"<p>El Juzgado de Garant\u00edas N\u00b0 2 de la ciudad de San Luis elev\u00f3 a juicio&#8230;<\/p>\n","protected":false},"author":1,"featured_media":19804,"comment_status":"closed","ping_status":"closed","sticky":false,"template":"","format":"standard","meta":{"footnotes":""},"categories":[6],"tags":[],"class_list":["post-19803","post","type-post","status-publish","format-standard","has-post-thumbnail","hentry","category-ciudad-provincia"],"yoast_head":"<!-- This site is optimized with the Yoast SEO plugin v26.1.1 - https:\/\/yoast.com\/wordpress\/plugins\/seo\/ -->\n<title>PIDEN 15 A\u00d1OS DE PRISI\u00d3N PARA UN HOMBRE ACUSADO DE ATACAR A DOS HERMANOS - Apuntes de San Luis<\/title>\n<meta name=\"robots\" content=\"index, follow, max-snippet:-1, max-image-preview:large, max-video-preview:-1\" \/>\n<link rel=\"canonical\" href=\"https:\/\/apuntesdesanluis.com\/index.php\/2024\/07\/24\/piden-15-anos-de-prision-para-un-hombre-acusado-de-atacar-a-dos-hermanos\/\" \/>\n<meta property=\"og:locale\" content=\"es_ES\" \/>\n<meta property=\"og:type\" content=\"article\" \/>\n<meta property=\"og:title\" content=\"PIDEN 15 A\u00d1OS DE PRISI\u00d3N PARA UN HOMBRE ACUSADO DE ATACAR A DOS HERMANOS - Apuntes de San Luis\" \/>\n<meta property=\"og:description\" content=\"El Juzgado de Garant\u00edas N\u00b0 2 de la ciudad de San Luis elev\u00f3 a juicio...\" \/>\n<meta property=\"og:url\" content=\"https:\/\/apuntesdesanluis.com\/index.php\/2024\/07\/24\/piden-15-anos-de-prision-para-un-hombre-acusado-de-atacar-a-dos-hermanos\/\" \/>\n<meta property=\"og:site_name\" content=\"Apuntes de San Luis\" \/>\n<meta property=\"article:published_time\" content=\"2024-07-24T20:47:00+00:00\" \/>\n<meta property=\"og:image\" content=\"https:\/\/apuntesdesanluis.com\/wp-content\/uploads\/2024\/07\/juicio.png\" \/>\n\t<meta property=\"og:image:width\" content=\"600\" \/>\n\t<meta property=\"og:image:height\" content=\"341\" \/>\n\t<meta property=\"og:image:type\" content=\"image\/png\" \/>\n<meta name=\"author\" content=\"apuntesdesanluis.com\" \/>\n<meta name=\"twitter:card\" content=\"summary_large_image\" \/>\n<meta name=\"twitter:label1\" content=\"Escrito por\" \/>\n\t<meta name=\"twitter:data1\" content=\"apuntesdesanluis.com\" \/>\n\t<meta name=\"twitter:label2\" content=\"Tiempo de lectura\" \/>\n\t<meta name=\"twitter:data2\" content=\"2 minutos\" \/>\n<script type=\"application\/ld+json\" class=\"yoast-schema-graph\">{\"@context\":\"https:\/\/schema.org\",\"@graph\":[{\"@type\":\"Article\",\"@id\":\"https:\/\/apuntesdesanluis.com\/index.php\/2024\/07\/24\/piden-15-anos-de-prision-para-un-hombre-acusado-de-atacar-a-dos-hermanos\/#article\",\"isPartOf\":{\"@id\":\"https:\/\/apuntesdesanluis.com\/index.php\/2024\/07\/24\/piden-15-anos-de-prision-para-un-hombre-acusado-de-atacar-a-dos-hermanos\/\"},\"author\":{\"name\":\"apuntesdesanluis.com\",\"@id\":\"https:\/\/apuntesdesanluis.com\/#\/schema\/person\/b55151d52296fcce64d1a72538a70b90\"},\"headline\":\"PIDEN 15 A\u00d1OS DE PRISI\u00d3N PARA UN HOMBRE ACUSADO DE ATACAR A DOS HERMANOS\",\"datePublished\":\"2024-07-24T20:47:00+00:00\",\"mainEntityOfPage\":{\"@id\":\"https:\/\/apuntesdesanluis.com\/index.php\/2024\/07\/24\/piden-15-anos-de-prision-para-un-hombre-acusado-de-atacar-a-dos-hermanos\/\"},\"wordCount\":313,\"publisher\":{\"@id\":\"https:\/\/apuntesdesanluis.com\/#\/schema\/person\/b55151d52296fcce64d1a72538a70b90\"},\"image\":{\"@id\":\"https:\/\/apuntesdesanluis.com\/index.php\/2024\/07\/24\/piden-15-anos-de-prision-para-un-hombre-acusado-de-atacar-a-dos-hermanos\/#primaryimage\"},\"thumbnailUrl\":\"https:\/\/apuntesdesanluis.com\/wp-content\/uploads\/2024\/07\/juicio.png\",\"articleSection\":[\"Ciudad\/Provincia\"],\"inLanguage\":\"es-AR\"},{\"@type\":\"WebPage\",\"@id\":\"https:\/\/apuntesdesanluis.com\/index.php\/2024\/07\/24\/piden-15-anos-de-prision-para-un-hombre-acusado-de-atacar-a-dos-hermanos\/\",\"url\":\"https:\/\/apuntesdesanluis.com\/index.php\/2024\/07\/24\/piden-15-anos-de-prision-para-un-hombre-acusado-de-atacar-a-dos-hermanos\/\",\"name\":\"PIDEN 15 A\u00d1OS DE PRISI\u00d3N PARA UN HOMBRE ACUSADO DE ATACAR A DOS HERMANOS - Apuntes de San Luis\",\"isPartOf\":{\"@id\":\"https:\/\/apuntesdesanluis.com\/#website\"},\"primaryImageOfPage\":{\"@id\":\"https:\/\/apuntesdesanluis.com\/index.php\/2024\/07\/24\/piden-15-anos-de-prision-para-un-hombre-acusado-de-atacar-a-dos-hermanos\/#primaryimage\"},\"image\":{\"@id\":\"https:\/\/apuntesdesanluis.com\/index.php\/2024\/07\/24\/piden-15-anos-de-prision-para-un-hombre-acusado-de-atacar-a-dos-hermanos\/#primaryimage\"},\"thumbnailUrl\":\"https:\/\/apuntesdesanluis.com\/wp-content\/uploads\/2024\/07\/juicio.png\",\"datePublished\":\"2024-07-24T20:47:00+00:00\",\"breadcrumb\":{\"@id\":\"https:\/\/apuntesdesanluis.com\/index.php\/2024\/07\/24\/piden-15-anos-de-prision-para-un-hombre-acusado-de-atacar-a-dos-hermanos\/#breadcrumb\"},\"inLanguage\":\"es-AR\",\"potentialAction\":[{\"@type\":\"ReadAction\",\"target\":[\"https:\/\/apuntesdesanluis.com\/index.php\/2024\/07\/24\/piden-15-anos-de-prision-para-un-hombre-acusado-de-atacar-a-dos-hermanos\/\"]}]},{\"@type\":\"ImageObject\",\"inLanguage\":\"es-AR\",\"@id\":\"https:\/\/apuntesdesanluis.com\/index.php\/2024\/07\/24\/piden-15-anos-de-prision-para-un-hombre-acusado-de-atacar-a-dos-hermanos\/#primaryimage\",\"url\":\"https:\/\/apuntesdesanluis.com\/wp-content\/uploads\/2024\/07\/juicio.png\",\"contentUrl\":\"https:\/\/apuntesdesanluis.com\/wp-content\/uploads\/2024\/07\/juicio.png\",\"width\":600,\"height\":341},{\"@type\":\"BreadcrumbList\",\"@id\":\"https:\/\/apuntesdesanluis.com\/index.php\/2024\/07\/24\/piden-15-anos-de-prision-para-un-hombre-acusado-de-atacar-a-dos-hermanos\/#breadcrumb\",\"itemListElement\":[{\"@type\":\"ListItem\",\"position\":1,\"name\":\"Inicio\",\"item\":\"https:\/\/apuntesdesanluis.com\/\"},{\"@type\":\"ListItem\",\"position\":2,\"name\":\"PIDEN 15 A\u00d1OS DE PRISI\u00d3N PARA UN HOMBRE ACUSADO DE ATACAR A DOS HERMANOS\"}]},{\"@type\":\"WebSite\",\"@id\":\"https:\/\/apuntesdesanluis.com\/#website\",\"url\":\"https:\/\/apuntesdesanluis.com\/\",\"name\":\"Apuntes de San Luis\",\"description\":\"\",\"publisher\":{\"@id\":\"https:\/\/apuntesdesanluis.com\/#\/schema\/person\/b55151d52296fcce64d1a72538a70b90\"},\"potentialAction\":[{\"@type\":\"SearchAction\",\"target\":{\"@type\":\"EntryPoint\",\"urlTemplate\":\"https:\/\/apuntesdesanluis.com\/?s={search_term_string}\"},\"query-input\":{\"@type\":\"PropertyValueSpecification\",\"valueRequired\":true,\"valueName\":\"search_term_string\"}}],\"inLanguage\":\"es-AR\"},{\"@type\":[\"Person\",\"Organization\"],\"@id\":\"https:\/\/apuntesdesanluis.com\/#\/schema\/person\/b55151d52296fcce64d1a72538a70b90\",\"name\":\"apuntesdesanluis.com\",\"image\":{\"@type\":\"ImageObject\",\"inLanguage\":\"es-AR\",\"@id\":\"https:\/\/apuntesdesanluis.com\/#\/schema\/person\/image\/\",\"url\":\"https:\/\/apuntesdesanluis.com\/wp-content\/uploads\/2023\/07\/cropped-apuntesdesanluis.png\",\"contentUrl\":\"https:\/\/apuntesdesanluis.com\/wp-content\/uploads\/2023\/07\/cropped-apuntesdesanluis.png\",\"width\":450,\"height\":112,\"caption\":\"apuntesdesanluis.com\"},\"logo\":{\"@id\":\"https:\/\/apuntesdesanluis.com\/#\/schema\/person\/image\/\"},\"sameAs\":[\"https:\/\/apuntesdesanluis.com\"],\"url\":\"https:\/\/apuntesdesanluis.com\/index.php\/author\/apuntesdesanluis-com\/\"}]}<\/script>\n<!-- \/ Yoast SEO plugin. -->","yoast_head_json":{"title":"PIDEN 15 A\u00d1OS DE PRISI\u00d3N PARA UN HOMBRE ACUSADO DE ATACAR A DOS HERMANOS - Apuntes de San Luis","robots":{"index":"index","follow":"follow","max-snippet":"max-snippet:-1","max-image-preview":"max-image-preview:large","max-video-preview":"max-video-preview:-1"},"canonical":"https:\/\/apuntesdesanluis.com\/index.php\/2024\/07\/24\/piden-15-anos-de-prision-para-un-hombre-acusado-de-atacar-a-dos-hermanos\/","og_locale":"es_ES","og_type":"article","og_title":"PIDEN 15 A\u00d1OS DE PRISI\u00d3N PARA UN HOMBRE ACUSADO DE ATACAR A DOS HERMANOS - Apuntes de San Luis","og_description":"El Juzgado de Garant\u00edas N\u00b0 2 de la ciudad de San Luis elev\u00f3 a juicio...","og_url":"https:\/\/apuntesdesanluis.com\/index.php\/2024\/07\/24\/piden-15-anos-de-prision-para-un-hombre-acusado-de-atacar-a-dos-hermanos\/","og_site_name":"Apuntes de San Luis","article_published_time":"2024-07-24T20:47:00+00:00","og_image":[{"width":600,"height":341,"url":"https:\/\/apuntesdesanluis.com\/wp-content\/uploads\/2024\/07\/juicio.png","type":"image\/png"}],"author":"apuntesdesanluis.com","twitter_card":"summary_large_image","twitter_misc":{"Escrito por":"apuntesdesanluis.com","Tiempo de lectura":"2 minutos"},"schema":{"@context":"https:\/\/schema.org","@graph":[{"@type":"Article","@id":"https:\/\/apuntesdesanluis.com\/index.php\/2024\/07\/24\/piden-15-anos-de-prision-para-un-hombre-acusado-de-atacar-a-dos-hermanos\/#article","isPartOf":{"@id":"https:\/\/apuntesdesanluis.com\/index.php\/2024\/07\/24\/piden-15-anos-de-prision-para-un-hombre-acusado-de-atacar-a-dos-hermanos\/"},"author":{"name":"apuntesdesanluis.com","@id":"https:\/\/apuntesdesanluis.com\/#\/schema\/person\/b55151d52296fcce64d1a72538a70b90"},"headline":"PIDEN 15 A\u00d1OS DE PRISI\u00d3N PARA UN HOMBRE ACUSADO DE ATACAR A DOS HERMANOS","datePublished":"2024-07-24T20:47:00+00:00","mainEntityOfPage":{"@id":"https:\/\/apuntesdesanluis.com\/index.php\/2024\/07\/24\/piden-15-anos-de-prision-para-un-hombre-acusado-de-atacar-a-dos-hermanos\/"},"wordCount":313,"publisher":{"@id":"https:\/\/apuntesdesanluis.com\/#\/schema\/person\/b55151d52296fcce64d1a72538a70b90"},"image":{"@id":"https:\/\/apuntesdesanluis.com\/index.php\/2024\/07\/24\/piden-15-anos-de-prision-para-un-hombre-acusado-de-atacar-a-dos-hermanos\/#primaryimage"},"thumbnailUrl":"https:\/\/apuntesdesanluis.com\/wp-content\/uploads\/2024\/07\/juicio.png","articleSection":["Ciudad\/Provincia"],"inLanguage":"es-AR"},{"@type":"WebPage","@id":"https:\/\/apuntesdesanluis.com\/index.php\/2024\/07\/24\/piden-15-anos-de-prision-para-un-hombre-acusado-de-atacar-a-dos-hermanos\/","url":"https:\/\/apuntesdesanluis.com\/index.php\/2024\/07\/24\/piden-15-anos-de-prision-para-un-hombre-acusado-de-atacar-a-dos-hermanos\/","name":"PIDEN 15 A\u00d1OS DE PRISI\u00d3N PARA UN HOMBRE ACUSADO DE ATACAR A DOS HERMANOS - Apuntes de San Luis","isPartOf":{"@id":"https:\/\/apuntesdesanluis.com\/#website"},"primaryImageOfPage":{"@id":"https:\/\/apuntesdesanluis.com\/index.php\/2024\/07\/24\/piden-15-anos-de-prision-para-un-hombre-acusado-de-atacar-a-dos-hermanos\/#primaryimage"},"image":{"@id":"https:\/\/apuntesdesanluis.com\/index.php\/2024\/07\/24\/piden-15-anos-de-prision-para-un-hombre-acusado-de-atacar-a-dos-hermanos\/#primaryimage"},"thumbnailUrl":"https:\/\/apuntesdesanluis.com\/wp-content\/uploads\/2024\/07\/juicio.png","datePublished":"2024-07-24T20:47:00+00:00","breadcrumb":{"@id":"https:\/\/apuntesdesanluis.com\/index.php\/2024\/07\/24\/piden-15-anos-de-prision-para-un-hombre-acusado-de-atacar-a-dos-hermanos\/#breadcrumb"},"inLanguage":"es-AR","potentialAction":[{"@type":"ReadAction","target":["https:\/\/apuntesdesanluis.com\/index.php\/2024\/07\/24\/piden-15-anos-de-prision-para-un-hombre-acusado-de-atacar-a-dos-hermanos\/"]}]},{"@type":"ImageObject","inLanguage":"es-AR","@id":"https:\/\/apuntesdesanluis.com\/index.php\/2024\/07\/24\/piden-15-anos-de-prision-para-un-hombre-acusado-de-atacar-a-dos-hermanos\/#primaryimage","url":"https:\/\/apuntesdesanluis.com\/wp-content\/uploads\/2024\/07\/juicio.png","contentUrl":"https:\/\/apuntesdesanluis.com\/wp-content\/uploads\/2024\/07\/juicio.png","width":600,"height":341},{"@type":"BreadcrumbList","@id":"https:\/\/apuntesdesanluis.com\/index.php\/2024\/07\/24\/piden-15-anos-de-prision-para-un-hombre-acusado-de-atacar-a-dos-hermanos\/#breadcrumb","itemListElement":[{"@type":"ListItem","position":1,"name":"Inicio","item":"https:\/\/apuntesdesanluis.com\/"},{"@type":"ListItem","position":2,"name":"PIDEN 15 A\u00d1OS DE PRISI\u00d3N PARA UN HOMBRE ACUSADO DE ATACAR A DOS HERMANOS"}]},{"@type":"WebSite","@id":"https:\/\/apuntesdesanluis.com\/#website","url":"https:\/\/apuntesdesanluis.com\/","name":"Apuntes de San Luis","description":"","publisher":{"@id":"https:\/\/apuntesdesanluis.com\/#\/schema\/person\/b55151d52296fcce64d1a72538a70b90"},"potentialAction":[{"@type":"SearchAction","target":{"@type":"EntryPoint","urlTemplate":"https:\/\/apuntesdesanluis.com\/?s={search_term_string}"},"query-input":{"@type":"PropertyValueSpecification","valueRequired":true,"valueName":"search_term_string"}}],"inLanguage":"es-AR"},{"@type":["Person","Organization"],"@id":"https:\/\/apuntesdesanluis.com\/#\/schema\/person\/b55151d52296fcce64d1a72538a70b90","name":"apuntesdesanluis.com","image":{"@type":"ImageObject","inLanguage":"es-AR","@id":"https:\/\/apuntesdesanluis.com\/#\/schema\/person\/image\/","url":"https:\/\/apuntesdesanluis.com\/wp-content\/uploads\/2023\/07\/cropped-apuntesdesanluis.png","contentUrl":"https:\/\/apuntesdesanluis.com\/wp-content\/uploads\/2023\/07\/cropped-apuntesdesanluis.png","width":450,"height":112,"caption":"apuntesdesanluis.com"},"logo":{"@id":"https:\/\/apuntesdesanluis.com\/#\/schema\/person\/image\/"},"sameAs":["https:\/\/apuntesdesanluis.com"],"url":"https:\/\/apuntesdesanluis.com\/index.php\/author\/apuntesdesanluis-com\/"}]}},"featured_image_urls":{"full":["https:\/\/apuntesdesanluis.com\/wp-content\/uploads\/2024\/07\/juicio.png",600,341,false],"thumbnail":["https:\/\/apuntesdesanluis.com\/wp-content\/uploads\/2024\/07\/juicio-150x150.png",150,150,true],"medium":["https:\/\/apuntesdesanluis.com\/wp-content\/uploads\/2024\/07\/juicio-300x171.png",300,171,true],"medium_large":["https:\/\/apuntesdesanluis.com\/wp-content\/uploads\/2024\/07\/juicio.png",600,341,false],"large":["https:\/\/apuntesdesanluis.com\/wp-content\/uploads\/2024\/07\/juicio.png",600,341,false],"1536x1536":["https:\/\/apuntesdesanluis.com\/wp-content\/uploads\/2024\/07\/juicio.png",600,341,false],"2048x2048":["https:\/\/apuntesdesanluis.com\/wp-content\/uploads\/2024\/07\/juicio.png",600,341,false],"newsever-slider-full":["https:\/\/apuntesdesanluis.com\/wp-content\/uploads\/2024\/07\/juicio.png",600,341,false],"newsever-featured":["https:\/\/apuntesdesanluis.com\/wp-content\/uploads\/2024\/07\/juicio.png",600,341,false],"newsever-medium":["https:\/\/apuntesdesanluis.com\/wp-content\/uploads\/2024\/07\/juicio.png",600,341,false]},"author_info":{"display_name":"apuntesdesanluis.com","author_link":"https:\/\/apuntesdesanluis.com\/index.php\/author\/apuntesdesanluis-com\/"},"category_info":"<a href=\"https:\/\/apuntesdesanluis.com\/index.php\/category\/ciudad-provincia\/\" rel=\"category tag\">Ciudad\/Provincia<\/a>","tag_info":"Ciudad\/Provincia","comment_count":"0","_links":{"self":[{"href":"https:\/\/apuntesdesanluis.com\/index.php\/wp-json\/wp\/v2\/posts\/19803","targetHints":{"allow":["GET"]}}],"collection":[{"href":"https:\/\/apuntesdesanluis.com\/index.php\/wp-json\/wp\/v2\/posts"}],"about":[{"href":"https:\/\/apuntesdesanluis.com\/index.php\/wp-json\/wp\/v2\/types\/post"}],"author":[{"embeddable":true,"href":"https:\/\/apuntesdesanluis.com\/index.php\/wp-json\/wp\/v2\/users\/1"}],"replies":[{"embeddable":true,"href":"https:\/\/apuntesdesanluis.com\/index.php\/wp-json\/wp\/v2\/comments?post=19803"}],"version-history":[{"count":1,"href":"https:\/\/apuntesdesanluis.com\/index.php\/wp-json\/wp\/v2\/posts\/19803\/revisions"}],"predecessor-version":[{"id":19805,"href":"https:\/\/apuntesdesanluis.com\/index.php\/wp-json\/wp\/v2\/posts\/19803\/revisions\/19805"}],"wp:featuredmedia":[{"embeddable":true,"href":"https:\/\/apuntesdesanluis.com\/index.php\/wp-json\/wp\/v2\/media\/19804"}],"wp:attachment":[{"href":"https:\/\/apuntesdesanluis.com\/index.php\/wp-json\/wp\/v2\/media?parent=19803"}],"wp:term":[{"taxonomy":"category","embeddable":true,"href":"https:\/\/apuntesdesanluis.com\/index.php\/wp-json\/wp\/v2\/categories?post=19803"},{"taxonomy":"post_tag","embeddable":true,"href":"https:\/\/apuntesdesanluis.com\/index.php\/wp-json\/wp\/v2\/tags?post=19803"}],"curies":[{"name":"wp","href":"https:\/\/api.w.org\/{rel}","templated":true}]}}