{"id":19826,"date":"2024-07-24T20:55:24","date_gmt":"2024-07-24T23:55:24","guid":{"rendered":"https:\/\/apuntesdesanluis.com\/?p=19826"},"modified":"2024-07-24T20:56:51","modified_gmt":"2024-07-24T23:56:51","slug":"la-presidente-del-senado-visito-la-expo-rural-2024-y-evito-referirse-a-sus-diferencias-con-milei","status":"publish","type":"post","link":"https:\/\/apuntesdesanluis.com\/index.php\/2024\/07\/24\/la-presidente-del-senado-visito-la-expo-rural-2024-y-evito-referirse-a-sus-diferencias-con-milei\/","title":{"rendered":"LA PRESIDENTE DEL SENADO VISIT\u00d3 LA EXPO RURAL 2024 Y EVIT\u00d3 REFERIRSE A SUS DIFERENCIAS CON MILEI"},"content":{"rendered":"<h3>La vicepresidente de la Naci\u00f3n, <strong>Victoria Villarruel<\/strong>, concurri\u00f3 este mi\u00e9rcoles a la Expo Rural, donde comparti\u00f3 un almuerzo con el Presidente de la Sociedad Rural Argentina, Nicol\u00e1s Pino, y evit\u00f3 profundizar sus diferencias con el presidente <strong>Javier Milei<\/strong>.<\/h3>\n<h3>Lo hizo acompa\u00f1ada por los senadores <strong>Bartolom\u00e9 Abdala<\/strong>, <strong>Luis Juez<\/strong> y <strong>Alfredo De Angeli<\/strong>, junto a quienes comparti\u00f3 el almuerzo con miembros de la comisi\u00f3n directiva en el restaurante central del predio de Palermo.<\/h3>\n<h3>En medio del operativo de seguridad que la escoltaba ante el abordaje de los m\u00faltiples reporteros, la Vicepresidenta fue consultada por su relaci\u00f3n con Javier Milei: &#8220;Bien, por supuesto, bien&#8221;. &#8220;No quiero quitarle relevancia a lo que vengo a hacer ac\u00e1 que es apoyar al campo. Disc\u00falpenme pero va a ser en otra oportunidad que hable de esa cuesti\u00f3n. Para m\u00ed hoy es el campo&#8221;, respondi\u00f3, ante la insistencia de los movileros.<\/h3>\n<p><img fetchpriority=\"high\" decoding=\"async\" class=\"wp-image-19827 aligncenter\" src=\"https:\/\/apuntesdesanluis.com\/wp-content\/uploads\/2024\/07\/49634-300x200.jpg\" alt=\"\" width=\"634\" height=\"422\" srcset=\"https:\/\/apuntesdesanluis.com\/wp-content\/uploads\/2024\/07\/49634-300x200.jpg 300w, https:\/\/apuntesdesanluis.com\/wp-content\/uploads\/2024\/07\/49634-1024x682.jpg 1024w, https:\/\/apuntesdesanluis.com\/wp-content\/uploads\/2024\/07\/49634-768x512.jpg 768w, https:\/\/apuntesdesanluis.com\/wp-content\/uploads\/2024\/07\/49634.jpg 1280w\" sizes=\"(max-width: 634px) 100vw, 634px\" \/><\/p>\n<h3>Luego realiz\u00f3 una recorrida por el predio, salud\u00f3 a numerosos visitantes, se sac\u00f3 fotos e incluso firm\u00f3 aut\u00f3grafos.<\/h3>\n<h3>En tanto que quien actu\u00f3 como vocero fue el senador nacional por San Luis, <strong>Bartolom\u00e9 Abdala,<\/strong> quien en declaraciones a los periodistas puso en valor la importancia que representa el campo para la econom\u00eda nacional.<\/h3>\n<p><img decoding=\"async\" class=\"wp-image-19829 aligncenter\" src=\"https:\/\/apuntesdesanluis.com\/wp-content\/uploads\/2024\/07\/ABDALA-300x201.jpg\" alt=\"\" width=\"637\" height=\"427\" srcset=\"https:\/\/apuntesdesanluis.com\/wp-content\/uploads\/2024\/07\/ABDALA-300x201.jpg 300w, https:\/\/apuntesdesanluis.com\/wp-content\/uploads\/2024\/07\/ABDALA.jpg 639w\" sizes=\"(max-width: 637px) 100vw, 637px\" \/><\/p>\n<!--[if lt IE 9]><script>document.createElement('audio');<\/script><![endif]-->\n\t<div class=\"wp-playlist wp-audio-playlist wp-playlist-light\">\n\t\t\t<div class=\"wp-playlist-current-item\"><\/div>\n\t\t<audio controls=\"controls\" preload=\"none\" width=\"618\"\n\t\t\t><\/audio>\n\t<div class=\"wp-playlist-next\"><\/div>\n\t<div class=\"wp-playlist-prev\"><\/div>\n\t<noscript>\n\t<ol>\n\t\t<li><a href='https:\/\/apuntesdesanluis.com\/wp-content\/uploads\/2024\/07\/ABDALA.ogg'>ABDALA<\/a><\/li>\t<\/ol>\n\t<\/noscript>\n\t<script type=\"application\/json\" class=\"wp-playlist-script\">{\"type\":\"audio\",\"tracklist\":true,\"tracknumbers\":true,\"images\":true,\"artists\":true,\"tracks\":[{\"src\":\"https:\\\/\\\/apuntesdesanluis.com\\\/wp-content\\\/uploads\\\/2024\\\/07\\\/ABDALA.ogg\",\"type\":\"audio\\\/ogg\",\"title\":\"ABDALA\",\"caption\":\"\",\"description\":\"\\\"ABDALA\\\".\",\"meta\":{\"length_formatted\":\"1:28\"},\"image\":{\"src\":\"https:\\\/\\\/apuntesdesanluis.com\\\/wp-includes\\\/images\\\/media\\\/audio.svg\",\"width\":48,\"height\":64},\"thumb\":{\"src\":\"https:\\\/\\\/apuntesdesanluis.com\\\/wp-includes\\\/images\\\/media\\\/audio.svg\",\"width\":48,\"height\":64}}]}<\/script>\n<\/div>\n\t\n<p>&nbsp;<\/p>\n<p>&nbsp;<\/p>\n<p>&nbsp;<\/p>\n","protected":false},"excerpt":{"rendered":"<p>La vicepresidente de la Naci\u00f3n, Victoria Villarruel, concurri\u00f3 este mi\u00e9rcoles a la Expo Rural, donde&#8230;<\/p>\n","protected":false},"author":1,"featured_media":19828,"comment_status":"closed","ping_status":"closed","sticky":false,"template":"","format":"standard","meta":{"footnotes":""},"categories":[5],"tags":[],"class_list":["post-19826","post","type-post","status-publish","format-standard","has-post-thumbnail","hentry","category-nacionales-internacionales"],"yoast_head":"<!-- This site is optimized with the Yoast SEO plugin v26.1.1 - https:\/\/yoast.com\/wordpress\/plugins\/seo\/ -->\n<title>LA PRESIDENTE DEL SENADO VISIT\u00d3 LA EXPO RURAL 2024 Y EVIT\u00d3 REFERIRSE A SUS DIFERENCIAS CON MILEI - Apuntes de San Luis<\/title>\n<meta name=\"robots\" content=\"index, follow, max-snippet:-1, max-image-preview:large, max-video-preview:-1\" \/>\n<link rel=\"canonical\" href=\"https:\/\/apuntesdesanluis.com\/index.php\/2024\/07\/24\/la-presidente-del-senado-visito-la-expo-rural-2024-y-evito-referirse-a-sus-diferencias-con-milei\/\" \/>\n<meta property=\"og:locale\" content=\"es_ES\" \/>\n<meta property=\"og:type\" content=\"article\" \/>\n<meta property=\"og:title\" content=\"LA PRESIDENTE DEL SENADO VISIT\u00d3 LA EXPO RURAL 2024 Y EVIT\u00d3 REFERIRSE A SUS DIFERENCIAS CON MILEI - Apuntes de San Luis\" \/>\n<meta property=\"og:description\" content=\"La vicepresidente de la Naci\u00f3n, Victoria Villarruel, concurri\u00f3 este mi\u00e9rcoles a la Expo Rural, donde...\" \/>\n<meta property=\"og:url\" content=\"https:\/\/apuntesdesanluis.com\/index.php\/2024\/07\/24\/la-presidente-del-senado-visito-la-expo-rural-2024-y-evito-referirse-a-sus-diferencias-con-milei\/\" \/>\n<meta property=\"og:site_name\" content=\"Apuntes de San Luis\" \/>\n<meta property=\"article:published_time\" content=\"2024-07-24T23:55:24+00:00\" \/>\n<meta property=\"article:modified_time\" content=\"2024-07-24T23:56:51+00:00\" \/>\n<meta property=\"og:image\" content=\"https:\/\/apuntesdesanluis.com\/wp-content\/uploads\/2024\/07\/VILLARRUEL.jpg\" \/>\n\t<meta property=\"og:image:width\" content=\"700\" \/>\n\t<meta property=\"og:image:height\" content=\"412\" \/>\n\t<meta property=\"og:image:type\" content=\"image\/jpeg\" \/>\n<meta name=\"author\" content=\"apuntesdesanluis.com\" \/>\n<meta name=\"twitter:card\" content=\"summary_large_image\" \/>\n<meta name=\"twitter:label1\" content=\"Escrito por\" \/>\n\t<meta name=\"twitter:data1\" content=\"apuntesdesanluis.com\" \/>\n\t<meta name=\"twitter:label2\" content=\"Tiempo de lectura\" \/>\n\t<meta name=\"twitter:data2\" content=\"2 minutos\" \/>\n<script type=\"application\/ld+json\" class=\"yoast-schema-graph\">{\"@context\":\"https:\/\/schema.org\",\"@graph\":[{\"@type\":\"Article\",\"@id\":\"https:\/\/apuntesdesanluis.com\/index.php\/2024\/07\/24\/la-presidente-del-senado-visito-la-expo-rural-2024-y-evito-referirse-a-sus-diferencias-con-milei\/#article\",\"isPartOf\":{\"@id\":\"https:\/\/apuntesdesanluis.com\/index.php\/2024\/07\/24\/la-presidente-del-senado-visito-la-expo-rural-2024-y-evito-referirse-a-sus-diferencias-con-milei\/\"},\"author\":{\"name\":\"apuntesdesanluis.com\",\"@id\":\"https:\/\/apuntesdesanluis.com\/#\/schema\/person\/b55151d52296fcce64d1a72538a70b90\"},\"headline\":\"LA PRESIDENTE DEL SENADO VISIT\u00d3 LA EXPO RURAL 2024 Y EVIT\u00d3 REFERIRSE A SUS DIFERENCIAS CON MILEI\",\"datePublished\":\"2024-07-24T23:55:24+00:00\",\"dateModified\":\"2024-07-24T23:56:51+00:00\",\"mainEntityOfPage\":{\"@id\":\"https:\/\/apuntesdesanluis.com\/index.php\/2024\/07\/24\/la-presidente-del-senado-visito-la-expo-rural-2024-y-evito-referirse-a-sus-diferencias-con-milei\/\"},\"wordCount\":229,\"publisher\":{\"@id\":\"https:\/\/apuntesdesanluis.com\/#\/schema\/person\/b55151d52296fcce64d1a72538a70b90\"},\"image\":{\"@id\":\"https:\/\/apuntesdesanluis.com\/index.php\/2024\/07\/24\/la-presidente-del-senado-visito-la-expo-rural-2024-y-evito-referirse-a-sus-diferencias-con-milei\/#primaryimage\"},\"thumbnailUrl\":\"https:\/\/apuntesdesanluis.com\/wp-content\/uploads\/2024\/07\/VILLARRUEL.jpg\",\"articleSection\":[\"Nacionales\/Internacionales\"],\"inLanguage\":\"es-AR\"},{\"@type\":\"WebPage\",\"@id\":\"https:\/\/apuntesdesanluis.com\/index.php\/2024\/07\/24\/la-presidente-del-senado-visito-la-expo-rural-2024-y-evito-referirse-a-sus-diferencias-con-milei\/\",\"url\":\"https:\/\/apuntesdesanluis.com\/index.php\/2024\/07\/24\/la-presidente-del-senado-visito-la-expo-rural-2024-y-evito-referirse-a-sus-diferencias-con-milei\/\",\"name\":\"LA PRESIDENTE DEL SENADO VISIT\u00d3 LA EXPO RURAL 2024 Y EVIT\u00d3 REFERIRSE A SUS DIFERENCIAS CON MILEI - Apuntes de San Luis\",\"isPartOf\":{\"@id\":\"https:\/\/apuntesdesanluis.com\/#website\"},\"primaryImageOfPage\":{\"@id\":\"https:\/\/apuntesdesanluis.com\/index.php\/2024\/07\/24\/la-presidente-del-senado-visito-la-expo-rural-2024-y-evito-referirse-a-sus-diferencias-con-milei\/#primaryimage\"},\"image\":{\"@id\":\"https:\/\/apuntesdesanluis.com\/index.php\/2024\/07\/24\/la-presidente-del-senado-visito-la-expo-rural-2024-y-evito-referirse-a-sus-diferencias-con-milei\/#primaryimage\"},\"thumbnailUrl\":\"https:\/\/apuntesdesanluis.com\/wp-content\/uploads\/2024\/07\/VILLARRUEL.jpg\",\"datePublished\":\"2024-07-24T23:55:24+00:00\",\"dateModified\":\"2024-07-24T23:56:51+00:00\",\"breadcrumb\":{\"@id\":\"https:\/\/apuntesdesanluis.com\/index.php\/2024\/07\/24\/la-presidente-del-senado-visito-la-expo-rural-2024-y-evito-referirse-a-sus-diferencias-con-milei\/#breadcrumb\"},\"inLanguage\":\"es-AR\",\"potentialAction\":[{\"@type\":\"ReadAction\",\"target\":[\"https:\/\/apuntesdesanluis.com\/index.php\/2024\/07\/24\/la-presidente-del-senado-visito-la-expo-rural-2024-y-evito-referirse-a-sus-diferencias-con-milei\/\"]}]},{\"@type\":\"ImageObject\",\"inLanguage\":\"es-AR\",\"@id\":\"https:\/\/apuntesdesanluis.com\/index.php\/2024\/07\/24\/la-presidente-del-senado-visito-la-expo-rural-2024-y-evito-referirse-a-sus-diferencias-con-milei\/#primaryimage\",\"url\":\"https:\/\/apuntesdesanluis.com\/wp-content\/uploads\/2024\/07\/VILLARRUEL.jpg\",\"contentUrl\":\"https:\/\/apuntesdesanluis.com\/wp-content\/uploads\/2024\/07\/VILLARRUEL.jpg\",\"width\":700,\"height\":412},{\"@type\":\"BreadcrumbList\",\"@id\":\"https:\/\/apuntesdesanluis.com\/index.php\/2024\/07\/24\/la-presidente-del-senado-visito-la-expo-rural-2024-y-evito-referirse-a-sus-diferencias-con-milei\/#breadcrumb\",\"itemListElement\":[{\"@type\":\"ListItem\",\"position\":1,\"name\":\"Inicio\",\"item\":\"https:\/\/apuntesdesanluis.com\/\"},{\"@type\":\"ListItem\",\"position\":2,\"name\":\"LA PRESIDENTE DEL SENADO VISIT\u00d3 LA EXPO RURAL 2024 Y EVIT\u00d3 REFERIRSE A SUS DIFERENCIAS CON MILEI\"}]},{\"@type\":\"WebSite\",\"@id\":\"https:\/\/apuntesdesanluis.com\/#website\",\"url\":\"https:\/\/apuntesdesanluis.com\/\",\"name\":\"Apuntes de San Luis\",\"description\":\"\",\"publisher\":{\"@id\":\"https:\/\/apuntesdesanluis.com\/#\/schema\/person\/b55151d52296fcce64d1a72538a70b90\"},\"potentialAction\":[{\"@type\":\"SearchAction\",\"target\":{\"@type\":\"EntryPoint\",\"urlTemplate\":\"https:\/\/apuntesdesanluis.com\/?s={search_term_string}\"},\"query-input\":{\"@type\":\"PropertyValueSpecification\",\"valueRequired\":true,\"valueName\":\"search_term_string\"}}],\"inLanguage\":\"es-AR\"},{\"@type\":[\"Person\",\"Organization\"],\"@id\":\"https:\/\/apuntesdesanluis.com\/#\/schema\/person\/b55151d52296fcce64d1a72538a70b90\",\"name\":\"apuntesdesanluis.com\",\"image\":{\"@type\":\"ImageObject\",\"inLanguage\":\"es-AR\",\"@id\":\"https:\/\/apuntesdesanluis.com\/#\/schema\/person\/image\/\",\"url\":\"https:\/\/apuntesdesanluis.com\/wp-content\/uploads\/2023\/07\/cropped-apuntesdesanluis.png\",\"contentUrl\":\"https:\/\/apuntesdesanluis.com\/wp-content\/uploads\/2023\/07\/cropped-apuntesdesanluis.png\",\"width\":450,\"height\":112,\"caption\":\"apuntesdesanluis.com\"},\"logo\":{\"@id\":\"https:\/\/apuntesdesanluis.com\/#\/schema\/person\/image\/\"},\"sameAs\":[\"https:\/\/apuntesdesanluis.com\"],\"url\":\"https:\/\/apuntesdesanluis.com\/index.php\/author\/apuntesdesanluis-com\/\"}]}<\/script>\n<!-- \/ Yoast SEO plugin. -->","yoast_head_json":{"title":"LA PRESIDENTE DEL SENADO VISIT\u00d3 LA EXPO RURAL 2024 Y EVIT\u00d3 REFERIRSE A SUS DIFERENCIAS CON MILEI - Apuntes de San Luis","robots":{"index":"index","follow":"follow","max-snippet":"max-snippet:-1","max-image-preview":"max-image-preview:large","max-video-preview":"max-video-preview:-1"},"canonical":"https:\/\/apuntesdesanluis.com\/index.php\/2024\/07\/24\/la-presidente-del-senado-visito-la-expo-rural-2024-y-evito-referirse-a-sus-diferencias-con-milei\/","og_locale":"es_ES","og_type":"article","og_title":"LA PRESIDENTE DEL SENADO VISIT\u00d3 LA EXPO RURAL 2024 Y EVIT\u00d3 REFERIRSE A SUS DIFERENCIAS CON MILEI - Apuntes de San Luis","og_description":"La vicepresidente de la Naci\u00f3n, Victoria Villarruel, concurri\u00f3 este mi\u00e9rcoles a la Expo Rural, donde...","og_url":"https:\/\/apuntesdesanluis.com\/index.php\/2024\/07\/24\/la-presidente-del-senado-visito-la-expo-rural-2024-y-evito-referirse-a-sus-diferencias-con-milei\/","og_site_name":"Apuntes de San Luis","article_published_time":"2024-07-24T23:55:24+00:00","article_modified_time":"2024-07-24T23:56:51+00:00","og_image":[{"width":700,"height":412,"url":"https:\/\/apuntesdesanluis.com\/wp-content\/uploads\/2024\/07\/VILLARRUEL.jpg","type":"image\/jpeg"}],"author":"apuntesdesanluis.com","twitter_card":"summary_large_image","twitter_misc":{"Escrito por":"apuntesdesanluis.com","Tiempo de lectura":"2 minutos"},"schema":{"@context":"https:\/\/schema.org","@graph":[{"@type":"Article","@id":"https:\/\/apuntesdesanluis.com\/index.php\/2024\/07\/24\/la-presidente-del-senado-visito-la-expo-rural-2024-y-evito-referirse-a-sus-diferencias-con-milei\/#article","isPartOf":{"@id":"https:\/\/apuntesdesanluis.com\/index.php\/2024\/07\/24\/la-presidente-del-senado-visito-la-expo-rural-2024-y-evito-referirse-a-sus-diferencias-con-milei\/"},"author":{"name":"apuntesdesanluis.com","@id":"https:\/\/apuntesdesanluis.com\/#\/schema\/person\/b55151d52296fcce64d1a72538a70b90"},"headline":"LA PRESIDENTE DEL SENADO VISIT\u00d3 LA EXPO RURAL 2024 Y EVIT\u00d3 REFERIRSE A SUS DIFERENCIAS CON MILEI","datePublished":"2024-07-24T23:55:24+00:00","dateModified":"2024-07-24T23:56:51+00:00","mainEntityOfPage":{"@id":"https:\/\/apuntesdesanluis.com\/index.php\/2024\/07\/24\/la-presidente-del-senado-visito-la-expo-rural-2024-y-evito-referirse-a-sus-diferencias-con-milei\/"},"wordCount":229,"publisher":{"@id":"https:\/\/apuntesdesanluis.com\/#\/schema\/person\/b55151d52296fcce64d1a72538a70b90"},"image":{"@id":"https:\/\/apuntesdesanluis.com\/index.php\/2024\/07\/24\/la-presidente-del-senado-visito-la-expo-rural-2024-y-evito-referirse-a-sus-diferencias-con-milei\/#primaryimage"},"thumbnailUrl":"https:\/\/apuntesdesanluis.com\/wp-content\/uploads\/2024\/07\/VILLARRUEL.jpg","articleSection":["Nacionales\/Internacionales"],"inLanguage":"es-AR"},{"@type":"WebPage","@id":"https:\/\/apuntesdesanluis.com\/index.php\/2024\/07\/24\/la-presidente-del-senado-visito-la-expo-rural-2024-y-evito-referirse-a-sus-diferencias-con-milei\/","url":"https:\/\/apuntesdesanluis.com\/index.php\/2024\/07\/24\/la-presidente-del-senado-visito-la-expo-rural-2024-y-evito-referirse-a-sus-diferencias-con-milei\/","name":"LA PRESIDENTE DEL SENADO VISIT\u00d3 LA EXPO RURAL 2024 Y EVIT\u00d3 REFERIRSE A SUS DIFERENCIAS CON MILEI - Apuntes de San Luis","isPartOf":{"@id":"https:\/\/apuntesdesanluis.com\/#website"},"primaryImageOfPage":{"@id":"https:\/\/apuntesdesanluis.com\/index.php\/2024\/07\/24\/la-presidente-del-senado-visito-la-expo-rural-2024-y-evito-referirse-a-sus-diferencias-con-milei\/#primaryimage"},"image":{"@id":"https:\/\/apuntesdesanluis.com\/index.php\/2024\/07\/24\/la-presidente-del-senado-visito-la-expo-rural-2024-y-evito-referirse-a-sus-diferencias-con-milei\/#primaryimage"},"thumbnailUrl":"https:\/\/apuntesdesanluis.com\/wp-content\/uploads\/2024\/07\/VILLARRUEL.jpg","datePublished":"2024-07-24T23:55:24+00:00","dateModified":"2024-07-24T23:56:51+00:00","breadcrumb":{"@id":"https:\/\/apuntesdesanluis.com\/index.php\/2024\/07\/24\/la-presidente-del-senado-visito-la-expo-rural-2024-y-evito-referirse-a-sus-diferencias-con-milei\/#breadcrumb"},"inLanguage":"es-AR","potentialAction":[{"@type":"ReadAction","target":["https:\/\/apuntesdesanluis.com\/index.php\/2024\/07\/24\/la-presidente-del-senado-visito-la-expo-rural-2024-y-evito-referirse-a-sus-diferencias-con-milei\/"]}]},{"@type":"ImageObject","inLanguage":"es-AR","@id":"https:\/\/apuntesdesanluis.com\/index.php\/2024\/07\/24\/la-presidente-del-senado-visito-la-expo-rural-2024-y-evito-referirse-a-sus-diferencias-con-milei\/#primaryimage","url":"https:\/\/apuntesdesanluis.com\/wp-content\/uploads\/2024\/07\/VILLARRUEL.jpg","contentUrl":"https:\/\/apuntesdesanluis.com\/wp-content\/uploads\/2024\/07\/VILLARRUEL.jpg","width":700,"height":412},{"@type":"BreadcrumbList","@id":"https:\/\/apuntesdesanluis.com\/index.php\/2024\/07\/24\/la-presidente-del-senado-visito-la-expo-rural-2024-y-evito-referirse-a-sus-diferencias-con-milei\/#breadcrumb","itemListElement":[{"@type":"ListItem","position":1,"name":"Inicio","item":"https:\/\/apuntesdesanluis.com\/"},{"@type":"ListItem","position":2,"name":"LA PRESIDENTE DEL SENADO VISIT\u00d3 LA EXPO RURAL 2024 Y EVIT\u00d3 REFERIRSE A SUS DIFERENCIAS CON MILEI"}]},{"@type":"WebSite","@id":"https:\/\/apuntesdesanluis.com\/#website","url":"https:\/\/apuntesdesanluis.com\/","name":"Apuntes de San Luis","description":"","publisher":{"@id":"https:\/\/apuntesdesanluis.com\/#\/schema\/person\/b55151d52296fcce64d1a72538a70b90"},"potentialAction":[{"@type":"SearchAction","target":{"@type":"EntryPoint","urlTemplate":"https:\/\/apuntesdesanluis.com\/?s={search_term_string}"},"query-input":{"@type":"PropertyValueSpecification","valueRequired":true,"valueName":"search_term_string"}}],"inLanguage":"es-AR"},{"@type":["Person","Organization"],"@id":"https:\/\/apuntesdesanluis.com\/#\/schema\/person\/b55151d52296fcce64d1a72538a70b90","name":"apuntesdesanluis.com","image":{"@type":"ImageObject","inLanguage":"es-AR","@id":"https:\/\/apuntesdesanluis.com\/#\/schema\/person\/image\/","url":"https:\/\/apuntesdesanluis.com\/wp-content\/uploads\/2023\/07\/cropped-apuntesdesanluis.png","contentUrl":"https:\/\/apuntesdesanluis.com\/wp-content\/uploads\/2023\/07\/cropped-apuntesdesanluis.png","width":450,"height":112,"caption":"apuntesdesanluis.com"},"logo":{"@id":"https:\/\/apuntesdesanluis.com\/#\/schema\/person\/image\/"},"sameAs":["https:\/\/apuntesdesanluis.com"],"url":"https:\/\/apuntesdesanluis.com\/index.php\/author\/apuntesdesanluis-com\/"}]}},"featured_image_urls":{"full":["https:\/\/apuntesdesanluis.com\/wp-content\/uploads\/2024\/07\/VILLARRUEL.jpg",700,412,false],"thumbnail":["https:\/\/apuntesdesanluis.com\/wp-content\/uploads\/2024\/07\/VILLARRUEL-150x150.jpg",150,150,true],"medium":["https:\/\/apuntesdesanluis.com\/wp-content\/uploads\/2024\/07\/VILLARRUEL-300x177.jpg",300,177,true],"medium_large":["https:\/\/apuntesdesanluis.com\/wp-content\/uploads\/2024\/07\/VILLARRUEL.jpg",640,377,false],"large":["https:\/\/apuntesdesanluis.com\/wp-content\/uploads\/2024\/07\/VILLARRUEL.jpg",640,377,false],"1536x1536":["https:\/\/apuntesdesanluis.com\/wp-content\/uploads\/2024\/07\/VILLARRUEL.jpg",700,412,false],"2048x2048":["https:\/\/apuntesdesanluis.com\/wp-content\/uploads\/2024\/07\/VILLARRUEL.jpg",700,412,false],"newsever-slider-full":["https:\/\/apuntesdesanluis.com\/wp-content\/uploads\/2024\/07\/VILLARRUEL.jpg",700,412,false],"newsever-featured":["https:\/\/apuntesdesanluis.com\/wp-content\/uploads\/2024\/07\/VILLARRUEL.jpg",700,412,false],"newsever-medium":["https:\/\/apuntesdesanluis.com\/wp-content\/uploads\/2024\/07\/VILLARRUEL.jpg",700,412,false]},"author_info":{"display_name":"apuntesdesanluis.com","author_link":"https:\/\/apuntesdesanluis.com\/index.php\/author\/apuntesdesanluis-com\/"},"category_info":"<a href=\"https:\/\/apuntesdesanluis.com\/index.php\/category\/nacionales-internacionales\/\" rel=\"category tag\">Nacionales\/Internacionales<\/a>","tag_info":"Nacionales\/Internacionales","comment_count":"0","_links":{"self":[{"href":"https:\/\/apuntesdesanluis.com\/index.php\/wp-json\/wp\/v2\/posts\/19826","targetHints":{"allow":["GET"]}}],"collection":[{"href":"https:\/\/apuntesdesanluis.com\/index.php\/wp-json\/wp\/v2\/posts"}],"about":[{"href":"https:\/\/apuntesdesanluis.com\/index.php\/wp-json\/wp\/v2\/types\/post"}],"author":[{"embeddable":true,"href":"https:\/\/apuntesdesanluis.com\/index.php\/wp-json\/wp\/v2\/users\/1"}],"replies":[{"embeddable":true,"href":"https:\/\/apuntesdesanluis.com\/index.php\/wp-json\/wp\/v2\/comments?post=19826"}],"version-history":[{"count":3,"href":"https:\/\/apuntesdesanluis.com\/index.php\/wp-json\/wp\/v2\/posts\/19826\/revisions"}],"predecessor-version":[{"id":19833,"href":"https:\/\/apuntesdesanluis.com\/index.php\/wp-json\/wp\/v2\/posts\/19826\/revisions\/19833"}],"wp:featuredmedia":[{"embeddable":true,"href":"https:\/\/apuntesdesanluis.com\/index.php\/wp-json\/wp\/v2\/media\/19828"}],"wp:attachment":[{"href":"https:\/\/apuntesdesanluis.com\/index.php\/wp-json\/wp\/v2\/media?parent=19826"}],"wp:term":[{"taxonomy":"category","embeddable":true,"href":"https:\/\/apuntesdesanluis.com\/index.php\/wp-json\/wp\/v2\/categories?post=19826"},{"taxonomy":"post_tag","embeddable":true,"href":"https:\/\/apuntesdesanluis.com\/index.php\/wp-json\/wp\/v2\/tags?post=19826"}],"curies":[{"name":"wp","href":"https:\/\/api.w.org\/{rel}","templated":true}]}}