{"id":19865,"date":"2024-07-25T19:33:07","date_gmt":"2024-07-25T22:33:07","guid":{"rendered":"https:\/\/apuntesdesanluis.com\/?p=19865"},"modified":"2024-07-25T19:35:42","modified_gmt":"2024-07-25T22:35:42","slug":"imputan-por-danos-y-amenazas-al-acusado-de-incendiar-la-casa-de-su-pareja","status":"publish","type":"post","link":"https:\/\/apuntesdesanluis.com\/index.php\/2024\/07\/25\/imputan-por-danos-y-amenazas-al-acusado-de-incendiar-la-casa-de-su-pareja\/","title":{"rendered":"IMPUTAN POR DA\u00d1OS Y AMENAZAS AL ACUSADO DE INCENDIAR LA CASA DE SU PAREJA"},"content":{"rendered":"<h3><strong>N\u00e9stor Ag\u00fcero<\/strong> se abstuvo de declarar en la audiencia de formulaci\u00f3n de cargos que se realiz\u00f3 este jueves en la Sala de Oralidad N\u00b0 2 de los tribunales de San Luis y su abogado defensor, <strong>Iv\u00e1n Coria<\/strong>, solicit\u00f3 la pr\u00f3rroga de detenci\u00f3n de ocho d\u00edas, petici\u00f3n a la que hizo lugar el juez de Garant\u00edas Juan Manuel Montiveros Chada. Mientras dure ese plazo, Ag\u00fcero permanecer\u00e1 detenido en una comisar\u00eda.<\/h3>\n<h3>El hombre est\u00e1 acusado de incendiar la vivienda de su pareja, con quien manten\u00eda un v\u00ednculo desde hace 13 a\u00f1os, y de enviarle mensajes y videos intimidatorios. Por estos hechos, ocurridos durante la madrugada del 21 de julio, la polic\u00eda lo detuvo ayer a la tarde y la Fiscal\u00eda de Instrucci\u00f3n N\u00b0 4, representada por la fiscal adjunta Antonella Romagnoli, lo imput\u00f3 esta ma\u00f1ana por da\u00f1os e incendio en concurso ideal, en concurso real con el delito de amenazas.<\/h3>\n<h3>Una vez cumplida la pr\u00f3rroga, el magistrado definir\u00e1 la situaci\u00f3n procesal del imputado. En tanto, el Juzgado de Familia, Ni\u00f1ez, Adolescencia y Violencia N\u00b0 3 orden\u00f3 el 21 de julio una restricci\u00f3n de acercamiento por seis meses a favor de la v\u00edctima.<\/h3>\n<h3><strong>\u201cDeb\u00eda enviarle fotos y mensajes en todo momento\u201d<\/strong><\/h3>\n<h3>En la audiencia de formulaci\u00f3n, la fiscal Romagnoli relat\u00f3 que el 20 de julio la v\u00edctima sali\u00f3 con sus hermanos a bailar a un sal\u00f3n ubicado sobre la ruta N\u00b0 3 de la ciudad de San Luis. \u201cDurante toda la noche, la mujer le envi\u00f3 mensajes y fotos a Ag\u00fcero para poder cumplir con su pedido, ya que la condici\u00f3n para dejarla ir a bailar era que le informara en todo momento que es lo que estaba haciendo\u201d, dijo.<\/h3>\n<h3>Sin embargo, cerca de las 4 de la ma\u00f1ana, la mujer guard\u00f3 su celular en la cartera de su hermana, que luego se retir\u00f3 del lugar y se llev\u00f3 el tel\u00e9fono. Desde ese momento la v\u00edctima perdi\u00f3 comunicaci\u00f3n con el imputado, qui\u00e9n le hac\u00eda llamadas y le enviaba mensajes. De acuerdo a la investigaci\u00f3n de la fiscal\u00eda, en uno de esos mensajes Ag\u00fcero la amenaza de prenderle fuego la casa sino contestaba.<\/h3>\n<h3>Para esas horas, cerca de las seis de la ma\u00f1ana, y seg\u00fan lo relatado por la fiscal, la mujer se encontraba en el Barrio 500 Viviendas, donde estaba la hija de 10 a\u00f1os que la pareja tiene en com\u00fan.<\/h3>\n<h3>Actualmente en los Juzgados de Familia N\u00b0 1 y N\u00b0 3 tramitan tres expedientes por violencia familiar en contra de Ag\u00fcero.<\/h3>\n<h3>\u201cAll\u00ed se acost\u00f3 a dormir junto a su hija mientras Ag\u00fcero, ofuscado por la falta de respuesta de su pareja, se dirigi\u00f3 hasta el Barrio 900 Viviendas de La Punta y previo de sacar del lugar un televisor, el DNI de la mujer y su tarjeta de Mercado Pago, incendi\u00f3 la vivienda\u201d, relat\u00f3 Romagnoli.<\/h3>\n<h3>El domingo al mediod\u00eda la v\u00edctima se entera lo que hab\u00eda sucedido por una comunicaci\u00f3n que le realiz\u00f3 una hija del imputado. \u201cLleg\u00f3 a su casa y advirti\u00f3 que gran parte de sus pertenencias estaban absolutamente quemados y destruidos\u201d, sostuvo la funcionaria del Ministerio P\u00fablico Fiscal.<\/h3>\n<h3>Romagnoli dijo que todos los hechos relatados en la audiencia de formulaci\u00f3n se sustentan en el Informe Policial Homologado realizado por la Comisar\u00eda N\u00b0 37, donde constan las denuncias de la v\u00edctima, las capturas telef\u00f3nicas presentadas por la denunciante, la carta de llamada de una vecina que avis\u00f3 del incendio; actas de detenci\u00f3n y de allanamiento en el domicilio del imputado donde se encontr\u00f3 el televisor sustra\u00eddo y un bid\u00f3n de nafta; el informe del Departamento de Delitos Complejos donde surgen los chats de Whatsapp como as\u00ed tambi\u00e9n los audios y videos que envi\u00f3 el acusado mientras provocaba el incendio; como as\u00ed tambi\u00e9n otras evidencias.<\/h3>\n<h3>Para fundamentar el pedido de prisi\u00f3n preventiva, la fiscal\u00eda dijo que existen riesgos procesales de fuga y entorpecimiento de la investigaci\u00f3n y de riesgo para la integridad de la v\u00edctima o de su familia.<\/h3>\n<h3>\u201cEl imputado hace trece a\u00f1os que mantiene una relaci\u00f3n con la v\u00edctima por lo que puede influir con claridad en las entrevistas que vaya a tomar esta fiscal\u00eda como tambi\u00e9n en los futuros testimonios que puedan declarar en el juicio. Adem\u00e1s, la v\u00edctima est\u00e1 inmersa en un contexto de violencia, ya que no es la primera vez que el acusado hostiga psicol\u00f3gicamente y f\u00edsicamente a su pareja\u201d, concluy\u00f3 la fiscal.<\/h3>\n<p>&nbsp;<\/p>\n<p>&nbsp;<\/p>\n<p>&nbsp;<\/p>\n<p>&nbsp;<\/p>\n<p>&nbsp;<\/p>\n<p>&nbsp;<\/p>\n<h3><\/h3>\n","protected":false},"excerpt":{"rendered":"<p>N\u00e9stor Ag\u00fcero se abstuvo de declarar en la audiencia de formulaci\u00f3n de cargos que se&#8230;<\/p>\n","protected":false},"author":1,"featured_media":19866,"comment_status":"closed","ping_status":"closed","sticky":false,"template":"","format":"standard","meta":{"footnotes":""},"categories":[6],"tags":[],"class_list":["post-19865","post","type-post","status-publish","format-standard","has-post-thumbnail","hentry","category-ciudad-provincia"],"yoast_head":"<!-- This site is optimized with the Yoast SEO plugin v26.1.1 - https:\/\/yoast.com\/wordpress\/plugins\/seo\/ -->\n<title>IMPUTAN POR DA\u00d1OS Y AMENAZAS AL ACUSADO DE INCENDIAR LA CASA DE SU PAREJA - Apuntes de San Luis<\/title>\n<meta name=\"robots\" content=\"index, follow, max-snippet:-1, max-image-preview:large, max-video-preview:-1\" \/>\n<link rel=\"canonical\" href=\"https:\/\/apuntesdesanluis.com\/index.php\/2024\/07\/25\/imputan-por-danos-y-amenazas-al-acusado-de-incendiar-la-casa-de-su-pareja\/\" \/>\n<meta property=\"og:locale\" content=\"es_ES\" \/>\n<meta property=\"og:type\" content=\"article\" \/>\n<meta property=\"og:title\" content=\"IMPUTAN POR DA\u00d1OS Y AMENAZAS AL ACUSADO DE INCENDIAR LA CASA DE SU PAREJA - Apuntes de San Luis\" \/>\n<meta property=\"og:description\" content=\"N\u00e9stor Ag\u00fcero se abstuvo de declarar en la audiencia de formulaci\u00f3n de cargos que se...\" \/>\n<meta property=\"og:url\" content=\"https:\/\/apuntesdesanluis.com\/index.php\/2024\/07\/25\/imputan-por-danos-y-amenazas-al-acusado-de-incendiar-la-casa-de-su-pareja\/\" \/>\n<meta property=\"og:site_name\" content=\"Apuntes de San Luis\" \/>\n<meta property=\"article:published_time\" content=\"2024-07-25T22:33:07+00:00\" \/>\n<meta property=\"article:modified_time\" content=\"2024-07-25T22:35:42+00:00\" \/>\n<meta property=\"og:image\" content=\"https:\/\/apuntesdesanluis.com\/wp-content\/uploads\/2024\/07\/AUDIENCIA-INCENDIO.png\" \/>\n\t<meta property=\"og:image:width\" content=\"700\" \/>\n\t<meta property=\"og:image:height\" content=\"416\" \/>\n\t<meta property=\"og:image:type\" content=\"image\/png\" \/>\n<meta name=\"author\" content=\"apuntesdesanluis.com\" \/>\n<meta name=\"twitter:card\" content=\"summary_large_image\" \/>\n<meta name=\"twitter:label1\" content=\"Escrito por\" \/>\n\t<meta name=\"twitter:data1\" content=\"apuntesdesanluis.com\" \/>\n\t<meta name=\"twitter:label2\" content=\"Tiempo de lectura\" \/>\n\t<meta name=\"twitter:data2\" content=\"4 minutos\" \/>\n<script type=\"application\/ld+json\" class=\"yoast-schema-graph\">{\"@context\":\"https:\/\/schema.org\",\"@graph\":[{\"@type\":\"Article\",\"@id\":\"https:\/\/apuntesdesanluis.com\/index.php\/2024\/07\/25\/imputan-por-danos-y-amenazas-al-acusado-de-incendiar-la-casa-de-su-pareja\/#article\",\"isPartOf\":{\"@id\":\"https:\/\/apuntesdesanluis.com\/index.php\/2024\/07\/25\/imputan-por-danos-y-amenazas-al-acusado-de-incendiar-la-casa-de-su-pareja\/\"},\"author\":{\"name\":\"apuntesdesanluis.com\",\"@id\":\"https:\/\/apuntesdesanluis.com\/#\/schema\/person\/b55151d52296fcce64d1a72538a70b90\"},\"headline\":\"IMPUTAN POR DA\u00d1OS Y AMENAZAS AL ACUSADO DE INCENDIAR LA CASA DE SU PAREJA\",\"datePublished\":\"2024-07-25T22:33:07+00:00\",\"dateModified\":\"2024-07-25T22:35:42+00:00\",\"mainEntityOfPage\":{\"@id\":\"https:\/\/apuntesdesanluis.com\/index.php\/2024\/07\/25\/imputan-por-danos-y-amenazas-al-acusado-de-incendiar-la-casa-de-su-pareja\/\"},\"wordCount\":796,\"publisher\":{\"@id\":\"https:\/\/apuntesdesanluis.com\/#\/schema\/person\/b55151d52296fcce64d1a72538a70b90\"},\"image\":{\"@id\":\"https:\/\/apuntesdesanluis.com\/index.php\/2024\/07\/25\/imputan-por-danos-y-amenazas-al-acusado-de-incendiar-la-casa-de-su-pareja\/#primaryimage\"},\"thumbnailUrl\":\"https:\/\/apuntesdesanluis.com\/wp-content\/uploads\/2024\/07\/AUDIENCIA-INCENDIO.png\",\"articleSection\":[\"Ciudad\/Provincia\"],\"inLanguage\":\"es-AR\"},{\"@type\":\"WebPage\",\"@id\":\"https:\/\/apuntesdesanluis.com\/index.php\/2024\/07\/25\/imputan-por-danos-y-amenazas-al-acusado-de-incendiar-la-casa-de-su-pareja\/\",\"url\":\"https:\/\/apuntesdesanluis.com\/index.php\/2024\/07\/25\/imputan-por-danos-y-amenazas-al-acusado-de-incendiar-la-casa-de-su-pareja\/\",\"name\":\"IMPUTAN POR DA\u00d1OS Y AMENAZAS AL ACUSADO DE INCENDIAR LA CASA DE SU PAREJA - Apuntes de San Luis\",\"isPartOf\":{\"@id\":\"https:\/\/apuntesdesanluis.com\/#website\"},\"primaryImageOfPage\":{\"@id\":\"https:\/\/apuntesdesanluis.com\/index.php\/2024\/07\/25\/imputan-por-danos-y-amenazas-al-acusado-de-incendiar-la-casa-de-su-pareja\/#primaryimage\"},\"image\":{\"@id\":\"https:\/\/apuntesdesanluis.com\/index.php\/2024\/07\/25\/imputan-por-danos-y-amenazas-al-acusado-de-incendiar-la-casa-de-su-pareja\/#primaryimage\"},\"thumbnailUrl\":\"https:\/\/apuntesdesanluis.com\/wp-content\/uploads\/2024\/07\/AUDIENCIA-INCENDIO.png\",\"datePublished\":\"2024-07-25T22:33:07+00:00\",\"dateModified\":\"2024-07-25T22:35:42+00:00\",\"breadcrumb\":{\"@id\":\"https:\/\/apuntesdesanluis.com\/index.php\/2024\/07\/25\/imputan-por-danos-y-amenazas-al-acusado-de-incendiar-la-casa-de-su-pareja\/#breadcrumb\"},\"inLanguage\":\"es-AR\",\"potentialAction\":[{\"@type\":\"ReadAction\",\"target\":[\"https:\/\/apuntesdesanluis.com\/index.php\/2024\/07\/25\/imputan-por-danos-y-amenazas-al-acusado-de-incendiar-la-casa-de-su-pareja\/\"]}]},{\"@type\":\"ImageObject\",\"inLanguage\":\"es-AR\",\"@id\":\"https:\/\/apuntesdesanluis.com\/index.php\/2024\/07\/25\/imputan-por-danos-y-amenazas-al-acusado-de-incendiar-la-casa-de-su-pareja\/#primaryimage\",\"url\":\"https:\/\/apuntesdesanluis.com\/wp-content\/uploads\/2024\/07\/AUDIENCIA-INCENDIO.png\",\"contentUrl\":\"https:\/\/apuntesdesanluis.com\/wp-content\/uploads\/2024\/07\/AUDIENCIA-INCENDIO.png\",\"width\":700,\"height\":416},{\"@type\":\"BreadcrumbList\",\"@id\":\"https:\/\/apuntesdesanluis.com\/index.php\/2024\/07\/25\/imputan-por-danos-y-amenazas-al-acusado-de-incendiar-la-casa-de-su-pareja\/#breadcrumb\",\"itemListElement\":[{\"@type\":\"ListItem\",\"position\":1,\"name\":\"Inicio\",\"item\":\"https:\/\/apuntesdesanluis.com\/\"},{\"@type\":\"ListItem\",\"position\":2,\"name\":\"IMPUTAN POR DA\u00d1OS Y AMENAZAS AL ACUSADO DE INCENDIAR LA CASA DE SU PAREJA\"}]},{\"@type\":\"WebSite\",\"@id\":\"https:\/\/apuntesdesanluis.com\/#website\",\"url\":\"https:\/\/apuntesdesanluis.com\/\",\"name\":\"Apuntes de San Luis\",\"description\":\"\",\"publisher\":{\"@id\":\"https:\/\/apuntesdesanluis.com\/#\/schema\/person\/b55151d52296fcce64d1a72538a70b90\"},\"potentialAction\":[{\"@type\":\"SearchAction\",\"target\":{\"@type\":\"EntryPoint\",\"urlTemplate\":\"https:\/\/apuntesdesanluis.com\/?s={search_term_string}\"},\"query-input\":{\"@type\":\"PropertyValueSpecification\",\"valueRequired\":true,\"valueName\":\"search_term_string\"}}],\"inLanguage\":\"es-AR\"},{\"@type\":[\"Person\",\"Organization\"],\"@id\":\"https:\/\/apuntesdesanluis.com\/#\/schema\/person\/b55151d52296fcce64d1a72538a70b90\",\"name\":\"apuntesdesanluis.com\",\"image\":{\"@type\":\"ImageObject\",\"inLanguage\":\"es-AR\",\"@id\":\"https:\/\/apuntesdesanluis.com\/#\/schema\/person\/image\/\",\"url\":\"https:\/\/apuntesdesanluis.com\/wp-content\/uploads\/2023\/07\/cropped-apuntesdesanluis.png\",\"contentUrl\":\"https:\/\/apuntesdesanluis.com\/wp-content\/uploads\/2023\/07\/cropped-apuntesdesanluis.png\",\"width\":450,\"height\":112,\"caption\":\"apuntesdesanluis.com\"},\"logo\":{\"@id\":\"https:\/\/apuntesdesanluis.com\/#\/schema\/person\/image\/\"},\"sameAs\":[\"https:\/\/apuntesdesanluis.com\"],\"url\":\"https:\/\/apuntesdesanluis.com\/index.php\/author\/apuntesdesanluis-com\/\"}]}<\/script>\n<!-- \/ Yoast SEO plugin. -->","yoast_head_json":{"title":"IMPUTAN POR DA\u00d1OS Y AMENAZAS AL ACUSADO DE INCENDIAR LA CASA DE SU PAREJA - Apuntes de San Luis","robots":{"index":"index","follow":"follow","max-snippet":"max-snippet:-1","max-image-preview":"max-image-preview:large","max-video-preview":"max-video-preview:-1"},"canonical":"https:\/\/apuntesdesanluis.com\/index.php\/2024\/07\/25\/imputan-por-danos-y-amenazas-al-acusado-de-incendiar-la-casa-de-su-pareja\/","og_locale":"es_ES","og_type":"article","og_title":"IMPUTAN POR DA\u00d1OS Y AMENAZAS AL ACUSADO DE INCENDIAR LA CASA DE SU PAREJA - Apuntes de San Luis","og_description":"N\u00e9stor Ag\u00fcero se abstuvo de declarar en la audiencia de formulaci\u00f3n de cargos que se...","og_url":"https:\/\/apuntesdesanluis.com\/index.php\/2024\/07\/25\/imputan-por-danos-y-amenazas-al-acusado-de-incendiar-la-casa-de-su-pareja\/","og_site_name":"Apuntes de San Luis","article_published_time":"2024-07-25T22:33:07+00:00","article_modified_time":"2024-07-25T22:35:42+00:00","og_image":[{"width":700,"height":416,"url":"https:\/\/apuntesdesanluis.com\/wp-content\/uploads\/2024\/07\/AUDIENCIA-INCENDIO.png","type":"image\/png"}],"author":"apuntesdesanluis.com","twitter_card":"summary_large_image","twitter_misc":{"Escrito por":"apuntesdesanluis.com","Tiempo de lectura":"4 minutos"},"schema":{"@context":"https:\/\/schema.org","@graph":[{"@type":"Article","@id":"https:\/\/apuntesdesanluis.com\/index.php\/2024\/07\/25\/imputan-por-danos-y-amenazas-al-acusado-de-incendiar-la-casa-de-su-pareja\/#article","isPartOf":{"@id":"https:\/\/apuntesdesanluis.com\/index.php\/2024\/07\/25\/imputan-por-danos-y-amenazas-al-acusado-de-incendiar-la-casa-de-su-pareja\/"},"author":{"name":"apuntesdesanluis.com","@id":"https:\/\/apuntesdesanluis.com\/#\/schema\/person\/b55151d52296fcce64d1a72538a70b90"},"headline":"IMPUTAN POR DA\u00d1OS Y AMENAZAS AL ACUSADO DE INCENDIAR LA CASA DE SU PAREJA","datePublished":"2024-07-25T22:33:07+00:00","dateModified":"2024-07-25T22:35:42+00:00","mainEntityOfPage":{"@id":"https:\/\/apuntesdesanluis.com\/index.php\/2024\/07\/25\/imputan-por-danos-y-amenazas-al-acusado-de-incendiar-la-casa-de-su-pareja\/"},"wordCount":796,"publisher":{"@id":"https:\/\/apuntesdesanluis.com\/#\/schema\/person\/b55151d52296fcce64d1a72538a70b90"},"image":{"@id":"https:\/\/apuntesdesanluis.com\/index.php\/2024\/07\/25\/imputan-por-danos-y-amenazas-al-acusado-de-incendiar-la-casa-de-su-pareja\/#primaryimage"},"thumbnailUrl":"https:\/\/apuntesdesanluis.com\/wp-content\/uploads\/2024\/07\/AUDIENCIA-INCENDIO.png","articleSection":["Ciudad\/Provincia"],"inLanguage":"es-AR"},{"@type":"WebPage","@id":"https:\/\/apuntesdesanluis.com\/index.php\/2024\/07\/25\/imputan-por-danos-y-amenazas-al-acusado-de-incendiar-la-casa-de-su-pareja\/","url":"https:\/\/apuntesdesanluis.com\/index.php\/2024\/07\/25\/imputan-por-danos-y-amenazas-al-acusado-de-incendiar-la-casa-de-su-pareja\/","name":"IMPUTAN POR DA\u00d1OS Y AMENAZAS AL ACUSADO DE INCENDIAR LA CASA DE SU PAREJA - Apuntes de San Luis","isPartOf":{"@id":"https:\/\/apuntesdesanluis.com\/#website"},"primaryImageOfPage":{"@id":"https:\/\/apuntesdesanluis.com\/index.php\/2024\/07\/25\/imputan-por-danos-y-amenazas-al-acusado-de-incendiar-la-casa-de-su-pareja\/#primaryimage"},"image":{"@id":"https:\/\/apuntesdesanluis.com\/index.php\/2024\/07\/25\/imputan-por-danos-y-amenazas-al-acusado-de-incendiar-la-casa-de-su-pareja\/#primaryimage"},"thumbnailUrl":"https:\/\/apuntesdesanluis.com\/wp-content\/uploads\/2024\/07\/AUDIENCIA-INCENDIO.png","datePublished":"2024-07-25T22:33:07+00:00","dateModified":"2024-07-25T22:35:42+00:00","breadcrumb":{"@id":"https:\/\/apuntesdesanluis.com\/index.php\/2024\/07\/25\/imputan-por-danos-y-amenazas-al-acusado-de-incendiar-la-casa-de-su-pareja\/#breadcrumb"},"inLanguage":"es-AR","potentialAction":[{"@type":"ReadAction","target":["https:\/\/apuntesdesanluis.com\/index.php\/2024\/07\/25\/imputan-por-danos-y-amenazas-al-acusado-de-incendiar-la-casa-de-su-pareja\/"]}]},{"@type":"ImageObject","inLanguage":"es-AR","@id":"https:\/\/apuntesdesanluis.com\/index.php\/2024\/07\/25\/imputan-por-danos-y-amenazas-al-acusado-de-incendiar-la-casa-de-su-pareja\/#primaryimage","url":"https:\/\/apuntesdesanluis.com\/wp-content\/uploads\/2024\/07\/AUDIENCIA-INCENDIO.png","contentUrl":"https:\/\/apuntesdesanluis.com\/wp-content\/uploads\/2024\/07\/AUDIENCIA-INCENDIO.png","width":700,"height":416},{"@type":"BreadcrumbList","@id":"https:\/\/apuntesdesanluis.com\/index.php\/2024\/07\/25\/imputan-por-danos-y-amenazas-al-acusado-de-incendiar-la-casa-de-su-pareja\/#breadcrumb","itemListElement":[{"@type":"ListItem","position":1,"name":"Inicio","item":"https:\/\/apuntesdesanluis.com\/"},{"@type":"ListItem","position":2,"name":"IMPUTAN POR DA\u00d1OS Y AMENAZAS AL ACUSADO DE INCENDIAR LA CASA DE SU PAREJA"}]},{"@type":"WebSite","@id":"https:\/\/apuntesdesanluis.com\/#website","url":"https:\/\/apuntesdesanluis.com\/","name":"Apuntes de San Luis","description":"","publisher":{"@id":"https:\/\/apuntesdesanluis.com\/#\/schema\/person\/b55151d52296fcce64d1a72538a70b90"},"potentialAction":[{"@type":"SearchAction","target":{"@type":"EntryPoint","urlTemplate":"https:\/\/apuntesdesanluis.com\/?s={search_term_string}"},"query-input":{"@type":"PropertyValueSpecification","valueRequired":true,"valueName":"search_term_string"}}],"inLanguage":"es-AR"},{"@type":["Person","Organization"],"@id":"https:\/\/apuntesdesanluis.com\/#\/schema\/person\/b55151d52296fcce64d1a72538a70b90","name":"apuntesdesanluis.com","image":{"@type":"ImageObject","inLanguage":"es-AR","@id":"https:\/\/apuntesdesanluis.com\/#\/schema\/person\/image\/","url":"https:\/\/apuntesdesanluis.com\/wp-content\/uploads\/2023\/07\/cropped-apuntesdesanluis.png","contentUrl":"https:\/\/apuntesdesanluis.com\/wp-content\/uploads\/2023\/07\/cropped-apuntesdesanluis.png","width":450,"height":112,"caption":"apuntesdesanluis.com"},"logo":{"@id":"https:\/\/apuntesdesanluis.com\/#\/schema\/person\/image\/"},"sameAs":["https:\/\/apuntesdesanluis.com"],"url":"https:\/\/apuntesdesanluis.com\/index.php\/author\/apuntesdesanluis-com\/"}]}},"featured_image_urls":{"full":["https:\/\/apuntesdesanluis.com\/wp-content\/uploads\/2024\/07\/AUDIENCIA-INCENDIO.png",700,416,false],"thumbnail":["https:\/\/apuntesdesanluis.com\/wp-content\/uploads\/2024\/07\/AUDIENCIA-INCENDIO-150x150.png",150,150,true],"medium":["https:\/\/apuntesdesanluis.com\/wp-content\/uploads\/2024\/07\/AUDIENCIA-INCENDIO-300x178.png",300,178,true],"medium_large":["https:\/\/apuntesdesanluis.com\/wp-content\/uploads\/2024\/07\/AUDIENCIA-INCENDIO.png",640,380,false],"large":["https:\/\/apuntesdesanluis.com\/wp-content\/uploads\/2024\/07\/AUDIENCIA-INCENDIO.png",640,380,false],"1536x1536":["https:\/\/apuntesdesanluis.com\/wp-content\/uploads\/2024\/07\/AUDIENCIA-INCENDIO.png",700,416,false],"2048x2048":["https:\/\/apuntesdesanluis.com\/wp-content\/uploads\/2024\/07\/AUDIENCIA-INCENDIO.png",700,416,false],"newsever-slider-full":["https:\/\/apuntesdesanluis.com\/wp-content\/uploads\/2024\/07\/AUDIENCIA-INCENDIO.png",700,416,false],"newsever-featured":["https:\/\/apuntesdesanluis.com\/wp-content\/uploads\/2024\/07\/AUDIENCIA-INCENDIO.png",700,416,false],"newsever-medium":["https:\/\/apuntesdesanluis.com\/wp-content\/uploads\/2024\/07\/AUDIENCIA-INCENDIO.png",700,416,false]},"author_info":{"display_name":"apuntesdesanluis.com","author_link":"https:\/\/apuntesdesanluis.com\/index.php\/author\/apuntesdesanluis-com\/"},"category_info":"<a href=\"https:\/\/apuntesdesanluis.com\/index.php\/category\/ciudad-provincia\/\" rel=\"category tag\">Ciudad\/Provincia<\/a>","tag_info":"Ciudad\/Provincia","comment_count":"0","_links":{"self":[{"href":"https:\/\/apuntesdesanluis.com\/index.php\/wp-json\/wp\/v2\/posts\/19865","targetHints":{"allow":["GET"]}}],"collection":[{"href":"https:\/\/apuntesdesanluis.com\/index.php\/wp-json\/wp\/v2\/posts"}],"about":[{"href":"https:\/\/apuntesdesanluis.com\/index.php\/wp-json\/wp\/v2\/types\/post"}],"author":[{"embeddable":true,"href":"https:\/\/apuntesdesanluis.com\/index.php\/wp-json\/wp\/v2\/users\/1"}],"replies":[{"embeddable":true,"href":"https:\/\/apuntesdesanluis.com\/index.php\/wp-json\/wp\/v2\/comments?post=19865"}],"version-history":[{"count":2,"href":"https:\/\/apuntesdesanluis.com\/index.php\/wp-json\/wp\/v2\/posts\/19865\/revisions"}],"predecessor-version":[{"id":19868,"href":"https:\/\/apuntesdesanluis.com\/index.php\/wp-json\/wp\/v2\/posts\/19865\/revisions\/19868"}],"wp:featuredmedia":[{"embeddable":true,"href":"https:\/\/apuntesdesanluis.com\/index.php\/wp-json\/wp\/v2\/media\/19866"}],"wp:attachment":[{"href":"https:\/\/apuntesdesanluis.com\/index.php\/wp-json\/wp\/v2\/media?parent=19865"}],"wp:term":[{"taxonomy":"category","embeddable":true,"href":"https:\/\/apuntesdesanluis.com\/index.php\/wp-json\/wp\/v2\/categories?post=19865"},{"taxonomy":"post_tag","embeddable":true,"href":"https:\/\/apuntesdesanluis.com\/index.php\/wp-json\/wp\/v2\/tags?post=19865"}],"curies":[{"name":"wp","href":"https:\/\/api.w.org\/{rel}","templated":true}]}}