{"id":19872,"date":"2024-07-25T21:25:06","date_gmt":"2024-07-26T00:25:06","guid":{"rendered":"https:\/\/apuntesdesanluis.com\/?p=19872"},"modified":"2024-07-25T21:25:06","modified_gmt":"2024-07-26T00:25:06","slug":"el-actor-juan-jose-camero-se-encuentra-internado-en-estado-critico-en-medio-de-una-situacion-economica-complicada","status":"publish","type":"post","link":"https:\/\/apuntesdesanluis.com\/index.php\/2024\/07\/25\/el-actor-juan-jose-camero-se-encuentra-internado-en-estado-critico-en-medio-de-una-situacion-economica-complicada\/","title":{"rendered":"EL ACTOR JUAN JOS\u00c9 CAMERO SE ENCUENTRA INTERNADO EN ESTADO CR\u00cdTICO EN MEDIO DE UNA SITUACI\u00d3N ECON\u00d3MICA COMPLICADA"},"content":{"rendered":"<h3><strong>Florencia Aroldi<\/strong>, dramaturga y escritora, hizo un emotivo llamado a la solidaridad desde su cuenta de Instagram este martes por la tarde, solicitando apoyo para el actor <strong>Juan Jos\u00e9 Camero<\/strong>, quien enfrenta serias complicaciones de salud y una delicada situaci\u00f3n econ\u00f3mica.<\/h3>\n<h3>La joven, hija del recordado actor Norberto Aroldi y la actriz Mar\u00eda Ibarreta, public\u00f3: \u201cJuan Jos\u00e9 Camero nos necesita. Est\u00e1 internado en la Cl\u00ednica Modelo de Caseros: una visita, una carta, un llamado, todo ser\u00eda de mucha compa\u00f1\u00eda para \u00e9l. Podemos ayudar desde el amor y la contenci\u00f3n\u201d. Su publicaci\u00f3n r\u00e1pidamente se viraliz\u00f3 y gener\u00f3 una fuerte repercusi\u00f3n en las redes sociales.<\/h3>\n<h3>El actor, de 80 a\u00f1os, conocido por su papel en Nazareno Cruz y el lobo, fue internado debido a una obstrucci\u00f3n intestinal y se encuentra en estado cr\u00edtico. En di\u00e1logo con Teleshow, Florencia explic\u00f3: \u201cEst\u00e1 solo y necesita compa\u00f1\u00eda\u201d. Recordemos, que Juan Jos\u00e9 se retir\u00f3 de la actuaci\u00f3n en el 2013 con el filme La vida anterior.<\/h3>\n<h3>Aroldi relat\u00f3 la conexi\u00f3n de su familia con Camero, quien estuvo presente durante la \u00faltima internaci\u00f3n de su padre. \u201cMi pap\u00e1 se descompuso en la casa de los padres de Juan Jos\u00e9 y \u00e9l lo acompa\u00f1\u00f3 en su \u00faltima internaci\u00f3n. Ahora, despu\u00e9s de muchos a\u00f1os, nos reencontramos. \u00c9l quer\u00eda volver al teatro, pero de una manera no convencional, porque dice que se acuerda todo de memoria\u201d.<\/h3>\n<p><img fetchpriority=\"high\" decoding=\"async\" class=\"wp-image-19873 aligncenter\" src=\"https:\/\/apuntesdesanluis.com\/wp-content\/uploads\/2024\/07\/CAMERO-300x272.png\" alt=\"\" width=\"591\" height=\"536\" srcset=\"https:\/\/apuntesdesanluis.com\/wp-content\/uploads\/2024\/07\/CAMERO-300x272.png 300w, https:\/\/apuntesdesanluis.com\/wp-content\/uploads\/2024\/07\/CAMERO.png 619w\" sizes=\"(max-width: 591px) 100vw, 591px\" \/><\/p>\n<h4 style=\"text-align: center;\"><em>Florencia Aroldi junto a Juan Jos\u00e9 Camero.<\/em><\/h4>\n<h3>Camero ha estado apartado de la vida p\u00fablica por varios a\u00f1os y enfrenta problemas graves de visi\u00f3n. A pesar de su delicada situaci\u00f3n, se maneja con mucha dignidad. Florencia destac\u00f3 la gesti\u00f3n cultural que realiz\u00f3 Camero en Paraguay durante diez a\u00f1os, por la cual deber\u00eda recibir una jubilaci\u00f3n mayor. Sin embargo, su expediente en ANSES est\u00e1 trabado y nunca ha cobrado m\u00e1s que la m\u00ednima, lo que complica a\u00fan m\u00e1s su situaci\u00f3n econ\u00f3mica.<\/h3>\n<h3>Aroldi mencion\u00f3 que, a pesar de los esfuerzos, Camero se encuentra viviendo de sus ahorros y necesita una estructura econ\u00f3mica estable. \u201c\u00c9l puede pagar una prepaga, pero sus ahorros se est\u00e1n consumiendo. Empezamos a tocar puertas para ver si se puede destrabar el expediente en ANSES, para que \u00e9l cobre lo que le corresponde\u201d.<\/h3>\n<h3>Recientemente, SAGAI se contact\u00f3 para ofrecer ayuda econ\u00f3mica. \u201cLa clave est\u00e1 en el expediente de ANSES. \u00c9l dec\u00eda que no quer\u00eda molestar porque hay gente que la est\u00e1 pasando peor. Pero hoy me dijo: \u2018Florencia, si ten\u00e9s que hacer ruido, hac\u00e9 ruido, porque no puedo m\u00e1s\u2019\u201d.<\/h3>\n<h3>La dramaturga y escritora tambi\u00e9n destac\u00f3 el car\u00e1cter humanista de Camero y su deseo de seguir activo en la cultura, incluso en momentos de vulnerabilidad. \u201c\u00c9l me dec\u00eda que sus sentimientos est\u00e1n explotando, pero tambi\u00e9n habla de pol\u00edtica y de mujeres, recordando su \u00e9poca dorada y su amistad con personalidades como Borges y Eduardo Galeano\u201d.<\/h3>\n<h3>Finalmente, Florencia hizo un llamado a la solidaridad, no solo por la situaci\u00f3n de Camero, sino como un reflejo de la deuda interna que la sociedad tiene con figuras que han contribuido tanto a la cultura. \u201c\u00c9l no quiere que lo miren por ser Camero y recibir un beneficio que otros jubilados no tienen. Pero necesitamos hacer ruido para que se le reconozcan sus derechos\u201d.<\/h3>\n<h3>Cabe destacar que a mediados de julio del a\u00f1o pasado, Camero realiz\u00f3 un extenso posteo en su cuenta de Facebook en el que cont\u00f3 que tiene una ceguera relativa, que lo dej\u00f3 con solo el 10 por ciento de su capacidad de visi\u00f3n. \u201cPero no me siento ser el palad\u00edn de la desdicha, ni tampoco el abanderado del dolor humano\u201d, asegur\u00f3 en un extenso texto que escribi\u00f3 en su momento, explicando c\u00f3mo se sent\u00eda.<\/h3>\n<h3>\u201cTratar\u00e9 de ser breve y de explicarles como mejor pueda hacerlo. Lo cierto es que fui demorando la decisi\u00f3n de compartir con ustedes mi actual realidad, sin que ello conlleve la m\u00e1s m\u00ednima pretensi\u00f3n de agobiarlos, nada m\u00e1s lejano; solo me es necesario porque mi alma me dicta hacerles esta confesi\u00f3n, que desde ya cuesta. Espero e ilusiono comprendan el verdadero sentido, el motivo que me lleva a hacerlo\u201d, comenz\u00f3 con ciertos rodeos y sigui\u00f3: \u201cQuiz\u00e1s muchos ya lo han advertido, dada mi dificultad para escribir y las veces que me veo obligado a corregir. No s\u00e9 por qu\u00e9 me dilat\u00e9 en revelar esta verdad, ni tampoco por qu\u00e9 hoy y no antes, me dedico a hacerlo\u201d.<\/h3>\n<h3>Finalmente, fue al grano: \u201cLa niebla ha cubierto mis ojos. A otras personas les suceden otras cosas, a m\u00ed me toc\u00f3 esto, no puedo leer ni escribir como antes lo hac\u00eda. He intentado todo lo que se puede hacer hasta el momento, desde hace a\u00f1os que comenz\u00f3 esta dificultad, la he venido transitando con la esperanza puesta en un sinf\u00edn de tratamientos realizados, pero los mismos no prosperaron\u201d.<\/h3>\n<h3>\u201cDebo decir que mi ceguera no es total, no necesito palpar un rostro para saber c\u00f3mo es, puedo andar por esta casa sin tropezarme y asomarme a la ventana y divisar, aunque borrosamente, los regalos de la naturaleza. Tambi\u00e9n puedo, y lo hago, recoger con cuidado los benditos frutos del limonero que da una planta en el fondo de la casa donde habito\u201d, cont\u00f3 sobre su situaci\u00f3n y su paso por diferentes m\u00e9dicos: \u201cTengo una ceguera relativa, los innumerables y competentes profesionales que he consultado, a quienes les agradezco su esperada y profunda dedicaci\u00f3n, han determinado y coincidido en que cuento solo con un diez por ciento de mi capacidad de mi visi\u00f3n que es casi, y lamento decir esto, casi una semi ceguera. El diagn\u00f3stico, seg\u00fan cientos de profesionales a los que concurro, han concluido que es absolutamente irreversible\u201d. Respecto al diagn\u00f3stico, dijo que se llama \u201cmaculopat\u00eda bilateral\u201d. (Infobae)<\/h3>\n<p>&nbsp;<\/p>\n<p>&nbsp;<\/p>\n<p>&nbsp;<\/p>\n<p>&nbsp;<\/p>\n<p>&nbsp;<\/p>\n<p>&nbsp;<\/p>\n<h3><\/h3>\n","protected":false},"excerpt":{"rendered":"<p>Florencia Aroldi, dramaturga y escritora, hizo un emotivo llamado a la solidaridad desde su cuenta&#8230;<\/p>\n","protected":false},"author":1,"featured_media":19874,"comment_status":"closed","ping_status":"closed","sticky":false,"template":"","format":"standard","meta":{"footnotes":""},"categories":[5],"tags":[],"class_list":["post-19872","post","type-post","status-publish","format-standard","has-post-thumbnail","hentry","category-nacionales-internacionales"],"yoast_head":"<!-- This site is optimized with the Yoast SEO plugin v26.1.1 - https:\/\/yoast.com\/wordpress\/plugins\/seo\/ -->\n<title>EL ACTOR JUAN JOS\u00c9 CAMERO SE ENCUENTRA INTERNADO EN ESTADO CR\u00cdTICO EN MEDIO DE UNA SITUACI\u00d3N ECON\u00d3MICA COMPLICADA - Apuntes de San Luis<\/title>\n<meta name=\"robots\" content=\"index, follow, max-snippet:-1, max-image-preview:large, max-video-preview:-1\" \/>\n<link rel=\"canonical\" href=\"https:\/\/apuntesdesanluis.com\/index.php\/2024\/07\/25\/el-actor-juan-jose-camero-se-encuentra-internado-en-estado-critico-en-medio-de-una-situacion-economica-complicada\/\" \/>\n<meta property=\"og:locale\" content=\"es_ES\" \/>\n<meta property=\"og:type\" content=\"article\" \/>\n<meta property=\"og:title\" content=\"EL ACTOR JUAN JOS\u00c9 CAMERO SE ENCUENTRA INTERNADO EN ESTADO CR\u00cdTICO EN MEDIO DE UNA SITUACI\u00d3N ECON\u00d3MICA COMPLICADA - Apuntes de San Luis\" \/>\n<meta property=\"og:description\" content=\"Florencia Aroldi, dramaturga y escritora, hizo un emotivo llamado a la solidaridad desde su cuenta...\" \/>\n<meta property=\"og:url\" content=\"https:\/\/apuntesdesanluis.com\/index.php\/2024\/07\/25\/el-actor-juan-jose-camero-se-encuentra-internado-en-estado-critico-en-medio-de-una-situacion-economica-complicada\/\" \/>\n<meta property=\"og:site_name\" content=\"Apuntes de San Luis\" \/>\n<meta property=\"article:published_time\" content=\"2024-07-26T00:25:06+00:00\" \/>\n<meta property=\"og:image\" content=\"https:\/\/apuntesdesanluis.com\/wp-content\/uploads\/2024\/07\/JUAN-JOSE-CAMERO.png\" \/>\n\t<meta property=\"og:image:width\" content=\"700\" \/>\n\t<meta property=\"og:image:height\" content=\"431\" \/>\n\t<meta property=\"og:image:type\" content=\"image\/png\" \/>\n<meta name=\"author\" content=\"apuntesdesanluis.com\" \/>\n<meta name=\"twitter:card\" content=\"summary_large_image\" \/>\n<meta name=\"twitter:label1\" content=\"Escrito por\" \/>\n\t<meta name=\"twitter:data1\" content=\"apuntesdesanluis.com\" \/>\n\t<meta name=\"twitter:label2\" content=\"Tiempo de lectura\" \/>\n\t<meta name=\"twitter:data2\" content=\"5 minutos\" \/>\n<script type=\"application\/ld+json\" class=\"yoast-schema-graph\">{\"@context\":\"https:\/\/schema.org\",\"@graph\":[{\"@type\":\"Article\",\"@id\":\"https:\/\/apuntesdesanluis.com\/index.php\/2024\/07\/25\/el-actor-juan-jose-camero-se-encuentra-internado-en-estado-critico-en-medio-de-una-situacion-economica-complicada\/#article\",\"isPartOf\":{\"@id\":\"https:\/\/apuntesdesanluis.com\/index.php\/2024\/07\/25\/el-actor-juan-jose-camero-se-encuentra-internado-en-estado-critico-en-medio-de-una-situacion-economica-complicada\/\"},\"author\":{\"name\":\"apuntesdesanluis.com\",\"@id\":\"https:\/\/apuntesdesanluis.com\/#\/schema\/person\/b55151d52296fcce64d1a72538a70b90\"},\"headline\":\"EL ACTOR JUAN JOS\u00c9 CAMERO SE ENCUENTRA INTERNADO EN ESTADO CR\u00cdTICO EN MEDIO DE UNA SITUACI\u00d3N ECON\u00d3MICA COMPLICADA\",\"datePublished\":\"2024-07-26T00:25:06+00:00\",\"mainEntityOfPage\":{\"@id\":\"https:\/\/apuntesdesanluis.com\/index.php\/2024\/07\/25\/el-actor-juan-jose-camero-se-encuentra-internado-en-estado-critico-en-medio-de-una-situacion-economica-complicada\/\"},\"wordCount\":1034,\"publisher\":{\"@id\":\"https:\/\/apuntesdesanluis.com\/#\/schema\/person\/b55151d52296fcce64d1a72538a70b90\"},\"image\":{\"@id\":\"https:\/\/apuntesdesanluis.com\/index.php\/2024\/07\/25\/el-actor-juan-jose-camero-se-encuentra-internado-en-estado-critico-en-medio-de-una-situacion-economica-complicada\/#primaryimage\"},\"thumbnailUrl\":\"https:\/\/apuntesdesanluis.com\/wp-content\/uploads\/2024\/07\/JUAN-JOSE-CAMERO.png\",\"articleSection\":[\"Nacionales\/Internacionales\"],\"inLanguage\":\"es-AR\"},{\"@type\":\"WebPage\",\"@id\":\"https:\/\/apuntesdesanluis.com\/index.php\/2024\/07\/25\/el-actor-juan-jose-camero-se-encuentra-internado-en-estado-critico-en-medio-de-una-situacion-economica-complicada\/\",\"url\":\"https:\/\/apuntesdesanluis.com\/index.php\/2024\/07\/25\/el-actor-juan-jose-camero-se-encuentra-internado-en-estado-critico-en-medio-de-una-situacion-economica-complicada\/\",\"name\":\"EL ACTOR JUAN JOS\u00c9 CAMERO SE ENCUENTRA INTERNADO EN ESTADO CR\u00cdTICO EN MEDIO DE UNA SITUACI\u00d3N ECON\u00d3MICA COMPLICADA - Apuntes de San Luis\",\"isPartOf\":{\"@id\":\"https:\/\/apuntesdesanluis.com\/#website\"},\"primaryImageOfPage\":{\"@id\":\"https:\/\/apuntesdesanluis.com\/index.php\/2024\/07\/25\/el-actor-juan-jose-camero-se-encuentra-internado-en-estado-critico-en-medio-de-una-situacion-economica-complicada\/#primaryimage\"},\"image\":{\"@id\":\"https:\/\/apuntesdesanluis.com\/index.php\/2024\/07\/25\/el-actor-juan-jose-camero-se-encuentra-internado-en-estado-critico-en-medio-de-una-situacion-economica-complicada\/#primaryimage\"},\"thumbnailUrl\":\"https:\/\/apuntesdesanluis.com\/wp-content\/uploads\/2024\/07\/JUAN-JOSE-CAMERO.png\",\"datePublished\":\"2024-07-26T00:25:06+00:00\",\"breadcrumb\":{\"@id\":\"https:\/\/apuntesdesanluis.com\/index.php\/2024\/07\/25\/el-actor-juan-jose-camero-se-encuentra-internado-en-estado-critico-en-medio-de-una-situacion-economica-complicada\/#breadcrumb\"},\"inLanguage\":\"es-AR\",\"potentialAction\":[{\"@type\":\"ReadAction\",\"target\":[\"https:\/\/apuntesdesanluis.com\/index.php\/2024\/07\/25\/el-actor-juan-jose-camero-se-encuentra-internado-en-estado-critico-en-medio-de-una-situacion-economica-complicada\/\"]}]},{\"@type\":\"ImageObject\",\"inLanguage\":\"es-AR\",\"@id\":\"https:\/\/apuntesdesanluis.com\/index.php\/2024\/07\/25\/el-actor-juan-jose-camero-se-encuentra-internado-en-estado-critico-en-medio-de-una-situacion-economica-complicada\/#primaryimage\",\"url\":\"https:\/\/apuntesdesanluis.com\/wp-content\/uploads\/2024\/07\/JUAN-JOSE-CAMERO.png\",\"contentUrl\":\"https:\/\/apuntesdesanluis.com\/wp-content\/uploads\/2024\/07\/JUAN-JOSE-CAMERO.png\",\"width\":700,\"height\":431},{\"@type\":\"BreadcrumbList\",\"@id\":\"https:\/\/apuntesdesanluis.com\/index.php\/2024\/07\/25\/el-actor-juan-jose-camero-se-encuentra-internado-en-estado-critico-en-medio-de-una-situacion-economica-complicada\/#breadcrumb\",\"itemListElement\":[{\"@type\":\"ListItem\",\"position\":1,\"name\":\"Inicio\",\"item\":\"https:\/\/apuntesdesanluis.com\/\"},{\"@type\":\"ListItem\",\"position\":2,\"name\":\"EL ACTOR JUAN JOS\u00c9 CAMERO SE ENCUENTRA INTERNADO EN ESTADO CR\u00cdTICO EN MEDIO DE UNA SITUACI\u00d3N ECON\u00d3MICA COMPLICADA\"}]},{\"@type\":\"WebSite\",\"@id\":\"https:\/\/apuntesdesanluis.com\/#website\",\"url\":\"https:\/\/apuntesdesanluis.com\/\",\"name\":\"Apuntes de San Luis\",\"description\":\"\",\"publisher\":{\"@id\":\"https:\/\/apuntesdesanluis.com\/#\/schema\/person\/b55151d52296fcce64d1a72538a70b90\"},\"potentialAction\":[{\"@type\":\"SearchAction\",\"target\":{\"@type\":\"EntryPoint\",\"urlTemplate\":\"https:\/\/apuntesdesanluis.com\/?s={search_term_string}\"},\"query-input\":{\"@type\":\"PropertyValueSpecification\",\"valueRequired\":true,\"valueName\":\"search_term_string\"}}],\"inLanguage\":\"es-AR\"},{\"@type\":[\"Person\",\"Organization\"],\"@id\":\"https:\/\/apuntesdesanluis.com\/#\/schema\/person\/b55151d52296fcce64d1a72538a70b90\",\"name\":\"apuntesdesanluis.com\",\"image\":{\"@type\":\"ImageObject\",\"inLanguage\":\"es-AR\",\"@id\":\"https:\/\/apuntesdesanluis.com\/#\/schema\/person\/image\/\",\"url\":\"https:\/\/apuntesdesanluis.com\/wp-content\/uploads\/2023\/07\/cropped-apuntesdesanluis.png\",\"contentUrl\":\"https:\/\/apuntesdesanluis.com\/wp-content\/uploads\/2023\/07\/cropped-apuntesdesanluis.png\",\"width\":450,\"height\":112,\"caption\":\"apuntesdesanluis.com\"},\"logo\":{\"@id\":\"https:\/\/apuntesdesanluis.com\/#\/schema\/person\/image\/\"},\"sameAs\":[\"https:\/\/apuntesdesanluis.com\"],\"url\":\"https:\/\/apuntesdesanluis.com\/index.php\/author\/apuntesdesanluis-com\/\"}]}<\/script>\n<!-- \/ Yoast SEO plugin. -->","yoast_head_json":{"title":"EL ACTOR JUAN JOS\u00c9 CAMERO SE ENCUENTRA INTERNADO EN ESTADO CR\u00cdTICO EN MEDIO DE UNA SITUACI\u00d3N ECON\u00d3MICA COMPLICADA - Apuntes de San Luis","robots":{"index":"index","follow":"follow","max-snippet":"max-snippet:-1","max-image-preview":"max-image-preview:large","max-video-preview":"max-video-preview:-1"},"canonical":"https:\/\/apuntesdesanluis.com\/index.php\/2024\/07\/25\/el-actor-juan-jose-camero-se-encuentra-internado-en-estado-critico-en-medio-de-una-situacion-economica-complicada\/","og_locale":"es_ES","og_type":"article","og_title":"EL ACTOR JUAN JOS\u00c9 CAMERO SE ENCUENTRA INTERNADO EN ESTADO CR\u00cdTICO EN MEDIO DE UNA SITUACI\u00d3N ECON\u00d3MICA COMPLICADA - Apuntes de San Luis","og_description":"Florencia Aroldi, dramaturga y escritora, hizo un emotivo llamado a la solidaridad desde su cuenta...","og_url":"https:\/\/apuntesdesanluis.com\/index.php\/2024\/07\/25\/el-actor-juan-jose-camero-se-encuentra-internado-en-estado-critico-en-medio-de-una-situacion-economica-complicada\/","og_site_name":"Apuntes de San Luis","article_published_time":"2024-07-26T00:25:06+00:00","og_image":[{"width":700,"height":431,"url":"https:\/\/apuntesdesanluis.com\/wp-content\/uploads\/2024\/07\/JUAN-JOSE-CAMERO.png","type":"image\/png"}],"author":"apuntesdesanluis.com","twitter_card":"summary_large_image","twitter_misc":{"Escrito por":"apuntesdesanluis.com","Tiempo de lectura":"5 minutos"},"schema":{"@context":"https:\/\/schema.org","@graph":[{"@type":"Article","@id":"https:\/\/apuntesdesanluis.com\/index.php\/2024\/07\/25\/el-actor-juan-jose-camero-se-encuentra-internado-en-estado-critico-en-medio-de-una-situacion-economica-complicada\/#article","isPartOf":{"@id":"https:\/\/apuntesdesanluis.com\/index.php\/2024\/07\/25\/el-actor-juan-jose-camero-se-encuentra-internado-en-estado-critico-en-medio-de-una-situacion-economica-complicada\/"},"author":{"name":"apuntesdesanluis.com","@id":"https:\/\/apuntesdesanluis.com\/#\/schema\/person\/b55151d52296fcce64d1a72538a70b90"},"headline":"EL ACTOR JUAN JOS\u00c9 CAMERO SE ENCUENTRA INTERNADO EN ESTADO CR\u00cdTICO EN MEDIO DE UNA SITUACI\u00d3N ECON\u00d3MICA COMPLICADA","datePublished":"2024-07-26T00:25:06+00:00","mainEntityOfPage":{"@id":"https:\/\/apuntesdesanluis.com\/index.php\/2024\/07\/25\/el-actor-juan-jose-camero-se-encuentra-internado-en-estado-critico-en-medio-de-una-situacion-economica-complicada\/"},"wordCount":1034,"publisher":{"@id":"https:\/\/apuntesdesanluis.com\/#\/schema\/person\/b55151d52296fcce64d1a72538a70b90"},"image":{"@id":"https:\/\/apuntesdesanluis.com\/index.php\/2024\/07\/25\/el-actor-juan-jose-camero-se-encuentra-internado-en-estado-critico-en-medio-de-una-situacion-economica-complicada\/#primaryimage"},"thumbnailUrl":"https:\/\/apuntesdesanluis.com\/wp-content\/uploads\/2024\/07\/JUAN-JOSE-CAMERO.png","articleSection":["Nacionales\/Internacionales"],"inLanguage":"es-AR"},{"@type":"WebPage","@id":"https:\/\/apuntesdesanluis.com\/index.php\/2024\/07\/25\/el-actor-juan-jose-camero-se-encuentra-internado-en-estado-critico-en-medio-de-una-situacion-economica-complicada\/","url":"https:\/\/apuntesdesanluis.com\/index.php\/2024\/07\/25\/el-actor-juan-jose-camero-se-encuentra-internado-en-estado-critico-en-medio-de-una-situacion-economica-complicada\/","name":"EL ACTOR JUAN JOS\u00c9 CAMERO SE ENCUENTRA INTERNADO EN ESTADO CR\u00cdTICO EN MEDIO DE UNA SITUACI\u00d3N ECON\u00d3MICA COMPLICADA - Apuntes de San Luis","isPartOf":{"@id":"https:\/\/apuntesdesanluis.com\/#website"},"primaryImageOfPage":{"@id":"https:\/\/apuntesdesanluis.com\/index.php\/2024\/07\/25\/el-actor-juan-jose-camero-se-encuentra-internado-en-estado-critico-en-medio-de-una-situacion-economica-complicada\/#primaryimage"},"image":{"@id":"https:\/\/apuntesdesanluis.com\/index.php\/2024\/07\/25\/el-actor-juan-jose-camero-se-encuentra-internado-en-estado-critico-en-medio-de-una-situacion-economica-complicada\/#primaryimage"},"thumbnailUrl":"https:\/\/apuntesdesanluis.com\/wp-content\/uploads\/2024\/07\/JUAN-JOSE-CAMERO.png","datePublished":"2024-07-26T00:25:06+00:00","breadcrumb":{"@id":"https:\/\/apuntesdesanluis.com\/index.php\/2024\/07\/25\/el-actor-juan-jose-camero-se-encuentra-internado-en-estado-critico-en-medio-de-una-situacion-economica-complicada\/#breadcrumb"},"inLanguage":"es-AR","potentialAction":[{"@type":"ReadAction","target":["https:\/\/apuntesdesanluis.com\/index.php\/2024\/07\/25\/el-actor-juan-jose-camero-se-encuentra-internado-en-estado-critico-en-medio-de-una-situacion-economica-complicada\/"]}]},{"@type":"ImageObject","inLanguage":"es-AR","@id":"https:\/\/apuntesdesanluis.com\/index.php\/2024\/07\/25\/el-actor-juan-jose-camero-se-encuentra-internado-en-estado-critico-en-medio-de-una-situacion-economica-complicada\/#primaryimage","url":"https:\/\/apuntesdesanluis.com\/wp-content\/uploads\/2024\/07\/JUAN-JOSE-CAMERO.png","contentUrl":"https:\/\/apuntesdesanluis.com\/wp-content\/uploads\/2024\/07\/JUAN-JOSE-CAMERO.png","width":700,"height":431},{"@type":"BreadcrumbList","@id":"https:\/\/apuntesdesanluis.com\/index.php\/2024\/07\/25\/el-actor-juan-jose-camero-se-encuentra-internado-en-estado-critico-en-medio-de-una-situacion-economica-complicada\/#breadcrumb","itemListElement":[{"@type":"ListItem","position":1,"name":"Inicio","item":"https:\/\/apuntesdesanluis.com\/"},{"@type":"ListItem","position":2,"name":"EL ACTOR JUAN JOS\u00c9 CAMERO SE ENCUENTRA INTERNADO EN ESTADO CR\u00cdTICO EN MEDIO DE UNA SITUACI\u00d3N ECON\u00d3MICA COMPLICADA"}]},{"@type":"WebSite","@id":"https:\/\/apuntesdesanluis.com\/#website","url":"https:\/\/apuntesdesanluis.com\/","name":"Apuntes de San Luis","description":"","publisher":{"@id":"https:\/\/apuntesdesanluis.com\/#\/schema\/person\/b55151d52296fcce64d1a72538a70b90"},"potentialAction":[{"@type":"SearchAction","target":{"@type":"EntryPoint","urlTemplate":"https:\/\/apuntesdesanluis.com\/?s={search_term_string}"},"query-input":{"@type":"PropertyValueSpecification","valueRequired":true,"valueName":"search_term_string"}}],"inLanguage":"es-AR"},{"@type":["Person","Organization"],"@id":"https:\/\/apuntesdesanluis.com\/#\/schema\/person\/b55151d52296fcce64d1a72538a70b90","name":"apuntesdesanluis.com","image":{"@type":"ImageObject","inLanguage":"es-AR","@id":"https:\/\/apuntesdesanluis.com\/#\/schema\/person\/image\/","url":"https:\/\/apuntesdesanluis.com\/wp-content\/uploads\/2023\/07\/cropped-apuntesdesanluis.png","contentUrl":"https:\/\/apuntesdesanluis.com\/wp-content\/uploads\/2023\/07\/cropped-apuntesdesanluis.png","width":450,"height":112,"caption":"apuntesdesanluis.com"},"logo":{"@id":"https:\/\/apuntesdesanluis.com\/#\/schema\/person\/image\/"},"sameAs":["https:\/\/apuntesdesanluis.com"],"url":"https:\/\/apuntesdesanluis.com\/index.php\/author\/apuntesdesanluis-com\/"}]}},"featured_image_urls":{"full":["https:\/\/apuntesdesanluis.com\/wp-content\/uploads\/2024\/07\/JUAN-JOSE-CAMERO.png",700,431,false],"thumbnail":["https:\/\/apuntesdesanluis.com\/wp-content\/uploads\/2024\/07\/JUAN-JOSE-CAMERO-150x150.png",150,150,true],"medium":["https:\/\/apuntesdesanluis.com\/wp-content\/uploads\/2024\/07\/JUAN-JOSE-CAMERO-300x185.png",300,185,true],"medium_large":["https:\/\/apuntesdesanluis.com\/wp-content\/uploads\/2024\/07\/JUAN-JOSE-CAMERO.png",640,394,false],"large":["https:\/\/apuntesdesanluis.com\/wp-content\/uploads\/2024\/07\/JUAN-JOSE-CAMERO.png",640,394,false],"1536x1536":["https:\/\/apuntesdesanluis.com\/wp-content\/uploads\/2024\/07\/JUAN-JOSE-CAMERO.png",700,431,false],"2048x2048":["https:\/\/apuntesdesanluis.com\/wp-content\/uploads\/2024\/07\/JUAN-JOSE-CAMERO.png",700,431,false],"newsever-slider-full":["https:\/\/apuntesdesanluis.com\/wp-content\/uploads\/2024\/07\/JUAN-JOSE-CAMERO.png",700,431,false],"newsever-featured":["https:\/\/apuntesdesanluis.com\/wp-content\/uploads\/2024\/07\/JUAN-JOSE-CAMERO.png",700,431,false],"newsever-medium":["https:\/\/apuntesdesanluis.com\/wp-content\/uploads\/2024\/07\/JUAN-JOSE-CAMERO.png",700,431,false]},"author_info":{"display_name":"apuntesdesanluis.com","author_link":"https:\/\/apuntesdesanluis.com\/index.php\/author\/apuntesdesanluis-com\/"},"category_info":"<a href=\"https:\/\/apuntesdesanluis.com\/index.php\/category\/nacionales-internacionales\/\" rel=\"category tag\">Nacionales\/Internacionales<\/a>","tag_info":"Nacionales\/Internacionales","comment_count":"0","_links":{"self":[{"href":"https:\/\/apuntesdesanluis.com\/index.php\/wp-json\/wp\/v2\/posts\/19872","targetHints":{"allow":["GET"]}}],"collection":[{"href":"https:\/\/apuntesdesanluis.com\/index.php\/wp-json\/wp\/v2\/posts"}],"about":[{"href":"https:\/\/apuntesdesanluis.com\/index.php\/wp-json\/wp\/v2\/types\/post"}],"author":[{"embeddable":true,"href":"https:\/\/apuntesdesanluis.com\/index.php\/wp-json\/wp\/v2\/users\/1"}],"replies":[{"embeddable":true,"href":"https:\/\/apuntesdesanluis.com\/index.php\/wp-json\/wp\/v2\/comments?post=19872"}],"version-history":[{"count":1,"href":"https:\/\/apuntesdesanluis.com\/index.php\/wp-json\/wp\/v2\/posts\/19872\/revisions"}],"predecessor-version":[{"id":19875,"href":"https:\/\/apuntesdesanluis.com\/index.php\/wp-json\/wp\/v2\/posts\/19872\/revisions\/19875"}],"wp:featuredmedia":[{"embeddable":true,"href":"https:\/\/apuntesdesanluis.com\/index.php\/wp-json\/wp\/v2\/media\/19874"}],"wp:attachment":[{"href":"https:\/\/apuntesdesanluis.com\/index.php\/wp-json\/wp\/v2\/media?parent=19872"}],"wp:term":[{"taxonomy":"category","embeddable":true,"href":"https:\/\/apuntesdesanluis.com\/index.php\/wp-json\/wp\/v2\/categories?post=19872"},{"taxonomy":"post_tag","embeddable":true,"href":"https:\/\/apuntesdesanluis.com\/index.php\/wp-json\/wp\/v2\/tags?post=19872"}],"curies":[{"name":"wp","href":"https:\/\/api.w.org\/{rel}","templated":true}]}}