{"id":19882,"date":"2024-07-25T22:06:25","date_gmt":"2024-07-26T01:06:25","guid":{"rendered":"https:\/\/apuntesdesanluis.com\/?p=19882"},"modified":"2024-07-25T22:16:39","modified_gmt":"2024-07-26T01:16:39","slug":"el-curriculum-que-presento-el-dipy-para-ser-funcionario-pese-a-que-dice-que-no-lo-nombraron","status":"publish","type":"post","link":"https:\/\/apuntesdesanluis.com\/index.php\/2024\/07\/25\/el-curriculum-que-presento-el-dipy-para-ser-funcionario-pese-a-que-dice-que-no-lo-nombraron\/","title":{"rendered":"EL CURR\u00cdCULUM QUE PRESENT\u00d3 EL DIPY PARA SER FUNCIONARIO, PESE A QUE DICE QUE NO LO NOMBRARON"},"content":{"rendered":"<h3>El Dipy dijo que no lo nombraron en el gobierno y que le hicieron una &#8220;opereta&#8221;, pero el sitio La Pol\u00edtica Online accedi\u00f3 a la declaraci\u00f3n jurada y al curr\u00edculum vitae que present\u00f3 para ser funcionario.<\/h3>\n<h3>LPO anticip\u00f3 que el cantante de cumbia, llamado David Adri\u00e1n Mart\u00ednez, fue nombrado en la secretar\u00eda de Cultura que pertenece al Ministerio de Capital Humano.<\/h3>\n<h3>Tras la revelaci\u00f3n de este medio, comenzaron a aparecer los repudios de varios sectores de la pol\u00edtica e incluso de la far\u00e1ndula por la designaci\u00f3n del autor de Par-Tusa y Chorro de Agua.<\/h3>\n<p>&nbsp;<\/p>\n<p><iframe title=\"Par-Tuza\" width=\"640\" height=\"480\" src=\"https:\/\/www.youtube.com\/embed\/-giy-VWE0N0?feature=oembed\" frameborder=\"0\" allow=\"accelerometer; autoplay; clipboard-write; encrypted-media; gyroscope; picture-in-picture; web-share\" referrerpolicy=\"strict-origin-when-cross-origin\" allowfullscreen><\/iframe><\/p>\n<h3>Uno de ellos fue <strong>Alfredo Casero<\/strong>, el creador de Cha Cha Cha, que apoya a Milei. &#8220;Debemos pagarle a este in\u00fatil, que a la cultura aport\u00f3 una garcha, que todos sabemos que es un trepador y un boc\u00f3n, in\u00fatil en todos los t\u00e9rminos. Me parece un horror y no era lo que hab\u00edamos votado&#8221;, dijo Casero en Twitter.<\/h3>\n<h3>Ante la pol\u00e9mica que se gener\u00f3 por su designaci\u00f3n, El Dipy busc\u00f3 desmentir la designaci\u00f3n. &#8220;Llegu\u00e9 de gira de Misiones, donde hice un show, y no s\u00e9 nada. Nadie me ofreci\u00f3 nada, no me llamaron. No tengo ning\u00fan cargo en ninguna \u00e1rea del Gobierno&#8221;, dijo El Dipy a Am\u00e9rica TV.<\/h3>\n<h3>Pero LPO no s\u00f3lo confirm\u00f3 su nombramiento en el Ejecutivo sino que accedi\u00f3 a la documentaci\u00f3n que present\u00f3 El Dipy para ser funcionario ante la direcci\u00f3n general de Recursos Humanos del Ministerio de Capital Humano.<\/h3>\n<h3>En el curr\u00edculum, El Dipy detalla que s\u00f3lo tiene el primario completo y que su experiencia laboral incluye la grabaci\u00f3n de dos discos, el oro y platino por el disco &#8220;El Empuje&#8221; y un premio Gardel al mejor \u00e1lbum de artista tropical, adem\u00e1s de la candidatura a intendente de La Matanza por La Libertad Avanza. Tambi\u00e9n destaca sus participaciones musicales con Pablito Lescano y La Repandilla.<\/h3>\n<p><img fetchpriority=\"high\" decoding=\"async\" class=\"wp-image-19896 aligncenter\" src=\"https:\/\/apuntesdesanluis.com\/wp-content\/uploads\/2024\/07\/CURRICULUM-DIPY-294x300.png\" alt=\"\" width=\"637\" height=\"650\" srcset=\"https:\/\/apuntesdesanluis.com\/wp-content\/uploads\/2024\/07\/CURRICULUM-DIPY-294x300.png 294w, https:\/\/apuntesdesanluis.com\/wp-content\/uploads\/2024\/07\/CURRICULUM-DIPY.png 692w\" sizes=\"(max-width: 637px) 100vw, 637px\" \/><\/p>\n<p><img decoding=\"async\" class=\"wp-image-19885 aligncenter\" src=\"https:\/\/apuntesdesanluis.com\/wp-content\/uploads\/2024\/07\/certificado-de-estudios-300x282.png\" alt=\"\" width=\"615\" height=\"578\" srcset=\"https:\/\/apuntesdesanluis.com\/wp-content\/uploads\/2024\/07\/certificado-de-estudios-300x282.png 300w, https:\/\/apuntesdesanluis.com\/wp-content\/uploads\/2024\/07\/certificado-de-estudios.png 665w\" sizes=\"(max-width: 615px) 100vw, 615px\" \/><\/p>\n<p>&nbsp;<\/p>\n<h3><span style=\"color: #3366ff;\"><strong>NOTICIA RELACIONADA:<\/strong><\/span><\/h3>\n<p><a href=\"https:\/\/apuntesdesanluis.com\/index.php\/2024\/07\/24\/alfredo-casero-apunto-contra-el-dipy-por-su-nuevo-cargo-en-el-gobierno-debemos-pagarle-a-ese-inutil\/\" target=\"_blank\" rel=\"noopener\"><img decoding=\"async\" class=\"alignnone wp-image-19889\" src=\"https:\/\/apuntesdesanluis.com\/wp-content\/uploads\/2024\/07\/CASERO-POSTEO-300x232.png\" alt=\"\" width=\"506\" height=\"391\" srcset=\"https:\/\/apuntesdesanluis.com\/wp-content\/uploads\/2024\/07\/CASERO-POSTEO-300x232.png 300w, https:\/\/apuntesdesanluis.com\/wp-content\/uploads\/2024\/07\/CASERO-POSTEO.png 600w\" sizes=\"(max-width: 506px) 100vw, 506px\" \/><\/a><\/p>\n<p>&nbsp;<\/p>\n<p>&nbsp;<\/p>\n<p>&nbsp;<\/p>\n<p>&nbsp;<\/p>\n<h3><\/h3>\n<p>&nbsp;<\/p>\n<p>&nbsp;<\/p>\n<p>&nbsp;<\/p>\n","protected":false},"excerpt":{"rendered":"<p>El Dipy dijo que no lo nombraron en el gobierno y que le hicieron una&#8230;<\/p>\n","protected":false},"author":1,"featured_media":19883,"comment_status":"closed","ping_status":"closed","sticky":false,"template":"","format":"standard","meta":{"footnotes":""},"categories":[5],"tags":[],"class_list":["post-19882","post","type-post","status-publish","format-standard","has-post-thumbnail","hentry","category-nacionales-internacionales"],"yoast_head":"<!-- This site is optimized with the Yoast SEO plugin v26.1.1 - https:\/\/yoast.com\/wordpress\/plugins\/seo\/ -->\n<title>EL CURR\u00cdCULUM QUE PRESENT\u00d3 EL DIPY PARA SER FUNCIONARIO, PESE A QUE DICE QUE NO LO NOMBRARON - Apuntes de San Luis<\/title>\n<meta name=\"robots\" content=\"index, follow, max-snippet:-1, max-image-preview:large, max-video-preview:-1\" \/>\n<link rel=\"canonical\" href=\"https:\/\/apuntesdesanluis.com\/index.php\/2024\/07\/25\/el-curriculum-que-presento-el-dipy-para-ser-funcionario-pese-a-que-dice-que-no-lo-nombraron\/\" \/>\n<meta property=\"og:locale\" content=\"es_ES\" \/>\n<meta property=\"og:type\" content=\"article\" \/>\n<meta property=\"og:title\" content=\"EL CURR\u00cdCULUM QUE PRESENT\u00d3 EL DIPY PARA SER FUNCIONARIO, PESE A QUE DICE QUE NO LO NOMBRARON - Apuntes de San Luis\" \/>\n<meta property=\"og:description\" content=\"El Dipy dijo que no lo nombraron en el gobierno y que le hicieron una...\" \/>\n<meta property=\"og:url\" content=\"https:\/\/apuntesdesanluis.com\/index.php\/2024\/07\/25\/el-curriculum-que-presento-el-dipy-para-ser-funcionario-pese-a-que-dice-que-no-lo-nombraron\/\" \/>\n<meta property=\"og:site_name\" content=\"Apuntes de San Luis\" \/>\n<meta property=\"article:published_time\" content=\"2024-07-26T01:06:25+00:00\" \/>\n<meta property=\"article:modified_time\" content=\"2024-07-26T01:16:39+00:00\" \/>\n<meta property=\"og:image\" content=\"https:\/\/apuntesdesanluis.com\/wp-content\/uploads\/2024\/07\/milei-y-el-dipy.png\" \/>\n\t<meta property=\"og:image:width\" content=\"700\" \/>\n\t<meta property=\"og:image:height\" content=\"462\" \/>\n\t<meta property=\"og:image:type\" content=\"image\/png\" \/>\n<meta name=\"author\" content=\"apuntesdesanluis.com\" \/>\n<meta name=\"twitter:card\" content=\"summary_large_image\" \/>\n<meta name=\"twitter:label1\" content=\"Escrito por\" \/>\n\t<meta name=\"twitter:data1\" content=\"apuntesdesanluis.com\" \/>\n\t<meta name=\"twitter:label2\" content=\"Tiempo de lectura\" \/>\n\t<meta name=\"twitter:data2\" content=\"3 minutos\" \/>\n<script type=\"application\/ld+json\" class=\"yoast-schema-graph\">{\"@context\":\"https:\/\/schema.org\",\"@graph\":[{\"@type\":\"Article\",\"@id\":\"https:\/\/apuntesdesanluis.com\/index.php\/2024\/07\/25\/el-curriculum-que-presento-el-dipy-para-ser-funcionario-pese-a-que-dice-que-no-lo-nombraron\/#article\",\"isPartOf\":{\"@id\":\"https:\/\/apuntesdesanluis.com\/index.php\/2024\/07\/25\/el-curriculum-que-presento-el-dipy-para-ser-funcionario-pese-a-que-dice-que-no-lo-nombraron\/\"},\"author\":{\"name\":\"apuntesdesanluis.com\",\"@id\":\"https:\/\/apuntesdesanluis.com\/#\/schema\/person\/b55151d52296fcce64d1a72538a70b90\"},\"headline\":\"EL CURR\u00cdCULUM QUE PRESENT\u00d3 EL DIPY PARA SER FUNCIONARIO, PESE A QUE DICE QUE NO LO NOMBRARON\",\"datePublished\":\"2024-07-26T01:06:25+00:00\",\"dateModified\":\"2024-07-26T01:16:39+00:00\",\"mainEntityOfPage\":{\"@id\":\"https:\/\/apuntesdesanluis.com\/index.php\/2024\/07\/25\/el-curriculum-que-presento-el-dipy-para-ser-funcionario-pese-a-que-dice-que-no-lo-nombraron\/\"},\"wordCount\":370,\"publisher\":{\"@id\":\"https:\/\/apuntesdesanluis.com\/#\/schema\/person\/b55151d52296fcce64d1a72538a70b90\"},\"image\":{\"@id\":\"https:\/\/apuntesdesanluis.com\/index.php\/2024\/07\/25\/el-curriculum-que-presento-el-dipy-para-ser-funcionario-pese-a-que-dice-que-no-lo-nombraron\/#primaryimage\"},\"thumbnailUrl\":\"https:\/\/apuntesdesanluis.com\/wp-content\/uploads\/2024\/07\/milei-y-el-dipy.png\",\"articleSection\":[\"Nacionales\/Internacionales\"],\"inLanguage\":\"es-AR\"},{\"@type\":\"WebPage\",\"@id\":\"https:\/\/apuntesdesanluis.com\/index.php\/2024\/07\/25\/el-curriculum-que-presento-el-dipy-para-ser-funcionario-pese-a-que-dice-que-no-lo-nombraron\/\",\"url\":\"https:\/\/apuntesdesanluis.com\/index.php\/2024\/07\/25\/el-curriculum-que-presento-el-dipy-para-ser-funcionario-pese-a-que-dice-que-no-lo-nombraron\/\",\"name\":\"EL CURR\u00cdCULUM QUE PRESENT\u00d3 EL DIPY PARA SER FUNCIONARIO, PESE A QUE DICE QUE NO LO NOMBRARON - Apuntes de San Luis\",\"isPartOf\":{\"@id\":\"https:\/\/apuntesdesanluis.com\/#website\"},\"primaryImageOfPage\":{\"@id\":\"https:\/\/apuntesdesanluis.com\/index.php\/2024\/07\/25\/el-curriculum-que-presento-el-dipy-para-ser-funcionario-pese-a-que-dice-que-no-lo-nombraron\/#primaryimage\"},\"image\":{\"@id\":\"https:\/\/apuntesdesanluis.com\/index.php\/2024\/07\/25\/el-curriculum-que-presento-el-dipy-para-ser-funcionario-pese-a-que-dice-que-no-lo-nombraron\/#primaryimage\"},\"thumbnailUrl\":\"https:\/\/apuntesdesanluis.com\/wp-content\/uploads\/2024\/07\/milei-y-el-dipy.png\",\"datePublished\":\"2024-07-26T01:06:25+00:00\",\"dateModified\":\"2024-07-26T01:16:39+00:00\",\"breadcrumb\":{\"@id\":\"https:\/\/apuntesdesanluis.com\/index.php\/2024\/07\/25\/el-curriculum-que-presento-el-dipy-para-ser-funcionario-pese-a-que-dice-que-no-lo-nombraron\/#breadcrumb\"},\"inLanguage\":\"es-AR\",\"potentialAction\":[{\"@type\":\"ReadAction\",\"target\":[\"https:\/\/apuntesdesanluis.com\/index.php\/2024\/07\/25\/el-curriculum-que-presento-el-dipy-para-ser-funcionario-pese-a-que-dice-que-no-lo-nombraron\/\"]}]},{\"@type\":\"ImageObject\",\"inLanguage\":\"es-AR\",\"@id\":\"https:\/\/apuntesdesanluis.com\/index.php\/2024\/07\/25\/el-curriculum-que-presento-el-dipy-para-ser-funcionario-pese-a-que-dice-que-no-lo-nombraron\/#primaryimage\",\"url\":\"https:\/\/apuntesdesanluis.com\/wp-content\/uploads\/2024\/07\/milei-y-el-dipy.png\",\"contentUrl\":\"https:\/\/apuntesdesanluis.com\/wp-content\/uploads\/2024\/07\/milei-y-el-dipy.png\",\"width\":700,\"height\":462},{\"@type\":\"BreadcrumbList\",\"@id\":\"https:\/\/apuntesdesanluis.com\/index.php\/2024\/07\/25\/el-curriculum-que-presento-el-dipy-para-ser-funcionario-pese-a-que-dice-que-no-lo-nombraron\/#breadcrumb\",\"itemListElement\":[{\"@type\":\"ListItem\",\"position\":1,\"name\":\"Inicio\",\"item\":\"https:\/\/apuntesdesanluis.com\/\"},{\"@type\":\"ListItem\",\"position\":2,\"name\":\"EL CURR\u00cdCULUM QUE PRESENT\u00d3 EL DIPY PARA SER FUNCIONARIO, PESE A QUE DICE QUE NO LO NOMBRARON\"}]},{\"@type\":\"WebSite\",\"@id\":\"https:\/\/apuntesdesanluis.com\/#website\",\"url\":\"https:\/\/apuntesdesanluis.com\/\",\"name\":\"Apuntes de San Luis\",\"description\":\"\",\"publisher\":{\"@id\":\"https:\/\/apuntesdesanluis.com\/#\/schema\/person\/b55151d52296fcce64d1a72538a70b90\"},\"potentialAction\":[{\"@type\":\"SearchAction\",\"target\":{\"@type\":\"EntryPoint\",\"urlTemplate\":\"https:\/\/apuntesdesanluis.com\/?s={search_term_string}\"},\"query-input\":{\"@type\":\"PropertyValueSpecification\",\"valueRequired\":true,\"valueName\":\"search_term_string\"}}],\"inLanguage\":\"es-AR\"},{\"@type\":[\"Person\",\"Organization\"],\"@id\":\"https:\/\/apuntesdesanluis.com\/#\/schema\/person\/b55151d52296fcce64d1a72538a70b90\",\"name\":\"apuntesdesanluis.com\",\"image\":{\"@type\":\"ImageObject\",\"inLanguage\":\"es-AR\",\"@id\":\"https:\/\/apuntesdesanluis.com\/#\/schema\/person\/image\/\",\"url\":\"https:\/\/apuntesdesanluis.com\/wp-content\/uploads\/2023\/07\/cropped-apuntesdesanluis.png\",\"contentUrl\":\"https:\/\/apuntesdesanluis.com\/wp-content\/uploads\/2023\/07\/cropped-apuntesdesanluis.png\",\"width\":450,\"height\":112,\"caption\":\"apuntesdesanluis.com\"},\"logo\":{\"@id\":\"https:\/\/apuntesdesanluis.com\/#\/schema\/person\/image\/\"},\"sameAs\":[\"https:\/\/apuntesdesanluis.com\"],\"url\":\"https:\/\/apuntesdesanluis.com\/index.php\/author\/apuntesdesanluis-com\/\"}]}<\/script>\n<!-- \/ Yoast SEO plugin. -->","yoast_head_json":{"title":"EL CURR\u00cdCULUM QUE PRESENT\u00d3 EL DIPY PARA SER FUNCIONARIO, PESE A QUE DICE QUE NO LO NOMBRARON - Apuntes de San Luis","robots":{"index":"index","follow":"follow","max-snippet":"max-snippet:-1","max-image-preview":"max-image-preview:large","max-video-preview":"max-video-preview:-1"},"canonical":"https:\/\/apuntesdesanluis.com\/index.php\/2024\/07\/25\/el-curriculum-que-presento-el-dipy-para-ser-funcionario-pese-a-que-dice-que-no-lo-nombraron\/","og_locale":"es_ES","og_type":"article","og_title":"EL CURR\u00cdCULUM QUE PRESENT\u00d3 EL DIPY PARA SER FUNCIONARIO, PESE A QUE DICE QUE NO LO NOMBRARON - Apuntes de San Luis","og_description":"El Dipy dijo que no lo nombraron en el gobierno y que le hicieron una...","og_url":"https:\/\/apuntesdesanluis.com\/index.php\/2024\/07\/25\/el-curriculum-que-presento-el-dipy-para-ser-funcionario-pese-a-que-dice-que-no-lo-nombraron\/","og_site_name":"Apuntes de San Luis","article_published_time":"2024-07-26T01:06:25+00:00","article_modified_time":"2024-07-26T01:16:39+00:00","og_image":[{"width":700,"height":462,"url":"https:\/\/apuntesdesanluis.com\/wp-content\/uploads\/2024\/07\/milei-y-el-dipy.png","type":"image\/png"}],"author":"apuntesdesanluis.com","twitter_card":"summary_large_image","twitter_misc":{"Escrito por":"apuntesdesanluis.com","Tiempo de lectura":"3 minutos"},"schema":{"@context":"https:\/\/schema.org","@graph":[{"@type":"Article","@id":"https:\/\/apuntesdesanluis.com\/index.php\/2024\/07\/25\/el-curriculum-que-presento-el-dipy-para-ser-funcionario-pese-a-que-dice-que-no-lo-nombraron\/#article","isPartOf":{"@id":"https:\/\/apuntesdesanluis.com\/index.php\/2024\/07\/25\/el-curriculum-que-presento-el-dipy-para-ser-funcionario-pese-a-que-dice-que-no-lo-nombraron\/"},"author":{"name":"apuntesdesanluis.com","@id":"https:\/\/apuntesdesanluis.com\/#\/schema\/person\/b55151d52296fcce64d1a72538a70b90"},"headline":"EL CURR\u00cdCULUM QUE PRESENT\u00d3 EL DIPY PARA SER FUNCIONARIO, PESE A QUE DICE QUE NO LO NOMBRARON","datePublished":"2024-07-26T01:06:25+00:00","dateModified":"2024-07-26T01:16:39+00:00","mainEntityOfPage":{"@id":"https:\/\/apuntesdesanluis.com\/index.php\/2024\/07\/25\/el-curriculum-que-presento-el-dipy-para-ser-funcionario-pese-a-que-dice-que-no-lo-nombraron\/"},"wordCount":370,"publisher":{"@id":"https:\/\/apuntesdesanluis.com\/#\/schema\/person\/b55151d52296fcce64d1a72538a70b90"},"image":{"@id":"https:\/\/apuntesdesanluis.com\/index.php\/2024\/07\/25\/el-curriculum-que-presento-el-dipy-para-ser-funcionario-pese-a-que-dice-que-no-lo-nombraron\/#primaryimage"},"thumbnailUrl":"https:\/\/apuntesdesanluis.com\/wp-content\/uploads\/2024\/07\/milei-y-el-dipy.png","articleSection":["Nacionales\/Internacionales"],"inLanguage":"es-AR"},{"@type":"WebPage","@id":"https:\/\/apuntesdesanluis.com\/index.php\/2024\/07\/25\/el-curriculum-que-presento-el-dipy-para-ser-funcionario-pese-a-que-dice-que-no-lo-nombraron\/","url":"https:\/\/apuntesdesanluis.com\/index.php\/2024\/07\/25\/el-curriculum-que-presento-el-dipy-para-ser-funcionario-pese-a-que-dice-que-no-lo-nombraron\/","name":"EL CURR\u00cdCULUM QUE PRESENT\u00d3 EL DIPY PARA SER FUNCIONARIO, PESE A QUE DICE QUE NO LO NOMBRARON - Apuntes de San Luis","isPartOf":{"@id":"https:\/\/apuntesdesanluis.com\/#website"},"primaryImageOfPage":{"@id":"https:\/\/apuntesdesanluis.com\/index.php\/2024\/07\/25\/el-curriculum-que-presento-el-dipy-para-ser-funcionario-pese-a-que-dice-que-no-lo-nombraron\/#primaryimage"},"image":{"@id":"https:\/\/apuntesdesanluis.com\/index.php\/2024\/07\/25\/el-curriculum-que-presento-el-dipy-para-ser-funcionario-pese-a-que-dice-que-no-lo-nombraron\/#primaryimage"},"thumbnailUrl":"https:\/\/apuntesdesanluis.com\/wp-content\/uploads\/2024\/07\/milei-y-el-dipy.png","datePublished":"2024-07-26T01:06:25+00:00","dateModified":"2024-07-26T01:16:39+00:00","breadcrumb":{"@id":"https:\/\/apuntesdesanluis.com\/index.php\/2024\/07\/25\/el-curriculum-que-presento-el-dipy-para-ser-funcionario-pese-a-que-dice-que-no-lo-nombraron\/#breadcrumb"},"inLanguage":"es-AR","potentialAction":[{"@type":"ReadAction","target":["https:\/\/apuntesdesanluis.com\/index.php\/2024\/07\/25\/el-curriculum-que-presento-el-dipy-para-ser-funcionario-pese-a-que-dice-que-no-lo-nombraron\/"]}]},{"@type":"ImageObject","inLanguage":"es-AR","@id":"https:\/\/apuntesdesanluis.com\/index.php\/2024\/07\/25\/el-curriculum-que-presento-el-dipy-para-ser-funcionario-pese-a-que-dice-que-no-lo-nombraron\/#primaryimage","url":"https:\/\/apuntesdesanluis.com\/wp-content\/uploads\/2024\/07\/milei-y-el-dipy.png","contentUrl":"https:\/\/apuntesdesanluis.com\/wp-content\/uploads\/2024\/07\/milei-y-el-dipy.png","width":700,"height":462},{"@type":"BreadcrumbList","@id":"https:\/\/apuntesdesanluis.com\/index.php\/2024\/07\/25\/el-curriculum-que-presento-el-dipy-para-ser-funcionario-pese-a-que-dice-que-no-lo-nombraron\/#breadcrumb","itemListElement":[{"@type":"ListItem","position":1,"name":"Inicio","item":"https:\/\/apuntesdesanluis.com\/"},{"@type":"ListItem","position":2,"name":"EL CURR\u00cdCULUM QUE PRESENT\u00d3 EL DIPY PARA SER FUNCIONARIO, PESE A QUE DICE QUE NO LO NOMBRARON"}]},{"@type":"WebSite","@id":"https:\/\/apuntesdesanluis.com\/#website","url":"https:\/\/apuntesdesanluis.com\/","name":"Apuntes de San Luis","description":"","publisher":{"@id":"https:\/\/apuntesdesanluis.com\/#\/schema\/person\/b55151d52296fcce64d1a72538a70b90"},"potentialAction":[{"@type":"SearchAction","target":{"@type":"EntryPoint","urlTemplate":"https:\/\/apuntesdesanluis.com\/?s={search_term_string}"},"query-input":{"@type":"PropertyValueSpecification","valueRequired":true,"valueName":"search_term_string"}}],"inLanguage":"es-AR"},{"@type":["Person","Organization"],"@id":"https:\/\/apuntesdesanluis.com\/#\/schema\/person\/b55151d52296fcce64d1a72538a70b90","name":"apuntesdesanluis.com","image":{"@type":"ImageObject","inLanguage":"es-AR","@id":"https:\/\/apuntesdesanluis.com\/#\/schema\/person\/image\/","url":"https:\/\/apuntesdesanluis.com\/wp-content\/uploads\/2023\/07\/cropped-apuntesdesanluis.png","contentUrl":"https:\/\/apuntesdesanluis.com\/wp-content\/uploads\/2023\/07\/cropped-apuntesdesanluis.png","width":450,"height":112,"caption":"apuntesdesanluis.com"},"logo":{"@id":"https:\/\/apuntesdesanluis.com\/#\/schema\/person\/image\/"},"sameAs":["https:\/\/apuntesdesanluis.com"],"url":"https:\/\/apuntesdesanluis.com\/index.php\/author\/apuntesdesanluis-com\/"}]}},"featured_image_urls":{"full":["https:\/\/apuntesdesanluis.com\/wp-content\/uploads\/2024\/07\/milei-y-el-dipy.png",700,462,false],"thumbnail":["https:\/\/apuntesdesanluis.com\/wp-content\/uploads\/2024\/07\/milei-y-el-dipy-150x150.png",150,150,true],"medium":["https:\/\/apuntesdesanluis.com\/wp-content\/uploads\/2024\/07\/milei-y-el-dipy-300x198.png",300,198,true],"medium_large":["https:\/\/apuntesdesanluis.com\/wp-content\/uploads\/2024\/07\/milei-y-el-dipy.png",640,422,false],"large":["https:\/\/apuntesdesanluis.com\/wp-content\/uploads\/2024\/07\/milei-y-el-dipy.png",640,422,false],"1536x1536":["https:\/\/apuntesdesanluis.com\/wp-content\/uploads\/2024\/07\/milei-y-el-dipy.png",700,462,false],"2048x2048":["https:\/\/apuntesdesanluis.com\/wp-content\/uploads\/2024\/07\/milei-y-el-dipy.png",700,462,false],"newsever-slider-full":["https:\/\/apuntesdesanluis.com\/wp-content\/uploads\/2024\/07\/milei-y-el-dipy.png",700,462,false],"newsever-featured":["https:\/\/apuntesdesanluis.com\/wp-content\/uploads\/2024\/07\/milei-y-el-dipy.png",700,462,false],"newsever-medium":["https:\/\/apuntesdesanluis.com\/wp-content\/uploads\/2024\/07\/milei-y-el-dipy.png",700,462,false]},"author_info":{"display_name":"apuntesdesanluis.com","author_link":"https:\/\/apuntesdesanluis.com\/index.php\/author\/apuntesdesanluis-com\/"},"category_info":"<a href=\"https:\/\/apuntesdesanluis.com\/index.php\/category\/nacionales-internacionales\/\" rel=\"category tag\">Nacionales\/Internacionales<\/a>","tag_info":"Nacionales\/Internacionales","comment_count":"0","_links":{"self":[{"href":"https:\/\/apuntesdesanluis.com\/index.php\/wp-json\/wp\/v2\/posts\/19882","targetHints":{"allow":["GET"]}}],"collection":[{"href":"https:\/\/apuntesdesanluis.com\/index.php\/wp-json\/wp\/v2\/posts"}],"about":[{"href":"https:\/\/apuntesdesanluis.com\/index.php\/wp-json\/wp\/v2\/types\/post"}],"author":[{"embeddable":true,"href":"https:\/\/apuntesdesanluis.com\/index.php\/wp-json\/wp\/v2\/users\/1"}],"replies":[{"embeddable":true,"href":"https:\/\/apuntesdesanluis.com\/index.php\/wp-json\/wp\/v2\/comments?post=19882"}],"version-history":[{"count":9,"href":"https:\/\/apuntesdesanluis.com\/index.php\/wp-json\/wp\/v2\/posts\/19882\/revisions"}],"predecessor-version":[{"id":19897,"href":"https:\/\/apuntesdesanluis.com\/index.php\/wp-json\/wp\/v2\/posts\/19882\/revisions\/19897"}],"wp:featuredmedia":[{"embeddable":true,"href":"https:\/\/apuntesdesanluis.com\/index.php\/wp-json\/wp\/v2\/media\/19883"}],"wp:attachment":[{"href":"https:\/\/apuntesdesanluis.com\/index.php\/wp-json\/wp\/v2\/media?parent=19882"}],"wp:term":[{"taxonomy":"category","embeddable":true,"href":"https:\/\/apuntesdesanluis.com\/index.php\/wp-json\/wp\/v2\/categories?post=19882"},{"taxonomy":"post_tag","embeddable":true,"href":"https:\/\/apuntesdesanluis.com\/index.php\/wp-json\/wp\/v2\/tags?post=19882"}],"curies":[{"name":"wp","href":"https:\/\/api.w.org\/{rel}","templated":true}]}}