{"id":19898,"date":"2024-07-26T08:32:27","date_gmt":"2024-07-26T11:32:27","guid":{"rendered":"https:\/\/apuntesdesanluis.com\/?p=19898"},"modified":"2024-07-26T08:32:27","modified_gmt":"2024-07-26T11:32:27","slug":"se-reprogramo-el-festejo-por-el-centenario-del-tanque-de-osm","status":"publish","type":"post","link":"https:\/\/apuntesdesanluis.com\/index.php\/2024\/07\/26\/se-reprogramo-el-festejo-por-el-centenario-del-tanque-de-osm\/","title":{"rendered":"SE REPROGRAM\u00d3 EL FESTEJO POR EL CENTENARIO DEL TANQUE DE OSM"},"content":{"rendered":"<h3>El festejo principal que estaba previsto realizarse este <strong>viernes 26<\/strong>\u00a0en el\u00a0<strong>Paseo del Tanque<\/strong> (Balcarce 416), fue reprogramado para el pr\u00f3ximo mi\u00e9rcoles 31.<\/h3>\n<h3>Por lo que se sabe, el programa ser\u00e1 el mismo. A partir de las 16:00 h habr\u00e1 una previa con m\u00fasica de DJ en vivo y un paseo de emprendedores. Tambi\u00e9n estar\u00e1 abierta una muestra de planos hist\u00f3ricos.<\/h3>\n<h3>A las 18 dar\u00e1 comienzo al acto oficial. Se ha preparado una grilla con artistas que interpretar\u00e1n canciones de nuestro repertorio folcl\u00f3rico, pero tambi\u00e9n habr\u00e1 algunas sorpresas y hasta un tema in\u00e9dito. Adem\u00e1s, habr\u00e1 danza y algunos reconocimientos.<\/h3>\n<p>&nbsp;<\/p>\n<p><img fetchpriority=\"high\" decoding=\"async\" class=\"wp-image-19899 aligncenter\" src=\"https:\/\/apuntesdesanluis.com\/wp-content\/uploads\/2024\/07\/452751734_891887759646143_512789744332182816_n-249x300.jpg\" alt=\"\" width=\"494\" height=\"595\" srcset=\"https:\/\/apuntesdesanluis.com\/wp-content\/uploads\/2024\/07\/452751734_891887759646143_512789744332182816_n-249x300.jpg 249w, https:\/\/apuntesdesanluis.com\/wp-content\/uploads\/2024\/07\/452751734_891887759646143_512789744332182816_n.jpg 526w\" sizes=\"(max-width: 494px) 100vw, 494px\" \/><\/p>\n<p>&nbsp;<\/p>\n<p>&nbsp;<\/p>\n<p>&nbsp;<\/p>\n","protected":false},"excerpt":{"rendered":"<p>El festejo principal que estaba previsto realizarse este viernes 26\u00a0en el\u00a0Paseo del Tanque (Balcarce 416),&#8230;<\/p>\n","protected":false},"author":1,"featured_media":573,"comment_status":"closed","ping_status":"closed","sticky":false,"template":"","format":"standard","meta":{"footnotes":""},"categories":[6],"tags":[],"class_list":["post-19898","post","type-post","status-publish","format-standard","has-post-thumbnail","hentry","category-ciudad-provincia"],"yoast_head":"<!-- This site is optimized with the Yoast SEO plugin v26.1.1 - https:\/\/yoast.com\/wordpress\/plugins\/seo\/ -->\n<title>SE REPROGRAM\u00d3 EL FESTEJO POR EL CENTENARIO DEL TANQUE DE OSM - Apuntes de San Luis<\/title>\n<meta name=\"robots\" content=\"index, follow, max-snippet:-1, max-image-preview:large, max-video-preview:-1\" \/>\n<link rel=\"canonical\" href=\"https:\/\/apuntesdesanluis.com\/index.php\/2024\/07\/26\/se-reprogramo-el-festejo-por-el-centenario-del-tanque-de-osm\/\" \/>\n<meta property=\"og:locale\" content=\"es_ES\" \/>\n<meta property=\"og:type\" content=\"article\" \/>\n<meta property=\"og:title\" content=\"SE REPROGRAM\u00d3 EL FESTEJO POR EL CENTENARIO DEL TANQUE DE OSM - Apuntes de San Luis\" \/>\n<meta property=\"og:description\" content=\"El festejo principal que estaba previsto realizarse este viernes 26\u00a0en el\u00a0Paseo del Tanque (Balcarce 416),...\" \/>\n<meta property=\"og:url\" content=\"https:\/\/apuntesdesanluis.com\/index.php\/2024\/07\/26\/se-reprogramo-el-festejo-por-el-centenario-del-tanque-de-osm\/\" \/>\n<meta property=\"og:site_name\" content=\"Apuntes de San Luis\" \/>\n<meta property=\"article:published_time\" content=\"2024-07-26T11:32:27+00:00\" \/>\n<meta property=\"og:image\" content=\"https:\/\/apuntesdesanluis.com\/wp-content\/uploads\/2023\/07\/tanque-osm-apuntes.png\" \/>\n\t<meta property=\"og:image:width\" content=\"500\" \/>\n\t<meta property=\"og:image:height\" content=\"315\" \/>\n\t<meta property=\"og:image:type\" content=\"image\/png\" \/>\n<meta name=\"author\" content=\"apuntesdesanluis.com\" \/>\n<meta name=\"twitter:card\" content=\"summary_large_image\" \/>\n<meta name=\"twitter:label1\" content=\"Escrito por\" \/>\n\t<meta name=\"twitter:data1\" content=\"apuntesdesanluis.com\" \/>\n\t<meta name=\"twitter:label2\" content=\"Tiempo de lectura\" \/>\n\t<meta name=\"twitter:data2\" content=\"1 minuto\" \/>\n<script type=\"application\/ld+json\" class=\"yoast-schema-graph\">{\"@context\":\"https:\/\/schema.org\",\"@graph\":[{\"@type\":\"Article\",\"@id\":\"https:\/\/apuntesdesanluis.com\/index.php\/2024\/07\/26\/se-reprogramo-el-festejo-por-el-centenario-del-tanque-de-osm\/#article\",\"isPartOf\":{\"@id\":\"https:\/\/apuntesdesanluis.com\/index.php\/2024\/07\/26\/se-reprogramo-el-festejo-por-el-centenario-del-tanque-de-osm\/\"},\"author\":{\"name\":\"apuntesdesanluis.com\",\"@id\":\"https:\/\/apuntesdesanluis.com\/#\/schema\/person\/b55151d52296fcce64d1a72538a70b90\"},\"headline\":\"SE REPROGRAM\u00d3 EL FESTEJO POR EL CENTENARIO DEL TANQUE DE OSM\",\"datePublished\":\"2024-07-26T11:32:27+00:00\",\"mainEntityOfPage\":{\"@id\":\"https:\/\/apuntesdesanluis.com\/index.php\/2024\/07\/26\/se-reprogramo-el-festejo-por-el-centenario-del-tanque-de-osm\/\"},\"wordCount\":120,\"publisher\":{\"@id\":\"https:\/\/apuntesdesanluis.com\/#\/schema\/person\/b55151d52296fcce64d1a72538a70b90\"},\"image\":{\"@id\":\"https:\/\/apuntesdesanluis.com\/index.php\/2024\/07\/26\/se-reprogramo-el-festejo-por-el-centenario-del-tanque-de-osm\/#primaryimage\"},\"thumbnailUrl\":\"https:\/\/apuntesdesanluis.com\/wp-content\/uploads\/2023\/07\/tanque-osm-apuntes.png\",\"articleSection\":[\"Ciudad\/Provincia\"],\"inLanguage\":\"es-AR\"},{\"@type\":\"WebPage\",\"@id\":\"https:\/\/apuntesdesanluis.com\/index.php\/2024\/07\/26\/se-reprogramo-el-festejo-por-el-centenario-del-tanque-de-osm\/\",\"url\":\"https:\/\/apuntesdesanluis.com\/index.php\/2024\/07\/26\/se-reprogramo-el-festejo-por-el-centenario-del-tanque-de-osm\/\",\"name\":\"SE REPROGRAM\u00d3 EL FESTEJO POR EL CENTENARIO DEL TANQUE DE OSM - Apuntes de San Luis\",\"isPartOf\":{\"@id\":\"https:\/\/apuntesdesanluis.com\/#website\"},\"primaryImageOfPage\":{\"@id\":\"https:\/\/apuntesdesanluis.com\/index.php\/2024\/07\/26\/se-reprogramo-el-festejo-por-el-centenario-del-tanque-de-osm\/#primaryimage\"},\"image\":{\"@id\":\"https:\/\/apuntesdesanluis.com\/index.php\/2024\/07\/26\/se-reprogramo-el-festejo-por-el-centenario-del-tanque-de-osm\/#primaryimage\"},\"thumbnailUrl\":\"https:\/\/apuntesdesanluis.com\/wp-content\/uploads\/2023\/07\/tanque-osm-apuntes.png\",\"datePublished\":\"2024-07-26T11:32:27+00:00\",\"breadcrumb\":{\"@id\":\"https:\/\/apuntesdesanluis.com\/index.php\/2024\/07\/26\/se-reprogramo-el-festejo-por-el-centenario-del-tanque-de-osm\/#breadcrumb\"},\"inLanguage\":\"es-AR\",\"potentialAction\":[{\"@type\":\"ReadAction\",\"target\":[\"https:\/\/apuntesdesanluis.com\/index.php\/2024\/07\/26\/se-reprogramo-el-festejo-por-el-centenario-del-tanque-de-osm\/\"]}]},{\"@type\":\"ImageObject\",\"inLanguage\":\"es-AR\",\"@id\":\"https:\/\/apuntesdesanluis.com\/index.php\/2024\/07\/26\/se-reprogramo-el-festejo-por-el-centenario-del-tanque-de-osm\/#primaryimage\",\"url\":\"https:\/\/apuntesdesanluis.com\/wp-content\/uploads\/2023\/07\/tanque-osm-apuntes.png\",\"contentUrl\":\"https:\/\/apuntesdesanluis.com\/wp-content\/uploads\/2023\/07\/tanque-osm-apuntes.png\",\"width\":500,\"height\":315},{\"@type\":\"BreadcrumbList\",\"@id\":\"https:\/\/apuntesdesanluis.com\/index.php\/2024\/07\/26\/se-reprogramo-el-festejo-por-el-centenario-del-tanque-de-osm\/#breadcrumb\",\"itemListElement\":[{\"@type\":\"ListItem\",\"position\":1,\"name\":\"Inicio\",\"item\":\"https:\/\/apuntesdesanluis.com\/\"},{\"@type\":\"ListItem\",\"position\":2,\"name\":\"SE REPROGRAM\u00d3 EL FESTEJO POR EL CENTENARIO DEL TANQUE DE OSM\"}]},{\"@type\":\"WebSite\",\"@id\":\"https:\/\/apuntesdesanluis.com\/#website\",\"url\":\"https:\/\/apuntesdesanluis.com\/\",\"name\":\"Apuntes de San Luis\",\"description\":\"\",\"publisher\":{\"@id\":\"https:\/\/apuntesdesanluis.com\/#\/schema\/person\/b55151d52296fcce64d1a72538a70b90\"},\"potentialAction\":[{\"@type\":\"SearchAction\",\"target\":{\"@type\":\"EntryPoint\",\"urlTemplate\":\"https:\/\/apuntesdesanluis.com\/?s={search_term_string}\"},\"query-input\":{\"@type\":\"PropertyValueSpecification\",\"valueRequired\":true,\"valueName\":\"search_term_string\"}}],\"inLanguage\":\"es-AR\"},{\"@type\":[\"Person\",\"Organization\"],\"@id\":\"https:\/\/apuntesdesanluis.com\/#\/schema\/person\/b55151d52296fcce64d1a72538a70b90\",\"name\":\"apuntesdesanluis.com\",\"image\":{\"@type\":\"ImageObject\",\"inLanguage\":\"es-AR\",\"@id\":\"https:\/\/apuntesdesanluis.com\/#\/schema\/person\/image\/\",\"url\":\"https:\/\/apuntesdesanluis.com\/wp-content\/uploads\/2023\/07\/cropped-apuntesdesanluis.png\",\"contentUrl\":\"https:\/\/apuntesdesanluis.com\/wp-content\/uploads\/2023\/07\/cropped-apuntesdesanluis.png\",\"width\":450,\"height\":112,\"caption\":\"apuntesdesanluis.com\"},\"logo\":{\"@id\":\"https:\/\/apuntesdesanluis.com\/#\/schema\/person\/image\/\"},\"sameAs\":[\"https:\/\/apuntesdesanluis.com\"],\"url\":\"https:\/\/apuntesdesanluis.com\/index.php\/author\/apuntesdesanluis-com\/\"}]}<\/script>\n<!-- \/ Yoast SEO plugin. -->","yoast_head_json":{"title":"SE REPROGRAM\u00d3 EL FESTEJO POR EL CENTENARIO DEL TANQUE DE OSM - Apuntes de San Luis","robots":{"index":"index","follow":"follow","max-snippet":"max-snippet:-1","max-image-preview":"max-image-preview:large","max-video-preview":"max-video-preview:-1"},"canonical":"https:\/\/apuntesdesanluis.com\/index.php\/2024\/07\/26\/se-reprogramo-el-festejo-por-el-centenario-del-tanque-de-osm\/","og_locale":"es_ES","og_type":"article","og_title":"SE REPROGRAM\u00d3 EL FESTEJO POR EL CENTENARIO DEL TANQUE DE OSM - Apuntes de San Luis","og_description":"El festejo principal que estaba previsto realizarse este viernes 26\u00a0en el\u00a0Paseo del Tanque (Balcarce 416),...","og_url":"https:\/\/apuntesdesanluis.com\/index.php\/2024\/07\/26\/se-reprogramo-el-festejo-por-el-centenario-del-tanque-de-osm\/","og_site_name":"Apuntes de San Luis","article_published_time":"2024-07-26T11:32:27+00:00","og_image":[{"width":500,"height":315,"url":"https:\/\/apuntesdesanluis.com\/wp-content\/uploads\/2023\/07\/tanque-osm-apuntes.png","type":"image\/png"}],"author":"apuntesdesanluis.com","twitter_card":"summary_large_image","twitter_misc":{"Escrito por":"apuntesdesanluis.com","Tiempo de lectura":"1 minuto"},"schema":{"@context":"https:\/\/schema.org","@graph":[{"@type":"Article","@id":"https:\/\/apuntesdesanluis.com\/index.php\/2024\/07\/26\/se-reprogramo-el-festejo-por-el-centenario-del-tanque-de-osm\/#article","isPartOf":{"@id":"https:\/\/apuntesdesanluis.com\/index.php\/2024\/07\/26\/se-reprogramo-el-festejo-por-el-centenario-del-tanque-de-osm\/"},"author":{"name":"apuntesdesanluis.com","@id":"https:\/\/apuntesdesanluis.com\/#\/schema\/person\/b55151d52296fcce64d1a72538a70b90"},"headline":"SE REPROGRAM\u00d3 EL FESTEJO POR EL CENTENARIO DEL TANQUE DE OSM","datePublished":"2024-07-26T11:32:27+00:00","mainEntityOfPage":{"@id":"https:\/\/apuntesdesanluis.com\/index.php\/2024\/07\/26\/se-reprogramo-el-festejo-por-el-centenario-del-tanque-de-osm\/"},"wordCount":120,"publisher":{"@id":"https:\/\/apuntesdesanluis.com\/#\/schema\/person\/b55151d52296fcce64d1a72538a70b90"},"image":{"@id":"https:\/\/apuntesdesanluis.com\/index.php\/2024\/07\/26\/se-reprogramo-el-festejo-por-el-centenario-del-tanque-de-osm\/#primaryimage"},"thumbnailUrl":"https:\/\/apuntesdesanluis.com\/wp-content\/uploads\/2023\/07\/tanque-osm-apuntes.png","articleSection":["Ciudad\/Provincia"],"inLanguage":"es-AR"},{"@type":"WebPage","@id":"https:\/\/apuntesdesanluis.com\/index.php\/2024\/07\/26\/se-reprogramo-el-festejo-por-el-centenario-del-tanque-de-osm\/","url":"https:\/\/apuntesdesanluis.com\/index.php\/2024\/07\/26\/se-reprogramo-el-festejo-por-el-centenario-del-tanque-de-osm\/","name":"SE REPROGRAM\u00d3 EL FESTEJO POR EL CENTENARIO DEL TANQUE DE OSM - Apuntes de San Luis","isPartOf":{"@id":"https:\/\/apuntesdesanluis.com\/#website"},"primaryImageOfPage":{"@id":"https:\/\/apuntesdesanluis.com\/index.php\/2024\/07\/26\/se-reprogramo-el-festejo-por-el-centenario-del-tanque-de-osm\/#primaryimage"},"image":{"@id":"https:\/\/apuntesdesanluis.com\/index.php\/2024\/07\/26\/se-reprogramo-el-festejo-por-el-centenario-del-tanque-de-osm\/#primaryimage"},"thumbnailUrl":"https:\/\/apuntesdesanluis.com\/wp-content\/uploads\/2023\/07\/tanque-osm-apuntes.png","datePublished":"2024-07-26T11:32:27+00:00","breadcrumb":{"@id":"https:\/\/apuntesdesanluis.com\/index.php\/2024\/07\/26\/se-reprogramo-el-festejo-por-el-centenario-del-tanque-de-osm\/#breadcrumb"},"inLanguage":"es-AR","potentialAction":[{"@type":"ReadAction","target":["https:\/\/apuntesdesanluis.com\/index.php\/2024\/07\/26\/se-reprogramo-el-festejo-por-el-centenario-del-tanque-de-osm\/"]}]},{"@type":"ImageObject","inLanguage":"es-AR","@id":"https:\/\/apuntesdesanluis.com\/index.php\/2024\/07\/26\/se-reprogramo-el-festejo-por-el-centenario-del-tanque-de-osm\/#primaryimage","url":"https:\/\/apuntesdesanluis.com\/wp-content\/uploads\/2023\/07\/tanque-osm-apuntes.png","contentUrl":"https:\/\/apuntesdesanluis.com\/wp-content\/uploads\/2023\/07\/tanque-osm-apuntes.png","width":500,"height":315},{"@type":"BreadcrumbList","@id":"https:\/\/apuntesdesanluis.com\/index.php\/2024\/07\/26\/se-reprogramo-el-festejo-por-el-centenario-del-tanque-de-osm\/#breadcrumb","itemListElement":[{"@type":"ListItem","position":1,"name":"Inicio","item":"https:\/\/apuntesdesanluis.com\/"},{"@type":"ListItem","position":2,"name":"SE REPROGRAM\u00d3 EL FESTEJO POR EL CENTENARIO DEL TANQUE DE OSM"}]},{"@type":"WebSite","@id":"https:\/\/apuntesdesanluis.com\/#website","url":"https:\/\/apuntesdesanluis.com\/","name":"Apuntes de San Luis","description":"","publisher":{"@id":"https:\/\/apuntesdesanluis.com\/#\/schema\/person\/b55151d52296fcce64d1a72538a70b90"},"potentialAction":[{"@type":"SearchAction","target":{"@type":"EntryPoint","urlTemplate":"https:\/\/apuntesdesanluis.com\/?s={search_term_string}"},"query-input":{"@type":"PropertyValueSpecification","valueRequired":true,"valueName":"search_term_string"}}],"inLanguage":"es-AR"},{"@type":["Person","Organization"],"@id":"https:\/\/apuntesdesanluis.com\/#\/schema\/person\/b55151d52296fcce64d1a72538a70b90","name":"apuntesdesanluis.com","image":{"@type":"ImageObject","inLanguage":"es-AR","@id":"https:\/\/apuntesdesanluis.com\/#\/schema\/person\/image\/","url":"https:\/\/apuntesdesanluis.com\/wp-content\/uploads\/2023\/07\/cropped-apuntesdesanluis.png","contentUrl":"https:\/\/apuntesdesanluis.com\/wp-content\/uploads\/2023\/07\/cropped-apuntesdesanluis.png","width":450,"height":112,"caption":"apuntesdesanluis.com"},"logo":{"@id":"https:\/\/apuntesdesanluis.com\/#\/schema\/person\/image\/"},"sameAs":["https:\/\/apuntesdesanluis.com"],"url":"https:\/\/apuntesdesanluis.com\/index.php\/author\/apuntesdesanluis-com\/"}]}},"featured_image_urls":{"full":["https:\/\/apuntesdesanluis.com\/wp-content\/uploads\/2023\/07\/tanque-osm-apuntes.png",500,315,false],"thumbnail":["https:\/\/apuntesdesanluis.com\/wp-content\/uploads\/2023\/07\/tanque-osm-apuntes-150x150.png",150,150,true],"medium":["https:\/\/apuntesdesanluis.com\/wp-content\/uploads\/2023\/07\/tanque-osm-apuntes-300x189.png",300,189,true],"medium_large":["https:\/\/apuntesdesanluis.com\/wp-content\/uploads\/2023\/07\/tanque-osm-apuntes.png",500,315,false],"large":["https:\/\/apuntesdesanluis.com\/wp-content\/uploads\/2023\/07\/tanque-osm-apuntes.png",500,315,false],"1536x1536":["https:\/\/apuntesdesanluis.com\/wp-content\/uploads\/2023\/07\/tanque-osm-apuntes.png",500,315,false],"2048x2048":["https:\/\/apuntesdesanluis.com\/wp-content\/uploads\/2023\/07\/tanque-osm-apuntes.png",500,315,false],"newsever-slider-full":["https:\/\/apuntesdesanluis.com\/wp-content\/uploads\/2023\/07\/tanque-osm-apuntes.png",500,315,false],"newsever-featured":["https:\/\/apuntesdesanluis.com\/wp-content\/uploads\/2023\/07\/tanque-osm-apuntes.png",500,315,false],"newsever-medium":["https:\/\/apuntesdesanluis.com\/wp-content\/uploads\/2023\/07\/tanque-osm-apuntes.png",500,315,false]},"author_info":{"display_name":"apuntesdesanluis.com","author_link":"https:\/\/apuntesdesanluis.com\/index.php\/author\/apuntesdesanluis-com\/"},"category_info":"<a href=\"https:\/\/apuntesdesanluis.com\/index.php\/category\/ciudad-provincia\/\" rel=\"category tag\">Ciudad\/Provincia<\/a>","tag_info":"Ciudad\/Provincia","comment_count":"0","_links":{"self":[{"href":"https:\/\/apuntesdesanluis.com\/index.php\/wp-json\/wp\/v2\/posts\/19898","targetHints":{"allow":["GET"]}}],"collection":[{"href":"https:\/\/apuntesdesanluis.com\/index.php\/wp-json\/wp\/v2\/posts"}],"about":[{"href":"https:\/\/apuntesdesanluis.com\/index.php\/wp-json\/wp\/v2\/types\/post"}],"author":[{"embeddable":true,"href":"https:\/\/apuntesdesanluis.com\/index.php\/wp-json\/wp\/v2\/users\/1"}],"replies":[{"embeddable":true,"href":"https:\/\/apuntesdesanluis.com\/index.php\/wp-json\/wp\/v2\/comments?post=19898"}],"version-history":[{"count":1,"href":"https:\/\/apuntesdesanluis.com\/index.php\/wp-json\/wp\/v2\/posts\/19898\/revisions"}],"predecessor-version":[{"id":19900,"href":"https:\/\/apuntesdesanluis.com\/index.php\/wp-json\/wp\/v2\/posts\/19898\/revisions\/19900"}],"wp:featuredmedia":[{"embeddable":true,"href":"https:\/\/apuntesdesanluis.com\/index.php\/wp-json\/wp\/v2\/media\/573"}],"wp:attachment":[{"href":"https:\/\/apuntesdesanluis.com\/index.php\/wp-json\/wp\/v2\/media?parent=19898"}],"wp:term":[{"taxonomy":"category","embeddable":true,"href":"https:\/\/apuntesdesanluis.com\/index.php\/wp-json\/wp\/v2\/categories?post=19898"},{"taxonomy":"post_tag","embeddable":true,"href":"https:\/\/apuntesdesanluis.com\/index.php\/wp-json\/wp\/v2\/tags?post=19898"}],"curies":[{"name":"wp","href":"https:\/\/api.w.org\/{rel}","templated":true}]}}