{"id":19901,"date":"2024-07-26T09:39:31","date_gmt":"2024-07-26T12:39:31","guid":{"rendered":"https:\/\/apuntesdesanluis.com\/?p=19901"},"modified":"2024-07-26T09:44:21","modified_gmt":"2024-07-26T12:44:21","slug":"la-fcejs-invita-a-jornada-sobre-reforma-laboral-impacto-social-y-economico","status":"publish","type":"post","link":"https:\/\/apuntesdesanluis.com\/index.php\/2024\/07\/26\/la-fcejs-invita-a-jornada-sobre-reforma-laboral-impacto-social-y-economico\/","title":{"rendered":"LA FCEJS INVITA A JORNADA SOBRE \u201cREFORMA LABORAL: IMPACTO SOCIAL Y ECON\u00d3MICO\u201d"},"content":{"rendered":"<h3>El Departamento de Ciencias Jur\u00eddicas y Pol\u00edticas (FCEJS-UNSL) invita a asistir al primer encuentro del ciclo \u201c<strong>Jornada sobre Derecho: Reforma Laboral. Impacto Social y Econ\u00f3mico<\/strong>\u201d, que se llevar\u00e1 a cabo el pr\u00f3ximo 6 de agosto, a partir de las 17 horas en el Teatro el Viejo Mercado de Casa de la Cultura.<\/h3>\n<h3>Es organizado por la <strong>Facultad de Ciencias Econ\u00f3micas, Jur\u00eddicas y Sociales<\/strong> de la UNSL, la Municipalidad de Villa Mercedes, el Colegio de Abogados y Procuradores de Villa Mercedes y el Poder Judicial de la Provincia de San Luis.<\/h3>\n<p><img fetchpriority=\"high\" decoding=\"async\" class=\"wp-image-19903 aligncenter\" src=\"https:\/\/apuntesdesanluis.com\/wp-content\/uploads\/2024\/07\/PLACA-WEBreforma-laboral-300x190.jpg\" alt=\"\" width=\"602\" height=\"381\" srcset=\"https:\/\/apuntesdesanluis.com\/wp-content\/uploads\/2024\/07\/PLACA-WEBreforma-laboral-300x190.jpg 300w, https:\/\/apuntesdesanluis.com\/wp-content\/uploads\/2024\/07\/PLACA-WEBreforma-laboral.jpg 700w\" sizes=\"(max-width: 602px) 100vw, 602px\" \/><\/p>\n<h3>En este primer encuentro contar\u00e1 con las disertaciones de la abogada <strong>Laura Estrada<\/strong> y el abogado <strong>Gustavo Pereyra<\/strong>. Esta actividad est\u00e1 destinada a estudiantes de Abogac\u00eda, profesionales e interesados en la tem\u00e1tica.<\/h3>\n<h3>Para asistir a esta jornada, se debe completar previamente el siguiente formulario de inscripci\u00f3n:<\/h3>\n<h3><a href=\"https:\/\/docs.google.com\/forms\/d\/1PRwitKfmY3g_z1df9ZohcrJ9Z2SkmKKpNlzkCLWBLqk\/viewform?edit_requested=true\" target=\"_blank\" rel=\"noopener\"><span style=\"color: #3366ff;\">INSCRIPCIONES<\/span><\/a><\/h3>\n<h3><\/h3>\n<h3><strong>DIPLOMATURA<\/strong><\/h3>\n<h3>La Secretar\u00eda de Extensi\u00f3n Universitaria informa que el \u201cPrograma de Econom\u00eda Social, Solidaria, Comunitaria, Popular y Plural\u201d extendi\u00f3 las inscripciones de la Diplomatura en Extensi\u00f3n: \u201cGesti\u00f3n en Cooperativas\u201d, que dar\u00e1 inicio el pr\u00f3ximo viernes 2 de agosto, a partir de las 18 horas en Aula 3 del Campus.<\/h3>\n<h3>Las inscripciones se realizan escribiendo al correo electr\u00f3nico: <span style=\"color: #3366ff;\"><a style=\"color: #3366ff;\" href=\"mailto:jncarena@gmail.com\">jncarena@gmail.com<\/a><\/span><\/h3>\n<h3>De modalidad presencial, la Diplomatura en Extensi\u00f3n: \u201cGesti\u00f3n en Cooperativas\u201d tiene como finalidad el desarrollo de competencias y herramientas de gesti\u00f3n en cooperativas, dirigida a personal docente, nodocentes, estudiantes de la FCEJS y trabajadores\/as de la cooperativa 20 de julio de Villa Mercedes.<\/h3>\n<p><img decoding=\"async\" class=\"wp-image-19904 aligncenter\" src=\"https:\/\/apuntesdesanluis.com\/wp-content\/uploads\/2024\/07\/diplomatura-cooperativismo-300x260.png\" alt=\"\" width=\"627\" height=\"543\" srcset=\"https:\/\/apuntesdesanluis.com\/wp-content\/uploads\/2024\/07\/diplomatura-cooperativismo-300x260.png 300w, https:\/\/apuntesdesanluis.com\/wp-content\/uploads\/2024\/07\/diplomatura-cooperativismo.png 600w\" sizes=\"(max-width: 627px) 100vw, 627px\" \/><\/p>\n<h3>La misma es financiada por la Secretar\u00eda de Pol\u00edticas Universitarias de la Naci\u00f3n y contempla 6 m\u00f3dulos de 20 hs, con una carga horaria de 120 hs totales.<\/h3>\n<h3>El \u201cPrograma de Econom\u00eda Social, Solidaria, Comunitaria, Popular y Plural\u201d destaca que habiendo diversas clases de emprendimientos que componen la Econom\u00eda Social y Solidaria, no hay duda de que las cooperativas constituyen, una de las formas de organizaci\u00f3n que mayormente se han expandido. Por tal motivo, en el \u00e1mbito cooperativo es necesario conocer la regulaci\u00f3n jur\u00eddica, de gesti\u00f3n, administrativas, impositivas entre otras, de estas entidades.<\/h3>\n<h3>Es as\u00ed que, desde esta Diplomatura, se propone la construcci\u00f3n de abordajes integrales que incorporen estrategias de participaci\u00f3n social y se promueva la gesti\u00f3n colectiva, principalmente en la autogesti\u00f3n de cooperativas; reconociendo la importancia de las cooperativas en el mundo contempor\u00e1neo como estrategias de integraci\u00f3n social y desarrollo socioecon\u00f3mico por la extensi\u00f3n de sus pr\u00e1cticas en el territorio y tambi\u00e9n por los valores que promueve de reciprocidad de consumo y asociativismo.<\/h3>\n<p>&nbsp;<\/p>\n<p>&nbsp;<\/p>\n<p>&nbsp;<\/p>\n<h3><\/h3>\n<h3><\/h3>\n<p>&nbsp;<\/p>\n","protected":false},"excerpt":{"rendered":"<p>El Departamento de Ciencias Jur\u00eddicas y Pol\u00edticas (FCEJS-UNSL) invita a asistir al primer encuentro del&#8230;<\/p>\n","protected":false},"author":1,"featured_media":19902,"comment_status":"closed","ping_status":"closed","sticky":false,"template":"","format":"standard","meta":{"footnotes":""},"categories":[6],"tags":[],"class_list":["post-19901","post","type-post","status-publish","format-standard","has-post-thumbnail","hentry","category-ciudad-provincia"],"yoast_head":"<!-- This site is optimized with the Yoast SEO plugin v26.1.1 - https:\/\/yoast.com\/wordpress\/plugins\/seo\/ -->\n<title>LA FCEJS INVITA A JORNADA SOBRE \u201cREFORMA LABORAL: IMPACTO SOCIAL Y ECON\u00d3MICO\u201d - Apuntes de San Luis<\/title>\n<meta name=\"robots\" content=\"index, follow, max-snippet:-1, max-image-preview:large, max-video-preview:-1\" \/>\n<link rel=\"canonical\" href=\"https:\/\/apuntesdesanluis.com\/index.php\/2024\/07\/26\/la-fcejs-invita-a-jornada-sobre-reforma-laboral-impacto-social-y-economico\/\" \/>\n<meta property=\"og:locale\" content=\"es_ES\" \/>\n<meta property=\"og:type\" content=\"article\" \/>\n<meta property=\"og:title\" content=\"LA FCEJS INVITA A JORNADA SOBRE \u201cREFORMA LABORAL: IMPACTO SOCIAL Y ECON\u00d3MICO\u201d - Apuntes de San Luis\" \/>\n<meta property=\"og:description\" content=\"El Departamento de Ciencias Jur\u00eddicas y Pol\u00edticas (FCEJS-UNSL) invita a asistir al primer encuentro del...\" \/>\n<meta property=\"og:url\" content=\"https:\/\/apuntesdesanluis.com\/index.php\/2024\/07\/26\/la-fcejs-invita-a-jornada-sobre-reforma-laboral-impacto-social-y-economico\/\" \/>\n<meta property=\"og:site_name\" content=\"Apuntes de San Luis\" \/>\n<meta property=\"article:published_time\" content=\"2024-07-26T12:39:31+00:00\" \/>\n<meta property=\"article:modified_time\" content=\"2024-07-26T12:44:21+00:00\" \/>\n<meta property=\"og:image\" content=\"https:\/\/apuntesdesanluis.com\/wp-content\/uploads\/2024\/07\/reforma-laboral.png\" \/>\n\t<meta property=\"og:image:width\" content=\"694\" \/>\n\t<meta property=\"og:image:height\" content=\"434\" \/>\n\t<meta property=\"og:image:type\" content=\"image\/png\" \/>\n<meta name=\"author\" content=\"apuntesdesanluis.com\" \/>\n<meta name=\"twitter:card\" content=\"summary_large_image\" \/>\n<meta name=\"twitter:label1\" content=\"Escrito por\" \/>\n\t<meta name=\"twitter:data1\" content=\"apuntesdesanluis.com\" \/>\n\t<meta name=\"twitter:label2\" content=\"Tiempo de lectura\" \/>\n\t<meta name=\"twitter:data2\" content=\"3 minutos\" \/>\n<script type=\"application\/ld+json\" class=\"yoast-schema-graph\">{\"@context\":\"https:\/\/schema.org\",\"@graph\":[{\"@type\":\"Article\",\"@id\":\"https:\/\/apuntesdesanluis.com\/index.php\/2024\/07\/26\/la-fcejs-invita-a-jornada-sobre-reforma-laboral-impacto-social-y-economico\/#article\",\"isPartOf\":{\"@id\":\"https:\/\/apuntesdesanluis.com\/index.php\/2024\/07\/26\/la-fcejs-invita-a-jornada-sobre-reforma-laboral-impacto-social-y-economico\/\"},\"author\":{\"name\":\"apuntesdesanluis.com\",\"@id\":\"https:\/\/apuntesdesanluis.com\/#\/schema\/person\/b55151d52296fcce64d1a72538a70b90\"},\"headline\":\"LA FCEJS INVITA A JORNADA SOBRE \u201cREFORMA LABORAL: IMPACTO SOCIAL Y ECON\u00d3MICO\u201d\",\"datePublished\":\"2024-07-26T12:39:31+00:00\",\"dateModified\":\"2024-07-26T12:44:21+00:00\",\"mainEntityOfPage\":{\"@id\":\"https:\/\/apuntesdesanluis.com\/index.php\/2024\/07\/26\/la-fcejs-invita-a-jornada-sobre-reforma-laboral-impacto-social-y-economico\/\"},\"wordCount\":452,\"publisher\":{\"@id\":\"https:\/\/apuntesdesanluis.com\/#\/schema\/person\/b55151d52296fcce64d1a72538a70b90\"},\"image\":{\"@id\":\"https:\/\/apuntesdesanluis.com\/index.php\/2024\/07\/26\/la-fcejs-invita-a-jornada-sobre-reforma-laboral-impacto-social-y-economico\/#primaryimage\"},\"thumbnailUrl\":\"https:\/\/apuntesdesanluis.com\/wp-content\/uploads\/2024\/07\/reforma-laboral.png\",\"articleSection\":[\"Ciudad\/Provincia\"],\"inLanguage\":\"es-AR\"},{\"@type\":\"WebPage\",\"@id\":\"https:\/\/apuntesdesanluis.com\/index.php\/2024\/07\/26\/la-fcejs-invita-a-jornada-sobre-reforma-laboral-impacto-social-y-economico\/\",\"url\":\"https:\/\/apuntesdesanluis.com\/index.php\/2024\/07\/26\/la-fcejs-invita-a-jornada-sobre-reforma-laboral-impacto-social-y-economico\/\",\"name\":\"LA FCEJS INVITA A JORNADA SOBRE \u201cREFORMA LABORAL: IMPACTO SOCIAL Y ECON\u00d3MICO\u201d - Apuntes de San Luis\",\"isPartOf\":{\"@id\":\"https:\/\/apuntesdesanluis.com\/#website\"},\"primaryImageOfPage\":{\"@id\":\"https:\/\/apuntesdesanluis.com\/index.php\/2024\/07\/26\/la-fcejs-invita-a-jornada-sobre-reforma-laboral-impacto-social-y-economico\/#primaryimage\"},\"image\":{\"@id\":\"https:\/\/apuntesdesanluis.com\/index.php\/2024\/07\/26\/la-fcejs-invita-a-jornada-sobre-reforma-laboral-impacto-social-y-economico\/#primaryimage\"},\"thumbnailUrl\":\"https:\/\/apuntesdesanluis.com\/wp-content\/uploads\/2024\/07\/reforma-laboral.png\",\"datePublished\":\"2024-07-26T12:39:31+00:00\",\"dateModified\":\"2024-07-26T12:44:21+00:00\",\"breadcrumb\":{\"@id\":\"https:\/\/apuntesdesanluis.com\/index.php\/2024\/07\/26\/la-fcejs-invita-a-jornada-sobre-reforma-laboral-impacto-social-y-economico\/#breadcrumb\"},\"inLanguage\":\"es-AR\",\"potentialAction\":[{\"@type\":\"ReadAction\",\"target\":[\"https:\/\/apuntesdesanluis.com\/index.php\/2024\/07\/26\/la-fcejs-invita-a-jornada-sobre-reforma-laboral-impacto-social-y-economico\/\"]}]},{\"@type\":\"ImageObject\",\"inLanguage\":\"es-AR\",\"@id\":\"https:\/\/apuntesdesanluis.com\/index.php\/2024\/07\/26\/la-fcejs-invita-a-jornada-sobre-reforma-laboral-impacto-social-y-economico\/#primaryimage\",\"url\":\"https:\/\/apuntesdesanluis.com\/wp-content\/uploads\/2024\/07\/reforma-laboral.png\",\"contentUrl\":\"https:\/\/apuntesdesanluis.com\/wp-content\/uploads\/2024\/07\/reforma-laboral.png\",\"width\":694,\"height\":434},{\"@type\":\"BreadcrumbList\",\"@id\":\"https:\/\/apuntesdesanluis.com\/index.php\/2024\/07\/26\/la-fcejs-invita-a-jornada-sobre-reforma-laboral-impacto-social-y-economico\/#breadcrumb\",\"itemListElement\":[{\"@type\":\"ListItem\",\"position\":1,\"name\":\"Inicio\",\"item\":\"https:\/\/apuntesdesanluis.com\/\"},{\"@type\":\"ListItem\",\"position\":2,\"name\":\"LA FCEJS INVITA A JORNADA SOBRE \u201cREFORMA LABORAL: IMPACTO SOCIAL Y ECON\u00d3MICO\u201d\"}]},{\"@type\":\"WebSite\",\"@id\":\"https:\/\/apuntesdesanluis.com\/#website\",\"url\":\"https:\/\/apuntesdesanluis.com\/\",\"name\":\"Apuntes de San Luis\",\"description\":\"\",\"publisher\":{\"@id\":\"https:\/\/apuntesdesanluis.com\/#\/schema\/person\/b55151d52296fcce64d1a72538a70b90\"},\"potentialAction\":[{\"@type\":\"SearchAction\",\"target\":{\"@type\":\"EntryPoint\",\"urlTemplate\":\"https:\/\/apuntesdesanluis.com\/?s={search_term_string}\"},\"query-input\":{\"@type\":\"PropertyValueSpecification\",\"valueRequired\":true,\"valueName\":\"search_term_string\"}}],\"inLanguage\":\"es-AR\"},{\"@type\":[\"Person\",\"Organization\"],\"@id\":\"https:\/\/apuntesdesanluis.com\/#\/schema\/person\/b55151d52296fcce64d1a72538a70b90\",\"name\":\"apuntesdesanluis.com\",\"image\":{\"@type\":\"ImageObject\",\"inLanguage\":\"es-AR\",\"@id\":\"https:\/\/apuntesdesanluis.com\/#\/schema\/person\/image\/\",\"url\":\"https:\/\/apuntesdesanluis.com\/wp-content\/uploads\/2023\/07\/cropped-apuntesdesanluis.png\",\"contentUrl\":\"https:\/\/apuntesdesanluis.com\/wp-content\/uploads\/2023\/07\/cropped-apuntesdesanluis.png\",\"width\":450,\"height\":112,\"caption\":\"apuntesdesanluis.com\"},\"logo\":{\"@id\":\"https:\/\/apuntesdesanluis.com\/#\/schema\/person\/image\/\"},\"sameAs\":[\"https:\/\/apuntesdesanluis.com\"],\"url\":\"https:\/\/apuntesdesanluis.com\/index.php\/author\/apuntesdesanluis-com\/\"}]}<\/script>\n<!-- \/ Yoast SEO plugin. -->","yoast_head_json":{"title":"LA FCEJS INVITA A JORNADA SOBRE \u201cREFORMA LABORAL: IMPACTO SOCIAL Y ECON\u00d3MICO\u201d - Apuntes de San Luis","robots":{"index":"index","follow":"follow","max-snippet":"max-snippet:-1","max-image-preview":"max-image-preview:large","max-video-preview":"max-video-preview:-1"},"canonical":"https:\/\/apuntesdesanluis.com\/index.php\/2024\/07\/26\/la-fcejs-invita-a-jornada-sobre-reforma-laboral-impacto-social-y-economico\/","og_locale":"es_ES","og_type":"article","og_title":"LA FCEJS INVITA A JORNADA SOBRE \u201cREFORMA LABORAL: IMPACTO SOCIAL Y ECON\u00d3MICO\u201d - Apuntes de San Luis","og_description":"El Departamento de Ciencias Jur\u00eddicas y Pol\u00edticas (FCEJS-UNSL) invita a asistir al primer encuentro del...","og_url":"https:\/\/apuntesdesanluis.com\/index.php\/2024\/07\/26\/la-fcejs-invita-a-jornada-sobre-reforma-laboral-impacto-social-y-economico\/","og_site_name":"Apuntes de San Luis","article_published_time":"2024-07-26T12:39:31+00:00","article_modified_time":"2024-07-26T12:44:21+00:00","og_image":[{"width":694,"height":434,"url":"https:\/\/apuntesdesanluis.com\/wp-content\/uploads\/2024\/07\/reforma-laboral.png","type":"image\/png"}],"author":"apuntesdesanluis.com","twitter_card":"summary_large_image","twitter_misc":{"Escrito por":"apuntesdesanluis.com","Tiempo de lectura":"3 minutos"},"schema":{"@context":"https:\/\/schema.org","@graph":[{"@type":"Article","@id":"https:\/\/apuntesdesanluis.com\/index.php\/2024\/07\/26\/la-fcejs-invita-a-jornada-sobre-reforma-laboral-impacto-social-y-economico\/#article","isPartOf":{"@id":"https:\/\/apuntesdesanluis.com\/index.php\/2024\/07\/26\/la-fcejs-invita-a-jornada-sobre-reforma-laboral-impacto-social-y-economico\/"},"author":{"name":"apuntesdesanluis.com","@id":"https:\/\/apuntesdesanluis.com\/#\/schema\/person\/b55151d52296fcce64d1a72538a70b90"},"headline":"LA FCEJS INVITA A JORNADA SOBRE \u201cREFORMA LABORAL: IMPACTO SOCIAL Y ECON\u00d3MICO\u201d","datePublished":"2024-07-26T12:39:31+00:00","dateModified":"2024-07-26T12:44:21+00:00","mainEntityOfPage":{"@id":"https:\/\/apuntesdesanluis.com\/index.php\/2024\/07\/26\/la-fcejs-invita-a-jornada-sobre-reforma-laboral-impacto-social-y-economico\/"},"wordCount":452,"publisher":{"@id":"https:\/\/apuntesdesanluis.com\/#\/schema\/person\/b55151d52296fcce64d1a72538a70b90"},"image":{"@id":"https:\/\/apuntesdesanluis.com\/index.php\/2024\/07\/26\/la-fcejs-invita-a-jornada-sobre-reforma-laboral-impacto-social-y-economico\/#primaryimage"},"thumbnailUrl":"https:\/\/apuntesdesanluis.com\/wp-content\/uploads\/2024\/07\/reforma-laboral.png","articleSection":["Ciudad\/Provincia"],"inLanguage":"es-AR"},{"@type":"WebPage","@id":"https:\/\/apuntesdesanluis.com\/index.php\/2024\/07\/26\/la-fcejs-invita-a-jornada-sobre-reforma-laboral-impacto-social-y-economico\/","url":"https:\/\/apuntesdesanluis.com\/index.php\/2024\/07\/26\/la-fcejs-invita-a-jornada-sobre-reforma-laboral-impacto-social-y-economico\/","name":"LA FCEJS INVITA A JORNADA SOBRE \u201cREFORMA LABORAL: IMPACTO SOCIAL Y ECON\u00d3MICO\u201d - Apuntes de San Luis","isPartOf":{"@id":"https:\/\/apuntesdesanluis.com\/#website"},"primaryImageOfPage":{"@id":"https:\/\/apuntesdesanluis.com\/index.php\/2024\/07\/26\/la-fcejs-invita-a-jornada-sobre-reforma-laboral-impacto-social-y-economico\/#primaryimage"},"image":{"@id":"https:\/\/apuntesdesanluis.com\/index.php\/2024\/07\/26\/la-fcejs-invita-a-jornada-sobre-reforma-laboral-impacto-social-y-economico\/#primaryimage"},"thumbnailUrl":"https:\/\/apuntesdesanluis.com\/wp-content\/uploads\/2024\/07\/reforma-laboral.png","datePublished":"2024-07-26T12:39:31+00:00","dateModified":"2024-07-26T12:44:21+00:00","breadcrumb":{"@id":"https:\/\/apuntesdesanluis.com\/index.php\/2024\/07\/26\/la-fcejs-invita-a-jornada-sobre-reforma-laboral-impacto-social-y-economico\/#breadcrumb"},"inLanguage":"es-AR","potentialAction":[{"@type":"ReadAction","target":["https:\/\/apuntesdesanluis.com\/index.php\/2024\/07\/26\/la-fcejs-invita-a-jornada-sobre-reforma-laboral-impacto-social-y-economico\/"]}]},{"@type":"ImageObject","inLanguage":"es-AR","@id":"https:\/\/apuntesdesanluis.com\/index.php\/2024\/07\/26\/la-fcejs-invita-a-jornada-sobre-reforma-laboral-impacto-social-y-economico\/#primaryimage","url":"https:\/\/apuntesdesanluis.com\/wp-content\/uploads\/2024\/07\/reforma-laboral.png","contentUrl":"https:\/\/apuntesdesanluis.com\/wp-content\/uploads\/2024\/07\/reforma-laboral.png","width":694,"height":434},{"@type":"BreadcrumbList","@id":"https:\/\/apuntesdesanluis.com\/index.php\/2024\/07\/26\/la-fcejs-invita-a-jornada-sobre-reforma-laboral-impacto-social-y-economico\/#breadcrumb","itemListElement":[{"@type":"ListItem","position":1,"name":"Inicio","item":"https:\/\/apuntesdesanluis.com\/"},{"@type":"ListItem","position":2,"name":"LA FCEJS INVITA A JORNADA SOBRE \u201cREFORMA LABORAL: IMPACTO SOCIAL Y ECON\u00d3MICO\u201d"}]},{"@type":"WebSite","@id":"https:\/\/apuntesdesanluis.com\/#website","url":"https:\/\/apuntesdesanluis.com\/","name":"Apuntes de San Luis","description":"","publisher":{"@id":"https:\/\/apuntesdesanluis.com\/#\/schema\/person\/b55151d52296fcce64d1a72538a70b90"},"potentialAction":[{"@type":"SearchAction","target":{"@type":"EntryPoint","urlTemplate":"https:\/\/apuntesdesanluis.com\/?s={search_term_string}"},"query-input":{"@type":"PropertyValueSpecification","valueRequired":true,"valueName":"search_term_string"}}],"inLanguage":"es-AR"},{"@type":["Person","Organization"],"@id":"https:\/\/apuntesdesanluis.com\/#\/schema\/person\/b55151d52296fcce64d1a72538a70b90","name":"apuntesdesanluis.com","image":{"@type":"ImageObject","inLanguage":"es-AR","@id":"https:\/\/apuntesdesanluis.com\/#\/schema\/person\/image\/","url":"https:\/\/apuntesdesanluis.com\/wp-content\/uploads\/2023\/07\/cropped-apuntesdesanluis.png","contentUrl":"https:\/\/apuntesdesanluis.com\/wp-content\/uploads\/2023\/07\/cropped-apuntesdesanluis.png","width":450,"height":112,"caption":"apuntesdesanluis.com"},"logo":{"@id":"https:\/\/apuntesdesanluis.com\/#\/schema\/person\/image\/"},"sameAs":["https:\/\/apuntesdesanluis.com"],"url":"https:\/\/apuntesdesanluis.com\/index.php\/author\/apuntesdesanluis-com\/"}]}},"featured_image_urls":{"full":["https:\/\/apuntesdesanluis.com\/wp-content\/uploads\/2024\/07\/reforma-laboral.png",694,434,false],"thumbnail":["https:\/\/apuntesdesanluis.com\/wp-content\/uploads\/2024\/07\/reforma-laboral-150x150.png",150,150,true],"medium":["https:\/\/apuntesdesanluis.com\/wp-content\/uploads\/2024\/07\/reforma-laboral-300x188.png",300,188,true],"medium_large":["https:\/\/apuntesdesanluis.com\/wp-content\/uploads\/2024\/07\/reforma-laboral.png",640,400,false],"large":["https:\/\/apuntesdesanluis.com\/wp-content\/uploads\/2024\/07\/reforma-laboral.png",640,400,false],"1536x1536":["https:\/\/apuntesdesanluis.com\/wp-content\/uploads\/2024\/07\/reforma-laboral.png",694,434,false],"2048x2048":["https:\/\/apuntesdesanluis.com\/wp-content\/uploads\/2024\/07\/reforma-laboral.png",694,434,false],"newsever-slider-full":["https:\/\/apuntesdesanluis.com\/wp-content\/uploads\/2024\/07\/reforma-laboral.png",694,434,false],"newsever-featured":["https:\/\/apuntesdesanluis.com\/wp-content\/uploads\/2024\/07\/reforma-laboral.png",694,434,false],"newsever-medium":["https:\/\/apuntesdesanluis.com\/wp-content\/uploads\/2024\/07\/reforma-laboral.png",694,434,false]},"author_info":{"display_name":"apuntesdesanluis.com","author_link":"https:\/\/apuntesdesanluis.com\/index.php\/author\/apuntesdesanluis-com\/"},"category_info":"<a href=\"https:\/\/apuntesdesanluis.com\/index.php\/category\/ciudad-provincia\/\" rel=\"category tag\">Ciudad\/Provincia<\/a>","tag_info":"Ciudad\/Provincia","comment_count":"0","_links":{"self":[{"href":"https:\/\/apuntesdesanluis.com\/index.php\/wp-json\/wp\/v2\/posts\/19901","targetHints":{"allow":["GET"]}}],"collection":[{"href":"https:\/\/apuntesdesanluis.com\/index.php\/wp-json\/wp\/v2\/posts"}],"about":[{"href":"https:\/\/apuntesdesanluis.com\/index.php\/wp-json\/wp\/v2\/types\/post"}],"author":[{"embeddable":true,"href":"https:\/\/apuntesdesanluis.com\/index.php\/wp-json\/wp\/v2\/users\/1"}],"replies":[{"embeddable":true,"href":"https:\/\/apuntesdesanluis.com\/index.php\/wp-json\/wp\/v2\/comments?post=19901"}],"version-history":[{"count":6,"href":"https:\/\/apuntesdesanluis.com\/index.php\/wp-json\/wp\/v2\/posts\/19901\/revisions"}],"predecessor-version":[{"id":19910,"href":"https:\/\/apuntesdesanluis.com\/index.php\/wp-json\/wp\/v2\/posts\/19901\/revisions\/19910"}],"wp:featuredmedia":[{"embeddable":true,"href":"https:\/\/apuntesdesanluis.com\/index.php\/wp-json\/wp\/v2\/media\/19902"}],"wp:attachment":[{"href":"https:\/\/apuntesdesanluis.com\/index.php\/wp-json\/wp\/v2\/media?parent=19901"}],"wp:term":[{"taxonomy":"category","embeddable":true,"href":"https:\/\/apuntesdesanluis.com\/index.php\/wp-json\/wp\/v2\/categories?post=19901"},{"taxonomy":"post_tag","embeddable":true,"href":"https:\/\/apuntesdesanluis.com\/index.php\/wp-json\/wp\/v2\/tags?post=19901"}],"curies":[{"name":"wp","href":"https:\/\/api.w.org\/{rel}","templated":true}]}}