{"id":19915,"date":"2024-07-26T22:10:37","date_gmt":"2024-07-27T01:10:37","guid":{"rendered":"https:\/\/apuntesdesanluis.com\/?p=19915"},"modified":"2024-07-26T22:10:37","modified_gmt":"2024-07-27T01:10:37","slug":"volco-un-camion-en-la-autopista-de-las-serranias-puntanas","status":"publish","type":"post","link":"https:\/\/apuntesdesanluis.com\/index.php\/2024\/07\/26\/volco-un-camion-en-la-autopista-de-las-serranias-puntanas\/","title":{"rendered":"VOLC\u00d3 UN CAMI\u00d3N EN LA AUTOPISTA DE LAS SERRAN\u00cdAS PUNTANAS"},"content":{"rendered":"<h3>Este viernes, alrededor de las 2:00, se produjo un accidente de tr\u00e1nsito en la Autopista de las Serran\u00edas Puntanas, a la altura del kil\u00f3metro 699, frente al barrio Ciudad Jard\u00edn de Villa Mercedes.<\/h3>\n<h3>Por razones que se tratan de establecer, el chofer de un cami\u00f3n Mercedes Benz 2035 que se dirig\u00eda de oeste a este y que transportaba una carga de cal, perdi\u00f3 el control del rodado, desplaz\u00e1ndose hacia el cantero que est\u00e1 entre la autopista y la Colectora Sur, provocando el vuelco del transporte.<\/h3>\n<p><img fetchpriority=\"high\" decoding=\"async\" class=\"wp-image-19917 aligncenter\" src=\"https:\/\/apuntesdesanluis.com\/wp-content\/uploads\/2024\/07\/db263315-aa81-47d4-91b8-e7336fa3ad73-300x204.jpg\" alt=\"\" width=\"688\" height=\"468\" srcset=\"https:\/\/apuntesdesanluis.com\/wp-content\/uploads\/2024\/07\/db263315-aa81-47d4-91b8-e7336fa3ad73-300x204.jpg 300w, https:\/\/apuntesdesanluis.com\/wp-content\/uploads\/2024\/07\/db263315-aa81-47d4-91b8-e7336fa3ad73.jpg 600w\" sizes=\"(max-width: 688px) 100vw, 688px\" \/><\/p>\n<h3>El conductor, un hombre de 42 a\u00f1os y de apellido Toledo, iba en compa\u00f1\u00eda de su pareja, una mujer de 39 a\u00f1os de apellido Cuevas, ambos con domicilio en Guaymall\u00e9n, provincia de Mendoza.<\/h3>\n<h3>A ra\u00edz del siniestro vial, el hombre y la mujer fueron trasladados en una ambulancia del Sempro hacia el Policl\u00ednico Regional \u201cJuan Domingo Per\u00f3n\u201d de Villa Mercedes para una mejor atenci\u00f3n m\u00e9dica.<\/h3>\n<h3>En el lugar trabajaron personal de la Direcci\u00f3n General de Polic\u00eda Caminera y Seguridad Vial, de la Comisar\u00eda Seccional 11\u00b0, de Bomberos y del Ente Control de Rutas.<\/h3>\n<p>&nbsp;<\/p>\n<p>&nbsp;<\/p>\n<p>&nbsp;<\/p>\n<p>&nbsp;<\/p>\n<p>&nbsp;<\/p>\n<p>&nbsp;<\/p>\n","protected":false},"excerpt":{"rendered":"<p>Este viernes, alrededor de las 2:00, se produjo un accidente de tr\u00e1nsito en la Autopista&#8230;<\/p>\n","protected":false},"author":1,"featured_media":19916,"comment_status":"closed","ping_status":"closed","sticky":false,"template":"","format":"standard","meta":{"footnotes":""},"categories":[6],"tags":[],"class_list":["post-19915","post","type-post","status-publish","format-standard","has-post-thumbnail","hentry","category-ciudad-provincia"],"yoast_head":"<!-- This site is optimized with the Yoast SEO plugin v26.1.1 - https:\/\/yoast.com\/wordpress\/plugins\/seo\/ -->\n<title>VOLC\u00d3 UN CAMI\u00d3N EN LA AUTOPISTA DE LAS SERRAN\u00cdAS PUNTANAS - Apuntes de San Luis<\/title>\n<meta name=\"robots\" content=\"index, follow, max-snippet:-1, max-image-preview:large, max-video-preview:-1\" \/>\n<link rel=\"canonical\" href=\"https:\/\/apuntesdesanluis.com\/index.php\/2024\/07\/26\/volco-un-camion-en-la-autopista-de-las-serranias-puntanas\/\" \/>\n<meta property=\"og:locale\" content=\"es_ES\" \/>\n<meta property=\"og:type\" content=\"article\" \/>\n<meta property=\"og:title\" content=\"VOLC\u00d3 UN CAMI\u00d3N EN LA AUTOPISTA DE LAS SERRAN\u00cdAS PUNTANAS - Apuntes de San Luis\" \/>\n<meta property=\"og:description\" content=\"Este viernes, alrededor de las 2:00, se produjo un accidente de tr\u00e1nsito en la Autopista...\" \/>\n<meta property=\"og:url\" content=\"https:\/\/apuntesdesanluis.com\/index.php\/2024\/07\/26\/volco-un-camion-en-la-autopista-de-las-serranias-puntanas\/\" \/>\n<meta property=\"og:site_name\" content=\"Apuntes de San Luis\" \/>\n<meta property=\"article:published_time\" content=\"2024-07-27T01:10:37+00:00\" \/>\n<meta property=\"og:image\" content=\"https:\/\/apuntesdesanluis.com\/wp-content\/uploads\/2024\/07\/24d379c6-0f24-4820-867f-579171ef2bb6.jpg\" \/>\n\t<meta property=\"og:image:width\" content=\"600\" \/>\n\t<meta property=\"og:image:height\" content=\"376\" \/>\n\t<meta property=\"og:image:type\" content=\"image\/jpeg\" \/>\n<meta name=\"author\" content=\"apuntesdesanluis.com\" \/>\n<meta name=\"twitter:card\" content=\"summary_large_image\" \/>\n<meta name=\"twitter:label1\" content=\"Escrito por\" \/>\n\t<meta name=\"twitter:data1\" content=\"apuntesdesanluis.com\" \/>\n\t<meta name=\"twitter:label2\" content=\"Tiempo de lectura\" \/>\n\t<meta name=\"twitter:data2\" content=\"2 minutos\" \/>\n<script type=\"application\/ld+json\" class=\"yoast-schema-graph\">{\"@context\":\"https:\/\/schema.org\",\"@graph\":[{\"@type\":\"Article\",\"@id\":\"https:\/\/apuntesdesanluis.com\/index.php\/2024\/07\/26\/volco-un-camion-en-la-autopista-de-las-serranias-puntanas\/#article\",\"isPartOf\":{\"@id\":\"https:\/\/apuntesdesanluis.com\/index.php\/2024\/07\/26\/volco-un-camion-en-la-autopista-de-las-serranias-puntanas\/\"},\"author\":{\"name\":\"apuntesdesanluis.com\",\"@id\":\"https:\/\/apuntesdesanluis.com\/#\/schema\/person\/b55151d52296fcce64d1a72538a70b90\"},\"headline\":\"VOLC\u00d3 UN CAMI\u00d3N EN LA AUTOPISTA DE LAS SERRAN\u00cdAS PUNTANAS\",\"datePublished\":\"2024-07-27T01:10:37+00:00\",\"mainEntityOfPage\":{\"@id\":\"https:\/\/apuntesdesanluis.com\/index.php\/2024\/07\/26\/volco-un-camion-en-la-autopista-de-las-serranias-puntanas\/\"},\"wordCount\":209,\"publisher\":{\"@id\":\"https:\/\/apuntesdesanluis.com\/#\/schema\/person\/b55151d52296fcce64d1a72538a70b90\"},\"image\":{\"@id\":\"https:\/\/apuntesdesanluis.com\/index.php\/2024\/07\/26\/volco-un-camion-en-la-autopista-de-las-serranias-puntanas\/#primaryimage\"},\"thumbnailUrl\":\"https:\/\/apuntesdesanluis.com\/wp-content\/uploads\/2024\/07\/24d379c6-0f24-4820-867f-579171ef2bb6.jpg\",\"articleSection\":[\"Ciudad\/Provincia\"],\"inLanguage\":\"es-AR\"},{\"@type\":\"WebPage\",\"@id\":\"https:\/\/apuntesdesanluis.com\/index.php\/2024\/07\/26\/volco-un-camion-en-la-autopista-de-las-serranias-puntanas\/\",\"url\":\"https:\/\/apuntesdesanluis.com\/index.php\/2024\/07\/26\/volco-un-camion-en-la-autopista-de-las-serranias-puntanas\/\",\"name\":\"VOLC\u00d3 UN CAMI\u00d3N EN LA AUTOPISTA DE LAS SERRAN\u00cdAS PUNTANAS - Apuntes de San Luis\",\"isPartOf\":{\"@id\":\"https:\/\/apuntesdesanluis.com\/#website\"},\"primaryImageOfPage\":{\"@id\":\"https:\/\/apuntesdesanluis.com\/index.php\/2024\/07\/26\/volco-un-camion-en-la-autopista-de-las-serranias-puntanas\/#primaryimage\"},\"image\":{\"@id\":\"https:\/\/apuntesdesanluis.com\/index.php\/2024\/07\/26\/volco-un-camion-en-la-autopista-de-las-serranias-puntanas\/#primaryimage\"},\"thumbnailUrl\":\"https:\/\/apuntesdesanluis.com\/wp-content\/uploads\/2024\/07\/24d379c6-0f24-4820-867f-579171ef2bb6.jpg\",\"datePublished\":\"2024-07-27T01:10:37+00:00\",\"breadcrumb\":{\"@id\":\"https:\/\/apuntesdesanluis.com\/index.php\/2024\/07\/26\/volco-un-camion-en-la-autopista-de-las-serranias-puntanas\/#breadcrumb\"},\"inLanguage\":\"es-AR\",\"potentialAction\":[{\"@type\":\"ReadAction\",\"target\":[\"https:\/\/apuntesdesanluis.com\/index.php\/2024\/07\/26\/volco-un-camion-en-la-autopista-de-las-serranias-puntanas\/\"]}]},{\"@type\":\"ImageObject\",\"inLanguage\":\"es-AR\",\"@id\":\"https:\/\/apuntesdesanluis.com\/index.php\/2024\/07\/26\/volco-un-camion-en-la-autopista-de-las-serranias-puntanas\/#primaryimage\",\"url\":\"https:\/\/apuntesdesanluis.com\/wp-content\/uploads\/2024\/07\/24d379c6-0f24-4820-867f-579171ef2bb6.jpg\",\"contentUrl\":\"https:\/\/apuntesdesanluis.com\/wp-content\/uploads\/2024\/07\/24d379c6-0f24-4820-867f-579171ef2bb6.jpg\",\"width\":600,\"height\":376},{\"@type\":\"BreadcrumbList\",\"@id\":\"https:\/\/apuntesdesanluis.com\/index.php\/2024\/07\/26\/volco-un-camion-en-la-autopista-de-las-serranias-puntanas\/#breadcrumb\",\"itemListElement\":[{\"@type\":\"ListItem\",\"position\":1,\"name\":\"Inicio\",\"item\":\"https:\/\/apuntesdesanluis.com\/\"},{\"@type\":\"ListItem\",\"position\":2,\"name\":\"VOLC\u00d3 UN CAMI\u00d3N EN LA AUTOPISTA DE LAS SERRAN\u00cdAS PUNTANAS\"}]},{\"@type\":\"WebSite\",\"@id\":\"https:\/\/apuntesdesanluis.com\/#website\",\"url\":\"https:\/\/apuntesdesanluis.com\/\",\"name\":\"Apuntes de San Luis\",\"description\":\"\",\"publisher\":{\"@id\":\"https:\/\/apuntesdesanluis.com\/#\/schema\/person\/b55151d52296fcce64d1a72538a70b90\"},\"potentialAction\":[{\"@type\":\"SearchAction\",\"target\":{\"@type\":\"EntryPoint\",\"urlTemplate\":\"https:\/\/apuntesdesanluis.com\/?s={search_term_string}\"},\"query-input\":{\"@type\":\"PropertyValueSpecification\",\"valueRequired\":true,\"valueName\":\"search_term_string\"}}],\"inLanguage\":\"es-AR\"},{\"@type\":[\"Person\",\"Organization\"],\"@id\":\"https:\/\/apuntesdesanluis.com\/#\/schema\/person\/b55151d52296fcce64d1a72538a70b90\",\"name\":\"apuntesdesanluis.com\",\"image\":{\"@type\":\"ImageObject\",\"inLanguage\":\"es-AR\",\"@id\":\"https:\/\/apuntesdesanluis.com\/#\/schema\/person\/image\/\",\"url\":\"https:\/\/apuntesdesanluis.com\/wp-content\/uploads\/2023\/07\/cropped-apuntesdesanluis.png\",\"contentUrl\":\"https:\/\/apuntesdesanluis.com\/wp-content\/uploads\/2023\/07\/cropped-apuntesdesanluis.png\",\"width\":450,\"height\":112,\"caption\":\"apuntesdesanluis.com\"},\"logo\":{\"@id\":\"https:\/\/apuntesdesanluis.com\/#\/schema\/person\/image\/\"},\"sameAs\":[\"https:\/\/apuntesdesanluis.com\"],\"url\":\"https:\/\/apuntesdesanluis.com\/index.php\/author\/apuntesdesanluis-com\/\"}]}<\/script>\n<!-- \/ Yoast SEO plugin. -->","yoast_head_json":{"title":"VOLC\u00d3 UN CAMI\u00d3N EN LA AUTOPISTA DE LAS SERRAN\u00cdAS PUNTANAS - Apuntes de San Luis","robots":{"index":"index","follow":"follow","max-snippet":"max-snippet:-1","max-image-preview":"max-image-preview:large","max-video-preview":"max-video-preview:-1"},"canonical":"https:\/\/apuntesdesanluis.com\/index.php\/2024\/07\/26\/volco-un-camion-en-la-autopista-de-las-serranias-puntanas\/","og_locale":"es_ES","og_type":"article","og_title":"VOLC\u00d3 UN CAMI\u00d3N EN LA AUTOPISTA DE LAS SERRAN\u00cdAS PUNTANAS - Apuntes de San Luis","og_description":"Este viernes, alrededor de las 2:00, se produjo un accidente de tr\u00e1nsito en la Autopista...","og_url":"https:\/\/apuntesdesanluis.com\/index.php\/2024\/07\/26\/volco-un-camion-en-la-autopista-de-las-serranias-puntanas\/","og_site_name":"Apuntes de San Luis","article_published_time":"2024-07-27T01:10:37+00:00","og_image":[{"width":600,"height":376,"url":"https:\/\/apuntesdesanluis.com\/wp-content\/uploads\/2024\/07\/24d379c6-0f24-4820-867f-579171ef2bb6.jpg","type":"image\/jpeg"}],"author":"apuntesdesanluis.com","twitter_card":"summary_large_image","twitter_misc":{"Escrito por":"apuntesdesanluis.com","Tiempo de lectura":"2 minutos"},"schema":{"@context":"https:\/\/schema.org","@graph":[{"@type":"Article","@id":"https:\/\/apuntesdesanluis.com\/index.php\/2024\/07\/26\/volco-un-camion-en-la-autopista-de-las-serranias-puntanas\/#article","isPartOf":{"@id":"https:\/\/apuntesdesanluis.com\/index.php\/2024\/07\/26\/volco-un-camion-en-la-autopista-de-las-serranias-puntanas\/"},"author":{"name":"apuntesdesanluis.com","@id":"https:\/\/apuntesdesanluis.com\/#\/schema\/person\/b55151d52296fcce64d1a72538a70b90"},"headline":"VOLC\u00d3 UN CAMI\u00d3N EN LA AUTOPISTA DE LAS SERRAN\u00cdAS PUNTANAS","datePublished":"2024-07-27T01:10:37+00:00","mainEntityOfPage":{"@id":"https:\/\/apuntesdesanluis.com\/index.php\/2024\/07\/26\/volco-un-camion-en-la-autopista-de-las-serranias-puntanas\/"},"wordCount":209,"publisher":{"@id":"https:\/\/apuntesdesanluis.com\/#\/schema\/person\/b55151d52296fcce64d1a72538a70b90"},"image":{"@id":"https:\/\/apuntesdesanluis.com\/index.php\/2024\/07\/26\/volco-un-camion-en-la-autopista-de-las-serranias-puntanas\/#primaryimage"},"thumbnailUrl":"https:\/\/apuntesdesanluis.com\/wp-content\/uploads\/2024\/07\/24d379c6-0f24-4820-867f-579171ef2bb6.jpg","articleSection":["Ciudad\/Provincia"],"inLanguage":"es-AR"},{"@type":"WebPage","@id":"https:\/\/apuntesdesanluis.com\/index.php\/2024\/07\/26\/volco-un-camion-en-la-autopista-de-las-serranias-puntanas\/","url":"https:\/\/apuntesdesanluis.com\/index.php\/2024\/07\/26\/volco-un-camion-en-la-autopista-de-las-serranias-puntanas\/","name":"VOLC\u00d3 UN CAMI\u00d3N EN LA AUTOPISTA DE LAS SERRAN\u00cdAS PUNTANAS - Apuntes de San Luis","isPartOf":{"@id":"https:\/\/apuntesdesanluis.com\/#website"},"primaryImageOfPage":{"@id":"https:\/\/apuntesdesanluis.com\/index.php\/2024\/07\/26\/volco-un-camion-en-la-autopista-de-las-serranias-puntanas\/#primaryimage"},"image":{"@id":"https:\/\/apuntesdesanluis.com\/index.php\/2024\/07\/26\/volco-un-camion-en-la-autopista-de-las-serranias-puntanas\/#primaryimage"},"thumbnailUrl":"https:\/\/apuntesdesanluis.com\/wp-content\/uploads\/2024\/07\/24d379c6-0f24-4820-867f-579171ef2bb6.jpg","datePublished":"2024-07-27T01:10:37+00:00","breadcrumb":{"@id":"https:\/\/apuntesdesanluis.com\/index.php\/2024\/07\/26\/volco-un-camion-en-la-autopista-de-las-serranias-puntanas\/#breadcrumb"},"inLanguage":"es-AR","potentialAction":[{"@type":"ReadAction","target":["https:\/\/apuntesdesanluis.com\/index.php\/2024\/07\/26\/volco-un-camion-en-la-autopista-de-las-serranias-puntanas\/"]}]},{"@type":"ImageObject","inLanguage":"es-AR","@id":"https:\/\/apuntesdesanluis.com\/index.php\/2024\/07\/26\/volco-un-camion-en-la-autopista-de-las-serranias-puntanas\/#primaryimage","url":"https:\/\/apuntesdesanluis.com\/wp-content\/uploads\/2024\/07\/24d379c6-0f24-4820-867f-579171ef2bb6.jpg","contentUrl":"https:\/\/apuntesdesanluis.com\/wp-content\/uploads\/2024\/07\/24d379c6-0f24-4820-867f-579171ef2bb6.jpg","width":600,"height":376},{"@type":"BreadcrumbList","@id":"https:\/\/apuntesdesanluis.com\/index.php\/2024\/07\/26\/volco-un-camion-en-la-autopista-de-las-serranias-puntanas\/#breadcrumb","itemListElement":[{"@type":"ListItem","position":1,"name":"Inicio","item":"https:\/\/apuntesdesanluis.com\/"},{"@type":"ListItem","position":2,"name":"VOLC\u00d3 UN CAMI\u00d3N EN LA AUTOPISTA DE LAS SERRAN\u00cdAS PUNTANAS"}]},{"@type":"WebSite","@id":"https:\/\/apuntesdesanluis.com\/#website","url":"https:\/\/apuntesdesanluis.com\/","name":"Apuntes de San Luis","description":"","publisher":{"@id":"https:\/\/apuntesdesanluis.com\/#\/schema\/person\/b55151d52296fcce64d1a72538a70b90"},"potentialAction":[{"@type":"SearchAction","target":{"@type":"EntryPoint","urlTemplate":"https:\/\/apuntesdesanluis.com\/?s={search_term_string}"},"query-input":{"@type":"PropertyValueSpecification","valueRequired":true,"valueName":"search_term_string"}}],"inLanguage":"es-AR"},{"@type":["Person","Organization"],"@id":"https:\/\/apuntesdesanluis.com\/#\/schema\/person\/b55151d52296fcce64d1a72538a70b90","name":"apuntesdesanluis.com","image":{"@type":"ImageObject","inLanguage":"es-AR","@id":"https:\/\/apuntesdesanluis.com\/#\/schema\/person\/image\/","url":"https:\/\/apuntesdesanluis.com\/wp-content\/uploads\/2023\/07\/cropped-apuntesdesanluis.png","contentUrl":"https:\/\/apuntesdesanluis.com\/wp-content\/uploads\/2023\/07\/cropped-apuntesdesanluis.png","width":450,"height":112,"caption":"apuntesdesanluis.com"},"logo":{"@id":"https:\/\/apuntesdesanluis.com\/#\/schema\/person\/image\/"},"sameAs":["https:\/\/apuntesdesanluis.com"],"url":"https:\/\/apuntesdesanluis.com\/index.php\/author\/apuntesdesanluis-com\/"}]}},"featured_image_urls":{"full":["https:\/\/apuntesdesanluis.com\/wp-content\/uploads\/2024\/07\/24d379c6-0f24-4820-867f-579171ef2bb6.jpg",600,376,false],"thumbnail":["https:\/\/apuntesdesanluis.com\/wp-content\/uploads\/2024\/07\/24d379c6-0f24-4820-867f-579171ef2bb6-150x150.jpg",150,150,true],"medium":["https:\/\/apuntesdesanluis.com\/wp-content\/uploads\/2024\/07\/24d379c6-0f24-4820-867f-579171ef2bb6-300x188.jpg",300,188,true],"medium_large":["https:\/\/apuntesdesanluis.com\/wp-content\/uploads\/2024\/07\/24d379c6-0f24-4820-867f-579171ef2bb6.jpg",600,376,false],"large":["https:\/\/apuntesdesanluis.com\/wp-content\/uploads\/2024\/07\/24d379c6-0f24-4820-867f-579171ef2bb6.jpg",600,376,false],"1536x1536":["https:\/\/apuntesdesanluis.com\/wp-content\/uploads\/2024\/07\/24d379c6-0f24-4820-867f-579171ef2bb6.jpg",600,376,false],"2048x2048":["https:\/\/apuntesdesanluis.com\/wp-content\/uploads\/2024\/07\/24d379c6-0f24-4820-867f-579171ef2bb6.jpg",600,376,false],"newsever-slider-full":["https:\/\/apuntesdesanluis.com\/wp-content\/uploads\/2024\/07\/24d379c6-0f24-4820-867f-579171ef2bb6.jpg",600,376,false],"newsever-featured":["https:\/\/apuntesdesanluis.com\/wp-content\/uploads\/2024\/07\/24d379c6-0f24-4820-867f-579171ef2bb6.jpg",600,376,false],"newsever-medium":["https:\/\/apuntesdesanluis.com\/wp-content\/uploads\/2024\/07\/24d379c6-0f24-4820-867f-579171ef2bb6.jpg",600,376,false]},"author_info":{"display_name":"apuntesdesanluis.com","author_link":"https:\/\/apuntesdesanluis.com\/index.php\/author\/apuntesdesanluis-com\/"},"category_info":"<a href=\"https:\/\/apuntesdesanluis.com\/index.php\/category\/ciudad-provincia\/\" rel=\"category tag\">Ciudad\/Provincia<\/a>","tag_info":"Ciudad\/Provincia","comment_count":"0","_links":{"self":[{"href":"https:\/\/apuntesdesanluis.com\/index.php\/wp-json\/wp\/v2\/posts\/19915","targetHints":{"allow":["GET"]}}],"collection":[{"href":"https:\/\/apuntesdesanluis.com\/index.php\/wp-json\/wp\/v2\/posts"}],"about":[{"href":"https:\/\/apuntesdesanluis.com\/index.php\/wp-json\/wp\/v2\/types\/post"}],"author":[{"embeddable":true,"href":"https:\/\/apuntesdesanluis.com\/index.php\/wp-json\/wp\/v2\/users\/1"}],"replies":[{"embeddable":true,"href":"https:\/\/apuntesdesanluis.com\/index.php\/wp-json\/wp\/v2\/comments?post=19915"}],"version-history":[{"count":1,"href":"https:\/\/apuntesdesanluis.com\/index.php\/wp-json\/wp\/v2\/posts\/19915\/revisions"}],"predecessor-version":[{"id":19918,"href":"https:\/\/apuntesdesanluis.com\/index.php\/wp-json\/wp\/v2\/posts\/19915\/revisions\/19918"}],"wp:featuredmedia":[{"embeddable":true,"href":"https:\/\/apuntesdesanluis.com\/index.php\/wp-json\/wp\/v2\/media\/19916"}],"wp:attachment":[{"href":"https:\/\/apuntesdesanluis.com\/index.php\/wp-json\/wp\/v2\/media?parent=19915"}],"wp:term":[{"taxonomy":"category","embeddable":true,"href":"https:\/\/apuntesdesanluis.com\/index.php\/wp-json\/wp\/v2\/categories?post=19915"},{"taxonomy":"post_tag","embeddable":true,"href":"https:\/\/apuntesdesanluis.com\/index.php\/wp-json\/wp\/v2\/tags?post=19915"}],"curies":[{"name":"wp","href":"https:\/\/api.w.org\/{rel}","templated":true}]}}