{"id":19919,"date":"2024-07-27T00:49:46","date_gmt":"2024-07-27T03:49:46","guid":{"rendered":"https:\/\/apuntesdesanluis.com\/?p=19919"},"modified":"2024-07-27T17:30:48","modified_gmt":"2024-07-27T20:30:48","slug":"k-n-v-l-che","status":"publish","type":"post","link":"https:\/\/apuntesdesanluis.com\/index.php\/2024\/07\/27\/k-n-v-l-che\/","title":{"rendered":"K-N-V-L-CHE"},"content":{"rendered":"<h3>Toda la centralidad pol\u00edtica en el \u00e1mbito provincial est\u00e1 dominada y atravesada por la gesti\u00f3n del gobierno nacional. Sus principales actores analizan la realidad partiendo del lugar que ocupa la figura omnipotente de <strong>Javier Milei<\/strong> y el devenir de la econom\u00eda. No obstante, siempre hay espacio para analizar lo que sucede en la realidad provincial y en el seno de cada espacio.<\/h3>\n<h3 style=\"text-align: center;\">\u2026\u2026\u2026\u2026\u2026\u2026..<strong>\u00a0<\/strong><\/h3>\n<h3><span style=\"color: #0000ff;\"><strong>Esc\u00e1ndalo<\/strong>.<\/span> El accidente que protagoniz\u00f3 el Fiscal de C\u00e1mara <strong>Fernando \u201cChulo\u201d<\/strong> <strong>Rodr\u00edguez <\/strong>en Villa Mercedes no s\u00f3lo alcanz\u00f3 las dimensiones de esc\u00e1ndalo nacional, a partir del video que lo mostr\u00f3 absolutamente borracho. Puertas adentro de tribunales tambi\u00e9n cay\u00f3 como una bomba.<\/h3>\n<p><iframe title=\"Un fiscal de San Luis manejaba borracho y choc\u00f3 a contramano: lo filmaron trastabillando\" width=\"640\" height=\"360\" src=\"https:\/\/www.youtube.com\/embed\/5tHocGjflgg?feature=oembed\" frameborder=\"0\" allow=\"accelerometer; autoplay; clipboard-write; encrypted-media; gyroscope; picture-in-picture; web-share\" referrerpolicy=\"strict-origin-when-cross-origin\" allowfullscreen><\/iframe><\/p>\n<h3>El Procurador <strong>Luis Martinez<\/strong> reaccion\u00f3 r\u00e1pidamente solicitando un sumario. A los pocos d\u00edas el Superior Tribunal accedi\u00f3 y lo suspendi\u00f3 en sus funciones.<\/h3>\n<h3>La molestia en el Poder Judicial con uno de sus integrantes es que interpretan que \u201ceste esc\u00e1ndalo le da de comer al gobierno\u201d, que responsabiliza a los jueces por la \u201cpuerta giratoria\u201d que facilita la liberaci\u00f3n de los delincuentes y se niega a actualizar el presupuesto de la justicia. Bajo este razonamiento, interpretan que algunos sectores del oficialismo impulsan la conveniencia de adoptar una \u201cmedida ejemplificadora\u201d con el funcionario para, de paso, ocupar este espacio con alguien \u201cdel palo\u201d.<strong>\u00a0<\/strong><\/h3>\n<h3 style=\"text-align: center;\">\u2026\u2026\u2026\u2026\u2026\u2026..<\/h3>\n<h3><span style=\"color: #3366ff;\"><strong>Guerra del relato I.<\/strong><\/span> Hace ya 7 meses que gobierno y oposici\u00f3n mantienen una dura batalla por imponer su relato en torno del presupuesto y los fondos de los que dispon\u00eda la provincia en diciembre pasado. El gobernador contin\u00faa afirmando que no contaba con los recursos suficientes y por ello debi\u00f3 desdoblar el pago de sueldos, dado que el dinero disponible ten\u00eda afectaci\u00f3n espec\u00edfica para otros destinos e insisti\u00f3 con que el d\u00e9ficit recibido era superior a los 93.000 millones. Con el informe que dio a conocer el <strong>Tribunal de Cuentas<\/strong>, la oposici\u00f3n sali\u00f3 a decir exactamente lo contrario: <em><strong>\u201cQued\u00f3 demostrado que Poggi miente, la plata estaba\u201d<\/strong><\/em>, repiquetearon todos los voceros a coro, amplificando su discurso desde las p\u00e1ginas de El Editor.<\/h3>\n<h3><img fetchpriority=\"high\" decoding=\"async\" class=\"wp-image-19938 aligncenter\" src=\"https:\/\/apuntesdesanluis.com\/wp-content\/uploads\/2024\/07\/plazos-fijos-213x300.png\" alt=\"\" width=\"505\" height=\"711\" srcset=\"https:\/\/apuntesdesanluis.com\/wp-content\/uploads\/2024\/07\/plazos-fijos-213x300.png 213w, https:\/\/apuntesdesanluis.com\/wp-content\/uploads\/2024\/07\/plazos-fijos.png 549w\" sizes=\"(max-width: 505px) 100vw, 505px\" \/><\/h3>\n<h3>El viernes 19, nuevamente desde El Diario, dieron a conocer una noticia que parec\u00eda dejar nocaut al oficialismo: la constituci\u00f3n de 19 plazos fijos en el mes de diciembre, por parte del gobierno, con lo cual consideraron haber ganado una batalla m\u00e1s en esta guerra por destruir ret\u00f3ricamente al adversario instalado en Terrazas. Pero el mi\u00e9rcoles 24, durante la sesi\u00f3n de la C\u00e1mara de Diputados, el gobierno se recuper\u00f3 y asest\u00f3 un dur\u00edsimo golpe, utilizando como ariete a uno de los maximos aliados de Rodr\u00edguez Sa\u00e1, quien hoy preside la C\u00e1mara Baja&#8230;<\/h3>\n<h3 style=\"text-align: center;\">\u2026\u2026\u2026\u2026\u2026\u2026..<\/h3>\n<h3><span style=\"color: #3366ff;\"><strong>Guerra del relato II.<\/strong><\/span> En el gobierno celebraron el contundente discurso que ley\u00f3 <strong>Ram\u00f3n Leyes<\/strong> en la sesi\u00f3n de Diputados, cuando se terminaron rechazando las cuentas de inversi\u00f3n del 2023. El presidente de la C\u00e1mara de Diputados, hist\u00f3rico aliado del r\u00e9gimen que gobern\u00f3 durante 40 a\u00f1os la provincia, fue ciertamente demoledor con sus afirmaciones. Indic\u00f3 que con la lectura del informe del Tribunal de Cuentas \u201cresulta evidente el desmanejo, torpeza y perversi\u00f3n\u201d con que se manejaron las cuentas p\u00fablicas. Con respecto a la controversia sobre si hab\u00eda un super\u00e1vit o un d\u00e9ficit de 93 mil millones de pesos, sostuvo que a su entender hubo dos presupuestos: uno desde el 1\u00b0 de enero hasta el 11 de junio de 2023 (d\u00eda este \u00faltimo posterior a las elecciones que perdi\u00f3 Rodr\u00edguez Sa\u00e1) y otro desde ese d\u00eda hasta el 10 de diciembre. En esta segunda etapa, \u201ctras la derrota electoral\u201d, el gobierno realiz\u00f3 \u201cun reparto de fondos indiscriminado e irresponsable\u201d, enfatiz\u00f3. Agreg\u00f3 que esto se hizo para \u201cperjudicar y condicionar al gobierno\u201d.<\/h3>\n<p><iframe title=\"XIII Sesi\u00f3n Ordinaria 24 de julio de 2024.\" width=\"640\" height=\"360\" src=\"https:\/\/www.youtube.com\/embed\/8x0bpIj5ylQ?start=14191&#038;feature=oembed\" frameborder=\"0\" allow=\"accelerometer; autoplay; clipboard-write; encrypted-media; gyroscope; picture-in-picture; web-share\" referrerpolicy=\"strict-origin-when-cross-origin\" allowfullscreen><\/iframe><\/p>\n<h3>Lo m\u00e1s revelador fueron sus palabras en torno de la reuni\u00f3n que mantuvieron un grupo de diputados con el entonces gobernador <strong>Alberto Rodr\u00edguez Sa\u00e1<\/strong>, cuando les adelant\u00f3 que se iban a mandar a la Legislatura un grupo de leyes, que \u201ciban a significar el desguace de la provincia, que la iban a detonar y as\u00ed asfixiar a un gobierno elegido por el pueblo\u2026\u201d.<\/h3>\n<h3>Por supuesto, lo menos que le dijeron a Leyes sus ex compa\u00f1eros fue tr\u00e1nsfuga. Muchos prometieron boxearlo&#8230;<\/h3>\n<h3 style=\"text-align: center;\">\u2026\u2026\u2026\u2026\u2026\u2026..<\/h3>\n<h3><span style=\"color: #0000ff;\"><strong>Armando el 2025<\/strong>.<\/span> Nadie duda que <strong>Bartolo Abdala<\/strong>, ser\u00e1 el hombre fuerte del armado presidencial en San Luis. En este sentido, el presidente provisional del Senado ya se encuentra trabajando ideas con miras a las elecciones del a\u00f1o pr\u00f3ximo en la provincia. Est\u00e1n en juego tres bancas de diputado nacional y de mantenerse Milei en los \u00edndices de aceptaci\u00f3n actuales (55\/60%), los libertarios podr\u00edan alcanzar un holgado triunfo y quedarse con dos esca\u00f1os.<\/h3>\n<h3>Este s\u00e1bado habr\u00e1 tres encuentros de adherentes libertarios en varias localidades del interior. Abdala, quien por estos d\u00edas es t\u00e9cnicamente vicepresidente de la naci\u00f3n porque <strong>Victoria Villarruel<\/strong> reemplaza en el Ejecutivo a <strong>Javier Milei<\/strong>, no podr\u00e1 estar presente porque el domingo asistir\u00e1 a la exposici\u00f3n de la Sociedad Rural. No obstante, encomend\u00f3 al diputado nacional <strong>Carlos D&#8217;Alessandro<\/strong> para que participe y lleve adelante los m\u00edtines.<\/h3>\n<!--[if lt IE 9]><script>document.createElement('video');<\/script><![endif]-->\n\t<div class=\"wp-playlist wp-video-playlist wp-playlist-light\">\n\t\t<video controls=\"controls\" preload=\"none\" width=\"618\"\n\t\t height=\"1092\"\t><\/video>\n\t<div class=\"wp-playlist-next\"><\/div>\n\t<div class=\"wp-playlist-prev\"><\/div>\n\t<noscript>\n\t<ol>\n\t\t<li><a href='https:\/\/apuntesdesanluis.com\/wp-content\/uploads\/2024\/07\/abdala.mp4'>abdala<\/a><\/li>\t<\/ol>\n\t<\/noscript>\n\t<script type=\"application\/json\" class=\"wp-playlist-script\">{\"type\":\"video\",\"tracklist\":true,\"tracknumbers\":true,\"images\":true,\"artists\":true,\"tracks\":[{\"src\":\"https:\\\/\\\/apuntesdesanluis.com\\\/wp-content\\\/uploads\\\/2024\\\/07\\\/abdala.mp4\",\"type\":\"video\\\/mp4\",\"title\":\"abdala\",\"caption\":\"\",\"description\":\"\",\"meta\":{\"length_formatted\":\"0:43\"},\"dimensions\":{\"original\":{\"width\":480,\"height\":848},\"resized\":{\"width\":618,\"height\":1092}},\"image\":{\"src\":\"https:\\\/\\\/apuntesdesanluis.com\\\/wp-includes\\\/images\\\/media\\\/video.svg\",\"width\":48,\"height\":64},\"thumb\":{\"src\":\"https:\\\/\\\/apuntesdesanluis.com\\\/wp-includes\\\/images\\\/media\\\/video.svg\",\"width\":48,\"height\":64}}]}<\/script>\n<\/div>\n\t\n<h3>La intenci\u00f3n de Abdala es presentar listas en los nueve departamentos en 2025, y \u201cponer toda la carne en el asador\u201d en el 2027, a\u00f1o en que anhela convertirse en gobernador de San Luis.<\/h3>\n<h3 style=\"text-align: center;\">\u2026\u2026\u2026\u2026\u2026\u2026..<\/h3>\n<h3><span style=\"color: #0000ff;\"><strong>\u201cNada que ver\u201d.<\/strong><\/span> Con respecto al armado libertario, una versi\u00f3n que circula en forma insistente da cuenta de un supuesto acuerdo para llevar como candidata a diputada nacional de la LLA a la esposa de Adolfo Rodr\u00edguez Sa\u00e1. <strong>Apuntes de San Luis<\/strong> consult\u00f3 a un allegado a <strong>Bartolom\u00e9 Abdala<\/strong>, para saber cu\u00e1nto de cierto hay en este rumor.<\/h3>\n<h3>&#8211; Nada que ver. Bartolo respeta al Adolfo, pero nada m\u00e1s. Est\u00e1 armando estructura con gente propia. Lo que pregunt\u00e1s es una operaci\u00f3n berreta de algunos sectores.<\/h3>\n<h3><strong>&#8211; Puede ser, pero como Villarruel visit\u00f3 San Luis y fue a cenar con Adolfo, muchos empezaron a pensar que podr\u00eda darse que Gisela encabece la boleta de candidatos a diputados nacionales. Y despu\u00e9s Adolfo fue a la firma del pacto de mayo (firmado en julio)&#8230;.<\/strong><\/h3>\n<p><img decoding=\"async\" class=\"wp-image-19922 aligncenter\" src=\"https:\/\/apuntesdesanluis.com\/wp-content\/uploads\/2024\/07\/adolfo-y-villarruel-300x166.png\" alt=\"\" width=\"649\" height=\"359\" srcset=\"https:\/\/apuntesdesanluis.com\/wp-content\/uploads\/2024\/07\/adolfo-y-villarruel-300x166.png 300w, https:\/\/apuntesdesanluis.com\/wp-content\/uploads\/2024\/07\/adolfo-y-villarruel.png 713w\" sizes=\"(max-width: 649px) 100vw, 649px\" \/><\/p>\n<h3>&#8211; Olvidate, \u00bfno lo conoc\u00e9s a Bartolo? \u00bfTe parece que lleg\u00f3 a d\u00f3nde lleg\u00f3 porque es boludo? Mir\u00e1 si va a rifar su capital pol\u00edtico regalando candidaturas, cuando puede ganar. Los candidatos van a ser libertarios de pura sangre y los va a poner \u00e9l. Ser\u00e1n propios y de su confianza.<\/h3>\n<h3><strong>&#8211; \u00bfYa barajan alg\u00fan nombre?<\/strong><\/h3>\n<h3>&#8211; Ehh par\u00e1, todav\u00eda es muy prematuro. Reci\u00e9n se est\u00e1 conversando. Pero te adelanto que podr\u00eda encabezar un comerciante de Villa Mercedes con excelente imagen, ligado a la cultura y el deporte.<\/h3>\n<h3 style=\"text-align: center;\">\u2026\u2026\u2026\u2026\u2026\u2026..<strong>\u00a0<\/strong><\/h3>\n<h3><span style=\"color: #0000ff;\"><strong>Poggi y las pr\u00f3ximas elecciones<\/strong>.<\/span> En el entorno del gobernador sus principales laderos a\u00fan desconocen c\u00f3mo delinear\u00e1 la estrategia electoral. En gran medida, est\u00e1n m\u00e1s preocupados por el d\u00eda a d\u00eda de la gesti\u00f3n que en trazar un horizonte electoral claro hacia 2025.<\/h3>\n<p><img decoding=\"async\" class=\"wp-image-19923 aligncenter\" src=\"https:\/\/apuntesdesanluis.com\/wp-content\/uploads\/2024\/07\/poggi-10-300x204.png\" alt=\"\" width=\"631\" height=\"429\" srcset=\"https:\/\/apuntesdesanluis.com\/wp-content\/uploads\/2024\/07\/poggi-10-300x204.png 300w, https:\/\/apuntesdesanluis.com\/wp-content\/uploads\/2024\/07\/poggi-10.png 600w\" sizes=\"(max-width: 631px) 100vw, 631px\" \/><\/p>\n<h3>Por de pronto, en la Legislatura se aprobaron dos reformas: la de la <strong>Constituci\u00f3n Provincia<\/strong>l y la del <strong>sistema electoral<\/strong>. La primera ya se archiv\u00f3 hasta 2026. La segunda todav\u00eda no arranca. El primer paso ser\u00eda la conformaci\u00f3n de una comisi\u00f3n para llevar adelante el di\u00e1logo pol\u00edtico, pero tampoco se avanz\u00f3 en esta cuesti\u00f3n.<\/h3>\n<h3>&#8211; Si no se convoca en las pr\u00f3ximas semanas, ser\u00e1 muy dif\u00edcil que se reforme nada el a\u00f1o pr\u00f3ximo, que es un a\u00f1o electoral, reconoci\u00f3 un dirigente cercano al vicegobernador <strong>Ricardo Endeiza<\/strong>.<\/h3>\n<h3><strong>&#8211; \u00bfPero entonces quedar\u00e1 la misma ley de lemas que ustedes tanto cuestionaron?<\/strong><\/h3>\n<h3>&#8211; No, por ah\u00ed se elimina, pero se aprueba otro sistema.<\/h3>\n<h3><strong>&#8211; \u00bfY en qu\u00e9 quedaron las gestiones para implementar el voto electr\u00f3nico?<\/strong><\/h3>\n<h3>&#8211; En eso, gestiones. Hoy te dir\u00eda que la idea que m\u00e1s fuerza gana es la de la boleta \u00fanica, como tiene Santa Fe.<\/h3>\n<h3 style=\"text-align: center;\">\u2026\u2026\u2026\u2026\u2026\u2026..<\/h3>\n<h3><strong><span style=\"color: #0000ff;\">Consenso.<\/span> <\/strong>Hacia fin de a\u00f1o la <strong>Uni\u00f3n C\u00edvica Radical<\/strong> tiene previsto renovar autoridades. En la actualidad no se observan demasiadas pujas en este espacio, que aparece integrado en la coalici\u00f3n gobernante y sin un rumbo claro en t\u00e9rminos partidarios. Consultas efectuadas entre los principales dirigentes permiten avizorar que habr\u00eda un relativo consenso en propiciar la continuidad del intendente de Merlo, <strong>Juan \u00c1lvarez Pinto<\/strong>, al frente de la conducci\u00f3n.<\/h3>\n<h3><img loading=\"lazy\" decoding=\"async\" class=\"wp-image-19924 aligncenter\" src=\"https:\/\/apuntesdesanluis.com\/wp-content\/uploads\/2024\/07\/alvarez-pinto-1-300x280.png\" alt=\"\" width=\"565\" height=\"527\" srcset=\"https:\/\/apuntesdesanluis.com\/wp-content\/uploads\/2024\/07\/alvarez-pinto-1-300x280.png 300w, https:\/\/apuntesdesanluis.com\/wp-content\/uploads\/2024\/07\/alvarez-pinto-1.png 667w\" sizes=\"(max-width: 565px) 100vw, 565px\" \/><\/h3>\n<h3>Apenas quedan algunas dudas en torno del sector que encabeza el ex Secretario de Provincias <strong>Walter Ceballos<\/strong>, quien no descarta la confrontaci\u00f3n si no se llega a un acuerdo amplio en la distribuci\u00f3n de los espacios de poder.<\/h3>\n<h3 style=\"text-align: center;\">\u2026\u2026\u2026\u2026\u2026\u2026..<\/h3>\n<h3><span style=\"color: #0000ff;\"><strong>\u201cEl radicalismo va a desaparecer\u201d.<\/strong><\/span> La frase resume el estado de \u00e1nimo que envuelve a buena parte de los afiliados de este importante partido. No lo dijo cualquiera, sino el ex presidente del Colegio de Abogados, <strong>Gustavo Otegui<\/strong>. Entrevistado por el periodista <strong>Fito Carranza<\/strong>, el conocido abogado agreg\u00f3 sin anestesia: <em><strong>\u201cHay dirigentes de nuestro partido que est\u00e1n trabajando para que el radicalismo desaparezca\u201d<\/strong><\/em>, acus\u00f3.<\/h3>\n<div class=\"wp-playlist wp-video-playlist wp-playlist-light\">\n\t\t<video controls=\"controls\" preload=\"none\" width=\"618\"\n\t\t height=\"692\"\t><\/video>\n\t<div class=\"wp-playlist-next\"><\/div>\n\t<div class=\"wp-playlist-prev\"><\/div>\n\t<noscript>\n\t<ol>\n\t\t<li><a href='https:\/\/apuntesdesanluis.com\/wp-content\/uploads\/2024\/07\/Otegui-1.mp4'>Otegui 1<\/a><\/li>\t<\/ol>\n\t<\/noscript>\n\t<script type=\"application\/json\" class=\"wp-playlist-script\">{\"type\":\"video\",\"tracklist\":true,\"tracknumbers\":true,\"images\":true,\"artists\":true,\"tracks\":[{\"src\":\"https:\\\/\\\/apuntesdesanluis.com\\\/wp-content\\\/uploads\\\/2024\\\/07\\\/Otegui-1.mp4\",\"type\":\"video\\\/mp4\",\"title\":\"Otegui 1\",\"caption\":\"\",\"description\":\"\",\"meta\":{\"length_formatted\":\"0:39\"},\"dimensions\":{\"original\":{\"width\":434,\"height\":486},\"resized\":{\"width\":618,\"height\":692}},\"image\":{\"src\":\"https:\\\/\\\/apuntesdesanluis.com\\\/wp-includes\\\/images\\\/media\\\/video.svg\",\"width\":48,\"height\":64},\"thumb\":{\"src\":\"https:\\\/\\\/apuntesdesanluis.com\\\/wp-includes\\\/images\\\/media\\\/video.svg\",\"width\":48,\"height\":64}}]}<\/script>\n<\/div>\n\t\n<h3>Agreg\u00f3 con cierto pesar que ante esta situaci\u00f3n, se est\u00e1 replanteando seriamente abandonar su pertenencia partidaria. Dur\u00edsimo.<\/h3>\n<div class=\"wp-playlist wp-video-playlist wp-playlist-light\">\n\t\t<video controls=\"controls\" preload=\"none\" width=\"618\"\n\t\t height=\"692\"\t><\/video>\n\t<div class=\"wp-playlist-next\"><\/div>\n\t<div class=\"wp-playlist-prev\"><\/div>\n\t<noscript>\n\t<ol>\n\t\t<li><a href='https:\/\/apuntesdesanluis.com\/wp-content\/uploads\/2024\/07\/Otegui-2.mp4'>Otegui 2<\/a><\/li>\t<\/ol>\n\t<\/noscript>\n\t<script type=\"application\/json\" class=\"wp-playlist-script\">{\"type\":\"video\",\"tracklist\":true,\"tracknumbers\":true,\"images\":true,\"artists\":true,\"tracks\":[{\"src\":\"https:\\\/\\\/apuntesdesanluis.com\\\/wp-content\\\/uploads\\\/2024\\\/07\\\/Otegui-2.mp4\",\"type\":\"video\\\/mp4\",\"title\":\"Otegui 2\",\"caption\":\"\",\"description\":\"\",\"meta\":{\"length_formatted\":\"0:55\"},\"dimensions\":{\"original\":{\"width\":434,\"height\":486},\"resized\":{\"width\":618,\"height\":692}},\"image\":{\"src\":\"https:\\\/\\\/apuntesdesanluis.com\\\/wp-includes\\\/images\\\/media\\\/video.svg\",\"width\":48,\"height\":64},\"thumb\":{\"src\":\"https:\\\/\\\/apuntesdesanluis.com\\\/wp-includes\\\/images\\\/media\\\/video.svg\",\"width\":48,\"height\":64}}]}<\/script>\n<\/div>\n\t\n<h3 style=\"text-align: center;\">\u2026\u2026\u2026\u2026\u2026\u2026..<\/h3>\n<h3><span style=\"color: #0000ff;\"><strong>Freixes teme ir preso<\/strong>.<\/span> El condenado ex ministro de la Legalidad de Alberto Rodr\u00edguez Sa\u00e1, por el esc\u00e1ndalo de la renuncia anticipada de los jueces, est\u00e1 m\u00e1s que preocupado. \u00cdntimamente, <strong>Sergio Freixes<\/strong> sospecha que el gobierno lo quiere meter preso.<\/h3>\n<h3><img loading=\"lazy\" decoding=\"async\" class=\"wp-image-19927 aligncenter\" src=\"https:\/\/apuntesdesanluis.com\/wp-content\/uploads\/2024\/07\/freixes-300x198.png\" alt=\"\" width=\"642\" height=\"424\" srcset=\"https:\/\/apuntesdesanluis.com\/wp-content\/uploads\/2024\/07\/freixes-300x198.png 300w, https:\/\/apuntesdesanluis.com\/wp-content\/uploads\/2024\/07\/freixes.png 619w\" sizes=\"(max-width: 642px) 100vw, 642px\" \/><\/h3>\n<h3><em><strong>\u201cSe la pasan repitiendo la noticia del pueblo Ranquel y diciendo un mont\u00f3n de mentiras sobre que rob\u00e9 y todo eso. No han podido demostrar nada porque es mentira. Si me quieren encarcelar, te juro que voy a Terrazas y que se agarre Poggi\u201d<\/strong><\/em>, le dijo a un adherente de Avanzar en tono amenazante.<\/h3>\n<h3>Las malas noticias no termiman all\u00ed para el ex hombre fuerte del sur. Tambi\u00e9n su hijo, <strong>Francis Emanuel<\/strong>, cay\u00f3 en desgracia, toda vez que el Superior Tribunal de Justicia dej\u00f3 firme la condena (leve por cierto) a dos a\u00f1os y seis meses de prisi\u00f3n en suspenso, e inhabilitaci\u00f3n para conducir veh\u00edculos por cinco a\u00f1os, por el homicidio culposo en accidente de tr\u00e1nsito que le cost\u00f3 la vida al trabajador municipal de la localidad de Fortuna,\u00a0<strong>Domingo Hugo Barroso<\/strong>.<\/h3>\n<h3 style=\"text-align: center;\">\u2026\u2026\u2026\u2026\u2026\u2026..<\/h3>\n<h3><span style=\"color: #3366ff;\"><strong>Frontera y sus opciones<\/strong>.<\/span> En el arco pol\u00edtico provincial no deja de analizarse qu\u00e9 har\u00e1 en el futuro cercano el intendente <strong>Maximiliano Frontera<\/strong>, quien no puede ser reelecto. Por el momento, hace un notable equilibrio: soporta con estoicismo los cascotazos que le arroja diariamente El Editor, pero no rompe. Por otro, preserva sus buenas relaciones con <strong>Claudio Poggi<\/strong>, dado que le restan casi tres a\u00f1os de gobierno.<\/h3>\n<h3>Las opciones que le aparecen son dos: 1) Acumular poder propio y dar batalla por la conducci\u00f3n del PJ a fin de a\u00f1o; 2) Armar su propio espacio pol\u00edtico y configurar su propio destino.<\/h3>\n<h3><img loading=\"lazy\" decoding=\"async\" class=\"wp-image-19928 aligncenter\" src=\"https:\/\/apuntesdesanluis.com\/wp-content\/uploads\/2024\/07\/toti-y-maxi-300x181.png\" alt=\"\" width=\"562\" height=\"339\" srcset=\"https:\/\/apuntesdesanluis.com\/wp-content\/uploads\/2024\/07\/toti-y-maxi-300x181.png 300w, https:\/\/apuntesdesanluis.com\/wp-content\/uploads\/2024\/07\/toti-y-maxi.png 600w\" sizes=\"(max-width: 562px) 100vw, 562px\" \/><\/h3>\n<h3>Para colmo, desde Terrazas han comenzado a recelarlo y a mirarlo con desconfianza, a partir de la visita que le hizo al intendente de Juana koslay, <strong>Toti Videla<\/strong> y, meses despu\u00e9s, cuando ambos asistieron juntos a conocer la nueva Cl\u00ednica Aconcagua en San Luis. La juntada de los dos intendentes con mejor imagen de la oposici\u00f3n no le hace ninguna gracia al entorno de Poggi.<\/h3>\n<h3 style=\"text-align: center;\">\u2026\u2026\u2026\u2026\u2026\u2026..<\/h3>\n<h3><span style=\"color: #3366ff;\"><strong>Intriga.<\/strong> <\/span>En el mundillo pol\u00edtico muchos siguen de cerca las movidas que efect\u00faa el dirigente libertario <strong>Rodolfo Negri<\/strong>, quien fluct\u00faa entre la pol\u00edtica y sus inversiones. Por caso, la inauguraci\u00f3n el 11 de julio de los consultorios de Cl\u00ednica Aconcagua en San Luis, ocasi\u00f3n a la que asisti\u00f3 el gobernador Claudio Poggi.<\/h3>\n<h3><img loading=\"lazy\" decoding=\"async\" class=\"wp-image-19930 aligncenter\" src=\"https:\/\/apuntesdesanluis.com\/wp-content\/uploads\/2024\/07\/negri-300x237.jpg\" alt=\"\" width=\"582\" height=\"460\" srcset=\"https:\/\/apuntesdesanluis.com\/wp-content\/uploads\/2024\/07\/negri-300x237.jpg 300w, https:\/\/apuntesdesanluis.com\/wp-content\/uploads\/2024\/07\/negri.jpg 667w\" sizes=\"(max-width: 582px) 100vw, 582px\" \/><\/h3>\n<h3>No satisfecho con ello, el actual secretario parlamentario del Bloque de Senadores Nacionales de La Libertad Avanza adelant\u00f3 que en los pr\u00f3ximos meses inaugurar\u00e1 en Villa Mercedes una especie de parque tem\u00e1tico o centro de vida sana, \u00fanico en su tipo en la provincia, que podr\u00eda transformarse en una gran atracci\u00f3n tur\u00edstica en el centro del pa\u00eds. Trascendi\u00f3 que a la inauguraci\u00f3n podr\u00edan asistir autoridades nacionales de primer nivel.<\/h3>\n<h3><strong>&#8211; Mir\u00e1, va a invitar desde el Papa hasta Milei, los contactos los tiene. Lo va a transformar en un hecho pol\u00edtico,<\/strong> dijo un dirigente peronista con cierto dejo de envidia y admiraci\u00f3n.<\/h3>\n<p><img loading=\"lazy\" decoding=\"async\" class=\"wp-image-19931 aligncenter\" src=\"https:\/\/apuntesdesanluis.com\/wp-content\/uploads\/2024\/07\/aconcagua-300x218.jpg\" alt=\"\" width=\"593\" height=\"431\" srcset=\"https:\/\/apuntesdesanluis.com\/wp-content\/uploads\/2024\/07\/aconcagua-300x218.jpg 300w, https:\/\/apuntesdesanluis.com\/wp-content\/uploads\/2024\/07\/aconcagua.jpg 550w\" sizes=\"(max-width: 593px) 100vw, 593px\" \/><\/p>\n<h3 style=\"text-align: center;\">\u2026\u2026\u2026\u2026\u2026\u2026..<\/h3>\n<h3><span style=\"color: #3366ff;\"><strong>\u00bfOperador pol\u00edtico?.<\/strong> <\/span>Parece que volvi\u00f3 a las pistas el ex vicegobernador <strong>Eduardo Mones Ruiz<\/strong>. Fue visto recorriendo localidades de los departamentos Chacabuco y Jun\u00edn, para tomar contacto con dirigentes peronistas descontentos. Cuentan que a todos les comenta la necesidad de renovar el PJ y apostar al \u201ctrasvasamiento generacional\u201d, apoyando el liderazgo de <strong>Maxi Frontera<\/strong>.<\/h3>\n<h3><img loading=\"lazy\" decoding=\"async\" class=\"wp-image-19929 aligncenter\" src=\"https:\/\/apuntesdesanluis.com\/wp-content\/uploads\/2024\/07\/mones-ruiz-y-aguilar-300x152.png\" alt=\"\" width=\"616\" height=\"312\" srcset=\"https:\/\/apuntesdesanluis.com\/wp-content\/uploads\/2024\/07\/mones-ruiz-y-aguilar-300x152.png 300w, https:\/\/apuntesdesanluis.com\/wp-content\/uploads\/2024\/07\/mones-ruiz-y-aguilar-768x390.png 768w, https:\/\/apuntesdesanluis.com\/wp-content\/uploads\/2024\/07\/mones-ruiz-y-aguilar.png 910w\" sizes=\"(max-width: 616px) 100vw, 616px\" \/><\/h3>\n<h4 style=\"text-align: center;\"><em>Eduardo Mones Ruiz y Walter Aguilar.<\/em><\/h4>\n<h3>Por supuesto su gira lleg\u00f3 a o\u00eddos de la dirigencia pejotista, que lo odia. El m\u00e1s molesto ser\u00eda el diputado <strong>Walter Aguilar<\/strong>, quien tambi\u00e9n se propone para el recambio. Mientras tanto, por lo que habr\u00eda dicho a su entorno, el ex gobernador <strong>Alberto Rodr\u00edguez Sa\u00e1<\/strong> conf\u00eda m\u00e1s en <strong>Ernesto \u201cPipi\u201d Al\u00ed<\/strong> para esa tarea, a quien le reconoce ser \u201corg\u00e1nico y leal\u201d, virtudes de las que carecer\u00eda el legislador tambi\u00e9n oriundo de La Toma, pero que reside en Villa Mrcedes.<\/h3>\n<p>&nbsp;<\/p>\n<p>&nbsp;<\/p>\n<p>&nbsp;<\/p>\n<p>&nbsp;<\/p>\n<p>&nbsp;<\/p>\n<p>&nbsp;<\/p>\n","protected":false},"excerpt":{"rendered":"<p>Toda la centralidad pol\u00edtica en el \u00e1mbito provincial est\u00e1 dominada y atravesada por la gesti\u00f3n&#8230;<\/p>\n","protected":false},"author":1,"featured_media":19933,"comment_status":"closed","ping_status":"closed","sticky":false,"template":"","format":"standard","meta":{"footnotes":""},"categories":[9],"tags":[],"class_list":["post-19919","post","type-post","status-publish","format-standard","has-post-thumbnail","hentry","category-opinion"],"yoast_head":"<!-- This site is optimized with the Yoast SEO plugin v26.1.1 - https:\/\/yoast.com\/wordpress\/plugins\/seo\/ -->\n<title>K-N-V-L-CHE - Apuntes de San Luis<\/title>\n<meta name=\"robots\" content=\"index, follow, max-snippet:-1, max-image-preview:large, max-video-preview:-1\" \/>\n<link rel=\"canonical\" href=\"https:\/\/apuntesdesanluis.com\/index.php\/2024\/07\/27\/k-n-v-l-che\/\" \/>\n<meta property=\"og:locale\" content=\"es_ES\" \/>\n<meta property=\"og:type\" content=\"article\" \/>\n<meta property=\"og:title\" content=\"K-N-V-L-CHE - Apuntes de San Luis\" \/>\n<meta property=\"og:description\" content=\"Toda la centralidad pol\u00edtica en el \u00e1mbito provincial est\u00e1 dominada y atravesada por la gesti\u00f3n...\" \/>\n<meta property=\"og:url\" content=\"https:\/\/apuntesdesanluis.com\/index.php\/2024\/07\/27\/k-n-v-l-che\/\" \/>\n<meta property=\"og:site_name\" content=\"Apuntes de San Luis\" \/>\n<meta property=\"article:published_time\" content=\"2024-07-27T03:49:46+00:00\" \/>\n<meta property=\"article:modified_time\" content=\"2024-07-27T20:30:48+00:00\" \/>\n<meta property=\"og:image\" content=\"https:\/\/apuntesdesanluis.com\/wp-content\/uploads\/2024\/07\/milei-4.png\" \/>\n\t<meta property=\"og:image:width\" content=\"600\" \/>\n\t<meta property=\"og:image:height\" content=\"381\" \/>\n\t<meta property=\"og:image:type\" content=\"image\/png\" \/>\n<meta name=\"author\" content=\"apuntesdesanluis.com\" \/>\n<meta name=\"twitter:card\" content=\"summary_large_image\" \/>\n<meta name=\"twitter:label1\" content=\"Escrito por\" \/>\n\t<meta name=\"twitter:data1\" content=\"apuntesdesanluis.com\" \/>\n\t<meta name=\"twitter:label2\" content=\"Tiempo de lectura\" \/>\n\t<meta name=\"twitter:data2\" content=\"12 minutos\" \/>\n<script type=\"application\/ld+json\" class=\"yoast-schema-graph\">{\"@context\":\"https:\/\/schema.org\",\"@graph\":[{\"@type\":\"Article\",\"@id\":\"https:\/\/apuntesdesanluis.com\/index.php\/2024\/07\/27\/k-n-v-l-che\/#article\",\"isPartOf\":{\"@id\":\"https:\/\/apuntesdesanluis.com\/index.php\/2024\/07\/27\/k-n-v-l-che\/\"},\"author\":{\"name\":\"apuntesdesanluis.com\",\"@id\":\"https:\/\/apuntesdesanluis.com\/#\/schema\/person\/b55151d52296fcce64d1a72538a70b90\"},\"headline\":\"K-N-V-L-CHE\",\"datePublished\":\"2024-07-27T03:49:46+00:00\",\"dateModified\":\"2024-07-27T20:30:48+00:00\",\"mainEntityOfPage\":{\"@id\":\"https:\/\/apuntesdesanluis.com\/index.php\/2024\/07\/27\/k-n-v-l-che\/\"},\"wordCount\":2250,\"publisher\":{\"@id\":\"https:\/\/apuntesdesanluis.com\/#\/schema\/person\/b55151d52296fcce64d1a72538a70b90\"},\"image\":{\"@id\":\"https:\/\/apuntesdesanluis.com\/index.php\/2024\/07\/27\/k-n-v-l-che\/#primaryimage\"},\"thumbnailUrl\":\"https:\/\/apuntesdesanluis.com\/wp-content\/uploads\/2024\/07\/milei-4.png\",\"articleSection\":[\"Opini\u00f3n\"],\"inLanguage\":\"es-AR\"},{\"@type\":\"WebPage\",\"@id\":\"https:\/\/apuntesdesanluis.com\/index.php\/2024\/07\/27\/k-n-v-l-che\/\",\"url\":\"https:\/\/apuntesdesanluis.com\/index.php\/2024\/07\/27\/k-n-v-l-che\/\",\"name\":\"K-N-V-L-CHE - Apuntes de San Luis\",\"isPartOf\":{\"@id\":\"https:\/\/apuntesdesanluis.com\/#website\"},\"primaryImageOfPage\":{\"@id\":\"https:\/\/apuntesdesanluis.com\/index.php\/2024\/07\/27\/k-n-v-l-che\/#primaryimage\"},\"image\":{\"@id\":\"https:\/\/apuntesdesanluis.com\/index.php\/2024\/07\/27\/k-n-v-l-che\/#primaryimage\"},\"thumbnailUrl\":\"https:\/\/apuntesdesanluis.com\/wp-content\/uploads\/2024\/07\/milei-4.png\",\"datePublished\":\"2024-07-27T03:49:46+00:00\",\"dateModified\":\"2024-07-27T20:30:48+00:00\",\"breadcrumb\":{\"@id\":\"https:\/\/apuntesdesanluis.com\/index.php\/2024\/07\/27\/k-n-v-l-che\/#breadcrumb\"},\"inLanguage\":\"es-AR\",\"potentialAction\":[{\"@type\":\"ReadAction\",\"target\":[\"https:\/\/apuntesdesanluis.com\/index.php\/2024\/07\/27\/k-n-v-l-che\/\"]}]},{\"@type\":\"ImageObject\",\"inLanguage\":\"es-AR\",\"@id\":\"https:\/\/apuntesdesanluis.com\/index.php\/2024\/07\/27\/k-n-v-l-che\/#primaryimage\",\"url\":\"https:\/\/apuntesdesanluis.com\/wp-content\/uploads\/2024\/07\/milei-4.png\",\"contentUrl\":\"https:\/\/apuntesdesanluis.com\/wp-content\/uploads\/2024\/07\/milei-4.png\",\"width\":600,\"height\":381},{\"@type\":\"BreadcrumbList\",\"@id\":\"https:\/\/apuntesdesanluis.com\/index.php\/2024\/07\/27\/k-n-v-l-che\/#breadcrumb\",\"itemListElement\":[{\"@type\":\"ListItem\",\"position\":1,\"name\":\"Inicio\",\"item\":\"https:\/\/apuntesdesanluis.com\/\"},{\"@type\":\"ListItem\",\"position\":2,\"name\":\"K-N-V-L-CHE\"}]},{\"@type\":\"WebSite\",\"@id\":\"https:\/\/apuntesdesanluis.com\/#website\",\"url\":\"https:\/\/apuntesdesanluis.com\/\",\"name\":\"Apuntes de San Luis\",\"description\":\"\",\"publisher\":{\"@id\":\"https:\/\/apuntesdesanluis.com\/#\/schema\/person\/b55151d52296fcce64d1a72538a70b90\"},\"potentialAction\":[{\"@type\":\"SearchAction\",\"target\":{\"@type\":\"EntryPoint\",\"urlTemplate\":\"https:\/\/apuntesdesanluis.com\/?s={search_term_string}\"},\"query-input\":{\"@type\":\"PropertyValueSpecification\",\"valueRequired\":true,\"valueName\":\"search_term_string\"}}],\"inLanguage\":\"es-AR\"},{\"@type\":[\"Person\",\"Organization\"],\"@id\":\"https:\/\/apuntesdesanluis.com\/#\/schema\/person\/b55151d52296fcce64d1a72538a70b90\",\"name\":\"apuntesdesanluis.com\",\"image\":{\"@type\":\"ImageObject\",\"inLanguage\":\"es-AR\",\"@id\":\"https:\/\/apuntesdesanluis.com\/#\/schema\/person\/image\/\",\"url\":\"https:\/\/apuntesdesanluis.com\/wp-content\/uploads\/2023\/07\/cropped-apuntesdesanluis.png\",\"contentUrl\":\"https:\/\/apuntesdesanluis.com\/wp-content\/uploads\/2023\/07\/cropped-apuntesdesanluis.png\",\"width\":450,\"height\":112,\"caption\":\"apuntesdesanluis.com\"},\"logo\":{\"@id\":\"https:\/\/apuntesdesanluis.com\/#\/schema\/person\/image\/\"},\"sameAs\":[\"https:\/\/apuntesdesanluis.com\"],\"url\":\"https:\/\/apuntesdesanluis.com\/index.php\/author\/apuntesdesanluis-com\/\"}]}<\/script>\n<!-- \/ Yoast SEO plugin. -->","yoast_head_json":{"title":"K-N-V-L-CHE - Apuntes de San Luis","robots":{"index":"index","follow":"follow","max-snippet":"max-snippet:-1","max-image-preview":"max-image-preview:large","max-video-preview":"max-video-preview:-1"},"canonical":"https:\/\/apuntesdesanluis.com\/index.php\/2024\/07\/27\/k-n-v-l-che\/","og_locale":"es_ES","og_type":"article","og_title":"K-N-V-L-CHE - Apuntes de San Luis","og_description":"Toda la centralidad pol\u00edtica en el \u00e1mbito provincial est\u00e1 dominada y atravesada por la gesti\u00f3n...","og_url":"https:\/\/apuntesdesanluis.com\/index.php\/2024\/07\/27\/k-n-v-l-che\/","og_site_name":"Apuntes de San Luis","article_published_time":"2024-07-27T03:49:46+00:00","article_modified_time":"2024-07-27T20:30:48+00:00","og_image":[{"width":600,"height":381,"url":"https:\/\/apuntesdesanluis.com\/wp-content\/uploads\/2024\/07\/milei-4.png","type":"image\/png"}],"author":"apuntesdesanluis.com","twitter_card":"summary_large_image","twitter_misc":{"Escrito por":"apuntesdesanluis.com","Tiempo de lectura":"12 minutos"},"schema":{"@context":"https:\/\/schema.org","@graph":[{"@type":"Article","@id":"https:\/\/apuntesdesanluis.com\/index.php\/2024\/07\/27\/k-n-v-l-che\/#article","isPartOf":{"@id":"https:\/\/apuntesdesanluis.com\/index.php\/2024\/07\/27\/k-n-v-l-che\/"},"author":{"name":"apuntesdesanluis.com","@id":"https:\/\/apuntesdesanluis.com\/#\/schema\/person\/b55151d52296fcce64d1a72538a70b90"},"headline":"K-N-V-L-CHE","datePublished":"2024-07-27T03:49:46+00:00","dateModified":"2024-07-27T20:30:48+00:00","mainEntityOfPage":{"@id":"https:\/\/apuntesdesanluis.com\/index.php\/2024\/07\/27\/k-n-v-l-che\/"},"wordCount":2250,"publisher":{"@id":"https:\/\/apuntesdesanluis.com\/#\/schema\/person\/b55151d52296fcce64d1a72538a70b90"},"image":{"@id":"https:\/\/apuntesdesanluis.com\/index.php\/2024\/07\/27\/k-n-v-l-che\/#primaryimage"},"thumbnailUrl":"https:\/\/apuntesdesanluis.com\/wp-content\/uploads\/2024\/07\/milei-4.png","articleSection":["Opini\u00f3n"],"inLanguage":"es-AR"},{"@type":"WebPage","@id":"https:\/\/apuntesdesanluis.com\/index.php\/2024\/07\/27\/k-n-v-l-che\/","url":"https:\/\/apuntesdesanluis.com\/index.php\/2024\/07\/27\/k-n-v-l-che\/","name":"K-N-V-L-CHE - Apuntes de San Luis","isPartOf":{"@id":"https:\/\/apuntesdesanluis.com\/#website"},"primaryImageOfPage":{"@id":"https:\/\/apuntesdesanluis.com\/index.php\/2024\/07\/27\/k-n-v-l-che\/#primaryimage"},"image":{"@id":"https:\/\/apuntesdesanluis.com\/index.php\/2024\/07\/27\/k-n-v-l-che\/#primaryimage"},"thumbnailUrl":"https:\/\/apuntesdesanluis.com\/wp-content\/uploads\/2024\/07\/milei-4.png","datePublished":"2024-07-27T03:49:46+00:00","dateModified":"2024-07-27T20:30:48+00:00","breadcrumb":{"@id":"https:\/\/apuntesdesanluis.com\/index.php\/2024\/07\/27\/k-n-v-l-che\/#breadcrumb"},"inLanguage":"es-AR","potentialAction":[{"@type":"ReadAction","target":["https:\/\/apuntesdesanluis.com\/index.php\/2024\/07\/27\/k-n-v-l-che\/"]}]},{"@type":"ImageObject","inLanguage":"es-AR","@id":"https:\/\/apuntesdesanluis.com\/index.php\/2024\/07\/27\/k-n-v-l-che\/#primaryimage","url":"https:\/\/apuntesdesanluis.com\/wp-content\/uploads\/2024\/07\/milei-4.png","contentUrl":"https:\/\/apuntesdesanluis.com\/wp-content\/uploads\/2024\/07\/milei-4.png","width":600,"height":381},{"@type":"BreadcrumbList","@id":"https:\/\/apuntesdesanluis.com\/index.php\/2024\/07\/27\/k-n-v-l-che\/#breadcrumb","itemListElement":[{"@type":"ListItem","position":1,"name":"Inicio","item":"https:\/\/apuntesdesanluis.com\/"},{"@type":"ListItem","position":2,"name":"K-N-V-L-CHE"}]},{"@type":"WebSite","@id":"https:\/\/apuntesdesanluis.com\/#website","url":"https:\/\/apuntesdesanluis.com\/","name":"Apuntes de San Luis","description":"","publisher":{"@id":"https:\/\/apuntesdesanluis.com\/#\/schema\/person\/b55151d52296fcce64d1a72538a70b90"},"potentialAction":[{"@type":"SearchAction","target":{"@type":"EntryPoint","urlTemplate":"https:\/\/apuntesdesanluis.com\/?s={search_term_string}"},"query-input":{"@type":"PropertyValueSpecification","valueRequired":true,"valueName":"search_term_string"}}],"inLanguage":"es-AR"},{"@type":["Person","Organization"],"@id":"https:\/\/apuntesdesanluis.com\/#\/schema\/person\/b55151d52296fcce64d1a72538a70b90","name":"apuntesdesanluis.com","image":{"@type":"ImageObject","inLanguage":"es-AR","@id":"https:\/\/apuntesdesanluis.com\/#\/schema\/person\/image\/","url":"https:\/\/apuntesdesanluis.com\/wp-content\/uploads\/2023\/07\/cropped-apuntesdesanluis.png","contentUrl":"https:\/\/apuntesdesanluis.com\/wp-content\/uploads\/2023\/07\/cropped-apuntesdesanluis.png","width":450,"height":112,"caption":"apuntesdesanluis.com"},"logo":{"@id":"https:\/\/apuntesdesanluis.com\/#\/schema\/person\/image\/"},"sameAs":["https:\/\/apuntesdesanluis.com"],"url":"https:\/\/apuntesdesanluis.com\/index.php\/author\/apuntesdesanluis-com\/"}]}},"featured_image_urls":{"full":["https:\/\/apuntesdesanluis.com\/wp-content\/uploads\/2024\/07\/milei-4.png",600,381,false],"thumbnail":["https:\/\/apuntesdesanluis.com\/wp-content\/uploads\/2024\/07\/milei-4-150x150.png",150,150,true],"medium":["https:\/\/apuntesdesanluis.com\/wp-content\/uploads\/2024\/07\/milei-4-300x191.png",300,191,true],"medium_large":["https:\/\/apuntesdesanluis.com\/wp-content\/uploads\/2024\/07\/milei-4.png",600,381,false],"large":["https:\/\/apuntesdesanluis.com\/wp-content\/uploads\/2024\/07\/milei-4.png",600,381,false],"1536x1536":["https:\/\/apuntesdesanluis.com\/wp-content\/uploads\/2024\/07\/milei-4.png",600,381,false],"2048x2048":["https:\/\/apuntesdesanluis.com\/wp-content\/uploads\/2024\/07\/milei-4.png",600,381,false],"newsever-slider-full":["https:\/\/apuntesdesanluis.com\/wp-content\/uploads\/2024\/07\/milei-4.png",600,381,false],"newsever-featured":["https:\/\/apuntesdesanluis.com\/wp-content\/uploads\/2024\/07\/milei-4.png",600,381,false],"newsever-medium":["https:\/\/apuntesdesanluis.com\/wp-content\/uploads\/2024\/07\/milei-4.png",600,381,false]},"author_info":{"display_name":"apuntesdesanluis.com","author_link":"https:\/\/apuntesdesanluis.com\/index.php\/author\/apuntesdesanluis-com\/"},"category_info":"<a href=\"https:\/\/apuntesdesanluis.com\/index.php\/category\/opinion\/\" rel=\"category tag\">Opini\u00f3n<\/a>","tag_info":"Opini\u00f3n","comment_count":"0","_links":{"self":[{"href":"https:\/\/apuntesdesanluis.com\/index.php\/wp-json\/wp\/v2\/posts\/19919","targetHints":{"allow":["GET"]}}],"collection":[{"href":"https:\/\/apuntesdesanluis.com\/index.php\/wp-json\/wp\/v2\/posts"}],"about":[{"href":"https:\/\/apuntesdesanluis.com\/index.php\/wp-json\/wp\/v2\/types\/post"}],"author":[{"embeddable":true,"href":"https:\/\/apuntesdesanluis.com\/index.php\/wp-json\/wp\/v2\/users\/1"}],"replies":[{"embeddable":true,"href":"https:\/\/apuntesdesanluis.com\/index.php\/wp-json\/wp\/v2\/comments?post=19919"}],"version-history":[{"count":22,"href":"https:\/\/apuntesdesanluis.com\/index.php\/wp-json\/wp\/v2\/posts\/19919\/revisions"}],"predecessor-version":[{"id":19954,"href":"https:\/\/apuntesdesanluis.com\/index.php\/wp-json\/wp\/v2\/posts\/19919\/revisions\/19954"}],"wp:featuredmedia":[{"embeddable":true,"href":"https:\/\/apuntesdesanluis.com\/index.php\/wp-json\/wp\/v2\/media\/19933"}],"wp:attachment":[{"href":"https:\/\/apuntesdesanluis.com\/index.php\/wp-json\/wp\/v2\/media?parent=19919"}],"wp:term":[{"taxonomy":"category","embeddable":true,"href":"https:\/\/apuntesdesanluis.com\/index.php\/wp-json\/wp\/v2\/categories?post=19919"},{"taxonomy":"post_tag","embeddable":true,"href":"https:\/\/apuntesdesanluis.com\/index.php\/wp-json\/wp\/v2\/tags?post=19919"}],"curies":[{"name":"wp","href":"https:\/\/api.w.org\/{rel}","templated":true}]}}