{"id":1993,"date":"2023-08-23T20:01:34","date_gmt":"2023-08-23T23:01:34","guid":{"rendered":"https:\/\/apuntesdesanluis.com\/?p=1993"},"modified":"2023-08-23T20:01:34","modified_gmt":"2023-08-23T23:01:34","slug":"incendios-forestales-relevamiento-oficial-no-detecto-focos-activos","status":"publish","type":"post","link":"https:\/\/apuntesdesanluis.com\/index.php\/2023\/08\/23\/incendios-forestales-relevamiento-oficial-no-detecto-focos-activos\/","title":{"rendered":"INCENDIOS FORESTALES: RELEVAMIENTO OFICIAL NO DETECT\u00d3 FOCOS ACTIVOS"},"content":{"rendered":"<h3>Este mi\u00e9rcoles por la ma\u00f1ana, en un recorrido de evaluaci\u00f3n, especialistas abocados al trabajo en \u00e1reas afectadas por el fuego constataron que no hay incendios activos en la zona de El Trapiche, Valle de Pancanta, Estancia Grande, Potrero de los Funes, El Volc\u00e1n y Nogol\u00ed.<\/h3>\n<h3>Seg\u00fan inform\u00f3 el Ministerio de Seguridad, el cambio de las condiciones clim\u00e1ticas como el descenso de las temperaturas, la ausencia de viento y las leves precipitaciones en la parte de la Sierra Grande de San Luis favorecieron el trabajo de Bomberos y Brigadistas en toda la zona.<\/h3>\n<h3>Si bien los especialistas no detectaron focos de incendio activos esta ma\u00f1ana, explicaron que los trabajos contin\u00faan con guardias de ceniza para asegurar que no existan posibles reactivaciones. De continuar esta situaci\u00f3n favorable, los incendios podr\u00edan declararse controlados en las pr\u00f3ximas horas.<\/h3>\n<h3>Desde el Ministerio de Seguridad informaron que este mi\u00e9rcoles por la tarde, y luego de una nueva recorrida, se emitir\u00e1 un informe de la situaci\u00f3n.<\/h3>\n","protected":false},"excerpt":{"rendered":"<p>Este mi\u00e9rcoles por la ma\u00f1ana, en un recorrido de evaluaci\u00f3n, especialistas abocados al trabajo en&#8230;<\/p>\n","protected":false},"author":1,"featured_media":1994,"comment_status":"closed","ping_status":"closed","sticky":false,"template":"","format":"standard","meta":{"footnotes":""},"categories":[6],"tags":[],"class_list":["post-1993","post","type-post","status-publish","format-standard","has-post-thumbnail","hentry","category-ciudad-provincia"],"yoast_head":"<!-- This site is optimized with the Yoast SEO plugin v26.1.1 - https:\/\/yoast.com\/wordpress\/plugins\/seo\/ -->\n<title>INCENDIOS FORESTALES: RELEVAMIENTO OFICIAL NO DETECT\u00d3 FOCOS ACTIVOS - Apuntes de San Luis<\/title>\n<meta name=\"robots\" content=\"index, follow, max-snippet:-1, max-image-preview:large, max-video-preview:-1\" \/>\n<link rel=\"canonical\" href=\"https:\/\/apuntesdesanluis.com\/index.php\/2023\/08\/23\/incendios-forestales-relevamiento-oficial-no-detecto-focos-activos\/\" \/>\n<meta property=\"og:locale\" content=\"es_ES\" \/>\n<meta property=\"og:type\" content=\"article\" \/>\n<meta property=\"og:title\" content=\"INCENDIOS FORESTALES: RELEVAMIENTO OFICIAL NO DETECT\u00d3 FOCOS ACTIVOS - Apuntes de San Luis\" \/>\n<meta property=\"og:description\" content=\"Este mi\u00e9rcoles por la ma\u00f1ana, en un recorrido de evaluaci\u00f3n, especialistas abocados al trabajo en...\" \/>\n<meta property=\"og:url\" content=\"https:\/\/apuntesdesanluis.com\/index.php\/2023\/08\/23\/incendios-forestales-relevamiento-oficial-no-detecto-focos-activos\/\" \/>\n<meta property=\"og:site_name\" content=\"Apuntes de San Luis\" \/>\n<meta property=\"article:published_time\" content=\"2023-08-23T23:01:34+00:00\" \/>\n<meta property=\"og:image\" content=\"https:\/\/apuntesdesanluis.com\/wp-content\/uploads\/2023\/08\/foto-aerea.png\" \/>\n\t<meta property=\"og:image:width\" content=\"600\" \/>\n\t<meta property=\"og:image:height\" content=\"382\" \/>\n\t<meta property=\"og:image:type\" content=\"image\/png\" \/>\n<meta name=\"author\" content=\"apuntesdesanluis.com\" \/>\n<meta name=\"twitter:card\" content=\"summary_large_image\" \/>\n<meta name=\"twitter:label1\" content=\"Escrito por\" \/>\n\t<meta name=\"twitter:data1\" content=\"apuntesdesanluis.com\" \/>\n\t<meta name=\"twitter:label2\" content=\"Tiempo de lectura\" \/>\n\t<meta name=\"twitter:data2\" content=\"1 minuto\" \/>\n<script type=\"application\/ld+json\" class=\"yoast-schema-graph\">{\"@context\":\"https:\/\/schema.org\",\"@graph\":[{\"@type\":\"Article\",\"@id\":\"https:\/\/apuntesdesanluis.com\/index.php\/2023\/08\/23\/incendios-forestales-relevamiento-oficial-no-detecto-focos-activos\/#article\",\"isPartOf\":{\"@id\":\"https:\/\/apuntesdesanluis.com\/index.php\/2023\/08\/23\/incendios-forestales-relevamiento-oficial-no-detecto-focos-activos\/\"},\"author\":{\"name\":\"apuntesdesanluis.com\",\"@id\":\"https:\/\/apuntesdesanluis.com\/#\/schema\/person\/b55151d52296fcce64d1a72538a70b90\"},\"headline\":\"INCENDIOS FORESTALES: RELEVAMIENTO OFICIAL NO DETECT\u00d3 FOCOS ACTIVOS\",\"datePublished\":\"2023-08-23T23:01:34+00:00\",\"mainEntityOfPage\":{\"@id\":\"https:\/\/apuntesdesanluis.com\/index.php\/2023\/08\/23\/incendios-forestales-relevamiento-oficial-no-detecto-focos-activos\/\"},\"wordCount\":180,\"publisher\":{\"@id\":\"https:\/\/apuntesdesanluis.com\/#\/schema\/person\/b55151d52296fcce64d1a72538a70b90\"},\"image\":{\"@id\":\"https:\/\/apuntesdesanluis.com\/index.php\/2023\/08\/23\/incendios-forestales-relevamiento-oficial-no-detecto-focos-activos\/#primaryimage\"},\"thumbnailUrl\":\"https:\/\/apuntesdesanluis.com\/wp-content\/uploads\/2023\/08\/foto-aerea.png\",\"articleSection\":[\"Ciudad\/Provincia\"],\"inLanguage\":\"es-AR\"},{\"@type\":\"WebPage\",\"@id\":\"https:\/\/apuntesdesanluis.com\/index.php\/2023\/08\/23\/incendios-forestales-relevamiento-oficial-no-detecto-focos-activos\/\",\"url\":\"https:\/\/apuntesdesanluis.com\/index.php\/2023\/08\/23\/incendios-forestales-relevamiento-oficial-no-detecto-focos-activos\/\",\"name\":\"INCENDIOS FORESTALES: RELEVAMIENTO OFICIAL NO DETECT\u00d3 FOCOS ACTIVOS - Apuntes de San Luis\",\"isPartOf\":{\"@id\":\"https:\/\/apuntesdesanluis.com\/#website\"},\"primaryImageOfPage\":{\"@id\":\"https:\/\/apuntesdesanluis.com\/index.php\/2023\/08\/23\/incendios-forestales-relevamiento-oficial-no-detecto-focos-activos\/#primaryimage\"},\"image\":{\"@id\":\"https:\/\/apuntesdesanluis.com\/index.php\/2023\/08\/23\/incendios-forestales-relevamiento-oficial-no-detecto-focos-activos\/#primaryimage\"},\"thumbnailUrl\":\"https:\/\/apuntesdesanluis.com\/wp-content\/uploads\/2023\/08\/foto-aerea.png\",\"datePublished\":\"2023-08-23T23:01:34+00:00\",\"breadcrumb\":{\"@id\":\"https:\/\/apuntesdesanluis.com\/index.php\/2023\/08\/23\/incendios-forestales-relevamiento-oficial-no-detecto-focos-activos\/#breadcrumb\"},\"inLanguage\":\"es-AR\",\"potentialAction\":[{\"@type\":\"ReadAction\",\"target\":[\"https:\/\/apuntesdesanluis.com\/index.php\/2023\/08\/23\/incendios-forestales-relevamiento-oficial-no-detecto-focos-activos\/\"]}]},{\"@type\":\"ImageObject\",\"inLanguage\":\"es-AR\",\"@id\":\"https:\/\/apuntesdesanluis.com\/index.php\/2023\/08\/23\/incendios-forestales-relevamiento-oficial-no-detecto-focos-activos\/#primaryimage\",\"url\":\"https:\/\/apuntesdesanluis.com\/wp-content\/uploads\/2023\/08\/foto-aerea.png\",\"contentUrl\":\"https:\/\/apuntesdesanluis.com\/wp-content\/uploads\/2023\/08\/foto-aerea.png\",\"width\":600,\"height\":382},{\"@type\":\"BreadcrumbList\",\"@id\":\"https:\/\/apuntesdesanluis.com\/index.php\/2023\/08\/23\/incendios-forestales-relevamiento-oficial-no-detecto-focos-activos\/#breadcrumb\",\"itemListElement\":[{\"@type\":\"ListItem\",\"position\":1,\"name\":\"Inicio\",\"item\":\"https:\/\/apuntesdesanluis.com\/\"},{\"@type\":\"ListItem\",\"position\":2,\"name\":\"INCENDIOS FORESTALES: RELEVAMIENTO OFICIAL NO DETECT\u00d3 FOCOS ACTIVOS\"}]},{\"@type\":\"WebSite\",\"@id\":\"https:\/\/apuntesdesanluis.com\/#website\",\"url\":\"https:\/\/apuntesdesanluis.com\/\",\"name\":\"Apuntes de San Luis\",\"description\":\"\",\"publisher\":{\"@id\":\"https:\/\/apuntesdesanluis.com\/#\/schema\/person\/b55151d52296fcce64d1a72538a70b90\"},\"potentialAction\":[{\"@type\":\"SearchAction\",\"target\":{\"@type\":\"EntryPoint\",\"urlTemplate\":\"https:\/\/apuntesdesanluis.com\/?s={search_term_string}\"},\"query-input\":{\"@type\":\"PropertyValueSpecification\",\"valueRequired\":true,\"valueName\":\"search_term_string\"}}],\"inLanguage\":\"es-AR\"},{\"@type\":[\"Person\",\"Organization\"],\"@id\":\"https:\/\/apuntesdesanluis.com\/#\/schema\/person\/b55151d52296fcce64d1a72538a70b90\",\"name\":\"apuntesdesanluis.com\",\"image\":{\"@type\":\"ImageObject\",\"inLanguage\":\"es-AR\",\"@id\":\"https:\/\/apuntesdesanluis.com\/#\/schema\/person\/image\/\",\"url\":\"https:\/\/apuntesdesanluis.com\/wp-content\/uploads\/2023\/07\/cropped-apuntesdesanluis.png\",\"contentUrl\":\"https:\/\/apuntesdesanluis.com\/wp-content\/uploads\/2023\/07\/cropped-apuntesdesanluis.png\",\"width\":450,\"height\":112,\"caption\":\"apuntesdesanluis.com\"},\"logo\":{\"@id\":\"https:\/\/apuntesdesanluis.com\/#\/schema\/person\/image\/\"},\"sameAs\":[\"https:\/\/apuntesdesanluis.com\"],\"url\":\"https:\/\/apuntesdesanluis.com\/index.php\/author\/apuntesdesanluis-com\/\"}]}<\/script>\n<!-- \/ Yoast SEO plugin. -->","yoast_head_json":{"title":"INCENDIOS FORESTALES: RELEVAMIENTO OFICIAL NO DETECT\u00d3 FOCOS ACTIVOS - Apuntes de San Luis","robots":{"index":"index","follow":"follow","max-snippet":"max-snippet:-1","max-image-preview":"max-image-preview:large","max-video-preview":"max-video-preview:-1"},"canonical":"https:\/\/apuntesdesanluis.com\/index.php\/2023\/08\/23\/incendios-forestales-relevamiento-oficial-no-detecto-focos-activos\/","og_locale":"es_ES","og_type":"article","og_title":"INCENDIOS FORESTALES: RELEVAMIENTO OFICIAL NO DETECT\u00d3 FOCOS ACTIVOS - Apuntes de San Luis","og_description":"Este mi\u00e9rcoles por la ma\u00f1ana, en un recorrido de evaluaci\u00f3n, especialistas abocados al trabajo en...","og_url":"https:\/\/apuntesdesanluis.com\/index.php\/2023\/08\/23\/incendios-forestales-relevamiento-oficial-no-detecto-focos-activos\/","og_site_name":"Apuntes de San Luis","article_published_time":"2023-08-23T23:01:34+00:00","og_image":[{"width":600,"height":382,"url":"https:\/\/apuntesdesanluis.com\/wp-content\/uploads\/2023\/08\/foto-aerea.png","type":"image\/png"}],"author":"apuntesdesanluis.com","twitter_card":"summary_large_image","twitter_misc":{"Escrito por":"apuntesdesanluis.com","Tiempo de lectura":"1 minuto"},"schema":{"@context":"https:\/\/schema.org","@graph":[{"@type":"Article","@id":"https:\/\/apuntesdesanluis.com\/index.php\/2023\/08\/23\/incendios-forestales-relevamiento-oficial-no-detecto-focos-activos\/#article","isPartOf":{"@id":"https:\/\/apuntesdesanluis.com\/index.php\/2023\/08\/23\/incendios-forestales-relevamiento-oficial-no-detecto-focos-activos\/"},"author":{"name":"apuntesdesanluis.com","@id":"https:\/\/apuntesdesanluis.com\/#\/schema\/person\/b55151d52296fcce64d1a72538a70b90"},"headline":"INCENDIOS FORESTALES: RELEVAMIENTO OFICIAL NO DETECT\u00d3 FOCOS ACTIVOS","datePublished":"2023-08-23T23:01:34+00:00","mainEntityOfPage":{"@id":"https:\/\/apuntesdesanluis.com\/index.php\/2023\/08\/23\/incendios-forestales-relevamiento-oficial-no-detecto-focos-activos\/"},"wordCount":180,"publisher":{"@id":"https:\/\/apuntesdesanluis.com\/#\/schema\/person\/b55151d52296fcce64d1a72538a70b90"},"image":{"@id":"https:\/\/apuntesdesanluis.com\/index.php\/2023\/08\/23\/incendios-forestales-relevamiento-oficial-no-detecto-focos-activos\/#primaryimage"},"thumbnailUrl":"https:\/\/apuntesdesanluis.com\/wp-content\/uploads\/2023\/08\/foto-aerea.png","articleSection":["Ciudad\/Provincia"],"inLanguage":"es-AR"},{"@type":"WebPage","@id":"https:\/\/apuntesdesanluis.com\/index.php\/2023\/08\/23\/incendios-forestales-relevamiento-oficial-no-detecto-focos-activos\/","url":"https:\/\/apuntesdesanluis.com\/index.php\/2023\/08\/23\/incendios-forestales-relevamiento-oficial-no-detecto-focos-activos\/","name":"INCENDIOS FORESTALES: RELEVAMIENTO OFICIAL NO DETECT\u00d3 FOCOS ACTIVOS - Apuntes de San Luis","isPartOf":{"@id":"https:\/\/apuntesdesanluis.com\/#website"},"primaryImageOfPage":{"@id":"https:\/\/apuntesdesanluis.com\/index.php\/2023\/08\/23\/incendios-forestales-relevamiento-oficial-no-detecto-focos-activos\/#primaryimage"},"image":{"@id":"https:\/\/apuntesdesanluis.com\/index.php\/2023\/08\/23\/incendios-forestales-relevamiento-oficial-no-detecto-focos-activos\/#primaryimage"},"thumbnailUrl":"https:\/\/apuntesdesanluis.com\/wp-content\/uploads\/2023\/08\/foto-aerea.png","datePublished":"2023-08-23T23:01:34+00:00","breadcrumb":{"@id":"https:\/\/apuntesdesanluis.com\/index.php\/2023\/08\/23\/incendios-forestales-relevamiento-oficial-no-detecto-focos-activos\/#breadcrumb"},"inLanguage":"es-AR","potentialAction":[{"@type":"ReadAction","target":["https:\/\/apuntesdesanluis.com\/index.php\/2023\/08\/23\/incendios-forestales-relevamiento-oficial-no-detecto-focos-activos\/"]}]},{"@type":"ImageObject","inLanguage":"es-AR","@id":"https:\/\/apuntesdesanluis.com\/index.php\/2023\/08\/23\/incendios-forestales-relevamiento-oficial-no-detecto-focos-activos\/#primaryimage","url":"https:\/\/apuntesdesanluis.com\/wp-content\/uploads\/2023\/08\/foto-aerea.png","contentUrl":"https:\/\/apuntesdesanluis.com\/wp-content\/uploads\/2023\/08\/foto-aerea.png","width":600,"height":382},{"@type":"BreadcrumbList","@id":"https:\/\/apuntesdesanluis.com\/index.php\/2023\/08\/23\/incendios-forestales-relevamiento-oficial-no-detecto-focos-activos\/#breadcrumb","itemListElement":[{"@type":"ListItem","position":1,"name":"Inicio","item":"https:\/\/apuntesdesanluis.com\/"},{"@type":"ListItem","position":2,"name":"INCENDIOS FORESTALES: RELEVAMIENTO OFICIAL NO DETECT\u00d3 FOCOS ACTIVOS"}]},{"@type":"WebSite","@id":"https:\/\/apuntesdesanluis.com\/#website","url":"https:\/\/apuntesdesanluis.com\/","name":"Apuntes de San Luis","description":"","publisher":{"@id":"https:\/\/apuntesdesanluis.com\/#\/schema\/person\/b55151d52296fcce64d1a72538a70b90"},"potentialAction":[{"@type":"SearchAction","target":{"@type":"EntryPoint","urlTemplate":"https:\/\/apuntesdesanluis.com\/?s={search_term_string}"},"query-input":{"@type":"PropertyValueSpecification","valueRequired":true,"valueName":"search_term_string"}}],"inLanguage":"es-AR"},{"@type":["Person","Organization"],"@id":"https:\/\/apuntesdesanluis.com\/#\/schema\/person\/b55151d52296fcce64d1a72538a70b90","name":"apuntesdesanluis.com","image":{"@type":"ImageObject","inLanguage":"es-AR","@id":"https:\/\/apuntesdesanluis.com\/#\/schema\/person\/image\/","url":"https:\/\/apuntesdesanluis.com\/wp-content\/uploads\/2023\/07\/cropped-apuntesdesanluis.png","contentUrl":"https:\/\/apuntesdesanluis.com\/wp-content\/uploads\/2023\/07\/cropped-apuntesdesanluis.png","width":450,"height":112,"caption":"apuntesdesanluis.com"},"logo":{"@id":"https:\/\/apuntesdesanluis.com\/#\/schema\/person\/image\/"},"sameAs":["https:\/\/apuntesdesanluis.com"],"url":"https:\/\/apuntesdesanluis.com\/index.php\/author\/apuntesdesanluis-com\/"}]}},"featured_image_urls":{"full":["https:\/\/apuntesdesanluis.com\/wp-content\/uploads\/2023\/08\/foto-aerea.png",600,382,false],"thumbnail":["https:\/\/apuntesdesanluis.com\/wp-content\/uploads\/2023\/08\/foto-aerea-150x150.png",150,150,true],"medium":["https:\/\/apuntesdesanluis.com\/wp-content\/uploads\/2023\/08\/foto-aerea-300x191.png",300,191,true],"medium_large":["https:\/\/apuntesdesanluis.com\/wp-content\/uploads\/2023\/08\/foto-aerea.png",600,382,false],"large":["https:\/\/apuntesdesanluis.com\/wp-content\/uploads\/2023\/08\/foto-aerea.png",600,382,false],"1536x1536":["https:\/\/apuntesdesanluis.com\/wp-content\/uploads\/2023\/08\/foto-aerea.png",600,382,false],"2048x2048":["https:\/\/apuntesdesanluis.com\/wp-content\/uploads\/2023\/08\/foto-aerea.png",600,382,false],"newsever-slider-full":["https:\/\/apuntesdesanluis.com\/wp-content\/uploads\/2023\/08\/foto-aerea.png",600,382,false],"newsever-featured":["https:\/\/apuntesdesanluis.com\/wp-content\/uploads\/2023\/08\/foto-aerea.png",600,382,false],"newsever-medium":["https:\/\/apuntesdesanluis.com\/wp-content\/uploads\/2023\/08\/foto-aerea.png",600,382,false]},"author_info":{"display_name":"apuntesdesanluis.com","author_link":"https:\/\/apuntesdesanluis.com\/index.php\/author\/apuntesdesanluis-com\/"},"category_info":"<a href=\"https:\/\/apuntesdesanluis.com\/index.php\/category\/ciudad-provincia\/\" rel=\"category tag\">Ciudad\/Provincia<\/a>","tag_info":"Ciudad\/Provincia","comment_count":"0","_links":{"self":[{"href":"https:\/\/apuntesdesanluis.com\/index.php\/wp-json\/wp\/v2\/posts\/1993","targetHints":{"allow":["GET"]}}],"collection":[{"href":"https:\/\/apuntesdesanluis.com\/index.php\/wp-json\/wp\/v2\/posts"}],"about":[{"href":"https:\/\/apuntesdesanluis.com\/index.php\/wp-json\/wp\/v2\/types\/post"}],"author":[{"embeddable":true,"href":"https:\/\/apuntesdesanluis.com\/index.php\/wp-json\/wp\/v2\/users\/1"}],"replies":[{"embeddable":true,"href":"https:\/\/apuntesdesanluis.com\/index.php\/wp-json\/wp\/v2\/comments?post=1993"}],"version-history":[{"count":1,"href":"https:\/\/apuntesdesanluis.com\/index.php\/wp-json\/wp\/v2\/posts\/1993\/revisions"}],"predecessor-version":[{"id":1995,"href":"https:\/\/apuntesdesanluis.com\/index.php\/wp-json\/wp\/v2\/posts\/1993\/revisions\/1995"}],"wp:featuredmedia":[{"embeddable":true,"href":"https:\/\/apuntesdesanluis.com\/index.php\/wp-json\/wp\/v2\/media\/1994"}],"wp:attachment":[{"href":"https:\/\/apuntesdesanluis.com\/index.php\/wp-json\/wp\/v2\/media?parent=1993"}],"wp:term":[{"taxonomy":"category","embeddable":true,"href":"https:\/\/apuntesdesanluis.com\/index.php\/wp-json\/wp\/v2\/categories?post=1993"},{"taxonomy":"post_tag","embeddable":true,"href":"https:\/\/apuntesdesanluis.com\/index.php\/wp-json\/wp\/v2\/tags?post=1993"}],"curies":[{"name":"wp","href":"https:\/\/api.w.org\/{rel}","templated":true}]}}