{"id":20003,"date":"2024-07-29T20:03:32","date_gmt":"2024-07-29T23:03:32","guid":{"rendered":"https:\/\/apuntesdesanluis.com\/?p=20003"},"modified":"2024-07-29T20:06:41","modified_gmt":"2024-07-29T23:06:41","slug":"el-objetivo-es-que-la-gente-tenga-el-titulo-de-la-vivienda","status":"publish","type":"post","link":"https:\/\/apuntesdesanluis.com\/index.php\/2024\/07\/29\/el-objetivo-es-que-la-gente-tenga-el-titulo-de-la-vivienda\/","title":{"rendered":"\u201cEL OBJETIVO ES QUE LA GENTE TENGA EL T\u00cdTULO DE LA VIVIENDA\u201d"},"content":{"rendered":"<h3>Lo afirm\u00f3 en <strong>\u201c<span style=\"color: #3366ff;\">Dejame un T\u00edtulo<\/span>\u201d,<\/strong> el Director de Vivienda y Regularizaci\u00f3n Dominial de la provincia, <strong>Hugo \u201cPipo\u201d Rossi<\/strong>.<\/h3>\n<h3>El ex concejal radical de Villa Mercedes termin\u00f3 su mandato en diciembre y a los pocos d\u00edas asumi\u00f3 este nuevo cargo en el Ejecutivo, al que considera \u201cun desaf\u00edo\u201d y con el que se siente muy c\u00f3modo.<\/h3>\n<h3>Durante la entrevista, repas\u00f3 los principales logros de gesti\u00f3n, transcurridos los primeros seis meses. Se refiri\u00f3 en varios tramos a la importancia del programa \u201cEscritur\u00e1 tu Casa\u201d, que le ha permitido a cientos de familias alcanzar el sue\u00f1o de cancelar su vivienda y tener la efectiva propiedad de la misma.<\/h3>\n<p><img fetchpriority=\"high\" decoding=\"async\" class=\"wp-image-17523 aligncenter\" src=\"https:\/\/apuntesdesanluis.com\/wp-content\/uploads\/2024\/06\/DEJAME-300x125.png\" alt=\"\" width=\"612\" height=\"255\" srcset=\"https:\/\/apuntesdesanluis.com\/wp-content\/uploads\/2024\/06\/DEJAME-300x125.png 300w, https:\/\/apuntesdesanluis.com\/wp-content\/uploads\/2024\/06\/DEJAME.png 626w\" sizes=\"(max-width: 612px) 100vw, 612px\" \/><\/p>\n<h3>Rossi destac\u00f3 tambi\u00e9n el cumplimiento de la promesa del gobernador <strong>Claudio Poggi<\/strong>, de impulsar como primera obra de vivienda la construcci\u00f3n de los barrios que quedaron inconclusos hace m\u00e1s de una d\u00e9cada, de los planes \u201cProgreso\u201d y \u201cSue\u00f1os\u201d.<\/h3>\n<h3>\u201cEn algunos casos, hubo adjudicatarios que incluso llegaron a visitar su casa, otros que ten\u00edan hasta 100 cuotas pagas, y despu\u00e9s nunca m\u00e1s se les dio una respuesta\u201d, record\u00f3. En este sentido, reiter\u00f3 que en este segundo semestre se llamar\u00e1 a licitaci\u00f3n para comenzar la construcci\u00f3n de estas unidades habitacionales.<\/h3>\n<h3>Otro tema que abord\u00f3 fue la problem\u00e1tica que se registra en toda la provincia por los terrenos donde se erigen los barrios cuyos terrenos no est\u00e1n escriturados a nombre del gobierno. \u201cTenemos relevados cerca de 130 barrios en toda la provincia que tienen ese problema\u201d, precis\u00f3.<\/h3>\n<h3>Finalmente tambi\u00e9n se refiri\u00f3 a la marcada demanda habitacional que existe en San Luis, que se increment\u00f3 especialmente en los \u00faltimos ocho a\u00f1os, \u201cporque el gobierno (de Rodr\u00edguez Sa\u00e1) se volc\u00f3 hacia otras prioridades\u201d. Rossi desliz\u00f3 su opini\u00f3n, en el sentido de que \u201chay que contemplar diferentes situaciones\u201d y aprobar planes en forma \u201csegmentada, dado que hay personas que tienen poder adquisitivo para hacer su propia vivienda, otros que tienen terreno, o que pueden organizarse en alg\u00fan sistema de autogesti\u00f3n o de cooperativas\u201d, etc.<\/h3>\n<h3>El funcionario evit\u00f3 precisar detalles, \u201cporque los anuncios los debe efectuar el gobernador\u201d, pero admiti\u00f3 que se re\u00fane peri\u00f3dicamente \u201cy que se est\u00e1 trabajando y proyectando algunas cuestiones\u201d.<\/h3>\n<p>&nbsp;<\/p>\n<p><iframe title=\"HUGO PIPO ROSSI - \u201cEl objetivo es que la gente tenga el t\u00edtulo de la vivienda\u201d\" width=\"640\" height=\"360\" src=\"https:\/\/www.youtube.com\/embed\/b0cPafCPRzY?feature=oembed\" frameborder=\"0\" allow=\"accelerometer; autoplay; clipboard-write; encrypted-media; gyroscope; picture-in-picture; web-share\" referrerpolicy=\"strict-origin-when-cross-origin\" allowfullscreen><\/iframe><\/p>\n<p>&nbsp;<\/p>\n<p>&nbsp;<\/p>\n<p>&nbsp;<\/p>\n","protected":false},"excerpt":{"rendered":"<p>Lo afirm\u00f3 en \u201cDejame un T\u00edtulo\u201d, el Director de Vivienda y Regularizaci\u00f3n Dominial de la&#8230;<\/p>\n","protected":false},"author":1,"featured_media":20005,"comment_status":"closed","ping_status":"closed","sticky":false,"template":"","format":"standard","meta":{"footnotes":""},"categories":[9],"tags":[],"class_list":["post-20003","post","type-post","status-publish","format-standard","has-post-thumbnail","hentry","category-opinion"],"yoast_head":"<!-- This site is optimized with the Yoast SEO plugin v26.1.1 - https:\/\/yoast.com\/wordpress\/plugins\/seo\/ -->\n<title>\u201cEL OBJETIVO ES QUE LA GENTE TENGA EL T\u00cdTULO DE LA VIVIENDA\u201d - Apuntes de San Luis<\/title>\n<meta name=\"robots\" content=\"index, follow, max-snippet:-1, max-image-preview:large, max-video-preview:-1\" \/>\n<link rel=\"canonical\" href=\"https:\/\/apuntesdesanluis.com\/index.php\/2024\/07\/29\/el-objetivo-es-que-la-gente-tenga-el-titulo-de-la-vivienda\/\" \/>\n<meta property=\"og:locale\" content=\"es_ES\" \/>\n<meta property=\"og:type\" content=\"article\" \/>\n<meta property=\"og:title\" content=\"\u201cEL OBJETIVO ES QUE LA GENTE TENGA EL T\u00cdTULO DE LA VIVIENDA\u201d - Apuntes de San Luis\" \/>\n<meta property=\"og:description\" content=\"Lo afirm\u00f3 en \u201cDejame un T\u00edtulo\u201d, el Director de Vivienda y Regularizaci\u00f3n Dominial de la...\" \/>\n<meta property=\"og:url\" content=\"https:\/\/apuntesdesanluis.com\/index.php\/2024\/07\/29\/el-objetivo-es-que-la-gente-tenga-el-titulo-de-la-vivienda\/\" \/>\n<meta property=\"og:site_name\" content=\"Apuntes de San Luis\" \/>\n<meta property=\"article:published_time\" content=\"2024-07-29T23:03:32+00:00\" \/>\n<meta property=\"article:modified_time\" content=\"2024-07-29T23:06:41+00:00\" \/>\n<meta property=\"og:image\" content=\"https:\/\/apuntesdesanluis.com\/wp-content\/uploads\/2024\/07\/hugo-rossi.png\" \/>\n\t<meta property=\"og:image:width\" content=\"700\" \/>\n\t<meta property=\"og:image:height\" content=\"422\" \/>\n\t<meta property=\"og:image:type\" content=\"image\/png\" \/>\n<meta name=\"author\" content=\"apuntesdesanluis.com\" \/>\n<meta name=\"twitter:card\" content=\"summary_large_image\" \/>\n<meta name=\"twitter:label1\" content=\"Escrito por\" \/>\n\t<meta name=\"twitter:data1\" content=\"apuntesdesanluis.com\" \/>\n\t<meta name=\"twitter:label2\" content=\"Tiempo de lectura\" \/>\n\t<meta name=\"twitter:data2\" content=\"3 minutos\" \/>\n<script type=\"application\/ld+json\" class=\"yoast-schema-graph\">{\"@context\":\"https:\/\/schema.org\",\"@graph\":[{\"@type\":\"Article\",\"@id\":\"https:\/\/apuntesdesanluis.com\/index.php\/2024\/07\/29\/el-objetivo-es-que-la-gente-tenga-el-titulo-de-la-vivienda\/#article\",\"isPartOf\":{\"@id\":\"https:\/\/apuntesdesanluis.com\/index.php\/2024\/07\/29\/el-objetivo-es-que-la-gente-tenga-el-titulo-de-la-vivienda\/\"},\"author\":{\"name\":\"apuntesdesanluis.com\",\"@id\":\"https:\/\/apuntesdesanluis.com\/#\/schema\/person\/b55151d52296fcce64d1a72538a70b90\"},\"headline\":\"\u201cEL OBJETIVO ES QUE LA GENTE TENGA EL T\u00cdTULO DE LA VIVIENDA\u201d\",\"datePublished\":\"2024-07-29T23:03:32+00:00\",\"dateModified\":\"2024-07-29T23:06:41+00:00\",\"mainEntityOfPage\":{\"@id\":\"https:\/\/apuntesdesanluis.com\/index.php\/2024\/07\/29\/el-objetivo-es-que-la-gente-tenga-el-titulo-de-la-vivienda\/\"},\"wordCount\":404,\"publisher\":{\"@id\":\"https:\/\/apuntesdesanluis.com\/#\/schema\/person\/b55151d52296fcce64d1a72538a70b90\"},\"image\":{\"@id\":\"https:\/\/apuntesdesanluis.com\/index.php\/2024\/07\/29\/el-objetivo-es-que-la-gente-tenga-el-titulo-de-la-vivienda\/#primaryimage\"},\"thumbnailUrl\":\"https:\/\/apuntesdesanluis.com\/wp-content\/uploads\/2024\/07\/hugo-rossi.png\",\"articleSection\":[\"Opini\u00f3n\"],\"inLanguage\":\"es-AR\"},{\"@type\":\"WebPage\",\"@id\":\"https:\/\/apuntesdesanluis.com\/index.php\/2024\/07\/29\/el-objetivo-es-que-la-gente-tenga-el-titulo-de-la-vivienda\/\",\"url\":\"https:\/\/apuntesdesanluis.com\/index.php\/2024\/07\/29\/el-objetivo-es-que-la-gente-tenga-el-titulo-de-la-vivienda\/\",\"name\":\"\u201cEL OBJETIVO ES QUE LA GENTE TENGA EL T\u00cdTULO DE LA VIVIENDA\u201d - Apuntes de San Luis\",\"isPartOf\":{\"@id\":\"https:\/\/apuntesdesanluis.com\/#website\"},\"primaryImageOfPage\":{\"@id\":\"https:\/\/apuntesdesanluis.com\/index.php\/2024\/07\/29\/el-objetivo-es-que-la-gente-tenga-el-titulo-de-la-vivienda\/#primaryimage\"},\"image\":{\"@id\":\"https:\/\/apuntesdesanluis.com\/index.php\/2024\/07\/29\/el-objetivo-es-que-la-gente-tenga-el-titulo-de-la-vivienda\/#primaryimage\"},\"thumbnailUrl\":\"https:\/\/apuntesdesanluis.com\/wp-content\/uploads\/2024\/07\/hugo-rossi.png\",\"datePublished\":\"2024-07-29T23:03:32+00:00\",\"dateModified\":\"2024-07-29T23:06:41+00:00\",\"breadcrumb\":{\"@id\":\"https:\/\/apuntesdesanluis.com\/index.php\/2024\/07\/29\/el-objetivo-es-que-la-gente-tenga-el-titulo-de-la-vivienda\/#breadcrumb\"},\"inLanguage\":\"es-AR\",\"potentialAction\":[{\"@type\":\"ReadAction\",\"target\":[\"https:\/\/apuntesdesanluis.com\/index.php\/2024\/07\/29\/el-objetivo-es-que-la-gente-tenga-el-titulo-de-la-vivienda\/\"]}]},{\"@type\":\"ImageObject\",\"inLanguage\":\"es-AR\",\"@id\":\"https:\/\/apuntesdesanluis.com\/index.php\/2024\/07\/29\/el-objetivo-es-que-la-gente-tenga-el-titulo-de-la-vivienda\/#primaryimage\",\"url\":\"https:\/\/apuntesdesanluis.com\/wp-content\/uploads\/2024\/07\/hugo-rossi.png\",\"contentUrl\":\"https:\/\/apuntesdesanluis.com\/wp-content\/uploads\/2024\/07\/hugo-rossi.png\",\"width\":700,\"height\":422},{\"@type\":\"BreadcrumbList\",\"@id\":\"https:\/\/apuntesdesanluis.com\/index.php\/2024\/07\/29\/el-objetivo-es-que-la-gente-tenga-el-titulo-de-la-vivienda\/#breadcrumb\",\"itemListElement\":[{\"@type\":\"ListItem\",\"position\":1,\"name\":\"Inicio\",\"item\":\"https:\/\/apuntesdesanluis.com\/\"},{\"@type\":\"ListItem\",\"position\":2,\"name\":\"\u201cEL OBJETIVO ES QUE LA GENTE TENGA EL T\u00cdTULO DE LA VIVIENDA\u201d\"}]},{\"@type\":\"WebSite\",\"@id\":\"https:\/\/apuntesdesanluis.com\/#website\",\"url\":\"https:\/\/apuntesdesanluis.com\/\",\"name\":\"Apuntes de San Luis\",\"description\":\"\",\"publisher\":{\"@id\":\"https:\/\/apuntesdesanluis.com\/#\/schema\/person\/b55151d52296fcce64d1a72538a70b90\"},\"potentialAction\":[{\"@type\":\"SearchAction\",\"target\":{\"@type\":\"EntryPoint\",\"urlTemplate\":\"https:\/\/apuntesdesanluis.com\/?s={search_term_string}\"},\"query-input\":{\"@type\":\"PropertyValueSpecification\",\"valueRequired\":true,\"valueName\":\"search_term_string\"}}],\"inLanguage\":\"es-AR\"},{\"@type\":[\"Person\",\"Organization\"],\"@id\":\"https:\/\/apuntesdesanluis.com\/#\/schema\/person\/b55151d52296fcce64d1a72538a70b90\",\"name\":\"apuntesdesanluis.com\",\"image\":{\"@type\":\"ImageObject\",\"inLanguage\":\"es-AR\",\"@id\":\"https:\/\/apuntesdesanluis.com\/#\/schema\/person\/image\/\",\"url\":\"https:\/\/apuntesdesanluis.com\/wp-content\/uploads\/2023\/07\/cropped-apuntesdesanluis.png\",\"contentUrl\":\"https:\/\/apuntesdesanluis.com\/wp-content\/uploads\/2023\/07\/cropped-apuntesdesanluis.png\",\"width\":450,\"height\":112,\"caption\":\"apuntesdesanluis.com\"},\"logo\":{\"@id\":\"https:\/\/apuntesdesanluis.com\/#\/schema\/person\/image\/\"},\"sameAs\":[\"https:\/\/apuntesdesanluis.com\"],\"url\":\"https:\/\/apuntesdesanluis.com\/index.php\/author\/apuntesdesanluis-com\/\"}]}<\/script>\n<!-- \/ Yoast SEO plugin. -->","yoast_head_json":{"title":"\u201cEL OBJETIVO ES QUE LA GENTE TENGA EL T\u00cdTULO DE LA VIVIENDA\u201d - Apuntes de San Luis","robots":{"index":"index","follow":"follow","max-snippet":"max-snippet:-1","max-image-preview":"max-image-preview:large","max-video-preview":"max-video-preview:-1"},"canonical":"https:\/\/apuntesdesanluis.com\/index.php\/2024\/07\/29\/el-objetivo-es-que-la-gente-tenga-el-titulo-de-la-vivienda\/","og_locale":"es_ES","og_type":"article","og_title":"\u201cEL OBJETIVO ES QUE LA GENTE TENGA EL T\u00cdTULO DE LA VIVIENDA\u201d - Apuntes de San Luis","og_description":"Lo afirm\u00f3 en \u201cDejame un T\u00edtulo\u201d, el Director de Vivienda y Regularizaci\u00f3n Dominial de la...","og_url":"https:\/\/apuntesdesanluis.com\/index.php\/2024\/07\/29\/el-objetivo-es-que-la-gente-tenga-el-titulo-de-la-vivienda\/","og_site_name":"Apuntes de San Luis","article_published_time":"2024-07-29T23:03:32+00:00","article_modified_time":"2024-07-29T23:06:41+00:00","og_image":[{"width":700,"height":422,"url":"https:\/\/apuntesdesanluis.com\/wp-content\/uploads\/2024\/07\/hugo-rossi.png","type":"image\/png"}],"author":"apuntesdesanluis.com","twitter_card":"summary_large_image","twitter_misc":{"Escrito por":"apuntesdesanluis.com","Tiempo de lectura":"3 minutos"},"schema":{"@context":"https:\/\/schema.org","@graph":[{"@type":"Article","@id":"https:\/\/apuntesdesanluis.com\/index.php\/2024\/07\/29\/el-objetivo-es-que-la-gente-tenga-el-titulo-de-la-vivienda\/#article","isPartOf":{"@id":"https:\/\/apuntesdesanluis.com\/index.php\/2024\/07\/29\/el-objetivo-es-que-la-gente-tenga-el-titulo-de-la-vivienda\/"},"author":{"name":"apuntesdesanluis.com","@id":"https:\/\/apuntesdesanluis.com\/#\/schema\/person\/b55151d52296fcce64d1a72538a70b90"},"headline":"\u201cEL OBJETIVO ES QUE LA GENTE TENGA EL T\u00cdTULO DE LA VIVIENDA\u201d","datePublished":"2024-07-29T23:03:32+00:00","dateModified":"2024-07-29T23:06:41+00:00","mainEntityOfPage":{"@id":"https:\/\/apuntesdesanluis.com\/index.php\/2024\/07\/29\/el-objetivo-es-que-la-gente-tenga-el-titulo-de-la-vivienda\/"},"wordCount":404,"publisher":{"@id":"https:\/\/apuntesdesanluis.com\/#\/schema\/person\/b55151d52296fcce64d1a72538a70b90"},"image":{"@id":"https:\/\/apuntesdesanluis.com\/index.php\/2024\/07\/29\/el-objetivo-es-que-la-gente-tenga-el-titulo-de-la-vivienda\/#primaryimage"},"thumbnailUrl":"https:\/\/apuntesdesanluis.com\/wp-content\/uploads\/2024\/07\/hugo-rossi.png","articleSection":["Opini\u00f3n"],"inLanguage":"es-AR"},{"@type":"WebPage","@id":"https:\/\/apuntesdesanluis.com\/index.php\/2024\/07\/29\/el-objetivo-es-que-la-gente-tenga-el-titulo-de-la-vivienda\/","url":"https:\/\/apuntesdesanluis.com\/index.php\/2024\/07\/29\/el-objetivo-es-que-la-gente-tenga-el-titulo-de-la-vivienda\/","name":"\u201cEL OBJETIVO ES QUE LA GENTE TENGA EL T\u00cdTULO DE LA VIVIENDA\u201d - Apuntes de San Luis","isPartOf":{"@id":"https:\/\/apuntesdesanluis.com\/#website"},"primaryImageOfPage":{"@id":"https:\/\/apuntesdesanluis.com\/index.php\/2024\/07\/29\/el-objetivo-es-que-la-gente-tenga-el-titulo-de-la-vivienda\/#primaryimage"},"image":{"@id":"https:\/\/apuntesdesanluis.com\/index.php\/2024\/07\/29\/el-objetivo-es-que-la-gente-tenga-el-titulo-de-la-vivienda\/#primaryimage"},"thumbnailUrl":"https:\/\/apuntesdesanluis.com\/wp-content\/uploads\/2024\/07\/hugo-rossi.png","datePublished":"2024-07-29T23:03:32+00:00","dateModified":"2024-07-29T23:06:41+00:00","breadcrumb":{"@id":"https:\/\/apuntesdesanluis.com\/index.php\/2024\/07\/29\/el-objetivo-es-que-la-gente-tenga-el-titulo-de-la-vivienda\/#breadcrumb"},"inLanguage":"es-AR","potentialAction":[{"@type":"ReadAction","target":["https:\/\/apuntesdesanluis.com\/index.php\/2024\/07\/29\/el-objetivo-es-que-la-gente-tenga-el-titulo-de-la-vivienda\/"]}]},{"@type":"ImageObject","inLanguage":"es-AR","@id":"https:\/\/apuntesdesanluis.com\/index.php\/2024\/07\/29\/el-objetivo-es-que-la-gente-tenga-el-titulo-de-la-vivienda\/#primaryimage","url":"https:\/\/apuntesdesanluis.com\/wp-content\/uploads\/2024\/07\/hugo-rossi.png","contentUrl":"https:\/\/apuntesdesanluis.com\/wp-content\/uploads\/2024\/07\/hugo-rossi.png","width":700,"height":422},{"@type":"BreadcrumbList","@id":"https:\/\/apuntesdesanluis.com\/index.php\/2024\/07\/29\/el-objetivo-es-que-la-gente-tenga-el-titulo-de-la-vivienda\/#breadcrumb","itemListElement":[{"@type":"ListItem","position":1,"name":"Inicio","item":"https:\/\/apuntesdesanluis.com\/"},{"@type":"ListItem","position":2,"name":"\u201cEL OBJETIVO ES QUE LA GENTE TENGA EL T\u00cdTULO DE LA VIVIENDA\u201d"}]},{"@type":"WebSite","@id":"https:\/\/apuntesdesanluis.com\/#website","url":"https:\/\/apuntesdesanluis.com\/","name":"Apuntes de San Luis","description":"","publisher":{"@id":"https:\/\/apuntesdesanluis.com\/#\/schema\/person\/b55151d52296fcce64d1a72538a70b90"},"potentialAction":[{"@type":"SearchAction","target":{"@type":"EntryPoint","urlTemplate":"https:\/\/apuntesdesanluis.com\/?s={search_term_string}"},"query-input":{"@type":"PropertyValueSpecification","valueRequired":true,"valueName":"search_term_string"}}],"inLanguage":"es-AR"},{"@type":["Person","Organization"],"@id":"https:\/\/apuntesdesanluis.com\/#\/schema\/person\/b55151d52296fcce64d1a72538a70b90","name":"apuntesdesanluis.com","image":{"@type":"ImageObject","inLanguage":"es-AR","@id":"https:\/\/apuntesdesanluis.com\/#\/schema\/person\/image\/","url":"https:\/\/apuntesdesanluis.com\/wp-content\/uploads\/2023\/07\/cropped-apuntesdesanluis.png","contentUrl":"https:\/\/apuntesdesanluis.com\/wp-content\/uploads\/2023\/07\/cropped-apuntesdesanluis.png","width":450,"height":112,"caption":"apuntesdesanluis.com"},"logo":{"@id":"https:\/\/apuntesdesanluis.com\/#\/schema\/person\/image\/"},"sameAs":["https:\/\/apuntesdesanluis.com"],"url":"https:\/\/apuntesdesanluis.com\/index.php\/author\/apuntesdesanluis-com\/"}]}},"featured_image_urls":{"full":["https:\/\/apuntesdesanluis.com\/wp-content\/uploads\/2024\/07\/hugo-rossi.png",700,422,false],"thumbnail":["https:\/\/apuntesdesanluis.com\/wp-content\/uploads\/2024\/07\/hugo-rossi-150x150.png",150,150,true],"medium":["https:\/\/apuntesdesanluis.com\/wp-content\/uploads\/2024\/07\/hugo-rossi-300x181.png",300,181,true],"medium_large":["https:\/\/apuntesdesanluis.com\/wp-content\/uploads\/2024\/07\/hugo-rossi.png",640,386,false],"large":["https:\/\/apuntesdesanluis.com\/wp-content\/uploads\/2024\/07\/hugo-rossi.png",640,386,false],"1536x1536":["https:\/\/apuntesdesanluis.com\/wp-content\/uploads\/2024\/07\/hugo-rossi.png",700,422,false],"2048x2048":["https:\/\/apuntesdesanluis.com\/wp-content\/uploads\/2024\/07\/hugo-rossi.png",700,422,false],"newsever-slider-full":["https:\/\/apuntesdesanluis.com\/wp-content\/uploads\/2024\/07\/hugo-rossi.png",700,422,false],"newsever-featured":["https:\/\/apuntesdesanluis.com\/wp-content\/uploads\/2024\/07\/hugo-rossi.png",700,422,false],"newsever-medium":["https:\/\/apuntesdesanluis.com\/wp-content\/uploads\/2024\/07\/hugo-rossi.png",700,422,false]},"author_info":{"display_name":"apuntesdesanluis.com","author_link":"https:\/\/apuntesdesanluis.com\/index.php\/author\/apuntesdesanluis-com\/"},"category_info":"<a href=\"https:\/\/apuntesdesanluis.com\/index.php\/category\/opinion\/\" rel=\"category tag\">Opini\u00f3n<\/a>","tag_info":"Opini\u00f3n","comment_count":"0","_links":{"self":[{"href":"https:\/\/apuntesdesanluis.com\/index.php\/wp-json\/wp\/v2\/posts\/20003","targetHints":{"allow":["GET"]}}],"collection":[{"href":"https:\/\/apuntesdesanluis.com\/index.php\/wp-json\/wp\/v2\/posts"}],"about":[{"href":"https:\/\/apuntesdesanluis.com\/index.php\/wp-json\/wp\/v2\/types\/post"}],"author":[{"embeddable":true,"href":"https:\/\/apuntesdesanluis.com\/index.php\/wp-json\/wp\/v2\/users\/1"}],"replies":[{"embeddable":true,"href":"https:\/\/apuntesdesanluis.com\/index.php\/wp-json\/wp\/v2\/comments?post=20003"}],"version-history":[{"count":5,"href":"https:\/\/apuntesdesanluis.com\/index.php\/wp-json\/wp\/v2\/posts\/20003\/revisions"}],"predecessor-version":[{"id":20009,"href":"https:\/\/apuntesdesanluis.com\/index.php\/wp-json\/wp\/v2\/posts\/20003\/revisions\/20009"}],"wp:featuredmedia":[{"embeddable":true,"href":"https:\/\/apuntesdesanluis.com\/index.php\/wp-json\/wp\/v2\/media\/20005"}],"wp:attachment":[{"href":"https:\/\/apuntesdesanluis.com\/index.php\/wp-json\/wp\/v2\/media?parent=20003"}],"wp:term":[{"taxonomy":"category","embeddable":true,"href":"https:\/\/apuntesdesanluis.com\/index.php\/wp-json\/wp\/v2\/categories?post=20003"},{"taxonomy":"post_tag","embeddable":true,"href":"https:\/\/apuntesdesanluis.com\/index.php\/wp-json\/wp\/v2\/tags?post=20003"}],"curies":[{"name":"wp","href":"https:\/\/api.w.org\/{rel}","templated":true}]}}