{"id":20010,"date":"2024-07-29T22:27:58","date_gmt":"2024-07-30T01:27:58","guid":{"rendered":"https:\/\/apuntesdesanluis.com\/?p=20010"},"modified":"2024-07-29T22:27:58","modified_gmt":"2024-07-30T01:27:58","slug":"propietarios-del-campo-el-cabure-denunciaron-desalojo-ilegal-por-parte-del-gobierno","status":"publish","type":"post","link":"https:\/\/apuntesdesanluis.com\/index.php\/2024\/07\/29\/propietarios-del-campo-el-cabure-denunciaron-desalojo-ilegal-por-parte-del-gobierno\/","title":{"rendered":"PROPIETARIOS DEL CAMPO \u201cEL CABUR\u00c9\u201d DENUNCIARON DESALOJO ILEGAL POR PARTE DEL GOBIERNO"},"content":{"rendered":"<h3>Los abogados <strong>Emanuel Olagaray<\/strong> y <strong>Alejandro Ren\u00e9 Viano<\/strong>, representantes legales de los due\u00f1os del campo <strong>El Cabur\u00e9<\/strong>, expusieron en una entrevista con<strong> FM La Voz<\/strong> Villa Mercedes, las supuestas \u201cirregularidades y abusos de poder\u201d que sufrieron en el desalojo de dicho predio.<\/h3>\n<h3>\u201cEstamos frente a una situaci\u00f3n de corrupci\u00f3n\u201d, afirm\u00f3 Olagaray, durante su participaci\u00f3n en el programa La Voz de la Ma\u00f1ana. El campo El Cabur\u00e9, con extensas hect\u00e1reas de ma\u00edz y numerosa ganader\u00eda, ha sido el centro de una controversia en la que los abogados alegan haber sido v\u00edctimas de un atropello por parte de funcionarios provinciales.<\/h3>\n<h3>\u201cPublicaron que se recuper\u00f3 un bien del Estado cuando nosotros ya est\u00e1bamos en tr\u00e1mite de escrituraci\u00f3n. Fuimos v\u00edctimas de atropello del se\u00f1or Oviedo Helfenberg, del fiscal Olgu\u00edn y de todos los funcionarios involucrados que se quieren quedar con el campo\u201d, denunci\u00f3 Olagaray.<\/h3>\n<h3>Alejandro Viena, su colega, a\u00f1adi\u00f3: \u201cTodo lo que se habla ac\u00e1 lo tenemos probado. El 24 de abril envi\u00e9 los mails, fuimos a Casa de Gobierno, y el Dr. Bazla sale a decir que se recuper\u00f3 un campo porque se deb\u00edan 48 cuotas, cuando yo adjunt\u00e9 pruebas de que mis clientes pagaron incluso diez cuotas m\u00e1s de las previstas, todas con fecha de 2022\u201d.<\/h3>\n<h3>Los abogados han presentado un recurso de amparo y no descartan involucrar al gobernador de la provincia en sus denuncias. \u201cCreemos que Poggi no tiene idea de lo que sucede, porque \u00e9l dijo que va a apoyar a la producci\u00f3n local. Este es un campo con muchas hect\u00e1reas de ma\u00edz y 40 tropillas, que debido a este desalojo injustificado, han quedado descuidados. Encontramos los animales muertos, es muy triste\u201d, a\u00f1adi\u00f3 Olagaray.<\/h3>\n<h3>La denuncia tambi\u00e9n se\u00f1ala que el Estado no solo desaloj\u00f3 a los propietarios de El Cabur\u00e9 sino que tambi\u00e9n instal\u00f3 una garita en la entrada, impidiendo el ingreso de cualquier persona. \u201cSaben que tengo toda la documentaci\u00f3n, puedo probar cada cosa que digo. Tengo audios, Oviedo va al hotel a buscarme. Es un detalle de color decir si va armado o no, pero tengo todo\u201d, destac\u00f3 Viano.<\/h3>\n<h3>Hasta el momento, los abogados han acumulado 14 expedientes y han solicitado el apartamiento del fiscal involucrado la semana pasada, aunque este pedido a\u00fan no ha sido registrado en el sistema. \u201cBazla nos dijo \u2018cu\u00e1ndo van a firmar el convenio\u2019, pero \u00e9l no lo ley\u00f3, y nos exigen cosas a las que no vamos a acceder\u201d, concluy\u00f3 Viano.<\/h3>\n<p>&nbsp;<\/p>\n<p><iframe title=\"Funcionarios de Poggi intentan apropiarse de un campo privado con 1900 hect\u00e1reas sembradas con ma\u00edz\" width=\"640\" height=\"360\" src=\"https:\/\/www.youtube.com\/embed\/_N6uhEMedhY?feature=oembed\" frameborder=\"0\" allow=\"accelerometer; autoplay; clipboard-write; encrypted-media; gyroscope; picture-in-picture; web-share\" referrerpolicy=\"strict-origin-when-cross-origin\" allowfullscreen><\/iframe><\/p>\n<p>&nbsp;<\/p>\n<p>&nbsp;<\/p>\n<p>&nbsp;<\/p>\n","protected":false},"excerpt":{"rendered":"<p>Los abogados Emanuel Olagaray y Alejandro Ren\u00e9 Viano, representantes legales de los due\u00f1os del campo&#8230;<\/p>\n","protected":false},"author":1,"featured_media":20011,"comment_status":"closed","ping_status":"closed","sticky":false,"template":"","format":"standard","meta":{"footnotes":""},"categories":[6],"tags":[],"class_list":["post-20010","post","type-post","status-publish","format-standard","has-post-thumbnail","hentry","category-ciudad-provincia"],"yoast_head":"<!-- This site is optimized with the Yoast SEO plugin v26.1.1 - https:\/\/yoast.com\/wordpress\/plugins\/seo\/ -->\n<title>PROPIETARIOS DEL CAMPO \u201cEL CABUR\u00c9\u201d DENUNCIARON DESALOJO ILEGAL POR PARTE DEL GOBIERNO - Apuntes de San Luis<\/title>\n<meta name=\"robots\" content=\"index, follow, max-snippet:-1, max-image-preview:large, max-video-preview:-1\" \/>\n<link rel=\"canonical\" href=\"https:\/\/apuntesdesanluis.com\/index.php\/2024\/07\/29\/propietarios-del-campo-el-cabure-denunciaron-desalojo-ilegal-por-parte-del-gobierno\/\" \/>\n<meta property=\"og:locale\" content=\"es_ES\" \/>\n<meta property=\"og:type\" content=\"article\" \/>\n<meta property=\"og:title\" content=\"PROPIETARIOS DEL CAMPO \u201cEL CABUR\u00c9\u201d DENUNCIARON DESALOJO ILEGAL POR PARTE DEL GOBIERNO - Apuntes de San Luis\" \/>\n<meta property=\"og:description\" content=\"Los abogados Emanuel Olagaray y Alejandro Ren\u00e9 Viano, representantes legales de los due\u00f1os del campo...\" \/>\n<meta property=\"og:url\" content=\"https:\/\/apuntesdesanluis.com\/index.php\/2024\/07\/29\/propietarios-del-campo-el-cabure-denunciaron-desalojo-ilegal-por-parte-del-gobierno\/\" \/>\n<meta property=\"og:site_name\" content=\"Apuntes de San Luis\" \/>\n<meta property=\"article:published_time\" content=\"2024-07-30T01:27:58+00:00\" \/>\n<meta property=\"og:image\" content=\"https:\/\/apuntesdesanluis.com\/wp-content\/uploads\/2024\/07\/el-cabure.png\" \/>\n\t<meta property=\"og:image:width\" content=\"700\" \/>\n\t<meta property=\"og:image:height\" content=\"429\" \/>\n\t<meta property=\"og:image:type\" content=\"image\/png\" \/>\n<meta name=\"author\" content=\"apuntesdesanluis.com\" \/>\n<meta name=\"twitter:card\" content=\"summary_large_image\" \/>\n<meta name=\"twitter:label1\" content=\"Escrito por\" \/>\n\t<meta name=\"twitter:data1\" content=\"apuntesdesanluis.com\" \/>\n\t<meta name=\"twitter:label2\" content=\"Tiempo de lectura\" \/>\n\t<meta name=\"twitter:data2\" content=\"3 minutos\" \/>\n<script type=\"application\/ld+json\" class=\"yoast-schema-graph\">{\"@context\":\"https:\/\/schema.org\",\"@graph\":[{\"@type\":\"Article\",\"@id\":\"https:\/\/apuntesdesanluis.com\/index.php\/2024\/07\/29\/propietarios-del-campo-el-cabure-denunciaron-desalojo-ilegal-por-parte-del-gobierno\/#article\",\"isPartOf\":{\"@id\":\"https:\/\/apuntesdesanluis.com\/index.php\/2024\/07\/29\/propietarios-del-campo-el-cabure-denunciaron-desalojo-ilegal-por-parte-del-gobierno\/\"},\"author\":{\"name\":\"apuntesdesanluis.com\",\"@id\":\"https:\/\/apuntesdesanluis.com\/#\/schema\/person\/b55151d52296fcce64d1a72538a70b90\"},\"headline\":\"PROPIETARIOS DEL CAMPO \u201cEL CABUR\u00c9\u201d DENUNCIARON DESALOJO ILEGAL POR PARTE DEL GOBIERNO\",\"datePublished\":\"2024-07-30T01:27:58+00:00\",\"mainEntityOfPage\":{\"@id\":\"https:\/\/apuntesdesanluis.com\/index.php\/2024\/07\/29\/propietarios-del-campo-el-cabure-denunciaron-desalojo-ilegal-por-parte-del-gobierno\/\"},\"wordCount\":449,\"publisher\":{\"@id\":\"https:\/\/apuntesdesanluis.com\/#\/schema\/person\/b55151d52296fcce64d1a72538a70b90\"},\"image\":{\"@id\":\"https:\/\/apuntesdesanluis.com\/index.php\/2024\/07\/29\/propietarios-del-campo-el-cabure-denunciaron-desalojo-ilegal-por-parte-del-gobierno\/#primaryimage\"},\"thumbnailUrl\":\"https:\/\/apuntesdesanluis.com\/wp-content\/uploads\/2024\/07\/el-cabure.png\",\"articleSection\":[\"Ciudad\/Provincia\"],\"inLanguage\":\"es-AR\"},{\"@type\":\"WebPage\",\"@id\":\"https:\/\/apuntesdesanluis.com\/index.php\/2024\/07\/29\/propietarios-del-campo-el-cabure-denunciaron-desalojo-ilegal-por-parte-del-gobierno\/\",\"url\":\"https:\/\/apuntesdesanluis.com\/index.php\/2024\/07\/29\/propietarios-del-campo-el-cabure-denunciaron-desalojo-ilegal-por-parte-del-gobierno\/\",\"name\":\"PROPIETARIOS DEL CAMPO \u201cEL CABUR\u00c9\u201d DENUNCIARON DESALOJO ILEGAL POR PARTE DEL GOBIERNO - Apuntes de San Luis\",\"isPartOf\":{\"@id\":\"https:\/\/apuntesdesanluis.com\/#website\"},\"primaryImageOfPage\":{\"@id\":\"https:\/\/apuntesdesanluis.com\/index.php\/2024\/07\/29\/propietarios-del-campo-el-cabure-denunciaron-desalojo-ilegal-por-parte-del-gobierno\/#primaryimage\"},\"image\":{\"@id\":\"https:\/\/apuntesdesanluis.com\/index.php\/2024\/07\/29\/propietarios-del-campo-el-cabure-denunciaron-desalojo-ilegal-por-parte-del-gobierno\/#primaryimage\"},\"thumbnailUrl\":\"https:\/\/apuntesdesanluis.com\/wp-content\/uploads\/2024\/07\/el-cabure.png\",\"datePublished\":\"2024-07-30T01:27:58+00:00\",\"breadcrumb\":{\"@id\":\"https:\/\/apuntesdesanluis.com\/index.php\/2024\/07\/29\/propietarios-del-campo-el-cabure-denunciaron-desalojo-ilegal-por-parte-del-gobierno\/#breadcrumb\"},\"inLanguage\":\"es-AR\",\"potentialAction\":[{\"@type\":\"ReadAction\",\"target\":[\"https:\/\/apuntesdesanluis.com\/index.php\/2024\/07\/29\/propietarios-del-campo-el-cabure-denunciaron-desalojo-ilegal-por-parte-del-gobierno\/\"]}]},{\"@type\":\"ImageObject\",\"inLanguage\":\"es-AR\",\"@id\":\"https:\/\/apuntesdesanluis.com\/index.php\/2024\/07\/29\/propietarios-del-campo-el-cabure-denunciaron-desalojo-ilegal-por-parte-del-gobierno\/#primaryimage\",\"url\":\"https:\/\/apuntesdesanluis.com\/wp-content\/uploads\/2024\/07\/el-cabure.png\",\"contentUrl\":\"https:\/\/apuntesdesanluis.com\/wp-content\/uploads\/2024\/07\/el-cabure.png\",\"width\":700,\"height\":429},{\"@type\":\"BreadcrumbList\",\"@id\":\"https:\/\/apuntesdesanluis.com\/index.php\/2024\/07\/29\/propietarios-del-campo-el-cabure-denunciaron-desalojo-ilegal-por-parte-del-gobierno\/#breadcrumb\",\"itemListElement\":[{\"@type\":\"ListItem\",\"position\":1,\"name\":\"Inicio\",\"item\":\"https:\/\/apuntesdesanluis.com\/\"},{\"@type\":\"ListItem\",\"position\":2,\"name\":\"PROPIETARIOS DEL CAMPO \u201cEL CABUR\u00c9\u201d DENUNCIARON DESALOJO ILEGAL POR PARTE DEL GOBIERNO\"}]},{\"@type\":\"WebSite\",\"@id\":\"https:\/\/apuntesdesanluis.com\/#website\",\"url\":\"https:\/\/apuntesdesanluis.com\/\",\"name\":\"Apuntes de San Luis\",\"description\":\"\",\"publisher\":{\"@id\":\"https:\/\/apuntesdesanluis.com\/#\/schema\/person\/b55151d52296fcce64d1a72538a70b90\"},\"potentialAction\":[{\"@type\":\"SearchAction\",\"target\":{\"@type\":\"EntryPoint\",\"urlTemplate\":\"https:\/\/apuntesdesanluis.com\/?s={search_term_string}\"},\"query-input\":{\"@type\":\"PropertyValueSpecification\",\"valueRequired\":true,\"valueName\":\"search_term_string\"}}],\"inLanguage\":\"es-AR\"},{\"@type\":[\"Person\",\"Organization\"],\"@id\":\"https:\/\/apuntesdesanluis.com\/#\/schema\/person\/b55151d52296fcce64d1a72538a70b90\",\"name\":\"apuntesdesanluis.com\",\"image\":{\"@type\":\"ImageObject\",\"inLanguage\":\"es-AR\",\"@id\":\"https:\/\/apuntesdesanluis.com\/#\/schema\/person\/image\/\",\"url\":\"https:\/\/apuntesdesanluis.com\/wp-content\/uploads\/2023\/07\/cropped-apuntesdesanluis.png\",\"contentUrl\":\"https:\/\/apuntesdesanluis.com\/wp-content\/uploads\/2023\/07\/cropped-apuntesdesanluis.png\",\"width\":450,\"height\":112,\"caption\":\"apuntesdesanluis.com\"},\"logo\":{\"@id\":\"https:\/\/apuntesdesanluis.com\/#\/schema\/person\/image\/\"},\"sameAs\":[\"https:\/\/apuntesdesanluis.com\"],\"url\":\"https:\/\/apuntesdesanluis.com\/index.php\/author\/apuntesdesanluis-com\/\"}]}<\/script>\n<!-- \/ Yoast SEO plugin. -->","yoast_head_json":{"title":"PROPIETARIOS DEL CAMPO \u201cEL CABUR\u00c9\u201d DENUNCIARON DESALOJO ILEGAL POR PARTE DEL GOBIERNO - Apuntes de San Luis","robots":{"index":"index","follow":"follow","max-snippet":"max-snippet:-1","max-image-preview":"max-image-preview:large","max-video-preview":"max-video-preview:-1"},"canonical":"https:\/\/apuntesdesanluis.com\/index.php\/2024\/07\/29\/propietarios-del-campo-el-cabure-denunciaron-desalojo-ilegal-por-parte-del-gobierno\/","og_locale":"es_ES","og_type":"article","og_title":"PROPIETARIOS DEL CAMPO \u201cEL CABUR\u00c9\u201d DENUNCIARON DESALOJO ILEGAL POR PARTE DEL GOBIERNO - Apuntes de San Luis","og_description":"Los abogados Emanuel Olagaray y Alejandro Ren\u00e9 Viano, representantes legales de los due\u00f1os del campo...","og_url":"https:\/\/apuntesdesanluis.com\/index.php\/2024\/07\/29\/propietarios-del-campo-el-cabure-denunciaron-desalojo-ilegal-por-parte-del-gobierno\/","og_site_name":"Apuntes de San Luis","article_published_time":"2024-07-30T01:27:58+00:00","og_image":[{"width":700,"height":429,"url":"https:\/\/apuntesdesanluis.com\/wp-content\/uploads\/2024\/07\/el-cabure.png","type":"image\/png"}],"author":"apuntesdesanluis.com","twitter_card":"summary_large_image","twitter_misc":{"Escrito por":"apuntesdesanluis.com","Tiempo de lectura":"3 minutos"},"schema":{"@context":"https:\/\/schema.org","@graph":[{"@type":"Article","@id":"https:\/\/apuntesdesanluis.com\/index.php\/2024\/07\/29\/propietarios-del-campo-el-cabure-denunciaron-desalojo-ilegal-por-parte-del-gobierno\/#article","isPartOf":{"@id":"https:\/\/apuntesdesanluis.com\/index.php\/2024\/07\/29\/propietarios-del-campo-el-cabure-denunciaron-desalojo-ilegal-por-parte-del-gobierno\/"},"author":{"name":"apuntesdesanluis.com","@id":"https:\/\/apuntesdesanluis.com\/#\/schema\/person\/b55151d52296fcce64d1a72538a70b90"},"headline":"PROPIETARIOS DEL CAMPO \u201cEL CABUR\u00c9\u201d DENUNCIARON DESALOJO ILEGAL POR PARTE DEL GOBIERNO","datePublished":"2024-07-30T01:27:58+00:00","mainEntityOfPage":{"@id":"https:\/\/apuntesdesanluis.com\/index.php\/2024\/07\/29\/propietarios-del-campo-el-cabure-denunciaron-desalojo-ilegal-por-parte-del-gobierno\/"},"wordCount":449,"publisher":{"@id":"https:\/\/apuntesdesanluis.com\/#\/schema\/person\/b55151d52296fcce64d1a72538a70b90"},"image":{"@id":"https:\/\/apuntesdesanluis.com\/index.php\/2024\/07\/29\/propietarios-del-campo-el-cabure-denunciaron-desalojo-ilegal-por-parte-del-gobierno\/#primaryimage"},"thumbnailUrl":"https:\/\/apuntesdesanluis.com\/wp-content\/uploads\/2024\/07\/el-cabure.png","articleSection":["Ciudad\/Provincia"],"inLanguage":"es-AR"},{"@type":"WebPage","@id":"https:\/\/apuntesdesanluis.com\/index.php\/2024\/07\/29\/propietarios-del-campo-el-cabure-denunciaron-desalojo-ilegal-por-parte-del-gobierno\/","url":"https:\/\/apuntesdesanluis.com\/index.php\/2024\/07\/29\/propietarios-del-campo-el-cabure-denunciaron-desalojo-ilegal-por-parte-del-gobierno\/","name":"PROPIETARIOS DEL CAMPO \u201cEL CABUR\u00c9\u201d DENUNCIARON DESALOJO ILEGAL POR PARTE DEL GOBIERNO - Apuntes de San Luis","isPartOf":{"@id":"https:\/\/apuntesdesanluis.com\/#website"},"primaryImageOfPage":{"@id":"https:\/\/apuntesdesanluis.com\/index.php\/2024\/07\/29\/propietarios-del-campo-el-cabure-denunciaron-desalojo-ilegal-por-parte-del-gobierno\/#primaryimage"},"image":{"@id":"https:\/\/apuntesdesanluis.com\/index.php\/2024\/07\/29\/propietarios-del-campo-el-cabure-denunciaron-desalojo-ilegal-por-parte-del-gobierno\/#primaryimage"},"thumbnailUrl":"https:\/\/apuntesdesanluis.com\/wp-content\/uploads\/2024\/07\/el-cabure.png","datePublished":"2024-07-30T01:27:58+00:00","breadcrumb":{"@id":"https:\/\/apuntesdesanluis.com\/index.php\/2024\/07\/29\/propietarios-del-campo-el-cabure-denunciaron-desalojo-ilegal-por-parte-del-gobierno\/#breadcrumb"},"inLanguage":"es-AR","potentialAction":[{"@type":"ReadAction","target":["https:\/\/apuntesdesanluis.com\/index.php\/2024\/07\/29\/propietarios-del-campo-el-cabure-denunciaron-desalojo-ilegal-por-parte-del-gobierno\/"]}]},{"@type":"ImageObject","inLanguage":"es-AR","@id":"https:\/\/apuntesdesanluis.com\/index.php\/2024\/07\/29\/propietarios-del-campo-el-cabure-denunciaron-desalojo-ilegal-por-parte-del-gobierno\/#primaryimage","url":"https:\/\/apuntesdesanluis.com\/wp-content\/uploads\/2024\/07\/el-cabure.png","contentUrl":"https:\/\/apuntesdesanluis.com\/wp-content\/uploads\/2024\/07\/el-cabure.png","width":700,"height":429},{"@type":"BreadcrumbList","@id":"https:\/\/apuntesdesanluis.com\/index.php\/2024\/07\/29\/propietarios-del-campo-el-cabure-denunciaron-desalojo-ilegal-por-parte-del-gobierno\/#breadcrumb","itemListElement":[{"@type":"ListItem","position":1,"name":"Inicio","item":"https:\/\/apuntesdesanluis.com\/"},{"@type":"ListItem","position":2,"name":"PROPIETARIOS DEL CAMPO \u201cEL CABUR\u00c9\u201d DENUNCIARON DESALOJO ILEGAL POR PARTE DEL GOBIERNO"}]},{"@type":"WebSite","@id":"https:\/\/apuntesdesanluis.com\/#website","url":"https:\/\/apuntesdesanluis.com\/","name":"Apuntes de San Luis","description":"","publisher":{"@id":"https:\/\/apuntesdesanluis.com\/#\/schema\/person\/b55151d52296fcce64d1a72538a70b90"},"potentialAction":[{"@type":"SearchAction","target":{"@type":"EntryPoint","urlTemplate":"https:\/\/apuntesdesanluis.com\/?s={search_term_string}"},"query-input":{"@type":"PropertyValueSpecification","valueRequired":true,"valueName":"search_term_string"}}],"inLanguage":"es-AR"},{"@type":["Person","Organization"],"@id":"https:\/\/apuntesdesanluis.com\/#\/schema\/person\/b55151d52296fcce64d1a72538a70b90","name":"apuntesdesanluis.com","image":{"@type":"ImageObject","inLanguage":"es-AR","@id":"https:\/\/apuntesdesanluis.com\/#\/schema\/person\/image\/","url":"https:\/\/apuntesdesanluis.com\/wp-content\/uploads\/2023\/07\/cropped-apuntesdesanluis.png","contentUrl":"https:\/\/apuntesdesanluis.com\/wp-content\/uploads\/2023\/07\/cropped-apuntesdesanluis.png","width":450,"height":112,"caption":"apuntesdesanluis.com"},"logo":{"@id":"https:\/\/apuntesdesanluis.com\/#\/schema\/person\/image\/"},"sameAs":["https:\/\/apuntesdesanluis.com"],"url":"https:\/\/apuntesdesanluis.com\/index.php\/author\/apuntesdesanluis-com\/"}]}},"featured_image_urls":{"full":["https:\/\/apuntesdesanluis.com\/wp-content\/uploads\/2024\/07\/el-cabure.png",700,429,false],"thumbnail":["https:\/\/apuntesdesanluis.com\/wp-content\/uploads\/2024\/07\/el-cabure-150x150.png",150,150,true],"medium":["https:\/\/apuntesdesanluis.com\/wp-content\/uploads\/2024\/07\/el-cabure-300x184.png",300,184,true],"medium_large":["https:\/\/apuntesdesanluis.com\/wp-content\/uploads\/2024\/07\/el-cabure.png",640,392,false],"large":["https:\/\/apuntesdesanluis.com\/wp-content\/uploads\/2024\/07\/el-cabure.png",640,392,false],"1536x1536":["https:\/\/apuntesdesanluis.com\/wp-content\/uploads\/2024\/07\/el-cabure.png",700,429,false],"2048x2048":["https:\/\/apuntesdesanluis.com\/wp-content\/uploads\/2024\/07\/el-cabure.png",700,429,false],"newsever-slider-full":["https:\/\/apuntesdesanluis.com\/wp-content\/uploads\/2024\/07\/el-cabure.png",700,429,false],"newsever-featured":["https:\/\/apuntesdesanluis.com\/wp-content\/uploads\/2024\/07\/el-cabure.png",700,429,false],"newsever-medium":["https:\/\/apuntesdesanluis.com\/wp-content\/uploads\/2024\/07\/el-cabure.png",700,429,false]},"author_info":{"display_name":"apuntesdesanluis.com","author_link":"https:\/\/apuntesdesanluis.com\/index.php\/author\/apuntesdesanluis-com\/"},"category_info":"<a href=\"https:\/\/apuntesdesanluis.com\/index.php\/category\/ciudad-provincia\/\" rel=\"category tag\">Ciudad\/Provincia<\/a>","tag_info":"Ciudad\/Provincia","comment_count":"0","_links":{"self":[{"href":"https:\/\/apuntesdesanluis.com\/index.php\/wp-json\/wp\/v2\/posts\/20010","targetHints":{"allow":["GET"]}}],"collection":[{"href":"https:\/\/apuntesdesanluis.com\/index.php\/wp-json\/wp\/v2\/posts"}],"about":[{"href":"https:\/\/apuntesdesanluis.com\/index.php\/wp-json\/wp\/v2\/types\/post"}],"author":[{"embeddable":true,"href":"https:\/\/apuntesdesanluis.com\/index.php\/wp-json\/wp\/v2\/users\/1"}],"replies":[{"embeddable":true,"href":"https:\/\/apuntesdesanluis.com\/index.php\/wp-json\/wp\/v2\/comments?post=20010"}],"version-history":[{"count":1,"href":"https:\/\/apuntesdesanluis.com\/index.php\/wp-json\/wp\/v2\/posts\/20010\/revisions"}],"predecessor-version":[{"id":20012,"href":"https:\/\/apuntesdesanluis.com\/index.php\/wp-json\/wp\/v2\/posts\/20010\/revisions\/20012"}],"wp:featuredmedia":[{"embeddable":true,"href":"https:\/\/apuntesdesanluis.com\/index.php\/wp-json\/wp\/v2\/media\/20011"}],"wp:attachment":[{"href":"https:\/\/apuntesdesanluis.com\/index.php\/wp-json\/wp\/v2\/media?parent=20010"}],"wp:term":[{"taxonomy":"category","embeddable":true,"href":"https:\/\/apuntesdesanluis.com\/index.php\/wp-json\/wp\/v2\/categories?post=20010"},{"taxonomy":"post_tag","embeddable":true,"href":"https:\/\/apuntesdesanluis.com\/index.php\/wp-json\/wp\/v2\/tags?post=20010"}],"curies":[{"name":"wp","href":"https:\/\/api.w.org\/{rel}","templated":true}]}}