{"id":20017,"date":"2024-07-29T22:52:20","date_gmt":"2024-07-30T01:52:20","guid":{"rendered":"https:\/\/apuntesdesanluis.com\/?p=20017"},"modified":"2024-07-29T22:52:20","modified_gmt":"2024-07-30T01:52:20","slug":"todo-mal-no-logro-abrir-una-camioneta-tampoco-un-porton-quiso-huir-y-encima-fue-atrapado","status":"publish","type":"post","link":"https:\/\/apuntesdesanluis.com\/index.php\/2024\/07\/29\/todo-mal-no-logro-abrir-una-camioneta-tampoco-un-porton-quiso-huir-y-encima-fue-atrapado\/","title":{"rendered":"TODO MAL: NO LOGR\u00d3 ABRIR UNA CAMIONETA, TAMPOCO UN PORT\u00d3N, QUISO HUIR Y ENCIMA FUE ATRAPADO"},"content":{"rendered":"<h3>En las \u00faltimas horas, polic\u00edas de la Comisar\u00eda Seccional 8\u00b0 demoraron a un hombre de 36 a\u00f1os de edad en la ciudad de Villa Mercedes.<\/h3>\n<h3>Mientras realizaban recorridos de prevenci\u00f3n, los uniformados fueron alertados por el Centro de Atenci\u00f3n de Emergencias 911 que en calle Jun\u00edn al 400 el sujeto hab\u00eda intentado abrir una camioneta Volkswagen Amarok con intenciones de robo. Al llegar al lugar, los efectivos se entrevistaron con el propietario de la camioneta, quien les afirm\u00f3 que el sujeto hab\u00eda forzado la puerta del veh\u00edculo y al no poder abrirla se retir\u00f3 de ese sitio.<\/h3>\n<h3>Adem\u00e1s, se supo que en inmediaciones de las calles Jun\u00edn y Santiago Baigorria intent\u00f3 abrir el port\u00f3n de una vivienda pero tampoco logr\u00f3 su prop\u00f3sito.<\/h3>\n<h3>Los uniformados realizaron un recorrido por la zona en inmediaciones de las calles Dr. Mestre y Pescadores y lograron interceptar al sujeto, el cual al ser identificado forceje\u00f3 con los polic\u00edas, se dio a la fuga, pero a los metros fue nuevamente interceptado y demorado.<\/h3>\n<h3>Tom\u00f3 intervenci\u00f3n la Fiscal\u00eda de Instrucci\u00f3n N\u00b0 1 de la Segunda Circunscripci\u00f3n Judicial, a cargo del Dr. Maximiliano Bazla, quien en base a las entrevistas y evidencias colectadas en el marco de la causa \u201cAveriguaci\u00f3n hurto simple en grado de tentativa, violaci\u00f3n de domicilio y resistencia a la autoridad, todo en concurso real\u201d, orden\u00f3 la detenci\u00f3n del individuo.<\/h3>\n<p>&nbsp;<\/p>\n<p>&nbsp;<\/p>\n<p>&nbsp;<\/p>\n","protected":false},"excerpt":{"rendered":"<p>En las \u00faltimas horas, polic\u00edas de la Comisar\u00eda Seccional 8\u00b0 demoraron a un hombre de&#8230;<\/p>\n","protected":false},"author":1,"featured_media":20018,"comment_status":"closed","ping_status":"closed","sticky":false,"template":"","format":"standard","meta":{"footnotes":""},"categories":[6],"tags":[],"class_list":["post-20017","post","type-post","status-publish","format-standard","has-post-thumbnail","hentry","category-ciudad-provincia"],"yoast_head":"<!-- This site is optimized with the Yoast SEO plugin v26.1.1 - https:\/\/yoast.com\/wordpress\/plugins\/seo\/ -->\n<title>TODO MAL: NO LOGR\u00d3 ABRIR UNA CAMIONETA, TAMPOCO UN PORT\u00d3N, QUISO HUIR Y ENCIMA FUE ATRAPADO - Apuntes de San Luis<\/title>\n<meta name=\"robots\" content=\"index, follow, max-snippet:-1, max-image-preview:large, max-video-preview:-1\" \/>\n<link rel=\"canonical\" href=\"https:\/\/apuntesdesanluis.com\/index.php\/2024\/07\/29\/todo-mal-no-logro-abrir-una-camioneta-tampoco-un-porton-quiso-huir-y-encima-fue-atrapado\/\" \/>\n<meta property=\"og:locale\" content=\"es_ES\" \/>\n<meta property=\"og:type\" content=\"article\" \/>\n<meta property=\"og:title\" content=\"TODO MAL: NO LOGR\u00d3 ABRIR UNA CAMIONETA, TAMPOCO UN PORT\u00d3N, QUISO HUIR Y ENCIMA FUE ATRAPADO - Apuntes de San Luis\" \/>\n<meta property=\"og:description\" content=\"En las \u00faltimas horas, polic\u00edas de la Comisar\u00eda Seccional 8\u00b0 demoraron a un hombre de...\" \/>\n<meta property=\"og:url\" content=\"https:\/\/apuntesdesanluis.com\/index.php\/2024\/07\/29\/todo-mal-no-logro-abrir-una-camioneta-tampoco-un-porton-quiso-huir-y-encima-fue-atrapado\/\" \/>\n<meta property=\"og:site_name\" content=\"Apuntes de San Luis\" \/>\n<meta property=\"article:published_time\" content=\"2024-07-30T01:52:20+00:00\" \/>\n<meta property=\"og:image\" content=\"https:\/\/apuntesdesanluis.com\/wp-content\/uploads\/2024\/07\/DETENIDO.jpg\" \/>\n\t<meta property=\"og:image:width\" content=\"700\" \/>\n\t<meta property=\"og:image:height\" content=\"437\" \/>\n\t<meta property=\"og:image:type\" content=\"image\/jpeg\" \/>\n<meta name=\"author\" content=\"apuntesdesanluis.com\" \/>\n<meta name=\"twitter:card\" content=\"summary_large_image\" \/>\n<meta name=\"twitter:label1\" content=\"Escrito por\" \/>\n\t<meta name=\"twitter:data1\" content=\"apuntesdesanluis.com\" \/>\n\t<meta name=\"twitter:label2\" content=\"Tiempo de lectura\" \/>\n\t<meta name=\"twitter:data2\" content=\"2 minutos\" \/>\n<script type=\"application\/ld+json\" class=\"yoast-schema-graph\">{\"@context\":\"https:\/\/schema.org\",\"@graph\":[{\"@type\":\"Article\",\"@id\":\"https:\/\/apuntesdesanluis.com\/index.php\/2024\/07\/29\/todo-mal-no-logro-abrir-una-camioneta-tampoco-un-porton-quiso-huir-y-encima-fue-atrapado\/#article\",\"isPartOf\":{\"@id\":\"https:\/\/apuntesdesanluis.com\/index.php\/2024\/07\/29\/todo-mal-no-logro-abrir-una-camioneta-tampoco-un-porton-quiso-huir-y-encima-fue-atrapado\/\"},\"author\":{\"name\":\"apuntesdesanluis.com\",\"@id\":\"https:\/\/apuntesdesanluis.com\/#\/schema\/person\/b55151d52296fcce64d1a72538a70b90\"},\"headline\":\"TODO MAL: NO LOGR\u00d3 ABRIR UNA CAMIONETA, TAMPOCO UN PORT\u00d3N, QUISO HUIR Y ENCIMA FUE ATRAPADO\",\"datePublished\":\"2024-07-30T01:52:20+00:00\",\"mainEntityOfPage\":{\"@id\":\"https:\/\/apuntesdesanluis.com\/index.php\/2024\/07\/29\/todo-mal-no-logro-abrir-una-camioneta-tampoco-un-porton-quiso-huir-y-encima-fue-atrapado\/\"},\"wordCount\":261,\"publisher\":{\"@id\":\"https:\/\/apuntesdesanluis.com\/#\/schema\/person\/b55151d52296fcce64d1a72538a70b90\"},\"image\":{\"@id\":\"https:\/\/apuntesdesanluis.com\/index.php\/2024\/07\/29\/todo-mal-no-logro-abrir-una-camioneta-tampoco-un-porton-quiso-huir-y-encima-fue-atrapado\/#primaryimage\"},\"thumbnailUrl\":\"https:\/\/apuntesdesanluis.com\/wp-content\/uploads\/2024\/07\/DETENIDO.jpg\",\"articleSection\":[\"Ciudad\/Provincia\"],\"inLanguage\":\"es-AR\"},{\"@type\":\"WebPage\",\"@id\":\"https:\/\/apuntesdesanluis.com\/index.php\/2024\/07\/29\/todo-mal-no-logro-abrir-una-camioneta-tampoco-un-porton-quiso-huir-y-encima-fue-atrapado\/\",\"url\":\"https:\/\/apuntesdesanluis.com\/index.php\/2024\/07\/29\/todo-mal-no-logro-abrir-una-camioneta-tampoco-un-porton-quiso-huir-y-encima-fue-atrapado\/\",\"name\":\"TODO MAL: NO LOGR\u00d3 ABRIR UNA CAMIONETA, TAMPOCO UN PORT\u00d3N, QUISO HUIR Y ENCIMA FUE ATRAPADO - Apuntes de San Luis\",\"isPartOf\":{\"@id\":\"https:\/\/apuntesdesanluis.com\/#website\"},\"primaryImageOfPage\":{\"@id\":\"https:\/\/apuntesdesanluis.com\/index.php\/2024\/07\/29\/todo-mal-no-logro-abrir-una-camioneta-tampoco-un-porton-quiso-huir-y-encima-fue-atrapado\/#primaryimage\"},\"image\":{\"@id\":\"https:\/\/apuntesdesanluis.com\/index.php\/2024\/07\/29\/todo-mal-no-logro-abrir-una-camioneta-tampoco-un-porton-quiso-huir-y-encima-fue-atrapado\/#primaryimage\"},\"thumbnailUrl\":\"https:\/\/apuntesdesanluis.com\/wp-content\/uploads\/2024\/07\/DETENIDO.jpg\",\"datePublished\":\"2024-07-30T01:52:20+00:00\",\"breadcrumb\":{\"@id\":\"https:\/\/apuntesdesanluis.com\/index.php\/2024\/07\/29\/todo-mal-no-logro-abrir-una-camioneta-tampoco-un-porton-quiso-huir-y-encima-fue-atrapado\/#breadcrumb\"},\"inLanguage\":\"es-AR\",\"potentialAction\":[{\"@type\":\"ReadAction\",\"target\":[\"https:\/\/apuntesdesanluis.com\/index.php\/2024\/07\/29\/todo-mal-no-logro-abrir-una-camioneta-tampoco-un-porton-quiso-huir-y-encima-fue-atrapado\/\"]}]},{\"@type\":\"ImageObject\",\"inLanguage\":\"es-AR\",\"@id\":\"https:\/\/apuntesdesanluis.com\/index.php\/2024\/07\/29\/todo-mal-no-logro-abrir-una-camioneta-tampoco-un-porton-quiso-huir-y-encima-fue-atrapado\/#primaryimage\",\"url\":\"https:\/\/apuntesdesanluis.com\/wp-content\/uploads\/2024\/07\/DETENIDO.jpg\",\"contentUrl\":\"https:\/\/apuntesdesanluis.com\/wp-content\/uploads\/2024\/07\/DETENIDO.jpg\",\"width\":700,\"height\":437},{\"@type\":\"BreadcrumbList\",\"@id\":\"https:\/\/apuntesdesanluis.com\/index.php\/2024\/07\/29\/todo-mal-no-logro-abrir-una-camioneta-tampoco-un-porton-quiso-huir-y-encima-fue-atrapado\/#breadcrumb\",\"itemListElement\":[{\"@type\":\"ListItem\",\"position\":1,\"name\":\"Inicio\",\"item\":\"https:\/\/apuntesdesanluis.com\/\"},{\"@type\":\"ListItem\",\"position\":2,\"name\":\"TODO MAL: NO LOGR\u00d3 ABRIR UNA CAMIONETA, TAMPOCO UN PORT\u00d3N, QUISO HUIR Y ENCIMA FUE ATRAPADO\"}]},{\"@type\":\"WebSite\",\"@id\":\"https:\/\/apuntesdesanluis.com\/#website\",\"url\":\"https:\/\/apuntesdesanluis.com\/\",\"name\":\"Apuntes de San Luis\",\"description\":\"\",\"publisher\":{\"@id\":\"https:\/\/apuntesdesanluis.com\/#\/schema\/person\/b55151d52296fcce64d1a72538a70b90\"},\"potentialAction\":[{\"@type\":\"SearchAction\",\"target\":{\"@type\":\"EntryPoint\",\"urlTemplate\":\"https:\/\/apuntesdesanluis.com\/?s={search_term_string}\"},\"query-input\":{\"@type\":\"PropertyValueSpecification\",\"valueRequired\":true,\"valueName\":\"search_term_string\"}}],\"inLanguage\":\"es-AR\"},{\"@type\":[\"Person\",\"Organization\"],\"@id\":\"https:\/\/apuntesdesanluis.com\/#\/schema\/person\/b55151d52296fcce64d1a72538a70b90\",\"name\":\"apuntesdesanluis.com\",\"image\":{\"@type\":\"ImageObject\",\"inLanguage\":\"es-AR\",\"@id\":\"https:\/\/apuntesdesanluis.com\/#\/schema\/person\/image\/\",\"url\":\"https:\/\/apuntesdesanluis.com\/wp-content\/uploads\/2023\/07\/cropped-apuntesdesanluis.png\",\"contentUrl\":\"https:\/\/apuntesdesanluis.com\/wp-content\/uploads\/2023\/07\/cropped-apuntesdesanluis.png\",\"width\":450,\"height\":112,\"caption\":\"apuntesdesanluis.com\"},\"logo\":{\"@id\":\"https:\/\/apuntesdesanluis.com\/#\/schema\/person\/image\/\"},\"sameAs\":[\"https:\/\/apuntesdesanluis.com\"],\"url\":\"https:\/\/apuntesdesanluis.com\/index.php\/author\/apuntesdesanluis-com\/\"}]}<\/script>\n<!-- \/ Yoast SEO plugin. -->","yoast_head_json":{"title":"TODO MAL: NO LOGR\u00d3 ABRIR UNA CAMIONETA, TAMPOCO UN PORT\u00d3N, QUISO HUIR Y ENCIMA FUE ATRAPADO - Apuntes de San Luis","robots":{"index":"index","follow":"follow","max-snippet":"max-snippet:-1","max-image-preview":"max-image-preview:large","max-video-preview":"max-video-preview:-1"},"canonical":"https:\/\/apuntesdesanluis.com\/index.php\/2024\/07\/29\/todo-mal-no-logro-abrir-una-camioneta-tampoco-un-porton-quiso-huir-y-encima-fue-atrapado\/","og_locale":"es_ES","og_type":"article","og_title":"TODO MAL: NO LOGR\u00d3 ABRIR UNA CAMIONETA, TAMPOCO UN PORT\u00d3N, QUISO HUIR Y ENCIMA FUE ATRAPADO - Apuntes de San Luis","og_description":"En las \u00faltimas horas, polic\u00edas de la Comisar\u00eda Seccional 8\u00b0 demoraron a un hombre de...","og_url":"https:\/\/apuntesdesanluis.com\/index.php\/2024\/07\/29\/todo-mal-no-logro-abrir-una-camioneta-tampoco-un-porton-quiso-huir-y-encima-fue-atrapado\/","og_site_name":"Apuntes de San Luis","article_published_time":"2024-07-30T01:52:20+00:00","og_image":[{"width":700,"height":437,"url":"https:\/\/apuntesdesanluis.com\/wp-content\/uploads\/2024\/07\/DETENIDO.jpg","type":"image\/jpeg"}],"author":"apuntesdesanluis.com","twitter_card":"summary_large_image","twitter_misc":{"Escrito por":"apuntesdesanluis.com","Tiempo de lectura":"2 minutos"},"schema":{"@context":"https:\/\/schema.org","@graph":[{"@type":"Article","@id":"https:\/\/apuntesdesanluis.com\/index.php\/2024\/07\/29\/todo-mal-no-logro-abrir-una-camioneta-tampoco-un-porton-quiso-huir-y-encima-fue-atrapado\/#article","isPartOf":{"@id":"https:\/\/apuntesdesanluis.com\/index.php\/2024\/07\/29\/todo-mal-no-logro-abrir-una-camioneta-tampoco-un-porton-quiso-huir-y-encima-fue-atrapado\/"},"author":{"name":"apuntesdesanluis.com","@id":"https:\/\/apuntesdesanluis.com\/#\/schema\/person\/b55151d52296fcce64d1a72538a70b90"},"headline":"TODO MAL: NO LOGR\u00d3 ABRIR UNA CAMIONETA, TAMPOCO UN PORT\u00d3N, QUISO HUIR Y ENCIMA FUE ATRAPADO","datePublished":"2024-07-30T01:52:20+00:00","mainEntityOfPage":{"@id":"https:\/\/apuntesdesanluis.com\/index.php\/2024\/07\/29\/todo-mal-no-logro-abrir-una-camioneta-tampoco-un-porton-quiso-huir-y-encima-fue-atrapado\/"},"wordCount":261,"publisher":{"@id":"https:\/\/apuntesdesanluis.com\/#\/schema\/person\/b55151d52296fcce64d1a72538a70b90"},"image":{"@id":"https:\/\/apuntesdesanluis.com\/index.php\/2024\/07\/29\/todo-mal-no-logro-abrir-una-camioneta-tampoco-un-porton-quiso-huir-y-encima-fue-atrapado\/#primaryimage"},"thumbnailUrl":"https:\/\/apuntesdesanluis.com\/wp-content\/uploads\/2024\/07\/DETENIDO.jpg","articleSection":["Ciudad\/Provincia"],"inLanguage":"es-AR"},{"@type":"WebPage","@id":"https:\/\/apuntesdesanluis.com\/index.php\/2024\/07\/29\/todo-mal-no-logro-abrir-una-camioneta-tampoco-un-porton-quiso-huir-y-encima-fue-atrapado\/","url":"https:\/\/apuntesdesanluis.com\/index.php\/2024\/07\/29\/todo-mal-no-logro-abrir-una-camioneta-tampoco-un-porton-quiso-huir-y-encima-fue-atrapado\/","name":"TODO MAL: NO LOGR\u00d3 ABRIR UNA CAMIONETA, TAMPOCO UN PORT\u00d3N, QUISO HUIR Y ENCIMA FUE ATRAPADO - Apuntes de San Luis","isPartOf":{"@id":"https:\/\/apuntesdesanluis.com\/#website"},"primaryImageOfPage":{"@id":"https:\/\/apuntesdesanluis.com\/index.php\/2024\/07\/29\/todo-mal-no-logro-abrir-una-camioneta-tampoco-un-porton-quiso-huir-y-encima-fue-atrapado\/#primaryimage"},"image":{"@id":"https:\/\/apuntesdesanluis.com\/index.php\/2024\/07\/29\/todo-mal-no-logro-abrir-una-camioneta-tampoco-un-porton-quiso-huir-y-encima-fue-atrapado\/#primaryimage"},"thumbnailUrl":"https:\/\/apuntesdesanluis.com\/wp-content\/uploads\/2024\/07\/DETENIDO.jpg","datePublished":"2024-07-30T01:52:20+00:00","breadcrumb":{"@id":"https:\/\/apuntesdesanluis.com\/index.php\/2024\/07\/29\/todo-mal-no-logro-abrir-una-camioneta-tampoco-un-porton-quiso-huir-y-encima-fue-atrapado\/#breadcrumb"},"inLanguage":"es-AR","potentialAction":[{"@type":"ReadAction","target":["https:\/\/apuntesdesanluis.com\/index.php\/2024\/07\/29\/todo-mal-no-logro-abrir-una-camioneta-tampoco-un-porton-quiso-huir-y-encima-fue-atrapado\/"]}]},{"@type":"ImageObject","inLanguage":"es-AR","@id":"https:\/\/apuntesdesanluis.com\/index.php\/2024\/07\/29\/todo-mal-no-logro-abrir-una-camioneta-tampoco-un-porton-quiso-huir-y-encima-fue-atrapado\/#primaryimage","url":"https:\/\/apuntesdesanluis.com\/wp-content\/uploads\/2024\/07\/DETENIDO.jpg","contentUrl":"https:\/\/apuntesdesanluis.com\/wp-content\/uploads\/2024\/07\/DETENIDO.jpg","width":700,"height":437},{"@type":"BreadcrumbList","@id":"https:\/\/apuntesdesanluis.com\/index.php\/2024\/07\/29\/todo-mal-no-logro-abrir-una-camioneta-tampoco-un-porton-quiso-huir-y-encima-fue-atrapado\/#breadcrumb","itemListElement":[{"@type":"ListItem","position":1,"name":"Inicio","item":"https:\/\/apuntesdesanluis.com\/"},{"@type":"ListItem","position":2,"name":"TODO MAL: NO LOGR\u00d3 ABRIR UNA CAMIONETA, TAMPOCO UN PORT\u00d3N, QUISO HUIR Y ENCIMA FUE ATRAPADO"}]},{"@type":"WebSite","@id":"https:\/\/apuntesdesanluis.com\/#website","url":"https:\/\/apuntesdesanluis.com\/","name":"Apuntes de San Luis","description":"","publisher":{"@id":"https:\/\/apuntesdesanluis.com\/#\/schema\/person\/b55151d52296fcce64d1a72538a70b90"},"potentialAction":[{"@type":"SearchAction","target":{"@type":"EntryPoint","urlTemplate":"https:\/\/apuntesdesanluis.com\/?s={search_term_string}"},"query-input":{"@type":"PropertyValueSpecification","valueRequired":true,"valueName":"search_term_string"}}],"inLanguage":"es-AR"},{"@type":["Person","Organization"],"@id":"https:\/\/apuntesdesanluis.com\/#\/schema\/person\/b55151d52296fcce64d1a72538a70b90","name":"apuntesdesanluis.com","image":{"@type":"ImageObject","inLanguage":"es-AR","@id":"https:\/\/apuntesdesanluis.com\/#\/schema\/person\/image\/","url":"https:\/\/apuntesdesanluis.com\/wp-content\/uploads\/2023\/07\/cropped-apuntesdesanluis.png","contentUrl":"https:\/\/apuntesdesanluis.com\/wp-content\/uploads\/2023\/07\/cropped-apuntesdesanluis.png","width":450,"height":112,"caption":"apuntesdesanluis.com"},"logo":{"@id":"https:\/\/apuntesdesanluis.com\/#\/schema\/person\/image\/"},"sameAs":["https:\/\/apuntesdesanluis.com"],"url":"https:\/\/apuntesdesanluis.com\/index.php\/author\/apuntesdesanluis-com\/"}]}},"featured_image_urls":{"full":["https:\/\/apuntesdesanluis.com\/wp-content\/uploads\/2024\/07\/DETENIDO.jpg",700,437,false],"thumbnail":["https:\/\/apuntesdesanluis.com\/wp-content\/uploads\/2024\/07\/DETENIDO-150x150.jpg",150,150,true],"medium":["https:\/\/apuntesdesanluis.com\/wp-content\/uploads\/2024\/07\/DETENIDO-300x187.jpg",300,187,true],"medium_large":["https:\/\/apuntesdesanluis.com\/wp-content\/uploads\/2024\/07\/DETENIDO.jpg",640,400,false],"large":["https:\/\/apuntesdesanluis.com\/wp-content\/uploads\/2024\/07\/DETENIDO.jpg",640,400,false],"1536x1536":["https:\/\/apuntesdesanluis.com\/wp-content\/uploads\/2024\/07\/DETENIDO.jpg",700,437,false],"2048x2048":["https:\/\/apuntesdesanluis.com\/wp-content\/uploads\/2024\/07\/DETENIDO.jpg",700,437,false],"newsever-slider-full":["https:\/\/apuntesdesanluis.com\/wp-content\/uploads\/2024\/07\/DETENIDO.jpg",700,437,false],"newsever-featured":["https:\/\/apuntesdesanluis.com\/wp-content\/uploads\/2024\/07\/DETENIDO.jpg",700,437,false],"newsever-medium":["https:\/\/apuntesdesanluis.com\/wp-content\/uploads\/2024\/07\/DETENIDO.jpg",700,437,false]},"author_info":{"display_name":"apuntesdesanluis.com","author_link":"https:\/\/apuntesdesanluis.com\/index.php\/author\/apuntesdesanluis-com\/"},"category_info":"<a href=\"https:\/\/apuntesdesanluis.com\/index.php\/category\/ciudad-provincia\/\" rel=\"category tag\">Ciudad\/Provincia<\/a>","tag_info":"Ciudad\/Provincia","comment_count":"0","_links":{"self":[{"href":"https:\/\/apuntesdesanluis.com\/index.php\/wp-json\/wp\/v2\/posts\/20017","targetHints":{"allow":["GET"]}}],"collection":[{"href":"https:\/\/apuntesdesanluis.com\/index.php\/wp-json\/wp\/v2\/posts"}],"about":[{"href":"https:\/\/apuntesdesanluis.com\/index.php\/wp-json\/wp\/v2\/types\/post"}],"author":[{"embeddable":true,"href":"https:\/\/apuntesdesanluis.com\/index.php\/wp-json\/wp\/v2\/users\/1"}],"replies":[{"embeddable":true,"href":"https:\/\/apuntesdesanluis.com\/index.php\/wp-json\/wp\/v2\/comments?post=20017"}],"version-history":[{"count":1,"href":"https:\/\/apuntesdesanluis.com\/index.php\/wp-json\/wp\/v2\/posts\/20017\/revisions"}],"predecessor-version":[{"id":20019,"href":"https:\/\/apuntesdesanluis.com\/index.php\/wp-json\/wp\/v2\/posts\/20017\/revisions\/20019"}],"wp:featuredmedia":[{"embeddable":true,"href":"https:\/\/apuntesdesanluis.com\/index.php\/wp-json\/wp\/v2\/media\/20018"}],"wp:attachment":[{"href":"https:\/\/apuntesdesanluis.com\/index.php\/wp-json\/wp\/v2\/media?parent=20017"}],"wp:term":[{"taxonomy":"category","embeddable":true,"href":"https:\/\/apuntesdesanluis.com\/index.php\/wp-json\/wp\/v2\/categories?post=20017"},{"taxonomy":"post_tag","embeddable":true,"href":"https:\/\/apuntesdesanluis.com\/index.php\/wp-json\/wp\/v2\/tags?post=20017"}],"curies":[{"name":"wp","href":"https:\/\/api.w.org\/{rel}","templated":true}]}}