{"id":20030,"date":"2024-07-29T22:45:44","date_gmt":"2024-07-30T01:45:44","guid":{"rendered":"https:\/\/apuntesdesanluis.com\/?p=20030"},"modified":"2024-07-29T23:29:28","modified_gmt":"2024-07-30T02:29:28","slug":"analizan-la-adhesion-de-la-provincia-a-la-cedula-escolar-nacional","status":"publish","type":"post","link":"https:\/\/apuntesdesanluis.com\/index.php\/2024\/07\/29\/analizan-la-adhesion-de-la-provincia-a-la-cedula-escolar-nacional\/","title":{"rendered":"ANALIZAN LA ADHESI\u00d3N DE LA PROVINCIA A LA C\u00c9DULA ESCOLAR NACIONAL"},"content":{"rendered":"<h3>Este lunes, en la Comisi\u00f3n de Educaci\u00f3n, Ciencia e Innovaci\u00f3n, los senadores de los nueve departamentos de la provincia recibieron a la directora de Innovaci\u00f3n y Planeamiento del ministerio de Educaci\u00f3n, <strong>Virginia Petrino<\/strong>, para dialogar sobre el proyecto de adhesi\u00f3n al programa <strong>C\u00e9dula Escolar Nacional<\/strong> que envi\u00f3 el Ejecutivo a la Legislatura como parte de las pol\u00edticas educativas impulsadas por el gobernador Claudio Poggi.<\/h3>\n<h3>El proyecto tiene como objetivo identificar los chicos y j\u00f3venes en edad de escolaridad obligatoria que se encuentran fuera del sistema educativo, ya sea porque nunca ingresaron o porque habiendo comenzado no continuaron, para luego implementar acciones que permitan incorporarlos.<\/h3>\n<h3>Este programa permitir\u00e1 tambi\u00e9n mantener un registro detallado de la historia acad\u00e9mica de todos los estudiantes a trav\u00e9s de la plataforma provincial 3.0 y el Sistema Integral de Informaci\u00f3n Digital Educativa (SInIDE), con aspectos personales, socioecon\u00f3micos, de asistencia y desempe\u00f1o escolar de cada alumno.<\/h3>\n<h3>Con estos datos se podr\u00e1 desarrollar un sistema de alerta temprana (SAT) para identificar se\u00f1ales problem\u00e1ticas a tiempo y poder intervenir. Los SAT son una herramienta recomendada por organismos especializados para proteger las trayectorias escolares y prevenir el abandono escolar. Est\u00e1n dise\u00f1ados para identificar a estudiantes en riesgo y a quienes ya dejaron de asistir a la escuela, y permiten organizar acciones espec\u00edficas para evitar que se llegue a ese punto.<\/h3>\n<h3><img fetchpriority=\"high\" decoding=\"async\" class=\"wp-image-20032 aligncenter\" src=\"https:\/\/apuntesdesanluis.com\/wp-content\/uploads\/2024\/07\/OVIEDO-SENADOR-300x155.png\" alt=\"\" width=\"588\" height=\"304\" srcset=\"https:\/\/apuntesdesanluis.com\/wp-content\/uploads\/2024\/07\/OVIEDO-SENADOR-300x155.png 300w, https:\/\/apuntesdesanluis.com\/wp-content\/uploads\/2024\/07\/OVIEDO-SENADOR.png 600w\" sizes=\"(max-width: 588px) 100vw, 588px\" \/><\/h3>\n<h3>Los SAT identifican factores que anticipan el abandono, como inasistencias reiteradas, problemas de rendimiento o bajo sentido de pertenencia, para poder intervenir tempranamente. La direcci\u00f3n de Innovaci\u00f3n y Planeamiento ser\u00e1 la encargada de identificar estas se\u00f1ales y coordinar las intervenciones necesarias.<\/h3>\n<h3>El senador por Ayacucho y vicepresidente de la Comisi\u00f3n, Diego Garc\u00eda, expres\u00f3 su compromiso para ayudar a mejorar la educaci\u00f3n p\u00fablica en la provincia: \u201cEs muy importante trabajar juntos y escucharnos mutuamente, ya que de esa manera vamos a seguir construyendo una educaci\u00f3n p\u00fablica de calidad que todos los puntanos merecemos y un lugar de contenci\u00f3n para ni\u00f1as, ni\u00f1os y adolescentes. Es fundamental ir en b\u00fasqueda de aquellos que hoy no est\u00e1n en el sistema educativo por distintas cuestiones. Esa inclusi\u00f3n es una de las pol\u00edticas m\u00e1s importantes que el Gobernador lleva adelante\u201d, se\u00f1al\u00f3.<\/h3>\n<p>&nbsp;<\/p>\n<p>&nbsp;<\/p>\n<p>&nbsp;<\/p>\n<p>&nbsp;<\/p>\n<p>&nbsp;<\/p>\n<p>&nbsp;<\/p>\n","protected":false},"excerpt":{"rendered":"<p>Este lunes, en la Comisi\u00f3n de Educaci\u00f3n, Ciencia e Innovaci\u00f3n, los senadores de los nueve&#8230;<\/p>\n","protected":false},"author":1,"featured_media":20031,"comment_status":"closed","ping_status":"closed","sticky":false,"template":"","format":"standard","meta":{"footnotes":""},"categories":[6],"tags":[],"class_list":["post-20030","post","type-post","status-publish","format-standard","has-post-thumbnail","hentry","category-ciudad-provincia"],"yoast_head":"<!-- This site is optimized with the Yoast SEO plugin v26.1.1 - https:\/\/yoast.com\/wordpress\/plugins\/seo\/ -->\n<title>ANALIZAN LA ADHESI\u00d3N DE LA PROVINCIA A LA C\u00c9DULA ESCOLAR NACIONAL - Apuntes de San Luis<\/title>\n<meta name=\"robots\" content=\"index, follow, max-snippet:-1, max-image-preview:large, max-video-preview:-1\" \/>\n<link rel=\"canonical\" href=\"https:\/\/apuntesdesanluis.com\/index.php\/2024\/07\/29\/analizan-la-adhesion-de-la-provincia-a-la-cedula-escolar-nacional\/\" \/>\n<meta property=\"og:locale\" content=\"es_ES\" \/>\n<meta property=\"og:type\" content=\"article\" \/>\n<meta property=\"og:title\" content=\"ANALIZAN LA ADHESI\u00d3N DE LA PROVINCIA A LA C\u00c9DULA ESCOLAR NACIONAL - Apuntes de San Luis\" \/>\n<meta property=\"og:description\" content=\"Este lunes, en la Comisi\u00f3n de Educaci\u00f3n, Ciencia e Innovaci\u00f3n, los senadores de los nueve...\" \/>\n<meta property=\"og:url\" content=\"https:\/\/apuntesdesanluis.com\/index.php\/2024\/07\/29\/analizan-la-adhesion-de-la-provincia-a-la-cedula-escolar-nacional\/\" \/>\n<meta property=\"og:site_name\" content=\"Apuntes de San Luis\" \/>\n<meta property=\"article:published_time\" content=\"2024-07-30T01:45:44+00:00\" \/>\n<meta property=\"article:modified_time\" content=\"2024-07-30T02:29:28+00:00\" \/>\n<meta property=\"og:image\" content=\"https:\/\/apuntesdesanluis.com\/wp-content\/uploads\/2024\/07\/CASTRO-LUNA-Y-PETRINO.png\" \/>\n\t<meta property=\"og:image:width\" content=\"700\" \/>\n\t<meta property=\"og:image:height\" content=\"390\" \/>\n\t<meta property=\"og:image:type\" content=\"image\/png\" \/>\n<meta name=\"author\" content=\"apuntesdesanluis.com\" \/>\n<meta name=\"twitter:card\" content=\"summary_large_image\" \/>\n<meta name=\"twitter:label1\" content=\"Escrito por\" \/>\n\t<meta name=\"twitter:data1\" content=\"apuntesdesanluis.com\" \/>\n\t<meta name=\"twitter:label2\" content=\"Tiempo de lectura\" \/>\n\t<meta name=\"twitter:data2\" content=\"3 minutos\" \/>\n<script type=\"application\/ld+json\" class=\"yoast-schema-graph\">{\"@context\":\"https:\/\/schema.org\",\"@graph\":[{\"@type\":\"Article\",\"@id\":\"https:\/\/apuntesdesanluis.com\/index.php\/2024\/07\/29\/analizan-la-adhesion-de-la-provincia-a-la-cedula-escolar-nacional\/#article\",\"isPartOf\":{\"@id\":\"https:\/\/apuntesdesanluis.com\/index.php\/2024\/07\/29\/analizan-la-adhesion-de-la-provincia-a-la-cedula-escolar-nacional\/\"},\"author\":{\"name\":\"apuntesdesanluis.com\",\"@id\":\"https:\/\/apuntesdesanluis.com\/#\/schema\/person\/b55151d52296fcce64d1a72538a70b90\"},\"headline\":\"ANALIZAN LA ADHESI\u00d3N DE LA PROVINCIA A LA C\u00c9DULA ESCOLAR NACIONAL\",\"datePublished\":\"2024-07-30T01:45:44+00:00\",\"dateModified\":\"2024-07-30T02:29:28+00:00\",\"mainEntityOfPage\":{\"@id\":\"https:\/\/apuntesdesanluis.com\/index.php\/2024\/07\/29\/analizan-la-adhesion-de-la-provincia-a-la-cedula-escolar-nacional\/\"},\"wordCount\":410,\"publisher\":{\"@id\":\"https:\/\/apuntesdesanluis.com\/#\/schema\/person\/b55151d52296fcce64d1a72538a70b90\"},\"image\":{\"@id\":\"https:\/\/apuntesdesanluis.com\/index.php\/2024\/07\/29\/analizan-la-adhesion-de-la-provincia-a-la-cedula-escolar-nacional\/#primaryimage\"},\"thumbnailUrl\":\"https:\/\/apuntesdesanluis.com\/wp-content\/uploads\/2024\/07\/CASTRO-LUNA-Y-PETRINO.png\",\"articleSection\":[\"Ciudad\/Provincia\"],\"inLanguage\":\"es-AR\"},{\"@type\":\"WebPage\",\"@id\":\"https:\/\/apuntesdesanluis.com\/index.php\/2024\/07\/29\/analizan-la-adhesion-de-la-provincia-a-la-cedula-escolar-nacional\/\",\"url\":\"https:\/\/apuntesdesanluis.com\/index.php\/2024\/07\/29\/analizan-la-adhesion-de-la-provincia-a-la-cedula-escolar-nacional\/\",\"name\":\"ANALIZAN LA ADHESI\u00d3N DE LA PROVINCIA A LA C\u00c9DULA ESCOLAR NACIONAL - Apuntes de San Luis\",\"isPartOf\":{\"@id\":\"https:\/\/apuntesdesanluis.com\/#website\"},\"primaryImageOfPage\":{\"@id\":\"https:\/\/apuntesdesanluis.com\/index.php\/2024\/07\/29\/analizan-la-adhesion-de-la-provincia-a-la-cedula-escolar-nacional\/#primaryimage\"},\"image\":{\"@id\":\"https:\/\/apuntesdesanluis.com\/index.php\/2024\/07\/29\/analizan-la-adhesion-de-la-provincia-a-la-cedula-escolar-nacional\/#primaryimage\"},\"thumbnailUrl\":\"https:\/\/apuntesdesanluis.com\/wp-content\/uploads\/2024\/07\/CASTRO-LUNA-Y-PETRINO.png\",\"datePublished\":\"2024-07-30T01:45:44+00:00\",\"dateModified\":\"2024-07-30T02:29:28+00:00\",\"breadcrumb\":{\"@id\":\"https:\/\/apuntesdesanluis.com\/index.php\/2024\/07\/29\/analizan-la-adhesion-de-la-provincia-a-la-cedula-escolar-nacional\/#breadcrumb\"},\"inLanguage\":\"es-AR\",\"potentialAction\":[{\"@type\":\"ReadAction\",\"target\":[\"https:\/\/apuntesdesanluis.com\/index.php\/2024\/07\/29\/analizan-la-adhesion-de-la-provincia-a-la-cedula-escolar-nacional\/\"]}]},{\"@type\":\"ImageObject\",\"inLanguage\":\"es-AR\",\"@id\":\"https:\/\/apuntesdesanluis.com\/index.php\/2024\/07\/29\/analizan-la-adhesion-de-la-provincia-a-la-cedula-escolar-nacional\/#primaryimage\",\"url\":\"https:\/\/apuntesdesanluis.com\/wp-content\/uploads\/2024\/07\/CASTRO-LUNA-Y-PETRINO.png\",\"contentUrl\":\"https:\/\/apuntesdesanluis.com\/wp-content\/uploads\/2024\/07\/CASTRO-LUNA-Y-PETRINO.png\",\"width\":700,\"height\":390},{\"@type\":\"BreadcrumbList\",\"@id\":\"https:\/\/apuntesdesanluis.com\/index.php\/2024\/07\/29\/analizan-la-adhesion-de-la-provincia-a-la-cedula-escolar-nacional\/#breadcrumb\",\"itemListElement\":[{\"@type\":\"ListItem\",\"position\":1,\"name\":\"Inicio\",\"item\":\"https:\/\/apuntesdesanluis.com\/\"},{\"@type\":\"ListItem\",\"position\":2,\"name\":\"ANALIZAN LA ADHESI\u00d3N DE LA PROVINCIA A LA C\u00c9DULA ESCOLAR NACIONAL\"}]},{\"@type\":\"WebSite\",\"@id\":\"https:\/\/apuntesdesanluis.com\/#website\",\"url\":\"https:\/\/apuntesdesanluis.com\/\",\"name\":\"Apuntes de San Luis\",\"description\":\"\",\"publisher\":{\"@id\":\"https:\/\/apuntesdesanluis.com\/#\/schema\/person\/b55151d52296fcce64d1a72538a70b90\"},\"potentialAction\":[{\"@type\":\"SearchAction\",\"target\":{\"@type\":\"EntryPoint\",\"urlTemplate\":\"https:\/\/apuntesdesanluis.com\/?s={search_term_string}\"},\"query-input\":{\"@type\":\"PropertyValueSpecification\",\"valueRequired\":true,\"valueName\":\"search_term_string\"}}],\"inLanguage\":\"es-AR\"},{\"@type\":[\"Person\",\"Organization\"],\"@id\":\"https:\/\/apuntesdesanluis.com\/#\/schema\/person\/b55151d52296fcce64d1a72538a70b90\",\"name\":\"apuntesdesanluis.com\",\"image\":{\"@type\":\"ImageObject\",\"inLanguage\":\"es-AR\",\"@id\":\"https:\/\/apuntesdesanluis.com\/#\/schema\/person\/image\/\",\"url\":\"https:\/\/apuntesdesanluis.com\/wp-content\/uploads\/2023\/07\/cropped-apuntesdesanluis.png\",\"contentUrl\":\"https:\/\/apuntesdesanluis.com\/wp-content\/uploads\/2023\/07\/cropped-apuntesdesanluis.png\",\"width\":450,\"height\":112,\"caption\":\"apuntesdesanluis.com\"},\"logo\":{\"@id\":\"https:\/\/apuntesdesanluis.com\/#\/schema\/person\/image\/\"},\"sameAs\":[\"https:\/\/apuntesdesanluis.com\"],\"url\":\"https:\/\/apuntesdesanluis.com\/index.php\/author\/apuntesdesanluis-com\/\"}]}<\/script>\n<!-- \/ Yoast SEO plugin. -->","yoast_head_json":{"title":"ANALIZAN LA ADHESI\u00d3N DE LA PROVINCIA A LA C\u00c9DULA ESCOLAR NACIONAL - Apuntes de San Luis","robots":{"index":"index","follow":"follow","max-snippet":"max-snippet:-1","max-image-preview":"max-image-preview:large","max-video-preview":"max-video-preview:-1"},"canonical":"https:\/\/apuntesdesanluis.com\/index.php\/2024\/07\/29\/analizan-la-adhesion-de-la-provincia-a-la-cedula-escolar-nacional\/","og_locale":"es_ES","og_type":"article","og_title":"ANALIZAN LA ADHESI\u00d3N DE LA PROVINCIA A LA C\u00c9DULA ESCOLAR NACIONAL - Apuntes de San Luis","og_description":"Este lunes, en la Comisi\u00f3n de Educaci\u00f3n, Ciencia e Innovaci\u00f3n, los senadores de los nueve...","og_url":"https:\/\/apuntesdesanluis.com\/index.php\/2024\/07\/29\/analizan-la-adhesion-de-la-provincia-a-la-cedula-escolar-nacional\/","og_site_name":"Apuntes de San Luis","article_published_time":"2024-07-30T01:45:44+00:00","article_modified_time":"2024-07-30T02:29:28+00:00","og_image":[{"width":700,"height":390,"url":"https:\/\/apuntesdesanluis.com\/wp-content\/uploads\/2024\/07\/CASTRO-LUNA-Y-PETRINO.png","type":"image\/png"}],"author":"apuntesdesanluis.com","twitter_card":"summary_large_image","twitter_misc":{"Escrito por":"apuntesdesanluis.com","Tiempo de lectura":"3 minutos"},"schema":{"@context":"https:\/\/schema.org","@graph":[{"@type":"Article","@id":"https:\/\/apuntesdesanluis.com\/index.php\/2024\/07\/29\/analizan-la-adhesion-de-la-provincia-a-la-cedula-escolar-nacional\/#article","isPartOf":{"@id":"https:\/\/apuntesdesanluis.com\/index.php\/2024\/07\/29\/analizan-la-adhesion-de-la-provincia-a-la-cedula-escolar-nacional\/"},"author":{"name":"apuntesdesanluis.com","@id":"https:\/\/apuntesdesanluis.com\/#\/schema\/person\/b55151d52296fcce64d1a72538a70b90"},"headline":"ANALIZAN LA ADHESI\u00d3N DE LA PROVINCIA A LA C\u00c9DULA ESCOLAR NACIONAL","datePublished":"2024-07-30T01:45:44+00:00","dateModified":"2024-07-30T02:29:28+00:00","mainEntityOfPage":{"@id":"https:\/\/apuntesdesanluis.com\/index.php\/2024\/07\/29\/analizan-la-adhesion-de-la-provincia-a-la-cedula-escolar-nacional\/"},"wordCount":410,"publisher":{"@id":"https:\/\/apuntesdesanluis.com\/#\/schema\/person\/b55151d52296fcce64d1a72538a70b90"},"image":{"@id":"https:\/\/apuntesdesanluis.com\/index.php\/2024\/07\/29\/analizan-la-adhesion-de-la-provincia-a-la-cedula-escolar-nacional\/#primaryimage"},"thumbnailUrl":"https:\/\/apuntesdesanluis.com\/wp-content\/uploads\/2024\/07\/CASTRO-LUNA-Y-PETRINO.png","articleSection":["Ciudad\/Provincia"],"inLanguage":"es-AR"},{"@type":"WebPage","@id":"https:\/\/apuntesdesanluis.com\/index.php\/2024\/07\/29\/analizan-la-adhesion-de-la-provincia-a-la-cedula-escolar-nacional\/","url":"https:\/\/apuntesdesanluis.com\/index.php\/2024\/07\/29\/analizan-la-adhesion-de-la-provincia-a-la-cedula-escolar-nacional\/","name":"ANALIZAN LA ADHESI\u00d3N DE LA PROVINCIA A LA C\u00c9DULA ESCOLAR NACIONAL - Apuntes de San Luis","isPartOf":{"@id":"https:\/\/apuntesdesanluis.com\/#website"},"primaryImageOfPage":{"@id":"https:\/\/apuntesdesanluis.com\/index.php\/2024\/07\/29\/analizan-la-adhesion-de-la-provincia-a-la-cedula-escolar-nacional\/#primaryimage"},"image":{"@id":"https:\/\/apuntesdesanluis.com\/index.php\/2024\/07\/29\/analizan-la-adhesion-de-la-provincia-a-la-cedula-escolar-nacional\/#primaryimage"},"thumbnailUrl":"https:\/\/apuntesdesanluis.com\/wp-content\/uploads\/2024\/07\/CASTRO-LUNA-Y-PETRINO.png","datePublished":"2024-07-30T01:45:44+00:00","dateModified":"2024-07-30T02:29:28+00:00","breadcrumb":{"@id":"https:\/\/apuntesdesanluis.com\/index.php\/2024\/07\/29\/analizan-la-adhesion-de-la-provincia-a-la-cedula-escolar-nacional\/#breadcrumb"},"inLanguage":"es-AR","potentialAction":[{"@type":"ReadAction","target":["https:\/\/apuntesdesanluis.com\/index.php\/2024\/07\/29\/analizan-la-adhesion-de-la-provincia-a-la-cedula-escolar-nacional\/"]}]},{"@type":"ImageObject","inLanguage":"es-AR","@id":"https:\/\/apuntesdesanluis.com\/index.php\/2024\/07\/29\/analizan-la-adhesion-de-la-provincia-a-la-cedula-escolar-nacional\/#primaryimage","url":"https:\/\/apuntesdesanluis.com\/wp-content\/uploads\/2024\/07\/CASTRO-LUNA-Y-PETRINO.png","contentUrl":"https:\/\/apuntesdesanluis.com\/wp-content\/uploads\/2024\/07\/CASTRO-LUNA-Y-PETRINO.png","width":700,"height":390},{"@type":"BreadcrumbList","@id":"https:\/\/apuntesdesanluis.com\/index.php\/2024\/07\/29\/analizan-la-adhesion-de-la-provincia-a-la-cedula-escolar-nacional\/#breadcrumb","itemListElement":[{"@type":"ListItem","position":1,"name":"Inicio","item":"https:\/\/apuntesdesanluis.com\/"},{"@type":"ListItem","position":2,"name":"ANALIZAN LA ADHESI\u00d3N DE LA PROVINCIA A LA C\u00c9DULA ESCOLAR NACIONAL"}]},{"@type":"WebSite","@id":"https:\/\/apuntesdesanluis.com\/#website","url":"https:\/\/apuntesdesanluis.com\/","name":"Apuntes de San Luis","description":"","publisher":{"@id":"https:\/\/apuntesdesanluis.com\/#\/schema\/person\/b55151d52296fcce64d1a72538a70b90"},"potentialAction":[{"@type":"SearchAction","target":{"@type":"EntryPoint","urlTemplate":"https:\/\/apuntesdesanluis.com\/?s={search_term_string}"},"query-input":{"@type":"PropertyValueSpecification","valueRequired":true,"valueName":"search_term_string"}}],"inLanguage":"es-AR"},{"@type":["Person","Organization"],"@id":"https:\/\/apuntesdesanluis.com\/#\/schema\/person\/b55151d52296fcce64d1a72538a70b90","name":"apuntesdesanluis.com","image":{"@type":"ImageObject","inLanguage":"es-AR","@id":"https:\/\/apuntesdesanluis.com\/#\/schema\/person\/image\/","url":"https:\/\/apuntesdesanluis.com\/wp-content\/uploads\/2023\/07\/cropped-apuntesdesanluis.png","contentUrl":"https:\/\/apuntesdesanluis.com\/wp-content\/uploads\/2023\/07\/cropped-apuntesdesanluis.png","width":450,"height":112,"caption":"apuntesdesanluis.com"},"logo":{"@id":"https:\/\/apuntesdesanluis.com\/#\/schema\/person\/image\/"},"sameAs":["https:\/\/apuntesdesanluis.com"],"url":"https:\/\/apuntesdesanluis.com\/index.php\/author\/apuntesdesanluis-com\/"}]}},"featured_image_urls":{"full":["https:\/\/apuntesdesanluis.com\/wp-content\/uploads\/2024\/07\/CASTRO-LUNA-Y-PETRINO.png",700,390,false],"thumbnail":["https:\/\/apuntesdesanluis.com\/wp-content\/uploads\/2024\/07\/CASTRO-LUNA-Y-PETRINO-150x150.png",150,150,true],"medium":["https:\/\/apuntesdesanluis.com\/wp-content\/uploads\/2024\/07\/CASTRO-LUNA-Y-PETRINO-300x167.png",300,167,true],"medium_large":["https:\/\/apuntesdesanluis.com\/wp-content\/uploads\/2024\/07\/CASTRO-LUNA-Y-PETRINO.png",640,357,false],"large":["https:\/\/apuntesdesanluis.com\/wp-content\/uploads\/2024\/07\/CASTRO-LUNA-Y-PETRINO.png",640,357,false],"1536x1536":["https:\/\/apuntesdesanluis.com\/wp-content\/uploads\/2024\/07\/CASTRO-LUNA-Y-PETRINO.png",700,390,false],"2048x2048":["https:\/\/apuntesdesanluis.com\/wp-content\/uploads\/2024\/07\/CASTRO-LUNA-Y-PETRINO.png",700,390,false],"newsever-slider-full":["https:\/\/apuntesdesanluis.com\/wp-content\/uploads\/2024\/07\/CASTRO-LUNA-Y-PETRINO.png",700,390,false],"newsever-featured":["https:\/\/apuntesdesanluis.com\/wp-content\/uploads\/2024\/07\/CASTRO-LUNA-Y-PETRINO.png",700,390,false],"newsever-medium":["https:\/\/apuntesdesanluis.com\/wp-content\/uploads\/2024\/07\/CASTRO-LUNA-Y-PETRINO.png",700,390,false]},"author_info":{"display_name":"apuntesdesanluis.com","author_link":"https:\/\/apuntesdesanluis.com\/index.php\/author\/apuntesdesanluis-com\/"},"category_info":"<a href=\"https:\/\/apuntesdesanluis.com\/index.php\/category\/ciudad-provincia\/\" rel=\"category tag\">Ciudad\/Provincia<\/a>","tag_info":"Ciudad\/Provincia","comment_count":"0","_links":{"self":[{"href":"https:\/\/apuntesdesanluis.com\/index.php\/wp-json\/wp\/v2\/posts\/20030","targetHints":{"allow":["GET"]}}],"collection":[{"href":"https:\/\/apuntesdesanluis.com\/index.php\/wp-json\/wp\/v2\/posts"}],"about":[{"href":"https:\/\/apuntesdesanluis.com\/index.php\/wp-json\/wp\/v2\/types\/post"}],"author":[{"embeddable":true,"href":"https:\/\/apuntesdesanluis.com\/index.php\/wp-json\/wp\/v2\/users\/1"}],"replies":[{"embeddable":true,"href":"https:\/\/apuntesdesanluis.com\/index.php\/wp-json\/wp\/v2\/comments?post=20030"}],"version-history":[{"count":3,"href":"https:\/\/apuntesdesanluis.com\/index.php\/wp-json\/wp\/v2\/posts\/20030\/revisions"}],"predecessor-version":[{"id":20035,"href":"https:\/\/apuntesdesanluis.com\/index.php\/wp-json\/wp\/v2\/posts\/20030\/revisions\/20035"}],"wp:featuredmedia":[{"embeddable":true,"href":"https:\/\/apuntesdesanluis.com\/index.php\/wp-json\/wp\/v2\/media\/20031"}],"wp:attachment":[{"href":"https:\/\/apuntesdesanluis.com\/index.php\/wp-json\/wp\/v2\/media?parent=20030"}],"wp:term":[{"taxonomy":"category","embeddable":true,"href":"https:\/\/apuntesdesanluis.com\/index.php\/wp-json\/wp\/v2\/categories?post=20030"},{"taxonomy":"post_tag","embeddable":true,"href":"https:\/\/apuntesdesanluis.com\/index.php\/wp-json\/wp\/v2\/tags?post=20030"}],"curies":[{"name":"wp","href":"https:\/\/api.w.org\/{rel}","templated":true}]}}