{"id":20057,"date":"2024-07-30T08:21:01","date_gmt":"2024-07-30T11:21:01","guid":{"rendered":"https:\/\/apuntesdesanluis.com\/?p=20057"},"modified":"2024-07-30T08:21:01","modified_gmt":"2024-07-30T11:21:01","slug":"vandalizaron-bienes-publicos-en-la-plaza-del-sesquicentenario","status":"publish","type":"post","link":"https:\/\/apuntesdesanluis.com\/index.php\/2024\/07\/30\/vandalizaron-bienes-publicos-en-la-plaza-del-sesquicentenario\/","title":{"rendered":"VANDALIZARON BIENES P\u00daBLICOS EN LA PLAZA DEL SESQUICENTENARIO"},"content":{"rendered":"<h3>Ocurri\u00f3 este lunes en horas de la noche. Aparentemente un grupo de j\u00f3venes que se encontraba bebiendo en la plaza, no tuvo mejor idea que arrancar la Botella Ecol\u00f3gica colocada por la municipalidad.<\/h3>\n<h3>Aproximadamente a las 22:30 h un vecino que pasaba por el sector pudo ver c\u00f3mo qued\u00f3 tirado sobre la vereda, el recipiente de recolecci\u00f3n de botellas pl\u00e1sticas ubicado en calle Balcarce casi Urquiza.<\/h3>\n<h3>El botellero met\u00e1lico fue arrancado de cuajo y tambi\u00e9n se rompieron bolsas de residuos que estaban a un costado, con botellas y otros elementos como pilas.<\/h3>\n<h3><img fetchpriority=\"high\" decoding=\"async\" class=\"wp-image-20059 aligncenter\" src=\"https:\/\/apuntesdesanluis.com\/wp-content\/uploads\/2024\/07\/BOTELLA-ECOLOGICA-300x185.jpg\" alt=\"\" width=\"490\" height=\"302\" srcset=\"https:\/\/apuntesdesanluis.com\/wp-content\/uploads\/2024\/07\/BOTELLA-ECOLOGICA-300x185.jpg 300w, https:\/\/apuntesdesanluis.com\/wp-content\/uploads\/2024\/07\/BOTELLA-ECOLOGICA.jpg 600w\" sizes=\"(max-width: 490px) 100vw, 490px\" \/><\/h3>\n<h3>Un acto ciertamente repudiable que no es el primero, dado que en otras ocasiones tambi\u00e9n se han efectuado da\u00f1os sobre los bancos ubicados en los laterales de la Casa de la Cultura y sobre los carteles.<\/h3>\n<h3>Teniendo en cuenta que en todo el sector c\u00e9ntrico supuestamente se encuentran emplazadas c\u00e1maras de seguridad, ser\u00eda bueno conocer si realmente funcionan y se controlan desde el centro de monitoreo, para que puedan prevenirse y sancionarse estas acciones que afectan el patrimonio p\u00fablico.<\/h3>\n<p>&nbsp;<\/p>\n<p>&nbsp;<\/p>\n<p>&nbsp;<\/p>\n<p>&nbsp;<\/p>\n<p>&nbsp;<\/p>\n<p>&nbsp;<\/p>\n","protected":false},"excerpt":{"rendered":"<p>Ocurri\u00f3 este lunes en horas de la noche. Aparentemente un grupo de j\u00f3venes que se&#8230;<\/p>\n","protected":false},"author":1,"featured_media":20058,"comment_status":"closed","ping_status":"closed","sticky":false,"template":"","format":"standard","meta":{"footnotes":""},"categories":[6],"tags":[],"class_list":["post-20057","post","type-post","status-publish","format-standard","has-post-thumbnail","hentry","category-ciudad-provincia"],"yoast_head":"<!-- This site is optimized with the Yoast SEO plugin v26.1.1 - https:\/\/yoast.com\/wordpress\/plugins\/seo\/ -->\n<title>VANDALIZARON BIENES P\u00daBLICOS EN LA PLAZA DEL SESQUICENTENARIO - Apuntes de San Luis<\/title>\n<meta name=\"robots\" content=\"index, follow, max-snippet:-1, max-image-preview:large, max-video-preview:-1\" \/>\n<link rel=\"canonical\" href=\"https:\/\/apuntesdesanluis.com\/index.php\/2024\/07\/30\/vandalizaron-bienes-publicos-en-la-plaza-del-sesquicentenario\/\" \/>\n<meta property=\"og:locale\" content=\"es_ES\" \/>\n<meta property=\"og:type\" content=\"article\" \/>\n<meta property=\"og:title\" content=\"VANDALIZARON BIENES P\u00daBLICOS EN LA PLAZA DEL SESQUICENTENARIO - Apuntes de San Luis\" \/>\n<meta property=\"og:description\" content=\"Ocurri\u00f3 este lunes en horas de la noche. Aparentemente un grupo de j\u00f3venes que se...\" \/>\n<meta property=\"og:url\" content=\"https:\/\/apuntesdesanluis.com\/index.php\/2024\/07\/30\/vandalizaron-bienes-publicos-en-la-plaza-del-sesquicentenario\/\" \/>\n<meta property=\"og:site_name\" content=\"Apuntes de San Luis\" \/>\n<meta property=\"article:published_time\" content=\"2024-07-30T11:21:01+00:00\" \/>\n<meta property=\"og:image\" content=\"https:\/\/apuntesdesanluis.com\/wp-content\/uploads\/2024\/07\/BOTELLERO-ECOLOGICO.jpg\" \/>\n\t<meta property=\"og:image:width\" content=\"600\" \/>\n\t<meta property=\"og:image:height\" content=\"341\" \/>\n\t<meta property=\"og:image:type\" content=\"image\/jpeg\" \/>\n<meta name=\"author\" content=\"apuntesdesanluis.com\" \/>\n<meta name=\"twitter:card\" content=\"summary_large_image\" \/>\n<meta name=\"twitter:label1\" content=\"Escrito por\" \/>\n\t<meta name=\"twitter:data1\" content=\"apuntesdesanluis.com\" \/>\n\t<meta name=\"twitter:label2\" content=\"Tiempo de lectura\" \/>\n\t<meta name=\"twitter:data2\" content=\"2 minutos\" \/>\n<script type=\"application\/ld+json\" class=\"yoast-schema-graph\">{\"@context\":\"https:\/\/schema.org\",\"@graph\":[{\"@type\":\"Article\",\"@id\":\"https:\/\/apuntesdesanluis.com\/index.php\/2024\/07\/30\/vandalizaron-bienes-publicos-en-la-plaza-del-sesquicentenario\/#article\",\"isPartOf\":{\"@id\":\"https:\/\/apuntesdesanluis.com\/index.php\/2024\/07\/30\/vandalizaron-bienes-publicos-en-la-plaza-del-sesquicentenario\/\"},\"author\":{\"name\":\"apuntesdesanluis.com\",\"@id\":\"https:\/\/apuntesdesanluis.com\/#\/schema\/person\/b55151d52296fcce64d1a72538a70b90\"},\"headline\":\"VANDALIZARON BIENES P\u00daBLICOS EN LA PLAZA DEL SESQUICENTENARIO\",\"datePublished\":\"2024-07-30T11:21:01+00:00\",\"mainEntityOfPage\":{\"@id\":\"https:\/\/apuntesdesanluis.com\/index.php\/2024\/07\/30\/vandalizaron-bienes-publicos-en-la-plaza-del-sesquicentenario\/\"},\"wordCount\":198,\"publisher\":{\"@id\":\"https:\/\/apuntesdesanluis.com\/#\/schema\/person\/b55151d52296fcce64d1a72538a70b90\"},\"image\":{\"@id\":\"https:\/\/apuntesdesanluis.com\/index.php\/2024\/07\/30\/vandalizaron-bienes-publicos-en-la-plaza-del-sesquicentenario\/#primaryimage\"},\"thumbnailUrl\":\"https:\/\/apuntesdesanluis.com\/wp-content\/uploads\/2024\/07\/BOTELLERO-ECOLOGICO.jpg\",\"articleSection\":[\"Ciudad\/Provincia\"],\"inLanguage\":\"es-AR\"},{\"@type\":\"WebPage\",\"@id\":\"https:\/\/apuntesdesanluis.com\/index.php\/2024\/07\/30\/vandalizaron-bienes-publicos-en-la-plaza-del-sesquicentenario\/\",\"url\":\"https:\/\/apuntesdesanluis.com\/index.php\/2024\/07\/30\/vandalizaron-bienes-publicos-en-la-plaza-del-sesquicentenario\/\",\"name\":\"VANDALIZARON BIENES P\u00daBLICOS EN LA PLAZA DEL SESQUICENTENARIO - Apuntes de San Luis\",\"isPartOf\":{\"@id\":\"https:\/\/apuntesdesanluis.com\/#website\"},\"primaryImageOfPage\":{\"@id\":\"https:\/\/apuntesdesanluis.com\/index.php\/2024\/07\/30\/vandalizaron-bienes-publicos-en-la-plaza-del-sesquicentenario\/#primaryimage\"},\"image\":{\"@id\":\"https:\/\/apuntesdesanluis.com\/index.php\/2024\/07\/30\/vandalizaron-bienes-publicos-en-la-plaza-del-sesquicentenario\/#primaryimage\"},\"thumbnailUrl\":\"https:\/\/apuntesdesanluis.com\/wp-content\/uploads\/2024\/07\/BOTELLERO-ECOLOGICO.jpg\",\"datePublished\":\"2024-07-30T11:21:01+00:00\",\"breadcrumb\":{\"@id\":\"https:\/\/apuntesdesanluis.com\/index.php\/2024\/07\/30\/vandalizaron-bienes-publicos-en-la-plaza-del-sesquicentenario\/#breadcrumb\"},\"inLanguage\":\"es-AR\",\"potentialAction\":[{\"@type\":\"ReadAction\",\"target\":[\"https:\/\/apuntesdesanluis.com\/index.php\/2024\/07\/30\/vandalizaron-bienes-publicos-en-la-plaza-del-sesquicentenario\/\"]}]},{\"@type\":\"ImageObject\",\"inLanguage\":\"es-AR\",\"@id\":\"https:\/\/apuntesdesanluis.com\/index.php\/2024\/07\/30\/vandalizaron-bienes-publicos-en-la-plaza-del-sesquicentenario\/#primaryimage\",\"url\":\"https:\/\/apuntesdesanluis.com\/wp-content\/uploads\/2024\/07\/BOTELLERO-ECOLOGICO.jpg\",\"contentUrl\":\"https:\/\/apuntesdesanluis.com\/wp-content\/uploads\/2024\/07\/BOTELLERO-ECOLOGICO.jpg\",\"width\":600,\"height\":341},{\"@type\":\"BreadcrumbList\",\"@id\":\"https:\/\/apuntesdesanluis.com\/index.php\/2024\/07\/30\/vandalizaron-bienes-publicos-en-la-plaza-del-sesquicentenario\/#breadcrumb\",\"itemListElement\":[{\"@type\":\"ListItem\",\"position\":1,\"name\":\"Inicio\",\"item\":\"https:\/\/apuntesdesanluis.com\/\"},{\"@type\":\"ListItem\",\"position\":2,\"name\":\"VANDALIZARON BIENES P\u00daBLICOS EN LA PLAZA DEL SESQUICENTENARIO\"}]},{\"@type\":\"WebSite\",\"@id\":\"https:\/\/apuntesdesanluis.com\/#website\",\"url\":\"https:\/\/apuntesdesanluis.com\/\",\"name\":\"Apuntes de San Luis\",\"description\":\"\",\"publisher\":{\"@id\":\"https:\/\/apuntesdesanluis.com\/#\/schema\/person\/b55151d52296fcce64d1a72538a70b90\"},\"potentialAction\":[{\"@type\":\"SearchAction\",\"target\":{\"@type\":\"EntryPoint\",\"urlTemplate\":\"https:\/\/apuntesdesanluis.com\/?s={search_term_string}\"},\"query-input\":{\"@type\":\"PropertyValueSpecification\",\"valueRequired\":true,\"valueName\":\"search_term_string\"}}],\"inLanguage\":\"es-AR\"},{\"@type\":[\"Person\",\"Organization\"],\"@id\":\"https:\/\/apuntesdesanluis.com\/#\/schema\/person\/b55151d52296fcce64d1a72538a70b90\",\"name\":\"apuntesdesanluis.com\",\"image\":{\"@type\":\"ImageObject\",\"inLanguage\":\"es-AR\",\"@id\":\"https:\/\/apuntesdesanluis.com\/#\/schema\/person\/image\/\",\"url\":\"https:\/\/apuntesdesanluis.com\/wp-content\/uploads\/2023\/07\/cropped-apuntesdesanluis.png\",\"contentUrl\":\"https:\/\/apuntesdesanluis.com\/wp-content\/uploads\/2023\/07\/cropped-apuntesdesanluis.png\",\"width\":450,\"height\":112,\"caption\":\"apuntesdesanluis.com\"},\"logo\":{\"@id\":\"https:\/\/apuntesdesanluis.com\/#\/schema\/person\/image\/\"},\"sameAs\":[\"https:\/\/apuntesdesanluis.com\"],\"url\":\"https:\/\/apuntesdesanluis.com\/index.php\/author\/apuntesdesanluis-com\/\"}]}<\/script>\n<!-- \/ Yoast SEO plugin. -->","yoast_head_json":{"title":"VANDALIZARON BIENES P\u00daBLICOS EN LA PLAZA DEL SESQUICENTENARIO - Apuntes de San Luis","robots":{"index":"index","follow":"follow","max-snippet":"max-snippet:-1","max-image-preview":"max-image-preview:large","max-video-preview":"max-video-preview:-1"},"canonical":"https:\/\/apuntesdesanluis.com\/index.php\/2024\/07\/30\/vandalizaron-bienes-publicos-en-la-plaza-del-sesquicentenario\/","og_locale":"es_ES","og_type":"article","og_title":"VANDALIZARON BIENES P\u00daBLICOS EN LA PLAZA DEL SESQUICENTENARIO - Apuntes de San Luis","og_description":"Ocurri\u00f3 este lunes en horas de la noche. Aparentemente un grupo de j\u00f3venes que se...","og_url":"https:\/\/apuntesdesanluis.com\/index.php\/2024\/07\/30\/vandalizaron-bienes-publicos-en-la-plaza-del-sesquicentenario\/","og_site_name":"Apuntes de San Luis","article_published_time":"2024-07-30T11:21:01+00:00","og_image":[{"width":600,"height":341,"url":"https:\/\/apuntesdesanluis.com\/wp-content\/uploads\/2024\/07\/BOTELLERO-ECOLOGICO.jpg","type":"image\/jpeg"}],"author":"apuntesdesanluis.com","twitter_card":"summary_large_image","twitter_misc":{"Escrito por":"apuntesdesanluis.com","Tiempo de lectura":"2 minutos"},"schema":{"@context":"https:\/\/schema.org","@graph":[{"@type":"Article","@id":"https:\/\/apuntesdesanluis.com\/index.php\/2024\/07\/30\/vandalizaron-bienes-publicos-en-la-plaza-del-sesquicentenario\/#article","isPartOf":{"@id":"https:\/\/apuntesdesanluis.com\/index.php\/2024\/07\/30\/vandalizaron-bienes-publicos-en-la-plaza-del-sesquicentenario\/"},"author":{"name":"apuntesdesanluis.com","@id":"https:\/\/apuntesdesanluis.com\/#\/schema\/person\/b55151d52296fcce64d1a72538a70b90"},"headline":"VANDALIZARON BIENES P\u00daBLICOS EN LA PLAZA DEL SESQUICENTENARIO","datePublished":"2024-07-30T11:21:01+00:00","mainEntityOfPage":{"@id":"https:\/\/apuntesdesanluis.com\/index.php\/2024\/07\/30\/vandalizaron-bienes-publicos-en-la-plaza-del-sesquicentenario\/"},"wordCount":198,"publisher":{"@id":"https:\/\/apuntesdesanluis.com\/#\/schema\/person\/b55151d52296fcce64d1a72538a70b90"},"image":{"@id":"https:\/\/apuntesdesanluis.com\/index.php\/2024\/07\/30\/vandalizaron-bienes-publicos-en-la-plaza-del-sesquicentenario\/#primaryimage"},"thumbnailUrl":"https:\/\/apuntesdesanluis.com\/wp-content\/uploads\/2024\/07\/BOTELLERO-ECOLOGICO.jpg","articleSection":["Ciudad\/Provincia"],"inLanguage":"es-AR"},{"@type":"WebPage","@id":"https:\/\/apuntesdesanluis.com\/index.php\/2024\/07\/30\/vandalizaron-bienes-publicos-en-la-plaza-del-sesquicentenario\/","url":"https:\/\/apuntesdesanluis.com\/index.php\/2024\/07\/30\/vandalizaron-bienes-publicos-en-la-plaza-del-sesquicentenario\/","name":"VANDALIZARON BIENES P\u00daBLICOS EN LA PLAZA DEL SESQUICENTENARIO - Apuntes de San Luis","isPartOf":{"@id":"https:\/\/apuntesdesanluis.com\/#website"},"primaryImageOfPage":{"@id":"https:\/\/apuntesdesanluis.com\/index.php\/2024\/07\/30\/vandalizaron-bienes-publicos-en-la-plaza-del-sesquicentenario\/#primaryimage"},"image":{"@id":"https:\/\/apuntesdesanluis.com\/index.php\/2024\/07\/30\/vandalizaron-bienes-publicos-en-la-plaza-del-sesquicentenario\/#primaryimage"},"thumbnailUrl":"https:\/\/apuntesdesanluis.com\/wp-content\/uploads\/2024\/07\/BOTELLERO-ECOLOGICO.jpg","datePublished":"2024-07-30T11:21:01+00:00","breadcrumb":{"@id":"https:\/\/apuntesdesanluis.com\/index.php\/2024\/07\/30\/vandalizaron-bienes-publicos-en-la-plaza-del-sesquicentenario\/#breadcrumb"},"inLanguage":"es-AR","potentialAction":[{"@type":"ReadAction","target":["https:\/\/apuntesdesanluis.com\/index.php\/2024\/07\/30\/vandalizaron-bienes-publicos-en-la-plaza-del-sesquicentenario\/"]}]},{"@type":"ImageObject","inLanguage":"es-AR","@id":"https:\/\/apuntesdesanluis.com\/index.php\/2024\/07\/30\/vandalizaron-bienes-publicos-en-la-plaza-del-sesquicentenario\/#primaryimage","url":"https:\/\/apuntesdesanluis.com\/wp-content\/uploads\/2024\/07\/BOTELLERO-ECOLOGICO.jpg","contentUrl":"https:\/\/apuntesdesanluis.com\/wp-content\/uploads\/2024\/07\/BOTELLERO-ECOLOGICO.jpg","width":600,"height":341},{"@type":"BreadcrumbList","@id":"https:\/\/apuntesdesanluis.com\/index.php\/2024\/07\/30\/vandalizaron-bienes-publicos-en-la-plaza-del-sesquicentenario\/#breadcrumb","itemListElement":[{"@type":"ListItem","position":1,"name":"Inicio","item":"https:\/\/apuntesdesanluis.com\/"},{"@type":"ListItem","position":2,"name":"VANDALIZARON BIENES P\u00daBLICOS EN LA PLAZA DEL SESQUICENTENARIO"}]},{"@type":"WebSite","@id":"https:\/\/apuntesdesanluis.com\/#website","url":"https:\/\/apuntesdesanluis.com\/","name":"Apuntes de San Luis","description":"","publisher":{"@id":"https:\/\/apuntesdesanluis.com\/#\/schema\/person\/b55151d52296fcce64d1a72538a70b90"},"potentialAction":[{"@type":"SearchAction","target":{"@type":"EntryPoint","urlTemplate":"https:\/\/apuntesdesanluis.com\/?s={search_term_string}"},"query-input":{"@type":"PropertyValueSpecification","valueRequired":true,"valueName":"search_term_string"}}],"inLanguage":"es-AR"},{"@type":["Person","Organization"],"@id":"https:\/\/apuntesdesanluis.com\/#\/schema\/person\/b55151d52296fcce64d1a72538a70b90","name":"apuntesdesanluis.com","image":{"@type":"ImageObject","inLanguage":"es-AR","@id":"https:\/\/apuntesdesanluis.com\/#\/schema\/person\/image\/","url":"https:\/\/apuntesdesanluis.com\/wp-content\/uploads\/2023\/07\/cropped-apuntesdesanluis.png","contentUrl":"https:\/\/apuntesdesanluis.com\/wp-content\/uploads\/2023\/07\/cropped-apuntesdesanluis.png","width":450,"height":112,"caption":"apuntesdesanluis.com"},"logo":{"@id":"https:\/\/apuntesdesanluis.com\/#\/schema\/person\/image\/"},"sameAs":["https:\/\/apuntesdesanluis.com"],"url":"https:\/\/apuntesdesanluis.com\/index.php\/author\/apuntesdesanluis-com\/"}]}},"featured_image_urls":{"full":["https:\/\/apuntesdesanluis.com\/wp-content\/uploads\/2024\/07\/BOTELLERO-ECOLOGICO.jpg",600,341,false],"thumbnail":["https:\/\/apuntesdesanluis.com\/wp-content\/uploads\/2024\/07\/BOTELLERO-ECOLOGICO-150x150.jpg",150,150,true],"medium":["https:\/\/apuntesdesanluis.com\/wp-content\/uploads\/2024\/07\/BOTELLERO-ECOLOGICO-300x171.jpg",300,171,true],"medium_large":["https:\/\/apuntesdesanluis.com\/wp-content\/uploads\/2024\/07\/BOTELLERO-ECOLOGICO.jpg",600,341,false],"large":["https:\/\/apuntesdesanluis.com\/wp-content\/uploads\/2024\/07\/BOTELLERO-ECOLOGICO.jpg",600,341,false],"1536x1536":["https:\/\/apuntesdesanluis.com\/wp-content\/uploads\/2024\/07\/BOTELLERO-ECOLOGICO.jpg",600,341,false],"2048x2048":["https:\/\/apuntesdesanluis.com\/wp-content\/uploads\/2024\/07\/BOTELLERO-ECOLOGICO.jpg",600,341,false],"newsever-slider-full":["https:\/\/apuntesdesanluis.com\/wp-content\/uploads\/2024\/07\/BOTELLERO-ECOLOGICO.jpg",600,341,false],"newsever-featured":["https:\/\/apuntesdesanluis.com\/wp-content\/uploads\/2024\/07\/BOTELLERO-ECOLOGICO.jpg",600,341,false],"newsever-medium":["https:\/\/apuntesdesanluis.com\/wp-content\/uploads\/2024\/07\/BOTELLERO-ECOLOGICO.jpg",600,341,false]},"author_info":{"display_name":"apuntesdesanluis.com","author_link":"https:\/\/apuntesdesanluis.com\/index.php\/author\/apuntesdesanluis-com\/"},"category_info":"<a href=\"https:\/\/apuntesdesanluis.com\/index.php\/category\/ciudad-provincia\/\" rel=\"category tag\">Ciudad\/Provincia<\/a>","tag_info":"Ciudad\/Provincia","comment_count":"0","_links":{"self":[{"href":"https:\/\/apuntesdesanluis.com\/index.php\/wp-json\/wp\/v2\/posts\/20057","targetHints":{"allow":["GET"]}}],"collection":[{"href":"https:\/\/apuntesdesanluis.com\/index.php\/wp-json\/wp\/v2\/posts"}],"about":[{"href":"https:\/\/apuntesdesanluis.com\/index.php\/wp-json\/wp\/v2\/types\/post"}],"author":[{"embeddable":true,"href":"https:\/\/apuntesdesanluis.com\/index.php\/wp-json\/wp\/v2\/users\/1"}],"replies":[{"embeddable":true,"href":"https:\/\/apuntesdesanluis.com\/index.php\/wp-json\/wp\/v2\/comments?post=20057"}],"version-history":[{"count":1,"href":"https:\/\/apuntesdesanluis.com\/index.php\/wp-json\/wp\/v2\/posts\/20057\/revisions"}],"predecessor-version":[{"id":20060,"href":"https:\/\/apuntesdesanluis.com\/index.php\/wp-json\/wp\/v2\/posts\/20057\/revisions\/20060"}],"wp:featuredmedia":[{"embeddable":true,"href":"https:\/\/apuntesdesanluis.com\/index.php\/wp-json\/wp\/v2\/media\/20058"}],"wp:attachment":[{"href":"https:\/\/apuntesdesanluis.com\/index.php\/wp-json\/wp\/v2\/media?parent=20057"}],"wp:term":[{"taxonomy":"category","embeddable":true,"href":"https:\/\/apuntesdesanluis.com\/index.php\/wp-json\/wp\/v2\/categories?post=20057"},{"taxonomy":"post_tag","embeddable":true,"href":"https:\/\/apuntesdesanluis.com\/index.php\/wp-json\/wp\/v2\/tags?post=20057"}],"curies":[{"name":"wp","href":"https:\/\/api.w.org\/{rel}","templated":true}]}}