{"id":20065,"date":"2024-07-30T14:35:05","date_gmt":"2024-07-30T17:35:05","guid":{"rendered":"https:\/\/apuntesdesanluis.com\/?p=20065"},"modified":"2024-07-30T11:36:28","modified_gmt":"2024-07-30T14:36:28","slug":"justo-daract-fue-invitada-a-integrar-la-federacion-de-concejos-deliberantes","status":"publish","type":"post","link":"https:\/\/apuntesdesanluis.com\/index.php\/2024\/07\/30\/justo-daract-fue-invitada-a-integrar-la-federacion-de-concejos-deliberantes\/","title":{"rendered":"JUSTO DARACT FUE INVITADA A INTEGRAR LA FEDERACI\u00d3N DE CONCEJOS DELIBERANTES"},"content":{"rendered":"<h3>Para avanzar en la iniciativa que busca estandarizar las regulaciones de todos los municipios locales, la secretar\u00eda de Asuntos Institucionales y Enlace Parlamentario, a cargo de <strong>Jos\u00e9 Giraudo<\/strong>, les propuso a los concejales de Justo Daract unirse a la Federaci\u00f3n de Concejos Deliberantes. Ser\u00eda una de las \u00faltimas incorporaciones pendientes junto con San Mart\u00edn y San Luis, que recibir\u00e1n la invitaci\u00f3n en los pr\u00f3ximos d\u00edas.<\/h3>\n<h3>Giraudo explic\u00f3 que los ediles podr\u00e1n acceder a capacitaciones y formar parte de un espacio institucional desde el cual se emitir\u00e1n sugerencias para legislar. Los representantes de Justo Daract consideran que formar parte del organismo les permitir\u00e1 seguir creciendo como instituci\u00f3n y trabajar en conjunto en beneficio de todos. Esperan que cada concejo, desde su realidad local y manteniendo su autonom\u00eda, pueda ser protagonista activo de esta pol\u00edtica.<\/h3>\n<p><img fetchpriority=\"high\" decoding=\"async\" class=\"wp-image-20067 aligncenter\" src=\"https:\/\/apuntesdesanluis.com\/wp-content\/uploads\/2024\/07\/conejaes-300x66.png\" alt=\"\" width=\"805\" height=\"177\" srcset=\"https:\/\/apuntesdesanluis.com\/wp-content\/uploads\/2024\/07\/conejaes-300x66.png 300w, https:\/\/apuntesdesanluis.com\/wp-content\/uploads\/2024\/07\/conejaes.png 700w\" sizes=\"(max-width: 805px) 100vw, 805px\" \/><\/p>\n<h3>En el encuentro tambi\u00e9n estuvieron las diputadas <strong>Maia Loredo y Claudia D\u00edaz<\/strong>, quienes describieron las distintas realidades del departamento Pedernera. Por ejemplo, en Justo Daract los boliches pueden funcionar hasta las 6:00, mientras que en Villa Mercedes la normativa exige cerrar a las 5:00. Tambi\u00e9n conversaron sobre situaciones emergentes que requieren reglamentaci\u00f3n, como el uso de monopatines el\u00e9ctricos.<\/h3>\n<h3>El cuerpo de concejales daractenses se define a s\u00ed mismo como \u201cun espacio organizado y participativo que busca legislar para el bien de cada ciudadano\u201d. La Federaci\u00f3n les permitir\u00e1 el di\u00e1logo entre todos los legisladores y facilitar\u00e1 el intercambio de informaci\u00f3n para trabajar de forma colaborativa.<\/h3>\n<h3><strong>Natalia Moure<\/strong>, presidenta del Concejo Deliberante, valor\u00f3 que el Gobierno provincial \u201cno quiera actuar desde la imposici\u00f3n\u201d. \u201cHa llegado el momento de cambiar la forma de ver y hacer pol\u00edtica, y con esta nueva generaci\u00f3n de dirigentes demostrar que si nos unimos podemos obtener grandes logros. Hay que sentarse a dialogar desde el respeto, desde la diversidad de ideas, pero sobre todo trabajando siempre por el bien com\u00fan\u201d, expres\u00f3.<\/h3>\n<p>&nbsp;<\/p>\n<p>&nbsp;<\/p>\n<p>&nbsp;<\/p>\n","protected":false},"excerpt":{"rendered":"<p>Para avanzar en la iniciativa que busca estandarizar las regulaciones de todos los municipios locales,&#8230;<\/p>\n","protected":false},"author":1,"featured_media":20066,"comment_status":"closed","ping_status":"closed","sticky":false,"template":"","format":"standard","meta":{"footnotes":""},"categories":[6],"tags":[],"class_list":["post-20065","post","type-post","status-publish","format-standard","has-post-thumbnail","hentry","category-ciudad-provincia"],"yoast_head":"<!-- This site is optimized with the Yoast SEO plugin v26.1.1 - https:\/\/yoast.com\/wordpress\/plugins\/seo\/ -->\n<title>JUSTO DARACT FUE INVITADA A INTEGRAR LA FEDERACI\u00d3N DE CONCEJOS DELIBERANTES - Apuntes de San Luis<\/title>\n<meta name=\"robots\" content=\"index, follow, max-snippet:-1, max-image-preview:large, max-video-preview:-1\" \/>\n<link rel=\"canonical\" href=\"https:\/\/apuntesdesanluis.com\/index.php\/2024\/07\/30\/justo-daract-fue-invitada-a-integrar-la-federacion-de-concejos-deliberantes\/\" \/>\n<meta property=\"og:locale\" content=\"es_ES\" \/>\n<meta property=\"og:type\" content=\"article\" \/>\n<meta property=\"og:title\" content=\"JUSTO DARACT FUE INVITADA A INTEGRAR LA FEDERACI\u00d3N DE CONCEJOS DELIBERANTES - Apuntes de San Luis\" \/>\n<meta property=\"og:description\" content=\"Para avanzar en la iniciativa que busca estandarizar las regulaciones de todos los municipios locales,...\" \/>\n<meta property=\"og:url\" content=\"https:\/\/apuntesdesanluis.com\/index.php\/2024\/07\/30\/justo-daract-fue-invitada-a-integrar-la-federacion-de-concejos-deliberantes\/\" \/>\n<meta property=\"og:site_name\" content=\"Apuntes de San Luis\" \/>\n<meta property=\"article:published_time\" content=\"2024-07-30T17:35:05+00:00\" \/>\n<meta property=\"og:image\" content=\"https:\/\/apuntesdesanluis.com\/wp-content\/uploads\/2024\/07\/giraudo-comcejales-daract.png\" \/>\n\t<meta property=\"og:image:width\" content=\"624\" \/>\n\t<meta property=\"og:image:height\" content=\"402\" \/>\n\t<meta property=\"og:image:type\" content=\"image\/png\" \/>\n<meta name=\"author\" content=\"apuntesdesanluis.com\" \/>\n<meta name=\"twitter:card\" content=\"summary_large_image\" \/>\n<meta name=\"twitter:label1\" content=\"Escrito por\" \/>\n\t<meta name=\"twitter:data1\" content=\"apuntesdesanluis.com\" \/>\n\t<meta name=\"twitter:label2\" content=\"Tiempo de lectura\" \/>\n\t<meta name=\"twitter:data2\" content=\"2 minutos\" \/>\n<script type=\"application\/ld+json\" class=\"yoast-schema-graph\">{\"@context\":\"https:\/\/schema.org\",\"@graph\":[{\"@type\":\"Article\",\"@id\":\"https:\/\/apuntesdesanluis.com\/index.php\/2024\/07\/30\/justo-daract-fue-invitada-a-integrar-la-federacion-de-concejos-deliberantes\/#article\",\"isPartOf\":{\"@id\":\"https:\/\/apuntesdesanluis.com\/index.php\/2024\/07\/30\/justo-daract-fue-invitada-a-integrar-la-federacion-de-concejos-deliberantes\/\"},\"author\":{\"name\":\"apuntesdesanluis.com\",\"@id\":\"https:\/\/apuntesdesanluis.com\/#\/schema\/person\/b55151d52296fcce64d1a72538a70b90\"},\"headline\":\"JUSTO DARACT FUE INVITADA A INTEGRAR LA FEDERACI\u00d3N DE CONCEJOS DELIBERANTES\",\"datePublished\":\"2024-07-30T17:35:05+00:00\",\"mainEntityOfPage\":{\"@id\":\"https:\/\/apuntesdesanluis.com\/index.php\/2024\/07\/30\/justo-daract-fue-invitada-a-integrar-la-federacion-de-concejos-deliberantes\/\"},\"wordCount\":344,\"publisher\":{\"@id\":\"https:\/\/apuntesdesanluis.com\/#\/schema\/person\/b55151d52296fcce64d1a72538a70b90\"},\"image\":{\"@id\":\"https:\/\/apuntesdesanluis.com\/index.php\/2024\/07\/30\/justo-daract-fue-invitada-a-integrar-la-federacion-de-concejos-deliberantes\/#primaryimage\"},\"thumbnailUrl\":\"https:\/\/apuntesdesanluis.com\/wp-content\/uploads\/2024\/07\/giraudo-comcejales-daract.png\",\"articleSection\":[\"Ciudad\/Provincia\"],\"inLanguage\":\"es-AR\"},{\"@type\":\"WebPage\",\"@id\":\"https:\/\/apuntesdesanluis.com\/index.php\/2024\/07\/30\/justo-daract-fue-invitada-a-integrar-la-federacion-de-concejos-deliberantes\/\",\"url\":\"https:\/\/apuntesdesanluis.com\/index.php\/2024\/07\/30\/justo-daract-fue-invitada-a-integrar-la-federacion-de-concejos-deliberantes\/\",\"name\":\"JUSTO DARACT FUE INVITADA A INTEGRAR LA FEDERACI\u00d3N DE CONCEJOS DELIBERANTES - Apuntes de San Luis\",\"isPartOf\":{\"@id\":\"https:\/\/apuntesdesanluis.com\/#website\"},\"primaryImageOfPage\":{\"@id\":\"https:\/\/apuntesdesanluis.com\/index.php\/2024\/07\/30\/justo-daract-fue-invitada-a-integrar-la-federacion-de-concejos-deliberantes\/#primaryimage\"},\"image\":{\"@id\":\"https:\/\/apuntesdesanluis.com\/index.php\/2024\/07\/30\/justo-daract-fue-invitada-a-integrar-la-federacion-de-concejos-deliberantes\/#primaryimage\"},\"thumbnailUrl\":\"https:\/\/apuntesdesanluis.com\/wp-content\/uploads\/2024\/07\/giraudo-comcejales-daract.png\",\"datePublished\":\"2024-07-30T17:35:05+00:00\",\"breadcrumb\":{\"@id\":\"https:\/\/apuntesdesanluis.com\/index.php\/2024\/07\/30\/justo-daract-fue-invitada-a-integrar-la-federacion-de-concejos-deliberantes\/#breadcrumb\"},\"inLanguage\":\"es-AR\",\"potentialAction\":[{\"@type\":\"ReadAction\",\"target\":[\"https:\/\/apuntesdesanluis.com\/index.php\/2024\/07\/30\/justo-daract-fue-invitada-a-integrar-la-federacion-de-concejos-deliberantes\/\"]}]},{\"@type\":\"ImageObject\",\"inLanguage\":\"es-AR\",\"@id\":\"https:\/\/apuntesdesanluis.com\/index.php\/2024\/07\/30\/justo-daract-fue-invitada-a-integrar-la-federacion-de-concejos-deliberantes\/#primaryimage\",\"url\":\"https:\/\/apuntesdesanluis.com\/wp-content\/uploads\/2024\/07\/giraudo-comcejales-daract.png\",\"contentUrl\":\"https:\/\/apuntesdesanluis.com\/wp-content\/uploads\/2024\/07\/giraudo-comcejales-daract.png\",\"width\":624,\"height\":402},{\"@type\":\"BreadcrumbList\",\"@id\":\"https:\/\/apuntesdesanluis.com\/index.php\/2024\/07\/30\/justo-daract-fue-invitada-a-integrar-la-federacion-de-concejos-deliberantes\/#breadcrumb\",\"itemListElement\":[{\"@type\":\"ListItem\",\"position\":1,\"name\":\"Inicio\",\"item\":\"https:\/\/apuntesdesanluis.com\/\"},{\"@type\":\"ListItem\",\"position\":2,\"name\":\"JUSTO DARACT FUE INVITADA A INTEGRAR LA FEDERACI\u00d3N DE CONCEJOS DELIBERANTES\"}]},{\"@type\":\"WebSite\",\"@id\":\"https:\/\/apuntesdesanluis.com\/#website\",\"url\":\"https:\/\/apuntesdesanluis.com\/\",\"name\":\"Apuntes de San Luis\",\"description\":\"\",\"publisher\":{\"@id\":\"https:\/\/apuntesdesanluis.com\/#\/schema\/person\/b55151d52296fcce64d1a72538a70b90\"},\"potentialAction\":[{\"@type\":\"SearchAction\",\"target\":{\"@type\":\"EntryPoint\",\"urlTemplate\":\"https:\/\/apuntesdesanluis.com\/?s={search_term_string}\"},\"query-input\":{\"@type\":\"PropertyValueSpecification\",\"valueRequired\":true,\"valueName\":\"search_term_string\"}}],\"inLanguage\":\"es-AR\"},{\"@type\":[\"Person\",\"Organization\"],\"@id\":\"https:\/\/apuntesdesanluis.com\/#\/schema\/person\/b55151d52296fcce64d1a72538a70b90\",\"name\":\"apuntesdesanluis.com\",\"image\":{\"@type\":\"ImageObject\",\"inLanguage\":\"es-AR\",\"@id\":\"https:\/\/apuntesdesanluis.com\/#\/schema\/person\/image\/\",\"url\":\"https:\/\/apuntesdesanluis.com\/wp-content\/uploads\/2023\/07\/cropped-apuntesdesanluis.png\",\"contentUrl\":\"https:\/\/apuntesdesanluis.com\/wp-content\/uploads\/2023\/07\/cropped-apuntesdesanluis.png\",\"width\":450,\"height\":112,\"caption\":\"apuntesdesanluis.com\"},\"logo\":{\"@id\":\"https:\/\/apuntesdesanluis.com\/#\/schema\/person\/image\/\"},\"sameAs\":[\"https:\/\/apuntesdesanluis.com\"],\"url\":\"https:\/\/apuntesdesanluis.com\/index.php\/author\/apuntesdesanluis-com\/\"}]}<\/script>\n<!-- \/ Yoast SEO plugin. -->","yoast_head_json":{"title":"JUSTO DARACT FUE INVITADA A INTEGRAR LA FEDERACI\u00d3N DE CONCEJOS DELIBERANTES - Apuntes de San Luis","robots":{"index":"index","follow":"follow","max-snippet":"max-snippet:-1","max-image-preview":"max-image-preview:large","max-video-preview":"max-video-preview:-1"},"canonical":"https:\/\/apuntesdesanluis.com\/index.php\/2024\/07\/30\/justo-daract-fue-invitada-a-integrar-la-federacion-de-concejos-deliberantes\/","og_locale":"es_ES","og_type":"article","og_title":"JUSTO DARACT FUE INVITADA A INTEGRAR LA FEDERACI\u00d3N DE CONCEJOS DELIBERANTES - Apuntes de San Luis","og_description":"Para avanzar en la iniciativa que busca estandarizar las regulaciones de todos los municipios locales,...","og_url":"https:\/\/apuntesdesanluis.com\/index.php\/2024\/07\/30\/justo-daract-fue-invitada-a-integrar-la-federacion-de-concejos-deliberantes\/","og_site_name":"Apuntes de San Luis","article_published_time":"2024-07-30T17:35:05+00:00","og_image":[{"width":624,"height":402,"url":"https:\/\/apuntesdesanluis.com\/wp-content\/uploads\/2024\/07\/giraudo-comcejales-daract.png","type":"image\/png"}],"author":"apuntesdesanluis.com","twitter_card":"summary_large_image","twitter_misc":{"Escrito por":"apuntesdesanluis.com","Tiempo de lectura":"2 minutos"},"schema":{"@context":"https:\/\/schema.org","@graph":[{"@type":"Article","@id":"https:\/\/apuntesdesanluis.com\/index.php\/2024\/07\/30\/justo-daract-fue-invitada-a-integrar-la-federacion-de-concejos-deliberantes\/#article","isPartOf":{"@id":"https:\/\/apuntesdesanluis.com\/index.php\/2024\/07\/30\/justo-daract-fue-invitada-a-integrar-la-federacion-de-concejos-deliberantes\/"},"author":{"name":"apuntesdesanluis.com","@id":"https:\/\/apuntesdesanluis.com\/#\/schema\/person\/b55151d52296fcce64d1a72538a70b90"},"headline":"JUSTO DARACT FUE INVITADA A INTEGRAR LA FEDERACI\u00d3N DE CONCEJOS DELIBERANTES","datePublished":"2024-07-30T17:35:05+00:00","mainEntityOfPage":{"@id":"https:\/\/apuntesdesanluis.com\/index.php\/2024\/07\/30\/justo-daract-fue-invitada-a-integrar-la-federacion-de-concejos-deliberantes\/"},"wordCount":344,"publisher":{"@id":"https:\/\/apuntesdesanluis.com\/#\/schema\/person\/b55151d52296fcce64d1a72538a70b90"},"image":{"@id":"https:\/\/apuntesdesanluis.com\/index.php\/2024\/07\/30\/justo-daract-fue-invitada-a-integrar-la-federacion-de-concejos-deliberantes\/#primaryimage"},"thumbnailUrl":"https:\/\/apuntesdesanluis.com\/wp-content\/uploads\/2024\/07\/giraudo-comcejales-daract.png","articleSection":["Ciudad\/Provincia"],"inLanguage":"es-AR"},{"@type":"WebPage","@id":"https:\/\/apuntesdesanluis.com\/index.php\/2024\/07\/30\/justo-daract-fue-invitada-a-integrar-la-federacion-de-concejos-deliberantes\/","url":"https:\/\/apuntesdesanluis.com\/index.php\/2024\/07\/30\/justo-daract-fue-invitada-a-integrar-la-federacion-de-concejos-deliberantes\/","name":"JUSTO DARACT FUE INVITADA A INTEGRAR LA FEDERACI\u00d3N DE CONCEJOS DELIBERANTES - Apuntes de San Luis","isPartOf":{"@id":"https:\/\/apuntesdesanluis.com\/#website"},"primaryImageOfPage":{"@id":"https:\/\/apuntesdesanluis.com\/index.php\/2024\/07\/30\/justo-daract-fue-invitada-a-integrar-la-federacion-de-concejos-deliberantes\/#primaryimage"},"image":{"@id":"https:\/\/apuntesdesanluis.com\/index.php\/2024\/07\/30\/justo-daract-fue-invitada-a-integrar-la-federacion-de-concejos-deliberantes\/#primaryimage"},"thumbnailUrl":"https:\/\/apuntesdesanluis.com\/wp-content\/uploads\/2024\/07\/giraudo-comcejales-daract.png","datePublished":"2024-07-30T17:35:05+00:00","breadcrumb":{"@id":"https:\/\/apuntesdesanluis.com\/index.php\/2024\/07\/30\/justo-daract-fue-invitada-a-integrar-la-federacion-de-concejos-deliberantes\/#breadcrumb"},"inLanguage":"es-AR","potentialAction":[{"@type":"ReadAction","target":["https:\/\/apuntesdesanluis.com\/index.php\/2024\/07\/30\/justo-daract-fue-invitada-a-integrar-la-federacion-de-concejos-deliberantes\/"]}]},{"@type":"ImageObject","inLanguage":"es-AR","@id":"https:\/\/apuntesdesanluis.com\/index.php\/2024\/07\/30\/justo-daract-fue-invitada-a-integrar-la-federacion-de-concejos-deliberantes\/#primaryimage","url":"https:\/\/apuntesdesanluis.com\/wp-content\/uploads\/2024\/07\/giraudo-comcejales-daract.png","contentUrl":"https:\/\/apuntesdesanluis.com\/wp-content\/uploads\/2024\/07\/giraudo-comcejales-daract.png","width":624,"height":402},{"@type":"BreadcrumbList","@id":"https:\/\/apuntesdesanluis.com\/index.php\/2024\/07\/30\/justo-daract-fue-invitada-a-integrar-la-federacion-de-concejos-deliberantes\/#breadcrumb","itemListElement":[{"@type":"ListItem","position":1,"name":"Inicio","item":"https:\/\/apuntesdesanluis.com\/"},{"@type":"ListItem","position":2,"name":"JUSTO DARACT FUE INVITADA A INTEGRAR LA FEDERACI\u00d3N DE CONCEJOS DELIBERANTES"}]},{"@type":"WebSite","@id":"https:\/\/apuntesdesanluis.com\/#website","url":"https:\/\/apuntesdesanluis.com\/","name":"Apuntes de San Luis","description":"","publisher":{"@id":"https:\/\/apuntesdesanluis.com\/#\/schema\/person\/b55151d52296fcce64d1a72538a70b90"},"potentialAction":[{"@type":"SearchAction","target":{"@type":"EntryPoint","urlTemplate":"https:\/\/apuntesdesanluis.com\/?s={search_term_string}"},"query-input":{"@type":"PropertyValueSpecification","valueRequired":true,"valueName":"search_term_string"}}],"inLanguage":"es-AR"},{"@type":["Person","Organization"],"@id":"https:\/\/apuntesdesanluis.com\/#\/schema\/person\/b55151d52296fcce64d1a72538a70b90","name":"apuntesdesanluis.com","image":{"@type":"ImageObject","inLanguage":"es-AR","@id":"https:\/\/apuntesdesanluis.com\/#\/schema\/person\/image\/","url":"https:\/\/apuntesdesanluis.com\/wp-content\/uploads\/2023\/07\/cropped-apuntesdesanluis.png","contentUrl":"https:\/\/apuntesdesanluis.com\/wp-content\/uploads\/2023\/07\/cropped-apuntesdesanluis.png","width":450,"height":112,"caption":"apuntesdesanluis.com"},"logo":{"@id":"https:\/\/apuntesdesanluis.com\/#\/schema\/person\/image\/"},"sameAs":["https:\/\/apuntesdesanluis.com"],"url":"https:\/\/apuntesdesanluis.com\/index.php\/author\/apuntesdesanluis-com\/"}]}},"featured_image_urls":{"full":["https:\/\/apuntesdesanluis.com\/wp-content\/uploads\/2024\/07\/giraudo-comcejales-daract.png",624,402,false],"thumbnail":["https:\/\/apuntesdesanluis.com\/wp-content\/uploads\/2024\/07\/giraudo-comcejales-daract-150x150.png",150,150,true],"medium":["https:\/\/apuntesdesanluis.com\/wp-content\/uploads\/2024\/07\/giraudo-comcejales-daract-300x193.png",300,193,true],"medium_large":["https:\/\/apuntesdesanluis.com\/wp-content\/uploads\/2024\/07\/giraudo-comcejales-daract.png",624,402,false],"large":["https:\/\/apuntesdesanluis.com\/wp-content\/uploads\/2024\/07\/giraudo-comcejales-daract.png",624,402,false],"1536x1536":["https:\/\/apuntesdesanluis.com\/wp-content\/uploads\/2024\/07\/giraudo-comcejales-daract.png",624,402,false],"2048x2048":["https:\/\/apuntesdesanluis.com\/wp-content\/uploads\/2024\/07\/giraudo-comcejales-daract.png",624,402,false],"newsever-slider-full":["https:\/\/apuntesdesanluis.com\/wp-content\/uploads\/2024\/07\/giraudo-comcejales-daract.png",624,402,false],"newsever-featured":["https:\/\/apuntesdesanluis.com\/wp-content\/uploads\/2024\/07\/giraudo-comcejales-daract.png",624,402,false],"newsever-medium":["https:\/\/apuntesdesanluis.com\/wp-content\/uploads\/2024\/07\/giraudo-comcejales-daract.png",624,402,false]},"author_info":{"display_name":"apuntesdesanluis.com","author_link":"https:\/\/apuntesdesanluis.com\/index.php\/author\/apuntesdesanluis-com\/"},"category_info":"<a href=\"https:\/\/apuntesdesanluis.com\/index.php\/category\/ciudad-provincia\/\" rel=\"category tag\">Ciudad\/Provincia<\/a>","tag_info":"Ciudad\/Provincia","comment_count":"0","_links":{"self":[{"href":"https:\/\/apuntesdesanluis.com\/index.php\/wp-json\/wp\/v2\/posts\/20065","targetHints":{"allow":["GET"]}}],"collection":[{"href":"https:\/\/apuntesdesanluis.com\/index.php\/wp-json\/wp\/v2\/posts"}],"about":[{"href":"https:\/\/apuntesdesanluis.com\/index.php\/wp-json\/wp\/v2\/types\/post"}],"author":[{"embeddable":true,"href":"https:\/\/apuntesdesanluis.com\/index.php\/wp-json\/wp\/v2\/users\/1"}],"replies":[{"embeddable":true,"href":"https:\/\/apuntesdesanluis.com\/index.php\/wp-json\/wp\/v2\/comments?post=20065"}],"version-history":[{"count":2,"href":"https:\/\/apuntesdesanluis.com\/index.php\/wp-json\/wp\/v2\/posts\/20065\/revisions"}],"predecessor-version":[{"id":20069,"href":"https:\/\/apuntesdesanluis.com\/index.php\/wp-json\/wp\/v2\/posts\/20065\/revisions\/20069"}],"wp:featuredmedia":[{"embeddable":true,"href":"https:\/\/apuntesdesanluis.com\/index.php\/wp-json\/wp\/v2\/media\/20066"}],"wp:attachment":[{"href":"https:\/\/apuntesdesanluis.com\/index.php\/wp-json\/wp\/v2\/media?parent=20065"}],"wp:term":[{"taxonomy":"category","embeddable":true,"href":"https:\/\/apuntesdesanluis.com\/index.php\/wp-json\/wp\/v2\/categories?post=20065"},{"taxonomy":"post_tag","embeddable":true,"href":"https:\/\/apuntesdesanluis.com\/index.php\/wp-json\/wp\/v2\/tags?post=20065"}],"curies":[{"name":"wp","href":"https:\/\/api.w.org\/{rel}","templated":true}]}}