{"id":20070,"date":"2024-07-30T17:34:52","date_gmt":"2024-07-30T20:34:52","guid":{"rendered":"https:\/\/apuntesdesanluis.com\/?p=20070"},"modified":"2024-07-30T17:35:14","modified_gmt":"2024-07-30T20:35:14","slug":"20070","status":"publish","type":"post","link":"https:\/\/apuntesdesanluis.com\/index.php\/2024\/07\/30\/20070\/","title":{"rendered":"EN SAN LUIS, EL NARCOMENUDEO VUELVE AL \u00c1MBITO DE LA JUSTICIA FEDERAL"},"content":{"rendered":"<h3>Este martes, por mayor\u00eda, el <strong>Senado<\/strong> provincial le dio sanci\u00f3n definitiva al proyecto que propone suspender por un a\u00f1o la Ley N\u00b01081 de desfederalizaci\u00f3n parcial en materia de estupefacientes. Esta ley fue aprobada durante la gesti\u00f3n de Alberto Rodr\u00edguez Sa\u00e1 y permit\u00eda que los delitos menores relacionados con el narcotr\u00e1fico sean investigados y juzgados por la Justicia provincial en lugar de la federal.<\/h3>\n<h3>La normativa, a la que San Luis adhiri\u00f3 en septiembre de 2022, permit\u00eda que infracciones como la venta, entrega, suministro y distribuci\u00f3n de estupefacientes en peque\u00f1as cantidades destinadas al consumidor final sean investigadas directamente por la Justicia de San Luis. No obstante, la provincia nunca desarroll\u00f3 un protocolo de actuaci\u00f3n ni implement\u00f3 la medida de manera efectiva.<\/h3>\n<h3>El senador por Pueyrred\u00f3n, M<strong>art\u00edn Olivero<\/strong>, explic\u00f3 que ni el Superior Tribunal de Justicia ni el Ministerio de Seguridad dictaron \u201cnormas, protocolos de actuaci\u00f3n o disposici\u00f3n alguna dentro del marco de sus competencias para procurar la eficiente y eficaz actuaci\u00f3n del Fuero de Lucha Contra el Narcomenudeo\u201d, ni se puso en marcha la comisi\u00f3n de seguimiento para la implementaci\u00f3n de esa ley.<\/h3>\n<h3>El proyecto de suspensi\u00f3n fue enviado a la Legislatura por el Ejecutivo y forma parte de una serie de pol\u00edticas que anunci\u00f3 el gobernador Claudio Poggi en su discurso del 1\u00b0 de abril para luchar contra la inseguridad y la droga en San Luis. Entre los principales fundamentos se destacan las estad\u00edsticas de la Procuraci\u00f3n General de la Naci\u00f3n y la Procuradur\u00eda de Narcocriminalidad (Procunar) que indican que en otras provincias donde est\u00e1 en vigencia la ley, como Buenos Aires, C\u00f3rdoba, Chaco, Formosa y Salta, no se han obtenido resultados positivos.<\/h3>\n<p><img fetchpriority=\"high\" decoding=\"async\" class=\"wp-image-20072 aligncenter\" src=\"https:\/\/apuntesdesanluis.com\/wp-content\/uploads\/2024\/07\/ENDEIZA-300x200.jpg\" alt=\"\" width=\"551\" height=\"367\" srcset=\"https:\/\/apuntesdesanluis.com\/wp-content\/uploads\/2024\/07\/ENDEIZA-300x200.jpg 300w, https:\/\/apuntesdesanluis.com\/wp-content\/uploads\/2024\/07\/ENDEIZA.jpg 700w\" sizes=\"(max-width: 551px) 100vw, 551px\" \/><\/p>\n<h3>\u201cPuede advertirse entonces que la mayor vulnerabilidad del sistema de desfederalizaci\u00f3n radica en no prever claramente mecanismos de interacci\u00f3n entre la Justicia Provincial y la Federal para que las causas iniciadas como narcomenudeo logren ascender a instancias de investigaci\u00f3n que alcancen al narcotr\u00e1fico, que es donde tienen su origen\u201d, se\u00f1al\u00f3 el senador.<\/h3>\n<h3>La falta de coordinaci\u00f3n en las investigaciones ha dificultado la sanci\u00f3n a los grandes narcotraficantes, reduciendo las acciones principalmente a casos de comercializaci\u00f3n en peque\u00f1as dosis. Adem\u00e1s, ha llevado a un aumento en los casos de tenencia y consumo personal, sin impactar significativamente en el tr\u00e1fico de drogas a gran escala.<\/h3>\n<h3>\u201cSe puede advertir que la aplicaci\u00f3n del sistema de desfederalizaci\u00f3n parcial de la competencia penal en materia de estupefacientes resulta impracticable en t\u00e9rminos t\u00e9cnicos y operativos, por lo que se requiere postergar el inicio de su implementaci\u00f3n por un plazo razonable que permita adecuar la realidad provincial a los desaf\u00edos y complejidades que presenta el funcionamiento de dicho r\u00e9gimen\u201d, finaliz\u00f3 Olivero.<\/h3>\n<h3><strong>RECHAZO A LAS CUENTAS DE INVERSI\u00d3N<\/strong><\/h3>\n<h3>Tal como hab\u00eda hecho Diputados hace una semana, tambi\u00e9n el Senado provincial rechaz\u00f3 la Cuenta de Inversi\u00f3n 2023, responsabilidad absoluta de la gesti\u00f3n que dej\u00f3 el poder el 10 de diciembre. La votaci\u00f3n fue 5 a 4 a favor del \u2018no\u2019 a los n\u00fameros que dej\u00f3 Alberto Rodr\u00edguez Sa\u00e1, expresado por los senadores <strong>Mart\u00edn Olivero, Adolfo Castro Luna, Sergio Guardia, Diego Garc\u00eda y Carlos Garc\u00eda<\/strong>. El estudio de la Cuenta de Inversi\u00f3n dej\u00f3 en evidencia un d\u00e9ficit de $93.125.748.517 durante el \u00faltimo a\u00f1o del gobierno anterior.<\/h3>\n<p><img decoding=\"async\" class=\"wp-image-20073 aligncenter\" src=\"https:\/\/apuntesdesanluis.com\/wp-content\/uploads\/2024\/07\/SENADO-300x191.jpg\" alt=\"\" width=\"567\" height=\"361\" srcset=\"https:\/\/apuntesdesanluis.com\/wp-content\/uploads\/2024\/07\/SENADO-300x191.jpg 300w, https:\/\/apuntesdesanluis.com\/wp-content\/uploads\/2024\/07\/SENADO.jpg 600w\" sizes=\"(max-width: 567px) 100vw, 567px\" \/><\/p>\n<h3>El senador por el departamento Jun\u00edn, Sergio Guardia, fundament\u00f3 la decisi\u00f3n detallando los incumplimientos y deficiencias observadas en la gesti\u00f3n financiera de Rodr\u00edguez Sa\u00e1, observaciones se\u00f1aladas en el Acuerdo 457-TC-2024 del Honorable Tribunal de Cuentas suscrito de manera un\u00e1nime.<\/h3>\n<h3>Durante el 2023, la Provincia recaud\u00f3 $546.930.275.028, pero se gastaron $567.925.739.439, resultando en un d\u00e9ficit de $20.995.464.411. Sin embargo, ese n\u00famero se agrav\u00f3 porque incluy\u00f3 ingresos extraordinarios de $72.130.284.106 provenientes de la venta de t\u00edtulos y activos financieros de la deuda que Naci\u00f3n ten\u00eda con la Provincia, por lo que el d\u00e9ficit operativo fue de $93.125.748.517.<\/h3>\n<h3>\u201cEsto concuerda con el informe de revisi\u00f3n y evaluaci\u00f3n de la situaci\u00f3n econ\u00f3mica y financiera de la provincia al cierre del a\u00f1o pasado realizado por la Facultad de Ciencias Econ\u00f3micas de la Universidad de Buenos Aires (UBA), que destac\u00f3 que la ejecuci\u00f3n del presupuesto del a\u00f1o 2023 no verific\u00f3 el equilibrio que se hab\u00eda proyectado originariamente\u201d, explic\u00f3 Guardia.<\/h3>\n<p>&nbsp;<\/p>\n<p>&nbsp;<\/p>\n<p>&nbsp;<\/p>\n","protected":false},"excerpt":{"rendered":"<p>Este martes, por mayor\u00eda, el Senado provincial le dio sanci\u00f3n definitiva al proyecto que propone&#8230;<\/p>\n","protected":false},"author":1,"featured_media":20071,"comment_status":"closed","ping_status":"closed","sticky":false,"template":"","format":"standard","meta":{"footnotes":""},"categories":[6],"tags":[],"class_list":["post-20070","post","type-post","status-publish","format-standard","has-post-thumbnail","hentry","category-ciudad-provincia"],"yoast_head":"<!-- This site is optimized with the Yoast SEO plugin v26.1.1 - https:\/\/yoast.com\/wordpress\/plugins\/seo\/ -->\n<title>EN SAN LUIS, EL NARCOMENUDEO VUELVE AL \u00c1MBITO DE LA JUSTICIA FEDERAL - Apuntes de San Luis<\/title>\n<meta name=\"robots\" content=\"index, follow, max-snippet:-1, max-image-preview:large, max-video-preview:-1\" \/>\n<link rel=\"canonical\" href=\"https:\/\/apuntesdesanluis.com\/index.php\/2024\/07\/30\/20070\/\" \/>\n<meta property=\"og:locale\" content=\"es_ES\" \/>\n<meta property=\"og:type\" content=\"article\" \/>\n<meta property=\"og:title\" content=\"EN SAN LUIS, EL NARCOMENUDEO VUELVE AL \u00c1MBITO DE LA JUSTICIA FEDERAL - Apuntes de San Luis\" \/>\n<meta property=\"og:description\" content=\"Este martes, por mayor\u00eda, el Senado provincial le dio sanci\u00f3n definitiva al proyecto que propone...\" \/>\n<meta property=\"og:url\" content=\"https:\/\/apuntesdesanluis.com\/index.php\/2024\/07\/30\/20070\/\" \/>\n<meta property=\"og:site_name\" content=\"Apuntes de San Luis\" \/>\n<meta property=\"article:published_time\" content=\"2024-07-30T20:34:52+00:00\" \/>\n<meta property=\"article:modified_time\" content=\"2024-07-30T20:35:14+00:00\" \/>\n<meta property=\"og:image\" content=\"https:\/\/apuntesdesanluis.com\/wp-content\/uploads\/2024\/07\/GUARDIA.jpg\" \/>\n\t<meta property=\"og:image:width\" content=\"696\" \/>\n\t<meta property=\"og:image:height\" content=\"430\" \/>\n\t<meta property=\"og:image:type\" content=\"image\/jpeg\" \/>\n<meta name=\"author\" content=\"apuntesdesanluis.com\" \/>\n<meta name=\"twitter:card\" content=\"summary_large_image\" \/>\n<meta name=\"twitter:label1\" content=\"Escrito por\" \/>\n\t<meta name=\"twitter:data1\" content=\"apuntesdesanluis.com\" \/>\n\t<meta name=\"twitter:label2\" content=\"Tiempo de lectura\" \/>\n\t<meta name=\"twitter:data2\" content=\"4 minutos\" \/>\n<script type=\"application\/ld+json\" class=\"yoast-schema-graph\">{\"@context\":\"https:\/\/schema.org\",\"@graph\":[{\"@type\":\"Article\",\"@id\":\"https:\/\/apuntesdesanluis.com\/index.php\/2024\/07\/30\/20070\/#article\",\"isPartOf\":{\"@id\":\"https:\/\/apuntesdesanluis.com\/index.php\/2024\/07\/30\/20070\/\"},\"author\":{\"name\":\"apuntesdesanluis.com\",\"@id\":\"https:\/\/apuntesdesanluis.com\/#\/schema\/person\/b55151d52296fcce64d1a72538a70b90\"},\"headline\":\"EN SAN LUIS, EL NARCOMENUDEO VUELVE AL \u00c1MBITO DE LA JUSTICIA FEDERAL\",\"datePublished\":\"2024-07-30T20:34:52+00:00\",\"dateModified\":\"2024-07-30T20:35:14+00:00\",\"mainEntityOfPage\":{\"@id\":\"https:\/\/apuntesdesanluis.com\/index.php\/2024\/07\/30\/20070\/\"},\"wordCount\":762,\"publisher\":{\"@id\":\"https:\/\/apuntesdesanluis.com\/#\/schema\/person\/b55151d52296fcce64d1a72538a70b90\"},\"image\":{\"@id\":\"https:\/\/apuntesdesanluis.com\/index.php\/2024\/07\/30\/20070\/#primaryimage\"},\"thumbnailUrl\":\"https:\/\/apuntesdesanluis.com\/wp-content\/uploads\/2024\/07\/GUARDIA.jpg\",\"articleSection\":[\"Ciudad\/Provincia\"],\"inLanguage\":\"es-AR\"},{\"@type\":\"WebPage\",\"@id\":\"https:\/\/apuntesdesanluis.com\/index.php\/2024\/07\/30\/20070\/\",\"url\":\"https:\/\/apuntesdesanluis.com\/index.php\/2024\/07\/30\/20070\/\",\"name\":\"EN SAN LUIS, EL NARCOMENUDEO VUELVE AL \u00c1MBITO DE LA JUSTICIA FEDERAL - Apuntes de San Luis\",\"isPartOf\":{\"@id\":\"https:\/\/apuntesdesanluis.com\/#website\"},\"primaryImageOfPage\":{\"@id\":\"https:\/\/apuntesdesanluis.com\/index.php\/2024\/07\/30\/20070\/#primaryimage\"},\"image\":{\"@id\":\"https:\/\/apuntesdesanluis.com\/index.php\/2024\/07\/30\/20070\/#primaryimage\"},\"thumbnailUrl\":\"https:\/\/apuntesdesanluis.com\/wp-content\/uploads\/2024\/07\/GUARDIA.jpg\",\"datePublished\":\"2024-07-30T20:34:52+00:00\",\"dateModified\":\"2024-07-30T20:35:14+00:00\",\"breadcrumb\":{\"@id\":\"https:\/\/apuntesdesanluis.com\/index.php\/2024\/07\/30\/20070\/#breadcrumb\"},\"inLanguage\":\"es-AR\",\"potentialAction\":[{\"@type\":\"ReadAction\",\"target\":[\"https:\/\/apuntesdesanluis.com\/index.php\/2024\/07\/30\/20070\/\"]}]},{\"@type\":\"ImageObject\",\"inLanguage\":\"es-AR\",\"@id\":\"https:\/\/apuntesdesanluis.com\/index.php\/2024\/07\/30\/20070\/#primaryimage\",\"url\":\"https:\/\/apuntesdesanluis.com\/wp-content\/uploads\/2024\/07\/GUARDIA.jpg\",\"contentUrl\":\"https:\/\/apuntesdesanluis.com\/wp-content\/uploads\/2024\/07\/GUARDIA.jpg\",\"width\":696,\"height\":430},{\"@type\":\"BreadcrumbList\",\"@id\":\"https:\/\/apuntesdesanluis.com\/index.php\/2024\/07\/30\/20070\/#breadcrumb\",\"itemListElement\":[{\"@type\":\"ListItem\",\"position\":1,\"name\":\"Inicio\",\"item\":\"https:\/\/apuntesdesanluis.com\/\"},{\"@type\":\"ListItem\",\"position\":2,\"name\":\"EN SAN LUIS, EL NARCOMENUDEO VUELVE AL \u00c1MBITO DE LA JUSTICIA FEDERAL\"}]},{\"@type\":\"WebSite\",\"@id\":\"https:\/\/apuntesdesanluis.com\/#website\",\"url\":\"https:\/\/apuntesdesanluis.com\/\",\"name\":\"Apuntes de San Luis\",\"description\":\"\",\"publisher\":{\"@id\":\"https:\/\/apuntesdesanluis.com\/#\/schema\/person\/b55151d52296fcce64d1a72538a70b90\"},\"potentialAction\":[{\"@type\":\"SearchAction\",\"target\":{\"@type\":\"EntryPoint\",\"urlTemplate\":\"https:\/\/apuntesdesanluis.com\/?s={search_term_string}\"},\"query-input\":{\"@type\":\"PropertyValueSpecification\",\"valueRequired\":true,\"valueName\":\"search_term_string\"}}],\"inLanguage\":\"es-AR\"},{\"@type\":[\"Person\",\"Organization\"],\"@id\":\"https:\/\/apuntesdesanluis.com\/#\/schema\/person\/b55151d52296fcce64d1a72538a70b90\",\"name\":\"apuntesdesanluis.com\",\"image\":{\"@type\":\"ImageObject\",\"inLanguage\":\"es-AR\",\"@id\":\"https:\/\/apuntesdesanluis.com\/#\/schema\/person\/image\/\",\"url\":\"https:\/\/apuntesdesanluis.com\/wp-content\/uploads\/2023\/07\/cropped-apuntesdesanluis.png\",\"contentUrl\":\"https:\/\/apuntesdesanluis.com\/wp-content\/uploads\/2023\/07\/cropped-apuntesdesanluis.png\",\"width\":450,\"height\":112,\"caption\":\"apuntesdesanluis.com\"},\"logo\":{\"@id\":\"https:\/\/apuntesdesanluis.com\/#\/schema\/person\/image\/\"},\"sameAs\":[\"https:\/\/apuntesdesanluis.com\"],\"url\":\"https:\/\/apuntesdesanluis.com\/index.php\/author\/apuntesdesanluis-com\/\"}]}<\/script>\n<!-- \/ Yoast SEO plugin. -->","yoast_head_json":{"title":"EN SAN LUIS, EL NARCOMENUDEO VUELVE AL \u00c1MBITO DE LA JUSTICIA FEDERAL - Apuntes de San Luis","robots":{"index":"index","follow":"follow","max-snippet":"max-snippet:-1","max-image-preview":"max-image-preview:large","max-video-preview":"max-video-preview:-1"},"canonical":"https:\/\/apuntesdesanluis.com\/index.php\/2024\/07\/30\/20070\/","og_locale":"es_ES","og_type":"article","og_title":"EN SAN LUIS, EL NARCOMENUDEO VUELVE AL \u00c1MBITO DE LA JUSTICIA FEDERAL - Apuntes de San Luis","og_description":"Este martes, por mayor\u00eda, el Senado provincial le dio sanci\u00f3n definitiva al proyecto que propone...","og_url":"https:\/\/apuntesdesanluis.com\/index.php\/2024\/07\/30\/20070\/","og_site_name":"Apuntes de San Luis","article_published_time":"2024-07-30T20:34:52+00:00","article_modified_time":"2024-07-30T20:35:14+00:00","og_image":[{"width":696,"height":430,"url":"https:\/\/apuntesdesanluis.com\/wp-content\/uploads\/2024\/07\/GUARDIA.jpg","type":"image\/jpeg"}],"author":"apuntesdesanluis.com","twitter_card":"summary_large_image","twitter_misc":{"Escrito por":"apuntesdesanluis.com","Tiempo de lectura":"4 minutos"},"schema":{"@context":"https:\/\/schema.org","@graph":[{"@type":"Article","@id":"https:\/\/apuntesdesanluis.com\/index.php\/2024\/07\/30\/20070\/#article","isPartOf":{"@id":"https:\/\/apuntesdesanluis.com\/index.php\/2024\/07\/30\/20070\/"},"author":{"name":"apuntesdesanluis.com","@id":"https:\/\/apuntesdesanluis.com\/#\/schema\/person\/b55151d52296fcce64d1a72538a70b90"},"headline":"EN SAN LUIS, EL NARCOMENUDEO VUELVE AL \u00c1MBITO DE LA JUSTICIA FEDERAL","datePublished":"2024-07-30T20:34:52+00:00","dateModified":"2024-07-30T20:35:14+00:00","mainEntityOfPage":{"@id":"https:\/\/apuntesdesanluis.com\/index.php\/2024\/07\/30\/20070\/"},"wordCount":762,"publisher":{"@id":"https:\/\/apuntesdesanluis.com\/#\/schema\/person\/b55151d52296fcce64d1a72538a70b90"},"image":{"@id":"https:\/\/apuntesdesanluis.com\/index.php\/2024\/07\/30\/20070\/#primaryimage"},"thumbnailUrl":"https:\/\/apuntesdesanluis.com\/wp-content\/uploads\/2024\/07\/GUARDIA.jpg","articleSection":["Ciudad\/Provincia"],"inLanguage":"es-AR"},{"@type":"WebPage","@id":"https:\/\/apuntesdesanluis.com\/index.php\/2024\/07\/30\/20070\/","url":"https:\/\/apuntesdesanluis.com\/index.php\/2024\/07\/30\/20070\/","name":"EN SAN LUIS, EL NARCOMENUDEO VUELVE AL \u00c1MBITO DE LA JUSTICIA FEDERAL - Apuntes de San Luis","isPartOf":{"@id":"https:\/\/apuntesdesanluis.com\/#website"},"primaryImageOfPage":{"@id":"https:\/\/apuntesdesanluis.com\/index.php\/2024\/07\/30\/20070\/#primaryimage"},"image":{"@id":"https:\/\/apuntesdesanluis.com\/index.php\/2024\/07\/30\/20070\/#primaryimage"},"thumbnailUrl":"https:\/\/apuntesdesanluis.com\/wp-content\/uploads\/2024\/07\/GUARDIA.jpg","datePublished":"2024-07-30T20:34:52+00:00","dateModified":"2024-07-30T20:35:14+00:00","breadcrumb":{"@id":"https:\/\/apuntesdesanluis.com\/index.php\/2024\/07\/30\/20070\/#breadcrumb"},"inLanguage":"es-AR","potentialAction":[{"@type":"ReadAction","target":["https:\/\/apuntesdesanluis.com\/index.php\/2024\/07\/30\/20070\/"]}]},{"@type":"ImageObject","inLanguage":"es-AR","@id":"https:\/\/apuntesdesanluis.com\/index.php\/2024\/07\/30\/20070\/#primaryimage","url":"https:\/\/apuntesdesanluis.com\/wp-content\/uploads\/2024\/07\/GUARDIA.jpg","contentUrl":"https:\/\/apuntesdesanluis.com\/wp-content\/uploads\/2024\/07\/GUARDIA.jpg","width":696,"height":430},{"@type":"BreadcrumbList","@id":"https:\/\/apuntesdesanluis.com\/index.php\/2024\/07\/30\/20070\/#breadcrumb","itemListElement":[{"@type":"ListItem","position":1,"name":"Inicio","item":"https:\/\/apuntesdesanluis.com\/"},{"@type":"ListItem","position":2,"name":"EN SAN LUIS, EL NARCOMENUDEO VUELVE AL \u00c1MBITO DE LA JUSTICIA FEDERAL"}]},{"@type":"WebSite","@id":"https:\/\/apuntesdesanluis.com\/#website","url":"https:\/\/apuntesdesanluis.com\/","name":"Apuntes de San Luis","description":"","publisher":{"@id":"https:\/\/apuntesdesanluis.com\/#\/schema\/person\/b55151d52296fcce64d1a72538a70b90"},"potentialAction":[{"@type":"SearchAction","target":{"@type":"EntryPoint","urlTemplate":"https:\/\/apuntesdesanluis.com\/?s={search_term_string}"},"query-input":{"@type":"PropertyValueSpecification","valueRequired":true,"valueName":"search_term_string"}}],"inLanguage":"es-AR"},{"@type":["Person","Organization"],"@id":"https:\/\/apuntesdesanluis.com\/#\/schema\/person\/b55151d52296fcce64d1a72538a70b90","name":"apuntesdesanluis.com","image":{"@type":"ImageObject","inLanguage":"es-AR","@id":"https:\/\/apuntesdesanluis.com\/#\/schema\/person\/image\/","url":"https:\/\/apuntesdesanluis.com\/wp-content\/uploads\/2023\/07\/cropped-apuntesdesanluis.png","contentUrl":"https:\/\/apuntesdesanluis.com\/wp-content\/uploads\/2023\/07\/cropped-apuntesdesanluis.png","width":450,"height":112,"caption":"apuntesdesanluis.com"},"logo":{"@id":"https:\/\/apuntesdesanluis.com\/#\/schema\/person\/image\/"},"sameAs":["https:\/\/apuntesdesanluis.com"],"url":"https:\/\/apuntesdesanluis.com\/index.php\/author\/apuntesdesanluis-com\/"}]}},"featured_image_urls":{"full":["https:\/\/apuntesdesanluis.com\/wp-content\/uploads\/2024\/07\/GUARDIA.jpg",696,430,false],"thumbnail":["https:\/\/apuntesdesanluis.com\/wp-content\/uploads\/2024\/07\/GUARDIA-150x150.jpg",150,150,true],"medium":["https:\/\/apuntesdesanluis.com\/wp-content\/uploads\/2024\/07\/GUARDIA-300x185.jpg",300,185,true],"medium_large":["https:\/\/apuntesdesanluis.com\/wp-content\/uploads\/2024\/07\/GUARDIA.jpg",640,395,false],"large":["https:\/\/apuntesdesanluis.com\/wp-content\/uploads\/2024\/07\/GUARDIA.jpg",640,395,false],"1536x1536":["https:\/\/apuntesdesanluis.com\/wp-content\/uploads\/2024\/07\/GUARDIA.jpg",696,430,false],"2048x2048":["https:\/\/apuntesdesanluis.com\/wp-content\/uploads\/2024\/07\/GUARDIA.jpg",696,430,false],"newsever-slider-full":["https:\/\/apuntesdesanluis.com\/wp-content\/uploads\/2024\/07\/GUARDIA.jpg",696,430,false],"newsever-featured":["https:\/\/apuntesdesanluis.com\/wp-content\/uploads\/2024\/07\/GUARDIA.jpg",696,430,false],"newsever-medium":["https:\/\/apuntesdesanluis.com\/wp-content\/uploads\/2024\/07\/GUARDIA.jpg",696,430,false]},"author_info":{"display_name":"apuntesdesanluis.com","author_link":"https:\/\/apuntesdesanluis.com\/index.php\/author\/apuntesdesanluis-com\/"},"category_info":"<a href=\"https:\/\/apuntesdesanluis.com\/index.php\/category\/ciudad-provincia\/\" rel=\"category tag\">Ciudad\/Provincia<\/a>","tag_info":"Ciudad\/Provincia","comment_count":"0","_links":{"self":[{"href":"https:\/\/apuntesdesanluis.com\/index.php\/wp-json\/wp\/v2\/posts\/20070","targetHints":{"allow":["GET"]}}],"collection":[{"href":"https:\/\/apuntesdesanluis.com\/index.php\/wp-json\/wp\/v2\/posts"}],"about":[{"href":"https:\/\/apuntesdesanluis.com\/index.php\/wp-json\/wp\/v2\/types\/post"}],"author":[{"embeddable":true,"href":"https:\/\/apuntesdesanluis.com\/index.php\/wp-json\/wp\/v2\/users\/1"}],"replies":[{"embeddable":true,"href":"https:\/\/apuntesdesanluis.com\/index.php\/wp-json\/wp\/v2\/comments?post=20070"}],"version-history":[{"count":2,"href":"https:\/\/apuntesdesanluis.com\/index.php\/wp-json\/wp\/v2\/posts\/20070\/revisions"}],"predecessor-version":[{"id":20075,"href":"https:\/\/apuntesdesanluis.com\/index.php\/wp-json\/wp\/v2\/posts\/20070\/revisions\/20075"}],"wp:featuredmedia":[{"embeddable":true,"href":"https:\/\/apuntesdesanluis.com\/index.php\/wp-json\/wp\/v2\/media\/20071"}],"wp:attachment":[{"href":"https:\/\/apuntesdesanluis.com\/index.php\/wp-json\/wp\/v2\/media?parent=20070"}],"wp:term":[{"taxonomy":"category","embeddable":true,"href":"https:\/\/apuntesdesanluis.com\/index.php\/wp-json\/wp\/v2\/categories?post=20070"},{"taxonomy":"post_tag","embeddable":true,"href":"https:\/\/apuntesdesanluis.com\/index.php\/wp-json\/wp\/v2\/tags?post=20070"}],"curies":[{"name":"wp","href":"https:\/\/api.w.org\/{rel}","templated":true}]}}