{"id":20076,"date":"2024-07-30T17:39:31","date_gmt":"2024-07-30T20:39:31","guid":{"rendered":"https:\/\/apuntesdesanluis.com\/?p=20076"},"modified":"2024-07-30T17:39:31","modified_gmt":"2024-07-30T20:39:31","slug":"el-debate-oral-por-el-caso-johana-galdeano-se-reanudara-el-jueves","status":"publish","type":"post","link":"https:\/\/apuntesdesanluis.com\/index.php\/2024\/07\/30\/el-debate-oral-por-el-caso-johana-galdeano-se-reanudara-el-jueves\/","title":{"rendered":"EL DEBATE ORAL POR EL CASO JOHANA GALDEANO SE REANUDAR\u00c1 EL JUEVES"},"content":{"rendered":"<h3>Asimismo, continuar\u00e1 el 2 y 5 de agosto a las 9:30 hs en la Sala de Juicios Orales del tribunal mercedino.<\/h3>\n<h3>La Oficina Judicial del Colegio de Jueces en lo Penal de la Segunda Circunscripci\u00f3n Judicial inform\u00f3 que, atento a que la defensa de <strong>Juan Carlos Solalinde<\/strong> comunic\u00f3 la imposibilidad de concurrir a la audiencia del 31 de julio, el debate oral se reanudar\u00e1 el 1 de agosto y continuar\u00e1 el 2 y 5 del corriente mes y a\u00f1o a las 9:30 hs.<\/h3>\n<h3>Cabe mencionar que el juicio se encuentra en etapa probatoria y se juzga al acusado por homicidio doblemente calificado por haber mantenido una relaci\u00f3n de pareja y por violencia de g\u00e9nero en perjuicio de <strong>Johana Galdeano<\/strong>.<\/h3>\n<h3>El hecho ocurri\u00f3 el 26 de mayo del 2021. El cuerpo de la v\u00edctima fue encontrado en el domicilio en el que viv\u00eda el acusado. La joven, quien hab\u00eda tenido una relaci\u00f3n de pareja con Solalinde, recibi\u00f3 cinco impactos de bala que le provocaron la muerte.<\/h3>\n<h3>El tribunal est\u00e1 integrado por la Dra. Daniela Estrada y los Dres. Mauro D\u00b4Agata Henr\u00edquez\u00a0 y Sebasti\u00e1n Cadelago Filippi. Como Secretario interviene el Dr. H\u00e9ctor Lazzari.<\/h3>\n<h3>En la coordinaci\u00f3n del proceso interviene la Dra. Karina Cabral, Directora de la Oficina Judicial del Colegio de Jueces en lo Penal, de la Segunda Circunscripci\u00f3n Judicial. Act\u00faa como Fiscal de Juicio el Dr. Ernesto Lutens, en representaci\u00f3n de la querella la Dra. Mikaela Eguinoa y como defensores del acusado los Dres. Dres. Marcos Juarez y Ramiro Rubio.<\/h3>\n<p>&nbsp;<\/p>\n<p>&nbsp;<\/p>\n<p>&nbsp;<\/p>\n","protected":false},"excerpt":{"rendered":"<p>Asimismo, continuar\u00e1 el 2 y 5 de agosto a las 9:30 hs en la Sala&#8230;<\/p>\n","protected":false},"author":1,"featured_media":19855,"comment_status":"closed","ping_status":"closed","sticky":false,"template":"","format":"standard","meta":{"footnotes":""},"categories":[6],"tags":[],"class_list":["post-20076","post","type-post","status-publish","format-standard","has-post-thumbnail","hentry","category-ciudad-provincia"],"yoast_head":"<!-- This site is optimized with the Yoast SEO plugin v26.1.1 - https:\/\/yoast.com\/wordpress\/plugins\/seo\/ -->\n<title>EL DEBATE ORAL POR EL CASO JOHANA GALDEANO SE REANUDAR\u00c1 EL JUEVES - Apuntes de San Luis<\/title>\n<meta name=\"robots\" content=\"index, follow, max-snippet:-1, max-image-preview:large, max-video-preview:-1\" \/>\n<link rel=\"canonical\" href=\"https:\/\/apuntesdesanluis.com\/index.php\/2024\/07\/30\/el-debate-oral-por-el-caso-johana-galdeano-se-reanudara-el-jueves\/\" \/>\n<meta property=\"og:locale\" content=\"es_ES\" \/>\n<meta property=\"og:type\" content=\"article\" \/>\n<meta property=\"og:title\" content=\"EL DEBATE ORAL POR EL CASO JOHANA GALDEANO SE REANUDAR\u00c1 EL JUEVES - Apuntes de San Luis\" \/>\n<meta property=\"og:description\" content=\"Asimismo, continuar\u00e1 el 2 y 5 de agosto a las 9:30 hs en la Sala...\" \/>\n<meta property=\"og:url\" content=\"https:\/\/apuntesdesanluis.com\/index.php\/2024\/07\/30\/el-debate-oral-por-el-caso-johana-galdeano-se-reanudara-el-jueves\/\" \/>\n<meta property=\"og:site_name\" content=\"Apuntes de San Luis\" \/>\n<meta property=\"article:published_time\" content=\"2024-07-30T20:39:31+00:00\" \/>\n<meta property=\"og:image\" content=\"https:\/\/apuntesdesanluis.com\/wp-content\/uploads\/2024\/07\/caso-solalinde.png\" \/>\n\t<meta property=\"og:image:width\" content=\"700\" \/>\n\t<meta property=\"og:image:height\" content=\"406\" \/>\n\t<meta property=\"og:image:type\" content=\"image\/png\" \/>\n<meta name=\"author\" content=\"apuntesdesanluis.com\" \/>\n<meta name=\"twitter:card\" content=\"summary_large_image\" \/>\n<meta name=\"twitter:label1\" content=\"Escrito por\" \/>\n\t<meta name=\"twitter:data1\" content=\"apuntesdesanluis.com\" \/>\n\t<meta name=\"twitter:label2\" content=\"Tiempo de lectura\" \/>\n\t<meta name=\"twitter:data2\" content=\"2 minutos\" \/>\n<script type=\"application\/ld+json\" class=\"yoast-schema-graph\">{\"@context\":\"https:\/\/schema.org\",\"@graph\":[{\"@type\":\"Article\",\"@id\":\"https:\/\/apuntesdesanluis.com\/index.php\/2024\/07\/30\/el-debate-oral-por-el-caso-johana-galdeano-se-reanudara-el-jueves\/#article\",\"isPartOf\":{\"@id\":\"https:\/\/apuntesdesanluis.com\/index.php\/2024\/07\/30\/el-debate-oral-por-el-caso-johana-galdeano-se-reanudara-el-jueves\/\"},\"author\":{\"name\":\"apuntesdesanluis.com\",\"@id\":\"https:\/\/apuntesdesanluis.com\/#\/schema\/person\/b55151d52296fcce64d1a72538a70b90\"},\"headline\":\"EL DEBATE ORAL POR EL CASO JOHANA GALDEANO SE REANUDAR\u00c1 EL JUEVES\",\"datePublished\":\"2024-07-30T20:39:31+00:00\",\"mainEntityOfPage\":{\"@id\":\"https:\/\/apuntesdesanluis.com\/index.php\/2024\/07\/30\/el-debate-oral-por-el-caso-johana-galdeano-se-reanudara-el-jueves\/\"},\"wordCount\":270,\"publisher\":{\"@id\":\"https:\/\/apuntesdesanluis.com\/#\/schema\/person\/b55151d52296fcce64d1a72538a70b90\"},\"image\":{\"@id\":\"https:\/\/apuntesdesanluis.com\/index.php\/2024\/07\/30\/el-debate-oral-por-el-caso-johana-galdeano-se-reanudara-el-jueves\/#primaryimage\"},\"thumbnailUrl\":\"https:\/\/apuntesdesanluis.com\/wp-content\/uploads\/2024\/07\/caso-solalinde.png\",\"articleSection\":[\"Ciudad\/Provincia\"],\"inLanguage\":\"es-AR\"},{\"@type\":\"WebPage\",\"@id\":\"https:\/\/apuntesdesanluis.com\/index.php\/2024\/07\/30\/el-debate-oral-por-el-caso-johana-galdeano-se-reanudara-el-jueves\/\",\"url\":\"https:\/\/apuntesdesanluis.com\/index.php\/2024\/07\/30\/el-debate-oral-por-el-caso-johana-galdeano-se-reanudara-el-jueves\/\",\"name\":\"EL DEBATE ORAL POR EL CASO JOHANA GALDEANO SE REANUDAR\u00c1 EL JUEVES - Apuntes de San Luis\",\"isPartOf\":{\"@id\":\"https:\/\/apuntesdesanluis.com\/#website\"},\"primaryImageOfPage\":{\"@id\":\"https:\/\/apuntesdesanluis.com\/index.php\/2024\/07\/30\/el-debate-oral-por-el-caso-johana-galdeano-se-reanudara-el-jueves\/#primaryimage\"},\"image\":{\"@id\":\"https:\/\/apuntesdesanluis.com\/index.php\/2024\/07\/30\/el-debate-oral-por-el-caso-johana-galdeano-se-reanudara-el-jueves\/#primaryimage\"},\"thumbnailUrl\":\"https:\/\/apuntesdesanluis.com\/wp-content\/uploads\/2024\/07\/caso-solalinde.png\",\"datePublished\":\"2024-07-30T20:39:31+00:00\",\"breadcrumb\":{\"@id\":\"https:\/\/apuntesdesanluis.com\/index.php\/2024\/07\/30\/el-debate-oral-por-el-caso-johana-galdeano-se-reanudara-el-jueves\/#breadcrumb\"},\"inLanguage\":\"es-AR\",\"potentialAction\":[{\"@type\":\"ReadAction\",\"target\":[\"https:\/\/apuntesdesanluis.com\/index.php\/2024\/07\/30\/el-debate-oral-por-el-caso-johana-galdeano-se-reanudara-el-jueves\/\"]}]},{\"@type\":\"ImageObject\",\"inLanguage\":\"es-AR\",\"@id\":\"https:\/\/apuntesdesanluis.com\/index.php\/2024\/07\/30\/el-debate-oral-por-el-caso-johana-galdeano-se-reanudara-el-jueves\/#primaryimage\",\"url\":\"https:\/\/apuntesdesanluis.com\/wp-content\/uploads\/2024\/07\/caso-solalinde.png\",\"contentUrl\":\"https:\/\/apuntesdesanluis.com\/wp-content\/uploads\/2024\/07\/caso-solalinde.png\",\"width\":700,\"height\":406},{\"@type\":\"BreadcrumbList\",\"@id\":\"https:\/\/apuntesdesanluis.com\/index.php\/2024\/07\/30\/el-debate-oral-por-el-caso-johana-galdeano-se-reanudara-el-jueves\/#breadcrumb\",\"itemListElement\":[{\"@type\":\"ListItem\",\"position\":1,\"name\":\"Inicio\",\"item\":\"https:\/\/apuntesdesanluis.com\/\"},{\"@type\":\"ListItem\",\"position\":2,\"name\":\"EL DEBATE ORAL POR EL CASO JOHANA GALDEANO SE REANUDAR\u00c1 EL JUEVES\"}]},{\"@type\":\"WebSite\",\"@id\":\"https:\/\/apuntesdesanluis.com\/#website\",\"url\":\"https:\/\/apuntesdesanluis.com\/\",\"name\":\"Apuntes de San Luis\",\"description\":\"\",\"publisher\":{\"@id\":\"https:\/\/apuntesdesanluis.com\/#\/schema\/person\/b55151d52296fcce64d1a72538a70b90\"},\"potentialAction\":[{\"@type\":\"SearchAction\",\"target\":{\"@type\":\"EntryPoint\",\"urlTemplate\":\"https:\/\/apuntesdesanluis.com\/?s={search_term_string}\"},\"query-input\":{\"@type\":\"PropertyValueSpecification\",\"valueRequired\":true,\"valueName\":\"search_term_string\"}}],\"inLanguage\":\"es-AR\"},{\"@type\":[\"Person\",\"Organization\"],\"@id\":\"https:\/\/apuntesdesanluis.com\/#\/schema\/person\/b55151d52296fcce64d1a72538a70b90\",\"name\":\"apuntesdesanluis.com\",\"image\":{\"@type\":\"ImageObject\",\"inLanguage\":\"es-AR\",\"@id\":\"https:\/\/apuntesdesanluis.com\/#\/schema\/person\/image\/\",\"url\":\"https:\/\/apuntesdesanluis.com\/wp-content\/uploads\/2023\/07\/cropped-apuntesdesanluis.png\",\"contentUrl\":\"https:\/\/apuntesdesanluis.com\/wp-content\/uploads\/2023\/07\/cropped-apuntesdesanluis.png\",\"width\":450,\"height\":112,\"caption\":\"apuntesdesanluis.com\"},\"logo\":{\"@id\":\"https:\/\/apuntesdesanluis.com\/#\/schema\/person\/image\/\"},\"sameAs\":[\"https:\/\/apuntesdesanluis.com\"],\"url\":\"https:\/\/apuntesdesanluis.com\/index.php\/author\/apuntesdesanluis-com\/\"}]}<\/script>\n<!-- \/ Yoast SEO plugin. -->","yoast_head_json":{"title":"EL DEBATE ORAL POR EL CASO JOHANA GALDEANO SE REANUDAR\u00c1 EL JUEVES - Apuntes de San Luis","robots":{"index":"index","follow":"follow","max-snippet":"max-snippet:-1","max-image-preview":"max-image-preview:large","max-video-preview":"max-video-preview:-1"},"canonical":"https:\/\/apuntesdesanluis.com\/index.php\/2024\/07\/30\/el-debate-oral-por-el-caso-johana-galdeano-se-reanudara-el-jueves\/","og_locale":"es_ES","og_type":"article","og_title":"EL DEBATE ORAL POR EL CASO JOHANA GALDEANO SE REANUDAR\u00c1 EL JUEVES - Apuntes de San Luis","og_description":"Asimismo, continuar\u00e1 el 2 y 5 de agosto a las 9:30 hs en la Sala...","og_url":"https:\/\/apuntesdesanluis.com\/index.php\/2024\/07\/30\/el-debate-oral-por-el-caso-johana-galdeano-se-reanudara-el-jueves\/","og_site_name":"Apuntes de San Luis","article_published_time":"2024-07-30T20:39:31+00:00","og_image":[{"width":700,"height":406,"url":"https:\/\/apuntesdesanluis.com\/wp-content\/uploads\/2024\/07\/caso-solalinde.png","type":"image\/png"}],"author":"apuntesdesanluis.com","twitter_card":"summary_large_image","twitter_misc":{"Escrito por":"apuntesdesanluis.com","Tiempo de lectura":"2 minutos"},"schema":{"@context":"https:\/\/schema.org","@graph":[{"@type":"Article","@id":"https:\/\/apuntesdesanluis.com\/index.php\/2024\/07\/30\/el-debate-oral-por-el-caso-johana-galdeano-se-reanudara-el-jueves\/#article","isPartOf":{"@id":"https:\/\/apuntesdesanluis.com\/index.php\/2024\/07\/30\/el-debate-oral-por-el-caso-johana-galdeano-se-reanudara-el-jueves\/"},"author":{"name":"apuntesdesanluis.com","@id":"https:\/\/apuntesdesanluis.com\/#\/schema\/person\/b55151d52296fcce64d1a72538a70b90"},"headline":"EL DEBATE ORAL POR EL CASO JOHANA GALDEANO SE REANUDAR\u00c1 EL JUEVES","datePublished":"2024-07-30T20:39:31+00:00","mainEntityOfPage":{"@id":"https:\/\/apuntesdesanluis.com\/index.php\/2024\/07\/30\/el-debate-oral-por-el-caso-johana-galdeano-se-reanudara-el-jueves\/"},"wordCount":270,"publisher":{"@id":"https:\/\/apuntesdesanluis.com\/#\/schema\/person\/b55151d52296fcce64d1a72538a70b90"},"image":{"@id":"https:\/\/apuntesdesanluis.com\/index.php\/2024\/07\/30\/el-debate-oral-por-el-caso-johana-galdeano-se-reanudara-el-jueves\/#primaryimage"},"thumbnailUrl":"https:\/\/apuntesdesanluis.com\/wp-content\/uploads\/2024\/07\/caso-solalinde.png","articleSection":["Ciudad\/Provincia"],"inLanguage":"es-AR"},{"@type":"WebPage","@id":"https:\/\/apuntesdesanluis.com\/index.php\/2024\/07\/30\/el-debate-oral-por-el-caso-johana-galdeano-se-reanudara-el-jueves\/","url":"https:\/\/apuntesdesanluis.com\/index.php\/2024\/07\/30\/el-debate-oral-por-el-caso-johana-galdeano-se-reanudara-el-jueves\/","name":"EL DEBATE ORAL POR EL CASO JOHANA GALDEANO SE REANUDAR\u00c1 EL JUEVES - Apuntes de San Luis","isPartOf":{"@id":"https:\/\/apuntesdesanluis.com\/#website"},"primaryImageOfPage":{"@id":"https:\/\/apuntesdesanluis.com\/index.php\/2024\/07\/30\/el-debate-oral-por-el-caso-johana-galdeano-se-reanudara-el-jueves\/#primaryimage"},"image":{"@id":"https:\/\/apuntesdesanluis.com\/index.php\/2024\/07\/30\/el-debate-oral-por-el-caso-johana-galdeano-se-reanudara-el-jueves\/#primaryimage"},"thumbnailUrl":"https:\/\/apuntesdesanluis.com\/wp-content\/uploads\/2024\/07\/caso-solalinde.png","datePublished":"2024-07-30T20:39:31+00:00","breadcrumb":{"@id":"https:\/\/apuntesdesanluis.com\/index.php\/2024\/07\/30\/el-debate-oral-por-el-caso-johana-galdeano-se-reanudara-el-jueves\/#breadcrumb"},"inLanguage":"es-AR","potentialAction":[{"@type":"ReadAction","target":["https:\/\/apuntesdesanluis.com\/index.php\/2024\/07\/30\/el-debate-oral-por-el-caso-johana-galdeano-se-reanudara-el-jueves\/"]}]},{"@type":"ImageObject","inLanguage":"es-AR","@id":"https:\/\/apuntesdesanluis.com\/index.php\/2024\/07\/30\/el-debate-oral-por-el-caso-johana-galdeano-se-reanudara-el-jueves\/#primaryimage","url":"https:\/\/apuntesdesanluis.com\/wp-content\/uploads\/2024\/07\/caso-solalinde.png","contentUrl":"https:\/\/apuntesdesanluis.com\/wp-content\/uploads\/2024\/07\/caso-solalinde.png","width":700,"height":406},{"@type":"BreadcrumbList","@id":"https:\/\/apuntesdesanluis.com\/index.php\/2024\/07\/30\/el-debate-oral-por-el-caso-johana-galdeano-se-reanudara-el-jueves\/#breadcrumb","itemListElement":[{"@type":"ListItem","position":1,"name":"Inicio","item":"https:\/\/apuntesdesanluis.com\/"},{"@type":"ListItem","position":2,"name":"EL DEBATE ORAL POR EL CASO JOHANA GALDEANO SE REANUDAR\u00c1 EL JUEVES"}]},{"@type":"WebSite","@id":"https:\/\/apuntesdesanluis.com\/#website","url":"https:\/\/apuntesdesanluis.com\/","name":"Apuntes de San Luis","description":"","publisher":{"@id":"https:\/\/apuntesdesanluis.com\/#\/schema\/person\/b55151d52296fcce64d1a72538a70b90"},"potentialAction":[{"@type":"SearchAction","target":{"@type":"EntryPoint","urlTemplate":"https:\/\/apuntesdesanluis.com\/?s={search_term_string}"},"query-input":{"@type":"PropertyValueSpecification","valueRequired":true,"valueName":"search_term_string"}}],"inLanguage":"es-AR"},{"@type":["Person","Organization"],"@id":"https:\/\/apuntesdesanluis.com\/#\/schema\/person\/b55151d52296fcce64d1a72538a70b90","name":"apuntesdesanluis.com","image":{"@type":"ImageObject","inLanguage":"es-AR","@id":"https:\/\/apuntesdesanluis.com\/#\/schema\/person\/image\/","url":"https:\/\/apuntesdesanluis.com\/wp-content\/uploads\/2023\/07\/cropped-apuntesdesanluis.png","contentUrl":"https:\/\/apuntesdesanluis.com\/wp-content\/uploads\/2023\/07\/cropped-apuntesdesanluis.png","width":450,"height":112,"caption":"apuntesdesanluis.com"},"logo":{"@id":"https:\/\/apuntesdesanluis.com\/#\/schema\/person\/image\/"},"sameAs":["https:\/\/apuntesdesanluis.com"],"url":"https:\/\/apuntesdesanluis.com\/index.php\/author\/apuntesdesanluis-com\/"}]}},"featured_image_urls":{"full":["https:\/\/apuntesdesanluis.com\/wp-content\/uploads\/2024\/07\/caso-solalinde.png",700,406,false],"thumbnail":["https:\/\/apuntesdesanluis.com\/wp-content\/uploads\/2024\/07\/caso-solalinde-150x150.png",150,150,true],"medium":["https:\/\/apuntesdesanluis.com\/wp-content\/uploads\/2024\/07\/caso-solalinde-300x174.png",300,174,true],"medium_large":["https:\/\/apuntesdesanluis.com\/wp-content\/uploads\/2024\/07\/caso-solalinde.png",640,371,false],"large":["https:\/\/apuntesdesanluis.com\/wp-content\/uploads\/2024\/07\/caso-solalinde.png",640,371,false],"1536x1536":["https:\/\/apuntesdesanluis.com\/wp-content\/uploads\/2024\/07\/caso-solalinde.png",700,406,false],"2048x2048":["https:\/\/apuntesdesanluis.com\/wp-content\/uploads\/2024\/07\/caso-solalinde.png",700,406,false],"newsever-slider-full":["https:\/\/apuntesdesanluis.com\/wp-content\/uploads\/2024\/07\/caso-solalinde.png",700,406,false],"newsever-featured":["https:\/\/apuntesdesanluis.com\/wp-content\/uploads\/2024\/07\/caso-solalinde.png",700,406,false],"newsever-medium":["https:\/\/apuntesdesanluis.com\/wp-content\/uploads\/2024\/07\/caso-solalinde.png",700,406,false]},"author_info":{"display_name":"apuntesdesanluis.com","author_link":"https:\/\/apuntesdesanluis.com\/index.php\/author\/apuntesdesanluis-com\/"},"category_info":"<a href=\"https:\/\/apuntesdesanluis.com\/index.php\/category\/ciudad-provincia\/\" rel=\"category tag\">Ciudad\/Provincia<\/a>","tag_info":"Ciudad\/Provincia","comment_count":"0","_links":{"self":[{"href":"https:\/\/apuntesdesanluis.com\/index.php\/wp-json\/wp\/v2\/posts\/20076","targetHints":{"allow":["GET"]}}],"collection":[{"href":"https:\/\/apuntesdesanluis.com\/index.php\/wp-json\/wp\/v2\/posts"}],"about":[{"href":"https:\/\/apuntesdesanluis.com\/index.php\/wp-json\/wp\/v2\/types\/post"}],"author":[{"embeddable":true,"href":"https:\/\/apuntesdesanluis.com\/index.php\/wp-json\/wp\/v2\/users\/1"}],"replies":[{"embeddable":true,"href":"https:\/\/apuntesdesanluis.com\/index.php\/wp-json\/wp\/v2\/comments?post=20076"}],"version-history":[{"count":1,"href":"https:\/\/apuntesdesanluis.com\/index.php\/wp-json\/wp\/v2\/posts\/20076\/revisions"}],"predecessor-version":[{"id":20077,"href":"https:\/\/apuntesdesanluis.com\/index.php\/wp-json\/wp\/v2\/posts\/20076\/revisions\/20077"}],"wp:featuredmedia":[{"embeddable":true,"href":"https:\/\/apuntesdesanluis.com\/index.php\/wp-json\/wp\/v2\/media\/19855"}],"wp:attachment":[{"href":"https:\/\/apuntesdesanluis.com\/index.php\/wp-json\/wp\/v2\/media?parent=20076"}],"wp:term":[{"taxonomy":"category","embeddable":true,"href":"https:\/\/apuntesdesanluis.com\/index.php\/wp-json\/wp\/v2\/categories?post=20076"},{"taxonomy":"post_tag","embeddable":true,"href":"https:\/\/apuntesdesanluis.com\/index.php\/wp-json\/wp\/v2\/tags?post=20076"}],"curies":[{"name":"wp","href":"https:\/\/api.w.org\/{rel}","templated":true}]}}