{"id":20085,"date":"2024-07-30T17:59:30","date_gmt":"2024-07-30T20:59:30","guid":{"rendered":"https:\/\/apuntesdesanluis.com\/?p=20085"},"modified":"2024-07-30T17:59:30","modified_gmt":"2024-07-30T20:59:30","slug":"diputados-abre-el-debate-del-proyecto-para-bajar-la-imputabilidad-de-16-a-13-anos","status":"publish","type":"post","link":"https:\/\/apuntesdesanluis.com\/index.php\/2024\/07\/30\/diputados-abre-el-debate-del-proyecto-para-bajar-la-imputabilidad-de-16-a-13-anos\/","title":{"rendered":"DIPUTADOS ABRE EL DEBATE DEL PROYECTO PARA BAJAR LA IMPUTABILIDAD DE 16 A 13 A\u00d1OS"},"content":{"rendered":"<h3>La C\u00e1mara de Diputados abrir\u00e1 este mi\u00e9rcoles en comisi\u00f3n el tratamiento del proyecto que reduce la edad de imputabilidad a los 13 a\u00f1os, con un nuevo R\u00e9gimen Penal Juvenil para los adolescentes que cometan delitos tipificados en el C\u00f3digo Penal, a trav\u00e9s de una reuni\u00f3n informativa donde expondr\u00e1n dos funcionarios de los ministerios de Seguridad y Justicia.<\/h3>\n<h3>El plenario de las comisiones de Legislaci\u00f3n Penal, Justicia y Presupuesto, que conducen Laura Rodr\u00edguez Machado (PRO-C\u00f3rdoba), Manuel Quintar (LLA-Jujuy) y Jos\u00e9 Luis Espert, respectivamente, fue convocada para a las 12.30 en el edificio Anexo C, en una jornada donde tambi\u00e9n se debatir\u00e1m los proyectos sobre trata de personas y de ley antimafia, con lo cual el Gobierno tener nuevas herramientas para combatir el crimen organizado.<\/h3>\n<h3>En la primera reuni\u00f3n informativa sobre la ley de reforma del R\u00e9gimen Penal Juvenil expondr\u00e1n el secretario de Justicia, Sebasti\u00e1n Amerio, y el director nacional de Normativa y relaci\u00f3n con los Poderes Judiciales y Ministerios P\u00fablicos del Ministerio de Seguridad, Fernando Soto, en tanto en la segunda se espera la palabra de los autores de diferentes proyectos que se encuentran en la C\u00e1mara baja.<\/h3>\n<h3>De todos modos no ser\u00e1 un tr\u00e1mite sencillo porque cada vez que se instal\u00f3 el debate de la baja de imputabilidad no se pudo avanzar, al ser un tema que divide las aguas en forma transversal en los bloques, m\u00e1s all\u00e1 de que coinciden en la necesidad de un cambio del sistema penal para los menores.\u00a0\u00a0 El proyecto establece un r\u00e9gimen penal aplicable a las personas adolescentes desde los 13 hasta los 18 a\u00f1os cuando fueran imputadas por un hecho tipificado como delito en el C\u00f3digo Penal.<\/h3>\n<h3>\u00a0 A lo largo del texto se establece que no se le podr\u00e1 imponer al menor una pena por reclusi\u00f3n perpetua y el m\u00e1ximo de prisi\u00f3n ser\u00e1 de 20 a\u00f1os; este tope se mantendr\u00e1 a\u00fan si la escala penal fuera m\u00e1s elevada.<\/h3>\n<h3>Adem\u00e1s, en las comisiones hay proyectos presentados por el presidente del bloque del Pro, Cristian Ritondo; por el libertario \u00c1lvaro Mart\u00ednez; por el legislador de Hacemos Ricardo L\u00f3pez Murphy y otro impulsado desde Uni\u00f3n por la Patria (UxP) por Mar\u00eda Eugenia Alianiello.<\/h3>\n<h3>La iniciativa de UxP no avanza en la baja de la edad para ser detenido por un delito, que actualmente est\u00e1 en los 16 a\u00f1os, contempla un mecanismo de sanciones menores y otro mecanismo para reinsertarse en la sociedad, y establece como tope una pena de diez a\u00f1os.<\/h3>\n<h3>En cambio, en el proyecto propiciado por Ritondo se baja la edad de imputabilidad a los 14 a\u00f1os y el joven estar\u00e1 en un centro especializado para menores hasta que cumpla la mayor\u00eda de edad, cuando tendr\u00e1 que cumplir la misma pena que les corresponde a los mayores de acuerdo a la gravedad del delito.\u00a0\u00a0 El proyecto m\u00e1s duro sobre la baja de la imputabilidad fue presentado por \u00c1lvaro Mart\u00ednez, de LLA, que propone prisi\u00f3n de hasta 10 a\u00f1os a los menores entre 12 y 16 a\u00f1os, mientras que aquellos que superan esa edad se le podr\u00e1 imponer hasta quince a\u00f1os de prisi\u00f3n.<\/h3>\n<p>&nbsp;<\/p>\n<p>&nbsp;<\/p>\n<p>&nbsp;<\/p>\n","protected":false},"excerpt":{"rendered":"<p>La C\u00e1mara de Diputados abrir\u00e1 este mi\u00e9rcoles en comisi\u00f3n el tratamiento del proyecto que reduce&#8230;<\/p>\n","protected":false},"author":1,"featured_media":3542,"comment_status":"closed","ping_status":"closed","sticky":false,"template":"","format":"standard","meta":{"footnotes":""},"categories":[5],"tags":[],"class_list":["post-20085","post","type-post","status-publish","format-standard","has-post-thumbnail","hentry","category-nacionales-internacionales"],"yoast_head":"<!-- This site is optimized with the Yoast SEO plugin v26.1.1 - https:\/\/yoast.com\/wordpress\/plugins\/seo\/ -->\n<title>DIPUTADOS ABRE EL DEBATE DEL PROYECTO PARA BAJAR LA IMPUTABILIDAD DE 16 A 13 A\u00d1OS - Apuntes de San Luis<\/title>\n<meta name=\"robots\" content=\"index, follow, max-snippet:-1, max-image-preview:large, max-video-preview:-1\" \/>\n<link rel=\"canonical\" href=\"https:\/\/apuntesdesanluis.com\/index.php\/2024\/07\/30\/diputados-abre-el-debate-del-proyecto-para-bajar-la-imputabilidad-de-16-a-13-anos\/\" \/>\n<meta property=\"og:locale\" content=\"es_ES\" \/>\n<meta property=\"og:type\" content=\"article\" \/>\n<meta property=\"og:title\" content=\"DIPUTADOS ABRE EL DEBATE DEL PROYECTO PARA BAJAR LA IMPUTABILIDAD DE 16 A 13 A\u00d1OS - Apuntes de San Luis\" \/>\n<meta property=\"og:description\" content=\"La C\u00e1mara de Diputados abrir\u00e1 este mi\u00e9rcoles en comisi\u00f3n el tratamiento del proyecto que reduce...\" \/>\n<meta property=\"og:url\" content=\"https:\/\/apuntesdesanluis.com\/index.php\/2024\/07\/30\/diputados-abre-el-debate-del-proyecto-para-bajar-la-imputabilidad-de-16-a-13-anos\/\" \/>\n<meta property=\"og:site_name\" content=\"Apuntes de San Luis\" \/>\n<meta property=\"article:published_time\" content=\"2024-07-30T20:59:30+00:00\" \/>\n<meta property=\"og:image\" content=\"https:\/\/apuntesdesanluis.com\/wp-content\/uploads\/2023\/09\/Diputados-2.png\" \/>\n\t<meta property=\"og:image:width\" content=\"600\" \/>\n\t<meta property=\"og:image:height\" content=\"382\" \/>\n\t<meta property=\"og:image:type\" content=\"image\/png\" \/>\n<meta name=\"author\" content=\"apuntesdesanluis.com\" \/>\n<meta name=\"twitter:card\" content=\"summary_large_image\" \/>\n<meta name=\"twitter:label1\" content=\"Escrito por\" \/>\n\t<meta name=\"twitter:data1\" content=\"apuntesdesanluis.com\" \/>\n\t<meta name=\"twitter:label2\" content=\"Tiempo de lectura\" \/>\n\t<meta name=\"twitter:data2\" content=\"3 minutos\" \/>\n<script type=\"application\/ld+json\" class=\"yoast-schema-graph\">{\"@context\":\"https:\/\/schema.org\",\"@graph\":[{\"@type\":\"Article\",\"@id\":\"https:\/\/apuntesdesanluis.com\/index.php\/2024\/07\/30\/diputados-abre-el-debate-del-proyecto-para-bajar-la-imputabilidad-de-16-a-13-anos\/#article\",\"isPartOf\":{\"@id\":\"https:\/\/apuntesdesanluis.com\/index.php\/2024\/07\/30\/diputados-abre-el-debate-del-proyecto-para-bajar-la-imputabilidad-de-16-a-13-anos\/\"},\"author\":{\"name\":\"apuntesdesanluis.com\",\"@id\":\"https:\/\/apuntesdesanluis.com\/#\/schema\/person\/b55151d52296fcce64d1a72538a70b90\"},\"headline\":\"DIPUTADOS ABRE EL DEBATE DEL PROYECTO PARA BAJAR LA IMPUTABILIDAD DE 16 A 13 A\u00d1OS\",\"datePublished\":\"2024-07-30T20:59:30+00:00\",\"mainEntityOfPage\":{\"@id\":\"https:\/\/apuntesdesanluis.com\/index.php\/2024\/07\/30\/diputados-abre-el-debate-del-proyecto-para-bajar-la-imputabilidad-de-16-a-13-anos\/\"},\"wordCount\":563,\"publisher\":{\"@id\":\"https:\/\/apuntesdesanluis.com\/#\/schema\/person\/b55151d52296fcce64d1a72538a70b90\"},\"image\":{\"@id\":\"https:\/\/apuntesdesanluis.com\/index.php\/2024\/07\/30\/diputados-abre-el-debate-del-proyecto-para-bajar-la-imputabilidad-de-16-a-13-anos\/#primaryimage\"},\"thumbnailUrl\":\"https:\/\/apuntesdesanluis.com\/wp-content\/uploads\/2023\/09\/Diputados-2.png\",\"articleSection\":[\"Nacionales\/Internacionales\"],\"inLanguage\":\"es-AR\"},{\"@type\":\"WebPage\",\"@id\":\"https:\/\/apuntesdesanluis.com\/index.php\/2024\/07\/30\/diputados-abre-el-debate-del-proyecto-para-bajar-la-imputabilidad-de-16-a-13-anos\/\",\"url\":\"https:\/\/apuntesdesanluis.com\/index.php\/2024\/07\/30\/diputados-abre-el-debate-del-proyecto-para-bajar-la-imputabilidad-de-16-a-13-anos\/\",\"name\":\"DIPUTADOS ABRE EL DEBATE DEL PROYECTO PARA BAJAR LA IMPUTABILIDAD DE 16 A 13 A\u00d1OS - Apuntes de San Luis\",\"isPartOf\":{\"@id\":\"https:\/\/apuntesdesanluis.com\/#website\"},\"primaryImageOfPage\":{\"@id\":\"https:\/\/apuntesdesanluis.com\/index.php\/2024\/07\/30\/diputados-abre-el-debate-del-proyecto-para-bajar-la-imputabilidad-de-16-a-13-anos\/#primaryimage\"},\"image\":{\"@id\":\"https:\/\/apuntesdesanluis.com\/index.php\/2024\/07\/30\/diputados-abre-el-debate-del-proyecto-para-bajar-la-imputabilidad-de-16-a-13-anos\/#primaryimage\"},\"thumbnailUrl\":\"https:\/\/apuntesdesanluis.com\/wp-content\/uploads\/2023\/09\/Diputados-2.png\",\"datePublished\":\"2024-07-30T20:59:30+00:00\",\"breadcrumb\":{\"@id\":\"https:\/\/apuntesdesanluis.com\/index.php\/2024\/07\/30\/diputados-abre-el-debate-del-proyecto-para-bajar-la-imputabilidad-de-16-a-13-anos\/#breadcrumb\"},\"inLanguage\":\"es-AR\",\"potentialAction\":[{\"@type\":\"ReadAction\",\"target\":[\"https:\/\/apuntesdesanluis.com\/index.php\/2024\/07\/30\/diputados-abre-el-debate-del-proyecto-para-bajar-la-imputabilidad-de-16-a-13-anos\/\"]}]},{\"@type\":\"ImageObject\",\"inLanguage\":\"es-AR\",\"@id\":\"https:\/\/apuntesdesanluis.com\/index.php\/2024\/07\/30\/diputados-abre-el-debate-del-proyecto-para-bajar-la-imputabilidad-de-16-a-13-anos\/#primaryimage\",\"url\":\"https:\/\/apuntesdesanluis.com\/wp-content\/uploads\/2023\/09\/Diputados-2.png\",\"contentUrl\":\"https:\/\/apuntesdesanluis.com\/wp-content\/uploads\/2023\/09\/Diputados-2.png\",\"width\":600,\"height\":382},{\"@type\":\"BreadcrumbList\",\"@id\":\"https:\/\/apuntesdesanluis.com\/index.php\/2024\/07\/30\/diputados-abre-el-debate-del-proyecto-para-bajar-la-imputabilidad-de-16-a-13-anos\/#breadcrumb\",\"itemListElement\":[{\"@type\":\"ListItem\",\"position\":1,\"name\":\"Inicio\",\"item\":\"https:\/\/apuntesdesanluis.com\/\"},{\"@type\":\"ListItem\",\"position\":2,\"name\":\"DIPUTADOS ABRE EL DEBATE DEL PROYECTO PARA BAJAR LA IMPUTABILIDAD DE 16 A 13 A\u00d1OS\"}]},{\"@type\":\"WebSite\",\"@id\":\"https:\/\/apuntesdesanluis.com\/#website\",\"url\":\"https:\/\/apuntesdesanluis.com\/\",\"name\":\"Apuntes de San Luis\",\"description\":\"\",\"publisher\":{\"@id\":\"https:\/\/apuntesdesanluis.com\/#\/schema\/person\/b55151d52296fcce64d1a72538a70b90\"},\"potentialAction\":[{\"@type\":\"SearchAction\",\"target\":{\"@type\":\"EntryPoint\",\"urlTemplate\":\"https:\/\/apuntesdesanluis.com\/?s={search_term_string}\"},\"query-input\":{\"@type\":\"PropertyValueSpecification\",\"valueRequired\":true,\"valueName\":\"search_term_string\"}}],\"inLanguage\":\"es-AR\"},{\"@type\":[\"Person\",\"Organization\"],\"@id\":\"https:\/\/apuntesdesanluis.com\/#\/schema\/person\/b55151d52296fcce64d1a72538a70b90\",\"name\":\"apuntesdesanluis.com\",\"image\":{\"@type\":\"ImageObject\",\"inLanguage\":\"es-AR\",\"@id\":\"https:\/\/apuntesdesanluis.com\/#\/schema\/person\/image\/\",\"url\":\"https:\/\/apuntesdesanluis.com\/wp-content\/uploads\/2023\/07\/cropped-apuntesdesanluis.png\",\"contentUrl\":\"https:\/\/apuntesdesanluis.com\/wp-content\/uploads\/2023\/07\/cropped-apuntesdesanluis.png\",\"width\":450,\"height\":112,\"caption\":\"apuntesdesanluis.com\"},\"logo\":{\"@id\":\"https:\/\/apuntesdesanluis.com\/#\/schema\/person\/image\/\"},\"sameAs\":[\"https:\/\/apuntesdesanluis.com\"],\"url\":\"https:\/\/apuntesdesanluis.com\/index.php\/author\/apuntesdesanluis-com\/\"}]}<\/script>\n<!-- \/ Yoast SEO plugin. -->","yoast_head_json":{"title":"DIPUTADOS ABRE EL DEBATE DEL PROYECTO PARA BAJAR LA IMPUTABILIDAD DE 16 A 13 A\u00d1OS - Apuntes de San Luis","robots":{"index":"index","follow":"follow","max-snippet":"max-snippet:-1","max-image-preview":"max-image-preview:large","max-video-preview":"max-video-preview:-1"},"canonical":"https:\/\/apuntesdesanluis.com\/index.php\/2024\/07\/30\/diputados-abre-el-debate-del-proyecto-para-bajar-la-imputabilidad-de-16-a-13-anos\/","og_locale":"es_ES","og_type":"article","og_title":"DIPUTADOS ABRE EL DEBATE DEL PROYECTO PARA BAJAR LA IMPUTABILIDAD DE 16 A 13 A\u00d1OS - Apuntes de San Luis","og_description":"La C\u00e1mara de Diputados abrir\u00e1 este mi\u00e9rcoles en comisi\u00f3n el tratamiento del proyecto que reduce...","og_url":"https:\/\/apuntesdesanluis.com\/index.php\/2024\/07\/30\/diputados-abre-el-debate-del-proyecto-para-bajar-la-imputabilidad-de-16-a-13-anos\/","og_site_name":"Apuntes de San Luis","article_published_time":"2024-07-30T20:59:30+00:00","og_image":[{"width":600,"height":382,"url":"https:\/\/apuntesdesanluis.com\/wp-content\/uploads\/2023\/09\/Diputados-2.png","type":"image\/png"}],"author":"apuntesdesanluis.com","twitter_card":"summary_large_image","twitter_misc":{"Escrito por":"apuntesdesanluis.com","Tiempo de lectura":"3 minutos"},"schema":{"@context":"https:\/\/schema.org","@graph":[{"@type":"Article","@id":"https:\/\/apuntesdesanluis.com\/index.php\/2024\/07\/30\/diputados-abre-el-debate-del-proyecto-para-bajar-la-imputabilidad-de-16-a-13-anos\/#article","isPartOf":{"@id":"https:\/\/apuntesdesanluis.com\/index.php\/2024\/07\/30\/diputados-abre-el-debate-del-proyecto-para-bajar-la-imputabilidad-de-16-a-13-anos\/"},"author":{"name":"apuntesdesanluis.com","@id":"https:\/\/apuntesdesanluis.com\/#\/schema\/person\/b55151d52296fcce64d1a72538a70b90"},"headline":"DIPUTADOS ABRE EL DEBATE DEL PROYECTO PARA BAJAR LA IMPUTABILIDAD DE 16 A 13 A\u00d1OS","datePublished":"2024-07-30T20:59:30+00:00","mainEntityOfPage":{"@id":"https:\/\/apuntesdesanluis.com\/index.php\/2024\/07\/30\/diputados-abre-el-debate-del-proyecto-para-bajar-la-imputabilidad-de-16-a-13-anos\/"},"wordCount":563,"publisher":{"@id":"https:\/\/apuntesdesanluis.com\/#\/schema\/person\/b55151d52296fcce64d1a72538a70b90"},"image":{"@id":"https:\/\/apuntesdesanluis.com\/index.php\/2024\/07\/30\/diputados-abre-el-debate-del-proyecto-para-bajar-la-imputabilidad-de-16-a-13-anos\/#primaryimage"},"thumbnailUrl":"https:\/\/apuntesdesanluis.com\/wp-content\/uploads\/2023\/09\/Diputados-2.png","articleSection":["Nacionales\/Internacionales"],"inLanguage":"es-AR"},{"@type":"WebPage","@id":"https:\/\/apuntesdesanluis.com\/index.php\/2024\/07\/30\/diputados-abre-el-debate-del-proyecto-para-bajar-la-imputabilidad-de-16-a-13-anos\/","url":"https:\/\/apuntesdesanluis.com\/index.php\/2024\/07\/30\/diputados-abre-el-debate-del-proyecto-para-bajar-la-imputabilidad-de-16-a-13-anos\/","name":"DIPUTADOS ABRE EL DEBATE DEL PROYECTO PARA BAJAR LA IMPUTABILIDAD DE 16 A 13 A\u00d1OS - Apuntes de San Luis","isPartOf":{"@id":"https:\/\/apuntesdesanluis.com\/#website"},"primaryImageOfPage":{"@id":"https:\/\/apuntesdesanluis.com\/index.php\/2024\/07\/30\/diputados-abre-el-debate-del-proyecto-para-bajar-la-imputabilidad-de-16-a-13-anos\/#primaryimage"},"image":{"@id":"https:\/\/apuntesdesanluis.com\/index.php\/2024\/07\/30\/diputados-abre-el-debate-del-proyecto-para-bajar-la-imputabilidad-de-16-a-13-anos\/#primaryimage"},"thumbnailUrl":"https:\/\/apuntesdesanluis.com\/wp-content\/uploads\/2023\/09\/Diputados-2.png","datePublished":"2024-07-30T20:59:30+00:00","breadcrumb":{"@id":"https:\/\/apuntesdesanluis.com\/index.php\/2024\/07\/30\/diputados-abre-el-debate-del-proyecto-para-bajar-la-imputabilidad-de-16-a-13-anos\/#breadcrumb"},"inLanguage":"es-AR","potentialAction":[{"@type":"ReadAction","target":["https:\/\/apuntesdesanluis.com\/index.php\/2024\/07\/30\/diputados-abre-el-debate-del-proyecto-para-bajar-la-imputabilidad-de-16-a-13-anos\/"]}]},{"@type":"ImageObject","inLanguage":"es-AR","@id":"https:\/\/apuntesdesanluis.com\/index.php\/2024\/07\/30\/diputados-abre-el-debate-del-proyecto-para-bajar-la-imputabilidad-de-16-a-13-anos\/#primaryimage","url":"https:\/\/apuntesdesanluis.com\/wp-content\/uploads\/2023\/09\/Diputados-2.png","contentUrl":"https:\/\/apuntesdesanluis.com\/wp-content\/uploads\/2023\/09\/Diputados-2.png","width":600,"height":382},{"@type":"BreadcrumbList","@id":"https:\/\/apuntesdesanluis.com\/index.php\/2024\/07\/30\/diputados-abre-el-debate-del-proyecto-para-bajar-la-imputabilidad-de-16-a-13-anos\/#breadcrumb","itemListElement":[{"@type":"ListItem","position":1,"name":"Inicio","item":"https:\/\/apuntesdesanluis.com\/"},{"@type":"ListItem","position":2,"name":"DIPUTADOS ABRE EL DEBATE DEL PROYECTO PARA BAJAR LA IMPUTABILIDAD DE 16 A 13 A\u00d1OS"}]},{"@type":"WebSite","@id":"https:\/\/apuntesdesanluis.com\/#website","url":"https:\/\/apuntesdesanluis.com\/","name":"Apuntes de San Luis","description":"","publisher":{"@id":"https:\/\/apuntesdesanluis.com\/#\/schema\/person\/b55151d52296fcce64d1a72538a70b90"},"potentialAction":[{"@type":"SearchAction","target":{"@type":"EntryPoint","urlTemplate":"https:\/\/apuntesdesanluis.com\/?s={search_term_string}"},"query-input":{"@type":"PropertyValueSpecification","valueRequired":true,"valueName":"search_term_string"}}],"inLanguage":"es-AR"},{"@type":["Person","Organization"],"@id":"https:\/\/apuntesdesanluis.com\/#\/schema\/person\/b55151d52296fcce64d1a72538a70b90","name":"apuntesdesanluis.com","image":{"@type":"ImageObject","inLanguage":"es-AR","@id":"https:\/\/apuntesdesanluis.com\/#\/schema\/person\/image\/","url":"https:\/\/apuntesdesanluis.com\/wp-content\/uploads\/2023\/07\/cropped-apuntesdesanluis.png","contentUrl":"https:\/\/apuntesdesanluis.com\/wp-content\/uploads\/2023\/07\/cropped-apuntesdesanluis.png","width":450,"height":112,"caption":"apuntesdesanluis.com"},"logo":{"@id":"https:\/\/apuntesdesanluis.com\/#\/schema\/person\/image\/"},"sameAs":["https:\/\/apuntesdesanluis.com"],"url":"https:\/\/apuntesdesanluis.com\/index.php\/author\/apuntesdesanluis-com\/"}]}},"featured_image_urls":{"full":["https:\/\/apuntesdesanluis.com\/wp-content\/uploads\/2023\/09\/Diputados-2.png",600,382,false],"thumbnail":["https:\/\/apuntesdesanluis.com\/wp-content\/uploads\/2023\/09\/Diputados-2-150x150.png",150,150,true],"medium":["https:\/\/apuntesdesanluis.com\/wp-content\/uploads\/2023\/09\/Diputados-2-300x191.png",300,191,true],"medium_large":["https:\/\/apuntesdesanluis.com\/wp-content\/uploads\/2023\/09\/Diputados-2.png",600,382,false],"large":["https:\/\/apuntesdesanluis.com\/wp-content\/uploads\/2023\/09\/Diputados-2.png",600,382,false],"1536x1536":["https:\/\/apuntesdesanluis.com\/wp-content\/uploads\/2023\/09\/Diputados-2.png",600,382,false],"2048x2048":["https:\/\/apuntesdesanluis.com\/wp-content\/uploads\/2023\/09\/Diputados-2.png",600,382,false],"newsever-slider-full":["https:\/\/apuntesdesanluis.com\/wp-content\/uploads\/2023\/09\/Diputados-2.png",600,382,false],"newsever-featured":["https:\/\/apuntesdesanluis.com\/wp-content\/uploads\/2023\/09\/Diputados-2.png",600,382,false],"newsever-medium":["https:\/\/apuntesdesanluis.com\/wp-content\/uploads\/2023\/09\/Diputados-2.png",600,382,false]},"author_info":{"display_name":"apuntesdesanluis.com","author_link":"https:\/\/apuntesdesanluis.com\/index.php\/author\/apuntesdesanluis-com\/"},"category_info":"<a href=\"https:\/\/apuntesdesanluis.com\/index.php\/category\/nacionales-internacionales\/\" rel=\"category tag\">Nacionales\/Internacionales<\/a>","tag_info":"Nacionales\/Internacionales","comment_count":"0","_links":{"self":[{"href":"https:\/\/apuntesdesanluis.com\/index.php\/wp-json\/wp\/v2\/posts\/20085","targetHints":{"allow":["GET"]}}],"collection":[{"href":"https:\/\/apuntesdesanluis.com\/index.php\/wp-json\/wp\/v2\/posts"}],"about":[{"href":"https:\/\/apuntesdesanluis.com\/index.php\/wp-json\/wp\/v2\/types\/post"}],"author":[{"embeddable":true,"href":"https:\/\/apuntesdesanluis.com\/index.php\/wp-json\/wp\/v2\/users\/1"}],"replies":[{"embeddable":true,"href":"https:\/\/apuntesdesanluis.com\/index.php\/wp-json\/wp\/v2\/comments?post=20085"}],"version-history":[{"count":1,"href":"https:\/\/apuntesdesanluis.com\/index.php\/wp-json\/wp\/v2\/posts\/20085\/revisions"}],"predecessor-version":[{"id":20086,"href":"https:\/\/apuntesdesanluis.com\/index.php\/wp-json\/wp\/v2\/posts\/20085\/revisions\/20086"}],"wp:featuredmedia":[{"embeddable":true,"href":"https:\/\/apuntesdesanluis.com\/index.php\/wp-json\/wp\/v2\/media\/3542"}],"wp:attachment":[{"href":"https:\/\/apuntesdesanluis.com\/index.php\/wp-json\/wp\/v2\/media?parent=20085"}],"wp:term":[{"taxonomy":"category","embeddable":true,"href":"https:\/\/apuntesdesanluis.com\/index.php\/wp-json\/wp\/v2\/categories?post=20085"},{"taxonomy":"post_tag","embeddable":true,"href":"https:\/\/apuntesdesanluis.com\/index.php\/wp-json\/wp\/v2\/tags?post=20085"}],"curies":[{"name":"wp","href":"https:\/\/api.w.org\/{rel}","templated":true}]}}