{"id":20097,"date":"2024-07-31T00:17:59","date_gmt":"2024-07-31T03:17:59","guid":{"rendered":"https:\/\/apuntesdesanluis.com\/?p=20097"},"modified":"2024-07-31T00:17:59","modified_gmt":"2024-07-31T03:17:59","slug":"lanzaron-la-campana-de-prevencion-y-lucha-contra-el-fuego","status":"publish","type":"post","link":"https:\/\/apuntesdesanluis.com\/index.php\/2024\/07\/31\/lanzaron-la-campana-de-prevencion-y-lucha-contra-el-fuego\/","title":{"rendered":"LANZARON LA CAMPA\u00d1A DE PREVENCI\u00d3N Y LUCHA CONTRA EL FUEGO"},"content":{"rendered":"<h3>El Gobierno pidi\u00f3 colaboraci\u00f3n y empat\u00eda a la poblaci\u00f3n para una temporada libre de incendios forestales. Por semana, los bomberos apagan entre 10 y 15 focos a nivel provincial.<\/h3>\n<h3>Este martes, en conferencia de prensa, el Gobierno lanz\u00f3 la campa\u00f1a de prevenci\u00f3n y lucha contra el fuego para evitar incendios forestales en la provincia en una \u00e9poca critica. <strong>Marcos L\u00f3pez<\/strong>, director de Prevenci\u00f3n y Gesti\u00f3n de Emergencias, advirti\u00f3 que \u201cestamos teniendo entre 10 y 15 incendios por semana. Se est\u00e1 trabajando much\u00edsimo, est\u00e1n trabajando Bomberos Voluntarios, Bomberos de la Polic\u00eda y los brigadistas de nuestra direcci\u00f3n. Por eso pedimos la colaboraci\u00f3n de todos, que se tome conciencia del da\u00f1o que se puede provocar al prender fuego sin autorizaci\u00f3n\u201d.<\/h3>\n<h3>\u201cDesde el comienzo de esta gesti\u00f3n, esta Direcci\u00f3n viene trabajando muy fuerte en lo que es prevenci\u00f3n, concientizaci\u00f3n y capacitaciones a intendencias, que es fundamental. Y quiero recordar que prender fuego es un delito grave y un acto que trae consecuencias que no son las mejores, no solo para el medio ambiente, tambi\u00e9n para la seguridad p\u00fablica\u201d, coment\u00f3.<\/h3>\n<h3>Por eso, advirti\u00f3 sobre las consecuencias de dichos actos: \u201cLas multas van a ser muy severas. Incluso pueden enfrentar, si se encuentra alguien prendiendo fuego ilegalmente, penas de prisi\u00f3n\u201d. Si bien el funcionario aclar\u00f3 que el monto de la multa se determina teniendo en cuenta varios factores, dijo que en algunos casos puede llegar hasta los 35 millones de pesos.<\/h3>\n<p><iframe title=\"Marcos L\u00f3pez, Director de Prevenci\u00f3n y Gesti\u00f3n de  Emergencia,Ministerio de Seguridad\" width=\"640\" height=\"360\" src=\"https:\/\/www.youtube.com\/embed\/Nq4kJVYc0vs?feature=oembed\" frameborder=\"0\" allow=\"accelerometer; autoplay; clipboard-write; encrypted-media; gyroscope; picture-in-picture; web-share\" referrerpolicy=\"strict-origin-when-cross-origin\" allowfullscreen><\/iframe><\/p>\n<h3>Tambi\u00e9n habl\u00f3 sobre las picadas cortafuego y su importancia: \u201cNosotros, para autorizarles (a los productores) la quema les pedimos s\u00ed o s\u00ed las picadas. De hecho, va nuestro personal del \u00e1rea de quema a inspeccionar que est\u00e9n hechas las picadas. Si no, no se autoriza la quema. Los \u00fanicos autorizados a realizar las quemas son los Bomberos Voluntarios o el personal de nuestra brigada. El fuego como herramienta no es malo, pero no todos est\u00e1n capacitados o tienen el equipamiento necesario para poder manipularlo. Por eso decimos, y hacemos mucho hincapi\u00e9 en esto, que s\u00ed o s\u00ed tienen que pedir la autorizaci\u00f3n en nuestra Direcci\u00f3n\u201d, determin\u00f3 Marcos L\u00f3pez.<\/h3>\n<h3>El funcionario record\u00f3 que hay l\u00edneas abiertas para todos los que quieren realizar una quema autorizada. \u201cLos invitamos a que se acerquen, nos llamen por tel\u00e9fono al 4452000, internos 3559 y 3557, donde les podemos brindar toda la informaci\u00f3n necesaria.\u201d, aclar\u00f3 sobre las autorizaciones.<\/h3>\n<h3>L\u00f3pez tambi\u00e9n expuso el problema que traen la sequedad y el clima de la provincia en esta \u00e9poca, cuando pr\u00e1cticamente no llueve. \u201cEstamos haciendo un relevamiento, trabajando incluso con Naci\u00f3n, con el Sistema Nacional de Alerta y Monitoreo de Emergencias (SINAME), con los chicos de la REM. Y s\u00ed, tenemos mucho combustible natural, hay mucha pastura seca. As\u00ed que seguramente van a venir incendios. Tenemos que estar preparados, por eso pedimos la colaboraci\u00f3n de todos\u201d, finaliz\u00f3.<\/h3>\n<h3><strong>RIESGO DE INCENDIO ALTO<\/strong><\/h3>\n<h3>Por su lado la Polic\u00eda de la Provincia alert\u00f3 que como consecuencia a los factores clim\u00e1ticos que afectan nuestra provincia, bajos valores de humedad relativa, r\u00e1fagas de vientos y el comienzo del ascenso de la temperatura, la Direcci\u00f3n de Prevenci\u00f3n y Gesti\u00f3n de emergencias hace saber que las regiones centro y norte de la provincia se encuentran atravesando riesgo por propagaci\u00f3n de incendios MUY ALTO.<\/h3>\n<h3>\nDe acuerdo al comunicado emitido por la RED DE ESTACIONES METEOROLOGICAS, el norte de San Luis tendr\u00e1 r\u00e1fagas de vientos que podr\u00edan llegar a los 70km por hora en las regiones noroeste y serran\u00edas centrales con algunos mejoramientos temporales. Se espera un ascenso de las temperaturas de hasta 26\u00ba desde el d\u00eda jueves pr\u00f3ximo.<\/h3>\n<h3>Solicitamos a la comunidad en general extremar los cuidados y no encender fuego en lugares no autorizados como as\u00ed tampoco ejecutar quemas sin autorizaci\u00f3n expresa del Ministerio de Seguridad.<\/h3>\n<h3>&#8220;El cuidado de nuestra provincia es una responsabilidad de todos&#8221;.<\/h3>\n<p><img fetchpriority=\"high\" decoding=\"async\" class=\"wp-image-20099 aligncenter\" src=\"https:\/\/apuntesdesanluis.com\/wp-content\/uploads\/2024\/07\/fuego-300x200.jpg\" alt=\"\" width=\"531\" height=\"354\" srcset=\"https:\/\/apuntesdesanluis.com\/wp-content\/uploads\/2024\/07\/fuego-300x200.jpg 300w, https:\/\/apuntesdesanluis.com\/wp-content\/uploads\/2024\/07\/fuego.jpg 600w\" sizes=\"(max-width: 531px) 100vw, 531px\" \/><\/p>\n<p><img decoding=\"async\" class=\"wp-image-20100 aligncenter\" src=\"https:\/\/apuntesdesanluis.com\/wp-content\/uploads\/2024\/07\/quema-300x200.jpg\" alt=\"\" width=\"530\" height=\"353\" srcset=\"https:\/\/apuntesdesanluis.com\/wp-content\/uploads\/2024\/07\/quema-300x200.jpg 300w, https:\/\/apuntesdesanluis.com\/wp-content\/uploads\/2024\/07\/quema.jpg 600w\" sizes=\"(max-width: 530px) 100vw, 530px\" \/><\/p>\n<p><img decoding=\"async\" class=\"wp-image-20101 aligncenter\" src=\"https:\/\/apuntesdesanluis.com\/wp-content\/uploads\/2024\/07\/cigarro-300x200.jpg\" alt=\"\" width=\"533\" height=\"355\" srcset=\"https:\/\/apuntesdesanluis.com\/wp-content\/uploads\/2024\/07\/cigarro-300x200.jpg 300w, https:\/\/apuntesdesanluis.com\/wp-content\/uploads\/2024\/07\/cigarro.jpg 600w\" sizes=\"(max-width: 533px) 100vw, 533px\" \/><\/p>\n<p><img loading=\"lazy\" decoding=\"async\" class=\"wp-image-20102 aligncenter\" src=\"https:\/\/apuntesdesanluis.com\/wp-content\/uploads\/2024\/07\/denuncia-300x200.jpg\" alt=\"\" width=\"534\" height=\"356\" srcset=\"https:\/\/apuntesdesanluis.com\/wp-content\/uploads\/2024\/07\/denuncia-300x200.jpg 300w, https:\/\/apuntesdesanluis.com\/wp-content\/uploads\/2024\/07\/denuncia.jpg 600w\" sizes=\"(max-width: 534px) 100vw, 534px\" \/><\/p>\n<p>&nbsp;<\/p>\n<p>&nbsp;<\/p>\n<p>&nbsp;<\/p>\n<p>&nbsp;<\/p>\n<p>&nbsp;<\/p>\n<p>&nbsp;<\/p>\n","protected":false},"excerpt":{"rendered":"<p>El Gobierno pidi\u00f3 colaboraci\u00f3n y empat\u00eda a la poblaci\u00f3n para una temporada libre de incendios&#8230;<\/p>\n","protected":false},"author":1,"featured_media":20098,"comment_status":"closed","ping_status":"closed","sticky":false,"template":"","format":"standard","meta":{"footnotes":""},"categories":[6],"tags":[],"class_list":["post-20097","post","type-post","status-publish","format-standard","has-post-thumbnail","hentry","category-ciudad-provincia"],"yoast_head":"<!-- This site is optimized with the Yoast SEO plugin v26.1.1 - https:\/\/yoast.com\/wordpress\/plugins\/seo\/ -->\n<title>LANZARON LA CAMPA\u00d1A DE PREVENCI\u00d3N Y LUCHA CONTRA EL FUEGO - Apuntes de San Luis<\/title>\n<meta name=\"robots\" content=\"index, follow, max-snippet:-1, max-image-preview:large, max-video-preview:-1\" \/>\n<link rel=\"canonical\" href=\"https:\/\/apuntesdesanluis.com\/index.php\/2024\/07\/31\/lanzaron-la-campana-de-prevencion-y-lucha-contra-el-fuego\/\" \/>\n<meta property=\"og:locale\" content=\"es_ES\" \/>\n<meta property=\"og:type\" content=\"article\" \/>\n<meta property=\"og:title\" content=\"LANZARON LA CAMPA\u00d1A DE PREVENCI\u00d3N Y LUCHA CONTRA EL FUEGO - Apuntes de San Luis\" \/>\n<meta property=\"og:description\" content=\"El Gobierno pidi\u00f3 colaboraci\u00f3n y empat\u00eda a la poblaci\u00f3n para una temporada libre de incendios...\" \/>\n<meta property=\"og:url\" content=\"https:\/\/apuntesdesanluis.com\/index.php\/2024\/07\/31\/lanzaron-la-campana-de-prevencion-y-lucha-contra-el-fuego\/\" \/>\n<meta property=\"og:site_name\" content=\"Apuntes de San Luis\" \/>\n<meta property=\"article:published_time\" content=\"2024-07-31T03:17:59+00:00\" \/>\n<meta property=\"og:image\" content=\"https:\/\/apuntesdesanluis.com\/wp-content\/uploads\/2024\/07\/multas.jpg\" \/>\n\t<meta property=\"og:image:width\" content=\"600\" \/>\n\t<meta property=\"og:image:height\" content=\"400\" \/>\n\t<meta property=\"og:image:type\" content=\"image\/jpeg\" \/>\n<meta name=\"author\" content=\"apuntesdesanluis.com\" \/>\n<meta name=\"twitter:card\" content=\"summary_large_image\" \/>\n<meta name=\"twitter:label1\" content=\"Escrito por\" \/>\n\t<meta name=\"twitter:data1\" content=\"apuntesdesanluis.com\" \/>\n\t<meta name=\"twitter:label2\" content=\"Tiempo de lectura\" \/>\n\t<meta name=\"twitter:data2\" content=\"4 minutos\" \/>\n<script type=\"application\/ld+json\" class=\"yoast-schema-graph\">{\"@context\":\"https:\/\/schema.org\",\"@graph\":[{\"@type\":\"Article\",\"@id\":\"https:\/\/apuntesdesanluis.com\/index.php\/2024\/07\/31\/lanzaron-la-campana-de-prevencion-y-lucha-contra-el-fuego\/#article\",\"isPartOf\":{\"@id\":\"https:\/\/apuntesdesanluis.com\/index.php\/2024\/07\/31\/lanzaron-la-campana-de-prevencion-y-lucha-contra-el-fuego\/\"},\"author\":{\"name\":\"apuntesdesanluis.com\",\"@id\":\"https:\/\/apuntesdesanluis.com\/#\/schema\/person\/b55151d52296fcce64d1a72538a70b90\"},\"headline\":\"LANZARON LA CAMPA\u00d1A DE PREVENCI\u00d3N Y LUCHA CONTRA EL FUEGO\",\"datePublished\":\"2024-07-31T03:17:59+00:00\",\"mainEntityOfPage\":{\"@id\":\"https:\/\/apuntesdesanluis.com\/index.php\/2024\/07\/31\/lanzaron-la-campana-de-prevencion-y-lucha-contra-el-fuego\/\"},\"wordCount\":692,\"publisher\":{\"@id\":\"https:\/\/apuntesdesanluis.com\/#\/schema\/person\/b55151d52296fcce64d1a72538a70b90\"},\"image\":{\"@id\":\"https:\/\/apuntesdesanluis.com\/index.php\/2024\/07\/31\/lanzaron-la-campana-de-prevencion-y-lucha-contra-el-fuego\/#primaryimage\"},\"thumbnailUrl\":\"https:\/\/apuntesdesanluis.com\/wp-content\/uploads\/2024\/07\/multas.jpg\",\"articleSection\":[\"Ciudad\/Provincia\"],\"inLanguage\":\"es-AR\"},{\"@type\":\"WebPage\",\"@id\":\"https:\/\/apuntesdesanluis.com\/index.php\/2024\/07\/31\/lanzaron-la-campana-de-prevencion-y-lucha-contra-el-fuego\/\",\"url\":\"https:\/\/apuntesdesanluis.com\/index.php\/2024\/07\/31\/lanzaron-la-campana-de-prevencion-y-lucha-contra-el-fuego\/\",\"name\":\"LANZARON LA CAMPA\u00d1A DE PREVENCI\u00d3N Y LUCHA CONTRA EL FUEGO - Apuntes de San Luis\",\"isPartOf\":{\"@id\":\"https:\/\/apuntesdesanluis.com\/#website\"},\"primaryImageOfPage\":{\"@id\":\"https:\/\/apuntesdesanluis.com\/index.php\/2024\/07\/31\/lanzaron-la-campana-de-prevencion-y-lucha-contra-el-fuego\/#primaryimage\"},\"image\":{\"@id\":\"https:\/\/apuntesdesanluis.com\/index.php\/2024\/07\/31\/lanzaron-la-campana-de-prevencion-y-lucha-contra-el-fuego\/#primaryimage\"},\"thumbnailUrl\":\"https:\/\/apuntesdesanluis.com\/wp-content\/uploads\/2024\/07\/multas.jpg\",\"datePublished\":\"2024-07-31T03:17:59+00:00\",\"breadcrumb\":{\"@id\":\"https:\/\/apuntesdesanluis.com\/index.php\/2024\/07\/31\/lanzaron-la-campana-de-prevencion-y-lucha-contra-el-fuego\/#breadcrumb\"},\"inLanguage\":\"es-AR\",\"potentialAction\":[{\"@type\":\"ReadAction\",\"target\":[\"https:\/\/apuntesdesanluis.com\/index.php\/2024\/07\/31\/lanzaron-la-campana-de-prevencion-y-lucha-contra-el-fuego\/\"]}]},{\"@type\":\"ImageObject\",\"inLanguage\":\"es-AR\",\"@id\":\"https:\/\/apuntesdesanluis.com\/index.php\/2024\/07\/31\/lanzaron-la-campana-de-prevencion-y-lucha-contra-el-fuego\/#primaryimage\",\"url\":\"https:\/\/apuntesdesanluis.com\/wp-content\/uploads\/2024\/07\/multas.jpg\",\"contentUrl\":\"https:\/\/apuntesdesanluis.com\/wp-content\/uploads\/2024\/07\/multas.jpg\",\"width\":600,\"height\":400},{\"@type\":\"BreadcrumbList\",\"@id\":\"https:\/\/apuntesdesanluis.com\/index.php\/2024\/07\/31\/lanzaron-la-campana-de-prevencion-y-lucha-contra-el-fuego\/#breadcrumb\",\"itemListElement\":[{\"@type\":\"ListItem\",\"position\":1,\"name\":\"Inicio\",\"item\":\"https:\/\/apuntesdesanluis.com\/\"},{\"@type\":\"ListItem\",\"position\":2,\"name\":\"LANZARON LA CAMPA\u00d1A DE PREVENCI\u00d3N Y LUCHA CONTRA EL FUEGO\"}]},{\"@type\":\"WebSite\",\"@id\":\"https:\/\/apuntesdesanluis.com\/#website\",\"url\":\"https:\/\/apuntesdesanluis.com\/\",\"name\":\"Apuntes de San Luis\",\"description\":\"\",\"publisher\":{\"@id\":\"https:\/\/apuntesdesanluis.com\/#\/schema\/person\/b55151d52296fcce64d1a72538a70b90\"},\"potentialAction\":[{\"@type\":\"SearchAction\",\"target\":{\"@type\":\"EntryPoint\",\"urlTemplate\":\"https:\/\/apuntesdesanluis.com\/?s={search_term_string}\"},\"query-input\":{\"@type\":\"PropertyValueSpecification\",\"valueRequired\":true,\"valueName\":\"search_term_string\"}}],\"inLanguage\":\"es-AR\"},{\"@type\":[\"Person\",\"Organization\"],\"@id\":\"https:\/\/apuntesdesanluis.com\/#\/schema\/person\/b55151d52296fcce64d1a72538a70b90\",\"name\":\"apuntesdesanluis.com\",\"image\":{\"@type\":\"ImageObject\",\"inLanguage\":\"es-AR\",\"@id\":\"https:\/\/apuntesdesanluis.com\/#\/schema\/person\/image\/\",\"url\":\"https:\/\/apuntesdesanluis.com\/wp-content\/uploads\/2023\/07\/cropped-apuntesdesanluis.png\",\"contentUrl\":\"https:\/\/apuntesdesanluis.com\/wp-content\/uploads\/2023\/07\/cropped-apuntesdesanluis.png\",\"width\":450,\"height\":112,\"caption\":\"apuntesdesanluis.com\"},\"logo\":{\"@id\":\"https:\/\/apuntesdesanluis.com\/#\/schema\/person\/image\/\"},\"sameAs\":[\"https:\/\/apuntesdesanluis.com\"],\"url\":\"https:\/\/apuntesdesanluis.com\/index.php\/author\/apuntesdesanluis-com\/\"}]}<\/script>\n<!-- \/ Yoast SEO plugin. -->","yoast_head_json":{"title":"LANZARON LA CAMPA\u00d1A DE PREVENCI\u00d3N Y LUCHA CONTRA EL FUEGO - Apuntes de San Luis","robots":{"index":"index","follow":"follow","max-snippet":"max-snippet:-1","max-image-preview":"max-image-preview:large","max-video-preview":"max-video-preview:-1"},"canonical":"https:\/\/apuntesdesanluis.com\/index.php\/2024\/07\/31\/lanzaron-la-campana-de-prevencion-y-lucha-contra-el-fuego\/","og_locale":"es_ES","og_type":"article","og_title":"LANZARON LA CAMPA\u00d1A DE PREVENCI\u00d3N Y LUCHA CONTRA EL FUEGO - Apuntes de San Luis","og_description":"El Gobierno pidi\u00f3 colaboraci\u00f3n y empat\u00eda a la poblaci\u00f3n para una temporada libre de incendios...","og_url":"https:\/\/apuntesdesanluis.com\/index.php\/2024\/07\/31\/lanzaron-la-campana-de-prevencion-y-lucha-contra-el-fuego\/","og_site_name":"Apuntes de San Luis","article_published_time":"2024-07-31T03:17:59+00:00","og_image":[{"width":600,"height":400,"url":"https:\/\/apuntesdesanluis.com\/wp-content\/uploads\/2024\/07\/multas.jpg","type":"image\/jpeg"}],"author":"apuntesdesanluis.com","twitter_card":"summary_large_image","twitter_misc":{"Escrito por":"apuntesdesanluis.com","Tiempo de lectura":"4 minutos"},"schema":{"@context":"https:\/\/schema.org","@graph":[{"@type":"Article","@id":"https:\/\/apuntesdesanluis.com\/index.php\/2024\/07\/31\/lanzaron-la-campana-de-prevencion-y-lucha-contra-el-fuego\/#article","isPartOf":{"@id":"https:\/\/apuntesdesanluis.com\/index.php\/2024\/07\/31\/lanzaron-la-campana-de-prevencion-y-lucha-contra-el-fuego\/"},"author":{"name":"apuntesdesanluis.com","@id":"https:\/\/apuntesdesanluis.com\/#\/schema\/person\/b55151d52296fcce64d1a72538a70b90"},"headline":"LANZARON LA CAMPA\u00d1A DE PREVENCI\u00d3N Y LUCHA CONTRA EL FUEGO","datePublished":"2024-07-31T03:17:59+00:00","mainEntityOfPage":{"@id":"https:\/\/apuntesdesanluis.com\/index.php\/2024\/07\/31\/lanzaron-la-campana-de-prevencion-y-lucha-contra-el-fuego\/"},"wordCount":692,"publisher":{"@id":"https:\/\/apuntesdesanluis.com\/#\/schema\/person\/b55151d52296fcce64d1a72538a70b90"},"image":{"@id":"https:\/\/apuntesdesanluis.com\/index.php\/2024\/07\/31\/lanzaron-la-campana-de-prevencion-y-lucha-contra-el-fuego\/#primaryimage"},"thumbnailUrl":"https:\/\/apuntesdesanluis.com\/wp-content\/uploads\/2024\/07\/multas.jpg","articleSection":["Ciudad\/Provincia"],"inLanguage":"es-AR"},{"@type":"WebPage","@id":"https:\/\/apuntesdesanluis.com\/index.php\/2024\/07\/31\/lanzaron-la-campana-de-prevencion-y-lucha-contra-el-fuego\/","url":"https:\/\/apuntesdesanluis.com\/index.php\/2024\/07\/31\/lanzaron-la-campana-de-prevencion-y-lucha-contra-el-fuego\/","name":"LANZARON LA CAMPA\u00d1A DE PREVENCI\u00d3N Y LUCHA CONTRA EL FUEGO - Apuntes de San Luis","isPartOf":{"@id":"https:\/\/apuntesdesanluis.com\/#website"},"primaryImageOfPage":{"@id":"https:\/\/apuntesdesanluis.com\/index.php\/2024\/07\/31\/lanzaron-la-campana-de-prevencion-y-lucha-contra-el-fuego\/#primaryimage"},"image":{"@id":"https:\/\/apuntesdesanluis.com\/index.php\/2024\/07\/31\/lanzaron-la-campana-de-prevencion-y-lucha-contra-el-fuego\/#primaryimage"},"thumbnailUrl":"https:\/\/apuntesdesanluis.com\/wp-content\/uploads\/2024\/07\/multas.jpg","datePublished":"2024-07-31T03:17:59+00:00","breadcrumb":{"@id":"https:\/\/apuntesdesanluis.com\/index.php\/2024\/07\/31\/lanzaron-la-campana-de-prevencion-y-lucha-contra-el-fuego\/#breadcrumb"},"inLanguage":"es-AR","potentialAction":[{"@type":"ReadAction","target":["https:\/\/apuntesdesanluis.com\/index.php\/2024\/07\/31\/lanzaron-la-campana-de-prevencion-y-lucha-contra-el-fuego\/"]}]},{"@type":"ImageObject","inLanguage":"es-AR","@id":"https:\/\/apuntesdesanluis.com\/index.php\/2024\/07\/31\/lanzaron-la-campana-de-prevencion-y-lucha-contra-el-fuego\/#primaryimage","url":"https:\/\/apuntesdesanluis.com\/wp-content\/uploads\/2024\/07\/multas.jpg","contentUrl":"https:\/\/apuntesdesanluis.com\/wp-content\/uploads\/2024\/07\/multas.jpg","width":600,"height":400},{"@type":"BreadcrumbList","@id":"https:\/\/apuntesdesanluis.com\/index.php\/2024\/07\/31\/lanzaron-la-campana-de-prevencion-y-lucha-contra-el-fuego\/#breadcrumb","itemListElement":[{"@type":"ListItem","position":1,"name":"Inicio","item":"https:\/\/apuntesdesanluis.com\/"},{"@type":"ListItem","position":2,"name":"LANZARON LA CAMPA\u00d1A DE PREVENCI\u00d3N Y LUCHA CONTRA EL FUEGO"}]},{"@type":"WebSite","@id":"https:\/\/apuntesdesanluis.com\/#website","url":"https:\/\/apuntesdesanluis.com\/","name":"Apuntes de San Luis","description":"","publisher":{"@id":"https:\/\/apuntesdesanluis.com\/#\/schema\/person\/b55151d52296fcce64d1a72538a70b90"},"potentialAction":[{"@type":"SearchAction","target":{"@type":"EntryPoint","urlTemplate":"https:\/\/apuntesdesanluis.com\/?s={search_term_string}"},"query-input":{"@type":"PropertyValueSpecification","valueRequired":true,"valueName":"search_term_string"}}],"inLanguage":"es-AR"},{"@type":["Person","Organization"],"@id":"https:\/\/apuntesdesanluis.com\/#\/schema\/person\/b55151d52296fcce64d1a72538a70b90","name":"apuntesdesanluis.com","image":{"@type":"ImageObject","inLanguage":"es-AR","@id":"https:\/\/apuntesdesanluis.com\/#\/schema\/person\/image\/","url":"https:\/\/apuntesdesanluis.com\/wp-content\/uploads\/2023\/07\/cropped-apuntesdesanluis.png","contentUrl":"https:\/\/apuntesdesanluis.com\/wp-content\/uploads\/2023\/07\/cropped-apuntesdesanluis.png","width":450,"height":112,"caption":"apuntesdesanluis.com"},"logo":{"@id":"https:\/\/apuntesdesanluis.com\/#\/schema\/person\/image\/"},"sameAs":["https:\/\/apuntesdesanluis.com"],"url":"https:\/\/apuntesdesanluis.com\/index.php\/author\/apuntesdesanluis-com\/"}]}},"featured_image_urls":{"full":["https:\/\/apuntesdesanluis.com\/wp-content\/uploads\/2024\/07\/multas.jpg",600,400,false],"thumbnail":["https:\/\/apuntesdesanluis.com\/wp-content\/uploads\/2024\/07\/multas-150x150.jpg",150,150,true],"medium":["https:\/\/apuntesdesanluis.com\/wp-content\/uploads\/2024\/07\/multas-300x200.jpg",300,200,true],"medium_large":["https:\/\/apuntesdesanluis.com\/wp-content\/uploads\/2024\/07\/multas.jpg",600,400,false],"large":["https:\/\/apuntesdesanluis.com\/wp-content\/uploads\/2024\/07\/multas.jpg",600,400,false],"1536x1536":["https:\/\/apuntesdesanluis.com\/wp-content\/uploads\/2024\/07\/multas.jpg",600,400,false],"2048x2048":["https:\/\/apuntesdesanluis.com\/wp-content\/uploads\/2024\/07\/multas.jpg",600,400,false],"newsever-slider-full":["https:\/\/apuntesdesanluis.com\/wp-content\/uploads\/2024\/07\/multas.jpg",600,400,false],"newsever-featured":["https:\/\/apuntesdesanluis.com\/wp-content\/uploads\/2024\/07\/multas.jpg",600,400,false],"newsever-medium":["https:\/\/apuntesdesanluis.com\/wp-content\/uploads\/2024\/07\/multas.jpg",600,400,false]},"author_info":{"display_name":"apuntesdesanluis.com","author_link":"https:\/\/apuntesdesanluis.com\/index.php\/author\/apuntesdesanluis-com\/"},"category_info":"<a href=\"https:\/\/apuntesdesanluis.com\/index.php\/category\/ciudad-provincia\/\" rel=\"category tag\">Ciudad\/Provincia<\/a>","tag_info":"Ciudad\/Provincia","comment_count":"0","_links":{"self":[{"href":"https:\/\/apuntesdesanluis.com\/index.php\/wp-json\/wp\/v2\/posts\/20097","targetHints":{"allow":["GET"]}}],"collection":[{"href":"https:\/\/apuntesdesanluis.com\/index.php\/wp-json\/wp\/v2\/posts"}],"about":[{"href":"https:\/\/apuntesdesanluis.com\/index.php\/wp-json\/wp\/v2\/types\/post"}],"author":[{"embeddable":true,"href":"https:\/\/apuntesdesanluis.com\/index.php\/wp-json\/wp\/v2\/users\/1"}],"replies":[{"embeddable":true,"href":"https:\/\/apuntesdesanluis.com\/index.php\/wp-json\/wp\/v2\/comments?post=20097"}],"version-history":[{"count":1,"href":"https:\/\/apuntesdesanluis.com\/index.php\/wp-json\/wp\/v2\/posts\/20097\/revisions"}],"predecessor-version":[{"id":20103,"href":"https:\/\/apuntesdesanluis.com\/index.php\/wp-json\/wp\/v2\/posts\/20097\/revisions\/20103"}],"wp:featuredmedia":[{"embeddable":true,"href":"https:\/\/apuntesdesanluis.com\/index.php\/wp-json\/wp\/v2\/media\/20098"}],"wp:attachment":[{"href":"https:\/\/apuntesdesanluis.com\/index.php\/wp-json\/wp\/v2\/media?parent=20097"}],"wp:term":[{"taxonomy":"category","embeddable":true,"href":"https:\/\/apuntesdesanluis.com\/index.php\/wp-json\/wp\/v2\/categories?post=20097"},{"taxonomy":"post_tag","embeddable":true,"href":"https:\/\/apuntesdesanluis.com\/index.php\/wp-json\/wp\/v2\/tags?post=20097"}],"curies":[{"name":"wp","href":"https:\/\/api.w.org\/{rel}","templated":true}]}}