{"id":2011,"date":"2023-08-23T20:31:00","date_gmt":"2023-08-23T23:31:00","guid":{"rendered":"https:\/\/apuntesdesanluis.com\/?p=2011"},"modified":"2023-08-23T20:33:12","modified_gmt":"2023-08-23T23:33:12","slug":"con-mayoria-de-votos-opositores-diputados-dio-media-sancion-a-la-reforma-de-la-ley-de-alquileres","status":"publish","type":"post","link":"https:\/\/apuntesdesanluis.com\/index.php\/2023\/08\/23\/con-mayoria-de-votos-opositores-diputados-dio-media-sancion-a-la-reforma-de-la-ley-de-alquileres\/","title":{"rendered":"CON MAYOR\u00cdA DE VOTOS OPOSITORES, DIPUTADOS DIO MEDIA SANCI\u00d3N A LA REFORMA DE LA LEY DE ALQUILERES"},"content":{"rendered":"<h3 class=\"yiv7409174924ydp6329976emsonormal\" style=\"background: white;\"><span style=\"font-size: 14.0pt; font-family: 'Arial','sans-serif'; color: #1d2228;\">La iniciativa, que fue rechazada por 112 legisladores mayoritariamente oficialistas, reduce el plazo de los contratos de 3 a 2 a\u00f1os y establece que la actualizaci\u00f3n de los montos sea cada cuatro meses en base a un \u00edndice pactado entre las partes.<\/span><\/h3>\n<h3 class=\"yiv7409174924ydp6329976emsonormal\" style=\"background: white;\"><span style=\"font-size: 14.0pt; font-family: 'Arial','sans-serif'; color: #1d2228;\">Con 125 votos aportados por las bancadas opositoras, la C\u00e1mara de Diputados dio este mi\u00e9rcoles media sanci\u00f3n a un proyecto de reforma a la ley de alquileres que reduce el plazo de los contratos de 3 a 2 a\u00f1os y establece que la actualizaci\u00f3n de los montos pueda ser cada cuatro meses en base a un \u00edndice pactado entre las partes.<\/span><\/h3>\n<h3 class=\"yiv7409174924ydp6329976emsonormal\" style=\"background: white;\"><span style=\"font-size: 14.0pt; font-family: 'Arial','sans-serif'; color: #1d2228;\">El proyecto fue rechazado por 112 diputados, de los cuales 99 fueron aportados por el Frente de Todos (FDT), 4 por la izquierda, 3 libertarios y 2 del interbloque Federal; mientras que 3 legisladores se abstuvieron de votar (2 socialistas y una legisladora del FDT).<\/span><\/h3>\n<h3 class=\"yiv7409174924ydp6329976emsonormal\" style=\"background: white;\"><span style=\"font-size: 14.0pt; font-family: 'Arial','sans-serif'; color: #1d2228;\">Los legisladores que responden al candidato a presidente por La Libertad Avanza, Javier Milei, se opusieron incluso al dictamen de mayor\u00eda y de minor\u00eda ya que quer\u00edan la derogaci\u00f3n de la ley de alquileres.<\/span><\/h3>\n<p>&nbsp;<\/p>\n<p><iframe title=\"Con votos de la oposisi\u00f3n, Diputados dio media sanci\u00f3n a una reforma de la ley de alquileres\" width=\"640\" height=\"360\" src=\"https:\/\/www.youtube.com\/embed\/PhJTl2a9Xbo?feature=oembed\" frameborder=\"0\" allow=\"accelerometer; autoplay; clipboard-write; encrypted-media; gyroscope; picture-in-picture; web-share\" referrerpolicy=\"strict-origin-when-cross-origin\" allowfullscreen><\/iframe><\/p>\n<h3><\/h3>\n<h3 class=\"yiv7409174924ydp6329976emsonormal\" style=\"background: white;\"><span style=\"font-size: 14.0pt; font-family: 'Arial','sans-serif'; color: #1d2228;\">La iniciativa fue sancionada con el respaldo de los votos de 116 diputados de Juntos por el Cambio, 4 del Interbloque Federal -dos de C\u00f3rdoba Federal y dos de Identidad Bonaerense-, 2 de Juntos por Rio Negro, 2 del bloque Ser y 1 del Frente de la Concordia de Misiones.<\/span><\/h3>\n<h3 class=\"yiv7409174924ydp6329976emsonormal\" style=\"background: white;\"><span style=\"font-size: 14.0pt; font-family: 'Arial','sans-serif'; color: #1d2228;\">Los puntos centrales del proyecto:<\/span><\/h3>\n<h3 class=\"yiv7409174924ydp6329976emsonormal\" style=\"background: white;\"><span style=\"font-size: 14.0pt; font-family: 'Arial','sans-serif'; color: #1d2228;\">El proyecto de reforma aprobado este mi\u00e9rcoles establece que la vigencia de los contratos entre inquilinos y propietarios se reduzcan de tres a dos a\u00f1os, con una actualizaci\u00f3n que podr\u00e1 efectuarse dentro de un plazo de entre cuatro y doce meses, con un sistema de actualizaci\u00f3n acordado entre las partes.<\/span><\/h3>\n<h3 class=\"yiv7409174924ydp6329976emsonormal\" style=\"background: white;\"><span style=\"font-size: 14.0pt; font-family: 'Arial','sans-serif'; color: #1d2228;\">En ese sentido establece que las partes deber\u00e1n convenir el mecanismo de actualizaci\u00f3n del precio del alquiler al inicio de la relaci\u00f3n locativa, pudiendo aplicar a tales efectos el \u00edndice de precios al consumidor (IPC), el \u00edndice de precios mayoristas (IPM) y\/o el \u00edndice de salarios (IS), elaborados por el Instituto Nacional de Estad\u00edstica y Censos (Indec) o una combinaci\u00f3n de dichos \u00edndices.<\/span><\/h3>\n<p>&nbsp;<\/p>\n<p>&nbsp;<\/p>\n","protected":false},"excerpt":{"rendered":"<p>La iniciativa, que fue rechazada por 112 legisladores mayoritariamente oficialistas, reduce el plazo de los&#8230;<\/p>\n","protected":false},"author":1,"featured_media":2012,"comment_status":"closed","ping_status":"closed","sticky":false,"template":"","format":"standard","meta":{"footnotes":""},"categories":[5],"tags":[],"class_list":["post-2011","post","type-post","status-publish","format-standard","has-post-thumbnail","hentry","category-nacionales-internacionales"],"yoast_head":"<!-- This site is optimized with the Yoast SEO plugin v26.1.1 - https:\/\/yoast.com\/wordpress\/plugins\/seo\/ -->\n<title>CON MAYOR\u00cdA DE VOTOS OPOSITORES, DIPUTADOS DIO MEDIA SANCI\u00d3N A LA REFORMA DE LA LEY DE ALQUILERES - Apuntes de San Luis<\/title>\n<meta name=\"robots\" content=\"index, follow, max-snippet:-1, max-image-preview:large, max-video-preview:-1\" \/>\n<link rel=\"canonical\" href=\"https:\/\/apuntesdesanluis.com\/index.php\/2023\/08\/23\/con-mayoria-de-votos-opositores-diputados-dio-media-sancion-a-la-reforma-de-la-ley-de-alquileres\/\" \/>\n<meta property=\"og:locale\" content=\"es_ES\" \/>\n<meta property=\"og:type\" content=\"article\" \/>\n<meta property=\"og:title\" content=\"CON MAYOR\u00cdA DE VOTOS OPOSITORES, DIPUTADOS DIO MEDIA SANCI\u00d3N A LA REFORMA DE LA LEY DE ALQUILERES - Apuntes de San Luis\" \/>\n<meta property=\"og:description\" content=\"La iniciativa, que fue rechazada por 112 legisladores mayoritariamente oficialistas, reduce el plazo de los...\" \/>\n<meta property=\"og:url\" content=\"https:\/\/apuntesdesanluis.com\/index.php\/2023\/08\/23\/con-mayoria-de-votos-opositores-diputados-dio-media-sancion-a-la-reforma-de-la-ley-de-alquileres\/\" \/>\n<meta property=\"og:site_name\" content=\"Apuntes de San Luis\" \/>\n<meta property=\"article:published_time\" content=\"2023-08-23T23:31:00+00:00\" \/>\n<meta property=\"article:modified_time\" content=\"2023-08-23T23:33:12+00:00\" \/>\n<meta property=\"og:image\" content=\"https:\/\/apuntesdesanluis.com\/wp-content\/uploads\/2023\/08\/diputados.png\" \/>\n\t<meta property=\"og:image:width\" content=\"600\" \/>\n\t<meta property=\"og:image:height\" content=\"354\" \/>\n\t<meta property=\"og:image:type\" content=\"image\/png\" \/>\n<meta name=\"author\" content=\"apuntesdesanluis.com\" \/>\n<meta name=\"twitter:card\" content=\"summary_large_image\" \/>\n<meta name=\"twitter:label1\" content=\"Escrito por\" \/>\n\t<meta name=\"twitter:data1\" content=\"apuntesdesanluis.com\" \/>\n\t<meta name=\"twitter:label2\" content=\"Tiempo de lectura\" \/>\n\t<meta name=\"twitter:data2\" content=\"2 minutos\" \/>\n<script type=\"application\/ld+json\" class=\"yoast-schema-graph\">{\"@context\":\"https:\/\/schema.org\",\"@graph\":[{\"@type\":\"Article\",\"@id\":\"https:\/\/apuntesdesanluis.com\/index.php\/2023\/08\/23\/con-mayoria-de-votos-opositores-diputados-dio-media-sancion-a-la-reforma-de-la-ley-de-alquileres\/#article\",\"isPartOf\":{\"@id\":\"https:\/\/apuntesdesanluis.com\/index.php\/2023\/08\/23\/con-mayoria-de-votos-opositores-diputados-dio-media-sancion-a-la-reforma-de-la-ley-de-alquileres\/\"},\"author\":{\"name\":\"apuntesdesanluis.com\",\"@id\":\"https:\/\/apuntesdesanluis.com\/#\/schema\/person\/b55151d52296fcce64d1a72538a70b90\"},\"headline\":\"CON MAYOR\u00cdA DE VOTOS OPOSITORES, DIPUTADOS DIO MEDIA SANCI\u00d3N A LA REFORMA DE LA LEY DE ALQUILERES\",\"datePublished\":\"2023-08-23T23:31:00+00:00\",\"dateModified\":\"2023-08-23T23:33:12+00:00\",\"mainEntityOfPage\":{\"@id\":\"https:\/\/apuntesdesanluis.com\/index.php\/2023\/08\/23\/con-mayoria-de-votos-opositores-diputados-dio-media-sancion-a-la-reforma-de-la-ley-de-alquileres\/\"},\"wordCount\":407,\"publisher\":{\"@id\":\"https:\/\/apuntesdesanluis.com\/#\/schema\/person\/b55151d52296fcce64d1a72538a70b90\"},\"image\":{\"@id\":\"https:\/\/apuntesdesanluis.com\/index.php\/2023\/08\/23\/con-mayoria-de-votos-opositores-diputados-dio-media-sancion-a-la-reforma-de-la-ley-de-alquileres\/#primaryimage\"},\"thumbnailUrl\":\"https:\/\/apuntesdesanluis.com\/wp-content\/uploads\/2023\/08\/diputados.png\",\"articleSection\":[\"Nacionales\/Internacionales\"],\"inLanguage\":\"es-AR\"},{\"@type\":\"WebPage\",\"@id\":\"https:\/\/apuntesdesanluis.com\/index.php\/2023\/08\/23\/con-mayoria-de-votos-opositores-diputados-dio-media-sancion-a-la-reforma-de-la-ley-de-alquileres\/\",\"url\":\"https:\/\/apuntesdesanluis.com\/index.php\/2023\/08\/23\/con-mayoria-de-votos-opositores-diputados-dio-media-sancion-a-la-reforma-de-la-ley-de-alquileres\/\",\"name\":\"CON MAYOR\u00cdA DE VOTOS OPOSITORES, DIPUTADOS DIO MEDIA SANCI\u00d3N A LA REFORMA DE LA LEY DE ALQUILERES - Apuntes de San Luis\",\"isPartOf\":{\"@id\":\"https:\/\/apuntesdesanluis.com\/#website\"},\"primaryImageOfPage\":{\"@id\":\"https:\/\/apuntesdesanluis.com\/index.php\/2023\/08\/23\/con-mayoria-de-votos-opositores-diputados-dio-media-sancion-a-la-reforma-de-la-ley-de-alquileres\/#primaryimage\"},\"image\":{\"@id\":\"https:\/\/apuntesdesanluis.com\/index.php\/2023\/08\/23\/con-mayoria-de-votos-opositores-diputados-dio-media-sancion-a-la-reforma-de-la-ley-de-alquileres\/#primaryimage\"},\"thumbnailUrl\":\"https:\/\/apuntesdesanluis.com\/wp-content\/uploads\/2023\/08\/diputados.png\",\"datePublished\":\"2023-08-23T23:31:00+00:00\",\"dateModified\":\"2023-08-23T23:33:12+00:00\",\"breadcrumb\":{\"@id\":\"https:\/\/apuntesdesanluis.com\/index.php\/2023\/08\/23\/con-mayoria-de-votos-opositores-diputados-dio-media-sancion-a-la-reforma-de-la-ley-de-alquileres\/#breadcrumb\"},\"inLanguage\":\"es-AR\",\"potentialAction\":[{\"@type\":\"ReadAction\",\"target\":[\"https:\/\/apuntesdesanluis.com\/index.php\/2023\/08\/23\/con-mayoria-de-votos-opositores-diputados-dio-media-sancion-a-la-reforma-de-la-ley-de-alquileres\/\"]}]},{\"@type\":\"ImageObject\",\"inLanguage\":\"es-AR\",\"@id\":\"https:\/\/apuntesdesanluis.com\/index.php\/2023\/08\/23\/con-mayoria-de-votos-opositores-diputados-dio-media-sancion-a-la-reforma-de-la-ley-de-alquileres\/#primaryimage\",\"url\":\"https:\/\/apuntesdesanluis.com\/wp-content\/uploads\/2023\/08\/diputados.png\",\"contentUrl\":\"https:\/\/apuntesdesanluis.com\/wp-content\/uploads\/2023\/08\/diputados.png\",\"width\":600,\"height\":354},{\"@type\":\"BreadcrumbList\",\"@id\":\"https:\/\/apuntesdesanluis.com\/index.php\/2023\/08\/23\/con-mayoria-de-votos-opositores-diputados-dio-media-sancion-a-la-reforma-de-la-ley-de-alquileres\/#breadcrumb\",\"itemListElement\":[{\"@type\":\"ListItem\",\"position\":1,\"name\":\"Inicio\",\"item\":\"https:\/\/apuntesdesanluis.com\/\"},{\"@type\":\"ListItem\",\"position\":2,\"name\":\"CON MAYOR\u00cdA DE VOTOS OPOSITORES, DIPUTADOS DIO MEDIA SANCI\u00d3N A LA REFORMA DE LA LEY DE ALQUILERES\"}]},{\"@type\":\"WebSite\",\"@id\":\"https:\/\/apuntesdesanluis.com\/#website\",\"url\":\"https:\/\/apuntesdesanluis.com\/\",\"name\":\"Apuntes de San Luis\",\"description\":\"\",\"publisher\":{\"@id\":\"https:\/\/apuntesdesanluis.com\/#\/schema\/person\/b55151d52296fcce64d1a72538a70b90\"},\"potentialAction\":[{\"@type\":\"SearchAction\",\"target\":{\"@type\":\"EntryPoint\",\"urlTemplate\":\"https:\/\/apuntesdesanluis.com\/?s={search_term_string}\"},\"query-input\":{\"@type\":\"PropertyValueSpecification\",\"valueRequired\":true,\"valueName\":\"search_term_string\"}}],\"inLanguage\":\"es-AR\"},{\"@type\":[\"Person\",\"Organization\"],\"@id\":\"https:\/\/apuntesdesanluis.com\/#\/schema\/person\/b55151d52296fcce64d1a72538a70b90\",\"name\":\"apuntesdesanluis.com\",\"image\":{\"@type\":\"ImageObject\",\"inLanguage\":\"es-AR\",\"@id\":\"https:\/\/apuntesdesanluis.com\/#\/schema\/person\/image\/\",\"url\":\"https:\/\/apuntesdesanluis.com\/wp-content\/uploads\/2023\/07\/cropped-apuntesdesanluis.png\",\"contentUrl\":\"https:\/\/apuntesdesanluis.com\/wp-content\/uploads\/2023\/07\/cropped-apuntesdesanluis.png\",\"width\":450,\"height\":112,\"caption\":\"apuntesdesanluis.com\"},\"logo\":{\"@id\":\"https:\/\/apuntesdesanluis.com\/#\/schema\/person\/image\/\"},\"sameAs\":[\"https:\/\/apuntesdesanluis.com\"],\"url\":\"https:\/\/apuntesdesanluis.com\/index.php\/author\/apuntesdesanluis-com\/\"}]}<\/script>\n<!-- \/ Yoast SEO plugin. -->","yoast_head_json":{"title":"CON MAYOR\u00cdA DE VOTOS OPOSITORES, DIPUTADOS DIO MEDIA SANCI\u00d3N A LA REFORMA DE LA LEY DE ALQUILERES - Apuntes de San Luis","robots":{"index":"index","follow":"follow","max-snippet":"max-snippet:-1","max-image-preview":"max-image-preview:large","max-video-preview":"max-video-preview:-1"},"canonical":"https:\/\/apuntesdesanluis.com\/index.php\/2023\/08\/23\/con-mayoria-de-votos-opositores-diputados-dio-media-sancion-a-la-reforma-de-la-ley-de-alquileres\/","og_locale":"es_ES","og_type":"article","og_title":"CON MAYOR\u00cdA DE VOTOS OPOSITORES, DIPUTADOS DIO MEDIA SANCI\u00d3N A LA REFORMA DE LA LEY DE ALQUILERES - Apuntes de San Luis","og_description":"La iniciativa, que fue rechazada por 112 legisladores mayoritariamente oficialistas, reduce el plazo de los...","og_url":"https:\/\/apuntesdesanluis.com\/index.php\/2023\/08\/23\/con-mayoria-de-votos-opositores-diputados-dio-media-sancion-a-la-reforma-de-la-ley-de-alquileres\/","og_site_name":"Apuntes de San Luis","article_published_time":"2023-08-23T23:31:00+00:00","article_modified_time":"2023-08-23T23:33:12+00:00","og_image":[{"width":600,"height":354,"url":"https:\/\/apuntesdesanluis.com\/wp-content\/uploads\/2023\/08\/diputados.png","type":"image\/png"}],"author":"apuntesdesanluis.com","twitter_card":"summary_large_image","twitter_misc":{"Escrito por":"apuntesdesanluis.com","Tiempo de lectura":"2 minutos"},"schema":{"@context":"https:\/\/schema.org","@graph":[{"@type":"Article","@id":"https:\/\/apuntesdesanluis.com\/index.php\/2023\/08\/23\/con-mayoria-de-votos-opositores-diputados-dio-media-sancion-a-la-reforma-de-la-ley-de-alquileres\/#article","isPartOf":{"@id":"https:\/\/apuntesdesanluis.com\/index.php\/2023\/08\/23\/con-mayoria-de-votos-opositores-diputados-dio-media-sancion-a-la-reforma-de-la-ley-de-alquileres\/"},"author":{"name":"apuntesdesanluis.com","@id":"https:\/\/apuntesdesanluis.com\/#\/schema\/person\/b55151d52296fcce64d1a72538a70b90"},"headline":"CON MAYOR\u00cdA DE VOTOS OPOSITORES, DIPUTADOS DIO MEDIA SANCI\u00d3N A LA REFORMA DE LA LEY DE ALQUILERES","datePublished":"2023-08-23T23:31:00+00:00","dateModified":"2023-08-23T23:33:12+00:00","mainEntityOfPage":{"@id":"https:\/\/apuntesdesanluis.com\/index.php\/2023\/08\/23\/con-mayoria-de-votos-opositores-diputados-dio-media-sancion-a-la-reforma-de-la-ley-de-alquileres\/"},"wordCount":407,"publisher":{"@id":"https:\/\/apuntesdesanluis.com\/#\/schema\/person\/b55151d52296fcce64d1a72538a70b90"},"image":{"@id":"https:\/\/apuntesdesanluis.com\/index.php\/2023\/08\/23\/con-mayoria-de-votos-opositores-diputados-dio-media-sancion-a-la-reforma-de-la-ley-de-alquileres\/#primaryimage"},"thumbnailUrl":"https:\/\/apuntesdesanluis.com\/wp-content\/uploads\/2023\/08\/diputados.png","articleSection":["Nacionales\/Internacionales"],"inLanguage":"es-AR"},{"@type":"WebPage","@id":"https:\/\/apuntesdesanluis.com\/index.php\/2023\/08\/23\/con-mayoria-de-votos-opositores-diputados-dio-media-sancion-a-la-reforma-de-la-ley-de-alquileres\/","url":"https:\/\/apuntesdesanluis.com\/index.php\/2023\/08\/23\/con-mayoria-de-votos-opositores-diputados-dio-media-sancion-a-la-reforma-de-la-ley-de-alquileres\/","name":"CON MAYOR\u00cdA DE VOTOS OPOSITORES, DIPUTADOS DIO MEDIA SANCI\u00d3N A LA REFORMA DE LA LEY DE ALQUILERES - Apuntes de San Luis","isPartOf":{"@id":"https:\/\/apuntesdesanluis.com\/#website"},"primaryImageOfPage":{"@id":"https:\/\/apuntesdesanluis.com\/index.php\/2023\/08\/23\/con-mayoria-de-votos-opositores-diputados-dio-media-sancion-a-la-reforma-de-la-ley-de-alquileres\/#primaryimage"},"image":{"@id":"https:\/\/apuntesdesanluis.com\/index.php\/2023\/08\/23\/con-mayoria-de-votos-opositores-diputados-dio-media-sancion-a-la-reforma-de-la-ley-de-alquileres\/#primaryimage"},"thumbnailUrl":"https:\/\/apuntesdesanluis.com\/wp-content\/uploads\/2023\/08\/diputados.png","datePublished":"2023-08-23T23:31:00+00:00","dateModified":"2023-08-23T23:33:12+00:00","breadcrumb":{"@id":"https:\/\/apuntesdesanluis.com\/index.php\/2023\/08\/23\/con-mayoria-de-votos-opositores-diputados-dio-media-sancion-a-la-reforma-de-la-ley-de-alquileres\/#breadcrumb"},"inLanguage":"es-AR","potentialAction":[{"@type":"ReadAction","target":["https:\/\/apuntesdesanluis.com\/index.php\/2023\/08\/23\/con-mayoria-de-votos-opositores-diputados-dio-media-sancion-a-la-reforma-de-la-ley-de-alquileres\/"]}]},{"@type":"ImageObject","inLanguage":"es-AR","@id":"https:\/\/apuntesdesanluis.com\/index.php\/2023\/08\/23\/con-mayoria-de-votos-opositores-diputados-dio-media-sancion-a-la-reforma-de-la-ley-de-alquileres\/#primaryimage","url":"https:\/\/apuntesdesanluis.com\/wp-content\/uploads\/2023\/08\/diputados.png","contentUrl":"https:\/\/apuntesdesanluis.com\/wp-content\/uploads\/2023\/08\/diputados.png","width":600,"height":354},{"@type":"BreadcrumbList","@id":"https:\/\/apuntesdesanluis.com\/index.php\/2023\/08\/23\/con-mayoria-de-votos-opositores-diputados-dio-media-sancion-a-la-reforma-de-la-ley-de-alquileres\/#breadcrumb","itemListElement":[{"@type":"ListItem","position":1,"name":"Inicio","item":"https:\/\/apuntesdesanluis.com\/"},{"@type":"ListItem","position":2,"name":"CON MAYOR\u00cdA DE VOTOS OPOSITORES, DIPUTADOS DIO MEDIA SANCI\u00d3N A LA REFORMA DE LA LEY DE ALQUILERES"}]},{"@type":"WebSite","@id":"https:\/\/apuntesdesanluis.com\/#website","url":"https:\/\/apuntesdesanluis.com\/","name":"Apuntes de San Luis","description":"","publisher":{"@id":"https:\/\/apuntesdesanluis.com\/#\/schema\/person\/b55151d52296fcce64d1a72538a70b90"},"potentialAction":[{"@type":"SearchAction","target":{"@type":"EntryPoint","urlTemplate":"https:\/\/apuntesdesanluis.com\/?s={search_term_string}"},"query-input":{"@type":"PropertyValueSpecification","valueRequired":true,"valueName":"search_term_string"}}],"inLanguage":"es-AR"},{"@type":["Person","Organization"],"@id":"https:\/\/apuntesdesanluis.com\/#\/schema\/person\/b55151d52296fcce64d1a72538a70b90","name":"apuntesdesanluis.com","image":{"@type":"ImageObject","inLanguage":"es-AR","@id":"https:\/\/apuntesdesanluis.com\/#\/schema\/person\/image\/","url":"https:\/\/apuntesdesanluis.com\/wp-content\/uploads\/2023\/07\/cropped-apuntesdesanluis.png","contentUrl":"https:\/\/apuntesdesanluis.com\/wp-content\/uploads\/2023\/07\/cropped-apuntesdesanluis.png","width":450,"height":112,"caption":"apuntesdesanluis.com"},"logo":{"@id":"https:\/\/apuntesdesanluis.com\/#\/schema\/person\/image\/"},"sameAs":["https:\/\/apuntesdesanluis.com"],"url":"https:\/\/apuntesdesanluis.com\/index.php\/author\/apuntesdesanluis-com\/"}]}},"featured_image_urls":{"full":["https:\/\/apuntesdesanluis.com\/wp-content\/uploads\/2023\/08\/diputados.png",600,354,false],"thumbnail":["https:\/\/apuntesdesanluis.com\/wp-content\/uploads\/2023\/08\/diputados-150x150.png",150,150,true],"medium":["https:\/\/apuntesdesanluis.com\/wp-content\/uploads\/2023\/08\/diputados-300x177.png",300,177,true],"medium_large":["https:\/\/apuntesdesanluis.com\/wp-content\/uploads\/2023\/08\/diputados.png",600,354,false],"large":["https:\/\/apuntesdesanluis.com\/wp-content\/uploads\/2023\/08\/diputados.png",600,354,false],"1536x1536":["https:\/\/apuntesdesanluis.com\/wp-content\/uploads\/2023\/08\/diputados.png",600,354,false],"2048x2048":["https:\/\/apuntesdesanluis.com\/wp-content\/uploads\/2023\/08\/diputados.png",600,354,false],"newsever-slider-full":["https:\/\/apuntesdesanluis.com\/wp-content\/uploads\/2023\/08\/diputados.png",600,354,false],"newsever-featured":["https:\/\/apuntesdesanluis.com\/wp-content\/uploads\/2023\/08\/diputados.png",600,354,false],"newsever-medium":["https:\/\/apuntesdesanluis.com\/wp-content\/uploads\/2023\/08\/diputados.png",600,354,false]},"author_info":{"display_name":"apuntesdesanluis.com","author_link":"https:\/\/apuntesdesanluis.com\/index.php\/author\/apuntesdesanluis-com\/"},"category_info":"<a href=\"https:\/\/apuntesdesanluis.com\/index.php\/category\/nacionales-internacionales\/\" rel=\"category tag\">Nacionales\/Internacionales<\/a>","tag_info":"Nacionales\/Internacionales","comment_count":"0","_links":{"self":[{"href":"https:\/\/apuntesdesanluis.com\/index.php\/wp-json\/wp\/v2\/posts\/2011","targetHints":{"allow":["GET"]}}],"collection":[{"href":"https:\/\/apuntesdesanluis.com\/index.php\/wp-json\/wp\/v2\/posts"}],"about":[{"href":"https:\/\/apuntesdesanluis.com\/index.php\/wp-json\/wp\/v2\/types\/post"}],"author":[{"embeddable":true,"href":"https:\/\/apuntesdesanluis.com\/index.php\/wp-json\/wp\/v2\/users\/1"}],"replies":[{"embeddable":true,"href":"https:\/\/apuntesdesanluis.com\/index.php\/wp-json\/wp\/v2\/comments?post=2011"}],"version-history":[{"count":3,"href":"https:\/\/apuntesdesanluis.com\/index.php\/wp-json\/wp\/v2\/posts\/2011\/revisions"}],"predecessor-version":[{"id":2015,"href":"https:\/\/apuntesdesanluis.com\/index.php\/wp-json\/wp\/v2\/posts\/2011\/revisions\/2015"}],"wp:featuredmedia":[{"embeddable":true,"href":"https:\/\/apuntesdesanluis.com\/index.php\/wp-json\/wp\/v2\/media\/2012"}],"wp:attachment":[{"href":"https:\/\/apuntesdesanluis.com\/index.php\/wp-json\/wp\/v2\/media?parent=2011"}],"wp:term":[{"taxonomy":"category","embeddable":true,"href":"https:\/\/apuntesdesanluis.com\/index.php\/wp-json\/wp\/v2\/categories?post=2011"},{"taxonomy":"post_tag","embeddable":true,"href":"https:\/\/apuntesdesanluis.com\/index.php\/wp-json\/wp\/v2\/tags?post=2011"}],"curies":[{"name":"wp","href":"https:\/\/api.w.org\/{rel}","templated":true}]}}