{"id":20110,"date":"2024-07-31T00:41:22","date_gmt":"2024-07-31T03:41:22","guid":{"rendered":"https:\/\/apuntesdesanluis.com\/?p=20110"},"modified":"2024-07-31T00:41:22","modified_gmt":"2024-07-31T03:41:22","slug":"la-mayor-inversion-de-la-historia-de-ypf-se-hara-en-rio-negro-al-menos-us-30-000-millones","status":"publish","type":"post","link":"https:\/\/apuntesdesanluis.com\/index.php\/2024\/07\/31\/la-mayor-inversion-de-la-historia-de-ypf-se-hara-en-rio-negro-al-menos-us-30-000-millones\/","title":{"rendered":"LA MAYOR INVERSI\u00d3N DE LA HISTORIA DE YPF SE HAR\u00c1 EN R\u00cdO NEGRO: AL MENOS US$ 30.000 MILLONES"},"content":{"rendered":"<h3>La <strong>planta conjunta de GNL entre YPF y la estatal malaya Petronas<\/strong>, por unos US$ 30.000 millones, se construir\u00e1 en <strong>R\u00edo Negro<\/strong> y no en la provincia de <strong>Buenos Aires<\/strong>, la otra localidad que disputaba la llegada de la megainversi\u00f3n.<\/h3>\n<h3>La decisi\u00f3n fue tomada por las empresas teniendo en cuenta que mientras R\u00edo Negro ya adhiri\u00f3 al r\u00e9gimen de grandes inversiones RIGI, la provincia de Buenos Aires a\u00fan est\u00e1 definiendo qu\u00e9 camino tomar.<\/h3>\n<h3>Seg\u00fan se defini\u00f3, la planta estar\u00e1 ubicada en la zona de Punta Colorada, en la localidad rionegrina de Sierra Grande, donde tambi\u00e9n se llevar\u00e1 a cabo la puesta en valor y modernizaci\u00f3n de un viejo puerto en desuso con salida al oc\u00e9ano Atl\u00e1ntico.<\/h3>\n<h3>Tras un estudio encargado a una consultora internacional, la elecci\u00f3n que prim\u00f3 fue instalar la planta en R\u00edo Negro, por sobre la propuesta inicial de construirla en Bah\u00eda Blanca, provincia de Buenos Aires.<\/h3>\n<h3>El gobernador de Neuqu\u00e9n, <strong>Rolando Figueroa,<\/strong> ya hab\u00eda adelantado m\u00e1s temprano que hoy pod\u00eda ser &#8220;un gran d\u00eda para los patag\u00f3nicos. El puerto en R\u00edo Negro ser\u00e1 una gran oportunidad para la regi\u00f3n&#8221;.<\/h3>\n<h3>Si bien el RIGI es nacional y constitucionalmente no necesita de la adhesi\u00f3n de las provincias, el presidente y CEO de YPF, Horacio Mar\u00edn, pidi\u00f3 un gesto de buena voluntad a ambas provincias en disputa.<\/h3>\n<h3>Mientras <strong>Alberto Weretilneck<\/strong>, de R\u00edo Negro, manifest\u00f3 su adhesi\u00f3n sin condicionamientos al RIGI, movi\u00f3 su maquinaria pol\u00edtica para que la Legislatura provincial y distintos municipios tambi\u00e9n lo aceptaran y prometieran amplias exenciones de impuestos -Ingresos Brutos, Sellos, tasas y dem\u00e1s-, <strong>Kicillof<\/strong> solo atin\u00f3 a redoblar la apuesta de la Ley de GNL, con media sanci\u00f3n de Diputados en 2023 y bastante menos generosa que el RIGI, seg\u00fan fuentes del sector petrolero.<\/h3>\n<p><img fetchpriority=\"high\" decoding=\"async\" class=\"wp-image-20111 aligncenter\" src=\"https:\/\/apuntesdesanluis.com\/wp-content\/uploads\/2024\/07\/GOBERNADORES-300x171.png\" alt=\"\" width=\"633\" height=\"361\" srcset=\"https:\/\/apuntesdesanluis.com\/wp-content\/uploads\/2024\/07\/GOBERNADORES-300x171.png 300w, https:\/\/apuntesdesanluis.com\/wp-content\/uploads\/2024\/07\/GOBERNADORES.png 600w\" sizes=\"(max-width: 633px) 100vw, 633px\" \/><\/p>\n<h4 style=\"text-align: center;\"><em>Axel Kicillof y Alberto Weretilneck.<\/em><\/h4>\n<h3>La decisi\u00f3n la tomaron YPF y Petronas tras contratar a la consultora estadounidense Arthur D. Little, que evalu\u00f3 las condiciones t\u00e9cnicas y econ\u00f3micas de ambas locaciones.<\/h3>\n<h3>Horacio Mar\u00edn, presidente de YPF, ya hab\u00eda advertido que &#8220;sin RIGI, no hay GNL&#8221;, en lo que se interpret\u00f3 como un pedido al gobierno bonaerense de que se apruobra ese r\u00e9gimen en la Legislatura provincial.<\/h3>\n<h3>Analistas explicaron que el RIGI fue una condici\u00f3n insalvable que inclin\u00f3 la balanza para R\u00edo Negro.<\/h3>\n<h3>Es que las empresas prestan especial atenci\u00f3n a la pr\u00f3rroga de jurisdicci\u00f3n, para que cualquier diferendo legal se resuelva en la justicia de Nueva York, Estados Unidos, o en el Centro Internacional de Arreglo de Diferencias Relativas a Inversiones (CIADI) del Banco Mundial, en reemplazo de la Argentina.<\/h3>\n<h3>R\u00edo Negro, por su lado, obtuvo el apoyo pol\u00edtico de los gobernadores de la Patagonia y de los sindicatos que representan a los trabajadores petroleros.<\/h3>\n<h3><strong>EN QU\u00c9 CONSISTE EL PROYECTO<\/strong><\/h3>\n<h3>De esta forma, la planta se instalar\u00e1 en la localidad de Punta Colorada, frente al Golfo San Mat\u00edas, a partir de 2031.<\/h3>\n<h3>Antes, se colocar\u00e1n dos barcazas que funcionar\u00e1n como unidades flotantes de licuefacci\u00f3n.<\/h3>\n<h3>En total, el proyecto abarca exportaciones de 460 barcos anuales por unos 120 millones de m3 diarios (MMm3\/d) de gas natural y una suma de US$ 15.000 millones en ventas al exterior.<\/h3>\n<h3>Para eso, YPF y Petronas tienen que conseguir un comprador (off taker) y financiamiento a gran escala.<\/h3>\n<h3>La actual producci\u00f3n de la Argentina alcanza los 135 a 140 MMm3\/d de gas natural, por lo que se deber\u00e1 casi duplicar en 7 a\u00f1os.<\/h3>\n<h3>Adem\u00e1s, a principios de julio, Pan American Energy (PAE) anunci\u00f3 un acuerdo con la noruega Golar LNG para empezar a desarrollar el GNL por unos 11 MMm3\/d, y tambi\u00e9n podr\u00eda definir su ubicaci\u00f3n en R\u00edo Negro, para eventualmente escalarlo a futuro despu\u00e9s de 2027 a unos 27 MMm3\/d.<\/h3>\n<p>&nbsp;<\/p>\n<p>&nbsp;<\/p>\n<p>&nbsp;<\/p>\n<p>&nbsp;<\/p>\n<p>&nbsp;<\/p>\n<p>&nbsp;<\/p>\n<p>&nbsp;<\/p>\n","protected":false},"excerpt":{"rendered":"<p>La planta conjunta de GNL entre YPF y la estatal malaya Petronas, por unos US$&#8230;<\/p>\n","protected":false},"author":1,"featured_media":20112,"comment_status":"closed","ping_status":"closed","sticky":false,"template":"","format":"standard","meta":{"footnotes":""},"categories":[5],"tags":[],"class_list":["post-20110","post","type-post","status-publish","format-standard","has-post-thumbnail","hentry","category-nacionales-internacionales"],"yoast_head":"<!-- This site is optimized with the Yoast SEO plugin v26.1.1 - https:\/\/yoast.com\/wordpress\/plugins\/seo\/ -->\n<title>LA MAYOR INVERSI\u00d3N DE LA HISTORIA DE YPF SE HAR\u00c1 EN R\u00cdO NEGRO: AL MENOS US$ 30.000 MILLONES - Apuntes de San Luis<\/title>\n<meta name=\"robots\" content=\"index, follow, max-snippet:-1, max-image-preview:large, max-video-preview:-1\" \/>\n<link rel=\"canonical\" href=\"https:\/\/apuntesdesanluis.com\/index.php\/2024\/07\/31\/la-mayor-inversion-de-la-historia-de-ypf-se-hara-en-rio-negro-al-menos-us-30-000-millones\/\" \/>\n<meta property=\"og:locale\" content=\"es_ES\" \/>\n<meta property=\"og:type\" content=\"article\" \/>\n<meta property=\"og:title\" content=\"LA MAYOR INVERSI\u00d3N DE LA HISTORIA DE YPF SE HAR\u00c1 EN R\u00cdO NEGRO: AL MENOS US$ 30.000 MILLONES - Apuntes de San Luis\" \/>\n<meta property=\"og:description\" content=\"La planta conjunta de GNL entre YPF y la estatal malaya Petronas, por unos US$...\" \/>\n<meta property=\"og:url\" content=\"https:\/\/apuntesdesanluis.com\/index.php\/2024\/07\/31\/la-mayor-inversion-de-la-historia-de-ypf-se-hara-en-rio-negro-al-menos-us-30-000-millones\/\" \/>\n<meta property=\"og:site_name\" content=\"Apuntes de San Luis\" \/>\n<meta property=\"article:published_time\" content=\"2024-07-31T03:41:22+00:00\" \/>\n<meta property=\"og:image\" content=\"https:\/\/apuntesdesanluis.com\/wp-content\/uploads\/2024\/07\/YPF-1.png\" \/>\n\t<meta property=\"og:image:width\" content=\"761\" \/>\n\t<meta property=\"og:image:height\" content=\"474\" \/>\n\t<meta property=\"og:image:type\" content=\"image\/png\" \/>\n<meta name=\"author\" content=\"apuntesdesanluis.com\" \/>\n<meta name=\"twitter:card\" content=\"summary_large_image\" \/>\n<meta name=\"twitter:label1\" content=\"Escrito por\" \/>\n\t<meta name=\"twitter:data1\" content=\"apuntesdesanluis.com\" \/>\n\t<meta name=\"twitter:label2\" content=\"Tiempo de lectura\" \/>\n\t<meta name=\"twitter:data2\" content=\"4 minutos\" \/>\n<script type=\"application\/ld+json\" class=\"yoast-schema-graph\">{\"@context\":\"https:\/\/schema.org\",\"@graph\":[{\"@type\":\"Article\",\"@id\":\"https:\/\/apuntesdesanluis.com\/index.php\/2024\/07\/31\/la-mayor-inversion-de-la-historia-de-ypf-se-hara-en-rio-negro-al-menos-us-30-000-millones\/#article\",\"isPartOf\":{\"@id\":\"https:\/\/apuntesdesanluis.com\/index.php\/2024\/07\/31\/la-mayor-inversion-de-la-historia-de-ypf-se-hara-en-rio-negro-al-menos-us-30-000-millones\/\"},\"author\":{\"name\":\"apuntesdesanluis.com\",\"@id\":\"https:\/\/apuntesdesanluis.com\/#\/schema\/person\/b55151d52296fcce64d1a72538a70b90\"},\"headline\":\"LA MAYOR INVERSI\u00d3N DE LA HISTORIA DE YPF SE HAR\u00c1 EN R\u00cdO NEGRO: AL MENOS US$ 30.000 MILLONES\",\"datePublished\":\"2024-07-31T03:41:22+00:00\",\"mainEntityOfPage\":{\"@id\":\"https:\/\/apuntesdesanluis.com\/index.php\/2024\/07\/31\/la-mayor-inversion-de-la-historia-de-ypf-se-hara-en-rio-negro-al-menos-us-30-000-millones\/\"},\"wordCount\":678,\"publisher\":{\"@id\":\"https:\/\/apuntesdesanluis.com\/#\/schema\/person\/b55151d52296fcce64d1a72538a70b90\"},\"image\":{\"@id\":\"https:\/\/apuntesdesanluis.com\/index.php\/2024\/07\/31\/la-mayor-inversion-de-la-historia-de-ypf-se-hara-en-rio-negro-al-menos-us-30-000-millones\/#primaryimage\"},\"thumbnailUrl\":\"https:\/\/apuntesdesanluis.com\/wp-content\/uploads\/2024\/07\/YPF-1.png\",\"articleSection\":[\"Nacionales\/Internacionales\"],\"inLanguage\":\"es-AR\"},{\"@type\":\"WebPage\",\"@id\":\"https:\/\/apuntesdesanluis.com\/index.php\/2024\/07\/31\/la-mayor-inversion-de-la-historia-de-ypf-se-hara-en-rio-negro-al-menos-us-30-000-millones\/\",\"url\":\"https:\/\/apuntesdesanluis.com\/index.php\/2024\/07\/31\/la-mayor-inversion-de-la-historia-de-ypf-se-hara-en-rio-negro-al-menos-us-30-000-millones\/\",\"name\":\"LA MAYOR INVERSI\u00d3N DE LA HISTORIA DE YPF SE HAR\u00c1 EN R\u00cdO NEGRO: AL MENOS US$ 30.000 MILLONES - Apuntes de San Luis\",\"isPartOf\":{\"@id\":\"https:\/\/apuntesdesanluis.com\/#website\"},\"primaryImageOfPage\":{\"@id\":\"https:\/\/apuntesdesanluis.com\/index.php\/2024\/07\/31\/la-mayor-inversion-de-la-historia-de-ypf-se-hara-en-rio-negro-al-menos-us-30-000-millones\/#primaryimage\"},\"image\":{\"@id\":\"https:\/\/apuntesdesanluis.com\/index.php\/2024\/07\/31\/la-mayor-inversion-de-la-historia-de-ypf-se-hara-en-rio-negro-al-menos-us-30-000-millones\/#primaryimage\"},\"thumbnailUrl\":\"https:\/\/apuntesdesanluis.com\/wp-content\/uploads\/2024\/07\/YPF-1.png\",\"datePublished\":\"2024-07-31T03:41:22+00:00\",\"breadcrumb\":{\"@id\":\"https:\/\/apuntesdesanluis.com\/index.php\/2024\/07\/31\/la-mayor-inversion-de-la-historia-de-ypf-se-hara-en-rio-negro-al-menos-us-30-000-millones\/#breadcrumb\"},\"inLanguage\":\"es-AR\",\"potentialAction\":[{\"@type\":\"ReadAction\",\"target\":[\"https:\/\/apuntesdesanluis.com\/index.php\/2024\/07\/31\/la-mayor-inversion-de-la-historia-de-ypf-se-hara-en-rio-negro-al-menos-us-30-000-millones\/\"]}]},{\"@type\":\"ImageObject\",\"inLanguage\":\"es-AR\",\"@id\":\"https:\/\/apuntesdesanluis.com\/index.php\/2024\/07\/31\/la-mayor-inversion-de-la-historia-de-ypf-se-hara-en-rio-negro-al-menos-us-30-000-millones\/#primaryimage\",\"url\":\"https:\/\/apuntesdesanluis.com\/wp-content\/uploads\/2024\/07\/YPF-1.png\",\"contentUrl\":\"https:\/\/apuntesdesanluis.com\/wp-content\/uploads\/2024\/07\/YPF-1.png\",\"width\":761,\"height\":474},{\"@type\":\"BreadcrumbList\",\"@id\":\"https:\/\/apuntesdesanluis.com\/index.php\/2024\/07\/31\/la-mayor-inversion-de-la-historia-de-ypf-se-hara-en-rio-negro-al-menos-us-30-000-millones\/#breadcrumb\",\"itemListElement\":[{\"@type\":\"ListItem\",\"position\":1,\"name\":\"Inicio\",\"item\":\"https:\/\/apuntesdesanluis.com\/\"},{\"@type\":\"ListItem\",\"position\":2,\"name\":\"LA MAYOR INVERSI\u00d3N DE LA HISTORIA DE YPF SE HAR\u00c1 EN R\u00cdO NEGRO: AL MENOS US$ 30.000 MILLONES\"}]},{\"@type\":\"WebSite\",\"@id\":\"https:\/\/apuntesdesanluis.com\/#website\",\"url\":\"https:\/\/apuntesdesanluis.com\/\",\"name\":\"Apuntes de San Luis\",\"description\":\"\",\"publisher\":{\"@id\":\"https:\/\/apuntesdesanluis.com\/#\/schema\/person\/b55151d52296fcce64d1a72538a70b90\"},\"potentialAction\":[{\"@type\":\"SearchAction\",\"target\":{\"@type\":\"EntryPoint\",\"urlTemplate\":\"https:\/\/apuntesdesanluis.com\/?s={search_term_string}\"},\"query-input\":{\"@type\":\"PropertyValueSpecification\",\"valueRequired\":true,\"valueName\":\"search_term_string\"}}],\"inLanguage\":\"es-AR\"},{\"@type\":[\"Person\",\"Organization\"],\"@id\":\"https:\/\/apuntesdesanluis.com\/#\/schema\/person\/b55151d52296fcce64d1a72538a70b90\",\"name\":\"apuntesdesanluis.com\",\"image\":{\"@type\":\"ImageObject\",\"inLanguage\":\"es-AR\",\"@id\":\"https:\/\/apuntesdesanluis.com\/#\/schema\/person\/image\/\",\"url\":\"https:\/\/apuntesdesanluis.com\/wp-content\/uploads\/2023\/07\/cropped-apuntesdesanluis.png\",\"contentUrl\":\"https:\/\/apuntesdesanluis.com\/wp-content\/uploads\/2023\/07\/cropped-apuntesdesanluis.png\",\"width\":450,\"height\":112,\"caption\":\"apuntesdesanluis.com\"},\"logo\":{\"@id\":\"https:\/\/apuntesdesanluis.com\/#\/schema\/person\/image\/\"},\"sameAs\":[\"https:\/\/apuntesdesanluis.com\"],\"url\":\"https:\/\/apuntesdesanluis.com\/index.php\/author\/apuntesdesanluis-com\/\"}]}<\/script>\n<!-- \/ Yoast SEO plugin. -->","yoast_head_json":{"title":"LA MAYOR INVERSI\u00d3N DE LA HISTORIA DE YPF SE HAR\u00c1 EN R\u00cdO NEGRO: AL MENOS US$ 30.000 MILLONES - Apuntes de San Luis","robots":{"index":"index","follow":"follow","max-snippet":"max-snippet:-1","max-image-preview":"max-image-preview:large","max-video-preview":"max-video-preview:-1"},"canonical":"https:\/\/apuntesdesanluis.com\/index.php\/2024\/07\/31\/la-mayor-inversion-de-la-historia-de-ypf-se-hara-en-rio-negro-al-menos-us-30-000-millones\/","og_locale":"es_ES","og_type":"article","og_title":"LA MAYOR INVERSI\u00d3N DE LA HISTORIA DE YPF SE HAR\u00c1 EN R\u00cdO NEGRO: AL MENOS US$ 30.000 MILLONES - Apuntes de San Luis","og_description":"La planta conjunta de GNL entre YPF y la estatal malaya Petronas, por unos US$...","og_url":"https:\/\/apuntesdesanluis.com\/index.php\/2024\/07\/31\/la-mayor-inversion-de-la-historia-de-ypf-se-hara-en-rio-negro-al-menos-us-30-000-millones\/","og_site_name":"Apuntes de San Luis","article_published_time":"2024-07-31T03:41:22+00:00","og_image":[{"width":761,"height":474,"url":"https:\/\/apuntesdesanluis.com\/wp-content\/uploads\/2024\/07\/YPF-1.png","type":"image\/png"}],"author":"apuntesdesanluis.com","twitter_card":"summary_large_image","twitter_misc":{"Escrito por":"apuntesdesanluis.com","Tiempo de lectura":"4 minutos"},"schema":{"@context":"https:\/\/schema.org","@graph":[{"@type":"Article","@id":"https:\/\/apuntesdesanluis.com\/index.php\/2024\/07\/31\/la-mayor-inversion-de-la-historia-de-ypf-se-hara-en-rio-negro-al-menos-us-30-000-millones\/#article","isPartOf":{"@id":"https:\/\/apuntesdesanluis.com\/index.php\/2024\/07\/31\/la-mayor-inversion-de-la-historia-de-ypf-se-hara-en-rio-negro-al-menos-us-30-000-millones\/"},"author":{"name":"apuntesdesanluis.com","@id":"https:\/\/apuntesdesanluis.com\/#\/schema\/person\/b55151d52296fcce64d1a72538a70b90"},"headline":"LA MAYOR INVERSI\u00d3N DE LA HISTORIA DE YPF SE HAR\u00c1 EN R\u00cdO NEGRO: AL MENOS US$ 30.000 MILLONES","datePublished":"2024-07-31T03:41:22+00:00","mainEntityOfPage":{"@id":"https:\/\/apuntesdesanluis.com\/index.php\/2024\/07\/31\/la-mayor-inversion-de-la-historia-de-ypf-se-hara-en-rio-negro-al-menos-us-30-000-millones\/"},"wordCount":678,"publisher":{"@id":"https:\/\/apuntesdesanluis.com\/#\/schema\/person\/b55151d52296fcce64d1a72538a70b90"},"image":{"@id":"https:\/\/apuntesdesanluis.com\/index.php\/2024\/07\/31\/la-mayor-inversion-de-la-historia-de-ypf-se-hara-en-rio-negro-al-menos-us-30-000-millones\/#primaryimage"},"thumbnailUrl":"https:\/\/apuntesdesanluis.com\/wp-content\/uploads\/2024\/07\/YPF-1.png","articleSection":["Nacionales\/Internacionales"],"inLanguage":"es-AR"},{"@type":"WebPage","@id":"https:\/\/apuntesdesanluis.com\/index.php\/2024\/07\/31\/la-mayor-inversion-de-la-historia-de-ypf-se-hara-en-rio-negro-al-menos-us-30-000-millones\/","url":"https:\/\/apuntesdesanluis.com\/index.php\/2024\/07\/31\/la-mayor-inversion-de-la-historia-de-ypf-se-hara-en-rio-negro-al-menos-us-30-000-millones\/","name":"LA MAYOR INVERSI\u00d3N DE LA HISTORIA DE YPF SE HAR\u00c1 EN R\u00cdO NEGRO: AL MENOS US$ 30.000 MILLONES - Apuntes de San Luis","isPartOf":{"@id":"https:\/\/apuntesdesanluis.com\/#website"},"primaryImageOfPage":{"@id":"https:\/\/apuntesdesanluis.com\/index.php\/2024\/07\/31\/la-mayor-inversion-de-la-historia-de-ypf-se-hara-en-rio-negro-al-menos-us-30-000-millones\/#primaryimage"},"image":{"@id":"https:\/\/apuntesdesanluis.com\/index.php\/2024\/07\/31\/la-mayor-inversion-de-la-historia-de-ypf-se-hara-en-rio-negro-al-menos-us-30-000-millones\/#primaryimage"},"thumbnailUrl":"https:\/\/apuntesdesanluis.com\/wp-content\/uploads\/2024\/07\/YPF-1.png","datePublished":"2024-07-31T03:41:22+00:00","breadcrumb":{"@id":"https:\/\/apuntesdesanluis.com\/index.php\/2024\/07\/31\/la-mayor-inversion-de-la-historia-de-ypf-se-hara-en-rio-negro-al-menos-us-30-000-millones\/#breadcrumb"},"inLanguage":"es-AR","potentialAction":[{"@type":"ReadAction","target":["https:\/\/apuntesdesanluis.com\/index.php\/2024\/07\/31\/la-mayor-inversion-de-la-historia-de-ypf-se-hara-en-rio-negro-al-menos-us-30-000-millones\/"]}]},{"@type":"ImageObject","inLanguage":"es-AR","@id":"https:\/\/apuntesdesanluis.com\/index.php\/2024\/07\/31\/la-mayor-inversion-de-la-historia-de-ypf-se-hara-en-rio-negro-al-menos-us-30-000-millones\/#primaryimage","url":"https:\/\/apuntesdesanluis.com\/wp-content\/uploads\/2024\/07\/YPF-1.png","contentUrl":"https:\/\/apuntesdesanluis.com\/wp-content\/uploads\/2024\/07\/YPF-1.png","width":761,"height":474},{"@type":"BreadcrumbList","@id":"https:\/\/apuntesdesanluis.com\/index.php\/2024\/07\/31\/la-mayor-inversion-de-la-historia-de-ypf-se-hara-en-rio-negro-al-menos-us-30-000-millones\/#breadcrumb","itemListElement":[{"@type":"ListItem","position":1,"name":"Inicio","item":"https:\/\/apuntesdesanluis.com\/"},{"@type":"ListItem","position":2,"name":"LA MAYOR INVERSI\u00d3N DE LA HISTORIA DE YPF SE HAR\u00c1 EN R\u00cdO NEGRO: AL MENOS US$ 30.000 MILLONES"}]},{"@type":"WebSite","@id":"https:\/\/apuntesdesanluis.com\/#website","url":"https:\/\/apuntesdesanluis.com\/","name":"Apuntes de San Luis","description":"","publisher":{"@id":"https:\/\/apuntesdesanluis.com\/#\/schema\/person\/b55151d52296fcce64d1a72538a70b90"},"potentialAction":[{"@type":"SearchAction","target":{"@type":"EntryPoint","urlTemplate":"https:\/\/apuntesdesanluis.com\/?s={search_term_string}"},"query-input":{"@type":"PropertyValueSpecification","valueRequired":true,"valueName":"search_term_string"}}],"inLanguage":"es-AR"},{"@type":["Person","Organization"],"@id":"https:\/\/apuntesdesanluis.com\/#\/schema\/person\/b55151d52296fcce64d1a72538a70b90","name":"apuntesdesanluis.com","image":{"@type":"ImageObject","inLanguage":"es-AR","@id":"https:\/\/apuntesdesanluis.com\/#\/schema\/person\/image\/","url":"https:\/\/apuntesdesanluis.com\/wp-content\/uploads\/2023\/07\/cropped-apuntesdesanluis.png","contentUrl":"https:\/\/apuntesdesanluis.com\/wp-content\/uploads\/2023\/07\/cropped-apuntesdesanluis.png","width":450,"height":112,"caption":"apuntesdesanluis.com"},"logo":{"@id":"https:\/\/apuntesdesanluis.com\/#\/schema\/person\/image\/"},"sameAs":["https:\/\/apuntesdesanluis.com"],"url":"https:\/\/apuntesdesanluis.com\/index.php\/author\/apuntesdesanluis-com\/"}]}},"featured_image_urls":{"full":["https:\/\/apuntesdesanluis.com\/wp-content\/uploads\/2024\/07\/YPF-1.png",761,474,false],"thumbnail":["https:\/\/apuntesdesanluis.com\/wp-content\/uploads\/2024\/07\/YPF-1-150x150.png",150,150,true],"medium":["https:\/\/apuntesdesanluis.com\/wp-content\/uploads\/2024\/07\/YPF-1-300x187.png",300,187,true],"medium_large":["https:\/\/apuntesdesanluis.com\/wp-content\/uploads\/2024\/07\/YPF-1.png",640,399,false],"large":["https:\/\/apuntesdesanluis.com\/wp-content\/uploads\/2024\/07\/YPF-1.png",640,399,false],"1536x1536":["https:\/\/apuntesdesanluis.com\/wp-content\/uploads\/2024\/07\/YPF-1.png",761,474,false],"2048x2048":["https:\/\/apuntesdesanluis.com\/wp-content\/uploads\/2024\/07\/YPF-1.png",761,474,false],"newsever-slider-full":["https:\/\/apuntesdesanluis.com\/wp-content\/uploads\/2024\/07\/YPF-1.png",761,474,false],"newsever-featured":["https:\/\/apuntesdesanluis.com\/wp-content\/uploads\/2024\/07\/YPF-1.png",761,474,false],"newsever-medium":["https:\/\/apuntesdesanluis.com\/wp-content\/uploads\/2024\/07\/YPF-1-720x474.png",720,474,true]},"author_info":{"display_name":"apuntesdesanluis.com","author_link":"https:\/\/apuntesdesanluis.com\/index.php\/author\/apuntesdesanluis-com\/"},"category_info":"<a href=\"https:\/\/apuntesdesanluis.com\/index.php\/category\/nacionales-internacionales\/\" rel=\"category tag\">Nacionales\/Internacionales<\/a>","tag_info":"Nacionales\/Internacionales","comment_count":"0","_links":{"self":[{"href":"https:\/\/apuntesdesanluis.com\/index.php\/wp-json\/wp\/v2\/posts\/20110","targetHints":{"allow":["GET"]}}],"collection":[{"href":"https:\/\/apuntesdesanluis.com\/index.php\/wp-json\/wp\/v2\/posts"}],"about":[{"href":"https:\/\/apuntesdesanluis.com\/index.php\/wp-json\/wp\/v2\/types\/post"}],"author":[{"embeddable":true,"href":"https:\/\/apuntesdesanluis.com\/index.php\/wp-json\/wp\/v2\/users\/1"}],"replies":[{"embeddable":true,"href":"https:\/\/apuntesdesanluis.com\/index.php\/wp-json\/wp\/v2\/comments?post=20110"}],"version-history":[{"count":1,"href":"https:\/\/apuntesdesanluis.com\/index.php\/wp-json\/wp\/v2\/posts\/20110\/revisions"}],"predecessor-version":[{"id":20113,"href":"https:\/\/apuntesdesanluis.com\/index.php\/wp-json\/wp\/v2\/posts\/20110\/revisions\/20113"}],"wp:featuredmedia":[{"embeddable":true,"href":"https:\/\/apuntesdesanluis.com\/index.php\/wp-json\/wp\/v2\/media\/20112"}],"wp:attachment":[{"href":"https:\/\/apuntesdesanluis.com\/index.php\/wp-json\/wp\/v2\/media?parent=20110"}],"wp:term":[{"taxonomy":"category","embeddable":true,"href":"https:\/\/apuntesdesanluis.com\/index.php\/wp-json\/wp\/v2\/categories?post=20110"},{"taxonomy":"post_tag","embeddable":true,"href":"https:\/\/apuntesdesanluis.com\/index.php\/wp-json\/wp\/v2\/tags?post=20110"}],"curies":[{"name":"wp","href":"https:\/\/api.w.org\/{rel}","templated":true}]}}