{"id":20114,"date":"2024-07-31T00:48:13","date_gmt":"2024-07-31T03:48:13","guid":{"rendered":"https:\/\/apuntesdesanluis.com\/?p=20114"},"modified":"2024-07-31T00:48:13","modified_gmt":"2024-07-31T03:48:13","slug":"se-duplico-la-cantidad-de-personas-que-cobran-seguro-de-desempleo","status":"publish","type":"post","link":"https:\/\/apuntesdesanluis.com\/index.php\/2024\/07\/31\/se-duplico-la-cantidad-de-personas-que-cobran-seguro-de-desempleo\/","title":{"rendered":"SE DUPLIC\u00d3 LA CANTIDAD DE PERSONAS QUE COBRAN SEGURO DE DESEMPLEO"},"content":{"rendered":"<h3>La cantidad de personas que perciben el seguro de desempleo se duplic\u00f3 en el primer semestre del a\u00f1o, en medio de una recesi\u00f3n de largo aliento.<\/h3>\n<h3>En el primer semestre, 98.703 personas que perdieron el empleo registrado sin causa atribuible al trabajador comenzaron a cobrar el seguro o la Prestaci\u00f3n por Desempleo.<\/h3>\n<h3>As\u00ed se elev\u00f3 a 111.851 el promedio mensual de los alcanzados por este seguro. Cobran un haber promedio de $182.858 mensuales.<\/h3>\n<h3>Las altas de este a\u00f1o se duplican frente a las de igual per\u00edodo de 2023.<\/h3>\n<h3>Hab\u00edan sido de 49.910 y el promedio mensual de 64.457 personas.<\/h3>\n<h3>De este total, 84.372 son varones y 27.479 mujeres.<\/h3>\n<h3>De las 98.703 altas, las m\u00e1s numerosas est\u00e1n en la construcci\u00f3n (36.488 trabajadores), la industria manufacturera (19.532), el comercio (15.389), actividades administrativas (6.768), servicio de transporte (3.753), servicios de comida y alojamiento (3.268) y salud y servicios sociales (2.708).<\/h3>\n<h3>son los despedidos sin justa causa, por finalizaci\u00f3n de contrato o por causas externas al trabajador que estuvo en relaci\u00f3n de dependencia.<\/h3>\n<h3>Mientras cobran este seguro \u2013de hasta 12 meses- perciben tambi\u00e9n las asignaciones familiares y contin\u00faan con la cobertura de la obra social a la que est\u00e1n afiliados.<\/h3>\n<h3>Y los meses del cobro de la prestaci\u00f3n se computa como antig\u00fcedad para la jubilaci\u00f3n o pensi\u00f3n.<\/h3>\n<h3>Un requisito importante es haber tenido al menos 6 meses de trabajo con aportes en los \u00faltimos 3 a\u00f1os anteriores al despido o finalizaci\u00f3n del contrato.<\/h3>\n<h3>En el caso del trabajador eventual y de temporada, el requisito es haber trabajado menos de 12 meses en los \u00faltimos 3 a\u00f1os y m\u00e1s de 90 d\u00edas en el \u00faltimo a\u00f1o, antes de la finalizaci\u00f3n del trabajo.<\/h3>\n<h3>El monto y la cantidad de cuotas (entre 2 y 12) se calculan seg\u00fan los ingresos y meses trabajados (con aportes) durante los \u00faltimos 3 a\u00f1os. Las trabajadoras mayores de 45 a\u00f1os cobran durante 6 meses m\u00e1s.<\/h3>\n<p>&nbsp;<\/p>\n<p>&nbsp;<\/p>\n<p>&nbsp;<\/p>\n<p>&nbsp;<\/p>\n<p>&nbsp;<\/p>\n<p>&nbsp;<\/p>\n","protected":false},"excerpt":{"rendered":"<p>La cantidad de personas que perciben el seguro de desempleo se duplic\u00f3 en el primer&#8230;<\/p>\n","protected":false},"author":1,"featured_media":20115,"comment_status":"closed","ping_status":"closed","sticky":false,"template":"","format":"standard","meta":{"footnotes":""},"categories":[5],"tags":[],"class_list":["post-20114","post","type-post","status-publish","format-standard","has-post-thumbnail","hentry","category-nacionales-internacionales"],"yoast_head":"<!-- This site is optimized with the Yoast SEO plugin v26.1.1 - https:\/\/yoast.com\/wordpress\/plugins\/seo\/ -->\n<title>SE DUPLIC\u00d3 LA CANTIDAD DE PERSONAS QUE COBRAN SEGURO DE DESEMPLEO - Apuntes de San Luis<\/title>\n<meta name=\"robots\" content=\"index, follow, max-snippet:-1, max-image-preview:large, max-video-preview:-1\" \/>\n<link rel=\"canonical\" href=\"https:\/\/apuntesdesanluis.com\/index.php\/2024\/07\/31\/se-duplico-la-cantidad-de-personas-que-cobran-seguro-de-desempleo\/\" \/>\n<meta property=\"og:locale\" content=\"es_ES\" \/>\n<meta property=\"og:type\" content=\"article\" \/>\n<meta property=\"og:title\" content=\"SE DUPLIC\u00d3 LA CANTIDAD DE PERSONAS QUE COBRAN SEGURO DE DESEMPLEO - Apuntes de San Luis\" \/>\n<meta property=\"og:description\" content=\"La cantidad de personas que perciben el seguro de desempleo se duplic\u00f3 en el primer...\" \/>\n<meta property=\"og:url\" content=\"https:\/\/apuntesdesanluis.com\/index.php\/2024\/07\/31\/se-duplico-la-cantidad-de-personas-que-cobran-seguro-de-desempleo\/\" \/>\n<meta property=\"og:site_name\" content=\"Apuntes de San Luis\" \/>\n<meta property=\"article:published_time\" content=\"2024-07-31T03:48:13+00:00\" \/>\n<meta property=\"og:image\" content=\"https:\/\/apuntesdesanluis.com\/wp-content\/uploads\/2024\/07\/DESEMPLEO.png\" \/>\n\t<meta property=\"og:image:width\" content=\"700\" \/>\n\t<meta property=\"og:image:height\" content=\"546\" \/>\n\t<meta property=\"og:image:type\" content=\"image\/png\" \/>\n<meta name=\"author\" content=\"apuntesdesanluis.com\" \/>\n<meta name=\"twitter:card\" content=\"summary_large_image\" \/>\n<meta name=\"twitter:label1\" content=\"Escrito por\" \/>\n\t<meta name=\"twitter:data1\" content=\"apuntesdesanluis.com\" \/>\n\t<meta name=\"twitter:label2\" content=\"Tiempo de lectura\" \/>\n\t<meta name=\"twitter:data2\" content=\"2 minutos\" \/>\n<script type=\"application\/ld+json\" class=\"yoast-schema-graph\">{\"@context\":\"https:\/\/schema.org\",\"@graph\":[{\"@type\":\"Article\",\"@id\":\"https:\/\/apuntesdesanluis.com\/index.php\/2024\/07\/31\/se-duplico-la-cantidad-de-personas-que-cobran-seguro-de-desempleo\/#article\",\"isPartOf\":{\"@id\":\"https:\/\/apuntesdesanluis.com\/index.php\/2024\/07\/31\/se-duplico-la-cantidad-de-personas-que-cobran-seguro-de-desempleo\/\"},\"author\":{\"name\":\"apuntesdesanluis.com\",\"@id\":\"https:\/\/apuntesdesanluis.com\/#\/schema\/person\/b55151d52296fcce64d1a72538a70b90\"},\"headline\":\"SE DUPLIC\u00d3 LA CANTIDAD DE PERSONAS QUE COBRAN SEGURO DE DESEMPLEO\",\"datePublished\":\"2024-07-31T03:48:13+00:00\",\"mainEntityOfPage\":{\"@id\":\"https:\/\/apuntesdesanluis.com\/index.php\/2024\/07\/31\/se-duplico-la-cantidad-de-personas-que-cobran-seguro-de-desempleo\/\"},\"wordCount\":333,\"publisher\":{\"@id\":\"https:\/\/apuntesdesanluis.com\/#\/schema\/person\/b55151d52296fcce64d1a72538a70b90\"},\"image\":{\"@id\":\"https:\/\/apuntesdesanluis.com\/index.php\/2024\/07\/31\/se-duplico-la-cantidad-de-personas-que-cobran-seguro-de-desempleo\/#primaryimage\"},\"thumbnailUrl\":\"https:\/\/apuntesdesanluis.com\/wp-content\/uploads\/2024\/07\/DESEMPLEO.png\",\"articleSection\":[\"Nacionales\/Internacionales\"],\"inLanguage\":\"es-AR\"},{\"@type\":\"WebPage\",\"@id\":\"https:\/\/apuntesdesanluis.com\/index.php\/2024\/07\/31\/se-duplico-la-cantidad-de-personas-que-cobran-seguro-de-desempleo\/\",\"url\":\"https:\/\/apuntesdesanluis.com\/index.php\/2024\/07\/31\/se-duplico-la-cantidad-de-personas-que-cobran-seguro-de-desempleo\/\",\"name\":\"SE DUPLIC\u00d3 LA CANTIDAD DE PERSONAS QUE COBRAN SEGURO DE DESEMPLEO - Apuntes de San Luis\",\"isPartOf\":{\"@id\":\"https:\/\/apuntesdesanluis.com\/#website\"},\"primaryImageOfPage\":{\"@id\":\"https:\/\/apuntesdesanluis.com\/index.php\/2024\/07\/31\/se-duplico-la-cantidad-de-personas-que-cobran-seguro-de-desempleo\/#primaryimage\"},\"image\":{\"@id\":\"https:\/\/apuntesdesanluis.com\/index.php\/2024\/07\/31\/se-duplico-la-cantidad-de-personas-que-cobran-seguro-de-desempleo\/#primaryimage\"},\"thumbnailUrl\":\"https:\/\/apuntesdesanluis.com\/wp-content\/uploads\/2024\/07\/DESEMPLEO.png\",\"datePublished\":\"2024-07-31T03:48:13+00:00\",\"breadcrumb\":{\"@id\":\"https:\/\/apuntesdesanluis.com\/index.php\/2024\/07\/31\/se-duplico-la-cantidad-de-personas-que-cobran-seguro-de-desempleo\/#breadcrumb\"},\"inLanguage\":\"es-AR\",\"potentialAction\":[{\"@type\":\"ReadAction\",\"target\":[\"https:\/\/apuntesdesanluis.com\/index.php\/2024\/07\/31\/se-duplico-la-cantidad-de-personas-que-cobran-seguro-de-desempleo\/\"]}]},{\"@type\":\"ImageObject\",\"inLanguage\":\"es-AR\",\"@id\":\"https:\/\/apuntesdesanluis.com\/index.php\/2024\/07\/31\/se-duplico-la-cantidad-de-personas-que-cobran-seguro-de-desempleo\/#primaryimage\",\"url\":\"https:\/\/apuntesdesanluis.com\/wp-content\/uploads\/2024\/07\/DESEMPLEO.png\",\"contentUrl\":\"https:\/\/apuntesdesanluis.com\/wp-content\/uploads\/2024\/07\/DESEMPLEO.png\",\"width\":700,\"height\":546},{\"@type\":\"BreadcrumbList\",\"@id\":\"https:\/\/apuntesdesanluis.com\/index.php\/2024\/07\/31\/se-duplico-la-cantidad-de-personas-que-cobran-seguro-de-desempleo\/#breadcrumb\",\"itemListElement\":[{\"@type\":\"ListItem\",\"position\":1,\"name\":\"Inicio\",\"item\":\"https:\/\/apuntesdesanluis.com\/\"},{\"@type\":\"ListItem\",\"position\":2,\"name\":\"SE DUPLIC\u00d3 LA CANTIDAD DE PERSONAS QUE COBRAN SEGURO DE DESEMPLEO\"}]},{\"@type\":\"WebSite\",\"@id\":\"https:\/\/apuntesdesanluis.com\/#website\",\"url\":\"https:\/\/apuntesdesanluis.com\/\",\"name\":\"Apuntes de San Luis\",\"description\":\"\",\"publisher\":{\"@id\":\"https:\/\/apuntesdesanluis.com\/#\/schema\/person\/b55151d52296fcce64d1a72538a70b90\"},\"potentialAction\":[{\"@type\":\"SearchAction\",\"target\":{\"@type\":\"EntryPoint\",\"urlTemplate\":\"https:\/\/apuntesdesanluis.com\/?s={search_term_string}\"},\"query-input\":{\"@type\":\"PropertyValueSpecification\",\"valueRequired\":true,\"valueName\":\"search_term_string\"}}],\"inLanguage\":\"es-AR\"},{\"@type\":[\"Person\",\"Organization\"],\"@id\":\"https:\/\/apuntesdesanluis.com\/#\/schema\/person\/b55151d52296fcce64d1a72538a70b90\",\"name\":\"apuntesdesanluis.com\",\"image\":{\"@type\":\"ImageObject\",\"inLanguage\":\"es-AR\",\"@id\":\"https:\/\/apuntesdesanluis.com\/#\/schema\/person\/image\/\",\"url\":\"https:\/\/apuntesdesanluis.com\/wp-content\/uploads\/2023\/07\/cropped-apuntesdesanluis.png\",\"contentUrl\":\"https:\/\/apuntesdesanluis.com\/wp-content\/uploads\/2023\/07\/cropped-apuntesdesanluis.png\",\"width\":450,\"height\":112,\"caption\":\"apuntesdesanluis.com\"},\"logo\":{\"@id\":\"https:\/\/apuntesdesanluis.com\/#\/schema\/person\/image\/\"},\"sameAs\":[\"https:\/\/apuntesdesanluis.com\"],\"url\":\"https:\/\/apuntesdesanluis.com\/index.php\/author\/apuntesdesanluis-com\/\"}]}<\/script>\n<!-- \/ Yoast SEO plugin. -->","yoast_head_json":{"title":"SE DUPLIC\u00d3 LA CANTIDAD DE PERSONAS QUE COBRAN SEGURO DE DESEMPLEO - Apuntes de San Luis","robots":{"index":"index","follow":"follow","max-snippet":"max-snippet:-1","max-image-preview":"max-image-preview:large","max-video-preview":"max-video-preview:-1"},"canonical":"https:\/\/apuntesdesanluis.com\/index.php\/2024\/07\/31\/se-duplico-la-cantidad-de-personas-que-cobran-seguro-de-desempleo\/","og_locale":"es_ES","og_type":"article","og_title":"SE DUPLIC\u00d3 LA CANTIDAD DE PERSONAS QUE COBRAN SEGURO DE DESEMPLEO - Apuntes de San Luis","og_description":"La cantidad de personas que perciben el seguro de desempleo se duplic\u00f3 en el primer...","og_url":"https:\/\/apuntesdesanluis.com\/index.php\/2024\/07\/31\/se-duplico-la-cantidad-de-personas-que-cobran-seguro-de-desempleo\/","og_site_name":"Apuntes de San Luis","article_published_time":"2024-07-31T03:48:13+00:00","og_image":[{"width":700,"height":546,"url":"https:\/\/apuntesdesanluis.com\/wp-content\/uploads\/2024\/07\/DESEMPLEO.png","type":"image\/png"}],"author":"apuntesdesanluis.com","twitter_card":"summary_large_image","twitter_misc":{"Escrito por":"apuntesdesanluis.com","Tiempo de lectura":"2 minutos"},"schema":{"@context":"https:\/\/schema.org","@graph":[{"@type":"Article","@id":"https:\/\/apuntesdesanluis.com\/index.php\/2024\/07\/31\/se-duplico-la-cantidad-de-personas-que-cobran-seguro-de-desempleo\/#article","isPartOf":{"@id":"https:\/\/apuntesdesanluis.com\/index.php\/2024\/07\/31\/se-duplico-la-cantidad-de-personas-que-cobran-seguro-de-desempleo\/"},"author":{"name":"apuntesdesanluis.com","@id":"https:\/\/apuntesdesanluis.com\/#\/schema\/person\/b55151d52296fcce64d1a72538a70b90"},"headline":"SE DUPLIC\u00d3 LA CANTIDAD DE PERSONAS QUE COBRAN SEGURO DE DESEMPLEO","datePublished":"2024-07-31T03:48:13+00:00","mainEntityOfPage":{"@id":"https:\/\/apuntesdesanluis.com\/index.php\/2024\/07\/31\/se-duplico-la-cantidad-de-personas-que-cobran-seguro-de-desempleo\/"},"wordCount":333,"publisher":{"@id":"https:\/\/apuntesdesanluis.com\/#\/schema\/person\/b55151d52296fcce64d1a72538a70b90"},"image":{"@id":"https:\/\/apuntesdesanluis.com\/index.php\/2024\/07\/31\/se-duplico-la-cantidad-de-personas-que-cobran-seguro-de-desempleo\/#primaryimage"},"thumbnailUrl":"https:\/\/apuntesdesanluis.com\/wp-content\/uploads\/2024\/07\/DESEMPLEO.png","articleSection":["Nacionales\/Internacionales"],"inLanguage":"es-AR"},{"@type":"WebPage","@id":"https:\/\/apuntesdesanluis.com\/index.php\/2024\/07\/31\/se-duplico-la-cantidad-de-personas-que-cobran-seguro-de-desempleo\/","url":"https:\/\/apuntesdesanluis.com\/index.php\/2024\/07\/31\/se-duplico-la-cantidad-de-personas-que-cobran-seguro-de-desempleo\/","name":"SE DUPLIC\u00d3 LA CANTIDAD DE PERSONAS QUE COBRAN SEGURO DE DESEMPLEO - Apuntes de San Luis","isPartOf":{"@id":"https:\/\/apuntesdesanluis.com\/#website"},"primaryImageOfPage":{"@id":"https:\/\/apuntesdesanluis.com\/index.php\/2024\/07\/31\/se-duplico-la-cantidad-de-personas-que-cobran-seguro-de-desempleo\/#primaryimage"},"image":{"@id":"https:\/\/apuntesdesanluis.com\/index.php\/2024\/07\/31\/se-duplico-la-cantidad-de-personas-que-cobran-seguro-de-desempleo\/#primaryimage"},"thumbnailUrl":"https:\/\/apuntesdesanluis.com\/wp-content\/uploads\/2024\/07\/DESEMPLEO.png","datePublished":"2024-07-31T03:48:13+00:00","breadcrumb":{"@id":"https:\/\/apuntesdesanluis.com\/index.php\/2024\/07\/31\/se-duplico-la-cantidad-de-personas-que-cobran-seguro-de-desempleo\/#breadcrumb"},"inLanguage":"es-AR","potentialAction":[{"@type":"ReadAction","target":["https:\/\/apuntesdesanluis.com\/index.php\/2024\/07\/31\/se-duplico-la-cantidad-de-personas-que-cobran-seguro-de-desempleo\/"]}]},{"@type":"ImageObject","inLanguage":"es-AR","@id":"https:\/\/apuntesdesanluis.com\/index.php\/2024\/07\/31\/se-duplico-la-cantidad-de-personas-que-cobran-seguro-de-desempleo\/#primaryimage","url":"https:\/\/apuntesdesanluis.com\/wp-content\/uploads\/2024\/07\/DESEMPLEO.png","contentUrl":"https:\/\/apuntesdesanluis.com\/wp-content\/uploads\/2024\/07\/DESEMPLEO.png","width":700,"height":546},{"@type":"BreadcrumbList","@id":"https:\/\/apuntesdesanluis.com\/index.php\/2024\/07\/31\/se-duplico-la-cantidad-de-personas-que-cobran-seguro-de-desempleo\/#breadcrumb","itemListElement":[{"@type":"ListItem","position":1,"name":"Inicio","item":"https:\/\/apuntesdesanluis.com\/"},{"@type":"ListItem","position":2,"name":"SE DUPLIC\u00d3 LA CANTIDAD DE PERSONAS QUE COBRAN SEGURO DE DESEMPLEO"}]},{"@type":"WebSite","@id":"https:\/\/apuntesdesanluis.com\/#website","url":"https:\/\/apuntesdesanluis.com\/","name":"Apuntes de San Luis","description":"","publisher":{"@id":"https:\/\/apuntesdesanluis.com\/#\/schema\/person\/b55151d52296fcce64d1a72538a70b90"},"potentialAction":[{"@type":"SearchAction","target":{"@type":"EntryPoint","urlTemplate":"https:\/\/apuntesdesanluis.com\/?s={search_term_string}"},"query-input":{"@type":"PropertyValueSpecification","valueRequired":true,"valueName":"search_term_string"}}],"inLanguage":"es-AR"},{"@type":["Person","Organization"],"@id":"https:\/\/apuntesdesanluis.com\/#\/schema\/person\/b55151d52296fcce64d1a72538a70b90","name":"apuntesdesanluis.com","image":{"@type":"ImageObject","inLanguage":"es-AR","@id":"https:\/\/apuntesdesanluis.com\/#\/schema\/person\/image\/","url":"https:\/\/apuntesdesanluis.com\/wp-content\/uploads\/2023\/07\/cropped-apuntesdesanluis.png","contentUrl":"https:\/\/apuntesdesanluis.com\/wp-content\/uploads\/2023\/07\/cropped-apuntesdesanluis.png","width":450,"height":112,"caption":"apuntesdesanluis.com"},"logo":{"@id":"https:\/\/apuntesdesanluis.com\/#\/schema\/person\/image\/"},"sameAs":["https:\/\/apuntesdesanluis.com"],"url":"https:\/\/apuntesdesanluis.com\/index.php\/author\/apuntesdesanluis-com\/"}]}},"featured_image_urls":{"full":["https:\/\/apuntesdesanluis.com\/wp-content\/uploads\/2024\/07\/DESEMPLEO.png",700,546,false],"thumbnail":["https:\/\/apuntesdesanluis.com\/wp-content\/uploads\/2024\/07\/DESEMPLEO-150x150.png",150,150,true],"medium":["https:\/\/apuntesdesanluis.com\/wp-content\/uploads\/2024\/07\/DESEMPLEO-300x234.png",300,234,true],"medium_large":["https:\/\/apuntesdesanluis.com\/wp-content\/uploads\/2024\/07\/DESEMPLEO.png",640,499,false],"large":["https:\/\/apuntesdesanluis.com\/wp-content\/uploads\/2024\/07\/DESEMPLEO.png",640,499,false],"1536x1536":["https:\/\/apuntesdesanluis.com\/wp-content\/uploads\/2024\/07\/DESEMPLEO.png",700,546,false],"2048x2048":["https:\/\/apuntesdesanluis.com\/wp-content\/uploads\/2024\/07\/DESEMPLEO.png",700,546,false],"newsever-slider-full":["https:\/\/apuntesdesanluis.com\/wp-content\/uploads\/2024\/07\/DESEMPLEO.png",700,546,false],"newsever-featured":["https:\/\/apuntesdesanluis.com\/wp-content\/uploads\/2024\/07\/DESEMPLEO.png",700,546,false],"newsever-medium":["https:\/\/apuntesdesanluis.com\/wp-content\/uploads\/2024\/07\/DESEMPLEO-700x475.png",700,475,true]},"author_info":{"display_name":"apuntesdesanluis.com","author_link":"https:\/\/apuntesdesanluis.com\/index.php\/author\/apuntesdesanluis-com\/"},"category_info":"<a href=\"https:\/\/apuntesdesanluis.com\/index.php\/category\/nacionales-internacionales\/\" rel=\"category tag\">Nacionales\/Internacionales<\/a>","tag_info":"Nacionales\/Internacionales","comment_count":"0","_links":{"self":[{"href":"https:\/\/apuntesdesanluis.com\/index.php\/wp-json\/wp\/v2\/posts\/20114","targetHints":{"allow":["GET"]}}],"collection":[{"href":"https:\/\/apuntesdesanluis.com\/index.php\/wp-json\/wp\/v2\/posts"}],"about":[{"href":"https:\/\/apuntesdesanluis.com\/index.php\/wp-json\/wp\/v2\/types\/post"}],"author":[{"embeddable":true,"href":"https:\/\/apuntesdesanluis.com\/index.php\/wp-json\/wp\/v2\/users\/1"}],"replies":[{"embeddable":true,"href":"https:\/\/apuntesdesanluis.com\/index.php\/wp-json\/wp\/v2\/comments?post=20114"}],"version-history":[{"count":1,"href":"https:\/\/apuntesdesanluis.com\/index.php\/wp-json\/wp\/v2\/posts\/20114\/revisions"}],"predecessor-version":[{"id":20116,"href":"https:\/\/apuntesdesanluis.com\/index.php\/wp-json\/wp\/v2\/posts\/20114\/revisions\/20116"}],"wp:featuredmedia":[{"embeddable":true,"href":"https:\/\/apuntesdesanluis.com\/index.php\/wp-json\/wp\/v2\/media\/20115"}],"wp:attachment":[{"href":"https:\/\/apuntesdesanluis.com\/index.php\/wp-json\/wp\/v2\/media?parent=20114"}],"wp:term":[{"taxonomy":"category","embeddable":true,"href":"https:\/\/apuntesdesanluis.com\/index.php\/wp-json\/wp\/v2\/categories?post=20114"},{"taxonomy":"post_tag","embeddable":true,"href":"https:\/\/apuntesdesanluis.com\/index.php\/wp-json\/wp\/v2\/tags?post=20114"}],"curies":[{"name":"wp","href":"https:\/\/api.w.org\/{rel}","templated":true}]}}