{"id":20127,"date":"2024-07-31T11:15:47","date_gmt":"2024-07-31T14:15:47","guid":{"rendered":"https:\/\/apuntesdesanluis.com\/?p=20127"},"modified":"2024-07-31T11:15:47","modified_gmt":"2024-07-31T14:15:47","slug":"la-pedrera-sera-sede-de-un-torneo-nacional-de-ajedrez-para-personas-no-videntes","status":"publish","type":"post","link":"https:\/\/apuntesdesanluis.com\/index.php\/2024\/07\/31\/la-pedrera-sera-sede-de-un-torneo-nacional-de-ajedrez-para-personas-no-videntes\/","title":{"rendered":"LA PEDRERA SER\u00c1 SEDE DE UN TORNEO NACIONAL DE AJEDREZ PARA PERSONAS NO VIDENTES"},"content":{"rendered":"<h3>La comunidad de Villa Mercedes ser\u00e1 anfitriona de un emocionante torneo de ajedrez, que se llevar\u00e1 a cabo del 9 al 11 de agosto en las instalaciones de \u2018Digitalia\u2019 del Parque La Pedrera. <strong>Ajedrecistas Ciegos Unidos de Argentina<\/strong> (ACUA) y la <strong>Secretar\u00eda de Discapacidad<\/strong>, en colaboraci\u00f3n con la Universidad de La Punta (ULP) y La Pedrera, organizaron la Tercera Etapa del <strong>Prix ACUA 2024 \u2018Memorial Daniel Morelli\u2019<\/strong>.<\/h3>\n<h3>La competencia convoca a ni\u00f1os, j\u00f3venes y adultos. Promete ser un punto de encuentro para los entusiastas del ajedrez y una celebraci\u00f3n del arte de este juego-ciencia. Con la expectativa que despiertan los eventos de esta \u00edndole, el torneo busca promover el ajedrez en la provincia y fomentar la inclusi\u00f3n y el disfrute de este deporte intelectual. Se desarrollar\u00e1n dos torneos: uno para ciegos y otro para disminuidos visuales.<\/h3>\n<p><img fetchpriority=\"high\" decoding=\"async\" class=\"wp-image-20129 aligncenter\" src=\"https:\/\/apuntesdesanluis.com\/wp-content\/uploads\/2024\/07\/tablero-de-ajedrez-300x185.png\" alt=\"\" width=\"571\" height=\"352\" srcset=\"https:\/\/apuntesdesanluis.com\/wp-content\/uploads\/2024\/07\/tablero-de-ajedrez-300x185.png 300w, https:\/\/apuntesdesanluis.com\/wp-content\/uploads\/2024\/07\/tablero-de-ajedrez.png 514w\" sizes=\"(max-width: 571px) 100vw, 571px\" \/><\/p>\n<h3>Las inscripciones estar\u00e1n abiertas hasta el viernes 2 de agosto, mediante el siguiente formulario online. Tienen un valor de $3.000 para jugadores y acompa\u00f1antes que se alojen en las instalaciones disponibles del Parque. Las comidas no est\u00e1n cubiertas y deber\u00e1n ser gestionadas por cada participante. Se recomienda llevar ropa de cama y utensilios personales.<\/h3>\n<h3>Para quienes deseen elegir esta posibilidad de alojamiento, podr\u00e1n ingresar a las instalaciones el jueves 8 de agosto por la tarde y efectuar el checkout el lunes 12 de agosto por la ma\u00f1ana.<\/h3>\n<h3>La inscripci\u00f3n requiere la aceptaci\u00f3n de los Reglamentos Generales de Torneos 2024. Los detalles sobre este torneo y las actividades que realiza ACUA se encuentran disponibles en la web: <a href=\"https:\/\/www.acua.org.ar\/\" target=\"_blank\" rel=\"noopener\"><span style=\"color: #3366ff;\">www.acua.org.ar\u00a0<\/span><\/a><\/h3>\n<p>&nbsp;<\/p>\n<p>&nbsp;<\/p>\n<p>&nbsp;<\/p>\n<p>&nbsp;<\/p>\n<p>&nbsp;<\/p>\n<p>&nbsp;<\/p>\n<p>&nbsp;<\/p>\n","protected":false},"excerpt":{"rendered":"<p>La comunidad de Villa Mercedes ser\u00e1 anfitriona de un emocionante torneo de ajedrez, que se&#8230;<\/p>\n","protected":false},"author":1,"featured_media":20128,"comment_status":"closed","ping_status":"closed","sticky":false,"template":"","format":"standard","meta":{"footnotes":""},"categories":[6],"tags":[],"class_list":["post-20127","post","type-post","status-publish","format-standard","has-post-thumbnail","hentry","category-ciudad-provincia"],"yoast_head":"<!-- This site is optimized with the Yoast SEO plugin v26.1.1 - https:\/\/yoast.com\/wordpress\/plugins\/seo\/ -->\n<title>LA PEDRERA SER\u00c1 SEDE DE UN TORNEO NACIONAL DE AJEDREZ PARA PERSONAS NO VIDENTES - Apuntes de San Luis<\/title>\n<meta name=\"robots\" content=\"index, follow, max-snippet:-1, max-image-preview:large, max-video-preview:-1\" \/>\n<link rel=\"canonical\" href=\"https:\/\/apuntesdesanluis.com\/index.php\/2024\/07\/31\/la-pedrera-sera-sede-de-un-torneo-nacional-de-ajedrez-para-personas-no-videntes\/\" \/>\n<meta property=\"og:locale\" content=\"es_ES\" \/>\n<meta property=\"og:type\" content=\"article\" \/>\n<meta property=\"og:title\" content=\"LA PEDRERA SER\u00c1 SEDE DE UN TORNEO NACIONAL DE AJEDREZ PARA PERSONAS NO VIDENTES - Apuntes de San Luis\" \/>\n<meta property=\"og:description\" content=\"La comunidad de Villa Mercedes ser\u00e1 anfitriona de un emocionante torneo de ajedrez, que se...\" \/>\n<meta property=\"og:url\" content=\"https:\/\/apuntesdesanluis.com\/index.php\/2024\/07\/31\/la-pedrera-sera-sede-de-un-torneo-nacional-de-ajedrez-para-personas-no-videntes\/\" \/>\n<meta property=\"og:site_name\" content=\"Apuntes de San Luis\" \/>\n<meta property=\"article:published_time\" content=\"2024-07-31T14:15:47+00:00\" \/>\n<meta property=\"og:image\" content=\"https:\/\/apuntesdesanluis.com\/wp-content\/uploads\/2024\/07\/ajedrez-no-videntes.png\" \/>\n\t<meta property=\"og:image:width\" content=\"621\" \/>\n\t<meta property=\"og:image:height\" content=\"428\" \/>\n\t<meta property=\"og:image:type\" content=\"image\/png\" \/>\n<meta name=\"author\" content=\"apuntesdesanluis.com\" \/>\n<meta name=\"twitter:card\" content=\"summary_large_image\" \/>\n<meta name=\"twitter:label1\" content=\"Escrito por\" \/>\n\t<meta name=\"twitter:data1\" content=\"apuntesdesanluis.com\" \/>\n\t<meta name=\"twitter:label2\" content=\"Tiempo de lectura\" \/>\n\t<meta name=\"twitter:data2\" content=\"2 minutos\" \/>\n<script type=\"application\/ld+json\" class=\"yoast-schema-graph\">{\"@context\":\"https:\/\/schema.org\",\"@graph\":[{\"@type\":\"Article\",\"@id\":\"https:\/\/apuntesdesanluis.com\/index.php\/2024\/07\/31\/la-pedrera-sera-sede-de-un-torneo-nacional-de-ajedrez-para-personas-no-videntes\/#article\",\"isPartOf\":{\"@id\":\"https:\/\/apuntesdesanluis.com\/index.php\/2024\/07\/31\/la-pedrera-sera-sede-de-un-torneo-nacional-de-ajedrez-para-personas-no-videntes\/\"},\"author\":{\"name\":\"apuntesdesanluis.com\",\"@id\":\"https:\/\/apuntesdesanluis.com\/#\/schema\/person\/b55151d52296fcce64d1a72538a70b90\"},\"headline\":\"LA PEDRERA SER\u00c1 SEDE DE UN TORNEO NACIONAL DE AJEDREZ PARA PERSONAS NO VIDENTES\",\"datePublished\":\"2024-07-31T14:15:47+00:00\",\"mainEntityOfPage\":{\"@id\":\"https:\/\/apuntesdesanluis.com\/index.php\/2024\/07\/31\/la-pedrera-sera-sede-de-un-torneo-nacional-de-ajedrez-para-personas-no-videntes\/\"},\"wordCount\":284,\"publisher\":{\"@id\":\"https:\/\/apuntesdesanluis.com\/#\/schema\/person\/b55151d52296fcce64d1a72538a70b90\"},\"image\":{\"@id\":\"https:\/\/apuntesdesanluis.com\/index.php\/2024\/07\/31\/la-pedrera-sera-sede-de-un-torneo-nacional-de-ajedrez-para-personas-no-videntes\/#primaryimage\"},\"thumbnailUrl\":\"https:\/\/apuntesdesanluis.com\/wp-content\/uploads\/2024\/07\/ajedrez-no-videntes.png\",\"articleSection\":[\"Ciudad\/Provincia\"],\"inLanguage\":\"es-AR\"},{\"@type\":\"WebPage\",\"@id\":\"https:\/\/apuntesdesanluis.com\/index.php\/2024\/07\/31\/la-pedrera-sera-sede-de-un-torneo-nacional-de-ajedrez-para-personas-no-videntes\/\",\"url\":\"https:\/\/apuntesdesanluis.com\/index.php\/2024\/07\/31\/la-pedrera-sera-sede-de-un-torneo-nacional-de-ajedrez-para-personas-no-videntes\/\",\"name\":\"LA PEDRERA SER\u00c1 SEDE DE UN TORNEO NACIONAL DE AJEDREZ PARA PERSONAS NO VIDENTES - Apuntes de San Luis\",\"isPartOf\":{\"@id\":\"https:\/\/apuntesdesanluis.com\/#website\"},\"primaryImageOfPage\":{\"@id\":\"https:\/\/apuntesdesanluis.com\/index.php\/2024\/07\/31\/la-pedrera-sera-sede-de-un-torneo-nacional-de-ajedrez-para-personas-no-videntes\/#primaryimage\"},\"image\":{\"@id\":\"https:\/\/apuntesdesanluis.com\/index.php\/2024\/07\/31\/la-pedrera-sera-sede-de-un-torneo-nacional-de-ajedrez-para-personas-no-videntes\/#primaryimage\"},\"thumbnailUrl\":\"https:\/\/apuntesdesanluis.com\/wp-content\/uploads\/2024\/07\/ajedrez-no-videntes.png\",\"datePublished\":\"2024-07-31T14:15:47+00:00\",\"breadcrumb\":{\"@id\":\"https:\/\/apuntesdesanluis.com\/index.php\/2024\/07\/31\/la-pedrera-sera-sede-de-un-torneo-nacional-de-ajedrez-para-personas-no-videntes\/#breadcrumb\"},\"inLanguage\":\"es-AR\",\"potentialAction\":[{\"@type\":\"ReadAction\",\"target\":[\"https:\/\/apuntesdesanluis.com\/index.php\/2024\/07\/31\/la-pedrera-sera-sede-de-un-torneo-nacional-de-ajedrez-para-personas-no-videntes\/\"]}]},{\"@type\":\"ImageObject\",\"inLanguage\":\"es-AR\",\"@id\":\"https:\/\/apuntesdesanluis.com\/index.php\/2024\/07\/31\/la-pedrera-sera-sede-de-un-torneo-nacional-de-ajedrez-para-personas-no-videntes\/#primaryimage\",\"url\":\"https:\/\/apuntesdesanluis.com\/wp-content\/uploads\/2024\/07\/ajedrez-no-videntes.png\",\"contentUrl\":\"https:\/\/apuntesdesanluis.com\/wp-content\/uploads\/2024\/07\/ajedrez-no-videntes.png\",\"width\":621,\"height\":428},{\"@type\":\"BreadcrumbList\",\"@id\":\"https:\/\/apuntesdesanluis.com\/index.php\/2024\/07\/31\/la-pedrera-sera-sede-de-un-torneo-nacional-de-ajedrez-para-personas-no-videntes\/#breadcrumb\",\"itemListElement\":[{\"@type\":\"ListItem\",\"position\":1,\"name\":\"Inicio\",\"item\":\"https:\/\/apuntesdesanluis.com\/\"},{\"@type\":\"ListItem\",\"position\":2,\"name\":\"LA PEDRERA SER\u00c1 SEDE DE UN TORNEO NACIONAL DE AJEDREZ PARA PERSONAS NO VIDENTES\"}]},{\"@type\":\"WebSite\",\"@id\":\"https:\/\/apuntesdesanluis.com\/#website\",\"url\":\"https:\/\/apuntesdesanluis.com\/\",\"name\":\"Apuntes de San Luis\",\"description\":\"\",\"publisher\":{\"@id\":\"https:\/\/apuntesdesanluis.com\/#\/schema\/person\/b55151d52296fcce64d1a72538a70b90\"},\"potentialAction\":[{\"@type\":\"SearchAction\",\"target\":{\"@type\":\"EntryPoint\",\"urlTemplate\":\"https:\/\/apuntesdesanluis.com\/?s={search_term_string}\"},\"query-input\":{\"@type\":\"PropertyValueSpecification\",\"valueRequired\":true,\"valueName\":\"search_term_string\"}}],\"inLanguage\":\"es-AR\"},{\"@type\":[\"Person\",\"Organization\"],\"@id\":\"https:\/\/apuntesdesanluis.com\/#\/schema\/person\/b55151d52296fcce64d1a72538a70b90\",\"name\":\"apuntesdesanluis.com\",\"image\":{\"@type\":\"ImageObject\",\"inLanguage\":\"es-AR\",\"@id\":\"https:\/\/apuntesdesanluis.com\/#\/schema\/person\/image\/\",\"url\":\"https:\/\/apuntesdesanluis.com\/wp-content\/uploads\/2023\/07\/cropped-apuntesdesanluis.png\",\"contentUrl\":\"https:\/\/apuntesdesanluis.com\/wp-content\/uploads\/2023\/07\/cropped-apuntesdesanluis.png\",\"width\":450,\"height\":112,\"caption\":\"apuntesdesanluis.com\"},\"logo\":{\"@id\":\"https:\/\/apuntesdesanluis.com\/#\/schema\/person\/image\/\"},\"sameAs\":[\"https:\/\/apuntesdesanluis.com\"],\"url\":\"https:\/\/apuntesdesanluis.com\/index.php\/author\/apuntesdesanluis-com\/\"}]}<\/script>\n<!-- \/ Yoast SEO plugin. -->","yoast_head_json":{"title":"LA PEDRERA SER\u00c1 SEDE DE UN TORNEO NACIONAL DE AJEDREZ PARA PERSONAS NO VIDENTES - Apuntes de San Luis","robots":{"index":"index","follow":"follow","max-snippet":"max-snippet:-1","max-image-preview":"max-image-preview:large","max-video-preview":"max-video-preview:-1"},"canonical":"https:\/\/apuntesdesanluis.com\/index.php\/2024\/07\/31\/la-pedrera-sera-sede-de-un-torneo-nacional-de-ajedrez-para-personas-no-videntes\/","og_locale":"es_ES","og_type":"article","og_title":"LA PEDRERA SER\u00c1 SEDE DE UN TORNEO NACIONAL DE AJEDREZ PARA PERSONAS NO VIDENTES - Apuntes de San Luis","og_description":"La comunidad de Villa Mercedes ser\u00e1 anfitriona de un emocionante torneo de ajedrez, que se...","og_url":"https:\/\/apuntesdesanluis.com\/index.php\/2024\/07\/31\/la-pedrera-sera-sede-de-un-torneo-nacional-de-ajedrez-para-personas-no-videntes\/","og_site_name":"Apuntes de San Luis","article_published_time":"2024-07-31T14:15:47+00:00","og_image":[{"width":621,"height":428,"url":"https:\/\/apuntesdesanluis.com\/wp-content\/uploads\/2024\/07\/ajedrez-no-videntes.png","type":"image\/png"}],"author":"apuntesdesanluis.com","twitter_card":"summary_large_image","twitter_misc":{"Escrito por":"apuntesdesanluis.com","Tiempo de lectura":"2 minutos"},"schema":{"@context":"https:\/\/schema.org","@graph":[{"@type":"Article","@id":"https:\/\/apuntesdesanluis.com\/index.php\/2024\/07\/31\/la-pedrera-sera-sede-de-un-torneo-nacional-de-ajedrez-para-personas-no-videntes\/#article","isPartOf":{"@id":"https:\/\/apuntesdesanluis.com\/index.php\/2024\/07\/31\/la-pedrera-sera-sede-de-un-torneo-nacional-de-ajedrez-para-personas-no-videntes\/"},"author":{"name":"apuntesdesanluis.com","@id":"https:\/\/apuntesdesanluis.com\/#\/schema\/person\/b55151d52296fcce64d1a72538a70b90"},"headline":"LA PEDRERA SER\u00c1 SEDE DE UN TORNEO NACIONAL DE AJEDREZ PARA PERSONAS NO VIDENTES","datePublished":"2024-07-31T14:15:47+00:00","mainEntityOfPage":{"@id":"https:\/\/apuntesdesanluis.com\/index.php\/2024\/07\/31\/la-pedrera-sera-sede-de-un-torneo-nacional-de-ajedrez-para-personas-no-videntes\/"},"wordCount":284,"publisher":{"@id":"https:\/\/apuntesdesanluis.com\/#\/schema\/person\/b55151d52296fcce64d1a72538a70b90"},"image":{"@id":"https:\/\/apuntesdesanluis.com\/index.php\/2024\/07\/31\/la-pedrera-sera-sede-de-un-torneo-nacional-de-ajedrez-para-personas-no-videntes\/#primaryimage"},"thumbnailUrl":"https:\/\/apuntesdesanluis.com\/wp-content\/uploads\/2024\/07\/ajedrez-no-videntes.png","articleSection":["Ciudad\/Provincia"],"inLanguage":"es-AR"},{"@type":"WebPage","@id":"https:\/\/apuntesdesanluis.com\/index.php\/2024\/07\/31\/la-pedrera-sera-sede-de-un-torneo-nacional-de-ajedrez-para-personas-no-videntes\/","url":"https:\/\/apuntesdesanluis.com\/index.php\/2024\/07\/31\/la-pedrera-sera-sede-de-un-torneo-nacional-de-ajedrez-para-personas-no-videntes\/","name":"LA PEDRERA SER\u00c1 SEDE DE UN TORNEO NACIONAL DE AJEDREZ PARA PERSONAS NO VIDENTES - Apuntes de San Luis","isPartOf":{"@id":"https:\/\/apuntesdesanluis.com\/#website"},"primaryImageOfPage":{"@id":"https:\/\/apuntesdesanluis.com\/index.php\/2024\/07\/31\/la-pedrera-sera-sede-de-un-torneo-nacional-de-ajedrez-para-personas-no-videntes\/#primaryimage"},"image":{"@id":"https:\/\/apuntesdesanluis.com\/index.php\/2024\/07\/31\/la-pedrera-sera-sede-de-un-torneo-nacional-de-ajedrez-para-personas-no-videntes\/#primaryimage"},"thumbnailUrl":"https:\/\/apuntesdesanluis.com\/wp-content\/uploads\/2024\/07\/ajedrez-no-videntes.png","datePublished":"2024-07-31T14:15:47+00:00","breadcrumb":{"@id":"https:\/\/apuntesdesanluis.com\/index.php\/2024\/07\/31\/la-pedrera-sera-sede-de-un-torneo-nacional-de-ajedrez-para-personas-no-videntes\/#breadcrumb"},"inLanguage":"es-AR","potentialAction":[{"@type":"ReadAction","target":["https:\/\/apuntesdesanluis.com\/index.php\/2024\/07\/31\/la-pedrera-sera-sede-de-un-torneo-nacional-de-ajedrez-para-personas-no-videntes\/"]}]},{"@type":"ImageObject","inLanguage":"es-AR","@id":"https:\/\/apuntesdesanluis.com\/index.php\/2024\/07\/31\/la-pedrera-sera-sede-de-un-torneo-nacional-de-ajedrez-para-personas-no-videntes\/#primaryimage","url":"https:\/\/apuntesdesanluis.com\/wp-content\/uploads\/2024\/07\/ajedrez-no-videntes.png","contentUrl":"https:\/\/apuntesdesanluis.com\/wp-content\/uploads\/2024\/07\/ajedrez-no-videntes.png","width":621,"height":428},{"@type":"BreadcrumbList","@id":"https:\/\/apuntesdesanluis.com\/index.php\/2024\/07\/31\/la-pedrera-sera-sede-de-un-torneo-nacional-de-ajedrez-para-personas-no-videntes\/#breadcrumb","itemListElement":[{"@type":"ListItem","position":1,"name":"Inicio","item":"https:\/\/apuntesdesanluis.com\/"},{"@type":"ListItem","position":2,"name":"LA PEDRERA SER\u00c1 SEDE DE UN TORNEO NACIONAL DE AJEDREZ PARA PERSONAS NO VIDENTES"}]},{"@type":"WebSite","@id":"https:\/\/apuntesdesanluis.com\/#website","url":"https:\/\/apuntesdesanluis.com\/","name":"Apuntes de San Luis","description":"","publisher":{"@id":"https:\/\/apuntesdesanluis.com\/#\/schema\/person\/b55151d52296fcce64d1a72538a70b90"},"potentialAction":[{"@type":"SearchAction","target":{"@type":"EntryPoint","urlTemplate":"https:\/\/apuntesdesanluis.com\/?s={search_term_string}"},"query-input":{"@type":"PropertyValueSpecification","valueRequired":true,"valueName":"search_term_string"}}],"inLanguage":"es-AR"},{"@type":["Person","Organization"],"@id":"https:\/\/apuntesdesanluis.com\/#\/schema\/person\/b55151d52296fcce64d1a72538a70b90","name":"apuntesdesanluis.com","image":{"@type":"ImageObject","inLanguage":"es-AR","@id":"https:\/\/apuntesdesanluis.com\/#\/schema\/person\/image\/","url":"https:\/\/apuntesdesanluis.com\/wp-content\/uploads\/2023\/07\/cropped-apuntesdesanluis.png","contentUrl":"https:\/\/apuntesdesanluis.com\/wp-content\/uploads\/2023\/07\/cropped-apuntesdesanluis.png","width":450,"height":112,"caption":"apuntesdesanluis.com"},"logo":{"@id":"https:\/\/apuntesdesanluis.com\/#\/schema\/person\/image\/"},"sameAs":["https:\/\/apuntesdesanluis.com"],"url":"https:\/\/apuntesdesanluis.com\/index.php\/author\/apuntesdesanluis-com\/"}]}},"featured_image_urls":{"full":["https:\/\/apuntesdesanluis.com\/wp-content\/uploads\/2024\/07\/ajedrez-no-videntes.png",621,428,false],"thumbnail":["https:\/\/apuntesdesanluis.com\/wp-content\/uploads\/2024\/07\/ajedrez-no-videntes-150x150.png",150,150,true],"medium":["https:\/\/apuntesdesanluis.com\/wp-content\/uploads\/2024\/07\/ajedrez-no-videntes-300x207.png",300,207,true],"medium_large":["https:\/\/apuntesdesanluis.com\/wp-content\/uploads\/2024\/07\/ajedrez-no-videntes.png",621,428,false],"large":["https:\/\/apuntesdesanluis.com\/wp-content\/uploads\/2024\/07\/ajedrez-no-videntes.png",621,428,false],"1536x1536":["https:\/\/apuntesdesanluis.com\/wp-content\/uploads\/2024\/07\/ajedrez-no-videntes.png",621,428,false],"2048x2048":["https:\/\/apuntesdesanluis.com\/wp-content\/uploads\/2024\/07\/ajedrez-no-videntes.png",621,428,false],"newsever-slider-full":["https:\/\/apuntesdesanluis.com\/wp-content\/uploads\/2024\/07\/ajedrez-no-videntes.png",621,428,false],"newsever-featured":["https:\/\/apuntesdesanluis.com\/wp-content\/uploads\/2024\/07\/ajedrez-no-videntes.png",621,428,false],"newsever-medium":["https:\/\/apuntesdesanluis.com\/wp-content\/uploads\/2024\/07\/ajedrez-no-videntes.png",621,428,false]},"author_info":{"display_name":"apuntesdesanluis.com","author_link":"https:\/\/apuntesdesanluis.com\/index.php\/author\/apuntesdesanluis-com\/"},"category_info":"<a href=\"https:\/\/apuntesdesanluis.com\/index.php\/category\/ciudad-provincia\/\" rel=\"category tag\">Ciudad\/Provincia<\/a>","tag_info":"Ciudad\/Provincia","comment_count":"0","_links":{"self":[{"href":"https:\/\/apuntesdesanluis.com\/index.php\/wp-json\/wp\/v2\/posts\/20127","targetHints":{"allow":["GET"]}}],"collection":[{"href":"https:\/\/apuntesdesanluis.com\/index.php\/wp-json\/wp\/v2\/posts"}],"about":[{"href":"https:\/\/apuntesdesanluis.com\/index.php\/wp-json\/wp\/v2\/types\/post"}],"author":[{"embeddable":true,"href":"https:\/\/apuntesdesanluis.com\/index.php\/wp-json\/wp\/v2\/users\/1"}],"replies":[{"embeddable":true,"href":"https:\/\/apuntesdesanluis.com\/index.php\/wp-json\/wp\/v2\/comments?post=20127"}],"version-history":[{"count":1,"href":"https:\/\/apuntesdesanluis.com\/index.php\/wp-json\/wp\/v2\/posts\/20127\/revisions"}],"predecessor-version":[{"id":20130,"href":"https:\/\/apuntesdesanluis.com\/index.php\/wp-json\/wp\/v2\/posts\/20127\/revisions\/20130"}],"wp:featuredmedia":[{"embeddable":true,"href":"https:\/\/apuntesdesanluis.com\/index.php\/wp-json\/wp\/v2\/media\/20128"}],"wp:attachment":[{"href":"https:\/\/apuntesdesanluis.com\/index.php\/wp-json\/wp\/v2\/media?parent=20127"}],"wp:term":[{"taxonomy":"category","embeddable":true,"href":"https:\/\/apuntesdesanluis.com\/index.php\/wp-json\/wp\/v2\/categories?post=20127"},{"taxonomy":"post_tag","embeddable":true,"href":"https:\/\/apuntesdesanluis.com\/index.php\/wp-json\/wp\/v2\/tags?post=20127"}],"curies":[{"name":"wp","href":"https:\/\/api.w.org\/{rel}","templated":true}]}}