{"id":2016,"date":"2023-08-23T20:36:11","date_gmt":"2023-08-23T23:36:11","guid":{"rendered":"https:\/\/apuntesdesanluis.com\/?p=2016"},"modified":"2023-08-23T20:37:41","modified_gmt":"2023-08-23T23:37:41","slug":"sergio-massa-anuncio-compensaciones-economicas-para-los-comerciantes-que-hayan-sufrido-saqueos","status":"publish","type":"post","link":"https:\/\/apuntesdesanluis.com\/index.php\/2023\/08\/23\/sergio-massa-anuncio-compensaciones-economicas-para-los-comerciantes-que-hayan-sufrido-saqueos\/","title":{"rendered":"SERGIO MASSA ANUNCI\u00d3 COMPENSACIONES ECON\u00d3MICAS PARA LOS COMERCIANTES QUE HAYAN SUFRIDO SAQUEOS"},"content":{"rendered":"<h3 class=\"yiv7409174924ydp6329976emsonormal\" style=\"background: white;\"><span style=\"font-size: 14.0pt; font-family: 'Arial','sans-serif'; color: #1d2228;\"><strong>Sergio Massa<\/strong> anunci\u00f3 esta noche compensaciones econ\u00f3micas para los comerciantes que hayan sufrido saqueos en el territorio del \u00c1rea Metropolitana de Buenos Aires pero tambi\u00e9n del interior del pa\u00eds durante los \u00faltimos d\u00edas. As\u00ed lo precis\u00f3 el ministro de Econom\u00eda y candidato a Presidente de la Naci\u00f3n durante una conferencia de prensa brindada hoy en la ciudad de Washington \u2014Estados Unidos\u2014 apenas horas despu\u00e9s de que el directorio del FMI aprobara el desembolso de 7.500 millones de d\u00f3lares para la Argentina.<\/span><\/h3>\n<h3 class=\"yiv7409174924ydp6329976emsonormal\" style=\"background: white;\"><span style=\"font-size: 14.0pt; font-family: 'Arial','sans-serif'; color: #1d2228;\">\u201cEn el ministerio de Econom\u00eda tomamos la decisi\u00f3n de instruir a la Secretar\u00eda de industria para que a cada uno de los comerciantes afectados en la provincia de Neuqu\u00e9n, Buenos Aires, R\u00edo Negro, C\u00f3rdoba, Mendoza que tengan la denuncia realizada y que tengan una constataci\u00f3n de las p\u00e9rdidas, se les hagan un aporte no reembolsable. Es decir, un apoyo econ\u00f3mico de la Secretar\u00eda de Industria de hasta siete millones de pesos para recuperar el capital de trabajo\u201d, anunci\u00f3 el ministro de Econom\u00eda al ser consultado por los saqueos registrados en el pa\u00eds durante las \u00faltimas jornadas.<\/span><\/h3>\n<h3 class=\"yiv7409174924ydp6329976emsonormal\" style=\"background: white;\"><span style=\"font-size: 14.0pt; font-family: 'Arial','sans-serif'; color: #1d2228;\">\u201cCreemos que la gente de trabajo v\u00edctima de un delito, de alguna manera tiene que ver en el Estado su capacidad de respuesta y protecci\u00f3n\u201d, coment\u00f3 Massa.<\/span><\/h3>\n<p><iframe title=\"MASSA anunci\u00f3 AYUDA ECON\u00d3MICA para COMERCIANTES que sufrieron SAQUEOS\" width=\"640\" height=\"360\" src=\"https:\/\/www.youtube.com\/embed\/Hyx64fEn1cY?start=3&#038;feature=oembed\" frameborder=\"0\" allow=\"accelerometer; autoplay; clipboard-write; encrypted-media; gyroscope; picture-in-picture; web-share\" referrerpolicy=\"strict-origin-when-cross-origin\" allowfullscreen><\/iframe><\/p>\n<h3 class=\"yiv7409174924ydp6329976emsonormal\" style=\"background: white;\"><span style=\"font-size: 14.0pt; font-family: 'Arial','sans-serif'; color: #1d2228;\">En un primer momento, tras la consulta por los saqueos durante la conferencia de prensa, el ministro analiz\u00f3: \u201cHay dos planos para mirar. Uno es el de los delincuentes y la causa u origen de ese delito. Despu\u00e9s ser\u00e1 responsabilidad de jueces y fiscales buscar si se trata de simples delincuentes o delincuentes instigados. Hay un segundo plano que es el de la gente de laburo, el comerciante y el supermercadista que de alguna manera trabaja todos los d\u00edas y fue v\u00edctima de un delito\u201d.<\/span><\/h3>\n<h3 class=\"yiv7409174924ydp6329976emsonormal\" style=\"background: white;\"><span style=\"font-size: 14.0pt; font-family: 'Arial','sans-serif'; color: #1d2228;\">A continuaci\u00f3n, el ministro realiz\u00f3 otro anuncio en relaci\u00f3n al escenario. \u201cLe pedimos a la Secretar\u00eda de Legal y T\u00e9cnica del ministerio de Econom\u00eda que arme un equipo de seguimiento, porque lo que no nos puede pasar es que esos delincuentes que arrebataron un comercio o un supermercado entren por una puerta y salgan por la otra en una comisar\u00eda. Vamos a estar controlando a esos jueces y a esos fiscales para ver si aplican el c\u00f3digo penal con su plenitud, porque esto es robo en poblado y en banda, porque hay un ataque a la propiedad privada\u201d, indic\u00f3.<\/span><\/h3>\n<h3 class=\"yiv7409174924ydp6329976emsonormal\" style=\"background: white;\"><span style=\"font-size: 14.0pt; font-family: 'Arial','sans-serif'; color: #1d2228;\">\u201cEntonces, a los jueces y a los fiscales que no apliquen en plenitud el c\u00f3digo penal, armamos un equipo de abogados que van \u2014de alguna manera\u2014 a denunciarlos y a pedir el juicio pol\u00edtico\u201d, enfatiz\u00f3 Massa desde Estados Unidos.<\/span><\/h3>\n<h3 class=\"yiv7409174924ydp6329976emsonormal\" style=\"background: white;\"><span style=\"font-size: 14.0pt; font-family: 'Arial','sans-serif'; color: #1d2228;\">En el marco del viaje del ministro a Estados Unidos, el FMI confirm\u00f3 hoy el desembolso de 7.500 millones de d\u00f3lares, tambi\u00e9n anticip\u00f3 que cambiar\u00e1n las metas y que acord\u00f3 un paquete de medidas con el Gobierno.<\/span><\/h3>\n","protected":false},"excerpt":{"rendered":"<p>Sergio Massa anunci\u00f3 esta noche compensaciones econ\u00f3micas para los comerciantes que hayan sufrido saqueos en&#8230;<\/p>\n","protected":false},"author":1,"featured_media":2018,"comment_status":"closed","ping_status":"closed","sticky":false,"template":"","format":"standard","meta":{"footnotes":""},"categories":[5],"tags":[],"class_list":["post-2016","post","type-post","status-publish","format-standard","has-post-thumbnail","hentry","category-nacionales-internacionales"],"yoast_head":"<!-- This site is optimized with the Yoast SEO plugin v26.1.1 - https:\/\/yoast.com\/wordpress\/plugins\/seo\/ -->\n<title>SERGIO MASSA ANUNCI\u00d3 COMPENSACIONES ECON\u00d3MICAS PARA LOS COMERCIANTES QUE HAYAN SUFRIDO SAQUEOS - Apuntes de San Luis<\/title>\n<meta name=\"robots\" content=\"index, follow, max-snippet:-1, max-image-preview:large, max-video-preview:-1\" \/>\n<link rel=\"canonical\" href=\"https:\/\/apuntesdesanluis.com\/index.php\/2023\/08\/23\/sergio-massa-anuncio-compensaciones-economicas-para-los-comerciantes-que-hayan-sufrido-saqueos\/\" \/>\n<meta property=\"og:locale\" content=\"es_ES\" \/>\n<meta property=\"og:type\" content=\"article\" \/>\n<meta property=\"og:title\" content=\"SERGIO MASSA ANUNCI\u00d3 COMPENSACIONES ECON\u00d3MICAS PARA LOS COMERCIANTES QUE HAYAN SUFRIDO SAQUEOS - Apuntes de San Luis\" \/>\n<meta property=\"og:description\" content=\"Sergio Massa anunci\u00f3 esta noche compensaciones econ\u00f3micas para los comerciantes que hayan sufrido saqueos en...\" \/>\n<meta property=\"og:url\" content=\"https:\/\/apuntesdesanluis.com\/index.php\/2023\/08\/23\/sergio-massa-anuncio-compensaciones-economicas-para-los-comerciantes-que-hayan-sufrido-saqueos\/\" \/>\n<meta property=\"og:site_name\" content=\"Apuntes de San Luis\" \/>\n<meta property=\"article:published_time\" content=\"2023-08-23T23:36:11+00:00\" \/>\n<meta property=\"article:modified_time\" content=\"2023-08-23T23:37:41+00:00\" \/>\n<meta property=\"og:image\" content=\"https:\/\/apuntesdesanluis.com\/wp-content\/uploads\/2023\/08\/massa-7.png\" \/>\n\t<meta property=\"og:image:width\" content=\"659\" \/>\n\t<meta property=\"og:image:height\" content=\"412\" \/>\n\t<meta property=\"og:image:type\" content=\"image\/png\" \/>\n<meta name=\"author\" content=\"apuntesdesanluis.com\" \/>\n<meta name=\"twitter:card\" content=\"summary_large_image\" \/>\n<meta name=\"twitter:label1\" content=\"Escrito por\" \/>\n\t<meta name=\"twitter:data1\" content=\"apuntesdesanluis.com\" \/>\n\t<meta name=\"twitter:label2\" content=\"Tiempo de lectura\" \/>\n\t<meta name=\"twitter:data2\" content=\"3 minutos\" \/>\n<script type=\"application\/ld+json\" class=\"yoast-schema-graph\">{\"@context\":\"https:\/\/schema.org\",\"@graph\":[{\"@type\":\"Article\",\"@id\":\"https:\/\/apuntesdesanluis.com\/index.php\/2023\/08\/23\/sergio-massa-anuncio-compensaciones-economicas-para-los-comerciantes-que-hayan-sufrido-saqueos\/#article\",\"isPartOf\":{\"@id\":\"https:\/\/apuntesdesanluis.com\/index.php\/2023\/08\/23\/sergio-massa-anuncio-compensaciones-economicas-para-los-comerciantes-que-hayan-sufrido-saqueos\/\"},\"author\":{\"name\":\"apuntesdesanluis.com\",\"@id\":\"https:\/\/apuntesdesanluis.com\/#\/schema\/person\/b55151d52296fcce64d1a72538a70b90\"},\"headline\":\"SERGIO MASSA ANUNCI\u00d3 COMPENSACIONES ECON\u00d3MICAS PARA LOS COMERCIANTES QUE HAYAN SUFRIDO SAQUEOS\",\"datePublished\":\"2023-08-23T23:36:11+00:00\",\"dateModified\":\"2023-08-23T23:37:41+00:00\",\"mainEntityOfPage\":{\"@id\":\"https:\/\/apuntesdesanluis.com\/index.php\/2023\/08\/23\/sergio-massa-anuncio-compensaciones-economicas-para-los-comerciantes-que-hayan-sufrido-saqueos\/\"},\"wordCount\":521,\"publisher\":{\"@id\":\"https:\/\/apuntesdesanluis.com\/#\/schema\/person\/b55151d52296fcce64d1a72538a70b90\"},\"image\":{\"@id\":\"https:\/\/apuntesdesanluis.com\/index.php\/2023\/08\/23\/sergio-massa-anuncio-compensaciones-economicas-para-los-comerciantes-que-hayan-sufrido-saqueos\/#primaryimage\"},\"thumbnailUrl\":\"https:\/\/apuntesdesanluis.com\/wp-content\/uploads\/2023\/08\/massa-7.png\",\"articleSection\":[\"Nacionales\/Internacionales\"],\"inLanguage\":\"es-AR\"},{\"@type\":\"WebPage\",\"@id\":\"https:\/\/apuntesdesanluis.com\/index.php\/2023\/08\/23\/sergio-massa-anuncio-compensaciones-economicas-para-los-comerciantes-que-hayan-sufrido-saqueos\/\",\"url\":\"https:\/\/apuntesdesanluis.com\/index.php\/2023\/08\/23\/sergio-massa-anuncio-compensaciones-economicas-para-los-comerciantes-que-hayan-sufrido-saqueos\/\",\"name\":\"SERGIO MASSA ANUNCI\u00d3 COMPENSACIONES ECON\u00d3MICAS PARA LOS COMERCIANTES QUE HAYAN SUFRIDO SAQUEOS - Apuntes de San Luis\",\"isPartOf\":{\"@id\":\"https:\/\/apuntesdesanluis.com\/#website\"},\"primaryImageOfPage\":{\"@id\":\"https:\/\/apuntesdesanluis.com\/index.php\/2023\/08\/23\/sergio-massa-anuncio-compensaciones-economicas-para-los-comerciantes-que-hayan-sufrido-saqueos\/#primaryimage\"},\"image\":{\"@id\":\"https:\/\/apuntesdesanluis.com\/index.php\/2023\/08\/23\/sergio-massa-anuncio-compensaciones-economicas-para-los-comerciantes-que-hayan-sufrido-saqueos\/#primaryimage\"},\"thumbnailUrl\":\"https:\/\/apuntesdesanluis.com\/wp-content\/uploads\/2023\/08\/massa-7.png\",\"datePublished\":\"2023-08-23T23:36:11+00:00\",\"dateModified\":\"2023-08-23T23:37:41+00:00\",\"breadcrumb\":{\"@id\":\"https:\/\/apuntesdesanluis.com\/index.php\/2023\/08\/23\/sergio-massa-anuncio-compensaciones-economicas-para-los-comerciantes-que-hayan-sufrido-saqueos\/#breadcrumb\"},\"inLanguage\":\"es-AR\",\"potentialAction\":[{\"@type\":\"ReadAction\",\"target\":[\"https:\/\/apuntesdesanluis.com\/index.php\/2023\/08\/23\/sergio-massa-anuncio-compensaciones-economicas-para-los-comerciantes-que-hayan-sufrido-saqueos\/\"]}]},{\"@type\":\"ImageObject\",\"inLanguage\":\"es-AR\",\"@id\":\"https:\/\/apuntesdesanluis.com\/index.php\/2023\/08\/23\/sergio-massa-anuncio-compensaciones-economicas-para-los-comerciantes-que-hayan-sufrido-saqueos\/#primaryimage\",\"url\":\"https:\/\/apuntesdesanluis.com\/wp-content\/uploads\/2023\/08\/massa-7.png\",\"contentUrl\":\"https:\/\/apuntesdesanluis.com\/wp-content\/uploads\/2023\/08\/massa-7.png\",\"width\":659,\"height\":412},{\"@type\":\"BreadcrumbList\",\"@id\":\"https:\/\/apuntesdesanluis.com\/index.php\/2023\/08\/23\/sergio-massa-anuncio-compensaciones-economicas-para-los-comerciantes-que-hayan-sufrido-saqueos\/#breadcrumb\",\"itemListElement\":[{\"@type\":\"ListItem\",\"position\":1,\"name\":\"Inicio\",\"item\":\"https:\/\/apuntesdesanluis.com\/\"},{\"@type\":\"ListItem\",\"position\":2,\"name\":\"SERGIO MASSA ANUNCI\u00d3 COMPENSACIONES ECON\u00d3MICAS PARA LOS COMERCIANTES QUE HAYAN SUFRIDO SAQUEOS\"}]},{\"@type\":\"WebSite\",\"@id\":\"https:\/\/apuntesdesanluis.com\/#website\",\"url\":\"https:\/\/apuntesdesanluis.com\/\",\"name\":\"Apuntes de San Luis\",\"description\":\"\",\"publisher\":{\"@id\":\"https:\/\/apuntesdesanluis.com\/#\/schema\/person\/b55151d52296fcce64d1a72538a70b90\"},\"potentialAction\":[{\"@type\":\"SearchAction\",\"target\":{\"@type\":\"EntryPoint\",\"urlTemplate\":\"https:\/\/apuntesdesanluis.com\/?s={search_term_string}\"},\"query-input\":{\"@type\":\"PropertyValueSpecification\",\"valueRequired\":true,\"valueName\":\"search_term_string\"}}],\"inLanguage\":\"es-AR\"},{\"@type\":[\"Person\",\"Organization\"],\"@id\":\"https:\/\/apuntesdesanluis.com\/#\/schema\/person\/b55151d52296fcce64d1a72538a70b90\",\"name\":\"apuntesdesanluis.com\",\"image\":{\"@type\":\"ImageObject\",\"inLanguage\":\"es-AR\",\"@id\":\"https:\/\/apuntesdesanluis.com\/#\/schema\/person\/image\/\",\"url\":\"https:\/\/apuntesdesanluis.com\/wp-content\/uploads\/2023\/07\/cropped-apuntesdesanluis.png\",\"contentUrl\":\"https:\/\/apuntesdesanluis.com\/wp-content\/uploads\/2023\/07\/cropped-apuntesdesanluis.png\",\"width\":450,\"height\":112,\"caption\":\"apuntesdesanluis.com\"},\"logo\":{\"@id\":\"https:\/\/apuntesdesanluis.com\/#\/schema\/person\/image\/\"},\"sameAs\":[\"https:\/\/apuntesdesanluis.com\"],\"url\":\"https:\/\/apuntesdesanluis.com\/index.php\/author\/apuntesdesanluis-com\/\"}]}<\/script>\n<!-- \/ Yoast SEO plugin. -->","yoast_head_json":{"title":"SERGIO MASSA ANUNCI\u00d3 COMPENSACIONES ECON\u00d3MICAS PARA LOS COMERCIANTES QUE HAYAN SUFRIDO SAQUEOS - Apuntes de San Luis","robots":{"index":"index","follow":"follow","max-snippet":"max-snippet:-1","max-image-preview":"max-image-preview:large","max-video-preview":"max-video-preview:-1"},"canonical":"https:\/\/apuntesdesanluis.com\/index.php\/2023\/08\/23\/sergio-massa-anuncio-compensaciones-economicas-para-los-comerciantes-que-hayan-sufrido-saqueos\/","og_locale":"es_ES","og_type":"article","og_title":"SERGIO MASSA ANUNCI\u00d3 COMPENSACIONES ECON\u00d3MICAS PARA LOS COMERCIANTES QUE HAYAN SUFRIDO SAQUEOS - Apuntes de San Luis","og_description":"Sergio Massa anunci\u00f3 esta noche compensaciones econ\u00f3micas para los comerciantes que hayan sufrido saqueos en...","og_url":"https:\/\/apuntesdesanluis.com\/index.php\/2023\/08\/23\/sergio-massa-anuncio-compensaciones-economicas-para-los-comerciantes-que-hayan-sufrido-saqueos\/","og_site_name":"Apuntes de San Luis","article_published_time":"2023-08-23T23:36:11+00:00","article_modified_time":"2023-08-23T23:37:41+00:00","og_image":[{"width":659,"height":412,"url":"https:\/\/apuntesdesanluis.com\/wp-content\/uploads\/2023\/08\/massa-7.png","type":"image\/png"}],"author":"apuntesdesanluis.com","twitter_card":"summary_large_image","twitter_misc":{"Escrito por":"apuntesdesanluis.com","Tiempo de lectura":"3 minutos"},"schema":{"@context":"https:\/\/schema.org","@graph":[{"@type":"Article","@id":"https:\/\/apuntesdesanluis.com\/index.php\/2023\/08\/23\/sergio-massa-anuncio-compensaciones-economicas-para-los-comerciantes-que-hayan-sufrido-saqueos\/#article","isPartOf":{"@id":"https:\/\/apuntesdesanluis.com\/index.php\/2023\/08\/23\/sergio-massa-anuncio-compensaciones-economicas-para-los-comerciantes-que-hayan-sufrido-saqueos\/"},"author":{"name":"apuntesdesanluis.com","@id":"https:\/\/apuntesdesanluis.com\/#\/schema\/person\/b55151d52296fcce64d1a72538a70b90"},"headline":"SERGIO MASSA ANUNCI\u00d3 COMPENSACIONES ECON\u00d3MICAS PARA LOS COMERCIANTES QUE HAYAN SUFRIDO SAQUEOS","datePublished":"2023-08-23T23:36:11+00:00","dateModified":"2023-08-23T23:37:41+00:00","mainEntityOfPage":{"@id":"https:\/\/apuntesdesanluis.com\/index.php\/2023\/08\/23\/sergio-massa-anuncio-compensaciones-economicas-para-los-comerciantes-que-hayan-sufrido-saqueos\/"},"wordCount":521,"publisher":{"@id":"https:\/\/apuntesdesanluis.com\/#\/schema\/person\/b55151d52296fcce64d1a72538a70b90"},"image":{"@id":"https:\/\/apuntesdesanluis.com\/index.php\/2023\/08\/23\/sergio-massa-anuncio-compensaciones-economicas-para-los-comerciantes-que-hayan-sufrido-saqueos\/#primaryimage"},"thumbnailUrl":"https:\/\/apuntesdesanluis.com\/wp-content\/uploads\/2023\/08\/massa-7.png","articleSection":["Nacionales\/Internacionales"],"inLanguage":"es-AR"},{"@type":"WebPage","@id":"https:\/\/apuntesdesanluis.com\/index.php\/2023\/08\/23\/sergio-massa-anuncio-compensaciones-economicas-para-los-comerciantes-que-hayan-sufrido-saqueos\/","url":"https:\/\/apuntesdesanluis.com\/index.php\/2023\/08\/23\/sergio-massa-anuncio-compensaciones-economicas-para-los-comerciantes-que-hayan-sufrido-saqueos\/","name":"SERGIO MASSA ANUNCI\u00d3 COMPENSACIONES ECON\u00d3MICAS PARA LOS COMERCIANTES QUE HAYAN SUFRIDO SAQUEOS - Apuntes de San Luis","isPartOf":{"@id":"https:\/\/apuntesdesanluis.com\/#website"},"primaryImageOfPage":{"@id":"https:\/\/apuntesdesanluis.com\/index.php\/2023\/08\/23\/sergio-massa-anuncio-compensaciones-economicas-para-los-comerciantes-que-hayan-sufrido-saqueos\/#primaryimage"},"image":{"@id":"https:\/\/apuntesdesanluis.com\/index.php\/2023\/08\/23\/sergio-massa-anuncio-compensaciones-economicas-para-los-comerciantes-que-hayan-sufrido-saqueos\/#primaryimage"},"thumbnailUrl":"https:\/\/apuntesdesanluis.com\/wp-content\/uploads\/2023\/08\/massa-7.png","datePublished":"2023-08-23T23:36:11+00:00","dateModified":"2023-08-23T23:37:41+00:00","breadcrumb":{"@id":"https:\/\/apuntesdesanluis.com\/index.php\/2023\/08\/23\/sergio-massa-anuncio-compensaciones-economicas-para-los-comerciantes-que-hayan-sufrido-saqueos\/#breadcrumb"},"inLanguage":"es-AR","potentialAction":[{"@type":"ReadAction","target":["https:\/\/apuntesdesanluis.com\/index.php\/2023\/08\/23\/sergio-massa-anuncio-compensaciones-economicas-para-los-comerciantes-que-hayan-sufrido-saqueos\/"]}]},{"@type":"ImageObject","inLanguage":"es-AR","@id":"https:\/\/apuntesdesanluis.com\/index.php\/2023\/08\/23\/sergio-massa-anuncio-compensaciones-economicas-para-los-comerciantes-que-hayan-sufrido-saqueos\/#primaryimage","url":"https:\/\/apuntesdesanluis.com\/wp-content\/uploads\/2023\/08\/massa-7.png","contentUrl":"https:\/\/apuntesdesanluis.com\/wp-content\/uploads\/2023\/08\/massa-7.png","width":659,"height":412},{"@type":"BreadcrumbList","@id":"https:\/\/apuntesdesanluis.com\/index.php\/2023\/08\/23\/sergio-massa-anuncio-compensaciones-economicas-para-los-comerciantes-que-hayan-sufrido-saqueos\/#breadcrumb","itemListElement":[{"@type":"ListItem","position":1,"name":"Inicio","item":"https:\/\/apuntesdesanluis.com\/"},{"@type":"ListItem","position":2,"name":"SERGIO MASSA ANUNCI\u00d3 COMPENSACIONES ECON\u00d3MICAS PARA LOS COMERCIANTES QUE HAYAN SUFRIDO SAQUEOS"}]},{"@type":"WebSite","@id":"https:\/\/apuntesdesanluis.com\/#website","url":"https:\/\/apuntesdesanluis.com\/","name":"Apuntes de San Luis","description":"","publisher":{"@id":"https:\/\/apuntesdesanluis.com\/#\/schema\/person\/b55151d52296fcce64d1a72538a70b90"},"potentialAction":[{"@type":"SearchAction","target":{"@type":"EntryPoint","urlTemplate":"https:\/\/apuntesdesanluis.com\/?s={search_term_string}"},"query-input":{"@type":"PropertyValueSpecification","valueRequired":true,"valueName":"search_term_string"}}],"inLanguage":"es-AR"},{"@type":["Person","Organization"],"@id":"https:\/\/apuntesdesanluis.com\/#\/schema\/person\/b55151d52296fcce64d1a72538a70b90","name":"apuntesdesanluis.com","image":{"@type":"ImageObject","inLanguage":"es-AR","@id":"https:\/\/apuntesdesanluis.com\/#\/schema\/person\/image\/","url":"https:\/\/apuntesdesanluis.com\/wp-content\/uploads\/2023\/07\/cropped-apuntesdesanluis.png","contentUrl":"https:\/\/apuntesdesanluis.com\/wp-content\/uploads\/2023\/07\/cropped-apuntesdesanluis.png","width":450,"height":112,"caption":"apuntesdesanluis.com"},"logo":{"@id":"https:\/\/apuntesdesanluis.com\/#\/schema\/person\/image\/"},"sameAs":["https:\/\/apuntesdesanluis.com"],"url":"https:\/\/apuntesdesanluis.com\/index.php\/author\/apuntesdesanluis-com\/"}]}},"featured_image_urls":{"full":["https:\/\/apuntesdesanluis.com\/wp-content\/uploads\/2023\/08\/massa-7.png",659,412,false],"thumbnail":["https:\/\/apuntesdesanluis.com\/wp-content\/uploads\/2023\/08\/massa-7-150x150.png",150,150,true],"medium":["https:\/\/apuntesdesanluis.com\/wp-content\/uploads\/2023\/08\/massa-7-300x188.png",300,188,true],"medium_large":["https:\/\/apuntesdesanluis.com\/wp-content\/uploads\/2023\/08\/massa-7.png",640,400,false],"large":["https:\/\/apuntesdesanluis.com\/wp-content\/uploads\/2023\/08\/massa-7.png",640,400,false],"1536x1536":["https:\/\/apuntesdesanluis.com\/wp-content\/uploads\/2023\/08\/massa-7.png",659,412,false],"2048x2048":["https:\/\/apuntesdesanluis.com\/wp-content\/uploads\/2023\/08\/massa-7.png",659,412,false],"newsever-slider-full":["https:\/\/apuntesdesanluis.com\/wp-content\/uploads\/2023\/08\/massa-7.png",659,412,false],"newsever-featured":["https:\/\/apuntesdesanluis.com\/wp-content\/uploads\/2023\/08\/massa-7.png",659,412,false],"newsever-medium":["https:\/\/apuntesdesanluis.com\/wp-content\/uploads\/2023\/08\/massa-7.png",659,412,false]},"author_info":{"display_name":"apuntesdesanluis.com","author_link":"https:\/\/apuntesdesanluis.com\/index.php\/author\/apuntesdesanluis-com\/"},"category_info":"<a href=\"https:\/\/apuntesdesanluis.com\/index.php\/category\/nacionales-internacionales\/\" rel=\"category tag\">Nacionales\/Internacionales<\/a>","tag_info":"Nacionales\/Internacionales","comment_count":"0","_links":{"self":[{"href":"https:\/\/apuntesdesanluis.com\/index.php\/wp-json\/wp\/v2\/posts\/2016","targetHints":{"allow":["GET"]}}],"collection":[{"href":"https:\/\/apuntesdesanluis.com\/index.php\/wp-json\/wp\/v2\/posts"}],"about":[{"href":"https:\/\/apuntesdesanluis.com\/index.php\/wp-json\/wp\/v2\/types\/post"}],"author":[{"embeddable":true,"href":"https:\/\/apuntesdesanluis.com\/index.php\/wp-json\/wp\/v2\/users\/1"}],"replies":[{"embeddable":true,"href":"https:\/\/apuntesdesanluis.com\/index.php\/wp-json\/wp\/v2\/comments?post=2016"}],"version-history":[{"count":1,"href":"https:\/\/apuntesdesanluis.com\/index.php\/wp-json\/wp\/v2\/posts\/2016\/revisions"}],"predecessor-version":[{"id":2017,"href":"https:\/\/apuntesdesanluis.com\/index.php\/wp-json\/wp\/v2\/posts\/2016\/revisions\/2017"}],"wp:featuredmedia":[{"embeddable":true,"href":"https:\/\/apuntesdesanluis.com\/index.php\/wp-json\/wp\/v2\/media\/2018"}],"wp:attachment":[{"href":"https:\/\/apuntesdesanluis.com\/index.php\/wp-json\/wp\/v2\/media?parent=2016"}],"wp:term":[{"taxonomy":"category","embeddable":true,"href":"https:\/\/apuntesdesanluis.com\/index.php\/wp-json\/wp\/v2\/categories?post=2016"},{"taxonomy":"post_tag","embeddable":true,"href":"https:\/\/apuntesdesanluis.com\/index.php\/wp-json\/wp\/v2\/tags?post=2016"}],"curies":[{"name":"wp","href":"https:\/\/api.w.org\/{rel}","templated":true}]}}