{"id":20187,"date":"2024-08-01T01:14:01","date_gmt":"2024-08-01T04:14:01","guid":{"rendered":"https:\/\/apuntesdesanluis.com\/?p=20187"},"modified":"2024-08-01T09:27:18","modified_gmt":"2024-08-01T12:27:18","slug":"ponce-concluye-mandato-y-se-abre-la-disputa-por-la-sucesion","status":"publish","type":"post","link":"https:\/\/apuntesdesanluis.com\/index.php\/2024\/08\/01\/ponce-concluye-mandato-y-se-abre-la-disputa-por-la-sucesion\/","title":{"rendered":"PONCE CONCLUYE MANDATO Y SE ABRE LA DISPUTA POR LA SUCESI\u00d3N"},"content":{"rendered":"<h3>Este jueves 1\u00b0 de agosto concluye su mandato el Defensor del Pueblo de la provincia, <strong>Enrique Ponce<\/strong>, y ya comenzaron las charlas y roscas en el seno del gobierno entre los diferentes aliados, para ver c\u00f3mo encarar la renovaci\u00f3n.<\/h3>\n<h3>Como se recordar\u00e1, el derrotero de Ponce en los \u00faltimos 15 a\u00f1os ha sido vertiginoso y por dem\u00e1s cambiante: en\u00e9rgico intendente alineado con el kirchnerismo (2011-2019) y f\u00e9rreo opositor al r\u00e9gimen de los Rodr\u00edguez Sa\u00e1. Luego, candidato a vicegobernador con Poggi. Posteriormente \u201ccasi\u201d candidato a intendente de Adolfo Rodr\u00edguez Sa\u00e1 en 2023. Despu\u00e9s s\u00ed candidato a ese cargo pero con su hermano Alberto, quien tras perder lo contuvo primero como asesor y despu\u00e9s lo postul\u00f3 para ocupar la Defensor\u00eda del Pueblo.<\/h3>\n<p><img fetchpriority=\"high\" decoding=\"async\" class=\"wp-image-20189 aligncenter\" src=\"https:\/\/apuntesdesanluis.com\/wp-content\/uploads\/2024\/08\/ponce-y-alberto-300x231.png\" alt=\"\" width=\"660\" height=\"508\" srcset=\"https:\/\/apuntesdesanluis.com\/wp-content\/uploads\/2024\/08\/ponce-y-alberto-300x231.png 300w, https:\/\/apuntesdesanluis.com\/wp-content\/uploads\/2024\/08\/ponce-y-alberto.png 600w\" sizes=\"(max-width: 660px) 100vw, 660px\" \/><\/p>\n<h3>El mismo gobierno al que durante d\u00e9cadas no le interes\u00f3 cubrir ese cargo previsto en la Constituci\u00f3n, logr\u00f3 imponer su designaci\u00f3n, que fue interpretada como una medida m\u00e1s de la bater\u00eda que impuls\u00f3 el ex mandatario para condicionar a la actual gesti\u00f3n y de paso agregarle m\u00e1s gastos.<\/h3>\n<h3>Como se cumplieron todos los pasos legales, Enrique Ponce olvid\u00f3 cualquier reserva moral y termin\u00f3 asumiendo el desempe\u00f1o de un cargo del que al cabo de un a\u00f1o, poco puede extraerse como saldo positivo.<\/h3>\n<h3>M\u00e1s all\u00e1 de que Enrique Ponce hab\u00eda solicitado en Diputados acceder a la pr\u00f3rroga de su mandato por un a\u00f1o m\u00e1s, pudo saberse que la semana pasada desisti\u00f3 de esta posibilidad, a trav\u00e9s de una nota presentada al cuerpo el pasado 26 de julio.<\/h3>\n<h3>Tanto el oficialismo como la oposici\u00f3n tienen el n\u00famero necesario para impulsar en los pr\u00f3ximos d\u00edas el pedido de convocatoria a la Asamblea Legislativa, para que se elija al nuevo Defensor del Pueblo.<\/h3>\n<h3><strong>Apuntes de San Luis<\/strong> pudo conocer que la intenci\u00f3n ser\u00eda proponer tambi\u00e9n la designaci\u00f3n del Defensor del Pueblo Adjunto, cargo que en sus inicios supo estar en manos de un villamercedino.<\/h3>\n<h3>Con la nueva mayor\u00eda que ha logrado el gobierno en Diputados y en Senadores, no deber\u00eda tener inconvenientes para imponer sus propios candidatos. De todos modos, deber\u00e1 consensuar los nombres, porque en ambas c\u00e1maras depende de aliados de cu\u00f1o peronista que tambi\u00e9n podr\u00edan reclamar espacios\u2026<\/h3>\n<h3><strong>C\u00d3MO SE ELIGE<\/strong><\/h3>\n<h3>La Ley N\u00ba VI-0167-2004 (5780) establece en cuanto a la forma de elecci\u00f3n, que el Defensor del Pueblo debe ser elegido por la Asamblea General Legislativa, por mayor\u00eda absoluta de los legisladores de cada una de las C\u00e1maras.<\/h3>\n<h3>Respecto al procedimiento, la misma norma indica que el candidato debe ser previamente propuesto por no menos de tres (3) senadores y catorce (14) diputados, en forma conjunta, quienes solicitan el llamado a la Asamblea Legislativa.<\/h3>\n<h3>Una vez formalizada la propuesta, el Presidente de la Asamblea, es decir el vicegobernador, debe fijar d\u00eda y hora para su realizaci\u00f3n, dentro de un plazo que no exceda de diez (10) d\u00edas.<\/h3>\n<p>&nbsp;<\/p>\n<p>&nbsp;<\/p>\n<p>&nbsp;<\/p>\n<p>&nbsp;<\/p>\n<p>&nbsp;<\/p>\n<p>&nbsp;<\/p>\n","protected":false},"excerpt":{"rendered":"<p>Este jueves 1\u00b0 de agosto concluye su mandato el Defensor del Pueblo de la provincia,&#8230;<\/p>\n","protected":false},"author":1,"featured_media":20188,"comment_status":"closed","ping_status":"closed","sticky":false,"template":"","format":"standard","meta":{"footnotes":""},"categories":[9],"tags":[],"class_list":["post-20187","post","type-post","status-publish","format-standard","has-post-thumbnail","hentry","category-opinion"],"yoast_head":"<!-- This site is optimized with the Yoast SEO plugin v26.1.1 - https:\/\/yoast.com\/wordpress\/plugins\/seo\/ -->\n<title>PONCE CONCLUYE MANDATO Y SE ABRE LA DISPUTA POR LA SUCESI\u00d3N - Apuntes de San Luis<\/title>\n<meta name=\"robots\" content=\"index, follow, max-snippet:-1, max-image-preview:large, max-video-preview:-1\" \/>\n<link rel=\"canonical\" href=\"https:\/\/apuntesdesanluis.com\/index.php\/2024\/08\/01\/ponce-concluye-mandato-y-se-abre-la-disputa-por-la-sucesion\/\" \/>\n<meta property=\"og:locale\" content=\"es_ES\" \/>\n<meta property=\"og:type\" content=\"article\" \/>\n<meta property=\"og:title\" content=\"PONCE CONCLUYE MANDATO Y SE ABRE LA DISPUTA POR LA SUCESI\u00d3N - Apuntes de San Luis\" \/>\n<meta property=\"og:description\" content=\"Este jueves 1\u00b0 de agosto concluye su mandato el Defensor del Pueblo de la provincia,...\" \/>\n<meta property=\"og:url\" content=\"https:\/\/apuntesdesanluis.com\/index.php\/2024\/08\/01\/ponce-concluye-mandato-y-se-abre-la-disputa-por-la-sucesion\/\" \/>\n<meta property=\"og:site_name\" content=\"Apuntes de San Luis\" \/>\n<meta property=\"article:published_time\" content=\"2024-08-01T04:14:01+00:00\" \/>\n<meta property=\"article:modified_time\" content=\"2024-08-01T12:27:18+00:00\" \/>\n<meta property=\"og:image\" content=\"https:\/\/apuntesdesanluis.com\/wp-content\/uploads\/2024\/08\/ponce.png\" \/>\n\t<meta property=\"og:image:width\" content=\"700\" \/>\n\t<meta property=\"og:image:height\" content=\"501\" \/>\n\t<meta property=\"og:image:type\" content=\"image\/png\" \/>\n<meta name=\"author\" content=\"apuntesdesanluis.com\" \/>\n<meta name=\"twitter:card\" content=\"summary_large_image\" \/>\n<meta name=\"twitter:label1\" content=\"Escrito por\" \/>\n\t<meta name=\"twitter:data1\" content=\"apuntesdesanluis.com\" \/>\n\t<meta name=\"twitter:label2\" content=\"Tiempo de lectura\" \/>\n\t<meta name=\"twitter:data2\" content=\"3 minutos\" \/>\n<script type=\"application\/ld+json\" class=\"yoast-schema-graph\">{\"@context\":\"https:\/\/schema.org\",\"@graph\":[{\"@type\":\"Article\",\"@id\":\"https:\/\/apuntesdesanluis.com\/index.php\/2024\/08\/01\/ponce-concluye-mandato-y-se-abre-la-disputa-por-la-sucesion\/#article\",\"isPartOf\":{\"@id\":\"https:\/\/apuntesdesanluis.com\/index.php\/2024\/08\/01\/ponce-concluye-mandato-y-se-abre-la-disputa-por-la-sucesion\/\"},\"author\":{\"name\":\"apuntesdesanluis.com\",\"@id\":\"https:\/\/apuntesdesanluis.com\/#\/schema\/person\/b55151d52296fcce64d1a72538a70b90\"},\"headline\":\"PONCE CONCLUYE MANDATO Y SE ABRE LA DISPUTA POR LA SUCESI\u00d3N\",\"datePublished\":\"2024-08-01T04:14:01+00:00\",\"dateModified\":\"2024-08-01T12:27:18+00:00\",\"mainEntityOfPage\":{\"@id\":\"https:\/\/apuntesdesanluis.com\/index.php\/2024\/08\/01\/ponce-concluye-mandato-y-se-abre-la-disputa-por-la-sucesion\/\"},\"wordCount\":524,\"publisher\":{\"@id\":\"https:\/\/apuntesdesanluis.com\/#\/schema\/person\/b55151d52296fcce64d1a72538a70b90\"},\"image\":{\"@id\":\"https:\/\/apuntesdesanluis.com\/index.php\/2024\/08\/01\/ponce-concluye-mandato-y-se-abre-la-disputa-por-la-sucesion\/#primaryimage\"},\"thumbnailUrl\":\"https:\/\/apuntesdesanluis.com\/wp-content\/uploads\/2024\/08\/ponce.png\",\"articleSection\":[\"Opini\u00f3n\"],\"inLanguage\":\"es-AR\"},{\"@type\":\"WebPage\",\"@id\":\"https:\/\/apuntesdesanluis.com\/index.php\/2024\/08\/01\/ponce-concluye-mandato-y-se-abre-la-disputa-por-la-sucesion\/\",\"url\":\"https:\/\/apuntesdesanluis.com\/index.php\/2024\/08\/01\/ponce-concluye-mandato-y-se-abre-la-disputa-por-la-sucesion\/\",\"name\":\"PONCE CONCLUYE MANDATO Y SE ABRE LA DISPUTA POR LA SUCESI\u00d3N - Apuntes de San Luis\",\"isPartOf\":{\"@id\":\"https:\/\/apuntesdesanluis.com\/#website\"},\"primaryImageOfPage\":{\"@id\":\"https:\/\/apuntesdesanluis.com\/index.php\/2024\/08\/01\/ponce-concluye-mandato-y-se-abre-la-disputa-por-la-sucesion\/#primaryimage\"},\"image\":{\"@id\":\"https:\/\/apuntesdesanluis.com\/index.php\/2024\/08\/01\/ponce-concluye-mandato-y-se-abre-la-disputa-por-la-sucesion\/#primaryimage\"},\"thumbnailUrl\":\"https:\/\/apuntesdesanluis.com\/wp-content\/uploads\/2024\/08\/ponce.png\",\"datePublished\":\"2024-08-01T04:14:01+00:00\",\"dateModified\":\"2024-08-01T12:27:18+00:00\",\"breadcrumb\":{\"@id\":\"https:\/\/apuntesdesanluis.com\/index.php\/2024\/08\/01\/ponce-concluye-mandato-y-se-abre-la-disputa-por-la-sucesion\/#breadcrumb\"},\"inLanguage\":\"es-AR\",\"potentialAction\":[{\"@type\":\"ReadAction\",\"target\":[\"https:\/\/apuntesdesanluis.com\/index.php\/2024\/08\/01\/ponce-concluye-mandato-y-se-abre-la-disputa-por-la-sucesion\/\"]}]},{\"@type\":\"ImageObject\",\"inLanguage\":\"es-AR\",\"@id\":\"https:\/\/apuntesdesanluis.com\/index.php\/2024\/08\/01\/ponce-concluye-mandato-y-se-abre-la-disputa-por-la-sucesion\/#primaryimage\",\"url\":\"https:\/\/apuntesdesanluis.com\/wp-content\/uploads\/2024\/08\/ponce.png\",\"contentUrl\":\"https:\/\/apuntesdesanluis.com\/wp-content\/uploads\/2024\/08\/ponce.png\",\"width\":700,\"height\":501},{\"@type\":\"BreadcrumbList\",\"@id\":\"https:\/\/apuntesdesanluis.com\/index.php\/2024\/08\/01\/ponce-concluye-mandato-y-se-abre-la-disputa-por-la-sucesion\/#breadcrumb\",\"itemListElement\":[{\"@type\":\"ListItem\",\"position\":1,\"name\":\"Inicio\",\"item\":\"https:\/\/apuntesdesanluis.com\/\"},{\"@type\":\"ListItem\",\"position\":2,\"name\":\"PONCE CONCLUYE MANDATO Y SE ABRE LA DISPUTA POR LA SUCESI\u00d3N\"}]},{\"@type\":\"WebSite\",\"@id\":\"https:\/\/apuntesdesanluis.com\/#website\",\"url\":\"https:\/\/apuntesdesanluis.com\/\",\"name\":\"Apuntes de San Luis\",\"description\":\"\",\"publisher\":{\"@id\":\"https:\/\/apuntesdesanluis.com\/#\/schema\/person\/b55151d52296fcce64d1a72538a70b90\"},\"potentialAction\":[{\"@type\":\"SearchAction\",\"target\":{\"@type\":\"EntryPoint\",\"urlTemplate\":\"https:\/\/apuntesdesanluis.com\/?s={search_term_string}\"},\"query-input\":{\"@type\":\"PropertyValueSpecification\",\"valueRequired\":true,\"valueName\":\"search_term_string\"}}],\"inLanguage\":\"es-AR\"},{\"@type\":[\"Person\",\"Organization\"],\"@id\":\"https:\/\/apuntesdesanluis.com\/#\/schema\/person\/b55151d52296fcce64d1a72538a70b90\",\"name\":\"apuntesdesanluis.com\",\"image\":{\"@type\":\"ImageObject\",\"inLanguage\":\"es-AR\",\"@id\":\"https:\/\/apuntesdesanluis.com\/#\/schema\/person\/image\/\",\"url\":\"https:\/\/apuntesdesanluis.com\/wp-content\/uploads\/2023\/07\/cropped-apuntesdesanluis.png\",\"contentUrl\":\"https:\/\/apuntesdesanluis.com\/wp-content\/uploads\/2023\/07\/cropped-apuntesdesanluis.png\",\"width\":450,\"height\":112,\"caption\":\"apuntesdesanluis.com\"},\"logo\":{\"@id\":\"https:\/\/apuntesdesanluis.com\/#\/schema\/person\/image\/\"},\"sameAs\":[\"https:\/\/apuntesdesanluis.com\"],\"url\":\"https:\/\/apuntesdesanluis.com\/index.php\/author\/apuntesdesanluis-com\/\"}]}<\/script>\n<!-- \/ Yoast SEO plugin. -->","yoast_head_json":{"title":"PONCE CONCLUYE MANDATO Y SE ABRE LA DISPUTA POR LA SUCESI\u00d3N - Apuntes de San Luis","robots":{"index":"index","follow":"follow","max-snippet":"max-snippet:-1","max-image-preview":"max-image-preview:large","max-video-preview":"max-video-preview:-1"},"canonical":"https:\/\/apuntesdesanluis.com\/index.php\/2024\/08\/01\/ponce-concluye-mandato-y-se-abre-la-disputa-por-la-sucesion\/","og_locale":"es_ES","og_type":"article","og_title":"PONCE CONCLUYE MANDATO Y SE ABRE LA DISPUTA POR LA SUCESI\u00d3N - Apuntes de San Luis","og_description":"Este jueves 1\u00b0 de agosto concluye su mandato el Defensor del Pueblo de la provincia,...","og_url":"https:\/\/apuntesdesanluis.com\/index.php\/2024\/08\/01\/ponce-concluye-mandato-y-se-abre-la-disputa-por-la-sucesion\/","og_site_name":"Apuntes de San Luis","article_published_time":"2024-08-01T04:14:01+00:00","article_modified_time":"2024-08-01T12:27:18+00:00","og_image":[{"width":700,"height":501,"url":"https:\/\/apuntesdesanluis.com\/wp-content\/uploads\/2024\/08\/ponce.png","type":"image\/png"}],"author":"apuntesdesanluis.com","twitter_card":"summary_large_image","twitter_misc":{"Escrito por":"apuntesdesanluis.com","Tiempo de lectura":"3 minutos"},"schema":{"@context":"https:\/\/schema.org","@graph":[{"@type":"Article","@id":"https:\/\/apuntesdesanluis.com\/index.php\/2024\/08\/01\/ponce-concluye-mandato-y-se-abre-la-disputa-por-la-sucesion\/#article","isPartOf":{"@id":"https:\/\/apuntesdesanluis.com\/index.php\/2024\/08\/01\/ponce-concluye-mandato-y-se-abre-la-disputa-por-la-sucesion\/"},"author":{"name":"apuntesdesanluis.com","@id":"https:\/\/apuntesdesanluis.com\/#\/schema\/person\/b55151d52296fcce64d1a72538a70b90"},"headline":"PONCE CONCLUYE MANDATO Y SE ABRE LA DISPUTA POR LA SUCESI\u00d3N","datePublished":"2024-08-01T04:14:01+00:00","dateModified":"2024-08-01T12:27:18+00:00","mainEntityOfPage":{"@id":"https:\/\/apuntesdesanluis.com\/index.php\/2024\/08\/01\/ponce-concluye-mandato-y-se-abre-la-disputa-por-la-sucesion\/"},"wordCount":524,"publisher":{"@id":"https:\/\/apuntesdesanluis.com\/#\/schema\/person\/b55151d52296fcce64d1a72538a70b90"},"image":{"@id":"https:\/\/apuntesdesanluis.com\/index.php\/2024\/08\/01\/ponce-concluye-mandato-y-se-abre-la-disputa-por-la-sucesion\/#primaryimage"},"thumbnailUrl":"https:\/\/apuntesdesanluis.com\/wp-content\/uploads\/2024\/08\/ponce.png","articleSection":["Opini\u00f3n"],"inLanguage":"es-AR"},{"@type":"WebPage","@id":"https:\/\/apuntesdesanluis.com\/index.php\/2024\/08\/01\/ponce-concluye-mandato-y-se-abre-la-disputa-por-la-sucesion\/","url":"https:\/\/apuntesdesanluis.com\/index.php\/2024\/08\/01\/ponce-concluye-mandato-y-se-abre-la-disputa-por-la-sucesion\/","name":"PONCE CONCLUYE MANDATO Y SE ABRE LA DISPUTA POR LA SUCESI\u00d3N - Apuntes de San Luis","isPartOf":{"@id":"https:\/\/apuntesdesanluis.com\/#website"},"primaryImageOfPage":{"@id":"https:\/\/apuntesdesanluis.com\/index.php\/2024\/08\/01\/ponce-concluye-mandato-y-se-abre-la-disputa-por-la-sucesion\/#primaryimage"},"image":{"@id":"https:\/\/apuntesdesanluis.com\/index.php\/2024\/08\/01\/ponce-concluye-mandato-y-se-abre-la-disputa-por-la-sucesion\/#primaryimage"},"thumbnailUrl":"https:\/\/apuntesdesanluis.com\/wp-content\/uploads\/2024\/08\/ponce.png","datePublished":"2024-08-01T04:14:01+00:00","dateModified":"2024-08-01T12:27:18+00:00","breadcrumb":{"@id":"https:\/\/apuntesdesanluis.com\/index.php\/2024\/08\/01\/ponce-concluye-mandato-y-se-abre-la-disputa-por-la-sucesion\/#breadcrumb"},"inLanguage":"es-AR","potentialAction":[{"@type":"ReadAction","target":["https:\/\/apuntesdesanluis.com\/index.php\/2024\/08\/01\/ponce-concluye-mandato-y-se-abre-la-disputa-por-la-sucesion\/"]}]},{"@type":"ImageObject","inLanguage":"es-AR","@id":"https:\/\/apuntesdesanluis.com\/index.php\/2024\/08\/01\/ponce-concluye-mandato-y-se-abre-la-disputa-por-la-sucesion\/#primaryimage","url":"https:\/\/apuntesdesanluis.com\/wp-content\/uploads\/2024\/08\/ponce.png","contentUrl":"https:\/\/apuntesdesanluis.com\/wp-content\/uploads\/2024\/08\/ponce.png","width":700,"height":501},{"@type":"BreadcrumbList","@id":"https:\/\/apuntesdesanluis.com\/index.php\/2024\/08\/01\/ponce-concluye-mandato-y-se-abre-la-disputa-por-la-sucesion\/#breadcrumb","itemListElement":[{"@type":"ListItem","position":1,"name":"Inicio","item":"https:\/\/apuntesdesanluis.com\/"},{"@type":"ListItem","position":2,"name":"PONCE CONCLUYE MANDATO Y SE ABRE LA DISPUTA POR LA SUCESI\u00d3N"}]},{"@type":"WebSite","@id":"https:\/\/apuntesdesanluis.com\/#website","url":"https:\/\/apuntesdesanluis.com\/","name":"Apuntes de San Luis","description":"","publisher":{"@id":"https:\/\/apuntesdesanluis.com\/#\/schema\/person\/b55151d52296fcce64d1a72538a70b90"},"potentialAction":[{"@type":"SearchAction","target":{"@type":"EntryPoint","urlTemplate":"https:\/\/apuntesdesanluis.com\/?s={search_term_string}"},"query-input":{"@type":"PropertyValueSpecification","valueRequired":true,"valueName":"search_term_string"}}],"inLanguage":"es-AR"},{"@type":["Person","Organization"],"@id":"https:\/\/apuntesdesanluis.com\/#\/schema\/person\/b55151d52296fcce64d1a72538a70b90","name":"apuntesdesanluis.com","image":{"@type":"ImageObject","inLanguage":"es-AR","@id":"https:\/\/apuntesdesanluis.com\/#\/schema\/person\/image\/","url":"https:\/\/apuntesdesanluis.com\/wp-content\/uploads\/2023\/07\/cropped-apuntesdesanluis.png","contentUrl":"https:\/\/apuntesdesanluis.com\/wp-content\/uploads\/2023\/07\/cropped-apuntesdesanluis.png","width":450,"height":112,"caption":"apuntesdesanluis.com"},"logo":{"@id":"https:\/\/apuntesdesanluis.com\/#\/schema\/person\/image\/"},"sameAs":["https:\/\/apuntesdesanluis.com"],"url":"https:\/\/apuntesdesanluis.com\/index.php\/author\/apuntesdesanluis-com\/"}]}},"featured_image_urls":{"full":["https:\/\/apuntesdesanluis.com\/wp-content\/uploads\/2024\/08\/ponce.png",700,501,false],"thumbnail":["https:\/\/apuntesdesanluis.com\/wp-content\/uploads\/2024\/08\/ponce-150x150.png",150,150,true],"medium":["https:\/\/apuntesdesanluis.com\/wp-content\/uploads\/2024\/08\/ponce-300x215.png",300,215,true],"medium_large":["https:\/\/apuntesdesanluis.com\/wp-content\/uploads\/2024\/08\/ponce.png",640,458,false],"large":["https:\/\/apuntesdesanluis.com\/wp-content\/uploads\/2024\/08\/ponce.png",640,458,false],"1536x1536":["https:\/\/apuntesdesanluis.com\/wp-content\/uploads\/2024\/08\/ponce.png",700,501,false],"2048x2048":["https:\/\/apuntesdesanluis.com\/wp-content\/uploads\/2024\/08\/ponce.png",700,501,false],"newsever-slider-full":["https:\/\/apuntesdesanluis.com\/wp-content\/uploads\/2024\/08\/ponce.png",700,501,false],"newsever-featured":["https:\/\/apuntesdesanluis.com\/wp-content\/uploads\/2024\/08\/ponce.png",700,501,false],"newsever-medium":["https:\/\/apuntesdesanluis.com\/wp-content\/uploads\/2024\/08\/ponce-700x475.png",700,475,true]},"author_info":{"display_name":"apuntesdesanluis.com","author_link":"https:\/\/apuntesdesanluis.com\/index.php\/author\/apuntesdesanluis-com\/"},"category_info":"<a href=\"https:\/\/apuntesdesanluis.com\/index.php\/category\/opinion\/\" rel=\"category tag\">Opini\u00f3n<\/a>","tag_info":"Opini\u00f3n","comment_count":"0","_links":{"self":[{"href":"https:\/\/apuntesdesanluis.com\/index.php\/wp-json\/wp\/v2\/posts\/20187","targetHints":{"allow":["GET"]}}],"collection":[{"href":"https:\/\/apuntesdesanluis.com\/index.php\/wp-json\/wp\/v2\/posts"}],"about":[{"href":"https:\/\/apuntesdesanluis.com\/index.php\/wp-json\/wp\/v2\/types\/post"}],"author":[{"embeddable":true,"href":"https:\/\/apuntesdesanluis.com\/index.php\/wp-json\/wp\/v2\/users\/1"}],"replies":[{"embeddable":true,"href":"https:\/\/apuntesdesanluis.com\/index.php\/wp-json\/wp\/v2\/comments?post=20187"}],"version-history":[{"count":6,"href":"https:\/\/apuntesdesanluis.com\/index.php\/wp-json\/wp\/v2\/posts\/20187\/revisions"}],"predecessor-version":[{"id":20199,"href":"https:\/\/apuntesdesanluis.com\/index.php\/wp-json\/wp\/v2\/posts\/20187\/revisions\/20199"}],"wp:featuredmedia":[{"embeddable":true,"href":"https:\/\/apuntesdesanluis.com\/index.php\/wp-json\/wp\/v2\/media\/20188"}],"wp:attachment":[{"href":"https:\/\/apuntesdesanluis.com\/index.php\/wp-json\/wp\/v2\/media?parent=20187"}],"wp:term":[{"taxonomy":"category","embeddable":true,"href":"https:\/\/apuntesdesanluis.com\/index.php\/wp-json\/wp\/v2\/categories?post=20187"},{"taxonomy":"post_tag","embeddable":true,"href":"https:\/\/apuntesdesanluis.com\/index.php\/wp-json\/wp\/v2\/tags?post=20187"}],"curies":[{"name":"wp","href":"https:\/\/api.w.org\/{rel}","templated":true}]}}