{"id":2019,"date":"2023-08-23T20:40:38","date_gmt":"2023-08-23T23:40:38","guid":{"rendered":"https:\/\/apuntesdesanluis.com\/?p=2019"},"modified":"2023-08-23T20:42:13","modified_gmt":"2023-08-23T23:42:13","slug":"internaron-a-la-mona-jimenez-por-un-principio-de-acv-y-se-encuentra-estable","status":"publish","type":"post","link":"https:\/\/apuntesdesanluis.com\/index.php\/2023\/08\/23\/internaron-a-la-mona-jimenez-por-un-principio-de-acv-y-se-encuentra-estable\/","title":{"rendered":"INTERNARON A LA MONA JIM\u00c9NEZ POR UN PRINCIPIO DE ACV Y SE ENCUENTRA ESTABLE"},"content":{"rendered":"<h3 class=\"yiv7409174924ydp6329976emsonormal\" style=\"background: white;\"><span style=\"font-size: 14.0pt; font-family: 'Arial','sans-serif'; color: #1d2228;\">La Mona Jim\u00e9nez fue internado de urgencia en el Cardiol\u00f3gico, centro m\u00e9dico ubicado en el noroeste de C\u00f3rdoba capital. El cantante sufri\u00f3 un principio de ACV y se encuentra en terapia intensiva. <\/span><\/h3>\n<h3 class=\"yiv7409174924ydp6329976emsonormal\" style=\"background: white;\"><span style=\"font-size: 14.0pt; font-family: 'Arial','sans-serif'; color: #1d2228;\">Lleg\u00f3 por sus propios medios al Instituto alrededor de las 16.30 en compa\u00f1\u00eda de sus familiares. <\/span><\/h3>\n<h3 class=\"yiv7409174924ydp6329976emsonormal\" style=\"background: white;\"><span style=\"font-size: 14.0pt; font-family: 'Arial','sans-serif'; color: #1d2228;\">Asimismo, desde el sanatorio lograron estabilizar a la figura popular y est\u00e1 en proceso de recuperaci\u00f3n y evolucionando favorablemente. Como medida de precauci\u00f3n, permanecer\u00e1 bajo observaci\u00f3n m\u00e9dica para monitorear su progreso. <\/span><\/h3>\n<h3 class=\"yiv7409174924ydp6329976emsonormal\" style=\"background: white;\"><span style=\"font-size: 14.0pt; font-family: 'Arial','sans-serif'; color: #1d2228;\">En las primeras horas de la tarde el &#8220;Mandam\u00e1s&#8221; estando en su casa habr\u00eda sentido un adormecimiento de su cara y en una de sus manos. Esta situaci\u00f3n que llam\u00f3 su atenci\u00f3n se la expres\u00f3 a las personas que lo acompa\u00f1aban y decidieron, de manera urgente, trasladarse hacia el Instituto de Cardiolog\u00eda de C\u00f3rdoba. Al centro m\u00e9dico lleg\u00f3 en uno de sus veh\u00edculos acompa\u00f1ado por sus familiares. La r\u00e1pida acci\u00f3n del personal m\u00e9dico impidi\u00f3 que la situaci\u00f3n escale a mayores y se logre estabilizar al cuartetero. <\/span><\/h3>\n<h3 class=\"yiv7409174924ydp6329976emsonormal\" style=\"background: white;\"><span style=\"font-size: 14.0pt; font-family: 'Arial','sans-serif'; color: #1d2228;\">El diagn\u00f3stico todav\u00eda no fue comunicado oficialmente, pero aparentemente se trata de un principio de accidente cerebrovascular. Un accidente cerebrovascular sucede cuando el flujo de sangre a una parte del cerebro se detiene. Algunas veces, se denomina &#8220;ataque cerebral&#8221;. Si el flujo sangu\u00edneo se detiene por m\u00e1s de pocos segundos, el cerebro no puede recibir nutrientes y ox\u00edgeno. <\/span><\/h3>\n<h3 class=\"yiv7409174924ydp6329976emsonormal\" style=\"background: white;\"><span style=\"font-size: 14.0pt; font-family: 'Arial','sans-serif'; color: #1d2228;\">LA PALABRA DE UNA DE SUS HIJAS<\/span><\/h3>\n<h3 class=\"yiv7409174924ydp6329976emsonormal\" style=\"background: white;\"><span style=\"font-size: 14.0pt; font-family: 'Arial','sans-serif'; color: #1d2228;\">Quien habl\u00f3 fue Natalia Jim\u00e9nez, hija del cantante. De acuerdo a su versi\u00f3n, su padre solo fue al centro m\u00e9dico \u201cpara hacerse un control\u201d, afirmando que est\u00e1 bien aunque le tuvieron que poner suero. <\/span><\/h3>\n<h3 class=\"yiv7409174924ydp6329976emsonormal\" style=\"background: white;\"><span style=\"font-size: 14.0pt; font-family: 'Arial','sans-serif'; color: #1d2228;\">\u201cNo es nada de gravedad, probablemente esta misma noche le dar\u00edan el alta\u201d, dijo Natalia al suplemento Vos, y agreg\u00f3: \u201cSi fuera grave, yo no estar\u00eda ac\u00e1 charlando como si nada\u201d, grafic\u00f3.<\/span><\/h3>\n<h3 class=\"yiv7409174924ydp6329976emsonormal\" style=\"background: white;\"><\/h3>\n<p>&nbsp;<\/p>\n<p>&nbsp;<\/p>\n","protected":false},"excerpt":{"rendered":"<p>La Mona Jim\u00e9nez fue internado de urgencia en el Cardiol\u00f3gico, centro m\u00e9dico ubicado en el&#8230;<\/p>\n","protected":false},"author":1,"featured_media":2020,"comment_status":"closed","ping_status":"closed","sticky":false,"template":"","format":"standard","meta":{"footnotes":""},"categories":[5],"tags":[],"class_list":["post-2019","post","type-post","status-publish","format-standard","has-post-thumbnail","hentry","category-nacionales-internacionales"],"yoast_head":"<!-- This site is optimized with the Yoast SEO plugin v26.1.1 - https:\/\/yoast.com\/wordpress\/plugins\/seo\/ -->\n<title>INTERNARON A LA MONA JIM\u00c9NEZ POR UN PRINCIPIO DE ACV Y SE ENCUENTRA ESTABLE - Apuntes de San Luis<\/title>\n<meta name=\"robots\" content=\"index, follow, max-snippet:-1, max-image-preview:large, max-video-preview:-1\" \/>\n<link rel=\"canonical\" href=\"https:\/\/apuntesdesanluis.com\/index.php\/2023\/08\/23\/internaron-a-la-mona-jimenez-por-un-principio-de-acv-y-se-encuentra-estable\/\" \/>\n<meta property=\"og:locale\" content=\"es_ES\" \/>\n<meta property=\"og:type\" content=\"article\" \/>\n<meta property=\"og:title\" content=\"INTERNARON A LA MONA JIM\u00c9NEZ POR UN PRINCIPIO DE ACV Y SE ENCUENTRA ESTABLE - Apuntes de San Luis\" \/>\n<meta property=\"og:description\" content=\"La Mona Jim\u00e9nez fue internado de urgencia en el Cardiol\u00f3gico, centro m\u00e9dico ubicado en el...\" \/>\n<meta property=\"og:url\" content=\"https:\/\/apuntesdesanluis.com\/index.php\/2023\/08\/23\/internaron-a-la-mona-jimenez-por-un-principio-de-acv-y-se-encuentra-estable\/\" \/>\n<meta property=\"og:site_name\" content=\"Apuntes de San Luis\" \/>\n<meta property=\"article:published_time\" content=\"2023-08-23T23:40:38+00:00\" \/>\n<meta property=\"article:modified_time\" content=\"2023-08-23T23:42:13+00:00\" \/>\n<meta property=\"og:image\" content=\"https:\/\/apuntesdesanluis.com\/wp-content\/uploads\/2023\/08\/la-mona-jimenez.png\" \/>\n\t<meta property=\"og:image:width\" content=\"896\" \/>\n\t<meta property=\"og:image:height\" content=\"542\" \/>\n\t<meta property=\"og:image:type\" content=\"image\/png\" \/>\n<meta name=\"author\" content=\"apuntesdesanluis.com\" \/>\n<meta name=\"twitter:card\" content=\"summary_large_image\" \/>\n<meta name=\"twitter:label1\" content=\"Escrito por\" \/>\n\t<meta name=\"twitter:data1\" content=\"apuntesdesanluis.com\" \/>\n\t<meta name=\"twitter:label2\" content=\"Tiempo de lectura\" \/>\n\t<meta name=\"twitter:data2\" content=\"2 minutos\" \/>\n<script type=\"application\/ld+json\" class=\"yoast-schema-graph\">{\"@context\":\"https:\/\/schema.org\",\"@graph\":[{\"@type\":\"Article\",\"@id\":\"https:\/\/apuntesdesanluis.com\/index.php\/2023\/08\/23\/internaron-a-la-mona-jimenez-por-un-principio-de-acv-y-se-encuentra-estable\/#article\",\"isPartOf\":{\"@id\":\"https:\/\/apuntesdesanluis.com\/index.php\/2023\/08\/23\/internaron-a-la-mona-jimenez-por-un-principio-de-acv-y-se-encuentra-estable\/\"},\"author\":{\"name\":\"apuntesdesanluis.com\",\"@id\":\"https:\/\/apuntesdesanluis.com\/#\/schema\/person\/b55151d52296fcce64d1a72538a70b90\"},\"headline\":\"INTERNARON A LA MONA JIM\u00c9NEZ POR UN PRINCIPIO DE ACV Y SE ENCUENTRA ESTABLE\",\"datePublished\":\"2023-08-23T23:40:38+00:00\",\"dateModified\":\"2023-08-23T23:42:13+00:00\",\"mainEntityOfPage\":{\"@id\":\"https:\/\/apuntesdesanluis.com\/index.php\/2023\/08\/23\/internaron-a-la-mona-jimenez-por-un-principio-de-acv-y-se-encuentra-estable\/\"},\"wordCount\":345,\"publisher\":{\"@id\":\"https:\/\/apuntesdesanluis.com\/#\/schema\/person\/b55151d52296fcce64d1a72538a70b90\"},\"image\":{\"@id\":\"https:\/\/apuntesdesanluis.com\/index.php\/2023\/08\/23\/internaron-a-la-mona-jimenez-por-un-principio-de-acv-y-se-encuentra-estable\/#primaryimage\"},\"thumbnailUrl\":\"https:\/\/apuntesdesanluis.com\/wp-content\/uploads\/2023\/08\/la-mona-jimenez.png\",\"articleSection\":[\"Nacionales\/Internacionales\"],\"inLanguage\":\"es-AR\"},{\"@type\":\"WebPage\",\"@id\":\"https:\/\/apuntesdesanluis.com\/index.php\/2023\/08\/23\/internaron-a-la-mona-jimenez-por-un-principio-de-acv-y-se-encuentra-estable\/\",\"url\":\"https:\/\/apuntesdesanluis.com\/index.php\/2023\/08\/23\/internaron-a-la-mona-jimenez-por-un-principio-de-acv-y-se-encuentra-estable\/\",\"name\":\"INTERNARON A LA MONA JIM\u00c9NEZ POR UN PRINCIPIO DE ACV Y SE ENCUENTRA ESTABLE - Apuntes de San Luis\",\"isPartOf\":{\"@id\":\"https:\/\/apuntesdesanluis.com\/#website\"},\"primaryImageOfPage\":{\"@id\":\"https:\/\/apuntesdesanluis.com\/index.php\/2023\/08\/23\/internaron-a-la-mona-jimenez-por-un-principio-de-acv-y-se-encuentra-estable\/#primaryimage\"},\"image\":{\"@id\":\"https:\/\/apuntesdesanluis.com\/index.php\/2023\/08\/23\/internaron-a-la-mona-jimenez-por-un-principio-de-acv-y-se-encuentra-estable\/#primaryimage\"},\"thumbnailUrl\":\"https:\/\/apuntesdesanluis.com\/wp-content\/uploads\/2023\/08\/la-mona-jimenez.png\",\"datePublished\":\"2023-08-23T23:40:38+00:00\",\"dateModified\":\"2023-08-23T23:42:13+00:00\",\"breadcrumb\":{\"@id\":\"https:\/\/apuntesdesanluis.com\/index.php\/2023\/08\/23\/internaron-a-la-mona-jimenez-por-un-principio-de-acv-y-se-encuentra-estable\/#breadcrumb\"},\"inLanguage\":\"es-AR\",\"potentialAction\":[{\"@type\":\"ReadAction\",\"target\":[\"https:\/\/apuntesdesanluis.com\/index.php\/2023\/08\/23\/internaron-a-la-mona-jimenez-por-un-principio-de-acv-y-se-encuentra-estable\/\"]}]},{\"@type\":\"ImageObject\",\"inLanguage\":\"es-AR\",\"@id\":\"https:\/\/apuntesdesanluis.com\/index.php\/2023\/08\/23\/internaron-a-la-mona-jimenez-por-un-principio-de-acv-y-se-encuentra-estable\/#primaryimage\",\"url\":\"https:\/\/apuntesdesanluis.com\/wp-content\/uploads\/2023\/08\/la-mona-jimenez.png\",\"contentUrl\":\"https:\/\/apuntesdesanluis.com\/wp-content\/uploads\/2023\/08\/la-mona-jimenez.png\",\"width\":896,\"height\":542},{\"@type\":\"BreadcrumbList\",\"@id\":\"https:\/\/apuntesdesanluis.com\/index.php\/2023\/08\/23\/internaron-a-la-mona-jimenez-por-un-principio-de-acv-y-se-encuentra-estable\/#breadcrumb\",\"itemListElement\":[{\"@type\":\"ListItem\",\"position\":1,\"name\":\"Inicio\",\"item\":\"https:\/\/apuntesdesanluis.com\/\"},{\"@type\":\"ListItem\",\"position\":2,\"name\":\"INTERNARON A LA MONA JIM\u00c9NEZ POR UN PRINCIPIO DE ACV Y SE ENCUENTRA ESTABLE\"}]},{\"@type\":\"WebSite\",\"@id\":\"https:\/\/apuntesdesanluis.com\/#website\",\"url\":\"https:\/\/apuntesdesanluis.com\/\",\"name\":\"Apuntes de San Luis\",\"description\":\"\",\"publisher\":{\"@id\":\"https:\/\/apuntesdesanluis.com\/#\/schema\/person\/b55151d52296fcce64d1a72538a70b90\"},\"potentialAction\":[{\"@type\":\"SearchAction\",\"target\":{\"@type\":\"EntryPoint\",\"urlTemplate\":\"https:\/\/apuntesdesanluis.com\/?s={search_term_string}\"},\"query-input\":{\"@type\":\"PropertyValueSpecification\",\"valueRequired\":true,\"valueName\":\"search_term_string\"}}],\"inLanguage\":\"es-AR\"},{\"@type\":[\"Person\",\"Organization\"],\"@id\":\"https:\/\/apuntesdesanluis.com\/#\/schema\/person\/b55151d52296fcce64d1a72538a70b90\",\"name\":\"apuntesdesanluis.com\",\"image\":{\"@type\":\"ImageObject\",\"inLanguage\":\"es-AR\",\"@id\":\"https:\/\/apuntesdesanluis.com\/#\/schema\/person\/image\/\",\"url\":\"https:\/\/apuntesdesanluis.com\/wp-content\/uploads\/2023\/07\/cropped-apuntesdesanluis.png\",\"contentUrl\":\"https:\/\/apuntesdesanluis.com\/wp-content\/uploads\/2023\/07\/cropped-apuntesdesanluis.png\",\"width\":450,\"height\":112,\"caption\":\"apuntesdesanluis.com\"},\"logo\":{\"@id\":\"https:\/\/apuntesdesanluis.com\/#\/schema\/person\/image\/\"},\"sameAs\":[\"https:\/\/apuntesdesanluis.com\"],\"url\":\"https:\/\/apuntesdesanluis.com\/index.php\/author\/apuntesdesanluis-com\/\"}]}<\/script>\n<!-- \/ Yoast SEO plugin. -->","yoast_head_json":{"title":"INTERNARON A LA MONA JIM\u00c9NEZ POR UN PRINCIPIO DE ACV Y SE ENCUENTRA ESTABLE - Apuntes de San Luis","robots":{"index":"index","follow":"follow","max-snippet":"max-snippet:-1","max-image-preview":"max-image-preview:large","max-video-preview":"max-video-preview:-1"},"canonical":"https:\/\/apuntesdesanluis.com\/index.php\/2023\/08\/23\/internaron-a-la-mona-jimenez-por-un-principio-de-acv-y-se-encuentra-estable\/","og_locale":"es_ES","og_type":"article","og_title":"INTERNARON A LA MONA JIM\u00c9NEZ POR UN PRINCIPIO DE ACV Y SE ENCUENTRA ESTABLE - Apuntes de San Luis","og_description":"La Mona Jim\u00e9nez fue internado de urgencia en el Cardiol\u00f3gico, centro m\u00e9dico ubicado en el...","og_url":"https:\/\/apuntesdesanluis.com\/index.php\/2023\/08\/23\/internaron-a-la-mona-jimenez-por-un-principio-de-acv-y-se-encuentra-estable\/","og_site_name":"Apuntes de San Luis","article_published_time":"2023-08-23T23:40:38+00:00","article_modified_time":"2023-08-23T23:42:13+00:00","og_image":[{"width":896,"height":542,"url":"https:\/\/apuntesdesanluis.com\/wp-content\/uploads\/2023\/08\/la-mona-jimenez.png","type":"image\/png"}],"author":"apuntesdesanluis.com","twitter_card":"summary_large_image","twitter_misc":{"Escrito por":"apuntesdesanluis.com","Tiempo de lectura":"2 minutos"},"schema":{"@context":"https:\/\/schema.org","@graph":[{"@type":"Article","@id":"https:\/\/apuntesdesanluis.com\/index.php\/2023\/08\/23\/internaron-a-la-mona-jimenez-por-un-principio-de-acv-y-se-encuentra-estable\/#article","isPartOf":{"@id":"https:\/\/apuntesdesanluis.com\/index.php\/2023\/08\/23\/internaron-a-la-mona-jimenez-por-un-principio-de-acv-y-se-encuentra-estable\/"},"author":{"name":"apuntesdesanluis.com","@id":"https:\/\/apuntesdesanluis.com\/#\/schema\/person\/b55151d52296fcce64d1a72538a70b90"},"headline":"INTERNARON A LA MONA JIM\u00c9NEZ POR UN PRINCIPIO DE ACV Y SE ENCUENTRA ESTABLE","datePublished":"2023-08-23T23:40:38+00:00","dateModified":"2023-08-23T23:42:13+00:00","mainEntityOfPage":{"@id":"https:\/\/apuntesdesanluis.com\/index.php\/2023\/08\/23\/internaron-a-la-mona-jimenez-por-un-principio-de-acv-y-se-encuentra-estable\/"},"wordCount":345,"publisher":{"@id":"https:\/\/apuntesdesanluis.com\/#\/schema\/person\/b55151d52296fcce64d1a72538a70b90"},"image":{"@id":"https:\/\/apuntesdesanluis.com\/index.php\/2023\/08\/23\/internaron-a-la-mona-jimenez-por-un-principio-de-acv-y-se-encuentra-estable\/#primaryimage"},"thumbnailUrl":"https:\/\/apuntesdesanluis.com\/wp-content\/uploads\/2023\/08\/la-mona-jimenez.png","articleSection":["Nacionales\/Internacionales"],"inLanguage":"es-AR"},{"@type":"WebPage","@id":"https:\/\/apuntesdesanluis.com\/index.php\/2023\/08\/23\/internaron-a-la-mona-jimenez-por-un-principio-de-acv-y-se-encuentra-estable\/","url":"https:\/\/apuntesdesanluis.com\/index.php\/2023\/08\/23\/internaron-a-la-mona-jimenez-por-un-principio-de-acv-y-se-encuentra-estable\/","name":"INTERNARON A LA MONA JIM\u00c9NEZ POR UN PRINCIPIO DE ACV Y SE ENCUENTRA ESTABLE - Apuntes de San Luis","isPartOf":{"@id":"https:\/\/apuntesdesanluis.com\/#website"},"primaryImageOfPage":{"@id":"https:\/\/apuntesdesanluis.com\/index.php\/2023\/08\/23\/internaron-a-la-mona-jimenez-por-un-principio-de-acv-y-se-encuentra-estable\/#primaryimage"},"image":{"@id":"https:\/\/apuntesdesanluis.com\/index.php\/2023\/08\/23\/internaron-a-la-mona-jimenez-por-un-principio-de-acv-y-se-encuentra-estable\/#primaryimage"},"thumbnailUrl":"https:\/\/apuntesdesanluis.com\/wp-content\/uploads\/2023\/08\/la-mona-jimenez.png","datePublished":"2023-08-23T23:40:38+00:00","dateModified":"2023-08-23T23:42:13+00:00","breadcrumb":{"@id":"https:\/\/apuntesdesanluis.com\/index.php\/2023\/08\/23\/internaron-a-la-mona-jimenez-por-un-principio-de-acv-y-se-encuentra-estable\/#breadcrumb"},"inLanguage":"es-AR","potentialAction":[{"@type":"ReadAction","target":["https:\/\/apuntesdesanluis.com\/index.php\/2023\/08\/23\/internaron-a-la-mona-jimenez-por-un-principio-de-acv-y-se-encuentra-estable\/"]}]},{"@type":"ImageObject","inLanguage":"es-AR","@id":"https:\/\/apuntesdesanluis.com\/index.php\/2023\/08\/23\/internaron-a-la-mona-jimenez-por-un-principio-de-acv-y-se-encuentra-estable\/#primaryimage","url":"https:\/\/apuntesdesanluis.com\/wp-content\/uploads\/2023\/08\/la-mona-jimenez.png","contentUrl":"https:\/\/apuntesdesanluis.com\/wp-content\/uploads\/2023\/08\/la-mona-jimenez.png","width":896,"height":542},{"@type":"BreadcrumbList","@id":"https:\/\/apuntesdesanluis.com\/index.php\/2023\/08\/23\/internaron-a-la-mona-jimenez-por-un-principio-de-acv-y-se-encuentra-estable\/#breadcrumb","itemListElement":[{"@type":"ListItem","position":1,"name":"Inicio","item":"https:\/\/apuntesdesanluis.com\/"},{"@type":"ListItem","position":2,"name":"INTERNARON A LA MONA JIM\u00c9NEZ POR UN PRINCIPIO DE ACV Y SE ENCUENTRA ESTABLE"}]},{"@type":"WebSite","@id":"https:\/\/apuntesdesanluis.com\/#website","url":"https:\/\/apuntesdesanluis.com\/","name":"Apuntes de San Luis","description":"","publisher":{"@id":"https:\/\/apuntesdesanluis.com\/#\/schema\/person\/b55151d52296fcce64d1a72538a70b90"},"potentialAction":[{"@type":"SearchAction","target":{"@type":"EntryPoint","urlTemplate":"https:\/\/apuntesdesanluis.com\/?s={search_term_string}"},"query-input":{"@type":"PropertyValueSpecification","valueRequired":true,"valueName":"search_term_string"}}],"inLanguage":"es-AR"},{"@type":["Person","Organization"],"@id":"https:\/\/apuntesdesanluis.com\/#\/schema\/person\/b55151d52296fcce64d1a72538a70b90","name":"apuntesdesanluis.com","image":{"@type":"ImageObject","inLanguage":"es-AR","@id":"https:\/\/apuntesdesanluis.com\/#\/schema\/person\/image\/","url":"https:\/\/apuntesdesanluis.com\/wp-content\/uploads\/2023\/07\/cropped-apuntesdesanluis.png","contentUrl":"https:\/\/apuntesdesanluis.com\/wp-content\/uploads\/2023\/07\/cropped-apuntesdesanluis.png","width":450,"height":112,"caption":"apuntesdesanluis.com"},"logo":{"@id":"https:\/\/apuntesdesanluis.com\/#\/schema\/person\/image\/"},"sameAs":["https:\/\/apuntesdesanluis.com"],"url":"https:\/\/apuntesdesanluis.com\/index.php\/author\/apuntesdesanluis-com\/"}]}},"featured_image_urls":{"full":["https:\/\/apuntesdesanluis.com\/wp-content\/uploads\/2023\/08\/la-mona-jimenez.png",896,542,false],"thumbnail":["https:\/\/apuntesdesanluis.com\/wp-content\/uploads\/2023\/08\/la-mona-jimenez-150x150.png",150,150,true],"medium":["https:\/\/apuntesdesanluis.com\/wp-content\/uploads\/2023\/08\/la-mona-jimenez-300x181.png",300,181,true],"medium_large":["https:\/\/apuntesdesanluis.com\/wp-content\/uploads\/2023\/08\/la-mona-jimenez-768x465.png",640,388,true],"large":["https:\/\/apuntesdesanluis.com\/wp-content\/uploads\/2023\/08\/la-mona-jimenez.png",640,387,false],"1536x1536":["https:\/\/apuntesdesanluis.com\/wp-content\/uploads\/2023\/08\/la-mona-jimenez.png",896,542,false],"2048x2048":["https:\/\/apuntesdesanluis.com\/wp-content\/uploads\/2023\/08\/la-mona-jimenez.png",896,542,false],"newsever-slider-full":["https:\/\/apuntesdesanluis.com\/wp-content\/uploads\/2023\/08\/la-mona-jimenez.png",896,542,false],"newsever-featured":["https:\/\/apuntesdesanluis.com\/wp-content\/uploads\/2023\/08\/la-mona-jimenez.png",896,542,false],"newsever-medium":["https:\/\/apuntesdesanluis.com\/wp-content\/uploads\/2023\/08\/la-mona-jimenez-720x475.png",720,475,true]},"author_info":{"display_name":"apuntesdesanluis.com","author_link":"https:\/\/apuntesdesanluis.com\/index.php\/author\/apuntesdesanluis-com\/"},"category_info":"<a href=\"https:\/\/apuntesdesanluis.com\/index.php\/category\/nacionales-internacionales\/\" rel=\"category tag\">Nacionales\/Internacionales<\/a>","tag_info":"Nacionales\/Internacionales","comment_count":"0","_links":{"self":[{"href":"https:\/\/apuntesdesanluis.com\/index.php\/wp-json\/wp\/v2\/posts\/2019","targetHints":{"allow":["GET"]}}],"collection":[{"href":"https:\/\/apuntesdesanluis.com\/index.php\/wp-json\/wp\/v2\/posts"}],"about":[{"href":"https:\/\/apuntesdesanluis.com\/index.php\/wp-json\/wp\/v2\/types\/post"}],"author":[{"embeddable":true,"href":"https:\/\/apuntesdesanluis.com\/index.php\/wp-json\/wp\/v2\/users\/1"}],"replies":[{"embeddable":true,"href":"https:\/\/apuntesdesanluis.com\/index.php\/wp-json\/wp\/v2\/comments?post=2019"}],"version-history":[{"count":3,"href":"https:\/\/apuntesdesanluis.com\/index.php\/wp-json\/wp\/v2\/posts\/2019\/revisions"}],"predecessor-version":[{"id":2023,"href":"https:\/\/apuntesdesanluis.com\/index.php\/wp-json\/wp\/v2\/posts\/2019\/revisions\/2023"}],"wp:featuredmedia":[{"embeddable":true,"href":"https:\/\/apuntesdesanluis.com\/index.php\/wp-json\/wp\/v2\/media\/2020"}],"wp:attachment":[{"href":"https:\/\/apuntesdesanluis.com\/index.php\/wp-json\/wp\/v2\/media?parent=2019"}],"wp:term":[{"taxonomy":"category","embeddable":true,"href":"https:\/\/apuntesdesanluis.com\/index.php\/wp-json\/wp\/v2\/categories?post=2019"},{"taxonomy":"post_tag","embeddable":true,"href":"https:\/\/apuntesdesanluis.com\/index.php\/wp-json\/wp\/v2\/tags?post=2019"}],"curies":[{"name":"wp","href":"https:\/\/api.w.org\/{rel}","templated":true}]}}