{"id":20207,"date":"2024-08-01T12:14:05","date_gmt":"2024-08-01T15:14:05","guid":{"rendered":"https:\/\/apuntesdesanluis.com\/?p=20207"},"modified":"2024-08-01T12:14:05","modified_gmt":"2024-08-01T15:14:05","slug":"la-municipalidad-invita-a-taller-sobre-motricidad","status":"publish","type":"post","link":"https:\/\/apuntesdesanluis.com\/index.php\/2024\/08\/01\/la-municipalidad-invita-a-taller-sobre-motricidad\/","title":{"rendered":"LA MUNICIPALIDAD INVITA A \u201cTALLER SOBRE MOTRICIDAD\u201d"},"content":{"rendered":"<h3>Este viernes 2 de agosto a las 14:00, en el Sal\u00f3n Azul, se dar\u00e1 inicio al primer encuentro del Ciclo de Formaci\u00f3n Continua para Personas con Discapacidad y Adultos Mayores.<\/h3>\n<h3>En este primer encuentro se ha previsto un <strong>Taller sobre Motricidad<\/strong>, dirigido a profesionales y estudiantes de la salud, as\u00ed como al p\u00fablico en general.<\/h3>\n<h3>La disertaci\u00f3n estar\u00e1 a cargo del Lic. <strong>Luis Giraudo <\/strong>(foto), Secretario de Personas con Discapacidad de la provincia, quien compartir\u00e1 su experiencia y conocimientos en el \u00e1rea.<\/h3>\n<h3><img fetchpriority=\"high\" decoding=\"async\" class=\"wp-image-20208 aligncenter\" src=\"https:\/\/apuntesdesanluis.com\/wp-content\/uploads\/2024\/08\/luis-giraudo-300x208.png\" alt=\"\" width=\"570\" height=\"395\" srcset=\"https:\/\/apuntesdesanluis.com\/wp-content\/uploads\/2024\/08\/luis-giraudo-300x208.png 300w, https:\/\/apuntesdesanluis.com\/wp-content\/uploads\/2024\/08\/luis-giraudo.png 600w\" sizes=\"(max-width: 570px) 100vw, 570px\" \/><\/h3>\n<h3>Esta iniciativa es organizada por la Secretar\u00eda de Desarrollo Social, de la Familia, de la Mujer, de la Infancia y la Adolescencia, de los Adultos Mayores y de la Discapacidad, de la Municipalidad de Villa Mercedes.<\/h3>\n<h3>El ciclo busca proporcionar herramientas y conocimientos que promuevan el bienestar y la inclusi\u00f3n de personas con discapacidad y adultos mayores, fomentando un enfoque integral en el cuidado y la atenci\u00f3n de estas poblaciones.<\/h3>\n<p>&nbsp;<\/p>\n<p><img decoding=\"async\" class=\"wp-image-20209 aligncenter\" src=\"https:\/\/apuntesdesanluis.com\/wp-content\/uploads\/2024\/08\/taller-motricidad-240x300.jpg\" alt=\"\" width=\"570\" height=\"713\" srcset=\"https:\/\/apuntesdesanluis.com\/wp-content\/uploads\/2024\/08\/taller-motricidad-240x300.jpg 240w, https:\/\/apuntesdesanluis.com\/wp-content\/uploads\/2024\/08\/taller-motricidad.jpg 700w\" sizes=\"(max-width: 570px) 100vw, 570px\" \/><\/p>\n<p>&nbsp;<\/p>\n<p>&nbsp;<\/p>\n<p>&nbsp;<\/p>\n<p>&nbsp;<\/p>\n<p>&nbsp;<\/p>\n<p>&nbsp;<\/p>\n<p>&nbsp;<\/p>\n","protected":false},"excerpt":{"rendered":"<p>Este viernes 2 de agosto a las 14:00, en el Sal\u00f3n Azul, se dar\u00e1 inicio&#8230;<\/p>\n","protected":false},"author":1,"featured_media":20210,"comment_status":"closed","ping_status":"closed","sticky":false,"template":"","format":"standard","meta":{"footnotes":""},"categories":[6],"tags":[],"class_list":["post-20207","post","type-post","status-publish","format-standard","has-post-thumbnail","hentry","category-ciudad-provincia"],"yoast_head":"<!-- This site is optimized with the Yoast SEO plugin v26.1.1 - https:\/\/yoast.com\/wordpress\/plugins\/seo\/ -->\n<title>LA MUNICIPALIDAD INVITA A \u201cTALLER SOBRE MOTRICIDAD\u201d - Apuntes de San Luis<\/title>\n<meta name=\"robots\" content=\"index, follow, max-snippet:-1, max-image-preview:large, max-video-preview:-1\" \/>\n<link rel=\"canonical\" href=\"https:\/\/apuntesdesanluis.com\/index.php\/2024\/08\/01\/la-municipalidad-invita-a-taller-sobre-motricidad\/\" \/>\n<meta property=\"og:locale\" content=\"es_ES\" \/>\n<meta property=\"og:type\" content=\"article\" \/>\n<meta property=\"og:title\" content=\"LA MUNICIPALIDAD INVITA A \u201cTALLER SOBRE MOTRICIDAD\u201d - Apuntes de San Luis\" \/>\n<meta property=\"og:description\" content=\"Este viernes 2 de agosto a las 14:00, en el Sal\u00f3n Azul, se dar\u00e1 inicio...\" \/>\n<meta property=\"og:url\" content=\"https:\/\/apuntesdesanluis.com\/index.php\/2024\/08\/01\/la-municipalidad-invita-a-taller-sobre-motricidad\/\" \/>\n<meta property=\"og:site_name\" content=\"Apuntes de San Luis\" \/>\n<meta property=\"article:published_time\" content=\"2024-08-01T15:14:05+00:00\" \/>\n<meta property=\"og:image\" content=\"https:\/\/apuntesdesanluis.com\/wp-content\/uploads\/2024\/08\/adultos-mayores.png\" \/>\n\t<meta property=\"og:image:width\" content=\"824\" \/>\n\t<meta property=\"og:image:height\" content=\"461\" \/>\n\t<meta property=\"og:image:type\" content=\"image\/png\" \/>\n<meta name=\"author\" content=\"apuntesdesanluis.com\" \/>\n<meta name=\"twitter:card\" content=\"summary_large_image\" \/>\n<meta name=\"twitter:label1\" content=\"Escrito por\" \/>\n\t<meta name=\"twitter:data1\" content=\"apuntesdesanluis.com\" \/>\n\t<meta name=\"twitter:label2\" content=\"Tiempo de lectura\" \/>\n\t<meta name=\"twitter:data2\" content=\"2 minutos\" \/>\n<script type=\"application\/ld+json\" class=\"yoast-schema-graph\">{\"@context\":\"https:\/\/schema.org\",\"@graph\":[{\"@type\":\"Article\",\"@id\":\"https:\/\/apuntesdesanluis.com\/index.php\/2024\/08\/01\/la-municipalidad-invita-a-taller-sobre-motricidad\/#article\",\"isPartOf\":{\"@id\":\"https:\/\/apuntesdesanluis.com\/index.php\/2024\/08\/01\/la-municipalidad-invita-a-taller-sobre-motricidad\/\"},\"author\":{\"name\":\"apuntesdesanluis.com\",\"@id\":\"https:\/\/apuntesdesanluis.com\/#\/schema\/person\/b55151d52296fcce64d1a72538a70b90\"},\"headline\":\"LA MUNICIPALIDAD INVITA A \u201cTALLER SOBRE MOTRICIDAD\u201d\",\"datePublished\":\"2024-08-01T15:14:05+00:00\",\"mainEntityOfPage\":{\"@id\":\"https:\/\/apuntesdesanluis.com\/index.php\/2024\/08\/01\/la-municipalidad-invita-a-taller-sobre-motricidad\/\"},\"wordCount\":172,\"publisher\":{\"@id\":\"https:\/\/apuntesdesanluis.com\/#\/schema\/person\/b55151d52296fcce64d1a72538a70b90\"},\"image\":{\"@id\":\"https:\/\/apuntesdesanluis.com\/index.php\/2024\/08\/01\/la-municipalidad-invita-a-taller-sobre-motricidad\/#primaryimage\"},\"thumbnailUrl\":\"https:\/\/apuntesdesanluis.com\/wp-content\/uploads\/2024\/08\/adultos-mayores.png\",\"articleSection\":[\"Ciudad\/Provincia\"],\"inLanguage\":\"es-AR\"},{\"@type\":\"WebPage\",\"@id\":\"https:\/\/apuntesdesanluis.com\/index.php\/2024\/08\/01\/la-municipalidad-invita-a-taller-sobre-motricidad\/\",\"url\":\"https:\/\/apuntesdesanluis.com\/index.php\/2024\/08\/01\/la-municipalidad-invita-a-taller-sobre-motricidad\/\",\"name\":\"LA MUNICIPALIDAD INVITA A \u201cTALLER SOBRE MOTRICIDAD\u201d - Apuntes de San Luis\",\"isPartOf\":{\"@id\":\"https:\/\/apuntesdesanluis.com\/#website\"},\"primaryImageOfPage\":{\"@id\":\"https:\/\/apuntesdesanluis.com\/index.php\/2024\/08\/01\/la-municipalidad-invita-a-taller-sobre-motricidad\/#primaryimage\"},\"image\":{\"@id\":\"https:\/\/apuntesdesanluis.com\/index.php\/2024\/08\/01\/la-municipalidad-invita-a-taller-sobre-motricidad\/#primaryimage\"},\"thumbnailUrl\":\"https:\/\/apuntesdesanluis.com\/wp-content\/uploads\/2024\/08\/adultos-mayores.png\",\"datePublished\":\"2024-08-01T15:14:05+00:00\",\"breadcrumb\":{\"@id\":\"https:\/\/apuntesdesanluis.com\/index.php\/2024\/08\/01\/la-municipalidad-invita-a-taller-sobre-motricidad\/#breadcrumb\"},\"inLanguage\":\"es-AR\",\"potentialAction\":[{\"@type\":\"ReadAction\",\"target\":[\"https:\/\/apuntesdesanluis.com\/index.php\/2024\/08\/01\/la-municipalidad-invita-a-taller-sobre-motricidad\/\"]}]},{\"@type\":\"ImageObject\",\"inLanguage\":\"es-AR\",\"@id\":\"https:\/\/apuntesdesanluis.com\/index.php\/2024\/08\/01\/la-municipalidad-invita-a-taller-sobre-motricidad\/#primaryimage\",\"url\":\"https:\/\/apuntesdesanluis.com\/wp-content\/uploads\/2024\/08\/adultos-mayores.png\",\"contentUrl\":\"https:\/\/apuntesdesanluis.com\/wp-content\/uploads\/2024\/08\/adultos-mayores.png\",\"width\":824,\"height\":461},{\"@type\":\"BreadcrumbList\",\"@id\":\"https:\/\/apuntesdesanluis.com\/index.php\/2024\/08\/01\/la-municipalidad-invita-a-taller-sobre-motricidad\/#breadcrumb\",\"itemListElement\":[{\"@type\":\"ListItem\",\"position\":1,\"name\":\"Inicio\",\"item\":\"https:\/\/apuntesdesanluis.com\/\"},{\"@type\":\"ListItem\",\"position\":2,\"name\":\"LA MUNICIPALIDAD INVITA A \u201cTALLER SOBRE MOTRICIDAD\u201d\"}]},{\"@type\":\"WebSite\",\"@id\":\"https:\/\/apuntesdesanluis.com\/#website\",\"url\":\"https:\/\/apuntesdesanluis.com\/\",\"name\":\"Apuntes de San Luis\",\"description\":\"\",\"publisher\":{\"@id\":\"https:\/\/apuntesdesanluis.com\/#\/schema\/person\/b55151d52296fcce64d1a72538a70b90\"},\"potentialAction\":[{\"@type\":\"SearchAction\",\"target\":{\"@type\":\"EntryPoint\",\"urlTemplate\":\"https:\/\/apuntesdesanluis.com\/?s={search_term_string}\"},\"query-input\":{\"@type\":\"PropertyValueSpecification\",\"valueRequired\":true,\"valueName\":\"search_term_string\"}}],\"inLanguage\":\"es-AR\"},{\"@type\":[\"Person\",\"Organization\"],\"@id\":\"https:\/\/apuntesdesanluis.com\/#\/schema\/person\/b55151d52296fcce64d1a72538a70b90\",\"name\":\"apuntesdesanluis.com\",\"image\":{\"@type\":\"ImageObject\",\"inLanguage\":\"es-AR\",\"@id\":\"https:\/\/apuntesdesanluis.com\/#\/schema\/person\/image\/\",\"url\":\"https:\/\/apuntesdesanluis.com\/wp-content\/uploads\/2023\/07\/cropped-apuntesdesanluis.png\",\"contentUrl\":\"https:\/\/apuntesdesanluis.com\/wp-content\/uploads\/2023\/07\/cropped-apuntesdesanluis.png\",\"width\":450,\"height\":112,\"caption\":\"apuntesdesanluis.com\"},\"logo\":{\"@id\":\"https:\/\/apuntesdesanluis.com\/#\/schema\/person\/image\/\"},\"sameAs\":[\"https:\/\/apuntesdesanluis.com\"],\"url\":\"https:\/\/apuntesdesanluis.com\/index.php\/author\/apuntesdesanluis-com\/\"}]}<\/script>\n<!-- \/ Yoast SEO plugin. -->","yoast_head_json":{"title":"LA MUNICIPALIDAD INVITA A \u201cTALLER SOBRE MOTRICIDAD\u201d - Apuntes de San Luis","robots":{"index":"index","follow":"follow","max-snippet":"max-snippet:-1","max-image-preview":"max-image-preview:large","max-video-preview":"max-video-preview:-1"},"canonical":"https:\/\/apuntesdesanluis.com\/index.php\/2024\/08\/01\/la-municipalidad-invita-a-taller-sobre-motricidad\/","og_locale":"es_ES","og_type":"article","og_title":"LA MUNICIPALIDAD INVITA A \u201cTALLER SOBRE MOTRICIDAD\u201d - Apuntes de San Luis","og_description":"Este viernes 2 de agosto a las 14:00, en el Sal\u00f3n Azul, se dar\u00e1 inicio...","og_url":"https:\/\/apuntesdesanluis.com\/index.php\/2024\/08\/01\/la-municipalidad-invita-a-taller-sobre-motricidad\/","og_site_name":"Apuntes de San Luis","article_published_time":"2024-08-01T15:14:05+00:00","og_image":[{"width":824,"height":461,"url":"https:\/\/apuntesdesanluis.com\/wp-content\/uploads\/2024\/08\/adultos-mayores.png","type":"image\/png"}],"author":"apuntesdesanluis.com","twitter_card":"summary_large_image","twitter_misc":{"Escrito por":"apuntesdesanluis.com","Tiempo de lectura":"2 minutos"},"schema":{"@context":"https:\/\/schema.org","@graph":[{"@type":"Article","@id":"https:\/\/apuntesdesanluis.com\/index.php\/2024\/08\/01\/la-municipalidad-invita-a-taller-sobre-motricidad\/#article","isPartOf":{"@id":"https:\/\/apuntesdesanluis.com\/index.php\/2024\/08\/01\/la-municipalidad-invita-a-taller-sobre-motricidad\/"},"author":{"name":"apuntesdesanluis.com","@id":"https:\/\/apuntesdesanluis.com\/#\/schema\/person\/b55151d52296fcce64d1a72538a70b90"},"headline":"LA MUNICIPALIDAD INVITA A \u201cTALLER SOBRE MOTRICIDAD\u201d","datePublished":"2024-08-01T15:14:05+00:00","mainEntityOfPage":{"@id":"https:\/\/apuntesdesanluis.com\/index.php\/2024\/08\/01\/la-municipalidad-invita-a-taller-sobre-motricidad\/"},"wordCount":172,"publisher":{"@id":"https:\/\/apuntesdesanluis.com\/#\/schema\/person\/b55151d52296fcce64d1a72538a70b90"},"image":{"@id":"https:\/\/apuntesdesanluis.com\/index.php\/2024\/08\/01\/la-municipalidad-invita-a-taller-sobre-motricidad\/#primaryimage"},"thumbnailUrl":"https:\/\/apuntesdesanluis.com\/wp-content\/uploads\/2024\/08\/adultos-mayores.png","articleSection":["Ciudad\/Provincia"],"inLanguage":"es-AR"},{"@type":"WebPage","@id":"https:\/\/apuntesdesanluis.com\/index.php\/2024\/08\/01\/la-municipalidad-invita-a-taller-sobre-motricidad\/","url":"https:\/\/apuntesdesanluis.com\/index.php\/2024\/08\/01\/la-municipalidad-invita-a-taller-sobre-motricidad\/","name":"LA MUNICIPALIDAD INVITA A \u201cTALLER SOBRE MOTRICIDAD\u201d - Apuntes de San Luis","isPartOf":{"@id":"https:\/\/apuntesdesanluis.com\/#website"},"primaryImageOfPage":{"@id":"https:\/\/apuntesdesanluis.com\/index.php\/2024\/08\/01\/la-municipalidad-invita-a-taller-sobre-motricidad\/#primaryimage"},"image":{"@id":"https:\/\/apuntesdesanluis.com\/index.php\/2024\/08\/01\/la-municipalidad-invita-a-taller-sobre-motricidad\/#primaryimage"},"thumbnailUrl":"https:\/\/apuntesdesanluis.com\/wp-content\/uploads\/2024\/08\/adultos-mayores.png","datePublished":"2024-08-01T15:14:05+00:00","breadcrumb":{"@id":"https:\/\/apuntesdesanluis.com\/index.php\/2024\/08\/01\/la-municipalidad-invita-a-taller-sobre-motricidad\/#breadcrumb"},"inLanguage":"es-AR","potentialAction":[{"@type":"ReadAction","target":["https:\/\/apuntesdesanluis.com\/index.php\/2024\/08\/01\/la-municipalidad-invita-a-taller-sobre-motricidad\/"]}]},{"@type":"ImageObject","inLanguage":"es-AR","@id":"https:\/\/apuntesdesanluis.com\/index.php\/2024\/08\/01\/la-municipalidad-invita-a-taller-sobre-motricidad\/#primaryimage","url":"https:\/\/apuntesdesanluis.com\/wp-content\/uploads\/2024\/08\/adultos-mayores.png","contentUrl":"https:\/\/apuntesdesanluis.com\/wp-content\/uploads\/2024\/08\/adultos-mayores.png","width":824,"height":461},{"@type":"BreadcrumbList","@id":"https:\/\/apuntesdesanluis.com\/index.php\/2024\/08\/01\/la-municipalidad-invita-a-taller-sobre-motricidad\/#breadcrumb","itemListElement":[{"@type":"ListItem","position":1,"name":"Inicio","item":"https:\/\/apuntesdesanluis.com\/"},{"@type":"ListItem","position":2,"name":"LA MUNICIPALIDAD INVITA A \u201cTALLER SOBRE MOTRICIDAD\u201d"}]},{"@type":"WebSite","@id":"https:\/\/apuntesdesanluis.com\/#website","url":"https:\/\/apuntesdesanluis.com\/","name":"Apuntes de San Luis","description":"","publisher":{"@id":"https:\/\/apuntesdesanluis.com\/#\/schema\/person\/b55151d52296fcce64d1a72538a70b90"},"potentialAction":[{"@type":"SearchAction","target":{"@type":"EntryPoint","urlTemplate":"https:\/\/apuntesdesanluis.com\/?s={search_term_string}"},"query-input":{"@type":"PropertyValueSpecification","valueRequired":true,"valueName":"search_term_string"}}],"inLanguage":"es-AR"},{"@type":["Person","Organization"],"@id":"https:\/\/apuntesdesanluis.com\/#\/schema\/person\/b55151d52296fcce64d1a72538a70b90","name":"apuntesdesanluis.com","image":{"@type":"ImageObject","inLanguage":"es-AR","@id":"https:\/\/apuntesdesanluis.com\/#\/schema\/person\/image\/","url":"https:\/\/apuntesdesanluis.com\/wp-content\/uploads\/2023\/07\/cropped-apuntesdesanluis.png","contentUrl":"https:\/\/apuntesdesanluis.com\/wp-content\/uploads\/2023\/07\/cropped-apuntesdesanluis.png","width":450,"height":112,"caption":"apuntesdesanluis.com"},"logo":{"@id":"https:\/\/apuntesdesanluis.com\/#\/schema\/person\/image\/"},"sameAs":["https:\/\/apuntesdesanluis.com"],"url":"https:\/\/apuntesdesanluis.com\/index.php\/author\/apuntesdesanluis-com\/"}]}},"featured_image_urls":{"full":["https:\/\/apuntesdesanluis.com\/wp-content\/uploads\/2024\/08\/adultos-mayores.png",824,461,false],"thumbnail":["https:\/\/apuntesdesanluis.com\/wp-content\/uploads\/2024\/08\/adultos-mayores-150x150.png",150,150,true],"medium":["https:\/\/apuntesdesanluis.com\/wp-content\/uploads\/2024\/08\/adultos-mayores-300x168.png",300,168,true],"medium_large":["https:\/\/apuntesdesanluis.com\/wp-content\/uploads\/2024\/08\/adultos-mayores-768x430.png",640,358,true],"large":["https:\/\/apuntesdesanluis.com\/wp-content\/uploads\/2024\/08\/adultos-mayores.png",640,358,false],"1536x1536":["https:\/\/apuntesdesanluis.com\/wp-content\/uploads\/2024\/08\/adultos-mayores.png",824,461,false],"2048x2048":["https:\/\/apuntesdesanluis.com\/wp-content\/uploads\/2024\/08\/adultos-mayores.png",824,461,false],"newsever-slider-full":["https:\/\/apuntesdesanluis.com\/wp-content\/uploads\/2024\/08\/adultos-mayores.png",824,461,false],"newsever-featured":["https:\/\/apuntesdesanluis.com\/wp-content\/uploads\/2024\/08\/adultos-mayores.png",824,461,false],"newsever-medium":["https:\/\/apuntesdesanluis.com\/wp-content\/uploads\/2024\/08\/adultos-mayores-720x461.png",720,461,true]},"author_info":{"display_name":"apuntesdesanluis.com","author_link":"https:\/\/apuntesdesanluis.com\/index.php\/author\/apuntesdesanluis-com\/"},"category_info":"<a href=\"https:\/\/apuntesdesanluis.com\/index.php\/category\/ciudad-provincia\/\" rel=\"category tag\">Ciudad\/Provincia<\/a>","tag_info":"Ciudad\/Provincia","comment_count":"0","_links":{"self":[{"href":"https:\/\/apuntesdesanluis.com\/index.php\/wp-json\/wp\/v2\/posts\/20207","targetHints":{"allow":["GET"]}}],"collection":[{"href":"https:\/\/apuntesdesanluis.com\/index.php\/wp-json\/wp\/v2\/posts"}],"about":[{"href":"https:\/\/apuntesdesanluis.com\/index.php\/wp-json\/wp\/v2\/types\/post"}],"author":[{"embeddable":true,"href":"https:\/\/apuntesdesanluis.com\/index.php\/wp-json\/wp\/v2\/users\/1"}],"replies":[{"embeddable":true,"href":"https:\/\/apuntesdesanluis.com\/index.php\/wp-json\/wp\/v2\/comments?post=20207"}],"version-history":[{"count":1,"href":"https:\/\/apuntesdesanluis.com\/index.php\/wp-json\/wp\/v2\/posts\/20207\/revisions"}],"predecessor-version":[{"id":20211,"href":"https:\/\/apuntesdesanluis.com\/index.php\/wp-json\/wp\/v2\/posts\/20207\/revisions\/20211"}],"wp:featuredmedia":[{"embeddable":true,"href":"https:\/\/apuntesdesanluis.com\/index.php\/wp-json\/wp\/v2\/media\/20210"}],"wp:attachment":[{"href":"https:\/\/apuntesdesanluis.com\/index.php\/wp-json\/wp\/v2\/media?parent=20207"}],"wp:term":[{"taxonomy":"category","embeddable":true,"href":"https:\/\/apuntesdesanluis.com\/index.php\/wp-json\/wp\/v2\/categories?post=20207"},{"taxonomy":"post_tag","embeddable":true,"href":"https:\/\/apuntesdesanluis.com\/index.php\/wp-json\/wp\/v2\/tags?post=20207"}],"curies":[{"name":"wp","href":"https:\/\/api.w.org\/{rel}","templated":true}]}}